{"id":1034,"date":"2025-12-09T04:55:36","date_gmt":"2025-12-09T04:55:36","guid":{"rendered":"https:\/\/www.fle.re\/blog\/?p=1034"},"modified":"2025-12-09T04:55:40","modified_gmt":"2025-12-09T04:55:40","slug":"gramatica-francesa-para-iniciantes-regras-simples","status":"publish","type":"post","link":"https:\/\/www.fle.re\/blog\/pt\/gramatica-francesa-para-iniciantes-regras-simples\/","title":{"rendered":"Gram\u00e1tica francesa para iniciantes: regras simples"},"content":{"rendered":"<p class=\"wp-block-paragraph\">\nAprender gram\u00e1tica francesa para iniciantes pode parecer intimidante, mas, na verdade, tudo se resume a algumas regras simples. Para construir frases bem e se fazer entender, voc\u00ea s\u00f3 precisa compreender a natureza e a fun\u00e7\u00e3o das palavras, usar a concord\u00e2ncia verbal corretamente e dominar a conjuga\u00e7\u00e3o b\u00e1sica. N\u00e3o precisa memorizar listas intermin\u00e1veis \u200b\u200bnem se perder nos detalhes. Concentre-se no essencial: como combinar sujeito, verbo e objeto para formar uma frase clara. Em franc\u00eas, cada palavra tem seu lugar e sua fun\u00e7\u00e3o precisa, por isso \u00e9 melhor come\u00e7ar com uma base s\u00f3lida. No fle.re, a plataforma ajuda voc\u00ea a entender as estruturas das frases rapidamente, usar os artigos corretamente e identificar os principais pontos de ortografia e pontua\u00e7\u00e3o. \u00c0s vezes, saber apenas uma ou duas regras \u00e9 suficiente para destravar uma conversa inteira. Vamos simplificar, focar nos conceitos \u00fateis e, aos poucos, o franc\u00eas se tornar\u00e1 acess\u00edvel. N\u00e3o precisa se estressar, vamos passo a passo! <strong><\/strong> https:\/\/www.youtube.com\/watch?v=o-xoHqtDdGs <i>Quais s\u00e3o os princ\u00edpios b\u00e1sicos para reconhecer a natureza e a fun\u00e7\u00e3o das palavras?<\/i> <strong>Para come\u00e7ar bem na<\/strong>gram\u00e1tica francesa, <strong>voc\u00ea precisa entender a diferen\u00e7a entre a<\/strong> natureza das palavras <i>e sua<\/i>fun\u00e7\u00e3o <strong>em uma frase. Cada palavra tem uma etiqueta espec\u00edfica:<\/strong> substantivo\n<\/p>\n\n<p class=\"wp-block-paragraph\">\n <strong>verbo<\/strong> <i>adjetivo<\/i> <strong>pronome<\/strong>  <strong>adv\u00e9rbio<\/strong>\n<\/p>\n\n<figure class=\"is-provider-youtube is-type-video wp-block-embed wp-block-embed-youtube wp-embed-aspect-16-9 wp-has-aspect-ratio\"><div class=\"wp-block-embed__wrapper\">\nartigo\n<\/div><\/figure>\n\n<div id=\"ez-toc-container\" class=\"ez-toc-v2_0_82_2 ez-toc-wrap-center counter-hierarchy ez-toc-counter ez-toc-transparent ez-toc-container-direction\">\n<div class=\"ez-toc-title-container\">\n<p class=\"ez-toc-title\" style=\"cursor:inherit\">Sommaire<\/p>\n<span class=\"ez-toc-title-toggle\"><a href=\"#\" class=\"ez-toc-pull-right ez-toc-btn ez-toc-btn-xs ez-toc-btn-default ez-toc-toggle\" aria-label=\"Toggle Table of Content\"><span class=\"ez-toc-js-icon-con\"><span class=\"\"><span class=\"eztoc-hide\" style=\"display:none;\">Toggle<\/span><span class=\"ez-toc-icon-toggle-span\"><svg style=\"fill: #999;color:#999\" xmlns=\"http:\/\/www.w3.org\/2000\/svg\" class=\"list-377408\" width=\"20px\" height=\"20px\" viewBox=\"0 0 24 24\" fill=\"none\"><path d=\"M6 6H4v2h2V6zm14 0H8v2h12V6zM4 11h2v2H4v-2zm16 0H8v2h12v-2zM4 16h2v2H4v-2zm16 0H8v2h12v-2z\" fill=\"currentColor\"><\/path><\/svg><svg style=\"fill: #999;color:#999\" class=\"arrow-unsorted-368013\" xmlns=\"http:\/\/www.w3.org\/2000\/svg\" width=\"10px\" height=\"10px\" viewBox=\"0 0 24 24\" version=\"1.2\" baseProfile=\"tiny\"><path d=\"M18.2 9.3l-6.2-6.3-6.2 6.3c-.2.2-.3.4-.3.7s.1.5.3.7c.2.2.4.3.7.3h11c.3 0 .5-.1.7-.3.2-.2.3-.5.3-.7s-.1-.5-.3-.7zM5.8 14.7l6.2 6.3 6.2-6.3c.2-.2.3-.5.3-.7s-.1-.5-.3-.7c-.2-.2-.4-.3-.7-.3h-11c-.3 0-.5.1-.7.3-.2.2-.3.5-.3.7s.1.5.3.7z\"\/><\/svg><\/span><\/span><\/span><\/a><\/span><\/div>\n<nav><ul class='ez-toc-list ez-toc-list-level-1 eztoc-toggle-hide-by-default' ><li class='ez-toc-page-1 ez-toc-heading-level-2'><a class=\"ez-toc-link ez-toc-heading-1\" href=\"https:\/\/www.fle.re\/blog\/pt\/gramatica-francesa-para-iniciantes-regras-simples\/#_O\" >. O<\/a><\/li><li class='ez-toc-page-1 ez-toc-heading-level-2'><a class=\"ez-toc-link ez-toc-heading-2\" href=\"https:\/\/www.fle.re\/blog\/pt\/gramatica-francesa-para-iniciantes-regras-simples\/#Eu_tivetive_voce_teveteu_eleelaisso_teveteu_nos_tivemostivemos_voces_tiveramtiveram_eleselas_tiveramestao\" >Eu tive\/tive, voc\u00ea teve\/teu, ele\/ela\/isso teve\/teu, n\u00f3s tivemos\/tivemos, voc\u00eas tiveram\/tiveram, eles\/elas tiveram\/est\u00e3o<\/a><\/li><li class='ez-toc-page-1 ez-toc-heading-level-2'><a class=\"ez-toc-link ez-toc-heading-3\" href=\"https:\/\/www.fle.re\/blog\/pt\/gramatica-francesa-para-iniciantes-regras-simples\/#Gramatica_francesa_para_iniciantes_regras_simples\" >Gram\u00e1tica francesa para iniciantes: regras simples<\/a><\/li><li class='ez-toc-page-1 ez-toc-heading-level-2'><a class=\"ez-toc-link ez-toc-heading-4\" href=\"https:\/\/www.fle.re\/blog\/pt\/gramatica-francesa-para-iniciantes-regras-simples\/#comece_com_o_presente_do_indicativo_o_preterito_imperfeito_e_o_futuro_simples_Esses_sao_os_tempos_verbais_mais_usados_%E2%80%8B%E2%80%8Btanto_na_lingua_francesa_falada_quanto_na_escrita_O_presente_expressa_acoes_atuais_o_preterito_imperfeito_expressa_habitos_passados_%E2%80%8B%E2%80%8Be_o_futuro_simples_expressa_acoes_futuras_Pratique_tambem_verbos_comuns_como_%C2%AB_etre_%C2%BB_serestar_%C2%AB_avoir_%C2%BB_ter_%C2%AB_aller_%C2%BB_ir_e_%C2%AB_faire_%C2%BB_fazer_Esses_conceitos_basicos_permitem_que_voce_se_expresse_na_maioria_das_situacoes_do_dia_a_dia\" >comece com o presente do indicativo, o pret\u00e9rito imperfeito e o futuro simples. Esses s\u00e3o os tempos verbais mais usados \u200b\u200btanto na l\u00edngua francesa falada quanto na escrita. O presente expressa a\u00e7\u00f5es atuais, o pret\u00e9rito imperfeito expressa h\u00e1bitos passados \u200b\u200be o futuro simples expressa a\u00e7\u00f5es futuras. Pratique tamb\u00e9m verbos comuns como \u00ab\u00a0\u00eatre\u00a0\u00bb (ser\/estar), \u00ab\u00a0avoir\u00a0\u00bb (ter), \u00ab\u00a0aller\u00a0\u00bb (ir) e \u00ab\u00a0faire\u00a0\u00bb (fazer). Esses conceitos b\u00e1sicos permitem que voc\u00ea se expresse na maioria das situa\u00e7\u00f5es do dia a dia.<\/a><\/li><\/ul><\/nav><\/div>\n<h2 class=\"wp-block-heading\"><span class=\"ez-toc-section\" id=\"_O\"><\/span>. O<span class=\"ez-toc-section-end\"><\/span><\/h2>\n\n<p class=\"wp-block-paragraph\">\nsubstantivo <strong>designa uma pessoa, um lugar, uma coisa ou uma ideia:<\/strong>livro <strong><\/strong> amizade <strong><\/strong> Paris <strong>. Os<\/strong>artigos <strong>o acompanham e especificam se \u00e9<\/strong>masculino <strong>ou<\/strong>feminino <strong>(o, a, um, uma &#8230; O<\/strong>sujeito <strong>realiza a a\u00e7\u00e3o do verbo: \u201cMeu pai cozinha.\u201d \u201cPai\u201d \u00e9 o sujeito. O<\/strong>objeto direto <strong>(OD) recebe a a\u00e7\u00e3o: \u201cPaul come uma ma\u00e7\u00e3.\u201d \u201cUma ma\u00e7\u00e3\u201d \u00e9 o OD. O<\/strong>objeto indireto <i>(O objeto indireto) \u00e9 introduzido por uma preposi\u00e7\u00e3o: \u201cEla fala com a irm\u00e3 dela.\u201d \u201cCom a irm\u00e3 dela\u201d \u00e9, portanto, o objeto indireto. As express\u00f5es adverbiais fornecem informa\u00e7\u00f5es sobre o lugar, o tempo ou a causa: \u201cEle l\u00ea na biblioteca\u201d, \u201cEla parte amanh\u00e3\u201d, \u201cEle chora de alegria\u201d.<\/i> Identificar esses elementos rapidamente se torna algo natural. Se voc\u00ea quiser se aprofundar ou ajudar um ente querido que est\u00e1 com dificuldades com o franc\u00eas como l\u00edngua estrangeira, aqui est\u00e1 um recurso \u00fatil: <i>ajudando um estudante de franc\u00eas como l\u00edngua estrangeira sob press\u00e3o<\/i> <i>Saber como lidar com a natureza e a fun\u00e7\u00e3o das palavras \u00e9 o primeiro passo para construir suas pr\u00f3prias frases sem cometer erros. \u00c9 muito mais simples do que voc\u00ea pensa quando presta aten\u00e7\u00e3o ao que envolve cada palavra!<\/i> <i>Como concordar palavras facilmente de acordo com g\u00eanero e n\u00famero?<\/i> <i>A concord\u00e2ncia de palavras, no<\/i> franc\u00eas para iniciantes <strong>, desempenha um papel fundamental na frase. Voc\u00ea pode achar complicado, mas com algumas dicas, \u00e9 muito f\u00e1cil. A ideia \u00e9 que o adjetivo, o partic\u00edpio passado e os determinantes, como os artigos, concordam com o substantivo que modificam. Se eu disser \u00ab\u00a0Une maison blanche\u00a0\u00bb (Uma casa branca), \u00ab\u00a0blanche\u00a0\u00bb rima com \u00ab\u00a0maison\u00a0\u00bb (casa) porque \u00e9 feminino. No plural, \u00ab\u00a0Des maisons blanches\u00a0\u00bb (Casas brancas), o adjetivo recebe um \u00ab\u00a0s\u00a0\u00bb. Quanto ao partic\u00edpio passado, \u00e0s vezes \u00e9 instintivo. Com \u00ab\u00a0\u00eatre\u00a0\u00bb (ser\/estar), como em \u00ab\u00a0Ils sont partis\u00a0\u00bb (Eles partiram), o verbo concorda com o sujeito. Com \u00ab\u00a0avoir\u00a0\u00bb (ter), tudo depende da posi\u00e7\u00e3o do objeto direto: \u00ab\u00a0Les lettres que j&rsquo;ai \u00e9crites\u00a0\u00bb (As cartas que escrevi).<\/strong>  <strong>Adjetivo feminino:<\/strong> adicione -e se o substantivo for feminino (\u00ab\u00a0une jupe rouge\u00a0\u00bb &#8211; uma saia vermelha).<i>Plural:<\/i>sempre adicione -s ao adjetivo (\u00ab\u00a0des desserts d\u00e9licieux\u00a0\u00bb &#8211; sobremesas deliciosas). <i>Partic\u00edpio passado com \u00ab\u00a0\u00eatre\u00a0\u00bb:<\/i>concordo com o assunto (\u00ab\u00a0Elles sont all\u00e9es au march\u00e9\u00a0\u00bb &#8211; Foram ao mercado). Partic\u00edpio passado com \u201cavoir\u201d: <i>concord\u00e2ncia se o objeto direto precede o verbo (\u201cLes histoires qu\u2019il a racont\u00e9es\u201d).<\/i>Artigos e determinantes: <i>mudar de acordo com g\u00eanero e n\u00famero<\/i>(le, la, les, un, une, des). <i>Est\u00e1 com dificuldade para se lembrar deles? Eles desaparecem rapidamente se voc\u00ea tornar a concord\u00e2ncia sistem\u00e1tica em suas frases \u2014 pense no par nome\/adjetivo-determinante, que nunca deve se contradizer. A pr\u00e1tica leva \u00e0 perfei\u00e7\u00e3o, e isso tamb\u00e9m se aplica \u00e0 concord\u00e2ncia!<\/i> \n<\/p>\n\n<p class=\"wp-block-paragraph\">\nQuais regras de conjuga\u00e7\u00e3o voc\u00ea deve seguir ao come\u00e7ar a aprender franc\u00eas? <strong><\/strong> Entender como conjugar verbos n\u00e3o \u00e9 t\u00e3o complicado, mesmo que a l\u00edngua francesa ofere\u00e7a diferentes tempos e modos verbais. O b\u00e1sico \u00e9 diferenciar entre tempos simples (presente, imperfeito, futuro) e tempos compostos (pret\u00e9rito mais-que-perfeito, mais-que-perfeito). Geralmente, no in\u00edcio, voc\u00ea usar\u00e1 com frequ\u00eancia o presente do indicativo e o pret\u00e9rito mais-que-perfeito, porque esses s\u00e3o os tempos mais comuns para falar sobre sua vida di\u00e1ria ou relatar o que voc\u00ea fez. H\u00e1 alguns verbos que voc\u00ea deve saber de cor: \u201cser\u201d, \u201cter\u201d, \u201cir\u201d e \u201cfazer\u201d. Esses s\u00e3o verbos irregulares que usamos em todos os lugares no dia a dia. A conjuga\u00e7\u00e3o deles n\u00e3o segue as regras usuais, ent\u00e3o \u00e9 melhor aprend\u00ea-los de cor. Verbo <strong>Presente<\/strong> Pret\u00e9rito <strong>Verbo ser\/estar<\/strong> Eu sou\/estou, voc\u00ea \u00e9\/est\u00e1, ele\/ela\/isso \u00e9\/est\u00e1, n\u00f3s somos\/estamos, voc\u00eas s\u00e3o\/est\u00e3o, eles\/elas s\u00e3o\/est\u00e3o\n<\/p>\n\n<p class=\"wp-block-paragraph\">\nEu tenho sido\/estado, voc\u00ea tem sido\/estado, ele\/ela\/isso tem sido\/estado, n\u00f3s temos sido\/estado, voc\u00eas t\u00eam sido\/estado, eles\/elas t\u00eam sido <a href=\"https:\/\/www.fle.re\/blog\/aider-eleve-fle-pression\/\" target=\"_blank\">Verbo ter\/estar<\/a>Eu tenho\/estou, voc\u00ea tem\/est\u00e1, ele\/ela\/isso tem\/est\u00e1, n\u00f3s temos\/estamos, voc\u00eas t\u00eam\/est\u00e3o, eles\/elas t\u00eam\/est\u00e3o\n<\/p>\n\n<h2 class=\"wp-block-heading\"><span class=\"ez-toc-section\" id=\"Eu_tivetive_voce_teveteu_eleelaisso_teveteu_nos_tivemostivemos_voces_tiveramtiveram_eleselas_tiveramestao\"><\/span>Eu tive\/tive, voc\u00ea teve\/teu, ele\/ela\/isso teve\/teu, n\u00f3s tivemos\/tivemos, voc\u00eas tiveram\/tiveram, eles\/elas tiveram\/est\u00e3o<span class=\"ez-toc-section-end\"><\/span><\/h2>\n\n<p class=\"wp-block-paragraph\">\nVerbo ir\/ir <strong>Eu vou\/vou, voc\u00ea vai\/vou, ele\/ela\/isso vai\/est\u00e1, n\u00f3s vamos\/vamos, voc\u00eas v\u00e3o\/v\u00e3o, eles\/elas v\u00e3o<\/strong>Eu fui\/fui, voc\u00ea foi\/foi, ele\/ela\/isso foi\/foi, n\u00f3s fomos\/fomos, voc\u00eas foram\/foram, eles\/elas foram\/foram <i>Dica r\u00e1pida: Para a maioria dos verbos, as termina\u00e7\u00f5es seguem padr\u00f5es regulares baseados na termina\u00e7\u00e3o do infinitivo (-er, -ir, -re). Crie o h\u00e1bito de recit\u00e1-las em voz alta \u2013 muitas pessoas se lembram melhor delas quando faladas!<\/i>  <i>Como estruturar facilmente uma frase correta no dia a dia?<\/i> \n<\/p>\n\n<ul class=\"wp-block-list\"><li>\n    <strong>Crie frases em<\/strong> franc\u00eas correto\n<\/li><li>\n    <strong>Voc\u00ea aprende seguindo algumas diretrizes simples. Geralmente, a estrutura \u00e9 Sujeito \u2013 Verbo \u2013 Objeto. Uma pequena dica: sempre comece se perguntando: \u201cQuem est\u00e1 realizando a a\u00e7\u00e3o?\u201d Este ser\u00e1 o seu sujeito. Em seguida, \u201cO que ele est\u00e1 fazendo?\u201d Este ser\u00e1 o verbo, seguido pelo objeto que fornece a informa\u00e7\u00e3o espec\u00edfica. Um exemplo direto: \u201cLucas assiste televis\u00e3o.\u201d \u201cLucas\u201d \u00e9 o sujeito, \u201cassiste\u201d \u00e9 o verbo e \u201ctelevis\u00e3o\u201d \u00e9 o objeto direto. Depois de dominar essa estrutura, voc\u00ea pode facilmente alongar suas frases com locu\u00e7\u00f5es adverbiais: \u201cLucas assiste televis\u00e3o<\/strong> \u00e0 noite\n<\/li><li>\n    <strong>na sala de estar<\/strong> \u201d. Para fazer uma pergunta, existem alguns m\u00e9todos: inverter o pronome (\u201cEle est\u00e1 assistindo televis\u00e3o?\u201d), usar \u201cEst-ce que\u201d no in\u00edcio (\u201cEle est\u00e1 assistindo televis\u00e3o?\u201d) ou simplesmente usar a entona\u00e7\u00e3o ao falar (\u201cEle est\u00e1 assistindo televis\u00e3o?\u201d). N\u00e3o hesite em usar conectores l\u00f3gicos para ligar ideias: \u201cportanto\u201d, \u201cporque\u201d, \u201cno entanto\u201d. Por exemplo: \u201cEle trabalha muito, ent\u00e3o ele progride rapidamente.\u201d Mesmo que voc\u00ea seja iniciante, essas pequenas frases tornam seu franc\u00eas mais fluente e natural.\n<\/li><li>\n    <strong>\u00c9 atrav\u00e9s da pr\u00e1tica regular, at\u00e9 mesmo falando em frente ao espelho, que voc\u00ea instintivamente colocar\u00e1 os elementos de uma frase no lugar certo. Experimente diferentes padr\u00f5es, divirta-se transformando uma ideia simples em v\u00e1rias varia\u00e7\u00f5es. Quanto mais voc\u00ea brincar com as estruturas, mais natural se tornar\u00e1. \u00c0s vezes, ser\u00e1 um pouco dif\u00edcil, mas \u00e9 exatamente assim que voc\u00ea progride rapidamente!<\/strong> \n<\/li><li>\n    <strong>Quais s\u00e3o os pontos-chave para evitar erros de ortografia e pontua\u00e7\u00e3o?<\/strong>  <i>Ortografia francesa<\/i> O franc\u00eas n\u00e3o \u00e9 muito tolerante com acentos ou letras omitidos. Para escrever sem erros, adote alguns h\u00e1bitos simples: sempre releia sua frase, certifique-se da concord\u00e2ncia entre sujeito e verbo, verifique se os adjetivos concordam com o substantivo e coloque os acentos corretamente. O acento agudo \u00e9 colocado no \u00ab\u00a0\u00e9\u00a0\u00bb (\u00e9l\u00e8ve, march\u00e9), o acento grave no \u00ab\u00a0\u00e8\u00a0\u00bb (p\u00e8re, probl\u00e8me) e o acento circunflexo \u00e9 frequentemente usado para marcar uma letra antiga, agora obsoleta (for\u00eat, h\u00f4tel). Confus\u00e3o em rela\u00e7\u00e3o a g\u00eanero e n\u00famero \u00e9 uma armadilha cl\u00e1ssica a ser evitada: \u00e9 melhor reler devagar, observando onde est\u00e3o o \u00ab\u00a0e\u00a0\u00bb, \u00ab\u00a0s\u00a0\u00bb ou \u00ab\u00a0x\u00a0\u00bb no final das palavras. <i>A pontua\u00e7\u00e3o francesa tamb\u00e9m tem suas regras: um espa\u00e7o n\u00e3o separ\u00e1vel antes de dois pontos, pontos de interroga\u00e7\u00e3o e pontos de exclama\u00e7\u00e3o. Esquecer uma v\u00edrgula ou colocar um ponto final no momento errado pode mudar o significado da frase (e isso acontece facilmente quando voc\u00ea est\u00e1 com pressa). Use um ponto final para concluir uma ideia, uma v\u00edrgula para separar palavras, um ponto de interroga\u00e7\u00e3o para fazer uma pergunta e um ponto de exclama\u00e7\u00e3o para expressar uma emo\u00e7\u00e3o.<\/i> \n<\/li><\/ul>\n\n<p class=\"wp-block-paragraph\">\nUma pequena dica para quem quer progredir rapidamente: crie o h\u00e1bito de escrever algumas frases \u00e0 m\u00e3o ou no computador todos os dias, prestando muita aten\u00e7\u00e3o \u00e0 acentua\u00e7\u00e3o e \u00e0 pontua\u00e7\u00e3o. A repeti\u00e7\u00e3o \u00e9 fundamental! Se cometer um erro, tente corrigi-lo imediatamente ou tente descobrir por que o cometeu: voc\u00ea se lembrar\u00e1 da regra com muito mais facilidade. \u00c9 assim que os fundamentos da gram\u00e1tica e da ortografia se tornam naturais \u2014 com a pr\u00e1tica, n\u00e3o exigir\u00e3o nenhum esfor\u00e7o.\n<\/p>\n\n<h2 class=\"wp-block-heading\"><\/h2>\n\n<p class=\"wp-block-paragraph\">\nConclus\u00e3o <strong>Dominar as regras b\u00e1sicas da gram\u00e1tica francesa permite que voc\u00ea escreva frases claras e precisas desde o in\u00edcio. Compreender a<\/strong> natureza e a fun\u00e7\u00e3o das palavras <i>facilita a an\u00e1lise de frases, e aplicar a<\/i> concord\u00e2ncia de g\u00eanero e n\u00famero <i>ajuda a harmonizar os diferentes elementos.<\/i> <strong>Conjuga\u00e7\u00e3o<\/strong> e a <strong>A estrutura das frases<\/strong>\u00e9 um verdadeiro pilar para o progresso tanto na escrita quanto na fala em franc\u00eas. Voc\u00ea se sentir\u00e1 mais confort\u00e1vel rapidamente quando souber como posicionar o sujeito, conjugar um verbo ou fazer um adjetivo concordar. Aos poucos, com alguns h\u00e1bitos simples,\n<\/p>\n\n<p class=\"wp-block-paragraph\">\na comunica\u00e7\u00e3o em franc\u00eas <i>torna-se mais natural, quase que automaticamente.<\/i> \n<\/p>\n\n<figure class=\"wp-block-table\"><table>\n<tr>\n<th>Prestar aten\u00e7\u00e3o \u00e0<\/th>\n<th>ortografia e \u00e0 pontua\u00e7\u00e3o<\/th>\n<th>faz toda a diferen\u00e7a em uma mensagem escrita. Mesmo para iniciantes, lembrar dessas dicas torna o idioma mais acess\u00edvel e menos intimidante. Voc\u00ea ver\u00e1, todo esfor\u00e7o compensa rapidamente!<\/th>\n<\/tr>\n<tr>\n<td><strong><\/strong><\/td>\n<td>Como diferenciar a classe gramatical e a fun\u00e7\u00e3o de uma palavra na gram\u00e1tica francesa para iniciantes: regras simples?<\/td>\n<td><\/td>\n<\/tr>\n<tr>\n<td><strong>A classe gramatical e a fun\u00e7\u00e3o de uma palavra s\u00e3o dois conceitos-chave na<\/strong><\/td>\n<td>gram\u00e1tica francesa para iniciantes: regras simples.<\/td>\n<td><\/td>\n<\/tr>\n<tr>\n<td><strong>A classe gramatical de uma palavra corresponde \u00e0 sua categoria gramatical (substantivo, verbo, adjetivo, pronome, etc.), enquanto sua fun\u00e7\u00e3o indica o papel que ela desempenha na frase (sujeito, objeto, etc.). Por exemplo, \u00ab\u00a0livre\u00a0\u00bb (livro) \u00e9 um substantivo e pode funcionar como sujeito em \u00ab\u00a0Le livre est neuf\u00a0\u00bb (O livro \u00e9 novo). Para distinguir claramente entre essas duas categorias, \u00e9 importante identificar a categoria de cada palavra e, em seguida, examinar sua posi\u00e7\u00e3o e fun\u00e7\u00e3o na frase. Dedicar um tempo para separar esses dois conceitos ajuda a entender e analisar melhor as frases.<\/strong><\/td>\n<td>Quais s\u00e3o as principais concord\u00e2ncias para iniciantes na gram\u00e1tica francesa?<\/td>\n<td><\/td>\n<\/tr>\n<\/table><\/figure>\n\n<p class=\"wp-block-paragraph\">\nEm\n<\/p>\n\n<h2 class=\"wp-block-heading\"><span class=\"ez-toc-section\" id=\"Gramatica_francesa_para_iniciantes_regras_simples\"><\/span>Gram\u00e1tica francesa para iniciantes: regras simples<span class=\"ez-toc-section-end\"><\/span><\/h2>\n\n<p class=\"wp-block-paragraph\">\n, as principais concord\u00e2ncias dizem respeito a <strong>g\u00eanero<\/strong> (masculino\/feminino) e <i>n\u00famero<\/i> <i>(singular\/plural). Os adjetivos concordam com o substantivo: \u00ab\u00a0une maison blanche\u00a0\u00bb (uma casa branca), \u00ab\u00a0des maisons blanches\u00a0\u00bb (casas brancas). Os partic\u00edpios passados \u200b\u200bconcordam de acordo com o verbo auxiliar usado: com \u00ab\u00a0\u00eatre\u00a0\u00bb (ser\/estar), concordam com o sujeito (\u00ab\u00a0elles sont parties\u00a0\u00bb &#8211; elas sa\u00edram), e com \u00ab\u00a0avoir\u00a0\u00bb (ter), concordam com o objeto direto se este preceder o verbo (\u00ab\u00a0Les fleurs qu&rsquo;elle a achet\u00e9s\u00a0\u00bb &#8211; as flores que ela comprou). Seguir essas concord\u00e2ncias torna as frases corretas e harmoniosas.<\/i>Erros comuns a evitar na gram\u00e1tica francesa para iniciantes: regras simples?\n<\/p>\n\n<p class=\"wp-block-paragraph\">\n\n<\/p>\n\n<p class=\"wp-block-paragraph\">\nAo aprender gram\u00e1tica francesa para iniciantes: regras simples, alguns erros comuns incluem esquecer a concord\u00e2ncia dos adjetivos no plural (\u00ab\u00a0des fleurs rouges\u00a0\u00bb em vez de \u00ab\u00a0des fleurs rouge\u00a0\u00bb), confundir objetos diretos e indiretos (\u00ab\u00a0parler \u00e0 Paul\u00a0\u00bb n\u00e3o \u00e9 o mesmo que \u00ab\u00a0voir Paul\u00a0\u00bb), colocar pronomes incorretamente na frase ou concordar incorretamente o partic\u00edpio passado com \u00ab\u00a0avoir\u00a0\u00bb. Reconhecer esses erros ajuda voc\u00ea a progredir mais r\u00e1pido e a escrever frases corretas.\n<\/p>\n\n<h2 class=\"wp-block-heading\"><\/h2>\n\n<p class=\"wp-block-paragraph\">\nComo estruturar uma frase simples na gram\u00e1tica francesa para iniciantes?<strong><\/strong> Na gram\u00e1tica francesa para iniciantes: regras simples, a estrutura b\u00e1sica segue o modelo Sujeito-Verbo-Objeto. Por exemplo: \u00ab\u00a0Le chien mange une pomme\u00a0\u00bb (O cachorro come uma ma\u00e7\u00e3). Para uma pergunta, voc\u00ea pode usar a invers\u00e3o (\u00ab\u00a0Mange-t-il?\u00a0\u00bb &#8211; Ele come?) ou \u00ab\u00a0est-ce que\u00a0\u00bb (\u00ab\u00a0Est-ce qu&rsquo;il mange?\u00a0\u00bb &#8211; Ele come?). \u00c9 importante colocar o verbo imediatamente ap\u00f3s o sujeito em uma frase padr\u00e3o e, em seguida, adicionar os complementos. Essa estrutura facilita a clareza e a compreens\u00e3o, tanto oralmente quanto por escrito.\n<\/p>\n\n<p class=\"wp-block-paragraph\">\n\n<\/p>\n\n<p class=\"wp-block-paragraph\">\nQuais tempos verbais os iniciantes devem praticar primeiro em franc\u00eas: regras simples?<strong><\/strong> Para <i>gram\u00e1tica francesa para iniciantes: regras simples,<\/i><\/p>\n\n<h2 class=\"wp-block-heading\"><span class=\"ez-toc-section\" id=\"comece_com_o_presente_do_indicativo_o_preterito_imperfeito_e_o_futuro_simples_Esses_sao_os_tempos_verbais_mais_usados_%E2%80%8B%E2%80%8Btanto_na_lingua_francesa_falada_quanto_na_escrita_O_presente_expressa_acoes_atuais_o_preterito_imperfeito_expressa_habitos_passados_%E2%80%8B%E2%80%8Be_o_futuro_simples_expressa_acoes_futuras_Pratique_tambem_verbos_comuns_como_%C2%AB_etre_%C2%BB_serestar_%C2%AB_avoir_%C2%BB_ter_%C2%AB_aller_%C2%BB_ir_e_%C2%AB_faire_%C2%BB_fazer_Esses_conceitos_basicos_permitem_que_voce_se_expresse_na_maioria_das_situacoes_do_dia_a_dia\"><\/span>comece com o presente do indicativo, o pret\u00e9rito imperfeito e o futuro simples. Esses s\u00e3o os tempos verbais mais usados \u200b\u200btanto na l\u00edngua francesa falada quanto na escrita. O presente expressa a\u00e7\u00f5es atuais, o pret\u00e9rito imperfeito expressa h\u00e1bitos passados \u200b\u200be o futuro simples expressa a\u00e7\u00f5es futuras. Pratique tamb\u00e9m verbos comuns como \u00ab\u00a0\u00eatre\u00a0\u00bb (ser\/estar), \u00ab\u00a0avoir\u00a0\u00bb (ter), \u00ab\u00a0aller\u00a0\u00bb (ir) e \u00ab\u00a0faire\u00a0\u00bb (fazer). Esses conceitos b\u00e1sicos permitem que voc\u00ea se expresse na maioria das situa\u00e7\u00f5es do dia a dia.<span class=\"ez-toc-section-end\"><\/span><\/h2>\n\n<p class=\"wp-block-paragraph\">\n <strong>Fontes<\/strong> Academia Francesa. \u00ab\u00a0Fun\u00e7\u00f5es Gramaticais: Defini\u00e7\u00f5es e Exerc\u00edcios.\u00a0\u00bb Academia Francesa, s.d. Acessado em 18 de junho de 2024. <strong><\/strong> Veja <strong>Minist\u00e9rio da Educa\u00e7\u00e3o Nacional e da Juventude. \u00ab\u00a0Gram\u00e1tica Francesa \u2013 Regras e Concord\u00e2ncias.\u00a0\u00bb \u00c9duscol, 5 de outubro de 2023. Acesso em 18 de junho de 2024.<\/strong> \n<\/p>\n\n<p class=\"wp-block-paragraph\">\nVer tamb\u00e9m: Le Robert. \u00ab\u00a0Dicion\u00e1rio de Gram\u00e1tica Francesa: Defini\u00e7\u00f5es Essenciais.\u00a0\u00bb Le Robert, s.d. Acesso em 18 de junho de 2024. <strong><\/strong> Ver tamb\u00e9m: Dicion\u00e1rio da Academia Francesa. \u00ab\u00a0Concord\u00e2ncia do Partic\u00edpio Passado.\u00a0\u00bb Dicion\u00e1rio da Academia Francesa, s.d. Acesso em 18 de junho de 2024. <strong><\/strong> Ver tamb\u00e9m: <strong><\/strong> \n<\/p>\n\n<p class=\"wp-block-paragraph\">\n <strong><\/strong> \n<\/p>\n\n<p class=\"wp-block-paragraph\"><section class=\"faq\">\n<div>\n<h2><\/h2>\n<div>\n<p><strong><\/strong>  <strong><\/strong>  <strong><\/strong><\/p>\n<\/div>\n<\/div>\n<div>\n<h2><\/h2>\n<div>\n<p> <strong><\/strong> <strong><\/strong>  <strong><\/strong> <\/p>\n<\/div>\n<\/div>\n<div>\n<h2><\/h2>\n<div>\n<p> <strong><\/strong><\/p>\n<\/div>\n<\/div>\n<div>\n<h2><\/h2>\n<div>\n<p> <strong><\/strong><\/p>\n<\/div>\n<\/div>\n<div>\n<h2><\/h2>\n<div>\n<p> <strong><\/strong><\/p>\n<\/div>\n<\/div>\n<\/section><\/p>\n\n<p class=\"wp-block-paragraph\">\n{\n  \u00ab\u00a0@context\u00a0\u00bb: \u00ab\u00a0https:\/\/schema.org\u00a0\u00bb,\n  \u00ab\u00a0@type\u00a0\u00bb: \u00ab\u00a0FAQPage\u00a0\u00bb,\n  \u00ab\u00a0mainEntity\u00a0\u00bb: [\n    {\n      \u00ab\u00a0@type\u00a0\u00bb: \u00ab\u00a0Question\u00a0\u00bb,\n      \u00ab\u00a0name\u00a0\u00bb: \u00ab\u00a0Comment diff\u00e9rencier nature et fonction d\u2019un mot en grammaire fran\u00e7aise d\u00e9butants\u00a0: r\u00e8gles simples\u00a0?\u00a0\u00bb,\n      \u00ab\u00a0acceptedAnswer\u00a0\u00bb: {\n        \u00ab\u00a0@type\u00a0\u00bb: \u00ab\u00a0Answer\u00a0\u00bb,\n        \u00ab\u00a0text\u00a0\u00bb: \u00ab\u00a0La nature d\u2019un mot correspond \u00e0 sa cat\u00e9gorie grammaticale (nom, verbe, etc.), tandis que la fonction indique le r\u00f4le du mot dans la phrase (sujet, compl\u00e9ment, etc.). Par exemple, \u00ab\u00a0chat\u00a0\u00bb est un nom de nature et peut \u00eatre sujet d\u2019une phrase.\u00a0\u00bb\n      }\n    },\n    {\n      \u00ab\u00a0@type\u00a0\u00bb: \u00ab\u00a0Question\u00a0\u00bb,\n      \u00ab\u00a0name\u00a0\u00bb: \u00ab\u00a0Quels sont les principaux accords pour les d\u00e9butants en grammaire fran\u00e7aise\u00a0?\u00a0\u00bb,\n      \u00ab\u00a0acceptedAnswer\u00a0\u00bb: {\n        \u00ab\u00a0@type\u00a0\u00bb: \u00ab\u00a0Answer\u00a0\u00bb,\n        \u00ab\u00a0text\u00a0\u00bb: \u00ab\u00a0Les accords les plus courants portent sur le genre et le nombre. Les adjectifs s\u2019accordent avec le nom. Les participes pass\u00e9s s\u2019accordent avec le sujet ou le COD selon l\u2019auxiliaire employ\u00e9 (&lsquo;\u00eatre&rsquo; ou &lsquo;avoir&rsquo;).\u00a0\u00bb\n      }\n    },\n    {\n      \u00ab\u00a0@type\u00a0\u00bb: \u00ab\u00a0Question\u00a0\u00bb,\n      \u00ab\u00a0name\u00a0\u00bb: \u00ab\u00a0Fausses erreurs communes \u00e0 \u00e9viter en grammaire fran\u00e7aise d\u00e9butants\u00a0: r\u00e8gles simples\u00a0?\u00a0\u00bb,\n      \u00ab\u00a0acceptedAnswer\u00a0\u00bb: {\n        \u00ab\u00a0@type\u00a0\u00bb: \u00ab\u00a0Answer\u00a0\u00bb,\n        \u00ab\u00a0text\u00a0\u00bb: \u00ab\u00a0Parmi les erreurs fr\u00e9quentes\u00a0: oublier l\u2019accord de l\u2019adjectif au pluriel, confondre COD et COI, placer mal les pronoms, ou mal accorder le participe pass\u00e9 avec \u00ab\u00a0avoir\u00a0\u00bb lorsque le COD est plac\u00e9 avant.\u00a0\u00bb\n      }\n    },\n    {\n      \u00ab\u00a0@type\u00a0\u00bb: \u00ab\u00a0Question\u00a0\u00bb,\n      \u00ab\u00a0name\u00a0\u00bb: \u00ab\u00a0Comment structurer une phrase simple en grammaire fran\u00e7aise pour d\u00e9butants\u00a0?\u00a0\u00bb,\n      \u00ab\u00a0acceptedAnswer\u00a0\u00bb: {\n        \u00ab\u00a0@type\u00a0\u00bb: \u00ab\u00a0Answer\u00a0\u00bb,\n        \u00ab\u00a0text\u00a0\u00bb: \u00ab\u00a0La structure classique est Sujet \u2013 Verbe \u2013 Compl\u00e9ment. Exemple\u00a0: \u00ab\u00a0Le chien mange une pomme.\u00a0\u00bb Pour poser une question, on peut utiliser l\u2019inversion ou l\u2019expression \u00ab\u00a0est-ce que\u00a0\u00bb.\u00a0\u00bb\n      }\n    },\n    {\n      \u00ab\u00a0@type\u00a0\u00bb: \u00ab\u00a0Question\u00a0\u00bb,\n      \u00ab\u00a0name\u00a0\u00bb: \u00ab\u00a0Quels temps de conjugaison pratiquer en premier en grammaire fran\u00e7aise d\u00e9butants\u00a0: r\u00e8gles simples\u00a0?\u00a0\u00bb,\n      \u00ab\u00a0acceptedAnswer\u00a0\u00bb: {\n        \u00ab\u00a0@type\u00a0\u00bb: \u00ab\u00a0Answer\u00a0\u00bb,\n        \u00ab\u00a0text\u00a0\u00bb: \u00ab\u00a0Il est utile de pratiquer le pr\u00e9sent de l\u2019indicatif, l\u2019imparfait et le futur simple. Ce sont les temps les plus employ\u00e9s, accompagn\u00e9s de verbes courants comme \u00ab\u00a0\u00eatre\u00a0\u00bb, \u00ab\u00a0avoir\u00a0\u00bb, \u00ab\u00a0aller\u00a0\u00bb et \u00ab\u00a0faire\u00a0\u00bb.\u00a0\u00bb\n      }\n    }\n  ]\n}\n<\/p>\n\n<h2 class=\"wp-block-heading\"><\/h2>\n\n<ol class=\"wp-block-list\"><li> <a href=\"https:\/\/www.academie-francaise.fr\/les-fonctions-grammaticales-definitions-et-exercices\" rel=\"nofollow noopener noreferrer\" target=\"_blank\"><\/a><\/li><li> <a href=\"https:\/\/eduscol.education.fr\/3336\/grammaire-francaise-regles-et-accords\" rel=\"nofollow noopener noreferrer\" target=\"_blank\"><\/a><\/li><li> <a href=\"https:\/\/dictionnaire.lerobert.com\/guide\/grammaire-definition-et-notions-cles\" rel=\"nofollow noopener noreferrer\" target=\"_blank\"><\/a><\/li><li> <a href=\"https:\/\/dictionnaire-academie.fr\/article\/A9P0191\" rel=\"nofollow noopener noreferrer\" target=\"_blank\"><\/a><\/li><\/ol>\n\n\n","protected":false},"excerpt":{"rendered":"<p>Aprender gram\u00e1tica francesa para iniciantes pode parecer intimidante, mas, na verdade, tudo se resume a algumas regras simples. Para construir [&hellip;]<\/p>\n","protected":false},"author":2,"featured_media":262,"comment_status":"open","ping_status":"open","sticky":false,"template":"","format":"standard","meta":{"_crdt_document":"","site-sidebar-layout":"default","site-content-layout":"","ast-site-content-layout":"default","site-content-style":"default","site-sidebar-style":"default","ast-global-header-display":"","ast-banner-title-visibility":"","ast-main-header-display":"","ast-hfb-above-header-display":"","ast-hfb-below-header-display":"","ast-hfb-mobile-header-display":"","site-post-title":"","ast-breadcrumbs-content":"","ast-featured-img":"","footer-sml-layout":"","ast-disable-related-posts":"","theme-transparent-header-meta":"","adv-header-id-meta":"","stick-header-meta":"","header-above-stick-meta":"","header-main-stick-meta":"","header-below-stick-meta":"","astra-migrate-meta-layouts":"default","ast-page-background-enabled":"default","ast-page-background-meta":{"desktop":{"background-color":"var(--ast-global-color-5)","background-image":"","background-repeat":"repeat","background-position":"center center","background-size":"auto","background-attachment":"scroll","background-type":"","background-media":"","overlay-type":"","overlay-color":"","overlay-opacity":"","overlay-gradient":""},"tablet":{"background-color":"","background-image":"","background-repeat":"repeat","background-position":"center center","background-size":"auto","background-attachment":"scroll","background-type":"","background-media":"","overlay-type":"","overlay-color":"","overlay-opacity":"","overlay-gradient":""},"mobile":{"background-color":"","background-image":"","background-repeat":"repeat","background-position":"center center","background-size":"auto","background-attachment":"scroll","background-type":"","background-media":"","overlay-type":"","overlay-color":"","overlay-opacity":"","overlay-gradient":""}},"ast-content-background-meta":{"desktop":{"background-color":"var(--ast-global-color-4)","background-image":"","background-repeat":"repeat","background-position":"center center","background-size":"auto","background-attachment":"scroll","background-type":"","background-media":"","overlay-type":"","overlay-color":"","overlay-opacity":"","overlay-gradient":""},"tablet":{"background-color":"var(--ast-global-color-4)","background-image":"","background-repeat":"repeat","background-position":"center center","background-size":"auto","background-attachment":"scroll","background-type":"","background-media":"","overlay-type":"","overlay-color":"","overlay-opacity":"","overlay-gradient":""},"mobile":{"background-color":"var(--ast-global-color-4)","background-image":"","background-repeat":"repeat","background-position":"center center","background-size":"auto","background-attachment":"scroll","background-type":"","background-media":"","overlay-type":"","overlay-color":"","overlay-opacity":"","overlay-gradient":""}},"footnotes":""},"categories":[693],"tags":[1785,1697,1791,1788,1794],"class_list":["post-1034","post","type-post","status-publish","format-standard","has-post-thumbnail","hentry","category-non-classe-pt","tag-aprender-gramatica-pt","tag-frances-facil-pt","tag-gramatica-francesa-pt","tag-iniciantes-pt","tag-regras-simples-pt"],"_links":{"self":[{"href":"https:\/\/www.fle.re\/blog\/wp-json\/wp\/v2\/posts\/1034","targetHints":{"allow":["GET"]}}],"collection":[{"href":"https:\/\/www.fle.re\/blog\/wp-json\/wp\/v2\/posts"}],"about":[{"href":"https:\/\/www.fle.re\/blog\/wp-json\/wp\/v2\/types\/post"}],"author":[{"embeddable":true,"href":"https:\/\/www.fle.re\/blog\/wp-json\/wp\/v2\/users\/2"}],"replies":[{"embeddable":true,"href":"https:\/\/www.fle.re\/blog\/wp-json\/wp\/v2\/comments?post=1034"}],"version-history":[{"count":1,"href":"https:\/\/www.fle.re\/blog\/wp-json\/wp\/v2\/posts\/1034\/revisions"}],"predecessor-version":[{"id":1035,"href":"https:\/\/www.fle.re\/blog\/wp-json\/wp\/v2\/posts\/1034\/revisions\/1035"}],"wp:featuredmedia":[{"embeddable":true,"href":"https:\/\/www.fle.re\/blog\/wp-json\/wp\/v2\/media\/262"}],"wp:attachment":[{"href":"https:\/\/www.fle.re\/blog\/wp-json\/wp\/v2\/media?parent=1034"}],"wp:term":[{"taxonomy":"category","embeddable":true,"href":"https:\/\/www.fle.re\/blog\/wp-json\/wp\/v2\/categories?post=1034"},{"taxonomy":"post_tag","embeddable":true,"href":"https:\/\/www.fle.re\/blog\/wp-json\/wp\/v2\/tags?post=1034"}],"curies":[{"name":"wp","href":"https:\/\/api.w.org\/{rel}","templated":true}]}}