{"id":1040,"date":"2025-12-09T04:55:50","date_gmt":"2025-12-09T04:55:50","guid":{"rendered":"https:\/\/www.fle.re\/blog\/?p=1040"},"modified":"2025-12-09T04:55:54","modified_gmt":"2025-12-09T04:55:54","slug":"yeni-baslayanlar-icin-fransizca-dil-bilgisi-basit-kurallar","status":"publish","type":"post","link":"https:\/\/www.fle.re\/blog\/tr\/yeni-baslayanlar-icin-fransizca-dil-bilgisi-basit-kurallar\/","title":{"rendered":"Yeni ba\u015flayanlar i\u00e7in Frans\u0131zca dil bilgisi: basit kurallar"},"content":{"rendered":"<p class=\"wp-block-paragraph\">\nYeni ba\u015flayanlar i\u00e7in Frans\u0131zca dilbilgisi \u00f6\u011frenmek g\u00f6z korkutucu g\u00f6r\u00fcnebilir, ancak ger\u00e7ekte her \u015fey birka\u00e7 basit kurala dayan\u0131r. C\u00fcmleleri iyi kurmak ve anla\u015f\u0131l\u0131r olmak i\u00e7in kelimelerin do\u011fas\u0131n\u0131 ve i\u015flevini kavraman\u0131z, \u00f6zne-fiil uyumunu do\u011fru bir \u015fekilde y\u00f6netmeniz ve temel \u00e7ekimlemede ustala\u015fman\u0131z yeterlidir. Sonsuz listeler ezberlemenize veya ayr\u0131nt\u0131larda kaybolman\u0131za gerek yok. Temel noktalara odaklan\u0131n: \u00f6zne, fiil ve nesneyi bir araya getirerek net bir c\u00fcmle olu\u015fturma. Frans\u0131zcada her kelimenin bir yeri ve kesin bir rol\u00fc vard\u0131r, bu y\u00fczden sa\u011flam bir temelle ba\u015flamak en iyisidir. fle.re platformu, c\u00fcmle yap\u0131lar\u0131n\u0131 tek bak\u0131\u015fta anlaman\u0131za, artikelleri do\u011fru kullanman\u0131za ve yaz\u0131m ve noktalama i\u015faretlerinin \u00f6nemli noktalar\u0131n\u0131 belirlemenize yard\u0131mc\u0131 olur. Bazen, sadece bir veya iki kural\u0131 bilmek, t\u00fcm bir sohbeti ba\u015flatmak i\u00e7in yeterlidir. \u0130\u015fleri basit tutal\u0131m, faydal\u0131 kavramlara odaklanal\u0131m ve Frans\u0131zca yava\u015f yava\u015f anla\u015f\u0131l\u0131r hale gelecektir. Strese gerek yok, ad\u0131m ad\u0131m ilerleyece\u011fiz! <strong><\/strong> T\u00fcrk\u00e7e: https:\/\/www.youtube.com\/watch?v=o-xoHqtDdGs <i>Kelimelerin do\u011fas\u0131n\u0131 ve i\u015flevini anlamak i\u00e7in temel bilgiler nelerdir?<\/i> <strong>Frans\u0131zca dilbilgisine iyi bir ba\u015flang\u0131\u00e7 \u200b\u200byapmak i\u00e7in, kelimelerin do\u011fas\u0131 ile c\u00fcmle i\u00e7indeki i\u015flevleri aras\u0131ndaki fark\u0131 anlaman\u0131z gerekir. Her kelimenin belirli bir etiketi vard\u0131r:<\/strong>isim <strong>,<\/strong> fiil <i>,<\/i>s\u0131fat <strong>,<\/strong> zamir\n<\/p>\n\n<p class=\"wp-block-paragraph\">\n, <strong>zarf<\/strong>, <i>article<\/i> . \u0130sim<strong>bir ki\u015fiyi, bir yeri, bir \u015feyi veya bir fikri belirtir:<\/strong> kitap <strong>,<\/strong>arkada\u015fl\u0131k\n<\/p>\n\n<figure class=\"is-provider-youtube is-type-video wp-block-embed wp-block-embed-youtube wp-embed-aspect-16-9 wp-has-aspect-ratio\"><div class=\"wp-block-embed__wrapper\">\n,\n<\/div><\/figure>\n\n<div id=\"ez-toc-container\" class=\"ez-toc-v2_0_82_2 ez-toc-wrap-center counter-hierarchy ez-toc-counter ez-toc-transparent ez-toc-container-direction\">\n<div class=\"ez-toc-title-container\">\n<p class=\"ez-toc-title\" style=\"cursor:inherit\">Sommaire<\/p>\n<span class=\"ez-toc-title-toggle\"><a href=\"#\" class=\"ez-toc-pull-right ez-toc-btn ez-toc-btn-xs ez-toc-btn-default ez-toc-toggle\" aria-label=\"Toggle Table of Content\"><span class=\"ez-toc-js-icon-con\"><span class=\"\"><span class=\"eztoc-hide\" style=\"display:none;\">Toggle<\/span><span class=\"ez-toc-icon-toggle-span\"><svg style=\"fill: #999;color:#999\" xmlns=\"http:\/\/www.w3.org\/2000\/svg\" class=\"list-377408\" width=\"20px\" height=\"20px\" viewBox=\"0 0 24 24\" fill=\"none\"><path d=\"M6 6H4v2h2V6zm14 0H8v2h12V6zM4 11h2v2H4v-2zm16 0H8v2h12v-2zM4 16h2v2H4v-2zm16 0H8v2h12v-2z\" fill=\"currentColor\"><\/path><\/svg><svg style=\"fill: #999;color:#999\" class=\"arrow-unsorted-368013\" xmlns=\"http:\/\/www.w3.org\/2000\/svg\" width=\"10px\" height=\"10px\" viewBox=\"0 0 24 24\" version=\"1.2\" baseProfile=\"tiny\"><path d=\"M18.2 9.3l-6.2-6.3-6.2 6.3c-.2.2-.3.4-.3.7s.1.5.3.7c.2.2.4.3.7.3h11c.3 0 .5-.1.7-.3.2-.2.3-.5.3-.7s-.1-.5-.3-.7zM5.8 14.7l6.2 6.3 6.2-6.3c.2-.2.3-.5.3-.7s-.1-.5-.3-.7c-.2-.2-.4-.3-.7-.3h-11c-.3 0-.5.1-.7.3-.2.2-.3.5-.3.7s.1.5.3.7z\"\/><\/svg><\/span><\/span><\/span><\/a><\/span><\/div>\n<nav><ul class='ez-toc-list ez-toc-list-level-1 eztoc-toggle-hide-by-default' ><li class='ez-toc-page-1 ez-toc-heading-level-2'><a class=\"ez-toc-link ez-toc-heading-1\" href=\"https:\/\/www.fle.re\/blog\/tr\/yeni-baslayanlar-icin-fransizca-dil-bilgisi-basit-kurallar\/#Paris\" >Paris<\/a><\/li><li class='ez-toc-page-1 ez-toc-heading-level-2'><a class=\"ez-toc-link ez-toc-heading-2\" href=\"https:\/\/www.fle.re\/blog\/tr\/yeni-baslayanlar-icin-fransizca-dil-bilgisi-basit-kurallar\/#Fransizca_atlanan_aksan_veya_harflere_pek_hosgorulu_degildir_Hatasiz_yazmak_icin_birkac_basit_aliskanlik_edinin_cumlenizi_her_zaman_tekrar_okuyun_ozne-fiil_uyumunu_saglayin_sifatlarin_isimle_uyumlu_olup_olmadigini_kontrol_edin_ve_aksanlari_dogru_yerlestirin_Keskin_vurgu_%C2%AB_e_%C2%BB_harfine_eleve_marche_kalin_vurgu_%C2%AB_e_%C2%BB_harfine_pere_probleme_yerlestirilir_ve_sapka_isareti_genellikle_eski_artik_kullanilmayan_bir_harfi_foret_hotel_belirtmek_icin_kullanilir_Cinsiyet_ve_sayi_konusunda_kafa_karisikligi_kacinilmasi_gereken_klasik_bir_tuzaktir_Kelimelerin_sonundaki_%C2%AB_e_%C2%BB_%C2%AB_s_%C2%BB_veya_%C2%AB_x_%C2%BB_harflerinin_nerede_olduguna_dikkat_ederek_yavasca_tekrar_okumak_en_iyisidir\" >Frans\u0131zca, atlanan aksan veya harflere pek ho\u015fg\u00f6r\u00fcl\u00fc de\u011fildir. Hatas\u0131z yazmak i\u00e7in birka\u00e7 basit al\u0131\u015fkanl\u0131k edinin: c\u00fcmlenizi her zaman tekrar okuyun, \u00f6zne-fiil uyumunu sa\u011flay\u0131n, s\u0131fatlar\u0131n isimle uyumlu olup olmad\u0131\u011f\u0131n\u0131 kontrol edin ve aksanlar\u0131 do\u011fru yerle\u015ftirin. Keskin vurgu \u00ab\u00a0\u00e9\u00a0\u00bb harfine (\u00e9l\u00e8ve, march\u00e9), kal\u0131n vurgu \u00ab\u00a0\u00e8\u00a0\u00bb harfine (p\u00e8re, probl\u00e8me) yerle\u015ftirilir ve \u015fapka i\u015fareti genellikle eski, art\u0131k kullan\u0131lmayan bir harfi (for\u00eat, h\u00f4tel) belirtmek i\u00e7in kullan\u0131l\u0131r. Cinsiyet ve say\u0131 konusunda kafa kar\u0131\u015f\u0131kl\u0131\u011f\u0131, ka\u00e7\u0131n\u0131lmas\u0131 gereken klasik bir tuzakt\u0131r: Kelimelerin sonundaki \u00ab\u00a0e\u00a0\u00bb, \u00ab\u00a0s\u00a0\u00bb veya \u00ab\u00a0x\u00a0\u00bb harflerinin nerede oldu\u011funa dikkat ederek yava\u015f\u00e7a tekrar okumak en iyisidir.<\/a><\/li><li class='ez-toc-page-1 ez-toc-heading-level-2'><a class=\"ez-toc-link ez-toc-heading-3\" href=\"https:\/\/www.fle.re\/blog\/tr\/yeni-baslayanlar-icin-fransizca-dil-bilgisi-basit-kurallar\/#Yeni_Baslayanlar_Icin_Fransizca_Dilbilgisinde_Kacinilmasi_Gereken_Yaygin_Hatalar_Basit_Kurallar\" >Yeni Ba\u015flayanlar \u0130\u00e7in Frans\u0131zca Dilbilgisinde Ka\u00e7\u0131n\u0131lmas\u0131 Gereken Yayg\u0131n Hatalar: Basit Kurallar?<\/a><\/li><\/ul><\/nav><\/div>\n<h2 class=\"wp-block-heading\"><span class=\"ez-toc-section\" id=\"Paris\"><\/span>Paris<span class=\"ez-toc-section-end\"><\/span><\/h2>\n\n<p class=\"wp-block-paragraph\">\n. Articles <strong>buna e\u015flik eder ve eril mi yoksa di\u015fil mi oldu\u011funu belirtir (<\/strong>the <strong>,<\/strong> a <strong>,<\/strong> a <strong>,<\/strong>an <strong>). S\u0131fatlar<\/strong>betimleyici bir dokunu\u015f katar &#8211; \u00ab\u00a0uzun a\u011fa\u00e7\u00a0\u00bb, \u00ab\u00a0mavi \u00e7at\u0131\u00a0\u00bb. <strong><\/strong>Ama hepsi bu kadar de\u011fil: her kelime c\u00fcmle i\u00e7inde sahnedeki bir akt\u00f6r gibi ak\u0131p gidiyor. \u00d6zne, fiili canland\u0131r\u0131yor: \u00ab\u00a0Babam yemek pi\u015firiyor.\u00a0\u00bb \u00ab\u00a0Baba\u00a0\u00bb \u00f6znedir. Dolays\u0131z nesne (DO), eylemi al\u0131r: \u00ab\u00a0Paul bir elma yer.\u00a0\u00bb \u00ab\u00a0Bir elma\u00a0\u00bb DO&rsquo;dur. Dolayl\u0131 nesne <strong>(Dolayl\u0131 t\u00fcmle\u00e7) bir edatla tan\u0131t\u0131l\u0131r: \u00ab\u00a0K\u0131z karde\u015fiyle konu\u015fur.\u00a0\u00bb Dolay\u0131s\u0131yla \u00ab\u00a0k\u0131z karde\u015fine\u00a0\u00bb dolayl\u0131 t\u00fcmle\u00e7tir. Zarf t\u00fcmle\u00e7leri yer, zaman veya neden hakk\u0131nda bilgi sa\u011flar: \u00ab\u00a0K\u00fct\u00fcphanede okur\u00a0\u00bb, \u00ab\u00a0Yar\u0131n ayr\u0131l\u0131r\u00a0\u00bb, \u00ab\u00a0Sevin\u00e7ten a\u011flar\u00a0\u00bb.<\/strong>Bu unsurlar\u0131 belirlemek h\u0131zla ikinci do\u011fan\u0131z haline gelir. Daha derinlemesine ara\u015ft\u0131rma yapmak veya yabanc\u0131 dil olarak Frans\u0131zcayla m\u00fccadele eden sevdi\u011finiz birine yard\u0131m etmek istiyorsan\u0131z, i\u015fte size faydal\u0131 bir kaynak: <strong>Bask\u0131 alt\u0131ndaki bir Yabanc\u0131 Dil \u00d6\u011frencisine Frans\u0131zca Yard\u0131m\u0131<\/strong> <strong>Kelimelerin do\u011fas\u0131n\u0131 ve i\u015flevini nas\u0131l dengeleyece\u011finizi bilmek, hata yapmadan kendi c\u00fcmlelerinizi kurman\u0131n ilk ad\u0131m\u0131d\u0131r. Her kelimeyi \u00e7evreleyen \u015feye dikkat etti\u011finizde d\u00fc\u015f\u00fcnd\u00fc\u011f\u00fcn\u00fczden ger\u00e7ekten daha basit!<\/strong>Cinsiyete ve say\u0131ya g\u00f6re kelimeleri nas\u0131l kolayca uyumlu hale getirirsiniz? <i>Ba\u015flang\u0131\u00e7 \u200b\u200bseviyesi Frans\u0131zcada kelime uyumu, c\u00fcmlede bir \u015fef rol\u00fc oynar. Karma\u015f\u0131k oldu\u011funu d\u00fc\u015f\u00fcnebilirsiniz, ancak birka\u00e7 ipucuyla \u00e7ok kolay. Buradaki fikir, s\u0131fat\u0131n, ge\u00e7mi\u015f zaman kipinin ve belirte\u00e7lerin, t\u0131pk\u0131 artikel gibi, niteledikleri isimle uyumlu olmas\u0131d\u0131r. \u00ab\u00a0Une maison blanche\u00a0\u00bb (Beyaz ev) dersem, \u00ab\u00a0blanche\u00a0\u00bb di\u015fil oldu\u011fu i\u00e7in \u00ab\u00a0maison\u00a0\u00bb (ev) ile kafiyelidir. \u00c7o\u011ful \u00ab\u00a0Des maisons blanches\u00a0\u00bb (Beyaz evler) ifadesinde ise s\u0131fat \u00ab\u00a0s\u00a0\u00bb al\u0131r. Ge\u00e7mi\u015f zaman kipine gelince, bu bazen i\u00e7g\u00fcd\u00fcseldir. \u00ab\u00a0\u00eatre\u00a0\u00bb (olmak) fiilinde, \u00ab\u00a0Ils sont partis\u00a0\u00bb (Gittiler) fiilinde oldu\u011fu gibi, fiil \u00f6zneyle uyumludur. \u00ab\u00a0Avoir\u00a0\u00bb (sahip olmak) fiilinde ise her \u015fey do\u011frudan nesnenin konumuna ba\u011fl\u0131d\u0131r: \u00ab\u00a0Les lettres que j&rsquo;ai \u00e9crites\u00a0\u00bb (Yazd\u0131\u011f\u0131m harfler).<\/i> Di\u015fil s\u0131fat: <i>\u0130sim di\u015filse (\u00ab\u00a0une jupe rouge\u00a0\u00bb &#8211; k\u0131rm\u0131z\u0131 etek) -e eklenir.<\/i>\u00c7o\u011ful: <i>s\u0131fat\u0131n sonuna her zaman -s ekleyin (\u00ab\u00a0des tatl\u0131lar d\u00e9licieux\u00a0\u00bb &#8211; lezzetli tatl\u0131lar).<\/i>\u00ab\u00a0\u00eatre\u00a0\u00bb ile ge\u00e7mi\u015f kat\u0131l\u0131mc\u0131: <i>konuya kat\u0131l\u0131yorum (\u00ab\u00a0Elles sont all\u00e9es au March\u00e9\u00a0\u00bb &#8211; Pazara gittiler). \u201cAvoir\u201d ile ge\u00e7mi\u015f kat\u0131l\u0131mc\u0131:<\/i>do\u011frudan nesnenin fiilden \u00f6nce gelmesi durumunda anla\u015fma (\u201cLes histoires qu&rsquo;il a racont\u00e9es\u201d). <i>Makaleler ve belirleyiciler:<\/i> cinsiyete ve say\u0131ya g\u00f6re de\u011fi\u015fiklik <strong>(le, la, les, un, une, des).<\/strong> Bunlar\u0131 hat\u0131rlamakta m\u0131 zorluk \u00e7ekiyorsunuz? C\u00fcmlelerinizde uyum sa\u011flamay\u0131 sistematik hale getirirseniz, bunlar h\u0131zla kaybolur; birbirleriyle asla \u00e7eli\u015fmemesi gereken isim\/s\u0131fat-belirte\u00e7 \u00e7iftini d\u00fc\u015f\u00fcn\u00fcn. Pratik m\u00fckemmelle\u015ftirir ve bu uyum i\u00e7in de ge\u00e7erlidir! <strong>Frans\u0131zcaya ba\u015flarken hangi \u00e7ekim kurallar\u0131na uymal\u0131s\u0131n\u0131z?<\/strong> Frans\u0131zca farkl\u0131 zamanlar ve kipler sunsa da, fiillerin nas\u0131l \u00e7ekilece\u011fini anlamak o kadar da karma\u015f\u0131k de\u011fildir. Temel bilgiler, basit zamanlar (\u015fimdiki zaman, ge\u00e7mi\u015f zaman, gelecek zaman) ve bile\u015fik zamanlar (ge\u00e7mi\u015f zaman, ge\u00e7mi\u015f zaman) aras\u0131nda ayr\u0131m yapmakt\u0131r. Genellikle ba\u015flang\u0131\u00e7ta, g\u00fcnl\u00fck hayat\u0131n\u0131zdan bahsederken veya yapt\u0131klar\u0131n\u0131z\u0131 anlat\u0131rken en yayg\u0131n zamanlar olduklar\u0131 i\u00e7in, \u015fimdiki zaman\u0131 ve ge\u00e7mi\u015f zaman\u0131 kullan\u0131rs\u0131n\u0131z. Ezberlemeniz gereken birka\u00e7 fiil vard\u0131r: \u00ab\u00a0olmak\u00a0\u00bb, \u00ab\u00a0sahip olmak\u00a0\u00bb, \u00ab\u00a0gitmek\u00a0\u00bb ve \u00ab\u00a0yapmak\u00a0\u00bb. Bunlar g\u00fcnl\u00fck hayatta her yerde kulland\u0131\u011f\u0131m\u0131z d\u00fczensiz fiillerdir. \u00c7ekimleri al\u0131\u015f\u0131lm\u0131\u015f kurallara uymad\u0131\u011f\u0131 i\u00e7in ezberlemek en iyisidir. Fiil<i>\u015eimdiki zaman<\/i>Ge\u00e7mi\u015f zaman <i>Olmak<\/i>Ben var\u0131m, sen vars\u0131n, o\/o\/o, biz var\u0131z, siz vars\u0131n\u0131z, onlar var <i>Ben oldum, sen oldun, o\/o\/o, biz var\u0131z, siz oldunuz, onlar oldu<\/i>Sahip olmak <i>Ben var\u0131m, sen vars\u0131n, o\/o\/o, biz var\u0131z, siz vars\u0131n\u0131z, onlar var<\/i>Ben vard\u0131m, sen vard\u0131n, o\/o\/o, biz vard\u0131k, siz vard\u0131n\u0131z, onlar vard\u0131 <i>Gitmek<\/i> Ben giderim, sen gidersin, o\/o\/o gider, biz gideriz, siz gidersiniz, onlar gider\n<\/p>\n\n<p class=\"wp-block-paragraph\">\nBen gittim, sen gittin, o\/o\/o gitti, biz gittik, siz gittiniz, onlar gitti <strong>H\u0131zl\u0131 ipucu: \u00c7o\u011fu fiil i\u00e7in ekler, mastar ekine (-er, -ir, -re) dayal\u0131 d\u00fczenli kal\u0131plar\u0131 izler. Bunlar\u0131 y\u00fcksek sesle okuma al\u0131\u015fkanl\u0131\u011f\u0131 edinin; bir\u00e7ok ki\u015fi bunlar\u0131 konu\u015farak daha iyi hat\u0131rlar!<\/strong> G\u00fcnl\u00fck hayatta do\u011fru bir c\u00fcmle nas\u0131l kolayca kurulur? <strong><\/strong> Do\u011fru Frans\u0131zca c\u00fcmleler olu\u015fturun <strong>Birka\u00e7 basit y\u00f6nergeyi izleyerek \u00f6\u011frenebilirsiniz. Genellikle yap\u0131 \u00d6zne &#8211; Fiil &#8211; Nesne \u015feklindedir. K\u00fc\u00e7\u00fck bir ipucu: Her zaman kendinize \u00ab\u00a0Eylemi kim yap\u0131yor?\u00a0\u00bb diye sorarak ba\u015flay\u0131n. Bu, \u00f6zneniz olacakt\u0131r. Ard\u0131ndan, \u00ab\u00a0Ne yap\u0131yor?\u00a0\u00bb Bu fiil olacak ve ard\u0131ndan belirli bilgiyi sa\u011flayan nesne gelecektir. Do\u011frudan bir \u00f6rnek: \u00ab\u00a0Lucas televizyon izliyor.\u00a0\u00bb \u00ab\u00a0Lucas\u00a0\u00bb \u00f6zne, \u00ab\u00a0izliyor\u00a0\u00bb fiil ve \u00ab\u00a0televizyon\u00a0\u00bb do\u011frudan nesnedir. Bu yap\u0131ya hakim olduktan sonra, c\u00fcmlelerinizi zarf t\u00fcmle\u00e7leriyle kolayca uzatabilirsiniz: \u00ab\u00a0Lucas ak\u015famlar\u0131 oturma odas\u0131nda televizyon izliyor\u00a0\u00bb. Bir soru sormak i\u00e7in birka\u00e7 y\u00f6ntem vard\u0131r: zamiri ters \u00e7evirin (\u00ab\u00a0Televizyon izliyor mu?\u00a0\u00bb), ba\u015flang\u0131\u00e7ta \u00ab\u00a0Est-ce que\u00a0\u00bb kullan\u0131n (\u00ab\u00a0Televizyon izliyor mu?\u00a0\u00bb) veya konu\u015furken tonlama kullan\u0131n (\u00ab\u00a0Televizyon izliyor mu?\u00a0\u00bb). Fikirleri birbirine ba\u011flamak i\u00e7in mant\u0131ksal ba\u011fla\u00e7lar kullanmaktan \u00e7ekinmeyin: \u00ab\u00a0bu nedenle\u00a0\u00bb, \u00ab\u00a0\u00e7\u00fcnk\u00fc\u00a0\u00bb, \u00ab\u00a0ancak\u00a0\u00bb. \u00d6rne\u011fin: \u00ab\u00a0\u00c7ok \u00e7al\u0131\u015ft\u0131\u011f\u0131 i\u00e7in h\u0131zl\u0131 ilerliyor.\u00a0\u00bb Yeni ba\u015flayan biri olsan\u0131z bile, bu k\u00fc\u00e7\u00fck ifadeler Frans\u0131zcan\u0131z\u0131 daha ak\u0131c\u0131 ve do\u011fal hale getirir.<\/strong> D\u00fczenli pratik yaparak, hatta aynan\u0131n kar\u015f\u0131s\u0131nda konu\u015farak, bir c\u00fcmlenin unsurlar\u0131n\u0131 i\u00e7g\u00fcd\u00fcsel olarak do\u011fru yerlere yerle\u015ftirebilirsiniz. Farkl\u0131 kal\u0131plar deneyin, basit bir fikri farkl\u0131 varyasyonlara d\u00f6n\u00fc\u015ft\u00fcrmenin keyfini \u00e7\u0131kar\u0131n. Yap\u0131larla ne kadar \u00e7ok oynarsan\u0131z, o kadar do\u011fal hale gelecektir. Bazen biraz t\u00f6kezleyebilirsiniz, ama tam da bu \u015fekilde h\u0131zl\u0131 ilerlersiniz!\n<\/p>\n\n<p class=\"wp-block-paragraph\">\nYaz\u0131m ve noktalama hatalar\u0131ndan ka\u00e7\u0131nman\u0131n temel noktalar\u0131 nelerdir? <a href=\"https:\/\/www.fle.re\/blog\/aider-eleve-fle-pression\/\" target=\"_blank\"><\/a>Frans\u0131zca yaz\u0131m\n<\/p>\n\n<h2 class=\"wp-block-heading\"><span class=\"ez-toc-section\" id=\"Fransizca_atlanan_aksan_veya_harflere_pek_hosgorulu_degildir_Hatasiz_yazmak_icin_birkac_basit_aliskanlik_edinin_cumlenizi_her_zaman_tekrar_okuyun_ozne-fiil_uyumunu_saglayin_sifatlarin_isimle_uyumlu_olup_olmadigini_kontrol_edin_ve_aksanlari_dogru_yerlestirin_Keskin_vurgu_%C2%AB_e_%C2%BB_harfine_eleve_marche_kalin_vurgu_%C2%AB_e_%C2%BB_harfine_pere_probleme_yerlestirilir_ve_sapka_isareti_genellikle_eski_artik_kullanilmayan_bir_harfi_foret_hotel_belirtmek_icin_kullanilir_Cinsiyet_ve_sayi_konusunda_kafa_karisikligi_kacinilmasi_gereken_klasik_bir_tuzaktir_Kelimelerin_sonundaki_%C2%AB_e_%C2%BB_%C2%AB_s_%C2%BB_veya_%C2%AB_x_%C2%BB_harflerinin_nerede_olduguna_dikkat_ederek_yavasca_tekrar_okumak_en_iyisidir\"><\/span>Frans\u0131zca, atlanan aksan veya harflere pek ho\u015fg\u00f6r\u00fcl\u00fc de\u011fildir. Hatas\u0131z yazmak i\u00e7in birka\u00e7 basit al\u0131\u015fkanl\u0131k edinin: c\u00fcmlenizi her zaman tekrar okuyun, \u00f6zne-fiil uyumunu sa\u011flay\u0131n, s\u0131fatlar\u0131n isimle uyumlu olup olmad\u0131\u011f\u0131n\u0131 kontrol edin ve aksanlar\u0131 do\u011fru yerle\u015ftirin. Keskin vurgu \u00ab\u00a0\u00e9\u00a0\u00bb harfine (\u00e9l\u00e8ve, march\u00e9), kal\u0131n vurgu \u00ab\u00a0\u00e8\u00a0\u00bb harfine (p\u00e8re, probl\u00e8me) yerle\u015ftirilir ve \u015fapka i\u015fareti genellikle eski, art\u0131k kullan\u0131lmayan bir harfi (for\u00eat, h\u00f4tel) belirtmek i\u00e7in kullan\u0131l\u0131r. Cinsiyet ve say\u0131 konusunda kafa kar\u0131\u015f\u0131kl\u0131\u011f\u0131, ka\u00e7\u0131n\u0131lmas\u0131 gereken klasik bir tuzakt\u0131r: Kelimelerin sonundaki \u00ab\u00a0e\u00a0\u00bb, \u00ab\u00a0s\u00a0\u00bb veya \u00ab\u00a0x\u00a0\u00bb harflerinin nerede oldu\u011funa dikkat ederek yava\u015f\u00e7a tekrar okumak en iyisidir.<span class=\"ez-toc-section-end\"><\/span><\/h2>\n\n<p class=\"wp-block-paragraph\">\nFrans\u0131zca noktalama i\u015faretlerinin de kendi kurallar\u0131 vard\u0131r: iki nokta \u00fcst \u00fcste, soru i\u015fareti ve \u00fcnlem i\u015faretinden \u00f6nce bo\u015fluk. Virg\u00fcl\u00fc unutmak veya noktay\u0131 yanl\u0131\u015f zamanda koymak c\u00fcmlenin anlam\u0131n\u0131 de\u011fi\u015ftirebilir (ve aceleniz oldu\u011funda bu kolayca olur). Bir fikri sonland\u0131rmak i\u00e7in nokta, kelimeleri ay\u0131rmak i\u00e7in virg\u00fcl, soru sormak i\u00e7in soru i\u015fareti ve bir duyguyu ifade etmek i\u00e7in \u00fcnlem i\u015fareti kullan\u0131n. <strong><\/strong>H\u0131zl\u0131 ilerlemek istiyorsan\u0131z k\u00fc\u00e7\u00fck bir ipucu: Her g\u00fcn elle veya bilgisayarda birka\u00e7 c\u00fcmle yazma al\u0131\u015fkanl\u0131\u011f\u0131 edinin; vurgu ve noktalama i\u015faretlerine dikkat edin. Tekrar \u00e7ok \u00f6nemli! Hata yaparsan\u0131z, hemen d\u00fczeltmeyi deneyin veya neden yapt\u0131\u011f\u0131n\u0131z\u0131 anlamaya \u00e7al\u0131\u015f\u0131n: kural\u0131 \u00e7ok daha iyi hat\u0131rlayacaks\u0131n\u0131z. Dil bilgisi ve yaz\u0131m\u0131n temelleri b\u00f6ylece ikinci do\u011fan\u0131z haline gelir; pratikle, herhangi bir \u00e7aba bile gerektirmez. <i><\/i> Sonu\u00e7 <i>Frans\u0131zca dil bilgisinin basit kurallar\u0131na hakim olmak, Frans\u0131zcada en ba\u015f\u0131ndan itibaren net ve kesin c\u00fcmleler yazman\u0131z\u0131 sa\u011flar. Kelimelerin do\u011fas\u0131n\u0131 ve i\u015flevini anlamak, c\u00fcmle analizini kolayla\u015ft\u0131r\u0131r ve cinsiyet ve say\u0131 uyumunu uygulamak, farkl\u0131 unsurlar\u0131 uyumlu hale getirmeye yard\u0131mc\u0131 olur.<\/i> \n<\/p>\n\n<ul class=\"wp-block-list\"><li>\n    <strong>Fiil \u00c7ekimi<\/strong> ve\n<\/li><li>\n    <strong>C\u00fcmle yap\u0131s\u0131, hem yaz\u0131l\u0131 hem de s\u00f6zl\u00fc Frans\u0131zcada ilerlemenin ger\u00e7ek temelleridir. \u00d6zneyi nas\u0131l yerle\u015ftirece\u011finizi, bir fiili nas\u0131l \u00e7ekece\u011finizi veya bir s\u0131fat\u0131 nas\u0131l uyumlu hale getirece\u011finizi bildi\u011finizde kendinizi h\u0131zla daha rahat hissedersiniz. Yava\u015f yava\u015f, birka\u00e7 basit al\u0131\u015fkanl\u0131kla, Frans\u0131zca ileti\u015fim neredeyse hi\u00e7 d\u00fc\u015f\u00fcnmeden daha do\u011fal hale gelir. Yaz\u0131m ve noktalama i\u015faretlerine dikkat etmek, yaz\u0131l\u0131 bir mesajda t\u00fcm fark\u0131 yarat\u0131r. Yeni ba\u015flayanlar i\u00e7in bile, bu ipu\u00e7lar\u0131n\u0131 hat\u0131rlamak dili daha eri\u015filebilir ve daha az korkutucu hale getirir. G\u00f6receksiniz, her \u00e7aba h\u0131zla kar\u015f\u0131l\u0131\u011f\u0131n\u0131 verir!<\/strong> Yeni ba\u015flayanlar i\u00e7in Frans\u0131zca dilbilgisinde s\u00f6zc\u00fck t\u00fcr\u00fc ile bir kelimenin i\u015flevi nas\u0131l ay\u0131rt edilir: basit kurallar?\n<\/li><li>\n    <strong>Yeni ba\u015flayanlar i\u00e7in Frans\u0131zca dilbilgisinde s\u00f6zc\u00fck t\u00fcr\u00fc ve bir kelimenin i\u015flevi iki temel kavramd\u0131r: basit kurallar.<\/strong> Bir kelimenin s\u00f6zc\u00fck t\u00fcr\u00fc, dilbilgisi kategorisine (isim, fiil, s\u0131fat, zamir vb.) kar\u015f\u0131l\u0131k gelirken, i\u015flevi c\u00fcmlede oynad\u0131\u011f\u0131 rol\u00fc (\u00f6zne, nesne vb.) g\u00f6sterir. \u00d6rne\u011fin, \u00ab\u00a0livre\u00a0\u00bb (kitap) bir isimdir ve \u00ab\u00a0Le livre est neuf\u00a0\u00bb (Kitap yeni) c\u00fcmlesinde \u00f6zne i\u015flevi g\u00f6rebilir. Bu iki kategoriyi net bir \u015fekilde ay\u0131rt etmek i\u00e7in, her kelimenin kategorisini belirlemek ve ard\u0131ndan c\u00fcmledeki konumunu ve i\u015flevini incelemek \u00f6nemlidir. Bu iki kavram\u0131 ay\u0131rmak, c\u00fcmleleri daha iyi anlaman\u0131za ve analiz etmenize yard\u0131mc\u0131 olur.\n<\/li><li>\n    <strong>Frans\u0131zca dilbilgisinde yeni ba\u015flayanlar i\u00e7in temel uyumlar nelerdir?<\/strong> \n<\/li><li>\n    <strong><\/strong> Yeni ba\u015flayanlar i\u00e7in Frans\u0131zca dilbilgisi: basit kurallar <i>b\u00f6l\u00fcm\u00fcnde, temel uyumlar<\/i> cinsiyet <i>(eril\/di\u015fil) ve<\/i> say\u0131\n<\/li><\/ul>\n\n<p class=\"wp-block-paragraph\">\n(tekil\/\u00e7o\u011ful) ile ilgilidir. S\u0131fatlar isimle uyumludur: \u00ab\u00a0une maison blanche\u00a0\u00bb (beyaz bir ev), \u00ab\u00a0des maisons blanches\u00a0\u00bb (beyaz evler). Ge\u00e7mi\u015f zaman orta\u00e7lar\u0131, kullan\u0131lan yard\u0131mc\u0131 fiile g\u00f6re uyum sa\u011flar: \u00ab\u00a0\u00eatre\u00a0\u00bb (olmak) ile \u00f6zneye (\u00ab\u00a0elles sont parties\u00a0\u00bb &#8211; ayr\u0131ld\u0131lar) ve \u00ab\u00a0avoir\u00a0\u00bb (sahip olmak) ile fiilden \u00f6nce geliyorsa do\u011frudan nesneye (\u00ab\u00a0Les fleurs qu&rsquo;elle a achet\u00e9s\u00a0\u00bb &#8211; sat\u0131n ald\u0131\u011f\u0131 \u00e7i\u00e7ekler) uyum sa\u011flar. Bu uyumlara uyulmas\u0131 c\u00fcmleleri do\u011fru ve uyumlu hale getirir.\n<\/p>\n\n<h2 class=\"wp-block-heading\"><span class=\"ez-toc-section\" id=\"Yeni_Baslayanlar_Icin_Fransizca_Dilbilgisinde_Kacinilmasi_Gereken_Yaygin_Hatalar_Basit_Kurallar\"><\/span>Yeni Ba\u015flayanlar \u0130\u00e7in Frans\u0131zca Dilbilgisinde Ka\u00e7\u0131n\u0131lmas\u0131 Gereken Yayg\u0131n Hatalar: Basit Kurallar?<span class=\"ez-toc-section-end\"><\/span><\/h2>\n\n<p class=\"wp-block-paragraph\">\n <strong>Yeni ba\u015flayanlar i\u00e7in Frans\u0131zca dilbilgisi: basit kurallar \u00f6\u011frenirken, s\u0131fatlar\u0131n \u00e7o\u011ful halde uyumlu olmas\u0131n\u0131 unutmak (\u00ab\u00a0des fleurs rouges\u00a0\u00bb ve \u00ab\u00a0des fleurs rouge\u00a0\u00bb de\u011fil), do\u011frudan ve dolayl\u0131 nesneleri kar\u0131\u015ft\u0131rmak (\u00ab\u00a0parler \u00e0 Paul\u00a0\u00bb, \u00ab\u00a0voir Paul\u00a0\u00bb ile ayn\u0131 \u015fey de\u011fildir), zamirleri c\u00fcmleye yanl\u0131\u015f yerle\u015ftirmek veya ge\u00e7mi\u015f zaman ortac\u0131n\u0131n \u00ab\u00a0avoir\u00a0\u00bb ile yanl\u0131\u015f uyumlu hale getirilmesi gibi yayg\u0131n hatalar yap\u0131labilir. Bu hatalar\u0131 fark etmek, daha h\u0131zl\u0131 ilerlemenize ve do\u011fru c\u00fcmleler yazman\u0131za yard\u0131mc\u0131 olur.<\/strong> Yeni Ba\u015flayanlar \u0130\u00e7in Frans\u0131zca Dilbilgisinde Basit Bir C\u00fcmle Nas\u0131l Olu\u015fturulur? <i><\/i> Yeni ba\u015flayanlar i\u00e7in Frans\u0131zca dilbilgisi: basit kurallarda, temel yap\u0131 \u00d6zne-Fiil-Nesne modelini izler. \u00d6rne\u011fin: \u00ab\u00a0Le chien mange une pomme\u00a0\u00bb (K\u00f6pek bir elma yer). Bir soru i\u00e7in, ters \u00e7evirme (\u00ab\u00a0Mange-t-il?\u00a0\u00bb &#8211; Yiyor mu?) veya \u00ab\u00a0est-ce que\u00a0\u00bb (\u00ab\u00a0Est-ce qu\u2019il mange?\u00a0\u00bb &#8211; Yiyor mu?) kullanabilirsiniz. Standart bir c\u00fcmlede fiili do\u011frudan \u00f6zneden sonra yerle\u015ftirmek ve ard\u0131ndan t\u00fcmle\u00e7leri eklemek \u00f6nemlidir. Bu yap\u0131, hem s\u00f6zl\u00fc hem de yaz\u0131l\u0131 olarak netli\u011fi ve anlamay\u0131 kolayla\u015ft\u0131r\u0131r. <i>Yeni ba\u015flayanlar Frans\u0131zca dilbilgisinde hangi fiil zamanlar\u0131n\u0131 \u00f6nce \u00e7al\u0131\u015fmal\u0131d\u0131r: basit kurallar?<\/i> <strong>Yeni ba\u015flayanlar i\u00e7in Frans\u0131zca dilbilgisi: basit kurallar<\/strong>  <strong>\u015eimdiki zaman, ge\u00e7mi\u015f zaman ve basit gelecek zaman ile ba\u015flay\u0131n. Bunlar hem s\u00f6zl\u00fc hem de yaz\u0131l\u0131 Frans\u0131zcada en s\u0131k kullan\u0131lan zamanlard\u0131r. \u015eimdiki zaman, mevcut eylemleri, ge\u00e7mi\u015f zaman ve basit gelecek zaman al\u0131\u015fkanl\u0131klar\u0131n\u0131 ifade eder. Ayr\u0131ca \u00ab\u00a0\u00eatre\u00a0\u00bb (olmak), \u00ab\u00a0avoir\u00a0\u00bb (sahip olmak), \u00ab\u00a0aller\u00a0\u00bb (gitmek) ve \u00ab\u00a0faire\u00a0\u00bb (yapmak\/yapmak) gibi yayg\u0131n fiilleri de \u00e7al\u0131\u015f\u0131n. Bu temel bilgiler, \u00e7o\u011fu g\u00fcnl\u00fck durumda kendinizi ifade etmenizi sa\u011flar.<\/strong>\n<\/p>\n\n<p class=\"wp-block-paragraph\">\nKaynaklar <i>Frans\u0131z Akademisi. \u00ab\u00a0Dilbilgisi \u0130\u015flevleri: Tan\u0131mlar ve Al\u0131\u015ft\u0131rmalar.\u00a0\u00bb Frans\u0131z Akademisi, tarihsiz. Eri\u015fim tarihi: 18 Haziran 2024.<\/i> \n<\/p>\n\n<figure class=\"wp-block-table\"><table>\n<tr>\n<th>Bkz.<\/th>\n<th>Milli E\u011fitim ve Gen\u00e7lik Bakanl\u0131\u011f\u0131. \u00ab\u00a0Frans\u0131zca Dilbilgisi &#8211; Kurallar ve Anla\u015fmalar\u00a0\u00bb. \u00c9duscol, 5 Ekim 2023. Eri\u015fim tarihi: 18 Haziran 2024.<\/th>\n<th><\/th>\n<\/tr>\n<tr>\n<td><strong>Ayr\u0131ca bak\u0131n\u0131z: Le Robert. \u00ab\u00a0Frans\u0131zca Dilbilgisi S\u00f6zl\u00fc\u011f\u00fc: Temel Tan\u0131mlar\u00a0\u00bb. Le Robert, tarihsiz. Eri\u015fim tarihi: 18 Haziran 2024.<\/strong><\/td>\n<td><\/td>\n<td>Ayr\u0131ca bak\u0131n\u0131z: Frans\u0131z Akademisi S\u00f6zl\u00fc\u011f\u00fc. \u00ab\u00a0Ge\u00e7mi\u015f Zaman Ortac\u0131 Anla\u015fmas\u0131\u00a0\u00bb. Frans\u0131z Akademisi S\u00f6zl\u00fc\u011f\u00fc, tarihsiz. Eri\u015fim tarihi: 18 Haziran 2024.<\/td>\n<\/tr>\n<tr>\n<td><strong><\/strong><\/td>\n<td>Ayr\u0131ca bak\u0131n\u0131z:<\/td>\n<td><\/td>\n<\/tr>\n<tr>\n<td><strong><\/strong><\/td>\n<td><\/td>\n<td><\/td>\n<\/tr>\n<\/table><\/figure>\n\n<p class=\"wp-block-paragraph\">\n\n<\/p>\n\n<h2 class=\"wp-block-heading\"><\/h2>\n\n<p class=\"wp-block-paragraph\">\n <strong><\/strong>  <i><\/i> <i><\/i>\n<\/p>\n\n<p class=\"wp-block-paragraph\">\n\n<\/p>\n\n<p class=\"wp-block-paragraph\">\n\n<\/p>\n\n<h2 class=\"wp-block-heading\"><\/h2>\n\n<p class=\"wp-block-paragraph\">\n<strong><\/strong> \n<\/p>\n\n<p class=\"wp-block-paragraph\">\n\n<\/p>\n\n<p class=\"wp-block-paragraph\">\n<strong><\/strong>  <i><\/i><\/p>\n\n<h2 class=\"wp-block-heading\"><\/h2>\n\n<p class=\"wp-block-paragraph\">\n <strong><\/strong>  <strong><\/strong>  <strong><\/strong> \n<\/p>\n\n<p class=\"wp-block-paragraph\">\n <strong><\/strong>  <strong><\/strong>  <strong><\/strong> \n<\/p>\n\n<p class=\"wp-block-paragraph\">\n <strong><\/strong> \n<\/p>\n\n<p class=\"wp-block-paragraph\"><section class=\"faq\">\n<div>\n<h2><\/h2>\n<div>\n<p><strong><\/strong>  <strong><\/strong>  <strong><\/strong><\/p>\n<\/div>\n<\/div>\n<div>\n<h2><\/h2>\n<div>\n<p> <strong><\/strong> <strong><\/strong>  <strong><\/strong> <\/p>\n<\/div>\n<\/div>\n<div>\n<h2><\/h2>\n<div>\n<p> <strong><\/strong><\/p>\n<\/div>\n<\/div>\n<div>\n<h2><\/h2>\n<div>\n<p> <strong><\/strong><\/p>\n<\/div>\n<\/div>\n<div>\n<h2><\/h2>\n<div>\n<p> <strong><\/strong><\/p>\n<\/div>\n<\/div>\n<\/section><\/p>\n\n<p class=\"wp-block-paragraph\">\n{\n  \u00ab\u00a0@context\u00a0\u00bb: \u00ab\u00a0https:\/\/schema.org\u00a0\u00bb,\n  \u00ab\u00a0@type\u00a0\u00bb: \u00ab\u00a0FAQPage\u00a0\u00bb,\n  \u00ab\u00a0mainEntity\u00a0\u00bb: [\n    {\n      \u00ab\u00a0@type\u00a0\u00bb: \u00ab\u00a0Question\u00a0\u00bb,\n      \u00ab\u00a0name\u00a0\u00bb: \u00ab\u00a0Comment diff\u00e9rencier nature et fonction d\u2019un mot en grammaire fran\u00e7aise d\u00e9butants\u00a0: r\u00e8gles simples\u00a0?\u00a0\u00bb,\n      \u00ab\u00a0acceptedAnswer\u00a0\u00bb: {\n        \u00ab\u00a0@type\u00a0\u00bb: \u00ab\u00a0Answer\u00a0\u00bb,\n        \u00ab\u00a0text\u00a0\u00bb: \u00ab\u00a0La nature d\u2019un mot correspond \u00e0 sa cat\u00e9gorie grammaticale (nom, verbe, etc.), tandis que la fonction indique le r\u00f4le du mot dans la phrase (sujet, compl\u00e9ment, etc.). Par exemple, \u00ab\u00a0chat\u00a0\u00bb est un nom de nature et peut \u00eatre sujet d\u2019une phrase.\u00a0\u00bb\n      }\n    },\n    {\n      \u00ab\u00a0@type\u00a0\u00bb: \u00ab\u00a0Question\u00a0\u00bb,\n      \u00ab\u00a0name\u00a0\u00bb: \u00ab\u00a0Quels sont les principaux accords pour les d\u00e9butants en grammaire fran\u00e7aise\u00a0?\u00a0\u00bb,\n      \u00ab\u00a0acceptedAnswer\u00a0\u00bb: {\n        \u00ab\u00a0@type\u00a0\u00bb: \u00ab\u00a0Answer\u00a0\u00bb,\n        \u00ab\u00a0text\u00a0\u00bb: \u00ab\u00a0Les accords les plus courants portent sur le genre et le nombre. Les adjectifs s\u2019accordent avec le nom. Les participes pass\u00e9s s\u2019accordent avec le sujet ou le COD selon l\u2019auxiliaire employ\u00e9 (&lsquo;\u00eatre&rsquo; ou &lsquo;avoir&rsquo;).\u00a0\u00bb\n      }\n    },\n    {\n      \u00ab\u00a0@type\u00a0\u00bb: \u00ab\u00a0Question\u00a0\u00bb,\n      \u00ab\u00a0name\u00a0\u00bb: \u00ab\u00a0Fausses erreurs communes \u00e0 \u00e9viter en grammaire fran\u00e7aise d\u00e9butants\u00a0: r\u00e8gles simples\u00a0?\u00a0\u00bb,\n      \u00ab\u00a0acceptedAnswer\u00a0\u00bb: {\n        \u00ab\u00a0@type\u00a0\u00bb: \u00ab\u00a0Answer\u00a0\u00bb,\n        \u00ab\u00a0text\u00a0\u00bb: \u00ab\u00a0Parmi les erreurs fr\u00e9quentes\u00a0: oublier l\u2019accord de l\u2019adjectif au pluriel, confondre COD et COI, placer mal les pronoms, ou mal accorder le participe pass\u00e9 avec \u00ab\u00a0avoir\u00a0\u00bb lorsque le COD est plac\u00e9 avant.\u00a0\u00bb\n      }\n    },\n    {\n      \u00ab\u00a0@type\u00a0\u00bb: \u00ab\u00a0Question\u00a0\u00bb,\n      \u00ab\u00a0name\u00a0\u00bb: \u00ab\u00a0Comment structurer une phrase simple en grammaire fran\u00e7aise pour d\u00e9butants\u00a0?\u00a0\u00bb,\n      \u00ab\u00a0acceptedAnswer\u00a0\u00bb: {\n        \u00ab\u00a0@type\u00a0\u00bb: \u00ab\u00a0Answer\u00a0\u00bb,\n        \u00ab\u00a0text\u00a0\u00bb: \u00ab\u00a0La structure classique est Sujet \u2013 Verbe \u2013 Compl\u00e9ment. Exemple\u00a0: \u00ab\u00a0Le chien mange une pomme.\u00a0\u00bb Pour poser une question, on peut utiliser l\u2019inversion ou l\u2019expression \u00ab\u00a0est-ce que\u00a0\u00bb.\u00a0\u00bb\n      }\n    },\n    {\n      \u00ab\u00a0@type\u00a0\u00bb: \u00ab\u00a0Question\u00a0\u00bb,\n      \u00ab\u00a0name\u00a0\u00bb: \u00ab\u00a0Quels temps de conjugaison pratiquer en premier en grammaire fran\u00e7aise d\u00e9butants\u00a0: r\u00e8gles simples\u00a0?\u00a0\u00bb,\n      \u00ab\u00a0acceptedAnswer\u00a0\u00bb: {\n        \u00ab\u00a0@type\u00a0\u00bb: \u00ab\u00a0Answer\u00a0\u00bb,\n        \u00ab\u00a0text\u00a0\u00bb: \u00ab\u00a0Il est utile de pratiquer le pr\u00e9sent de l\u2019indicatif, l\u2019imparfait et le futur simple. Ce sont les temps les plus employ\u00e9s, accompagn\u00e9s de verbes courants comme \u00ab\u00a0\u00eatre\u00a0\u00bb, \u00ab\u00a0avoir\u00a0\u00bb, \u00ab\u00a0aller\u00a0\u00bb et \u00ab\u00a0faire\u00a0\u00bb.\u00a0\u00bb\n      }\n    }\n  ]\n}\n<\/p>\n\n<h2 class=\"wp-block-heading\"><\/h2>\n\n<ol class=\"wp-block-list\"><li> <a href=\"https:\/\/www.academie-francaise.fr\/les-fonctions-grammaticales-definitions-et-exercices\" rel=\"nofollow noopener noreferrer\" target=\"_blank\"><\/a><\/li><li> <a href=\"https:\/\/eduscol.education.fr\/3336\/grammaire-francaise-regles-et-accords\" rel=\"nofollow noopener noreferrer\" target=\"_blank\"><\/a><\/li><li> <a href=\"https:\/\/dictionnaire.lerobert.com\/guide\/grammaire-definition-et-notions-cles\" rel=\"nofollow noopener noreferrer\" target=\"_blank\"><\/a><\/li><li> <a href=\"https:\/\/dictionnaire-academie.fr\/article\/A9P0191\" rel=\"nofollow noopener noreferrer\" target=\"_blank\"><\/a><\/li><\/ol>\n\n\n","protected":false},"excerpt":{"rendered":"<p>Yeni ba\u015flayanlar i\u00e7in Frans\u0131zca dilbilgisi \u00f6\u011frenmek g\u00f6z korkutucu g\u00f6r\u00fcnebilir, ancak ger\u00e7ekte her \u015fey birka\u00e7 basit kurala dayan\u0131r. C\u00fcmleleri iyi kurmak [&hellip;]<\/p>\n","protected":false},"author":2,"featured_media":262,"comment_status":"open","ping_status":"open","sticky":false,"template":"","format":"standard","meta":{"_crdt_document":"","site-sidebar-layout":"default","site-content-layout":"","ast-site-content-layout":"default","site-content-style":"default","site-sidebar-style":"default","ast-global-header-display":"","ast-banner-title-visibility":"","ast-main-header-display":"","ast-hfb-above-header-display":"","ast-hfb-below-header-display":"","ast-hfb-mobile-header-display":"","site-post-title":"","ast-breadcrumbs-content":"","ast-featured-img":"","footer-sml-layout":"","ast-disable-related-posts":"","theme-transparent-header-meta":"","adv-header-id-meta":"","stick-header-meta":"","header-above-stick-meta":"","header-main-stick-meta":"","header-below-stick-meta":"","astra-migrate-meta-layouts":"default","ast-page-background-enabled":"default","ast-page-background-meta":{"desktop":{"background-color":"var(--ast-global-color-5)","background-image":"","background-repeat":"repeat","background-position":"center center","background-size":"auto","background-attachment":"scroll","background-type":"","background-media":"","overlay-type":"","overlay-color":"","overlay-opacity":"","overlay-gradient":""},"tablet":{"background-color":"","background-image":"","background-repeat":"repeat","background-position":"center center","background-size":"auto","background-attachment":"scroll","background-type":"","background-media":"","overlay-type":"","overlay-color":"","overlay-opacity":"","overlay-gradient":""},"mobile":{"background-color":"","background-image":"","background-repeat":"repeat","background-position":"center center","background-size":"auto","background-attachment":"scroll","background-type":"","background-media":"","overlay-type":"","overlay-color":"","overlay-opacity":"","overlay-gradient":""}},"ast-content-background-meta":{"desktop":{"background-color":"var(--ast-global-color-4)","background-image":"","background-repeat":"repeat","background-position":"center center","background-size":"auto","background-attachment":"scroll","background-type":"","background-media":"","overlay-type":"","overlay-color":"","overlay-opacity":"","overlay-gradient":""},"tablet":{"background-color":"var(--ast-global-color-4)","background-image":"","background-repeat":"repeat","background-position":"center center","background-size":"auto","background-attachment":"scroll","background-type":"","background-media":"","overlay-type":"","overlay-color":"","overlay-opacity":"","overlay-gradient":""},"mobile":{"background-color":"var(--ast-global-color-4)","background-image":"","background-repeat":"repeat","background-position":"center center","background-size":"auto","background-attachment":"scroll","background-type":"","background-media":"","overlay-type":"","overlay-color":"","overlay-opacity":"","overlay-gradient":""}},"footnotes":""},"categories":[708],"tags":[1830,1827,1821,1730,1824],"class_list":["post-1040","post","type-post","status-publish","format-standard","has-post-thumbnail","hentry","category-non-classe-tr","tag-basit-kurallar-tr","tag-fransizca-dilbilgisi-tr","tag-gramer-ogren-tr","tag-kolay-fransizca-tr","tag-yeni-baslayanlar-tr"],"_links":{"self":[{"href":"https:\/\/www.fle.re\/blog\/wp-json\/wp\/v2\/posts\/1040","targetHints":{"allow":["GET"]}}],"collection":[{"href":"https:\/\/www.fle.re\/blog\/wp-json\/wp\/v2\/posts"}],"about":[{"href":"https:\/\/www.fle.re\/blog\/wp-json\/wp\/v2\/types\/post"}],"author":[{"embeddable":true,"href":"https:\/\/www.fle.re\/blog\/wp-json\/wp\/v2\/users\/2"}],"replies":[{"embeddable":true,"href":"https:\/\/www.fle.re\/blog\/wp-json\/wp\/v2\/comments?post=1040"}],"version-history":[{"count":1,"href":"https:\/\/www.fle.re\/blog\/wp-json\/wp\/v2\/posts\/1040\/revisions"}],"predecessor-version":[{"id":1041,"href":"https:\/\/www.fle.re\/blog\/wp-json\/wp\/v2\/posts\/1040\/revisions\/1041"}],"wp:featuredmedia":[{"embeddable":true,"href":"https:\/\/www.fle.re\/blog\/wp-json\/wp\/v2\/media\/262"}],"wp:attachment":[{"href":"https:\/\/www.fle.re\/blog\/wp-json\/wp\/v2\/media?parent=1040"}],"wp:term":[{"taxonomy":"category","embeddable":true,"href":"https:\/\/www.fle.re\/blog\/wp-json\/wp\/v2\/categories?post=1040"},{"taxonomy":"post_tag","embeddable":true,"href":"https:\/\/www.fle.re\/blog\/wp-json\/wp\/v2\/tags?post=1040"}],"curies":[{"name":"wp","href":"https:\/\/api.w.org\/{rel}","templated":true}]}}