{"id":1153,"date":"2025-12-09T18:20:44","date_gmt":"2025-12-09T18:20:44","guid":{"rendered":"https:\/\/www.fle.re\/blog\/?p=1153"},"modified":"2025-12-09T18:20:47","modified_gmt":"2025-12-09T18:20:47","slug":"dijital-kaynaklari-kullanarak-fransizcanizi-nasil-gelistirebilirsiniz","status":"publish","type":"post","link":"https:\/\/www.fle.re\/blog\/tr\/dijital-kaynaklari-kullanarak-fransizcanizi-nasil-gelistirebilirsiniz\/","title":{"rendered":"Dijital kaynaklar\u0131 kullanarak Frans\u0131zcan\u0131z\u0131 nas\u0131l geli\u015ftirebilirsiniz?"},"content":{"rendered":"<p class=\"wp-block-paragraph\">Dijital teknolojilerin y\u00fckseli\u015fiyle birlikte Frans\u0131zca \u00f6\u011frenmek, e\u015fi benzeri g\u00f6r\u00fclmemi\u015f olanaklarla dolu yeni bir boyut kazand\u0131. Dijital kaynaklar\u0131n kullan\u0131m\u0131, dile yakla\u015f\u0131m\u0131m\u0131zda devrim yarat\u0131yor ve ola\u011fan\u00fcst\u00fc bir esneklik ve pedagojik derinlik sunuyor. \u0130ster yeni gelen uluslararas\u0131 bir \u00f6\u011frenci, ister kariyer yeniden e\u011fitimi alan bir yeti\u015fkin, ister ak\u0131c\u0131l\u0131\u011f\u0131n\u0131 derinle\u015ftirmek isteyen tutkulu bir birey olsun, dijital ara\u00e7lar vazge\u00e7ilmez m\u00fcttefikler haline geldi. \u00c7evrimi\u00e7i kendi kendine \u00e7al\u0131\u015fmadan etkile\u015fimli dil prati\u011fine kadar Frans\u0131zcada ilerlemek i\u00e7in \u00e7ok say\u0131da yakla\u015f\u0131m sunarak her an\u0131 dilsel zenginle\u015fme f\u0131rsat\u0131na d\u00f6n\u00fc\u015ft\u00fcr\u00fcyorlar.<\/p>\n\n<p class=\"wp-block-paragraph\"><\/p>\n\n<div id=\"ez-toc-container\" class=\"ez-toc-v2_0_82_2 ez-toc-wrap-center counter-hierarchy ez-toc-counter ez-toc-transparent ez-toc-container-direction\">\n<div class=\"ez-toc-title-container\">\n<p class=\"ez-toc-title\" style=\"cursor:inherit\">Sommaire<\/p>\n<span class=\"ez-toc-title-toggle\"><a href=\"#\" class=\"ez-toc-pull-right ez-toc-btn ez-toc-btn-xs ez-toc-btn-default ez-toc-toggle\" aria-label=\"Toggle Table of Content\"><span class=\"ez-toc-js-icon-con\"><span class=\"\"><span class=\"eztoc-hide\" style=\"display:none;\">Toggle<\/span><span class=\"ez-toc-icon-toggle-span\"><svg style=\"fill: #999;color:#999\" xmlns=\"http:\/\/www.w3.org\/2000\/svg\" class=\"list-377408\" width=\"20px\" height=\"20px\" viewBox=\"0 0 24 24\" fill=\"none\"><path d=\"M6 6H4v2h2V6zm14 0H8v2h12V6zM4 11h2v2H4v-2zm16 0H8v2h12v-2zM4 16h2v2H4v-2zm16 0H8v2h12v-2z\" fill=\"currentColor\"><\/path><\/svg><svg style=\"fill: #999;color:#999\" class=\"arrow-unsorted-368013\" xmlns=\"http:\/\/www.w3.org\/2000\/svg\" width=\"10px\" height=\"10px\" viewBox=\"0 0 24 24\" version=\"1.2\" baseProfile=\"tiny\"><path d=\"M18.2 9.3l-6.2-6.3-6.2 6.3c-.2.2-.3.4-.3.7s.1.5.3.7c.2.2.4.3.7.3h11c.3 0 .5-.1.7-.3.2-.2.3-.5.3-.7s-.1-.5-.3-.7zM5.8 14.7l6.2 6.3 6.2-6.3c.2-.2.3-.5.3-.7s-.1-.5-.3-.7c-.2-.2-.4-.3-.7-.3h-11c-.3 0-.5.1-.7.3-.2.2-.3.5-.3.7s.1.5.3.7z\"\/><\/svg><\/span><\/span><\/span><\/a><\/span><\/div>\n<nav><ul class='ez-toc-list ez-toc-list-level-1 eztoc-toggle-hide-by-default' ><li class='ez-toc-page-1 ez-toc-heading-level-2'><a class=\"ez-toc-link ez-toc-heading-1\" href=\"https:\/\/www.fle.re\/blog\/tr\/dijital-kaynaklari-kullanarak-fransizcanizi-nasil-gelistirebilirsiniz\/#Bu_dijital_devrim_sadece_ogrencileri_ilgilendirmiyor_Ogretmenler_ayrica_derslerin_kisisellestirilmesini_ilerlemenin_izlenmesini_ve_alistirmalarin_tum_seviyelere_uyarlanmasini_kolaylastiran_kapsamli_dijital_ogretim_araclariyla_donatiliyor_Dahasi_bu_platformlar_ister_cocuklar_ister_gencler_ister_ogrenciler_veya_profesyoneller_olsun_farkli_profillere_ozel_icerikler_sunuyor_Dijital_kaynaklarin_bu_sekilde_demokratiklesmesi_Fransizcaya_genis_ve_cesitli_erisimi_kolaylastirarak_her_zaman_kisinin_kendi_hizina_uyarlanmis_dinamik_bir_ogrenmeyi_tesvik_ediyor_Fransizcada_etkili_bir_sekilde_ilerlemek_icin_hangi_dijital_araclari_secmelisiniz\" >Bu dijital devrim sadece \u00f6\u011frencileri ilgilendirmiyor. \u00d6\u011fretmenler ayr\u0131ca derslerin ki\u015fiselle\u015ftirilmesini, ilerlemenin izlenmesini ve al\u0131\u015ft\u0131rmalar\u0131n t\u00fcm seviyelere uyarlanmas\u0131n\u0131 kolayla\u015ft\u0131ran kapsaml\u0131 dijital \u00f6\u011fretim ara\u00e7lar\u0131yla donat\u0131l\u0131yor. Dahas\u0131, bu platformlar ister \u00e7ocuklar, ister gen\u00e7ler, ister \u00f6\u011frenciler veya profesyoneller olsun, farkl\u0131 profillere \u00f6zel i\u00e7erikler sunuyor. Dijital kaynaklar\u0131n bu \u015fekilde demokratikle\u015fmesi, Frans\u0131zcaya geni\u015f ve \u00e7e\u015fitli eri\u015fimi kolayla\u015ft\u0131rarak, her zaman ki\u015finin kendi h\u0131z\u0131na uyarlanm\u0131\u015f dinamik bir \u00f6\u011frenmeyi te\u015fvik ediyor. Frans\u0131zcada etkili bir \u015fekilde ilerlemek i\u00e7in hangi dijital ara\u00e7lar\u0131 se\u00e7melisiniz?<\/a><\/li><li class='ez-toc-page-1 ez-toc-heading-level-2'><a class=\"ez-toc-link ez-toc-heading-2\" href=\"https:\/\/www.fle.re\/blog\/tr\/dijital-kaynaklari-kullanarak-fransizcanizi-nasil-gelistirebilirsiniz\/#Etkilerini_somut_bir_sekilde_gostermek_gerekirse_14_yasindaki_ortaokul_ogrencisi_Lea_odevlerinde_duzenli_olarak_Projet_Voltaire_kullanmaya_basladigindan_beri_yazim_becerilerini_onemli_olcude_gelistirdi_Dikte_puanlari_birkac_puan_artarak_rehberli_dijital_ogrenmenin_olumlu_etkisini_kanitliyor_Bu_tur_bir_deneyim_bu_araclarin_gunluk_ogrenme_rutinlerine_entegre_edilmesini_tesvik_ederek_dili_daha_erisilebilir_ve_daha_az_korkutucu_hale_getiriyor\" >Etkilerini somut bir \u015fekilde g\u00f6stermek gerekirse, 14 ya\u015f\u0131ndaki ortaokul \u00f6\u011frencisi L\u00e9a, \u00f6devlerinde d\u00fczenli olarak Projet Voltaire kullanmaya ba\u015flad\u0131\u011f\u0131ndan beri yaz\u0131m becerilerini \u00f6nemli \u00f6l\u00e7\u00fcde geli\u015ftirdi. Dikte puanlar\u0131 birka\u00e7 puan artarak, rehberli dijital \u00f6\u011frenmenin olumlu etkisini kan\u0131tl\u0131yor. Bu t\u00fcr bir deneyim, bu ara\u00e7lar\u0131n g\u00fcnl\u00fck \u00f6\u011frenme rutinlerine entegre edilmesini te\u015fvik ederek dili daha eri\u015filebilir ve daha az korkutucu hale getiriyor.<\/a><\/li><li class='ez-toc-page-1 ez-toc-heading-level-2'><a class=\"ez-toc-link ez-toc-heading-3\" href=\"https:\/\/www.fle.re\/blog\/tr\/dijital-kaynaklari-kullanarak-fransizcanizi-nasil-gelistirebilirsiniz\/#Ilkokul_ogrencileri_icin_uyarlanmis_kaynaklar\" >\u0130lkokul \u00f6\u011frencileri i\u00e7in uyarlanm\u0131\u015f kaynaklar<\/a><\/li><li class='ez-toc-page-1 ez-toc-heading-level-2'><a class=\"ez-toc-link ez-toc-heading-4\" href=\"https:\/\/www.fle.re\/blog\/tr\/dijital-kaynaklari-kullanarak-fransizcanizi-nasil-gelistirebilirsiniz\/#Cesitli_ogretmenler\" >\u00c7e\u015fitli \u00f6\u011fretmenler<\/a><\/li><li class='ez-toc-page-1 ez-toc-heading-level-2'><a class=\"ez-toc-link ez-toc-heading-5\" href=\"https:\/\/www.fle.re\/blog\/tr\/dijital-kaynaklari-kullanarak-fransizcanizi-nasil-gelistirebilirsiniz\/#Seviyeye_gore_ilerleme_cesitli_alistirmalar\" >Seviyeye g\u00f6re ilerleme, \u00e7e\u015fitli al\u0131\u015ft\u0131rmalar<\/a><\/li><\/ul><\/nav><\/div>\n<h2 class=\"wp-block-heading\"><span class=\"ez-toc-section\" id=\"Bu_dijital_devrim_sadece_ogrencileri_ilgilendirmiyor_Ogretmenler_ayrica_derslerin_kisisellestirilmesini_ilerlemenin_izlenmesini_ve_alistirmalarin_tum_seviyelere_uyarlanmasini_kolaylastiran_kapsamli_dijital_ogretim_araclariyla_donatiliyor_Dahasi_bu_platformlar_ister_cocuklar_ister_gencler_ister_ogrenciler_veya_profesyoneller_olsun_farkli_profillere_ozel_icerikler_sunuyor_Dijital_kaynaklarin_bu_sekilde_demokratiklesmesi_Fransizcaya_genis_ve_cesitli_erisimi_kolaylastirarak_her_zaman_kisinin_kendi_hizina_uyarlanmis_dinamik_bir_ogrenmeyi_tesvik_ediyor_Fransizcada_etkili_bir_sekilde_ilerlemek_icin_hangi_dijital_araclari_secmelisiniz\"><\/span>Bu dijital devrim sadece \u00f6\u011frencileri ilgilendirmiyor. \u00d6\u011fretmenler ayr\u0131ca derslerin ki\u015fiselle\u015ftirilmesini, ilerlemenin izlenmesini ve al\u0131\u015ft\u0131rmalar\u0131n t\u00fcm seviyelere uyarlanmas\u0131n\u0131 kolayla\u015ft\u0131ran kapsaml\u0131 dijital \u00f6\u011fretim ara\u00e7lar\u0131yla donat\u0131l\u0131yor. Dahas\u0131, bu platformlar ister \u00e7ocuklar, ister gen\u00e7ler, ister \u00f6\u011frenciler veya profesyoneller olsun, farkl\u0131 profillere \u00f6zel i\u00e7erikler sunuyor. Dijital kaynaklar\u0131n bu \u015fekilde demokratikle\u015fmesi, Frans\u0131zcaya geni\u015f ve \u00e7e\u015fitli eri\u015fimi kolayla\u015ft\u0131rarak, her zaman ki\u015finin kendi h\u0131z\u0131na uyarlanm\u0131\u015f dinamik bir \u00f6\u011frenmeyi te\u015fvik ediyor. Frans\u0131zcada etkili bir \u015fekilde ilerlemek i\u00e7in hangi dijital ara\u00e7lar\u0131 se\u00e7melisiniz?<span class=\"ez-toc-section-end\"><\/span><\/h2>\n\n<p class=\"wp-block-paragraph\">Dijital \u00e7a\u011fda, etkile\u015fimli s\u00f6zl\u00fcklerden \u00e7evrimi\u00e7i Frans\u0131zca kurs platformlar\u0131na kadar Frans\u0131zcan\u0131z\u0131 geli\u015ftirmek i\u00e7in \u00e7ok \u00e7e\u015fitli ara\u00e7lar mevcut. Bu kaynaklar\u0131 ak\u0131ll\u0131ca se\u00e7mek, \u00f6zel ihtiya\u00e7lar\u0131n\u0131za g\u00f6re uyarlanm\u0131\u015f somut bir ilerleme sa\u011flamak i\u00e7in \u00e7ok \u00f6nemlidir.<\/p>\n\n<p class=\"wp-block-paragraph\"><strong><\/strong> \u0130lk ad\u0131m, g\u00fcvenilir, kapsaml\u0131 ve etkile\u015fimli ara\u00e7lara g\u00fcvenmek olmal\u0131d\u0131r. \u0130\u015fte birka\u00e7 temel kaynak:<\/p>\n\n<ul class=\"wp-block-list\"><li><strong>Le Robert \u00e7evrimi\u00e7i s\u00f6zl\u00fck:<\/strong> Kelime da\u011farc\u0131\u011f\u0131n\u0131 zenginle\u015ftirmek ve kelimelerin do\u011fru yaz\u0131l\u0131\u015f\u0131n\u0131 do\u011frulamak i\u00e7in de\u011ferli bir kaynak.<\/li><li><strong>Bescherelle:<\/strong> Fiil \u00e7ekim ara\u00e7lar\u0131yla \u00fcnl\u00fc olan bu platform, fiil zamanlar\u0131na hakim olmak i\u00e7in h\u0131zl\u0131 referanslar ve al\u0131\u015ft\u0131rmalar sunar.<\/li><li><strong>Projet Voltaire:<\/strong> Yaz\u0131m ve dil bilgisi d\u00fczeltmeye adanm\u0131\u015f, ki\u015fiselle\u015ftirilmi\u015f etkile\u015fimli al\u0131\u015ft\u0131rmalarla birlikte bir platform.<\/li><li><strong>Antidote:<\/strong> Ger\u00e7ekten derinlemesine bir dil \u00f6\u011frenimi i\u00e7in tespit edilen her hatay\u0131 a\u00e7\u0131klayan geli\u015fmi\u015f bir d\u00fczeltici.<\/li><\/ul>\n\n<p class=\"wp-block-paragraph\">\u00c7evrimi\u00e7i olarak eri\u015filebilen bu ara\u00e7lar, otomatik d\u00fczeltmeden kurallar\u0131n ayr\u0131nt\u0131l\u0131 a\u00e7\u0131klamalar\u0131na kadar uzanan \u00f6zellikleriyle dile tamamen dalman\u0131z\u0131 sa\u011flar. B\u00f6ylece kullan\u0131c\u0131lar\u0131n basit d\u00fczeltmeden, hatalar\u0131 anlayarak ilerleyen \u00f6\u011frenmeye ge\u00e7melerini sa\u011flar. Ayr\u0131ca, t\u00fcm seviyelere ve \u00f6\u011frenme stillerine uygun etkile\u015fimli al\u0131\u015ft\u0131rmalar sunan e\u011fitim uygulamalar\u0131 \u015feklinde tamamlay\u0131c\u0131 ara\u00e7lar da mevcuttur.<\/p>\n\n<p class=\"wp-block-paragraph\"><\/p>\n\n<figure class=\"wp-block-table\"><table>\n<thead>\n<tr>\n<th>Ba\u015fl\u0131ca dijital ara\u00e7lar\u0131n avantajlar\u0131n\u0131 \u00f6zetleyen kar\u015f\u0131la\u015ft\u0131rmal\u0131 bir tablo a\u015fa\u011f\u0131dad\u0131r:<\/th>\n<th>Ara\u00e7<\/th>\n<th>\u00d6zellikler<\/th>\n<th>Hedef Kitle<\/th>\n<\/tr>\n<\/thead>\n<tbody>\n<tr>\n<td>Temel Avantajlar<\/td>\n<td>Le Robert online<\/td>\n<td>S\u00f6zl\u00fck, kelime bilgisi<\/td>\n<td>Yeni ba\u015flayanlardan ileri d\u00fczey kullan\u0131c\u0131lara<\/td>\n<\/tr>\n<tr>\n<td>Zengin kelime bilgisi, g\u00fcvenilirlik<\/td>\n<td>Bescherelle<\/td>\n<td>Fiil \u00e7ekimi, dil bilgisi<\/td>\n<td>Ortaokul, lise ve yeti\u015fkin \u00f6\u011frenciler<\/td>\n<\/tr>\n<tr>\n<td>Pratik al\u0131\u015ft\u0131rmalar, anla\u015f\u0131l\u0131r aray\u00fcz<\/td>\n<td>Projet Voltaire<\/td>\n<td>Yaz\u0131m, etkile\u015fimli al\u0131\u015ft\u0131rmalar<\/td>\n<td>\u00d6\u011frenciler, yeti\u015fkinler<\/td>\n<\/tr>\n<tr>\n<td>Ki\u015fiselle\u015ftirilmi\u015f \u00f6\u011frenme, \u00f6l\u00e7\u00fclen ilerleme<\/td>\n<td>Panzehir<\/td>\n<td>Geli\u015fmi\u015f d\u00fczeltme, a\u00e7\u0131klamalar<\/td>\n<td>T\u00fcm seviyeler<\/td>\n<\/tr>\n<\/tbody>\n<\/table><\/figure>\n\n<p class=\"wp-block-paragraph\">Ayr\u0131nt\u0131l\u0131 d\u00fczeltme, hatalardan \u00f6\u011frenme<\/p>\n\n<h2 class=\"wp-block-heading\"><span class=\"ez-toc-section\" id=\"Etkilerini_somut_bir_sekilde_gostermek_gerekirse_14_yasindaki_ortaokul_ogrencisi_Lea_odevlerinde_duzenli_olarak_Projet_Voltaire_kullanmaya_basladigindan_beri_yazim_becerilerini_onemli_olcude_gelistirdi_Dikte_puanlari_birkac_puan_artarak_rehberli_dijital_ogrenmenin_olumlu_etkisini_kanitliyor_Bu_tur_bir_deneyim_bu_araclarin_gunluk_ogrenme_rutinlerine_entegre_edilmesini_tesvik_ederek_dili_daha_erisilebilir_ve_daha_az_korkutucu_hale_getiriyor\"><\/span>Etkilerini somut bir \u015fekilde g\u00f6stermek gerekirse, 14 ya\u015f\u0131ndaki ortaokul \u00f6\u011frencisi L\u00e9a, \u00f6devlerinde d\u00fczenli olarak Projet Voltaire kullanmaya ba\u015flad\u0131\u011f\u0131ndan beri yaz\u0131m becerilerini \u00f6nemli \u00f6l\u00e7\u00fcde geli\u015ftirdi. Dikte puanlar\u0131 birka\u00e7 puan artarak, rehberli dijital \u00f6\u011frenmenin olumlu etkisini kan\u0131tl\u0131yor. Bu t\u00fcr bir deneyim, bu ara\u00e7lar\u0131n g\u00fcnl\u00fck \u00f6\u011frenme rutinlerine entegre edilmesini te\u015fvik ederek dili daha eri\u015filebilir ve daha az korkutucu hale getiriyor.<span class=\"ez-toc-section-end\"><\/span><\/h2>\n\n<p class=\"wp-block-paragraph\">E\u011fitim uygulamalar\u0131 g\u00fcnl\u00fck dil prati\u011fini nas\u0131l d\u00f6n\u00fc\u015ft\u00fcr\u00fcyor?<\/p>\n\n<p class=\"wp-block-paragraph\">Mobil uygulamalar art\u0131k Frans\u0131zcay\u0131 geli\u015ftirmek i\u00e7in \u00e7evrimi\u00e7i \u00f6\u011frenmenin birincil arac\u0131 haline geldi. S\u00fcrekli eri\u015filebilirlikleri ve genellikle e\u011flenceli formatlar\u0131, s\u00fcrekli dil prati\u011fi i\u00e7in \u00f6zellikle uygundur.<\/p>\n\n<ul class=\"wp-block-list\"><li><strong>En \u00e7ok kullan\u0131lan e\u011fitim uygulamalar\u0131 aras\u0131nda \u015funlar yer almaktad\u0131r:<\/strong> Orthodidacte:<\/li><li><strong>Yaz\u0131ma odakl\u0131d\u0131r ve her kullan\u0131c\u0131n\u0131n seviyesine g\u00f6re uyarlanm\u0131\u015f al\u0131\u015ft\u0131rmalar sunar.<\/strong> <\/li><li><strong>Quizlet:<\/strong> Etkile\u015fimli bilgi kartlar\u0131 arac\u0131l\u0131\u011f\u0131yla kurallar\u0131 ve kelime da\u011farc\u0131\u011f\u0131n\u0131 ezberlemek i\u00e7in tercih edilir.<\/li><li><strong><\/strong> Duolingo:<\/li><\/ul>\n\n<p class=\"wp-block-paragraph\">K\u0131sa ve motive edici dersler arac\u0131l\u0131\u011f\u0131yla yap\u0131land\u0131r\u0131lm\u0131\u015f ve a\u015famal\u0131 dil \u00f6\u011frenimi i\u00e7in.<\/p>\n\n<p class=\"wp-block-paragraph\">La Conjugaison:<\/p>\n\n<p class=\"wp-block-paragraph\">Pratik al\u0131\u015ft\u0131rmalar ve d\u00fczenli hat\u0131rlatmalar arac\u0131l\u0131\u011f\u0131yla fiil zamanlar\u0131na hakim olma konusunda uzmanla\u015fm\u0131\u015ft\u0131r.<\/p>\n\n<ul class=\"wp-block-list\"><li>Bu ara\u00e7lar, al\u0131\u015ft\u0131rmalar\u0131 puanlar, rozetler ve s\u0131ralamalar arac\u0131l\u0131\u011f\u0131yla motive edici zorluklara d\u00f6n\u00fc\u015ft\u00fcren ilgi \u00e7ekici bir sistem olan oyunla\u015ft\u0131rmaya dayan\u0131r. Bu y\u00f6ntem, Frans\u0131zcay\u0131 kendi kendine \u00f6\u011frenmede ilerlemek i\u00e7in gerekli olan tutarl\u0131l\u0131\u011f\u0131 te\u015fvik eder.<\/li><li>37 ya\u015f\u0131nda bir yerel y\u00f6netim \u00e7al\u0131\u015fan\u0131 olan Paul, bu dinami\u011fi m\u00fckemmel bir \u015fekilde \u00f6rnekliyor: Her g\u00fcn toplu ta\u015f\u0131ma ara\u00e7lar\u0131nda Quizlet kullanarak tekrar yap\u0131yor. Sadece \u00fc\u00e7 ayda 60&rsquo;tan fazla temel yaz\u0131m kural\u0131nda ustala\u015ft\u0131; bu da mobil uygulamalar\u0131n g\u00fcnl\u00fck ve hedefli kullan\u0131m\u0131n\u0131n faydalar\u0131n\u0131n \u00e7arp\u0131c\u0131 bir kan\u0131t\u0131.<\/li><li>Ayr\u0131ca, \u00f6\u011frencilerin \u00e7e\u015fitlili\u011fini kar\u015f\u0131lamak i\u00e7in \u00e7e\u015fitli uygulamalar \u00f6zel aray\u00fczler ve i\u00e7erikler sunar:<\/li><\/ul>\n\n<p class=\"wp-block-paragraph\">Disleksili \u00e7ocuklar i\u00e7in programlar<\/p>\n\n\n\n<h2 class=\"wp-block-heading\"><span class=\"ez-toc-section\" id=\"Ilkokul_ogrencileri_icin_uyarlanmis_kaynaklar\"><\/span>\u0130lkokul \u00f6\u011frencileri i\u00e7in uyarlanm\u0131\u015f kaynaklar<span class=\"ez-toc-section-end\"><\/span><\/h2>\n\n<p class=\"wp-block-paragraph\">Uluslararas\u0131 \u00f6\u011frencilere \u00f6zel mod\u00fcller<\/p>\n\n<p class=\"wp-block-paragraph\">Son olarak, bu uygulamalara entegre edilen ilerleme takibi, iyile\u015ftirmelere dair net bir genel bak\u0131\u015f sunarak kullan\u0131c\u0131lar\u0131n e\u011fitimlerini ayarlamalar\u0131na ve uzun vadede motivasyonlar\u0131n\u0131 korumalar\u0131na olanak tan\u0131r. Bu kaynaklara eri\u015fim kolayl\u0131\u011f\u0131 ve hareketlilik, bo\u015f zamanlar\u0131 de\u011ferlendirmeyi de m\u00fcmk\u00fcn k\u0131larak do\u011fal ve tutarl\u0131 \u00f6\u011frenmeyi destekler.<\/p>\n\n<ul class=\"wp-block-list\"><li><strong>Frans\u0131zca \u00f6\u011fretmenleri i\u00e7in hangi dijital \u00f6\u011fretim ara\u00e7lar\u0131 mevcuttur?<\/strong> H\u0131zl\u0131 dijital geli\u015fmeler ba\u011flam\u0131nda, Frans\u0131zca \u00f6\u011fretmenleri i\u00e7in dijital kaynaklar geni\u015fleyerek geleneksel \u00f6\u011fretim y\u00f6ntemlerini d\u00f6n\u00fc\u015ft\u00fcrm\u00fc\u015ft\u00fcr.<\/li><li><strong>\u00d6\u011fretmenler art\u0131k ellerinde g\u00fc\u00e7l\u00fc ve uyarlanabilir ara\u00e7lara sahiptir, \u00f6rne\u011fin:<\/strong> Edumoov:<\/li><li><strong>Al\u0131\u015ft\u0131rmalar\u0131 ve de\u011ferlendirmeleri olu\u015fturmak, y\u00f6netmek ve ki\u015fiselle\u015ftirmek i\u00e7in bir platform.<\/strong> Lalilo:<\/li><li><strong>\u00d6zellikle zorluk ya\u015fayan \u00f6\u011frenciler i\u00e7in bireyselle\u015ftirilmi\u015f \u00f6\u011frenci deste\u011fi sa\u011flamak amac\u0131yla yapay zekay\u0131 entegre eden bir \u00e7\u00f6z\u00fcm.<\/strong> <\/li><\/ul>\n\n<p class=\"wp-block-paragraph\">Canop\u00e9:<\/p>\n\n<p class=\"wp-block-paragraph\"><\/p>\n\n<p class=\"wp-block-paragraph\">K\u0131lavuzlar, videolar ve dersleri zenginle\u015ftiren ara\u00e7lar dahil olmak \u00fczere zengin bir dijital e\u011fitim kayna\u011f\u0131.<\/p>\n\n<figure class=\"wp-block-table\"><table>\n<thead>\n<tr>\n<th>Bookinou:<\/th>\n<th>\u0130\u015fitsel-g\u00f6rsel \u00f6\u011frenme yollar\u0131 olu\u015fturmak ve okumay\u0131 ilgi \u00e7ekici hale getirmek i\u00e7in yenilik\u00e7i bir ara\u00e7.<\/th>\n<th>Bu ara\u00e7lar\u0131 kullanmak, \u00f6\u011fretmenlerin materyallerini \u00e7e\u015fitlendirmelerine, i\u00e7erikleri uyarlamalar\u0131na ve farkl\u0131la\u015ft\u0131r\u0131lm\u0131\u015f \u00f6\u011fretim uygulamalar\u0131na olanak tan\u0131r. Bu, \u00f6\u011frenci motivasyonunu art\u0131r\u0131r ve \u00f6zel ihtiya\u00e7lar\u0131na g\u00f6re dil edinimini kolayla\u015ft\u0131r\u0131r.<\/th>\n<th>Clermont-Ferrand&rsquo;da \u00f6\u011fretmenlik yapan Sandrine, \u00f6\u011frencilerinin fonetik zorluklar\u0131na g\u00f6re uyarlanm\u0131\u015f al\u0131\u015ft\u0131rmalar sunmak i\u00e7in Lalilo&rsquo;yu kullan\u0131yor. Yapay zekan\u0131n zorluk seviyesini ve h\u0131z\u0131n\u0131 ayarlamas\u0131yla, her \u00e7ocuk kendi h\u0131z\u0131nda ilerleyebiliyor ve bu da dijital e\u011fitim ara\u00e7lar\u0131n\u0131n faydalar\u0131n\u0131 m\u00fckemmel bir \u015fekilde g\u00f6steriyor.<\/th>\n<\/tr>\n<\/thead>\n<tbody>\n<tr>\n<td>Bu teknolojik yat\u0131r\u0131m, \u00f6\u011fretmenler aras\u0131nda \u00e7evrimi\u00e7i i\u015f birli\u011fi, kaynak payla\u015f\u0131m\u0131 ve \u00e7ocuklar\u0131n\u0131n geli\u015fiminin \u015feffaf bir \u015fekilde izlenmesi yoluyla ebeveyn kat\u0131l\u0131m\u0131 gibi yeni \u00f6zellikler de sunuyor. Bu geli\u015fmeler, Frans\u0131zca \u00f6\u011fretimini gelenek ve yenili\u011fin kesi\u015fim noktas\u0131na getiriyor.<\/td>\n<td><\/td>\n<td>E\u011fitim Arac\u0131<\/td>\n<td>\u0130\u015flev<\/td>\n<\/tr>\n<tr>\n<td>Hedef Kitle<\/td>\n<td>Temel G\u00fc\u00e7l\u00fc Y\u00f6nler<\/td>\n<td>Edumoov<\/td>\n<td>Egzersiz ve de\u011ferlendirme y\u00f6netimi<\/td>\n<\/tr>\n<tr>\n<td>\u00d6\u011fretmenler, okullar<\/td>\n<td>Ki\u015fiselle\u015ftirme, kullan\u0131m kolayl\u0131\u011f\u0131<\/td>\n<td>Lalilo<\/td>\n<td>Yapay zeka ile ki\u015fiselle\u015ftirilmi\u015f destek<\/td>\n<\/tr>\n<tr>\n<td>\u00d6\u011frenme g\u00fc\u00e7l\u00fc\u011f\u00fc \u00e7eken \u00f6\u011frenciler<\/td>\n<td>Uyarlanabilirlik, bireyselle\u015ftirilmi\u015f ilerleme<\/td>\n<td>Canop\u00e9<\/td>\n<td>\u00c7e\u015fitli e\u011fitim kaynaklar\u0131<\/td>\n<\/tr>\n<\/tbody>\n<\/table><\/figure>\n\n\n\n<h2 class=\"wp-block-heading\"><span class=\"ez-toc-section\" id=\"Cesitli_ogretmenler\"><\/span>\u00c7e\u015fitli \u00f6\u011fretmenler<span class=\"ez-toc-section-end\"><\/span><\/h2>\n\n<p class=\"wp-block-paragraph\">Zengin kaynaklar, \u00e7e\u015fitli medya<\/p>\n\n<p class=\"wp-block-paragraph\">Bookinou<\/p>\n\n<ul class=\"wp-block-list\"><li>G\u00f6rsel-i\u015fitsel deneyimlerin yarat\u0131lmas\u0131<\/li><li>\u00c7ocuklar, gen\u00e7 \u00f6\u011frenciler<\/li><li>\u00c7ekicilik, okuma sevgisinin geli\u015ftirilmesi<\/li><li>Bu platformlar g\u00fcnl\u00fck Frans\u0131zca prati\u011fi yapmak i\u00e7in nas\u0131l kullan\u0131l\u0131r?<\/li><\/ul>\n\n<p class=\"wp-block-paragraph\">\u00c7evrimi\u00e7i \u00f6\u011frenme platformlar\u0131, d\u00fczenli dil prati\u011fi i\u00e7in \u00f6nemli bir ara\u00e7t\u0131r. \u00d6\u011frencilerin, becerilerin kal\u0131c\u0131 entegrasyonu i\u00e7in \u00e7ok \u00f6nemli olan bir pratik ritmi olu\u015fturmalar\u0131na olanak tan\u0131rlar.<\/p>\n\n<ul class=\"wp-block-list\"><li><strong><\/strong> Bu kaynaklardan en iyi \u015fekilde yararlanmak i\u00e7in \u015funlar\u0131 yapman\u0131z \u00f6nemlidir:<\/li><li><strong>Seviyenize ve hedeflerinize uygun bir platform se\u00e7in.<\/strong> \u00d6\u011frenmeyi rutininize entegre etmek i\u00e7in d\u00fczenli, hatta k\u0131sa bir program olu\u015fturun.<\/li><li><strong>Aktivitelerinizi \u00e7e\u015fitlendirin: \u00e7evrimi\u00e7i Frans\u0131zca kurslar\u0131, etkile\u015fimli al\u0131\u015ft\u0131rmalar ve \u00f6\u011frenmek i\u00e7in dijital medya dinleyin.<\/strong> Konu\u015fma ve yazma prati\u011fi yapmak i\u00e7in forumlara veya tart\u0131\u015fma gruplar\u0131na kat\u0131l\u0131n.<\/li><\/ul>\n\n<p class=\"wp-block-paragraph\">Bu platformlar aras\u0131nda baz\u0131lar\u0131 kaliteli i\u00e7erikleri ve kullan\u0131c\u0131 dostu aray\u00fczleriyle \u00f6ne \u00e7\u0131k\u0131yor:<\/p>\n\n<figure class=\"wp-block-table\"><table>\n<thead>\n<tr>\n<th>La Classe:<\/th>\n<th>Frans\u0131zcan\u0131n temel ta\u015f\u0131 olan g\u00f6rsel kelimelere odaklanan \u00f6\u011fretim materyalleri, dikteler ve al\u0131\u015ft\u0131rmalar sunar.<\/th>\n<th>\u00c9duscol:<\/th>\n<th>\u00d6zellikle zorlu \u00f6\u011frenme i\u00e7in faydal\u0131 olan, d\u00fczenli olarak g\u00fcncellenen resmi kaynaklar sa\u011flar.<\/th>\n<\/tr>\n<\/thead>\n<tbody>\n<tr>\n<td>Shopiii.re:<\/td>\n<td>Bu site, t\u00fcm \u00f6\u011frenme profillerine ve ihtiya\u00e7lar\u0131na uyarlanm\u0131\u015f, tan\u0131nm\u0131\u015f dijital e\u011fitim ara\u00e7lar\u0131n\u0131 bir araya getiriyor.<\/td>\n<td><\/td>\n<td>Bu \u00e7e\u015fitlilik, kapsaml\u0131 ve motive edici bir \u00f6\u011frenme deneyimi sa\u011fl\u0131yor. Formatlar\u0131 birle\u015ftirerek, kullan\u0131c\u0131lar Frans\u0131zcada kademeli olarak ustala\u015fma \u015fanslar\u0131n\u0131 en \u00fcst d\u00fczeye \u00e7\u0131kar\u0131yor. \u00d6rne\u011fin, ikinci s\u0131n\u0131ftaki Julie, etkile\u015fimli bir platform arac\u0131l\u0131\u011f\u0131yla e\u011flenceli ve ilgi \u00e7ekici destekle, g\u00f6rsel kelimelere odaklanan dikteler sayesinde yaz\u0131l\u0131 ifadesini geli\u015ftirdi\u011fini g\u00f6rd\u00fc.<\/td>\n<\/tr>\n<tr>\n<td><\/td>\n<td>Platform<\/td>\n<td>Kaynak T\u00fcr\u00fc<\/td>\n<td>Hedef Kitle<\/td>\n<\/tr>\n<tr>\n<td><a href=\"https:\/\/shopiii.re\/\" target=\"_blank\" rel=\"noopener\">G\u00fc\u00e7l\u00fc Y\u00f6nler<\/a><\/td>\n<td>La Classe<\/td>\n<td>\u00c7al\u0131\u015fma ka\u011f\u0131tlar\u0131, dikteler, al\u0131\u015ft\u0131rmalar<\/td>\n<td>\u0130lkokuldan ortaokula kadar \u00f6\u011frenciler<\/td>\n<\/tr>\n<\/tbody>\n<\/table><\/figure>\n\n<h2 class=\"wp-block-heading\"><span class=\"ez-toc-section\" id=\"Seviyeye_gore_ilerleme_cesitli_alistirmalar\"><\/span>Seviyeye g\u00f6re ilerleme, \u00e7e\u015fitli al\u0131\u015ft\u0131rmalar<span class=\"ez-toc-section-end\"><\/span><\/h2>\n\n<p class=\"wp-block-paragraph\">\u00c9duscol<\/p>\n\n<p class=\"wp-block-paragraph\">Resmi e\u011fitim kaynaklar\u0131 <strong>\u00d6\u011fretmenler ve \u00f6\u011frenciler<\/strong>Kalite, d\u00fczenli g\u00fcncellemeler <strong>Shopiii.re<\/strong>\u00c7e\u015fitli dijital ara\u00e7lar <strong>T\u00fcm seviyeler<\/strong>Kapsaml\u0131 katalog, uyarlanabilirlik <strong>G\u00f6rsel kelimeler yaz\u0131l\u0131 ve s\u00f6zl\u00fc Frans\u0131zcay\u0131 geli\u015ftirmede nas\u0131l bir rol oynar?<\/strong>Genellikle g\u00f6z ard\u0131 edilen g\u00f6rsel kelimeler, yine de ak\u0131c\u0131 ve yap\u0131land\u0131r\u0131lm\u0131\u015f Frans\u0131zca ileti\u015fiminin temel ta\u015f\u0131d\u0131r. Bunlar, c\u00fcmleleri birbirine ba\u011flayan, s\u00f6ylemi d\u00fczenleyen ve etkile\u015fimlere anlam katan k\u00fc\u00e7\u00fck, de\u011fi\u015fmez kelimelerdir. <strong><\/strong> <strong>Ve<\/strong>,<\/p>\n\n<ul class=\"wp-block-list\"><li>ama<\/li><li>, bu nedenle<\/li><li>,<\/li><li>e\u011fer<\/li><\/ul>\n\n<p class=\"wp-block-paragraph\">, ne zaman<\/p>\n\n<p class=\"wp-block-paragraph\">,<\/p>\n\n<ol class=\"wp-block-list\"><li>ile<\/li><li>vb. terimleri i\u00e7erir. Bu kelimelere hakim olmak, hem yaz\u0131l\u0131 hem de s\u00f6zl\u00fc Frans\u0131zcada etkili bir ilerleme kaydetmek i\u00e7in \u00e7ok \u00f6nemlidir. Bu nedenle bir\u00e7ok dijital e\u011fitim arac\u0131 bu temel beceriyi vurgular.<\/li><li>\u0130\u015flevsel kelimeler \u00fczerinde \u00e7al\u0131\u015fmak, karma\u015f\u0131k metinlerin anla\u015f\u0131lmas\u0131n\u0131 destekler.<\/li><li>Tutarl\u0131 ve anla\u015f\u0131l\u0131r metinler \u00fcretmenizi sa\u011flar.<\/li><\/ol>\n\n<p class=\"wp-block-paragraph\">Etkile\u015fimli uygulamalar ve al\u0131\u015ft\u0131rmalar gibi oyun yoluyla \u00f6\u011frenme, kelimelerin haf\u0131zada kalmas\u0131n\u0131 kolayla\u015ft\u0131r\u0131r.<\/p>\n\n<script type=\"application\/ld+json\">\n{\"@context\":\"https:\/\/schema.org\",\"@type\":\"FAQPage\",\"mainEntity\":[{\"@type\":\"Question\",\"name\":\"Comment choisir les meilleures ressources numu00e9riques pour progresser en franu00e7ais ?\",\"acceptedAnswer\":{\"@type\":\"Answer\",\"text\":\"Il est important d'identifier votre niveau et vos objectifs, puis de privilu00e9gier des plateformes reconnues offrant des exercices interactifs et un suivi personnalisu00e9, comme Projet Voltaire ou Antidote.\"}},{\"@type\":\"Question\",\"name\":\"Les applications u00e9ducatives sont-elles efficaces pour tous les u00e2ges ?\",\"acceptedAnswer\":{\"@type\":\"Answer\",\"text\":\"Oui, de nombreuses applications sont conu00e7ues pour diffu00e9rents publics, enfants, adolescents et adultes, avec des contenus adaptu00e9s et des mu00e9thodes variu00e9es pour rendre lu2019apprentissage attractif et progressif.\"}},{\"@type\":\"Question\",\"name\":\"Les enseignants peuvent-ils utiliser les outils numu00e9riques sans u00eatre experts en informatique ?\",\"acceptedAnswer\":{\"@type\":\"Answer\",\"text\":\"Absolument. Les ressources pu00e9dagogiques numu00e9riques sont conu00e7ues pour u00eatre intuitives, avec un accompagnement souvent proposu00e9, permettant aux enseignants du2019intu00e9grer facilement ces outils u00e0 leurs pratiques.\"}},{\"@type\":\"Question\",\"name\":\"Pourquoi les mots outils sont-ils si importants en franu00e7ais ?\",\"acceptedAnswer\":{\"@type\":\"Answer\",\"text\":\"Ils servent de lien logique dans la langue, permettant du2019organiser et comprendre le discours. Leur mau00eetrise amu00e9liore considu00e9rablement la fluiditu00e9 et la cohu00e9rence, tant u00e0 lu2019u00e9crit quu2019u00e0 lu2019oral.\"}},{\"@type\":\"Question\",\"name\":\"Ou00f9 trouver des ressources numu00e9riques fiables pour apprendre le franu00e7ais ?\",\"acceptedAnswer\":{\"@type\":\"Answer\",\"text\":\"Des sites comme <a href='https:\/\/shopiii.re\/'>Shopiii.re et les plateformes officielles comme u00c9duscol proposent des ressources variu00e9es, fiables et adaptu00e9es u00e0 tous les niveaux pour assurer un apprentissage de qualitu00e9.\"}}]}\n<\/script>\n<h3>Bu kelimelere iyi hakim olmak, s\u00f6zl\u00fc s\u00f6ylemin ak\u0131c\u0131l\u0131\u011f\u0131n\u0131 ve mant\u0131\u011f\u0131n\u0131 geli\u015ftirir.<\/h3>\n<p>\u0130kinci s\u0131n\u0131f \u00f6\u011frencisi Julie, \u00ab\u00a0quand\u00a0\u00bb (ne zaman) ve \u00ab\u00a0quant\u00a0\u00bb (ne i\u00e7in) kelimelerini kar\u0131\u015ft\u0131rma e\u011filimindeydi. \u00d6\u011fretmeni, dijital kaynaklar kullanarak bu konuda e\u011flenceli etkinlikler ba\u015flatt\u0131. Sonu\u00e7 olarak, yaz\u0131l\u0131 \u00e7al\u0131\u015fmalar\u0131 \u00f6nemli \u00f6l\u00e7\u00fcde daha tutarl\u0131 hale geldi ve bu da g\u00f6rsel kelimeler \u00fczerinde hedefli al\u0131\u015ft\u0131rmalar\u0131n kritik rol\u00fcn\u00fc do\u011frulad\u0131.<\/p>\n<h3>G\u00f6rsel kelimeleri peki\u015ftirmek i\u00e7in dijital platformlara entegre edilmi\u015f klasik al\u0131\u015ft\u0131rmalara baz\u0131 \u00f6rnekler:<\/h3>\n<p>De\u011fi\u015fmez kelimeleri ay\u0131rt etmek i\u00e7in s\u0131ralama oyunlar\u0131.<\/p>\n<h3>G\u00f6rsel kelimelerin s\u0131k kullan\u0131ld\u0131\u011f\u0131 hedefli dikteler.<\/h3>\n<p>G\u00f6rsel kelimeleri hedef c\u00fcmlelerle e\u015fle\u015ftirme al\u0131\u015ft\u0131rmalar\u0131.<\/p>\n<h3>Spontane kullan\u0131m\u0131 te\u015fvik eden a\u00e7\u0131k u\u00e7lu sorular.<\/h3>\n<p>Bu y\u00f6ntemlerin, bu kelimeleri \u00f6\u011frencilerin aktif kelime da\u011farc\u0131\u011f\u0131na kal\u0131c\u0131 olarak yerle\u015ftirmede etkili oldu\u011fu ve yaz\u0131l\u0131 ve s\u00f6zl\u00fc ifadelerinin kalitesi \u00fczerinde do\u011frudan etkisi oldu\u011fu kan\u0131tlanm\u0131\u015ft\u0131r.<\/p>\n<h3>Frans\u0131zcan\u0131z\u0131 geli\u015ftirmek i\u00e7in en iyi dijital kaynaklar\u0131 nas\u0131l se\u00e7ersiniz?<\/h3>\n<p>Seviyenizi ve hedeflerinizi belirlemeniz, ard\u0131ndan Projet Voltaire veya Antidote gibi etkile\u015fimli al\u0131\u015ft\u0131rmalar ve ki\u015fiselle\u015ftirilmi\u015f destek sunan tan\u0131nm\u0131\u015f platformlara \u00f6ncelik vermeniz \u00f6nemlidir. E\u011fitim uygulamalar\u0131 her ya\u015f i\u00e7in etkili midir? <a href=\"https:\/\/shopiii.re\/\" target=\"_blank\" rel=\"noopener\"><\/a> Evet, bir\u00e7ok uygulama, \u00f6\u011frenmeyi ilgi \u00e7ekici ve ilerici hale getirmek i\u00e7in \u00f6zelle\u015ftirilmi\u015f i\u00e7erikler ve \u00e7e\u015fitli y\u00f6ntemlerle \u00e7ocuklar, gen\u00e7ler ve yeti\u015fkinler gibi farkl\u0131 kitlelere y\u00f6nelik olarak tasarlanm\u0131\u015ft\u0131r.<\/p>\n\n\n","protected":false},"excerpt":{"rendered":"<p>Dijital teknolojilerin y\u00fckseli\u015fiyle birlikte Frans\u0131zca \u00f6\u011frenmek, e\u015fi benzeri g\u00f6r\u00fclmemi\u015f olanaklarla dolu yeni bir boyut kazand\u0131. Dijital kaynaklar\u0131n kullan\u0131m\u0131, dile yakla\u015f\u0131m\u0131m\u0131zda [&hellip;]<\/p>\n","protected":false},"author":2,"featured_media":1143,"comment_status":"open","ping_status":"open","sticky":false,"template":"","format":"standard","meta":{"_crdt_document":"","site-sidebar-layout":"default","site-content-layout":"","ast-site-content-layout":"default","site-content-style":"default","site-sidebar-style":"default","ast-global-header-display":"","ast-banner-title-visibility":"","ast-main-header-display":"","ast-hfb-above-header-display":"","ast-hfb-below-header-display":"","ast-hfb-mobile-header-display":"","site-post-title":"","ast-breadcrumbs-content":"","ast-featured-img":"","footer-sml-layout":"","ast-disable-related-posts":"","theme-transparent-header-meta":"","adv-header-id-meta":"","stick-header-meta":"","header-above-stick-meta":"","header-main-stick-meta":"","header-below-stick-meta":"","astra-migrate-meta-layouts":"default","ast-page-background-enabled":"default","ast-page-background-meta":{"desktop":{"background-color":"var(--ast-global-color-5)","background-image":"","background-repeat":"repeat","background-position":"center center","background-size":"auto","background-attachment":"scroll","background-type":"","background-media":"","overlay-type":"","overlay-color":"","overlay-opacity":"","overlay-gradient":""},"tablet":{"background-color":"","background-image":"","background-repeat":"repeat","background-position":"center center","background-size":"auto","background-attachment":"scroll","background-type":"","background-media":"","overlay-type":"","overlay-color":"","overlay-opacity":"","overlay-gradient":""},"mobile":{"background-color":"","background-image":"","background-repeat":"repeat","background-position":"center center","background-size":"auto","background-attachment":"scroll","background-type":"","background-media":"","overlay-type":"","overlay-color":"","overlay-opacity":"","overlay-gradient":""}},"ast-content-background-meta":{"desktop":{"background-color":"var(--ast-global-color-4)","background-image":"","background-repeat":"repeat","background-position":"center center","background-size":"auto","background-attachment":"scroll","background-type":"","background-media":"","overlay-type":"","overlay-color":"","overlay-opacity":"","overlay-gradient":""},"tablet":{"background-color":"var(--ast-global-color-4)","background-image":"","background-repeat":"repeat","background-position":"center center","background-size":"auto","background-attachment":"scroll","background-type":"","background-media":"","overlay-type":"","overlay-color":"","overlay-opacity":"","overlay-gradient":""},"mobile":{"background-color":"var(--ast-global-color-4)","background-image":"","background-repeat":"repeat","background-position":"center center","background-size":"auto","background-attachment":"scroll","background-type":"","background-media":"","overlay-type":"","overlay-color":"","overlay-opacity":"","overlay-gradient":""}},"footnotes":""},"categories":[708],"tags":[2395,2398,1357,1927,1090],"class_list":["post-1153","post","type-post","status-publish","format-standard","has-post-thumbnail","hentry","category-non-classe-tr","tag-dijital-araclar-tr","tag-dijital-kaynaklar-tr","tag-fransizca-cevrimici-tr","tag-fransizca-ogrenmek-tr","tag-ilerleme-fransizca-tr"],"_links":{"self":[{"href":"https:\/\/www.fle.re\/blog\/wp-json\/wp\/v2\/posts\/1153","targetHints":{"allow":["GET"]}}],"collection":[{"href":"https:\/\/www.fle.re\/blog\/wp-json\/wp\/v2\/posts"}],"about":[{"href":"https:\/\/www.fle.re\/blog\/wp-json\/wp\/v2\/types\/post"}],"author":[{"embeddable":true,"href":"https:\/\/www.fle.re\/blog\/wp-json\/wp\/v2\/users\/2"}],"replies":[{"embeddable":true,"href":"https:\/\/www.fle.re\/blog\/wp-json\/wp\/v2\/comments?post=1153"}],"version-history":[{"count":1,"href":"https:\/\/www.fle.re\/blog\/wp-json\/wp\/v2\/posts\/1153\/revisions"}],"predecessor-version":[{"id":1154,"href":"https:\/\/www.fle.re\/blog\/wp-json\/wp\/v2\/posts\/1153\/revisions\/1154"}],"wp:featuredmedia":[{"embeddable":true,"href":"https:\/\/www.fle.re\/blog\/wp-json\/wp\/v2\/media\/1143"}],"wp:attachment":[{"href":"https:\/\/www.fle.re\/blog\/wp-json\/wp\/v2\/media?parent=1153"}],"wp:term":[{"taxonomy":"category","embeddable":true,"href":"https:\/\/www.fle.re\/blog\/wp-json\/wp\/v2\/categories?post=1153"},{"taxonomy":"post_tag","embeddable":true,"href":"https:\/\/www.fle.re\/blog\/wp-json\/wp\/v2\/tags?post=1153"}],"curies":[{"name":"wp","href":"https:\/\/api.w.org\/{rel}","templated":true}]}}