{"id":1373,"date":"2025-12-13T18:21:43","date_gmt":"2025-12-13T18:21:43","guid":{"rendered":"https:\/\/www.fle.re\/blog\/?p=1373"},"modified":"2025-12-15T04:44:22","modified_gmt":"2025-12-15T04:44:22","slug":"cocuklar-icin-sertifikali-fransizca-kurslari","status":"publish","type":"post","link":"https:\/\/www.fle.re\/blog\/tr\/cocuklar-icin-sertifikali-fransizca-kurslari\/","title":{"rendered":"\u00c7ocuklar i\u00e7in sertifikal\u0131 Frans\u0131zca kurslar\u0131"},"content":{"rendered":"\n<p class=\"wp-block-paragraph\">\n\u00c7ocuklar i\u00e7in sertifikal\u0131 Frans\u0131zca kurslar\u0131 bulmak, \u00f6zellikle yurt d\u0131\u015f\u0131nda ya\u015fayan ebeveynler i\u00e7in \u00e7o\u011fu zaman ger\u00e7ek bir zorluktur. Yurt d\u0131\u015f\u0131ndaki g\u00fcnl\u00fck ya\u015fam ve iyi bir Frans\u0131zca seviyesini koruma iste\u011fi aras\u0131nda, bunalm\u0131\u015f hissetmek yayg\u0131n bir durumdur. fle.re platformunda, her \u00e7evrimi\u00e7i mod\u00fcl bu \u00e7ok ger\u00e7ek ihtiya\u00e7lar\u0131 kar\u015f\u0131lamak \u00fczere tasarlanm\u0131\u015ft\u0131r. Burada \u00f6\u011frenme asla s\u0131k\u0131c\u0131 de\u011fildir: her \u00e7ocuk k\u00fc\u00e7\u00fck bir gruba kat\u0131l\u0131r, ki\u015fiselle\u015ftirilmi\u015f destekten yararlan\u0131r ve s\u0131cak ve g\u00fcven verici bir ortamda kendi h\u0131z\u0131nda ilerler. Aileler do\u011fal olarak, Fransa&rsquo;dan uzakta bile \u00e7ocuklar\u0131na kaliteli bir Frans\u0131zca dil e\u011fitimi sunmak isterler. D\u00fcr\u00fcst olmak gerekirse, \u00f6zellikle uluslararas\u0131 bir ba\u011flamda, Frans\u0131z dili ve k\u00fclt\u00fcr\u00fcyle ba\u011flant\u0131y\u0131 s\u00fcrd\u00fcrmek genellikle bir zorluktur. Sunulan kurslar, e\u011flenceli bir yakla\u015f\u0131m\u0131 k\u00fclt\u00fcrel etkile\u015fimle birle\u015ftirerek, bask\u0131 olmadan ilerleme sa\u011flar. \u00c7ocuklar, Frans\u0131zca konu\u015fulan k\u00fclt\u00fcre olan meraklar\u0131n\u0131 geli\u015ftirirken okumay\u0131, yazmay\u0131 ve konu\u015fmay\u0131 \u00f6\u011frenirler. Art\u0131k akademik m\u00fccadele yok: burada her oturum, \u00e7ocu\u011funuzun herhangi bir endi\u015fe duymadan Frans\u0131zcay\u0131 ger\u00e7ekten \u00f6\u011frenmesi i\u00e7in g\u00fcven ve motivasyon olu\u015fturmaya odaklan\u0131r. <strong><\/strong> https:\/\/www.youtube.com\/watch?v=3wm14K_G0PA <strong>\u00c7ocuklar i\u00e7in sertifikal\u0131 bir \u00e7evrimi\u00e7i Frans\u0131zca kursunu nas\u0131l tan\u0131rs\u0131n\u0131z?<\/strong> <i>\u00c7evrimi\u00e7i olarak sunulan her \u015fey g\u00f6z \u00f6n\u00fcne al\u0131nd\u0131\u011f\u0131nda,<\/i>\u00e7ocuklar i\u00e7in sertifikal\u0131 bir Frans\u0131zca kursu bulmak <strong>h\u0131zla karma\u015f\u0131k hale gelebilir. Sunulan e\u011fitimin kalitesini sa\u011flamak i\u00e7in baz\u0131 g\u00f6stergeler \u00e7ok de\u011ferlidir.<\/strong> Resmi bir FLE sertifikas\u0131n\u0131n\n<\/p>\n\n\n\n<p class=\"wp-block-paragraph\">\nveya tan\u0131nm\u0131\u015f bir kurulu\u015f (\u00f6rne\u011fin Alliance Fran\u00e7aise veya b\u00f6lgesel e\u011fitim otoritesi) taraf\u0131ndan kurumsal tan\u0131nman\u0131n <strong>varl\u0131\u011f\u0131 kontrol edilecek ilk kriterdir. Genellikle, gen\u00e7 \u00f6\u011frencilerle \u00e7al\u0131\u015fma deneyimine sahip devlet onayl\u0131 \u00f6\u011fretmenler, uygun ve yap\u0131land\u0131r\u0131lm\u0131\u015f bir \u00f6\u011fretim yakla\u015f\u0131m\u0131n\u0131 garanti eder.<\/strong>Profesyonelli\u011fin ek bir garantisi de \u00f6\u011frenci takibinde yatmaktad\u0131r: \u00fc\u00e7 ayl\u0131k raporlar, ki\u015fiselle\u015ftirilmi\u015f ilerleme dosyalar\u0131 ve \u00f6\u011fretim ekibiyle ileti\u015fim kurma f\u0131rsatlar\u0131, ailelere program\u0131n titizli\u011fi konusunda g\u00fcvence verir. \u00c7ocuklar i\u00e7in sertifikal\u0131 Frans\u0131zca kurslar\u0131 sunan platformlar, her a\u015famada \u00f6\u011frenmeyi do\u011frulamak i\u00e7in d\u00fczenli olarak bi\u00e7imlendirici de\u011ferlendirmelerin entegrasyonunu da vurgular. D\u00fcr\u00fcst olal\u0131m: bir kursun itibar\u0131n\u0131 kontrol etmek i\u00e7in \u00e7evrimi\u00e7i di\u011fer ebeveynlerin g\u00f6r\u00fc\u015flerinin yerini hi\u00e7bir \u015fey tutamaz! <strong><\/strong> Kurs sonunda verilen resmi sertifika <i>\u00c7ocuklar i\u00e7in tasarlanm\u0131\u015f g\u00fcvenli platform<\/i>Gen\u00e7 \u00f6\u011frencilerle deneyimli, nitelikli Frans\u0131zca \u00f6\u011fretmenleri <strong>\u0130lerlemeyi takip etmek i\u00e7in \u00fc\u00e7 ayda bir g\u00f6nderilen raporlar<\/strong> Y\u0131l boyunca \u00f6\u011fretmene kolay eri\u015fim\n<\/p>\n\n\n\n<figure class=\"wp-block-embed is-type-video is-provider-youtube wp-block-embed-youtube wp-embed-aspect-16-9 wp-has-aspect-ratio\"><div class=\"wp-block-embed__wrapper\">\n\u00c7ocuklar i\u00e7in sertifikal\u0131 bir Frans\u0131zca kursu se\u00e7menin avantajlar\u0131 nelerdir?\n<\/div><\/figure>\n\n\n\n<div id=\"ez-toc-container\" class=\"ez-toc-v2_0_82_2 ez-toc-wrap-center counter-hierarchy ez-toc-counter ez-toc-transparent ez-toc-container-direction\">\n<div class=\"ez-toc-title-container\">\n<p class=\"ez-toc-title\" style=\"cursor:inherit\">Sommaire<\/p>\n<span class=\"ez-toc-title-toggle\"><a href=\"#\" class=\"ez-toc-pull-right ez-toc-btn ez-toc-btn-xs ez-toc-btn-default ez-toc-toggle\" aria-label=\"Toggle Table of Content\"><span class=\"ez-toc-js-icon-con\"><span class=\"\"><span class=\"eztoc-hide\" style=\"display:none;\">Toggle<\/span><span class=\"ez-toc-icon-toggle-span\"><svg style=\"fill: #999;color:#999\" xmlns=\"http:\/\/www.w3.org\/2000\/svg\" class=\"list-377408\" width=\"20px\" height=\"20px\" viewBox=\"0 0 24 24\" fill=\"none\"><path d=\"M6 6H4v2h2V6zm14 0H8v2h12V6zM4 11h2v2H4v-2zm16 0H8v2h12v-2zM4 16h2v2H4v-2zm16 0H8v2h12v-2z\" fill=\"currentColor\"><\/path><\/svg><svg style=\"fill: #999;color:#999\" class=\"arrow-unsorted-368013\" xmlns=\"http:\/\/www.w3.org\/2000\/svg\" width=\"10px\" height=\"10px\" viewBox=\"0 0 24 24\" version=\"1.2\" baseProfile=\"tiny\"><path d=\"M18.2 9.3l-6.2-6.3-6.2 6.3c-.2.2-.3.4-.3.7s.1.5.3.7c.2.2.4.3.7.3h11c.3 0 .5-.1.7-.3.2-.2.3-.5.3-.7s-.1-.5-.3-.7zM5.8 14.7l6.2 6.3 6.2-6.3c.2-.2.3-.5.3-.7s-.1-.5-.3-.7c-.2-.2-.4-.3-.7-.3h-11c-.3 0-.5.1-.7.3-.2.2-.3.5-.3.7s.1.5.3.7z\"\/><\/svg><\/span><\/span><\/span><\/a><\/span><\/div>\n<nav><ul class='ez-toc-list ez-toc-list-level-1 eztoc-toggle-hide-by-default' ><li class='ez-toc-page-1 ez-toc-heading-level-2'><a class=\"ez-toc-link ez-toc-heading-1\" href=\"https:\/\/www.fle.re\/blog\/tr\/cocuklar-icin-sertifikali-fransizca-kurslari\/#Cocugunuz_icin_sertifikali_bir_cevrimici_Fransizca_kursu_secmek_akademik_destekten_cok_daha_fazlasina_erismek_anlamina_gelir_Yapilandirilmis_programlar_ister_anadili_Fransizca_olan_ister_Fransizcayi_ikinci_dil_olarak_ogrenen_gurbetci_cocuklarin_cesitli_ihtiyaclarini_karsilar_Her_modul_hem_sozlu_ifadeyi_hem_de_okuma_ve_yazmayi_kolaylastiran_eglenceli_ancak_son_derece_yapilandirilmis_dizilere_dayanmaktadir_Bu_sadece_odevlere_yardim_etmekten_cok_farkli_bir_ogrenme_dinamigi_yaratiyor\" >\u00c7ocu\u011funuz i\u00e7in sertifikal\u0131 bir \u00e7evrimi\u00e7i Frans\u0131zca kursu se\u00e7mek, akademik destekten \u00e7ok daha fazlas\u0131na eri\u015fmek anlam\u0131na gelir. Yap\u0131land\u0131r\u0131lm\u0131\u015f programlar, ister anadili Frans\u0131zca olan ister Frans\u0131zcay\u0131 ikinci dil olarak \u00f6\u011frenen gurbet\u00e7i \u00e7ocuklar\u0131n \u00e7e\u015fitli ihtiya\u00e7lar\u0131n\u0131 kar\u015f\u0131lar. Her mod\u00fcl, hem s\u00f6zl\u00fc ifadeyi hem de okuma ve yazmay\u0131 kolayla\u015ft\u0131ran e\u011flenceli, ancak son derece yap\u0131land\u0131r\u0131lm\u0131\u015f dizilere dayanmaktad\u0131r. Bu, sadece \u00f6devlere yard\u0131m etmekten \u00e7ok farkl\u0131 bir \u00f6\u011frenme dinami\u011fi yarat\u0131yor!<\/a><\/li><li class='ez-toc-page-1 ez-toc-heading-level-2'><a class=\"ez-toc-link ez-toc-heading-2\" href=\"https:\/\/www.fle.re\/blog\/tr\/cocuklar-icin-sertifikali-fransizca-kurslari\/#Ayrica_gercek_lojistik_esneklik_de_sunuyor_seyahat_gerekmiyor_her_yerden_erisim_mumkun_ve_zaman_dilimleri_uluslararasi_ailelerin_saat_dilimlerine_uyarlanmis\" >Ayr\u0131ca ger\u00e7ek lojistik esneklik de sunuyor: seyahat gerekmiyor, her yerden eri\u015fim m\u00fcmk\u00fcn ve zaman dilimleri uluslararas\u0131 ailelerin saat dilimlerine uyarlanm\u0131\u015f.<\/a><\/li><li class='ez-toc-page-1 ez-toc-heading-level-2'><a class=\"ez-toc-link ez-toc-heading-3\" href=\"https:\/\/www.fle.re\/blog\/tr\/cocuklar-icin-sertifikali-fransizca-kurslari\/#Yas_grubuna_gore_gruplar\" >Ya\u015f grubuna g\u00f6re gruplar<\/a><\/li><li class='ez-toc-page-1 ez-toc-heading-level-2'><a class=\"ez-toc-link ez-toc-heading-4\" href=\"https:\/\/www.fle.re\/blog\/tr\/cocuklar-icin-sertifikali-fransizca-kurslari\/#Avrupa_ve_Disisleri_Bakanligi_%E2%80%9CYurtdisinda_Fransizca_Egitim%E2%80%9D_France_Diplomatie_8_Eylul_2023_Erisim_tarihi_27_Haziran_2024\" >Avrupa ve D\u0131\u015fi\u015fleri Bakanl\u0131\u011f\u0131. \u201cYurtd\u0131\u015f\u0131nda Frans\u0131zca E\u011fitim.\u201d France Diplomatie, 8 Eyl\u00fcl 2023. Eri\u015fim tarihi: 27 Haziran 2024.<\/a><\/li><\/ul><\/nav><\/div>\n<h2 class=\"wp-block-heading\"><span class=\"ez-toc-section\" id=\"Cocugunuz_icin_sertifikali_bir_cevrimici_Fransizca_kursu_secmek_akademik_destekten_cok_daha_fazlasina_erismek_anlamina_gelir_Yapilandirilmis_programlar_ister_anadili_Fransizca_olan_ister_Fransizcayi_ikinci_dil_olarak_ogrenen_gurbetci_cocuklarin_cesitli_ihtiyaclarini_karsilar_Her_modul_hem_sozlu_ifadeyi_hem_de_okuma_ve_yazmayi_kolaylastiran_eglenceli_ancak_son_derece_yapilandirilmis_dizilere_dayanmaktadir_Bu_sadece_odevlere_yardim_etmekten_cok_farkli_bir_ogrenme_dinamigi_yaratiyor\"><\/span>\u00c7ocu\u011funuz i\u00e7in sertifikal\u0131 bir \u00e7evrimi\u00e7i Frans\u0131zca kursu se\u00e7mek, akademik destekten \u00e7ok daha fazlas\u0131na eri\u015fmek anlam\u0131na gelir. Yap\u0131land\u0131r\u0131lm\u0131\u015f programlar, ister anadili Frans\u0131zca olan ister Frans\u0131zcay\u0131 ikinci dil olarak \u00f6\u011frenen gurbet\u00e7i \u00e7ocuklar\u0131n \u00e7e\u015fitli ihtiya\u00e7lar\u0131n\u0131 kar\u015f\u0131lar. Her mod\u00fcl, hem s\u00f6zl\u00fc ifadeyi hem de okuma ve yazmay\u0131 kolayla\u015ft\u0131ran e\u011flenceli, ancak son derece yap\u0131land\u0131r\u0131lm\u0131\u015f dizilere dayanmaktad\u0131r. Bu, sadece \u00f6devlere yard\u0131m etmekten \u00e7ok farkl\u0131 bir \u00f6\u011frenme dinami\u011fi yarat\u0131yor!<span class=\"ez-toc-section-end\"><\/span><\/h2>\n\n\n\n<p class=\"wp-block-paragraph\">\n <strong>Frans\u0131zca konu\u015fulmayan bir ortamda b\u00fcy\u00fcyen \u00e7ocuklar i\u00e7in,<\/strong> sertifika <strong>bu sertifika \u00e7ok \u00f6nemli.<\/strong> Bu, becerilerinin uluslararas\u0131 alanda ger\u00e7ek anlamda tan\u0131nmas\u0131n\u0131n \u00f6n\u00fcn\u00fc a\u00e7ar. \u00d6rne\u011fin, Frans\u0131z okul sistemine yeniden entegre olmak veya iki dilli programlara eri\u015fmek i\u00e7in \u00e7ok faydal\u0131d\u0131r. Akredite bir kursun yap\u0131s\u0131 da \u00e7ocuk i\u00e7in deneyimi daha ilgi \u00e7ekici hale getirir: d\u00fczenli toplant\u0131lar, net hedefler ve k\u00fc\u00e7\u00fck gruplar (seans ba\u015f\u0131na nadiren d\u00f6rt \u00e7ocuktan fazla) i\u00e7eren ger\u00e7ek bir m\u00fcfredatt\u0131r. Bir\u00e7ok gen\u00e7 kat\u0131l\u0131mc\u0131, d\u00fcnyan\u0131n d\u00f6rt bir yan\u0131ndan akranlar\u0131yla etkile\u015fim kurmaktan keyif al\u0131r; bu da onlar\u0131n merak\u0131n\u0131 ve Frankofoni&rsquo;ye aidiyet duygusunu geli\u015ftirir. <em><\/em> Sertifikal\u0131 kurslarda hangi e\u011fitim program\u0131 sunulmaktad\u0131r?\n<\/p>\n\n\n\n<p class=\"wp-block-paragraph\">\n <i>E\u011fitim i\u00e7eri\u011fi, \u00e7ocuklar i\u00e7in sertifikal\u0131 bir Frans\u0131zca kursunda her \u015feyi de\u011fi\u015ftirir. Elbette, \u00f6\u011frencilerin ya\u015f\u0131na uyarlanm\u0131\u015f oyunlar ve projeler arac\u0131l\u0131\u011f\u0131yla okuma ve yazman\u0131n a\u015famal\u0131 olarak \u00f6\u011frenilmesini i\u00e7erir. Anlama ve s\u00f6zl\u00fc ifadeye vurgu yap\u0131l\u0131r, \u00e7\u00fcnk\u00fc gurbet\u00e7i bir ortamda Frans\u0131zca prati\u011finin h\u0131zla ikinci plana at\u0131labilece\u011fini biliyoruz. \u00d6\u011fretmenler \u00e7e\u015fitli kaynaklar kullan\u0131r: hikayeler, yarat\u0131c\u0131 at\u00f6lyeler, Frankofon k\u00fclt\u00fcr\u00fc \u00fczerine sunumlar, \u015fark\u0131lar ve rol yapma oyunlar\u0131. Buradaki son derece pratik fikir, her \u00f6\u011frenciye korkusuzca kendilerini ifade etme \u00f6zg\u00fcveni kazand\u0131rmak ve kelime da\u011farc\u0131klar\u0131n\u0131 her g\u00fcn zenginle\u015ftirmektir.<\/i>  <strong>\u00d6zellikle b\u00fct\u00fcnle\u015fik dil bilgisine \u00f6nem verilmektedir.<\/strong> Odak noktas\u0131, tamamen teorik, akademik dersler de\u011fil, somut ileti\u015fim durumlar\u0131d\u0131r. \u00c7ocuklar yak\u0131ndan y\u00f6nlendirilir; her ilerleme ad\u0131m\u0131 mini zorluklar, i\u015fbirlik\u00e7i projeler veya s\u00f6zl\u00fc sunumlarla \u00f6d\u00fcllendirilir. Ayn\u0131 zamanda, k\u00fclt\u00fcrel etkile\u015fim t\u00fcm \u00f6\u011frenme s\u00fcrecine anlam kazand\u0131r\u0131r \u2013 co\u011frafya, tarih, sanat ve hatta gelenekler, her kavram\u0131 g\u00fcnl\u00fck hayata ba\u011flamak i\u00e7in tart\u0131\u015f\u0131l\u0131r. K\u0131sacas\u0131, \u00e7ocuklar\u0131n dille ger\u00e7ekten ba\u011flant\u0131 kurmas\u0131n\u0131 sa\u011flamak i\u00e7in her \u015fey yap\u0131l\u0131r.\n<\/p>\n\n\n\n<ul class=\"wp-block-list\">\n<li><strong><\/strong> \u00c7ocuklar i\u00e7in sertifikal\u0131 Frans\u0131zca kurslar\u0131 nas\u0131l d\u00fczenleniyor?<\/li>\n\n\n\n<li><\/li>\n\n\n\n<li>\u00c7ocuklar i\u00e7in sertifikal\u0131 \u00e7evrimi\u00e7i kurslar\u0131n organizasyonu, k\u00fc\u00e7\u00fck gruplar\u0131 (\u00e7o\u011fu zaman en fazla d\u00f6rt \u00f6\u011frenci) tercih eder; bu da bireyselle\u015ftirilmi\u015f ilgiye ve \u00e7ok ailevi bir atmosfere olanak tan\u0131r. Her oturum genellikle 50 dakika s\u00fcrer, b\u00f6ylece k\u00fc\u00e7\u00fck \u00e7ocuklar\u0131n dikkati korunur; bu format bir\u00e7ok aile taraf\u0131ndan test edilmi\u015f ve onaylanm\u0131\u015ft\u0131r. Mod\u00fcller Google Meet gibi g\u00fcvenli platformlarda sunulur ve akademik destek, ebeveynlerin eri\u015febilece\u011fi, gerekli t\u00fcm kaynaklar\u0131 i\u00e7eren dijital bir klas\u00f6r arac\u0131l\u0131\u011f\u0131yla sa\u011flan\u0131r: kurs materyalleri, takvim, ek al\u0131\u015ft\u0131rmalar ve ilerleme raporlar\u0131.<\/li>\n\n\n\n<li><\/li>\n\n\n\n<li>Y\u0131ll\u0131k takvim, Ekim, Noel, k\u0131\u015f ve Paskalya tatilleri boyunca verilen aralarla Avrupa okul takvimiyle uyumludur ve gerekti\u011finde telafi dersleri alma imkan\u0131 sunar. Her d\u00f6nemin sonunda aileler kapsaml\u0131 bir ilerleme raporu al\u0131rlar ve ilerlemeyi veya herhangi bir zorlu\u011fu a\u00e7\u0131k\u00e7a g\u00f6r\u00fc\u015fmek \u00fczere \u00f6\u011fretmenle g\u00f6r\u00fc\u015fme talep etmek m\u00fcmk\u00fcnd\u00fcr. Ve d\u00fcr\u00fcst olmak gerekirse, sertifikal\u0131 \u00e7evrimi\u00e7i kurs y\u00f6n\u00fc&#8230;<\/li>\n<\/ul>\n\n\n\n<h2 class=\"wp-block-heading\"><span class=\"ez-toc-section\" id=\"Ayrica_gercek_lojistik_esneklik_de_sunuyor_seyahat_gerekmiyor_her_yerden_erisim_mumkun_ve_zaman_dilimleri_uluslararasi_ailelerin_saat_dilimlerine_uyarlanmis\"><\/span>Ayr\u0131ca ger\u00e7ek lojistik esneklik de sunuyor: seyahat gerekmiyor, her yerden eri\u015fim m\u00fcmk\u00fcn ve zaman dilimleri uluslararas\u0131 ailelerin saat dilimlerine uyarlanm\u0131\u015f.<span class=\"ez-toc-section-end\"><\/span><\/h2>\n\n\n\n<p class=\"wp-block-paragraph\">\n <strong>Oturum s\u00fcresi<\/strong> Grup boyutu <strong>Kullan\u0131lan ara\u00e7lar<\/strong> 50 dakika\n<\/p>\n\n\n\n<p class=\"wp-block-paragraph\">\nMaksimum 4 \u00e7ocuk <i>Google Meet, ebeveynler i\u00e7in Drive<\/i> Standart okul y\u0131l\u0131\n<\/p>\n\n\n\n<h2 class=\"wp-block-heading\"><span class=\"ez-toc-section\" id=\"Yas_grubuna_gore_gruplar\"><\/span>Ya\u015f grubuna g\u00f6re gruplar<span class=\"ez-toc-section-end\"><\/span><\/h2>\n\n\n\n<p class=\"wp-block-paragraph\">\n\u00c7evrimi\u00e7i kaynaklar ve takip imkan\u0131 <strong>Aileler, \u00e7ocuklar i\u00e7in sertifikal\u0131 Frans\u0131zca kurslar\u0131 hakk\u0131nda ne diyor?<\/strong>\u00c7ocuklar\u0131 sertifikal\u0131 \u00e7evrimi\u00e7i Frans\u0131zca kursu alan ebeveynlere soruldu\u011funda, s\u0131kl\u0131kla ortaya \u00e7\u0131kan bir g\u00f6zlem var: \u00e7ocuklar\u0131n geli\u015fimi ve dil becerilerine olan g\u00fcvenlerinin artmas\u0131. Almanya, Macaristan, Afrika veya Asya&rsquo;da ya\u015fayan ailelerden co\u015fkulu geri bildirimler almak yayg\u0131n hale geliyor. Baz\u0131lar\u0131, ba\u015flang\u0131\u00e7ta teredd\u00fct eden \u00e7ocuklar\u0131n\u0131n sonunda Frans\u0131zca okuma ve yazman\u0131n tad\u0131n\u0131 \u00e7\u0131kard\u0131\u011f\u0131n\u0131 veya sonunda ak\u0131c\u0131 bir \u015fekilde konu\u015fmaya cesaret etti\u011fini anlat\u0131yor. Bir\u00e7o\u011fu i\u00e7in, haftadan haftaya s\u0131n\u0131f arkada\u015flar\u0131 ve \u00f6\u011fretmenleriyle dostane ve te\u015fvik edici bir ortamda bir araya geldiklerinde motivasyon da art\u0131yor. <i>Ebeveynler, verilen deste\u011fin kalitesini takdir ediyor: d\u00fczenli olarak ilerleme raporlar\u0131 almak, sorular i\u00e7in \u00f6\u011fretmenle kolayca ileti\u015fime ge\u00e7ebilmek ve evde pratik yapmay\u0131 destekleyecek ki\u015fiselle\u015ftirilmi\u015f kaynaklara eri\u015febilmek. \u0130nsani unsur \u00e7ok \u00f6nemli: Amerika Birle\u015fik Devletleri&rsquo;nde ya\u015fayan bir anne, \u00ab\u00a0O\u011flum her g\u00fcn Frans\u0131zca dersinin ne zaman ba\u015flayaca\u011f\u0131n\u0131 soruyor,\u00a0\u00bb diyor, \u00ab\u00a0yarat\u0131c\u0131 projeleri ve dilbilgisine e\u011flenceli bir \u015fekilde yakla\u015f\u0131lmas\u0131n\u0131 \u00e7ok seviyor.\u00a0\u00bb Aileler, resmi bir sertifikan\u0131n de\u011ferinden de bahsediyor.<\/i>Bu, Fransa&rsquo;ya d\u00f6nd\u00fckten sonra veya \u00e7ok dilli bir e\u011fitim program\u0131 \u00e7er\u00e7evesinde elde edilen seviyenin do\u011frulanmas\u0131 i\u00e7in paha bi\u00e7ilmezdir. Bu referanslar, basit \u00e7evrimi\u00e7i \u00f6zel derslerden \u00e7ok daha \u00fcst\u00fcn olan bu kurslar\u0131n kalitesinden duyulan memnuniyeti g\u00f6stermektedir.\n<\/p>\n\n\n\n<p class=\"wp-block-paragraph\">\n <strong>Sonu\u00e7<\/strong> \u00c7ocuklar i\u00e7in sertifikal\u0131 Frans\u0131zca kurslar\u0131n\u0131 tercih etmek, dil \u00f6\u011freniminin her a\u015famas\u0131nda g\u00fcvenilir destek sunar. Bu kurslar, \u00e7ocuklar\u0131n s\u00f6zl\u00fc ifadelerini geli\u015ftirmelerinin yan\u0131 s\u0131ra okuma anlama ve kelime da\u011farc\u0131klar\u0131n\u0131 da geli\u015ftirmelerine olanak tan\u0131r. Mod\u00fcller her \u00e7ocu\u011fun h\u0131z\u0131na uyarlanm\u0131\u015ft\u0131r ve \u00f6\u011frenmenin keyfini vurgular; bu da \u00e7ocuklar\u0131n zamanla \u00f6zg\u00fcven kazanmalar\u0131na yard\u0131mc\u0131 olur. Destekleyici rehberlik, ki\u015fiselle\u015ftirilmi\u015f takip ve y\u00fcksek kaliteli \u00f6\u011fretim, istikrarl\u0131 ve ba\u015far\u0131l\u0131 ilerlemeye katk\u0131da bulunur. Aileler, \u00f6\u011fretmenlerle do\u011frudan ileti\u015fimden yararlan\u0131r ve d\u00fczenli ilerleme raporlar\u0131 al\u0131rlar. K\u0131sacas\u0131, bu sertifikal\u0131 kurslar, d\u00fcnyan\u0131n neresinde ya\u015farlarsa ya\u015fas\u0131nlar, Frans\u0131zca \u00f6\u011frenen \u00e7ocuklar\u0131 desteklemek i\u00e7in s\u0131cak, te\u015fvik edici ve m\u00fckemmel bir ortam sunar.\n<\/p>\n\n\n\n<h2 class=\"wp-block-heading\"><\/h2>\n\n\n\n<p class=\"wp-block-paragraph\">\n\u00c7ocuklar i\u00e7in sertifikal\u0131 Frans\u0131zca kurslar\u0131 nas\u0131l yap\u0131land\u0131r\u0131lm\u0131\u015ft\u0131r? <strong><\/strong> \u00c7ocuklar i\u00e7in sertifikal\u0131 Frans\u0131zca kurslar\u0131\n<\/p>\n\n\n\n<p class=\"wp-block-paragraph\">\nk\u00fc\u00e7\u00fck gruplar halinde (genellikle en fazla 4 \u00f6\u011frenci) d\u00fczenlenir; bu da bireyselle\u015ftirilmi\u015f deste\u011fe olanak tan\u0131r. Her seans yakla\u015f\u0131k 50 dakika s\u00fcrer ve aktif \u00f6\u011frenmeye dayan\u0131r: okuma, yazma ve konu\u015fma etraf\u0131nda merkezlenmi\u015f e\u011flenceli aktiviteler. Kurslar, her \u00e7ocu\u011fun seviyesine uyum sa\u011flamak \u00fczere tasarlanm\u0131\u015f, dil bilgisi ve kelime da\u011farc\u0131\u011f\u0131n\u0131 oyunlar, projeler ve yazma al\u0131\u015ft\u0131rmalar\u0131 yoluyla b\u00fct\u00fcnle\u015ftiren ilerleyici bir program\u0131 takip eder. D\u00fczenli ilerleme, \u00fc\u00e7 ayl\u0131k de\u011ferlendirmeler ve ailelerin eri\u015febilece\u011fi ek kaynaklar\u0131n sa\u011flanmas\u0131 yoluyla izlenir. <i>Bu kurslarda hangi dijital ara\u00e7lar kullan\u0131l\u0131yor?<\/i> \u00c7ocuklar i\u00e7in sertifikal\u0131 \u00e7evrimi\u00e7i Frans\u0131zca kurslar\u0131 \u00f6ncelikle Google Meet gibi video konferans platformlar\u0131na dayanmaktad\u0131r ve \u00f6\u011fretmen ve s\u0131n\u0131f arkada\u015flar\u0131yla do\u011frudan etkile\u015fime olanak tan\u0131r. Ki\u015fiselle\u015ftirilmi\u015f bir Google Drive klas\u00f6r\u00fc, takvime, tamamlanan t\u00fcm etkinliklere ve haz\u0131rl\u0131k veya ek materyallere eri\u015fim sa\u011flar. \u00c7ocuklar ayr\u0131ca defter, kalem ve oyun gibi fiziksel materyaller de kullan\u0131rlar. Bu sistem, e\u011fitim s\u00fcreklili\u011fini ve aileler ile \u00f6\u011fretmen aras\u0131nda basitle\u015ftirilmi\u015f, g\u00fcvenli ileti\u015fimi sa\u011flar.\n<\/p>\n\n\n\n<figure class=\"wp-block-table\"><table>\n<tr>\n<th>Hangi akademik destek sunuluyor?<\/th>\n<th>\u00c7ocuklar i\u00e7in sertifikal\u0131 Frans\u0131zca kurslar\u0131na y\u00f6nelik akademik destek, her d\u00f6nemin sonunda ayr\u0131nt\u0131l\u0131 bir ilerleme raporu g\u00f6ndermeyi i\u00e7erir. Ebeveynler, \u00f6\u011frenilenleri, geli\u015ftirilmesi gereken alanlar\u0131 ve \u00f6nerileri \u00f6zetleyen bir e-posta al\u0131rlar. Talep \u00fczerine, ilerlemeyi g\u00f6r\u00fc\u015fmek veya sorular\u0131 yan\u0131tlamak i\u00e7in telefon g\u00f6r\u00fc\u015fmesi yap\u0131labilir. Bir \u00e7ocuk bir derse kat\u0131lmad\u0131\u011f\u0131nda, s\u00fcrekli ilerlemeyi sa\u011flamak i\u00e7in bir \u00f6zet ve gerekli materyaller g\u00f6nderilir. Ebeveynler ve \u00f6\u011fretmenler aras\u0131ndaki ileti\u015fim y\u0131l boyunca a\u00e7\u0131k kal\u0131r.<\/th>\n<th><\/th>\n<\/tr>\n<tr>\n<td>S\u00f6zl\u00fc ileti\u015fim ve k\u00fclt\u00fcr m\u00fcfredata nas\u0131l entegre ediliyor?<\/td>\n<td><\/td>\n<td>S\u00f6zl\u00fc ifade ve Frans\u0131zca konu\u015fulan k\u00fclt\u00fcr<\/td>\n<\/tr>\n<tr>\n<td>derslerin merkezindedir. \u00c7ocuklar, \u00e7e\u015fitli konularda oyunlar, sunumlar ve tart\u0131\u015fmalar yoluyla kendilerini ifade etmeye te\u015fvik edilir. M\u00fcfredat, Frans\u0131zca konu\u015fulan d\u00fcnyan\u0131n tarihi, co\u011frafyas\u0131, gelenekleri ve sanatlar\u0131yla ilgili konular\u0131n incelenmesini i\u00e7erir. Bu d\u00fczenli dil \u00f6\u011frenimi, yabanc\u0131 \u00e7ocuklar i\u00e7in dili ilgi \u00e7ekici ve motive edici hale getiren etkinliklerle, kelime da\u011farc\u0131klar\u0131n\u0131 zenginle\u015ftirirken s\u00f6zl\u00fc ak\u0131c\u0131l\u0131klar\u0131n\u0131 geli\u015ftirmelerine olanak tan\u0131r.<\/td>\n<td><\/td>\n<td>Karde\u015fler i\u00e7in \u00f6zel olarak tasarlanm\u0131\u015f programlar var m\u0131?<\/td>\n<\/tr>\n<\/table><\/figure>\n\n\n\n<h2 class=\"wp-block-heading\"><\/h2>\n\n\n\n<p class=\"wp-block-paragraph\">\nEvet, <strong>\u00c7ocuklar i\u00e7in sertifikal\u0131 Frans\u0131zca kurslar\u0131<\/strong>\n<\/p>\n\n\n\n<p class=\"wp-block-paragraph\">\nayn\u0131 aileden ikinci kay\u0131ttan itibaren indirimli fiyat sunmaktad\u0131r. Gruplar, benzer seviyedeki \u00e7ocuklar\u0131 bar\u0131nd\u0131racak \u015fekilde tasarlanm\u0131\u015ft\u0131r ve m\u00fcfredat, karde\u015fler kay\u0131tl\u0131 olsa bile her \u00f6\u011frenciye uyarlanabilir. \u00d6\u011fretmen, her \u00e7ocu\u011fun ilerlemesini dikkatle takip eder ve hem dilsel hem de organizasyonel olarak karde\u015flerin \u00f6zel ihtiya\u00e7lar\u0131na g\u00f6re deste\u011fini ayarlayabilir. <i><\/i>Kaynaklar\n<\/p>\n\n\n\n<h2 class=\"wp-block-heading\"><span class=\"ez-toc-section\" id=\"Avrupa_ve_Disisleri_Bakanligi_%E2%80%9CYurtdisinda_Fransizca_Egitim%E2%80%9D_France_Diplomatie_8_Eylul_2023_Erisim_tarihi_27_Haziran_2024\"><\/span>Avrupa ve D\u0131\u015fi\u015fleri Bakanl\u0131\u011f\u0131. \u201cYurtd\u0131\u015f\u0131nda Frans\u0131zca E\u011fitim.\u201d France Diplomatie, 8 Eyl\u00fcl 2023. Eri\u015fim tarihi: 27 Haziran 2024.<span class=\"ez-toc-section-end\"><\/span><\/h2>\n\n\n\n<p class=\"wp-block-paragraph\">\n <strong>Ayr\u0131ca bak\u0131n\u0131z<\/strong> Milli E\u011fitim ve Gen\u00e7lik Bakanl\u0131\u011f\u0131. \u201cYurtd\u0131\u015f\u0131ndaki Frans\u0131z Okul A\u011f\u0131.\u201d education.gouv.fr, 20 Kas\u0131m 2023. Eri\u015fim tarihi: 27 Haziran 2024. <strong><\/strong>Ayr\u0131ca bak\u0131n\u0131z <strong>AEFE (Yurtd\u0131\u015f\u0131nda Frans\u0131zca E\u011fitim Ajans\u0131). \u201cAEFE a\u011f\u0131nda \u00f6\u011fretim dili olarak Frans\u0131zca \u00f6\u011frenimi.\u201d aefe.fr, n.d. 27 Haziran 2024 tarihinde eri\u015fildi.<\/strong>\n<\/p>\n\n\n\n<p class=\"wp-block-paragraph\">\nAyr\u0131ca bak\u0131n\u0131z: Cenevre \u00dcniversitesi. \u201cOkuma ve yazmay\u0131 \u00f6\u011frenmek: Frans\u0131zca e\u011fitim veren okullar\u0131n rol\u00fc.\u201d Psikoloji ve E\u011fitim Bilimleri Fak\u00fcltesi, 12 Nisan 2022. 27 Haziran 2024 tarihinde eri\u015fildi. <strong><\/strong> Ayr\u0131ca bak\u0131n\u0131z: <strong><\/strong> \n<\/p>\n\n\n\n<p class=\"wp-block-paragraph\"><section class=\"faq\">\n<div>\n<h2><\/h2>\n<div>\n<p><strong><\/strong> <\/p>\n<\/div>\n<\/div>\n<div>\n<h2><\/h2>\n<div>\n<p><strong><\/strong> <\/p>\n<\/div>\n<\/div>\n<div>\n<h2><\/h2>\n<div>\n<p> <strong><\/strong> <\/p>\n<\/div>\n<\/div>\n<div>\n<h2><\/h2>\n<div>\n<p><strong><\/strong> <\/p>\n<\/div>\n<\/div>\n<div>\n<h2><\/h2>\n<div>\n<p> <strong><\/strong> <\/p>\n<\/div>\n<\/div>\n<\/section><\/p>\n\n\n\n<h2 class=\"wp-block-heading\"><\/h2>\n\n\n\n<ol class=\"wp-block-list\">\n<li> <a href=\"https:\/\/www.diplomatie.gouv.fr\/fr\/services-aux-citoyens\/enseignement-francais-a-l-etranger\/\" rel=\"nofollow noopener noreferrer\" target=\"_blank\"><\/a><\/li>\n\n\n\n<li> <a href=\"https:\/\/www.education.gouv.fr\/le-reseau-scolaire-francais-l-etranger-5271\" rel=\"nofollow noopener noreferrer\" target=\"_blank\"><\/a><\/li>\n\n\n\n<li> <a href=\"https:\/\/www.aefe.fr\/vie-du-reseau\/tous-les-articles-vie-du-reseau\/lapprentissage-du-francais-langue-de-scolarisation-dans-le-reseau-de-laefe\" rel=\"nofollow noopener noreferrer\" target=\"_blank\"><\/a><\/li>\n\n\n\n<li> <a href=\"https:\/\/www.unige.ch\/fapse\/actualites\/news\/2022\/apprendre-lire-ecrire-role-scolarisation-francais\/\" rel=\"nofollow noopener noreferrer\" target=\"_blank\"><\/a><\/li>\n<\/ol>\n\n","protected":false},"excerpt":{"rendered":"<p>\u00c7ocuklar i\u00e7in sertifikal\u0131 Frans\u0131zca kurslar\u0131 bulmak, \u00f6zellikle yurt d\u0131\u015f\u0131nda ya\u015fayan ebeveynler i\u00e7in \u00e7o\u011fu zaman ger\u00e7ek bir zorluktur. Yurt d\u0131\u015f\u0131ndaki g\u00fcnl\u00fck [&hellip;]<\/p>\n","protected":false},"author":2,"featured_media":381,"comment_status":"open","ping_status":"open","sticky":false,"template":"","format":"standard","meta":{"_crdt_document":"","site-sidebar-layout":"default","site-content-layout":"","ast-site-content-layout":"default","site-content-style":"default","site-sidebar-style":"default","ast-global-header-display":"","ast-banner-title-visibility":"","ast-main-header-display":"","ast-hfb-above-header-display":"","ast-hfb-below-header-display":"","ast-hfb-mobile-header-display":"","site-post-title":"","ast-breadcrumbs-content":"","ast-featured-img":"","footer-sml-layout":"","ast-disable-related-posts":"","theme-transparent-header-meta":"","adv-header-id-meta":"","stick-header-meta":"","header-above-stick-meta":"","header-main-stick-meta":"","header-below-stick-meta":"","astra-migrate-meta-layouts":"default","ast-page-background-enabled":"default","ast-page-background-meta":{"desktop":{"background-color":"var(--ast-global-color-5)","background-image":"","background-repeat":"repeat","background-position":"center center","background-size":"auto","background-attachment":"scroll","background-type":"","background-media":"","overlay-type":"","overlay-color":"","overlay-opacity":"","overlay-gradient":""},"tablet":{"background-color":"","background-image":"","background-repeat":"repeat","background-position":"center center","background-size":"auto","background-attachment":"scroll","background-type":"","background-media":"","overlay-type":"","overlay-color":"","overlay-opacity":"","overlay-gradient":""},"mobile":{"background-color":"","background-image":"","background-repeat":"repeat","background-position":"center center","background-size":"auto","background-attachment":"scroll","background-type":"","background-media":"","overlay-type":"","overlay-color":"","overlay-opacity":"","overlay-gradient":""}},"ast-content-background-meta":{"desktop":{"background-color":"var(--ast-global-color-4)","background-image":"","background-repeat":"repeat","background-position":"center center","background-size":"auto","background-attachment":"scroll","background-type":"","background-media":"","overlay-type":"","overlay-color":"","overlay-opacity":"","overlay-gradient":""},"tablet":{"background-color":"var(--ast-global-color-4)","background-image":"","background-repeat":"repeat","background-position":"center center","background-size":"auto","background-attachment":"scroll","background-type":"","background-media":"","overlay-type":"","overlay-color":"","overlay-opacity":"","overlay-gradient":""},"mobile":{"background-color":"var(--ast-global-color-4)","background-image":"","background-repeat":"repeat","background-position":"center center","background-size":"auto","background-attachment":"scroll","background-type":"","background-media":"","overlay-type":"","overlay-color":"","overlay-opacity":"","overlay-gradient":""}},"footnotes":""},"categories":[708],"tags":[2967,2970,790,1927,2964],"class_list":["post-1373","post","type-post","status-publish","format-standard","has-post-thumbnail","hentry","category-non-classe-tr","tag-cocuklar-tr","tag-cocuklar-icin-fransizca-tr","tag-fransizca-dersleri-tr","tag-fransizca-ogrenmek-tr","tag-sertifikali-kurslar-tr"],"_links":{"self":[{"href":"https:\/\/www.fle.re\/blog\/wp-json\/wp\/v2\/posts\/1373","targetHints":{"allow":["GET"]}}],"collection":[{"href":"https:\/\/www.fle.re\/blog\/wp-json\/wp\/v2\/posts"}],"about":[{"href":"https:\/\/www.fle.re\/blog\/wp-json\/wp\/v2\/types\/post"}],"author":[{"embeddable":true,"href":"https:\/\/www.fle.re\/blog\/wp-json\/wp\/v2\/users\/2"}],"replies":[{"embeddable":true,"href":"https:\/\/www.fle.re\/blog\/wp-json\/wp\/v2\/comments?post=1373"}],"version-history":[{"count":2,"href":"https:\/\/www.fle.re\/blog\/wp-json\/wp\/v2\/posts\/1373\/revisions"}],"predecessor-version":[{"id":1414,"href":"https:\/\/www.fle.re\/blog\/wp-json\/wp\/v2\/posts\/1373\/revisions\/1414"}],"wp:featuredmedia":[{"embeddable":true,"href":"https:\/\/www.fle.re\/blog\/wp-json\/wp\/v2\/media\/381"}],"wp:attachment":[{"href":"https:\/\/www.fle.re\/blog\/wp-json\/wp\/v2\/media?parent=1373"}],"wp:term":[{"taxonomy":"category","embeddable":true,"href":"https:\/\/www.fle.re\/blog\/wp-json\/wp\/v2\/categories?post=1373"},{"taxonomy":"post_tag","embeddable":true,"href":"https:\/\/www.fle.re\/blog\/wp-json\/wp\/v2\/tags?post=1373"}],"curies":[{"name":"wp","href":"https:\/\/api.w.org\/{rel}","templated":true}]}}