{"id":1460,"date":"2025-12-16T19:06:52","date_gmt":"2025-12-16T19:06:52","guid":{"rendered":"https:\/\/www.fle.re\/blog\/?p=1460"},"modified":"2026-01-13T16:12:56","modified_gmt":"2026-01-13T16:12:56","slug":"erasmus-ogrencileri-icin-fransizca","status":"publish","type":"post","link":"https:\/\/www.fle.re\/blog\/tr\/erasmus-ogrencileri-icin-fransizca\/","title":{"rendered":"Erasmus \u00f6\u011frencileri i\u00e7in Frans\u0131zca"},"content":{"rendered":"\n<p class=\"wp-block-paragraph\">\nErasmus+ program\u0131 arac\u0131l\u0131\u011f\u0131yla Fransa&rsquo;ya ta\u015f\u0131nmak, yeni bir kurumda ders almaktan \u00e7ok daha fazlas\u0131d\u0131r: Erasmus \u00f6\u011frencileri i\u00e7in Frans\u0131zca \u00f6\u011frenmek, g\u00fcnl\u00fck hayatta h\u0131zla vazge\u00e7ilmez hale gelir. S\u0131n\u0131f tart\u0131\u015fmalar\u0131, idari i\u015flemler, arkada\u015flarla ge\u00e7irilen zaman\u2014her \u015fey dil etraf\u0131nda d\u00f6ner. D\u00fcr\u00fcst olmak gerekirse, kelimeyi anlamad\u0131\u011f\u0131n\u0131z i\u00e7in bir \u015fakay\u0131 ka\u00e7\u0131rmak veya kahve sipari\u015f etmekte zorlanmak \u00e7ok kolayd\u0131r. Peki, kaybolmu\u015f hissetmeden Fransa&rsquo;daki \u00f6\u011frenci hayat\u0131na nas\u0131l entegre olup onu benimseyebilirsiniz? <strong><\/strong>H\u0131zl\u0131 bir \u015fekilde ilerlemek ve rahat hissetmek isteyenler i\u00e7in, Frans\u0131zca&rsquo;ya adanm\u0131\u015f bir \u00e7evrimi\u00e7i platformla \u00f6\u011frenmek modern ve etkili bir \u00e7\u00f6z\u00fcmd\u00fcr. Bu sadece kelime veya dilbilgisi \u00f6\u011frenmekle ilgili de\u011fil; ayn\u0131 zamanda Frans\u0131z toplumunun k\u00fclt\u00fcrel n\u00fcanslar\u0131n\u0131 ve kodlar\u0131n\u0131 kavramakla da ilgilidir. Geleneksel ders kitaplar\u0131ndan \u00e7ok uzak, ger\u00e7ekli\u011fe ad\u0131m at\u0131yorsunuz! De\u011fi\u015fimler do\u011fal hale gelir, \u00fcniversite projeleri ger\u00e7ek anlam kazan\u0131r ve kabul edelim ki, ak\u0131c\u0131 ve canl\u0131 Frans\u0131zca sayesinde g\u00fcnl\u00fck hayat\u0131n k\u00fc\u00e7\u00fck zevklerinin tad\u0131n\u0131 \u00e7ok daha fazla \u00e7\u0131kar\u0131yoruz. <i><\/i> https:\/\/www.youtube.com\/watch?v=a5DIeVe9xqQ <strong>Fransa&rsquo;da Erasmus d\u00f6nemi \u00f6ncesinde dilsel olarak nas\u0131l haz\u0131rlan\u0131l\u0131r?<\/strong> Ba\u015fka bir Avrupa \u00fclkesinden gelip Fransa&rsquo;da \u00f6\u011frenci hayat\u0131 ya\u015famak, \u00f6zellikle Erasmus kal\u0131\u015f\u0131 \u00f6ncesinde Frans\u0131zca haz\u0131rl\u0131\u011f\u0131 s\u00f6z konusu oldu\u011funda, bir\u00e7ok soruyu g\u00fcndeme getirebilir.\n<\/p>\n\n\n\n<p class=\"wp-block-paragraph\">\nBir\u00e7ok gen\u00e7, dinleme ve okuma anlama becerilerini nas\u0131l h\u0131zla geli\u015ftireceklerini ve ilk birka\u00e7 derste rahat hissetmek i\u00e7in birka\u00e7 mod\u00fcl alman\u0131n yeterli olup olmad\u0131\u011f\u0131n\u0131 merak ediyor. \u0130\u015fte s\u0131rr\u0131, kademeli olarak dil \u00f6\u011frenimine dalmakt\u0131r! Dil ile ilgili kaynaklar\u0131n\u0131z\u0131 \u00e7o\u011faltman\u0131z kesinlikle \u00f6nerilir: altyaz\u0131l\u0131 diziler, gazete okumak veya tart\u0131\u015fma platformlar\u0131nda do\u011frudan ileti\u015fim kurmak. Frans\u0131zca akademik kelime da\u011farc\u0131\u011f\u0131na a\u015fina olmak i\u00e7in birka\u00e7 hafta ay\u0131r\u0131n. <strong>Ve g\u00fcnl\u00fck Frans\u0131zca kullanmak, geldi\u011finiz andan itibaren stresi azaltmaya yard\u0131mc\u0131 olur.<\/strong>Erasmus \u00f6\u011frencilerinin \u00f6zel ihtiya\u00e7lar\u0131na g\u00f6re uyarlanm\u0131\u015f \u00e7evrimi\u00e7i bir Frans\u0131zca kursuna kaydolmak b\u00fcy\u00fck fark yaratabilir. \u00d6rne\u011fin fle.re&rsquo;de, hem akademik beklentileri hem de g\u00fcnl\u00fck durumlar\u0131 ger\u00e7ekten anlamaya odaklan\u0131l\u0131r. K\u00fc\u00e7\u00fck gruplar halinde yap\u0131lan pratik oturumlar ve ki\u015fiselle\u015ftirilmi\u015f geri bildirimler, konu\u015fma \u00f6zg\u00fcvenini art\u0131rmada olduk\u00e7a etkilidir. Seviyenizi \u00f6nceden de\u011ferlendirmek istiyorsan\u0131z, ayr\u0131lmadan \u00f6nce iyile\u015ftirme alanlar\u0131n\u0131 belirlemek i\u00e7in \u00fccretsiz bir Frans\u0131zca seviye tespit s\u0131nav\u0131na girmek iyi bir fikirdir. Birka\u00e7 temel ifade haz\u0131rlamak ve pratik al\u0131\u015ft\u0131rmalarla Frans\u0131zca fiil \u00e7ekimlerine a\u015fina olmak, ilk konu\u015fmalar\u0131n\u0131z\u0131 ve tan\u0131\u015fmalar\u0131n\u0131z\u0131 ger\u00e7ekten \u00e7ok daha kolay hale getirebilir. Kurslar\u0131n\u0131zda ba\u015far\u0131l\u0131 olmak i\u00e7in hangi Frans\u0131zca becerilerine hakim olman\u0131z gerekiyor? Bir Frans\u0131z \u00fcniversitesinde yurtd\u0131\u015f\u0131 e\u011fitim deneyimi do\u011fal olarak akademik Frans\u0131zca konusunda rahat hissetmeyi gerektirir, ancak \u00fczerinde \u00e7al\u0131\u015fman\u0131z gereken tek dil seviyesi bu de\u011fildir. Profes\u00f6rler genellikle derslerine \u00f6zg\u00fc ifadeler, teknik terimler veya k\u0131saltmalar kullan\u0131rlar: <i><\/i>h\u0131zl\u0131 not alma,\n<\/p>\n\n\n\n<figure class=\"wp-block-embed is-type-video is-provider-youtube wp-block-embed-youtube wp-embed-aspect-16-9 wp-has-aspect-ratio\"><div class=\"wp-block-embed__wrapper\">\n\n<\/div><\/figure>\n\n\n\n<div id=\"ez-toc-container\" class=\"ez-toc-v2_0_82_2 ez-toc-wrap-center counter-hierarchy ez-toc-counter ez-toc-transparent ez-toc-container-direction\">\n<div class=\"ez-toc-title-container\">\n<p class=\"ez-toc-title\" style=\"cursor:inherit\">Sommaire<\/p>\n<span class=\"ez-toc-title-toggle\"><a href=\"#\" class=\"ez-toc-pull-right ez-toc-btn ez-toc-btn-xs ez-toc-btn-default ez-toc-toggle\" aria-label=\"Toggle Table of Content\"><span class=\"ez-toc-js-icon-con\"><span class=\"\"><span class=\"eztoc-hide\" style=\"display:none;\">Toggle<\/span><span class=\"ez-toc-icon-toggle-span\"><svg style=\"fill: #999;color:#999\" xmlns=\"http:\/\/www.w3.org\/2000\/svg\" class=\"list-377408\" width=\"20px\" height=\"20px\" viewBox=\"0 0 24 24\" fill=\"none\"><path d=\"M6 6H4v2h2V6zm14 0H8v2h12V6zM4 11h2v2H4v-2zm16 0H8v2h12v-2zM4 16h2v2H4v-2zm16 0H8v2h12v-2z\" fill=\"currentColor\"><\/path><\/svg><svg style=\"fill: #999;color:#999\" class=\"arrow-unsorted-368013\" xmlns=\"http:\/\/www.w3.org\/2000\/svg\" width=\"10px\" height=\"10px\" viewBox=\"0 0 24 24\" version=\"1.2\" baseProfile=\"tiny\"><path d=\"M18.2 9.3l-6.2-6.3-6.2 6.3c-.2.2-.3.4-.3.7s.1.5.3.7c.2.2.4.3.7.3h11c.3 0 .5-.1.7-.3.2-.2.3-.5.3-.7s-.1-.5-.3-.7zM5.8 14.7l6.2 6.3 6.2-6.3c.2-.2.3-.5.3-.7s-.1-.5-.3-.7c-.2-.2-.4-.3-.7-.3h-11c-.3 0-.5.1-.7.3-.2.2-.3.5-.3.7s.1.5.3.7z\"\/><\/svg><\/span><\/span><\/span><\/a><\/span><\/div>\n<nav><ul class='ez-toc-list ez-toc-list-level-1 eztoc-toggle-hide-by-default' ><li class='ez-toc-page-1 ez-toc-heading-level-2'><a class=\"ez-toc-link ez-toc-heading-1\" href=\"https:\/\/www.fle.re\/blog\/tr\/erasmus-ogrencileri-icin-fransizca\/#tartismaya_veya_sunuma_katilma_yetenegi_resmi_e-posta_yazma%E2%80%A6_Bunlarin_hepsi_Erasmus_ogrencileri_icin_ders_birimlerini_gecerli_kilmak_ve_donuslerinde_ECTS_kredisi_taninmasindan_yararlanmak_isteyenlerin_gunluk_rutinlerinin_bir_parcasidir\" >tart\u0131\u015fmaya veya sunuma kat\u0131lma yetene\u011fi, resmi e-posta yazma\u2026 Bunlar\u0131n hepsi, Erasmus \u00f6\u011frencileri i\u00e7in ders birimlerini ge\u00e7erli k\u0131lmak ve d\u00f6n\u00fc\u015flerinde ECTS kredisi tan\u0131nmas\u0131ndan yararlanmak isteyenlerin g\u00fcnl\u00fck rutinlerinin bir par\u00e7as\u0131d\u0131r.<\/a><\/li><li class='ez-toc-page-1 ez-toc-heading-level-2'><a class=\"ez-toc-link ez-toc-heading-2\" href=\"https:\/\/www.fle.re\/blog\/tr\/erasmus-ogrencileri-icin-fransizca\/#Fransada_gunluk_hayatta_dil_engelini_nasil_asabilirsiniz\" >Fransa&rsquo;da g\u00fcnl\u00fck hayatta dil engelini nas\u0131l a\u015fabilirsiniz?<\/a><\/li><li class='ez-toc-page-1 ez-toc-heading-level-2'><a class=\"ez-toc-link ez-toc-heading-3\" href=\"https:\/\/www.fle.re\/blog\/tr\/erasmus-ogrencileri-icin-fransizca\/#Fransizca_dil_ortagiyla_haftalik_video_oturumlari\" >Frans\u0131zca dil orta\u011f\u0131yla haftal\u0131k video oturumlar\u0131<\/a><\/li><li class='ez-toc-page-1 ez-toc-heading-level-2'><a class=\"ez-toc-link ez-toc-heading-4\" href=\"https:\/\/www.fle.re\/blog\/tr\/erasmus-ogrencileri-icin-fransizca\/#Sonuc\" >Sonu\u00e7<\/a><\/li><li class='ez-toc-page-1 ez-toc-heading-level-2'><a class=\"ez-toc-link ez-toc-heading-5\" href=\"https:\/\/www.fle.re\/blog\/tr\/erasmus-ogrencileri-icin-fransizca\/#ve_anadili_Fransizca_olan_kisilerle_gunluk_yasam_Fransizca_seviyenizde_hizli_bir_gelisme_saglar_Fransizca_dilbilgisi_becerilerinizi_guclendirmek_veya_yenilikci_araclar_kullanarak_ilerlemek_istiyorsaniz_kendi_hizinizda_ilerlemenize_yardimci_olacak_bircok_kaynak_mevcuttur_Daha_da_iyisi_Erasmus_deneyimi_kendinizi_her_durumda_ifade_etme_konusunda_ozguveninizi_artirir\" >ve anadili Frans\u0131zca olan ki\u015filerle g\u00fcnl\u00fck ya\u015fam, Frans\u0131zca seviyenizde h\u0131zl\u0131 bir geli\u015fme sa\u011flar. Frans\u0131zca dilbilgisi becerilerinizi g\u00fc\u00e7lendirmek veya yenilik\u00e7i ara\u00e7lar kullanarak ilerlemek istiyorsan\u0131z, kendi h\u0131z\u0131n\u0131zda ilerlemenize yard\u0131mc\u0131 olacak bir\u00e7ok kaynak mevcuttur. Daha da iyisi, Erasmus+ deneyimi, kendinizi her durumda ifade etme konusunda \u00f6zg\u00fcveninizi art\u0131r\u0131r.<\/a><\/li><li class='ez-toc-page-1 ez-toc-heading-level-2'><a class=\"ez-toc-link ez-toc-heading-6\" href=\"https:\/\/www.fle.re\/blog\/tr\/erasmus-ogrencileri-icin-fransizca\/#Erasmus_ogrencileri_icin_uygun_Fransizca_alistirmalarini_nerede_bulabilirsiniz\" >Erasmus \u00f6\u011frencileri i\u00e7in uygun Frans\u0131zca al\u0131\u015ft\u0131rmalar\u0131n\u0131 nerede bulabilirsiniz?<\/a><\/li><li class='ez-toc-page-1 ez-toc-heading-level-2'><a class=\"ez-toc-link ez-toc-heading-7\" href=\"https:\/\/www.fle.re\/blog\/tr\/erasmus-ogrencileri-icin-fransizca\/#Kaynaklar_Hukuk_ve_Idari_Bilgi_Mudurlugu_Basbakanlik_%C2%AB_Ogrenciler_icin_Erasmus_programi_%C2%BB_Service-publicfr_27_Ocak_2024_Erisim_tarihi_20_Haziran_2024\" >Kaynaklar: Hukuk ve \u0130dari Bilgi M\u00fcd\u00fcrl\u00fc\u011f\u00fc (Ba\u015fbakanl\u0131k). \u00ab\u00a0\u00d6\u011frenciler i\u00e7in Erasmus+ program\u0131.\u00a0\u00bb Service-public.fr, 27 Ocak 2024. Eri\u015fim tarihi: 20 Haziran 2024.<\/a><\/li><\/ul><\/nav><\/div>\n<h2 class=\"wp-block-heading\"><span class=\"ez-toc-section\" id=\"tartismaya_veya_sunuma_katilma_yetenegi_resmi_e-posta_yazma%E2%80%A6_Bunlarin_hepsi_Erasmus_ogrencileri_icin_ders_birimlerini_gecerli_kilmak_ve_donuslerinde_ECTS_kredisi_taninmasindan_yararlanmak_isteyenlerin_gunluk_rutinlerinin_bir_parcasidir\"><\/span>tart\u0131\u015fmaya veya sunuma kat\u0131lma yetene\u011fi, resmi e-posta yazma\u2026 Bunlar\u0131n hepsi, Erasmus \u00f6\u011frencileri i\u00e7in ders birimlerini ge\u00e7erli k\u0131lmak ve d\u00f6n\u00fc\u015flerinde ECTS kredisi tan\u0131nmas\u0131ndan yararlanmak isteyenlerin g\u00fcnl\u00fck rutinlerinin bir par\u00e7as\u0131d\u0131r.<span class=\"ez-toc-section-end\"><\/span><\/h2>\n\n\n\n<p class=\"wp-block-paragraph\">\n <strong>Bu alanlarda geli\u015fmek i\u00e7in \u015funlar\u0131 yapmal\u0131s\u0131n\u0131z:<\/strong>Ders kay\u0131tlar\u0131n\u0131 veya \u00fcniversite videolar\u0131n\u0131 kullanarak not alma prati\u011fi yap\u0131n. <i><\/i> \u00d6zetler, yorumlar veya k\u0131sa raporlar yazarak yazma becerilerinizi geli\u015ftirin. <strong><\/strong> S\u00f6zl\u00fc ileti\u015fim becerilerinizi geli\u015ftirin: sunumlar, at\u00f6lye \u00e7al\u0131\u015fmalar\u0131na veya \u00e7al\u0131\u015fma gruplar\u0131na kat\u0131l\u0131m yayg\u0131nd\u0131r.<\/p>\n\n\n\n<p class=\"wp-block-paragraph\">\n\u00c7al\u0131\u015fma alan\u0131n\u0131za (ekonomi, hukuk, sanat vb.) \u00f6zg\u00fc kelime da\u011farc\u0131\u011f\u0131n\u0131z\u0131 geli\u015ftirin. <strong>Deyimsel ifadeleri ve gayri resmi konu\u015fmalarda veya Fransa&rsquo;daki \u00fcniversitelerde \u00e7ok yayg\u0131n olan gayri resmi \u00ab\u00a0tu\u00a0\u00bb bi\u00e7imini kullan\u0131rken nas\u0131l yan\u0131t verece\u011finizi \u00f6\u011frenin.<\/strong> Erasmus \u00f6ncesinde ve s\u0131ras\u0131nda Frans\u0131zcan\u0131z\u0131 geli\u015ftirmek i\u00e7in hangi destek ve kaynaklar mevcuttur? <a href=\"https:\/\/www.fle.re\/blog\/test-niveau-francais-gratuit\/\">Erasmus+ program\u0131n\u0131 se\u00e7en \u00f6\u011frenciler i\u00e7in iyi haber, Frans\u0131zca \u00f6\u011frenmek i\u00e7in kendilerine sunulan \u00e7ok \u00e7e\u015fitli kaynaklard\u0131r. Var\u0131\u015fta, bir\u00e7ok \u00fcniversite, bazen zorunlu olan ve zorlu bir tempoda ilerleyen Yabanc\u0131 Dil Olarak Frans\u0131zca (FLE) mod\u00fclleri sunmaktad\u0131r. Genellikle \u00fccretsiz veya Erasmus+ bursuyla eri\u015filebilen bu kurslar, yap\u0131land\u0131r\u0131lm\u0131\u015f bir ortam, \u00e7e\u015fitli materyaller ve d\u00fczenli ilerleme takibi sa\u011flar. Baz\u0131 kurumlar ayr\u0131ca \u00f6\u011frenci \u00f6zel dersleri de sunmaktad\u0131r: Frans\u0131z bir ortakla de\u011fi\u015fim, yerel k\u00fclt\u00fcr\u00fc ke\u015ffederken dili pratik etmenin en iyi yoludur.<\/a>  <a href=\"https:\/\/www.fle.re\/blog\/conjugaison-francaise-exercices\/\">Etkile\u015fimli al\u0131\u015ft\u0131rmalar arac\u0131l\u0131\u011f\u0131yla dilbilgisi, fiil \u00e7ekimi veya dinleme anlama \u00fczerinde yo\u011funla\u015fabilece\u011finiz ki\u015fiselle\u015ftirilmi\u015f \u00f6\u011frenme i\u00e7in fle.re gibi \u00f6zel platformlardan yararlanmaktan \u00e7ekinmeyin. \u00dcniversite k\u00fct\u00fcphaneleri ayr\u0131ca kendi kendine \u00e7al\u0131\u015fma k\u0131lavuzlar\u0131, ge\u00e7mi\u015f s\u0131navlar ve ses kaynaklar\u0131yla doludur. Mobil s\u0131navlar veya anl\u0131k mesajla\u015fma uygulamalar\u0131 gibi dijital ara\u00e7lar, dersler aras\u0131nda veya yolculuk s\u0131ras\u0131nda ilerleme kaydetmenizi sa\u011flar. Bir ipucu: Erasmus \u00f6\u011frenci Facebook gruplar\u0131na kat\u0131lmak veya yerel \u00f6\u011frenci dernekleri taraf\u0131ndan sunulan konu\u015fma at\u00f6lyelerine kat\u0131lmak, kelime da\u011farc\u0131\u011f\u0131n\u0131z\u0131 do\u011fal olarak geni\u015fletmek i\u00e7in \u00e7ok faydal\u0131d\u0131r.<\/a> <\/p>\n\n\n\n<h2 class=\"wp-block-heading\"><span class=\"ez-toc-section\" id=\"Fransada_gunluk_hayatta_dil_engelini_nasil_asabilirsiniz\"><\/span>Fransa&rsquo;da g\u00fcnl\u00fck hayatta dil engelini nas\u0131l a\u015fabilirsiniz?<span class=\"ez-toc-section-end\"><\/span><\/h2>\n\n\n\n<p class=\"wp-block-paragraph\">\nFransa&rsquo;da ya\u015famak sadece derslere kat\u0131lmakla ilgili de\u011fil: market al\u0131\u015fveri\u015fi yapmak, kom\u015fudan yol tarifi sormak veya kafeteryada di\u011fer \u00f6\u011frencilerle \u015fakala\u015fmak da Fransa&rsquo;n\u0131n bir par\u00e7as\u0131. Kendinizi rahats\u0131z hissetmekten kurtulman\u0131n ger\u00e7ek yolu, g\u00fc\u00e7l\u00fc bir aksanla veya birka\u00e7 hatayla bile olsa konu\u015fmaya cesaret etmektir! Frans\u0131zlar \u00e7abay\u0131 takdir eder ve sizi nazik\u00e7e d\u00fczeltirler, bu y\u00fczden ba\u015fkalar\u0131n\u0131n ne d\u00fc\u015f\u00fcnd\u00fc\u011f\u00fc konusunda endi\u015felenmeyin. \u00d6\u011frenmenin en etkili yolu \u015f\u00fcphesiz payla\u015f\u0131ml\u0131 bir dairede ya\u015famakt\u0131r: g\u00fcnl\u00fck ya\u015fam\u0131n dilini, incelikleriyle, argo kelimeleriyle, k\u0131saltmalar\u0131yla ve ifade bi\u00e7imiyle \u00f6\u011frenirsiniz. \u00d6\u011frenci projelerine, ders d\u0131\u015f\u0131 aktivitelere veya \u015fenlikli etkinliklere kat\u0131lmak da \u00ab\u00a0otantik\u00a0\u00bb kelime da\u011farc\u0131\u011f\u0131n\u0131 h\u0131zla \u00f6z\u00fcmsemenizi sa\u011flar. \u0130dari i\u015flemler (aile yard\u0131m\u0131, konut, toplu ta\u015f\u0131ma kayd\u0131) de resmi Frans\u0131zca prati\u011fi yapmak i\u00e7in iyi f\u0131rsatlard\u0131r: c\u00fcmlelerinizi haz\u0131rlamak, \u00f6nceden \u00e7evrilmi\u015f belgelerle gitmek veya hatta yerel bir arkada\u015ftan yard\u0131m istemek bir\u00e7ok ba\u015f a\u011fr\u0131s\u0131n\u0131 \u00f6nleyebilir. \u00d6zg\u00fcveni korumak i\u00e7in baz\u0131 \u00f6\u011frenciler Frans\u0131zca bir g\u00fcnl\u00fck tutar veya her ki\u015finin kendi \u00fclkesine \u00f6zg\u00fc ifadeleri a\u00e7\u0131klad\u0131\u011f\u0131 dil de\u011fi\u015fim programlar\u0131na kat\u0131l\u0131rlar. Ve a\u00e7\u0131k\u00e7as\u0131, ilk ba\u015fta baz\u0131 kelimeler size zor geliyorsa endi\u015felenmeyin: g\u00fcnl\u00fck pratik, her t\u00fcrl\u00fc \u00e7ekingenli\u011fi h\u0131zla ortadan kald\u0131r\u0131r. <strong>Konu\u015fmadan \u00f6nce teredd\u00fct ederseniz, birka\u00e7 \u00ab\u00a0yedek c\u00fcmle\u00a0\u00bb ezberlemek ve bunlar\u0131 ilk birka\u00e7 g\u00fcn boyunca m\u00fcmk\u00fcn oldu\u011funca kullanmak faydal\u0131 bir tekniktir. Emin olun, herkes bu a\u015famadan ge\u00e7er ve d\u0131\u015far\u0131 \u00e7\u0131kma f\u0131rsat\u0131, geli\u015fmek i\u00e7in bir \u015fanst\u0131r.<\/strong>Erasmus&rsquo;tan d\u00f6nd\u00fckten sonra Frans\u0131zca&rsquo;da ilerlemeye devam etmenin baz\u0131 yollar\u0131 nelerdir? <i>Fransa&rsquo;daki Erasmus de\u011fi\u015fim program\u0131ndan sonra \u00fclkenize d\u00f6nmek son de\u011fil; genellikle \u00e7al\u0131\u015fmalar\u0131n\u0131z s\u0131ras\u0131nda edindi\u011finiz Frans\u0131zca&rsquo;n\u0131n s\u00fcrekli kullan\u0131m\u0131n\u0131n ba\u015flang\u0131c\u0131d\u0131r.<\/i>Becerilerinizi s\u00fcrekli g\u00fcncel tutmak, edindi\u011finiz bilgiyi doktora \u00e7al\u0131\u015fman\u0131z, i\u015finiz veya gelecekteki seyahatleriniz (evet, o kelimeyi araya s\u0131k\u0131\u015ft\u0131r\u0131yorum!) i\u00e7in uzun vadeli bir varl\u0131\u011fa d\u00f6n\u00fc\u015ft\u00fcrmenizi sa\u011flar. Yeterlili\u011finizi kaybetmemek i\u00e7in \u00e7e\u015fitli \u00e7\u00f6z\u00fcmler mevcuttur: Frans\u0131zca MOOC&rsquo;lara kat\u0131lmak, filmleri orijinal dillerinde izlemek veya dil de\u011fi\u015fim platformlar\u0131nda aktif kalmak. Bir\u00e7ok eski Erasmus \u00f6\u011frencisi, hem di\u011fer eski \u00f6\u011frencilerle hem de yeni \u00fcyelerle konu\u015fma ve yazma prati\u011fi yapmak i\u00e7in fle.re&rsquo;yi kullanmaya devam ediyor.\n<\/p>\n\n\n\n<p class=\"wp-block-paragraph\">\n\n<\/p>\n\n\n\n<ul class=\"wp-block-list\">\n<li>\u00c7\u00f6z\u00fcm<\/li>\n\n\n\n<li>Avantaj<\/li>\n\n\n\n<li>Somut \u00d6rnek<\/li>\n\n\n\n<li>\u00c7evrimi\u00e7i dil ortakl\u0131\u011f\u0131<\/li>\n\n\n\n<li>D\u00fczenli uzaktan pratik<\/li>\n<\/ul>\n\n\n\n<h2 class=\"wp-block-heading\"><span class=\"ez-toc-section\" id=\"Fransizca_dil_ortagiyla_haftalik_video_oturumlari\"><\/span>Frans\u0131zca dil orta\u011f\u0131yla haftal\u0131k video oturumlar\u0131<span class=\"ez-toc-section-end\"><\/span><\/h2>\n\n\n\n<p class=\"wp-block-paragraph\">\n\u00c7evrimi\u00e7i MOOC veya Yabanc\u0131 Dil Olarak Frans\u0131zca (FLE) kursu <strong>Y\u00f6nlendirilmi\u015f ilerleme, \u00e7e\u015fitli konular<\/strong> fle.re&rsquo;de \u00ab\u00a0profesyonel Frans\u0131zca\u00a0\u00bb mod\u00fcl\u00fc al\u0131n\n<\/p>\n\n\n\n<p class=\"wp-block-paragraph\">\nErasmus mezun gruplar\u0131 <i>Kal\u0131c\u0131 dostluklar, k\u00fclt\u00fcrel de\u011fi\u015fimler<\/i>Ayl\u0131k tematik tart\u0131\u015fmalar\n<\/p>\n\n\n\n<h2 class=\"wp-block-heading\"><span class=\"ez-toc-section\" id=\"Sonuc\"><\/span>Sonu\u00e7<span class=\"ez-toc-section-end\"><\/span><\/h2>\n\n\n\n<p class=\"wp-block-paragraph\">\nErasmus+&rsquo;a kat\u0131lmak <strong>Erasmus+<\/strong>Frans\u0131zcan\u0131z\u0131 geli\u015ftirmek, yeni \u00f6\u011fretim y\u00f6ntemlerini ke\u015ffetmek\n<\/p>\n\n\n\n<p class=\"wp-block-paragraph\">\nve akademik deneyiminizi zenginle\u015ftirmek i\u00e7in harika bir f\u0131rsatt\u0131r. Kald\u0131\u011f\u0131n\u0131z s\u00fcre boyunca uyum sa\u011flars\u0131n\u0131z, farkl\u0131 ge\u00e7mi\u015flerden insanlarla tan\u0131\u015f\u0131rs\u0131n\u0131z ve kal\u0131c\u0131 an\u0131lar yarat\u0131rs\u0131n\u0131z. Bir dile ve bir k\u00fclt\u00fcre yakla\u015f\u0131m\u0131n\u0131z\u0131 ger\u00e7ekten de\u011fi\u015ftirir. <i><\/i> \u00d6zel olarak haz\u0131rlanm\u0131\u015f kaynaklar,\n<\/p>\n\n\n\n<p class=\"wp-block-paragraph\">\ndil destek programlar\u0131<\/p>\n\n\n\n<h2 class=\"wp-block-heading\"><span class=\"ez-toc-section\" id=\"ve_anadili_Fransizca_olan_kisilerle_gunluk_yasam_Fransizca_seviyenizde_hizli_bir_gelisme_saglar_Fransizca_dilbilgisi_becerilerinizi_guclendirmek_veya_yenilikci_araclar_kullanarak_ilerlemek_istiyorsaniz_kendi_hizinizda_ilerlemenize_yardimci_olacak_bircok_kaynak_mevcuttur_Daha_da_iyisi_Erasmus_deneyimi_kendinizi_her_durumda_ifade_etme_konusunda_ozguveninizi_artirir\"><\/span>ve anadili Frans\u0131zca olan ki\u015filerle g\u00fcnl\u00fck ya\u015fam, Frans\u0131zca seviyenizde h\u0131zl\u0131 bir geli\u015fme sa\u011flar. Frans\u0131zca dilbilgisi becerilerinizi g\u00fc\u00e7lendirmek veya yenilik\u00e7i ara\u00e7lar kullanarak ilerlemek istiyorsan\u0131z, kendi h\u0131z\u0131n\u0131zda ilerlemenize yard\u0131mc\u0131 olacak bir\u00e7ok kaynak mevcuttur. Daha da iyisi, Erasmus+ deneyimi, kendinizi her durumda ifade etme konusunda \u00f6zg\u00fcveninizi art\u0131r\u0131r.<span class=\"ez-toc-section-end\"><\/span><\/h2>\n\n\n\n<p class=\"wp-block-paragraph\">\n <strong>Erasmus \u00f6\u011frencileri Frans\u0131zcalar\u0131n\u0131 nas\u0131l h\u0131zl\u0131 bir \u015fekilde geli\u015ftirebilir?<\/strong>Erasmus \u00f6\u011frencisi olarak Frans\u0131zcan\u0131z\u0131 geli\u015ftirmenin en etkili yolu her g\u00fcn pratik yapmakt\u0131r.\n<\/p>\n\n\n\n<figure class=\"wp-block-table\"><table>\n<tr>\n<th><\/th>\n<th>\u015eu gibi \u00e7evrimi\u00e7i kaynaklar\u0131 kullan\u0131n&#8230;<\/th>\n<th>Ba\u015flang\u0131\u00e7 \u200b\u200bseviyesindeki \u00f6\u011frenciler i\u00e7in kelime listeleri<\/th>\n<\/tr>\n<tr>\n<td><\/td>\n<td>ve sesli dikte \u00e7al\u0131\u015fmalar\u0131 yap\u0131n<\/td>\n<td>anlama becerinizi geli\u015ftirmek i\u00e7in. Anadili Frans\u0131zca olan ki\u015filerle konu\u015fun, \u00fcniversitenizdeki konu\u015fma at\u00f6lyelerine kat\u0131l\u0131n ve d\u00fczenli olarak yazmaya \u00e7al\u0131\u015f\u0131n (e-postalar, k\u0131sa metinler). \u00c7al\u0131\u015fma alan\u0131n\u0131zla ilgili Frans\u0131zca videolar izleyin veya podcast&rsquo;ler dinleyin. Dersleriniz s\u0131ras\u0131nda Frans\u0131zca not almak da akademik terimleri daha h\u0131zl\u0131 \u00f6z\u00fcmsemenize yard\u0131mc\u0131 olur. Son olarak, Erasmus \u00f6\u011frencilerine \u00f6zel dil oturumlar\u0131 sunan kurumunuzun uluslararas\u0131 ili\u015fkiler ofisinden yard\u0131m istemekten \u00e7ekinmeyin.<\/td>\n<\/tr>\n<tr>\n<td><\/td>\n<td>Erasmus \u00f6\u011frencileri Frans\u0131zca ile hangi zorluklarla kar\u015f\u0131la\u015f\u0131yor?<\/td>\n<td><\/td>\n<\/tr>\n<tr>\n<td>Erasmus \u00f6\u011frencileri i\u00e7in Frans\u0131zca&rsquo;daki ba\u015fl\u0131ca zorluklar<\/td>\n<td>grup konu\u015fmalar\u0131 s\u0131ras\u0131nda h\u0131zl\u0131 dinleme anlama, bazen ay\u0131rt edilmesi zor olan b\u00f6lgesel aksanlar ve belirli akademik konulara \u00f6zg\u00fc kelime da\u011farc\u0131\u011f\u0131n\u0131 edinmeyi i\u00e7erir. Bir\u00e7o\u011fu ayr\u0131ca, \u00f6zellikle stres alt\u0131nda, yaz\u0131lar\u0131n\u0131n yap\u0131s\u0131n\u0131 olu\u015fturmakta veya kendilerini s\u00f6zl\u00fc olarak kendili\u011finden ifade etmekte zorlanmaktad\u0131r. Buna ek olarak, baz\u0131 Frans\u0131z idari uygulamalar\u0131n\u0131 ve ileti\u015fimdeki k\u00fclt\u00fcrel farkl\u0131l\u0131klar\u0131 anlaman\u0131n zorlu\u011fu da vard\u0131r. Frans\u0131zcan\u0131z\u0131 geli\u015ftirmek i\u00e7in, ders d\u0131\u015f\u0131nda pratik yapman\u0131z, sesli kaynaklardan yararlanman\u0131z ve d\u00fczenli olarak anadili Frans\u0131zca olan ki\u015filerle etkile\u015fim kurman\u0131z, ayr\u0131ca \u00e7al\u0131\u015fma alan\u0131n\u0131z i\u00e7in gerekli akademik kelime da\u011farc\u0131\u011f\u0131n\u0131 da \u00e7al\u0131\u015fman\u0131z tavsiye edilir.<\/td>\n<td><\/td>\n<\/tr>\n<\/table><\/figure>\n\n\n\n<h2 class=\"wp-block-heading\"><span class=\"ez-toc-section\" id=\"Erasmus_ogrencileri_icin_uygun_Fransizca_alistirmalarini_nerede_bulabilirsiniz\"><\/span>Erasmus \u00f6\u011frencileri i\u00e7in uygun Frans\u0131zca al\u0131\u015ft\u0131rmalar\u0131n\u0131 nerede bulabilirsiniz?<span class=\"ez-toc-section-end\"><\/span><\/h2>\n\n\n\n<p class=\"wp-block-paragraph\">\n <strong>Erasmus \u00f6\u011frencileri i\u00e7in Frans\u0131zcan\u0131z\u0131 geli\u015ftirmek i\u00e7in bir\u00e7ok \u00f6zel web sitesi hedefli al\u0131\u015ft\u0131rmalar sunmaktad\u0131r. Ev sahibi \u00fcniversite genellikle dilbilgisi, kelime bilgisi ve dinleme anlama becerilerini peki\u015ftirmek i\u00e7in e-\u00f6\u011frenme platformlar\u0131 sa\u011flar. Ayr\u0131ca Frans\u0131zca sesli dikte gibi \u00e7evrimi\u00e7i kaynaklar\u0131 kullanabilir veya yeni ba\u015flayanlar i\u00e7in kelime listelerine ba\u015fvurabilirsiniz.<\/strong> \u00dcniversite k\u00fct\u00fcphanelerinde genellikle Yabanc\u0131 Dil Olarak Frans\u0131zca (FLE) ders kitaplar\u0131 bulunur ve her d\u00f6nem konu\u015fma at\u00f6lyeleri d\u00fczenlenir. Sosyal a\u011flar ve Erasmus forumlar\u0131 da seviyenize ve \u00e7al\u0131\u015fma alan\u0131n\u0131za uygun al\u0131\u015ft\u0131rmalar payla\u015fabilir. <strong><\/strong> Erasmus \u00f6\u011frencileri i\u00e7in akademik Frans\u0131zca, g\u00fcnl\u00fck Frans\u0131zcadan farkl\u0131 m\u0131d\u0131r?\n<\/p>\n\n\n\n<p class=\"wp-block-paragraph\">\n <strong>Evet, akademik Frans\u0131zca, genellikle g\u00fcnl\u00fck konu\u015fma Frans\u0131zcas\u0131ndan daha resmi olan akademik kelime da\u011farc\u0131\u011f\u0131 ve s\u00f6zdizimini i\u00e7erir. Erasmus \u00f6\u011frencileri i\u00e7in yaz\u0131l\u0131 arg\u00fcmantasyon, yap\u0131land\u0131r\u0131lm\u0131\u015f not alma ve idari talimatlar\u0131 anlama becerilerinin yan\u0131 s\u0131ra gayri resmi konu\u015fma da \u00f6nemlidir. S\u00f6zl\u00fc sunumlar, rapor yaz\u0131m\u0131 ve \u00f6zetler belirli bir ifade bi\u00e7imi ve bazen de ki\u015fisel olmayan \u00ab\u00a0on\u00a0\u00bb zamirinin veya edilgen yap\u0131n\u0131n kullan\u0131m\u0131n\u0131 gerektirir. Bu g\u00f6revlere haz\u0131rlanmak akademik entegrasyonu kolayla\u015ft\u0131r\u0131r ve \u00f6\u011frencilerin de\u011fi\u015fim programlar\u0131n\u0131 tamamlad\u0131ktan sonra ECTS kredisi almalar\u0131na yard\u0131mc\u0131 olur.<\/strong> Erasmus \u00f6\u011frencilerinin Frans\u0131zca \u00f6\u011frenmesi i\u00e7in hangi \u00fccretsiz kaynaklar mevcuttur? <strong>Erasmus \u00f6\u011frencilerinin Frans\u0131zcalar\u0131n\u0131 geli\u015ftirmelerine yard\u0131mc\u0131 olacak bir\u00e7ok \u00fccretsiz se\u00e7enek mevcuttur. Frans\u0131zca sesli dikte ve kelime listeleri \u00e7evrimi\u00e7i olarak \u00fccretsiz olarak sunulmaktad\u0131r. \u00dcniversite k\u00fct\u00fcphaneleri Yabanc\u0131 Dil Olarak Frans\u0131zca (FLE) ders kitaplar\u0131 ve kaynaklar\u0131 sunmaktad\u0131r. Baz\u0131 kamp\u00fcsler ayr\u0131ca \u00fccretsiz konu\u015fma at\u00f6lyeleri veya \u00ab\u00a0dil kafeleri\u00a0\u00bb d\u00fczenlemektedir. Erasmus+ ajans\u0131n\u0131n kaynaklar\u0131n\u0131 kullanabilir veya di\u011fer \u00f6\u011frencilerle ipu\u00e7lar\u0131 ve al\u0131\u015ft\u0131rmalar payla\u015fmak i\u00e7in sosyal medyada gruplara kat\u0131labilirsiniz. Konu\u015fma prati\u011fi i\u00e7in \u00fccretsiz mobil uygulamalar ve e\u011fitim podcast&rsquo;leri de mevcuttur.<\/strong> \n<\/p>\n\n\n\n<p class=\"wp-block-paragraph\"><section class=\"faq\">\n<div>\n<h2><span class=\"ez-toc-section\" id=\"Kaynaklar_Hukuk_ve_Idari_Bilgi_Mudurlugu_Basbakanlik_%C2%AB_Ogrenciler_icin_Erasmus_programi_%C2%BB_Service-publicfr_27_Ocak_2024_Erisim_tarihi_20_Haziran_2024\"><\/span>Kaynaklar: Hukuk ve \u0130dari Bilgi M\u00fcd\u00fcrl\u00fc\u011f\u00fc (Ba\u015fbakanl\u0131k). \u00ab\u00a0\u00d6\u011frenciler i\u00e7in Erasmus+ program\u0131.\u00a0\u00bb Service-public.fr, 27 Ocak 2024. Eri\u015fim tarihi: 20 Haziran 2024.<span class=\"ez-toc-section-end\"><\/span><\/h2>\n<div>\n<p><strong><\/strong> Ayr\u0131ca bak\u0131n\u0131z <strong>Erasmus+ Fransa Ajans\u0131 \/ E\u011fitim ve \u00d6\u011fretim. \u201cErasmus+ \u00c7al\u0131\u015fmalar\u0131.\u201d Erasmus+ Fransa Ajans\u0131, 15 \u015eubat 2024. Eri\u015fim tarihi: 20 Haziran 2024.<\/strong> <a href=\"https:\/\/www.fle.re\/blog\/vocabulaire-francais-debutants\/\">Ayr\u0131ca bak\u0131n\u0131z: Avrupa Komisyonu. \u201cErasmus+ ile Yurtd\u0131\u015f\u0131nda E\u011fitim.\u201d Avrupa Birli\u011fi, 1 Mart 2024. Eri\u015fim tarihi: 20 Haziran 2024.<\/a>  <a href=\"https:\/\/www.fle.re\/blog\/dictees-audio-francaises\/\">Ayr\u0131ca bak\u0131n\u0131z:<\/a> <\/p>\n<\/div>\n<\/div>\n<div>\n<h2><\/h2>\n<div>\n<p> <strong><\/strong> <\/p>\n<\/div>\n<\/div>\n<div>\n<h2><\/h2>\n<div>\n<p> <strong><\/strong> <a href=\"https:\/\/www.fle.re\/blog\/dictees-audio-francaises\/\"><\/a>  <a href=\"https:\/\/www.fle.re\/blog\/vocabulaire-francais-debutants\/\"><\/a><\/p>\n<\/div>\n<\/div>\n<div>\n<h2><\/h2>\n<div>\n<p> <strong><\/strong>  <strong><\/strong><\/p>\n<\/div>\n<\/div>\n<div>\n<h2><\/h2>\n<div>\n<p> <strong><\/strong> <a href=\"https:\/\/www.fle.re\/blog\/dictees-audio-francaises\/\"><\/a>  <a href=\"https:\/\/www.fle.re\/blog\/vocabulaire-francais-debutants\/\"><\/a> <\/p>\n<\/div>\n<\/div>\n<\/section><\/p>\n\n\n\n<h2 class=\"wp-block-heading\"><\/h2>\n\n\n\n<ol class=\"wp-block-list\">\n<li> <a href=\"https:\/\/www.service-public.fr\/particuliers\/vosdroits\/F380\" rel=\"nofollow noopener noreferrer\" target=\"_blank\"><\/a><\/li>\n\n\n\n<li> <a href=\"https:\/\/agence.erasmusplus.fr\/jeunes\/partir-etudier-avec-erasmusplus\/erasmus-etudes\/\" rel=\"nofollow noopener noreferrer\" target=\"_blank\"><\/a><\/li>\n\n\n\n<li> <a href=\"https:\/\/erasmus-plus.ec.europa.eu\/fr\/opportunities\/opportunities-for-individuals\/students\/study-abroad\" rel=\"nofollow noopener noreferrer\" target=\"_blank\"><\/a><\/li>\n<\/ol>\n\n","protected":false},"excerpt":{"rendered":"<p>Erasmus+ program\u0131 arac\u0131l\u0131\u011f\u0131yla Fransa&rsquo;ya ta\u015f\u0131nmak, yeni bir kurumda ders almaktan \u00e7ok daha fazlas\u0131d\u0131r: Erasmus \u00f6\u011frencileri i\u00e7in Frans\u0131zca \u00f6\u011frenmek, g\u00fcnl\u00fck hayatta [&hellip;]<\/p>\n","protected":false},"author":2,"featured_media":391,"comment_status":"open","ping_status":"open","sticky":false,"template":"","format":"standard","meta":{"_crdt_document":"","site-sidebar-layout":"default","site-content-layout":"","ast-site-content-layout":"default","site-content-style":"default","site-sidebar-style":"default","ast-global-header-display":"","ast-banner-title-visibility":"","ast-main-header-display":"","ast-hfb-above-header-display":"","ast-hfb-below-header-display":"","ast-hfb-mobile-header-display":"","site-post-title":"","ast-breadcrumbs-content":"","ast-featured-img":"","footer-sml-layout":"","ast-disable-related-posts":"","theme-transparent-header-meta":"","adv-header-id-meta":"","stick-header-meta":"","header-above-stick-meta":"","header-main-stick-meta":"","header-below-stick-meta":"","astra-migrate-meta-layouts":"default","ast-page-background-enabled":"default","ast-page-background-meta":{"desktop":{"background-color":"var(--ast-global-color-5)","background-image":"","background-repeat":"repeat","background-position":"center center","background-size":"auto","background-attachment":"scroll","background-type":"","background-media":"","overlay-type":"","overlay-color":"","overlay-opacity":"","overlay-gradient":""},"tablet":{"background-color":"","background-image":"","background-repeat":"repeat","background-position":"center center","background-size":"auto","background-attachment":"scroll","background-type":"","background-media":"","overlay-type":"","overlay-color":"","overlay-opacity":"","overlay-gradient":""},"mobile":{"background-color":"","background-image":"","background-repeat":"repeat","background-position":"center center","background-size":"auto","background-attachment":"scroll","background-type":"","background-media":"","overlay-type":"","overlay-color":"","overlay-opacity":"","overlay-gradient":""}},"ast-content-background-meta":{"desktop":{"background-color":"var(--ast-global-color-4)","background-image":"","background-repeat":"repeat","background-position":"center center","background-size":"auto","background-attachment":"scroll","background-type":"","background-media":"","overlay-type":"","overlay-color":"","overlay-opacity":"","overlay-gradient":""},"tablet":{"background-color":"var(--ast-global-color-4)","background-image":"","background-repeat":"repeat","background-position":"center center","background-size":"auto","background-attachment":"scroll","background-type":"","background-media":"","overlay-type":"","overlay-color":"","overlay-opacity":"","overlay-gradient":""},"mobile":{"background-color":"var(--ast-global-color-4)","background-image":"","background-repeat":"repeat","background-position":"center center","background-size":"auto","background-attachment":"scroll","background-type":"","background-media":"","overlay-type":"","overlay-color":"","overlay-opacity":"","overlay-gradient":""}},"footnotes":""},"categories":[708],"tags":[3207,3210,3219,3213,3216],"class_list":["post-1460","post","type-post","status-publish","format-standard","has-post-thumbnail","hentry","category-non-classe-tr","tag-erasmus-araciligiyla-fransizca-ogrenin-tr","tag-erasmus-fransizca-kurslari-tr","tag-erasmus-ogrencileri-icin-fransizca-tr","tag-fransadaki-erasmus-ogrencileri-tr","tag-yabanci-dil-olarak-fransizca-erasmus-tr"],"_links":{"self":[{"href":"https:\/\/www.fle.re\/blog\/wp-json\/wp\/v2\/posts\/1460","targetHints":{"allow":["GET"]}}],"collection":[{"href":"https:\/\/www.fle.re\/blog\/wp-json\/wp\/v2\/posts"}],"about":[{"href":"https:\/\/www.fle.re\/blog\/wp-json\/wp\/v2\/types\/post"}],"author":[{"embeddable":true,"href":"https:\/\/www.fle.re\/blog\/wp-json\/wp\/v2\/users\/2"}],"replies":[{"embeddable":true,"href":"https:\/\/www.fle.re\/blog\/wp-json\/wp\/v2\/comments?post=1460"}],"version-history":[{"count":2,"href":"https:\/\/www.fle.re\/blog\/wp-json\/wp\/v2\/posts\/1460\/revisions"}],"predecessor-version":[{"id":2165,"href":"https:\/\/www.fle.re\/blog\/wp-json\/wp\/v2\/posts\/1460\/revisions\/2165"}],"wp:featuredmedia":[{"embeddable":true,"href":"https:\/\/www.fle.re\/blog\/wp-json\/wp\/v2\/media\/391"}],"wp:attachment":[{"href":"https:\/\/www.fle.re\/blog\/wp-json\/wp\/v2\/media?parent=1460"}],"wp:term":[{"taxonomy":"category","embeddable":true,"href":"https:\/\/www.fle.re\/blog\/wp-json\/wp\/v2\/categories?post=1460"},{"taxonomy":"post_tag","embeddable":true,"href":"https:\/\/www.fle.re\/blog\/wp-json\/wp\/v2\/tags?post=1460"}],"curies":[{"name":"wp","href":"https:\/\/api.w.org\/{rel}","templated":true}]}}