{"id":1477,"date":"2025-12-17T18:24:18","date_gmt":"2025-12-17T18:24:18","guid":{"rendered":"https:\/\/www.fle.re\/blog\/?p=1477"},"modified":"2026-01-13T16:12:29","modified_gmt":"2026-01-13T16:12:29","slug":"makaleler-araciligiyla-fransizca-ogrenin","status":"publish","type":"post","link":"https:\/\/www.fle.re\/blog\/tr\/makaleler-araciligiyla-fransizca-ogrenin\/","title":{"rendered":"Makaleler arac\u0131l\u0131\u011f\u0131yla Frans\u0131zca \u00f6\u011frenin"},"content":{"rendered":"\n<p class=\"wp-block-paragraph\">\u00c7e\u015fitli ve \u00f6zg\u00fcn makaleler arac\u0131l\u0131\u011f\u0131yla Frans\u0131zca \u00f6\u011frenmek, dilde rahat hissetmek isteyen herkes i\u00e7in yeni kap\u0131lar a\u00e7ar. Frans\u0131zca \u00f6\u011frenmeye adanm\u0131\u015f metinleri okumak, yaln\u0131zca g\u00fcnl\u00fck kelime da\u011farc\u0131\u011f\u0131n\u0131 de\u011fil, ayn\u0131 zamanda kendinizi g\u00fcnl\u00fck olarak ifade etmek i\u00e7in faydal\u0131 olan gramer yap\u0131lar\u0131n\u0131 da edinmenizi sa\u011flar. fle.re&rsquo;de, teoride kaybolmak yerine pratik dil kullan\u0131m\u0131na \u00f6ncelik veren bir yakla\u015f\u0131ma odaklan\u0131yoruz. <strong>Meslekta\u015flar\u0131n\u0131z aras\u0131ndaki bir konu\u015fmay\u0131 anlamak veya bir restoranda teredd\u00fct etmeden sipari\u015f vermek ister misiniz? Frans\u0131zca makaleler, g\u00fcncel ve k\u00fclt\u00fcrel konular\u0131 ke\u015ffederken kendi h\u0131z\u0131n\u0131zda ilerlemeniz i\u00e7in sa\u011flam bir temel sa\u011flar. Sadece okumaktan de\u011fil, modern Frans\u0131zcan\u0131n en do\u011fal ifadelerini i\u00e7selle\u015ftirmekten bahsediyoruz. Bu y\u00f6ntemle, her metin okuma anlama becerisini g\u00fc\u00e7lendirmek ve konu\u015fma becerilerini zenginle\u015ftirmek i\u00e7in bir s\u0131\u00e7rama tahtas\u0131 haline gelir. Amac\u0131n\u0131z etkili bir \u015fekilde \u00f6\u011frenmekse, bu ara\u00e7 seyahat, i\u015f veya g\u00fcnl\u00fck ileti\u015fim i\u00e7in beklentilerinizi kar\u015f\u0131layacakt\u0131r.<\/strong> <i>https:\/\/www.youtube.com\/watch?v=V5QjHH3mVhQ<\/i> Makaleler okuyarak Frans\u0131zca \u00f6\u011frenmenin nedenleri?<\/p>\n\n\n\n<p class=\"wp-block-paragraph\"> <strong>Frans\u0131zca makaleler okumak, dilde h\u0131zl\u0131 ve kal\u0131c\u0131 ilerleme kaydetmenin \u015f\u00fcphesiz en etkili y\u00f6ntemlerinden biridir. Sadece Frans\u0131zca kelime da\u011farc\u0131\u011f\u0131n\u0131z\u0131 zenginle\u015ftirmekle kalmaz, ayn\u0131 zamanda sizi g\u00fcnl\u00fck veya profesyonel hayata benzer ba\u011flamlara da sokar. Benim deneyimime bak\u0131n: Ba\u015flad\u0131\u011f\u0131mda, akademik metinler ve tek tek kelime listeleriyle biraz kaybolmu\u015f hissediyordum. Seviyeme uygun, k\u0131sa ve \u00e7e\u015fitli makaleler okuyarak tekrar eden kal\u0131plar\u0131 belirlemeye, yeni kelimelerin anlamlar\u0131n\u0131 tahmin etmeye ve Frans\u0131zca deyimlerin inceliklerini kavramaya ba\u015flad\u0131m.<\/strong> Bu y\u00f6ntemi ger\u00e7ekten eri\u015filebilir k\u0131lan \u015fey, sunulan konular\u0131n \u00e7e\u015fitlili\u011fidir: haberler, k\u00fclt\u00fcr, toplum, spor, bilim\u2026 Merak\u0131n\u0131z\u0131 giderecek bir makale her zaman vard\u0131r! B\u00f6ylece, konuyla ilgili tipik ifadeleri ke\u015ffederken g\u00fcnl\u00fck Frans\u0131zcaya da yakla\u015fabilirsiniz. H\u0131zl\u0131 ilerlemek isteyenler i\u00e7in, g\u00fcnl\u00fck olarak birka\u00e7 sat\u0131r modern makale okuyun, bilmedi\u011finiz kelimeleri not al\u0131n ve bunlar\u0131 \u00e7evrimi\u00e7i olarak di\u011fer \u00f6\u011frencilerle tart\u0131\u015f\u0131n. Geleneksel al\u0131\u015ft\u0131rmalar\u0131n monotonlu\u011funu k\u0131rmak ve \u00f6\u011frenmeyi ilgi \u00e7ekici ve motive edici hale getirmek i\u00e7in bundan daha iyi bir yol olabilir mi? Kendinizi farkl\u0131 dil kay\u0131tlar\u0131na maruz b\u0131rakmak i\u00e7in her zaman formatlar\u0131 \u00e7e\u015fitlendirmenizi \u00f6neririm: k\u0131sa makaleler, r\u00f6portajlar, k\u00f6\u015fe yaz\u0131lar\u0131 veya tematik dosyalar.<\/p>\n\n\n\n<figure class=\"wp-block-embed is-type-video is-provider-youtube wp-block-embed-youtube wp-embed-aspect-16-9 wp-has-aspect-ratio\"><div class=\"wp-block-embed__wrapper\">\nFrans\u0131zca seviyenize ba\u011fl\u0131 olarak hangi t\u00fcr makalelere \u00f6ncelik vermelisiniz? Dil yeterlili\u011finize ba\u011fl\u0131 olarak, Frans\u0131zca makale se\u00e7imi, \u00f6zg\u00fcven kazanmak ve kal\u0131c\u0131 ilerleme kaydetmek i\u00e7in \u00e7ok \u00f6nemli olabilir. Yeni ba\u015flayanlar i\u00e7in, basit kelime da\u011farc\u0131\u011f\u0131na ve anla\u015f\u0131lmas\u0131 kolay c\u00fcmlelere sahip k\u0131sa metinlerden daha iyisi yoktur. G\u00fcnl\u00fck konular\u0131 d\u00fc\u015f\u00fcn\u00fcn: kendinizi tan\u0131tmak, hobilerinizden bahsetmek, rutininizi anlatmak\u2026 Bu a\u015famada, pratik konular \u00fczerine e\u011fitici makaleler veya bloglar idealdir. \u00d6rne\u011fin,\n<\/div><\/figure>\n\n\n\n<div id=\"ez-toc-container\" class=\"ez-toc-v2_0_82_2 ez-toc-wrap-center counter-hierarchy ez-toc-counter ez-toc-transparent ez-toc-container-direction\">\n<div class=\"ez-toc-title-container\">\n<p class=\"ez-toc-title\" style=\"cursor:inherit\">Sommaire<\/p>\n<span class=\"ez-toc-title-toggle\"><a href=\"#\" class=\"ez-toc-pull-right ez-toc-btn ez-toc-btn-xs ez-toc-btn-default ez-toc-toggle\" aria-label=\"Toggle Table of Content\"><span class=\"ez-toc-js-icon-con\"><span class=\"\"><span class=\"eztoc-hide\" style=\"display:none;\">Toggle<\/span><span class=\"ez-toc-icon-toggle-span\"><svg style=\"fill: #999;color:#999\" xmlns=\"http:\/\/www.w3.org\/2000\/svg\" class=\"list-377408\" width=\"20px\" height=\"20px\" viewBox=\"0 0 24 24\" fill=\"none\"><path d=\"M6 6H4v2h2V6zm14 0H8v2h12V6zM4 11h2v2H4v-2zm16 0H8v2h12v-2zM4 16h2v2H4v-2zm16 0H8v2h12v-2z\" fill=\"currentColor\"><\/path><\/svg><svg style=\"fill: #999;color:#999\" class=\"arrow-unsorted-368013\" xmlns=\"http:\/\/www.w3.org\/2000\/svg\" width=\"10px\" height=\"10px\" viewBox=\"0 0 24 24\" version=\"1.2\" baseProfile=\"tiny\"><path d=\"M18.2 9.3l-6.2-6.3-6.2 6.3c-.2.2-.3.4-.3.7s.1.5.3.7c.2.2.4.3.7.3h11c.3 0 .5-.1.7-.3.2-.2.3-.5.3-.7s-.1-.5-.3-.7zM5.8 14.7l6.2 6.3 6.2-6.3c.2-.2.3-.5.3-.7s-.1-.5-.3-.7c-.2-.2-.4-.3-.7-.3h-11c-.3 0-.5.1-.7.3-.2.2-.3.5-.3.7s.1.5.3.7z\"\/><\/svg><\/span><\/span><\/span><\/a><\/span><\/div>\n<nav><ul class='ez-toc-list ez-toc-list-level-1 eztoc-toggle-hide-by-default' ><li class='ez-toc-page-1 ez-toc-heading-level-2'><a class=\"ez-toc-link ez-toc-heading-1\" href=\"https:\/\/www.fle.re\/blog\/tr\/makaleler-araciligiyla-fransizca-ogrenin\/#baslangic_%E2%80%8B%E2%80%8Bseviyesindeki_Fransizca_kelime_bilgisi_blogu_kelime_dagarciginizi_kademeli_olarak_genisletmek_ve_temel_yapilari_gelistirmek_icin_ozel_olarak_tasarlanmis_icerikler_sunmaktadir\" >ba\u015flang\u0131\u00e7 \u200b\u200bseviyesindeki Frans\u0131zca kelime bilgisi blogu, kelime da\u011farc\u0131\u011f\u0131n\u0131z\u0131 kademeli olarak geni\u015fletmek ve temel yap\u0131lar\u0131 geli\u015ftirmek i\u00e7in \u00f6zel olarak tasarlanm\u0131\u015f i\u00e7erikler sunmaktad\u0131r.<\/a><\/li><li class='ez-toc-page-1 ez-toc-heading-level-2'><a class=\"ez-toc-link ez-toc-heading-2\" href=\"https:\/\/www.fle.re\/blog\/tr\/makaleler-araciligiyla-fransizca-ogrenin\/#Tematik_dosyalar_roportajlar_uzmanlasmis_icerik\" >Tematik dosyalar, r\u00f6portajlar, uzmanla\u015fm\u0131\u015f i\u00e7erik<\/a><\/li><li class='ez-toc-page-1 ez-toc-heading-level-2'><a class=\"ez-toc-link ez-toc-heading-3\" href=\"https:\/\/www.fle.re\/blog\/tr\/makaleler-araciligiyla-fransizca-ogrenin\/#Haftada_kac_makale_okumaliyim\" >Haftada ka\u00e7 makale okumal\u0131y\u0131m?<\/a><\/li><li class='ez-toc-page-1 ez-toc-heading-level-2'><a class=\"ez-toc-link ez-toc-heading-4\" href=\"https:\/\/www.fle.re\/blog\/tr\/makaleler-araciligiyla-fransizca-ogrenin\/#Kisa_makaleler_hafif_haberler\" >K\u0131sa makaleler, hafif haberler<\/a><\/li><li class='ez-toc-page-1 ez-toc-heading-level-2'><a class=\"ez-toc-link ez-toc-heading-5\" href=\"https:\/\/www.fle.re\/blog\/tr\/makaleler-araciligiyla-fransizca-ogrenin\/#Fransiz_Akademisi_%E2%80%9Cle_ve_la_Artikellerinin_Dusmesi%E2%80%9D_Fransiz_Akademisi_tarihsiz_Erisim_tarihi_19_Haziran_2024\" >Frans\u0131z Akademisi. \u201c*le* ve *la* Artikellerinin D\u00fc\u015fmesi.\u201d Frans\u0131z Akademisi, tarihsiz. Eri\u015fim tarihi: 19 Haziran 2024.<\/a><\/li><\/ul><\/nav><\/div>\n<h2 class=\"wp-block-heading\"><span class=\"ez-toc-section\" id=\"baslangic_%E2%80%8B%E2%80%8Bseviyesindeki_Fransizca_kelime_bilgisi_blogu_kelime_dagarciginizi_kademeli_olarak_genisletmek_ve_temel_yapilari_gelistirmek_icin_ozel_olarak_tasarlanmis_icerikler_sunmaktadir\"><\/span>ba\u015flang\u0131\u00e7 \u200b\u200bseviyesindeki Frans\u0131zca kelime bilgisi blogu, kelime da\u011farc\u0131\u011f\u0131n\u0131z\u0131 kademeli olarak geni\u015fletmek ve temel yap\u0131lar\u0131 geli\u015ftirmek i\u00e7in \u00f6zel olarak tasarlanm\u0131\u015f i\u00e7erikler sunmaktad\u0131r.<span class=\"ez-toc-section-end\"><\/span><\/h2>\n\n\n\n<p class=\"wp-block-paragraph\">\n <strong>Orta seviyedeki \u00f6\u011frenciler i\u00e7in ise<\/strong> g\u00fcncel olaylarla ilgili makaleleri tercih edebilirsiniz. <i>Al\u0131\u015f\u0131lmad\u0131k veya sosyal konular: Ger\u00e7ek d\u00fcnyayla ba\u011flant\u0131l\u0131 konulara odaklan\u0131rken daha karma\u015f\u0131k ifadeler, kal\u0131plar ve fiil zamanlar\u0131 sunarlar. Uzmanla\u015fm\u0131\u015f makaleler, r\u00f6portajlar ve raporlar da ileri d\u00fczey \u00f6\u011frenciler veya s\u0131nava haz\u0131rlananlar i\u00e7in \u00e7ok faydal\u0131d\u0131r, \u00e7\u00fcnk\u00fc y\u00fcksek kaliteli kelime da\u011farc\u0131\u011f\u0131, dikkatli s\u00f6z dizimi i\u00e7erirler ve \u00e7e\u015fitli alanlara (politika, ekonomi, bilim) dair i\u00e7g\u00f6r\u00fcler sunarlar. Bu farkl\u0131 metin t\u00fcrleri aras\u0131nda ge\u00e7i\u015f yapmak, yaz\u0131l\u0131 Frans\u0131zcan\u0131n \u00e7e\u015fitlili\u011fine kulak ve g\u00f6z al\u0131\u015ft\u0131rman\u0131za ve ba\u011f\u0131ms\u0131zl\u0131\u011f\u0131 geli\u015ftirmenize yard\u0131mc\u0131 olur.<\/i>\n<\/p>\n\n\n\n<p class=\"wp-block-paragraph\">\nBa\u015flang\u0131\u00e7 \u200b\u200bSeviyesi: <strong>K\u0131sa metinler, g\u00fcnl\u00fck konular, basit c\u00fcmleler<\/strong>Orta Seviye: <i>Haberler, toplum, a\u00e7\u0131klamal\u0131 makaleler<\/i> \u0130leri Seviye:\n<\/p>\n\n\n\n<h2 class=\"wp-block-heading\"><span class=\"ez-toc-section\" id=\"Tematik_dosyalar_roportajlar_uzmanlasmis_icerik\"><\/span>Tematik dosyalar, r\u00f6portajlar, uzmanla\u015fm\u0131\u015f i\u00e7erik<span class=\"ez-toc-section-end\"><\/span><\/h2>\n\n\n\n<p class=\"wp-block-paragraph\">\nFaydalar\u0131: <strong>K\u00fclt\u00fcrel motifler, ba\u011flamsal kelime da\u011farc\u0131\u011f\u0131, a\u015famal\u0131 zenginle\u015ftirme<\/strong> Makalelerde kar\u015f\u0131la\u015f\u0131lan kelime da\u011farc\u0131\u011f\u0131n\u0131 etkili bir \u015fekilde nas\u0131l ezberleyebilirim? <i><\/i> Makalelerde kar\u015f\u0131la\u015f\u0131lan kelime da\u011farc\u0131\u011f\u0131n\u0131 etkili bir \u015fekilde nas\u0131l ezberleyebilirim? Frans\u0131zca okurken, daha \u00f6nce hi\u00e7 g\u00f6rmedi\u011finiz yeni kelimeler, ifadeler veya dilbilgisel inceliklerle kar\u015f\u0131la\u015fman\u0131z ka\u00e7\u0131n\u0131lmazd\u0131r. Makalelerde ke\u015ffetti\u011finiz Frans\u0131zca kelimeleri ezberlemek, \u00f6\u011frenmenizde b\u00fcy\u00fck bir avantaj haline gelebilir. Bu kelimelerin kal\u0131c\u0131 olmas\u0131n\u0131 sa\u011flamak i\u00e7in genellikle \u00e7ok duyusal bir yakla\u015f\u0131m \u00f6neririm. FLE.RE&rsquo;deki al\u0131\u015ft\u0131rmalarda \u00f6nerildi\u011fi gibi, terimlerin telaffuzunu anadili Frans\u0131zca olan biriyle dinleyin ve y\u00fcksek sesle tekrarlay\u0131n. Kelimeleri bir deftere veya kelime uygulamas\u0131na yazmak, g\u00f6rsel haf\u0131zay\u0131 uyar\u0131r ve kal\u0131c\u0131l\u0131\u011f\u0131 g\u00fc\u00e7lendirir. <a href=\"https:\/\/www.fle.re\/blog\/vocabulaire-francais-debutants\/\" target=\"_blank\"><\/a> Her yeni kelime i\u00e7in \u00f6rnek bir c\u00fcmle yaz\u0131n.\n<\/p>\n\n\n\n<p class=\"wp-block-paragraph\">\n <i>Kelimeyi bir resim veya ki\u015fisel bir anekdotla ili\u015fkilendirin.<\/i><strong>Kelimeleri kurgusal veya ger\u00e7ek bir diyalogda tekrar kullan\u0131n.<\/strong> \n<\/p>\n\n\n\n<ul class=\"wp-block-list\">\n<li><strong>Uygulamalar veya geli\u015fen listeler kullanarak d\u00fczenli olarak g\u00f6zden ge\u00e7irin.<\/strong> <\/li>\n\n\n\n<li><strong>Kelime da\u011farc\u0131\u011f\u0131n\u0131z\u0131 daha da h\u0131zl\u0131 geni\u015fletmek i\u00e7in<\/strong> Frans\u0131zca Kelime Bilgisi<\/li>\n\n\n\n<li><strong><\/strong> Bu yeni kelimeleri g\u00fcnl\u00fck etkile\u015fimlerinize entegre etmeniz \u00f6nerilir: ister yaz\u0131l\u0131 (e-postalar, mesajlar, forumlar) ister s\u00f6zl\u00fc (podcastler, sohbetler, dikte) olsun. Kelimeyi ve ifadeyi ba\u011flam i\u00e7inde, eylem halinde g\u00f6rmekten daha iyi bir \u015fey yoktur. D\u00fczenli kullan\u0131ld\u0131\u011f\u0131nda kelime bilgisinin ne kadar \u00e7abuk edinildi\u011fine \u015fa\u015f\u0131racaks\u0131n\u0131z!<\/li>\n\n\n\n<li><strong><\/strong> Anlama ve ifadeyi geli\u015ftirmek i\u00e7in egzersizlerinizi nas\u0131l \u00e7e\u015fitlendirebilirsiniz?<\/li>\n<\/ul>\n\n\n\n<h2 class=\"wp-block-heading\"><\/h2>\n\n\n\n<figure class=\"wp-block-image size-full\"><img decoding=\"async\" src=\"https:\/\/www.fle.re\/blog\/wp-content\/uploads\/2025\/12\/Comment-retenir-efficacement-le-vocabulaire.jpeg\" alt=\"Frans\u0131zca \u00f6\u011frenmek i\u00e7in makale okuman\u0131n en b\u00fcy\u00fck avantajlar\u0131ndan biri, bu \u00e7al\u0131\u015fmay\u0131\"><\/figure>\n\n\n\n<p class=\"wp-block-paragraph\">\n <strong>etkile\u015fimli egzersizlerle destekleme olas\u0131l\u0131\u011f\u0131d\u0131r.<\/strong> \n<\/p>\n\n\n\n<ul class=\"wp-block-list\">\n<li>FLE.RE&rsquo;de kaynaklar, okudu\u011funu anlama etkinlikleri, \u00e7oktan se\u00e7meli sorular, yeniden form\u00fcle etme egzersizleri ve hatta okunan makalelerden ilham alan mini denemeler i\u00e7erecek \u015fekilde tasarlanm\u0131\u015ft\u0131r. Evde herkes daha ileri gitmek i\u00e7in \u00e7e\u015fitli stratejiler kullanabilir. \u00d6rne\u011fin, okuduktan sonra makaleyi s\u00f6zl\u00fc veya yaz\u0131l\u0131 olarak \u00f6zetleyin veya bir \u00f6\u011frenci arkada\u015f\u0131n\u0131zla tart\u0131\u015f\u0131n. Yakla\u015f\u0131m\u0131n\u0131z\u0131 \u00e7e\u015fitlendirmek, hem anlama hem de yazma ak\u0131c\u0131l\u0131\u011f\u0131n\u0131z\u0131 g\u00fc\u00e7lendirirken, konu\u015fmada da kendili\u011findenli\u011fi geli\u015ftirir.<\/li>\n\n\n\n<li><\/li>\n\n\n\n<li>\u015eahsen ben zorluklardan zevk al\u0131yorum: g\u00fcncel bir olay\u0131 ele almak, sunulan arg\u00fcmanlar\u0131 tart\u0131\u015fmak ve hatta yazar\u0131n hikayesinde bundan sonra ne olaca\u011f\u0131n\u0131 hayal etmek. G\u00fcnl\u00fck olarak geli\u015fmek i\u00e7in \u00e7oktan se\u00e7meli sorular, k\u0131sa pasajlara dayal\u0131 dikte egzersizleri ve mini makaleler yazma aras\u0131nda ge\u00e7i\u015f yap\u0131n. \u0130lerlemenizi \u00f6l\u00e7mek i\u00e7in, g\u00fc\u00e7l\u00fc y\u00f6nlerinizi ve geli\u015ftirilmesi gereken alanlar\u0131 de\u011ferlendirmek \u00fczere bu gibi ara\u00e7lar\u0131 kullanabilirsiniz:<\/li>\n\n\n\n<li>\u00dccretsiz Frans\u0131zca seviye testi<\/li>\n<\/ul>\n\n\n\n<p class=\"wp-block-paragraph\">\n <i>Frans\u0131zcada g\u00f6zle g\u00f6r\u00fcl\u00fcr bir ilerleme kaydetmek i\u00e7in ne s\u0131kl\u0131kla makale okumal\u0131s\u0131n\u0131z?<\/i>Makale okumay\u0131 rutininize entegre etmenin say\u0131s\u0131z yolu var, ancak s\u0131k s\u0131k ortaya \u00e7\u0131kan soru \u015fu:\n<\/p>\n\n\n\n<h2 class=\"wp-block-heading\"><span class=\"ez-toc-section\" id=\"Haftada_kac_makale_okumaliyim\"><\/span>Haftada ka\u00e7 makale okumal\u0131y\u0131m?<span class=\"ez-toc-section-end\"><\/span><\/h2>\n\n\n\n<p class=\"wp-block-paragraph\">\nNas\u0131l ilerleme kaydedebilirsiniz? D\u00fczenli, hatta k\u0131sa s\u00fcreli pratik, uzun ve seyrek seanslardan \u00e7ok daha etkilidir. \u00d6\u011frenmeyi en \u00fcst d\u00fczeye \u00e7\u0131karmak i\u00e7in, Frans\u0131zcaya zaten a\u015fina iseniz iki g\u00fcnde bir makale, yeni ba\u015flayanlar i\u00e7in ise her g\u00fcn k\u0131sa bir metin hedefleyin. <strong><\/strong>\u00d6nerilen S\u0131kl\u0131k\n<\/p>\n\n\n\n<p class=\"wp-block-paragraph\">\nTercih Edilen Makale T\u00fcr\u00fc <a href=\"https:\/\/www.fle.re\/blog\/test-niveau-francais-gratuit\/\" target=\"_blank\">Beklenen \u0130lerleme<\/a> Pazartesi-\u00c7ar\u015famba-Cuma\n<\/p>\n\n\n\n<h2 class=\"wp-block-heading\"><span class=\"ez-toc-section\" id=\"Kisa_makaleler_hafif_haberler\"><\/span>K\u0131sa makaleler, hafif haberler<span class=\"ez-toc-section-end\"><\/span><\/h2>\n\n\n\n<p class=\"wp-block-paragraph\">\nG\u00fcnl\u00fck kelime da\u011farc\u0131\u011f\u0131n\u0131 peki\u015ftirme <i>Her g\u00fcn (ba\u015flang\u0131\u00e7 \u200b\u200bseviyesi)<\/i> K\u0131sa metinler, \u00e7e\u015fitli konular\n<\/p>\n\n\n\n<figure class=\"wp-block-table\"><table>\n<tr>\n<th>Okuma ve temel anlama becerilerini otomatikle\u015ftirme<\/th>\n<th>Haftada 3 ila 5 kez<\/th>\n<th>Uzmanl\u0131k makaleleri, derinlemesine raporlar<\/th>\n<\/tr>\n<tr>\n<td>Karma\u015f\u0131k yap\u0131lar\u0131 \u00f6\u011frenme, yazma ak\u0131c\u0131l\u0131\u011f\u0131<\/td>\n<td>Her \u00f6\u011frenci kendi m\u00fcsaitli\u011fine g\u00f6re h\u0131z\u0131n\u0131 ayarlar: anahtar tutarl\u0131l\u0131kt\u0131r! \u00d6\u011fle yeme\u011fi molan\u0131zda veya i\u015fe gidip gelirken on dakika bile \u00f6nemlidir. Okumay\u0131 g\u00fcnl\u00fck hayata do\u011fal olarak entegre etmek, Frans\u0131zcan\u0131n bask\u0131 olmadan tan\u0131d\u0131k gelmesine yard\u0131mc\u0131 olur. Sonu\u00e7<\/td>\n<td><\/td>\n<\/tr>\n<tr>\n<td>\u00c7e\u015fitli makaleler arac\u0131l\u0131\u011f\u0131yla Frans\u0131zca \u00f6\u011frenmek, okuma anlama ve yaz\u0131l\u0131 ifade becerilerinde do\u011fal bir ilerleme sa\u011flar. D\u00fczenli okuma sayesinde yeni kelimeler ke\u015ffeder, c\u00fcmle yap\u0131s\u0131n\u0131 \u00f6z\u00fcmser ve dil kullan\u0131m\u0131n\u0131n ger\u00e7ek hayattaki ba\u011flamlar\u0131na al\u0131\u015f\u0131rs\u0131n\u0131z. Bu, kat\u0131 okul al\u0131\u015ft\u0131rmalar\u0131ndan \u00e7ok farkl\u0131, ilerleyici ve ilgi \u00e7ekici bir y\u00f6ntemdir: Her g\u00fcn pratik yapabilece\u011finiz materyali kolayca bulabilirsiniz.<\/td>\n<td><\/td>\n<td>\u0130yi yap\u0131land\u0131r\u0131lm\u0131\u015f makaleler, geni\u015f bir konu yelpazesine maruz kal\u0131rken esnek bir tempoyu benimseme f\u0131rsat\u0131 sunar. G\u00fcnl\u00fck c\u00fcmlelerde gramer edatlar\u0131n\u0131 tan\u0131mak ve kullanman\u0131n ne kadar kolayla\u015ft\u0131\u011f\u0131n\u0131 h\u0131zla fark edeceksiniz. Zamanla, bu d\u00fczenli uygulama dinleme ve okuma anlama becerilerinizi zenginle\u015ftirerek Frans\u0131zcay\u0131 g\u00fcnl\u00fck hayatta kullanmay\u0131 \u00e7ok daha do\u011fal hale getirir.<\/td>\n<\/tr>\n<tr>\n<td><\/td>\n<td>Frans\u0131zca \u00f6\u011frenmek i\u00e7in aktif okumadan nas\u0131l yararlanabilirsiniz?<\/td>\n<td><\/td>\n<\/tr>\n<\/table><\/figure>\n\n\n\n<p class=\"wp-block-paragraph\">\nKaynaklar\n<\/p>\n\n\n\n<h2 class=\"wp-block-heading\"><span class=\"ez-toc-section\" id=\"Fransiz_Akademisi_%E2%80%9Cle_ve_la_Artikellerinin_Dusmesi%E2%80%9D_Fransiz_Akademisi_tarihsiz_Erisim_tarihi_19_Haziran_2024\"><\/span>Frans\u0131z Akademisi. \u201c*le* ve *la* Artikellerinin D\u00fc\u015fmesi.\u201d Frans\u0131z Akademisi, tarihsiz. Eri\u015fim tarihi: 19 Haziran 2024.<span class=\"ez-toc-section-end\"><\/span><\/h2>\n\n\n\n<figure class=\"wp-block-image size-full\"><img decoding=\"async\" src=\"https:\/\/www.fle.re\/blog\/wp-content\/uploads\/2025\/12\/Conclusion-10.jpeg\" alt=\"\"><\/figure>\n\n\n\n<p class=\"wp-block-paragraph\">\nQuebec Frans\u0131z Dili Ofisi. \u201cTan\u0131ml\u0131 Artikel, Belirsiz Artikel ve K\u0131smi Artikel.\u201d B\u00fcy\u00fck Terminoloji S\u00f6zl\u00fc\u011f\u00fc, 21 Kas\u0131m 2012. Eri\u015fim tarihi: 19 Haziran 2024. <strong><\/strong> Ulusal Metin ve S\u00f6zc\u00fck Kaynaklar\u0131 Merkezi. \u201cArtikel (Dilbilgisi).\u201d CNRTL, tarihsiz. Eri\u015fim tarihi: 19 Haziran 2024.\n<\/p>\n\n\n\n<p class=\"wp-block-paragraph\">\n <strong>Ulusal E\u011fitim ve Gen\u00e7lik Bakanl\u0131\u011f\u0131. \u201cTan\u0131ml\u0131, Belirsiz ve K\u0131smi Artikeller.\u201d Eduscol, tarihsiz. Eri\u015fim tarihi: 19 Haziran 2024.<\/strong> \n<\/p>\n\n\n\n<figure class=\"wp-block-image size-full\"><img decoding=\"async\" src=\"https:\/\/www.fle.re\/blog\/wp-content\/uploads\/2025\/12\/Comment-tirer-parti-de-la.jpeg\" alt=\"Bak\u0131n\u0131z\"><\/figure>\n\n\n\n<figure class=\"wp-block-image size-full\"><img decoding=\"async\" src=\"https:\/\/www.fle.re\/blog\/wp-content\/uploads\/2025\/12\/Sources-1.jpeg\" alt=\"\"><\/figure>\n\n\n\n<ol class=\"wp-block-list\">\n<li> <a href=\"https:\/\/www.academie-francaise.fr\/questions-de-langue#9_strong-emla-elision-des-articles-le-em-strong\" rel=\"nofollow noopener noreferrer\" target=\"_blank\"><\/a><\/li>\n\n\n\n<li> <a href=\"https:\/\/gdt.oqlf.gouv.qc.ca\/ficheOqlf.aspx?Id_Fiche=8271050\" rel=\"nofollow noopener noreferrer\" target=\"_blank\"><\/a><\/li>\n\n\n\n<li> <a href=\"https:\/\/www.cnrtl.fr\/definition\/article\" rel=\"nofollow noopener noreferrer\" target=\"_blank\"><\/a><\/li>\n\n\n\n<li> <a href=\"https:\/\/eduscol.education.fr\/document\/terme\/les-articles-definis-indefinis-et-partitifs\" rel=\"nofollow noopener noreferrer\" target=\"_blank\"><\/a><\/li>\n<\/ol>\n\n","protected":false},"excerpt":{"rendered":"<p>\u00c7e\u015fitli ve \u00f6zg\u00fcn makaleler arac\u0131l\u0131\u011f\u0131yla Frans\u0131zca \u00f6\u011frenmek, dilde rahat hissetmek isteyen herkes i\u00e7in yeni kap\u0131lar a\u00e7ar. Frans\u0131zca \u00f6\u011frenmeye adanm\u0131\u015f metinleri [&hellip;]<\/p>\n","protected":false},"author":2,"featured_media":400,"comment_status":"open","ping_status":"open","sticky":false,"template":"","format":"standard","meta":{"_crdt_document":"","site-sidebar-layout":"default","site-content-layout":"","ast-site-content-layout":"default","site-content-style":"default","site-sidebar-style":"default","ast-global-header-display":"","ast-banner-title-visibility":"","ast-main-header-display":"","ast-hfb-above-header-display":"","ast-hfb-below-header-display":"","ast-hfb-mobile-header-display":"","site-post-title":"","ast-breadcrumbs-content":"","ast-featured-img":"","footer-sml-layout":"","ast-disable-related-posts":"","theme-transparent-header-meta":"","adv-header-id-meta":"","stick-header-meta":"","header-above-stick-meta":"","header-main-stick-meta":"","header-below-stick-meta":"","astra-migrate-meta-layouts":"default","ast-page-background-enabled":"default","ast-page-background-meta":{"desktop":{"background-color":"var(--ast-global-color-5)","background-image":"","background-repeat":"repeat","background-position":"center center","background-size":"auto","background-attachment":"scroll","background-type":"","background-media":"","overlay-type":"","overlay-color":"","overlay-opacity":"","overlay-gradient":""},"tablet":{"background-color":"","background-image":"","background-repeat":"repeat","background-position":"center center","background-size":"auto","background-attachment":"scroll","background-type":"","background-media":"","overlay-type":"","overlay-color":"","overlay-opacity":"","overlay-gradient":""},"mobile":{"background-color":"","background-image":"","background-repeat":"repeat","background-position":"center center","background-size":"auto","background-attachment":"scroll","background-type":"","background-media":"","overlay-type":"","overlay-color":"","overlay-opacity":"","overlay-gradient":""}},"ast-content-background-meta":{"desktop":{"background-color":"var(--ast-global-color-4)","background-image":"","background-repeat":"repeat","background-position":"center center","background-size":"auto","background-attachment":"scroll","background-type":"","background-media":"","overlay-type":"","overlay-color":"","overlay-opacity":"","overlay-gradient":""},"tablet":{"background-color":"var(--ast-global-color-4)","background-image":"","background-repeat":"repeat","background-position":"center center","background-size":"auto","background-attachment":"scroll","background-type":"","background-media":"","overlay-type":"","overlay-color":"","overlay-opacity":"","overlay-gradient":""},"mobile":{"background-color":"var(--ast-global-color-4)","background-image":"","background-repeat":"repeat","background-position":"center center","background-size":"auto","background-attachment":"scroll","background-type":"","background-media":"","overlay-type":"","overlay-color":"","overlay-opacity":"","overlay-gradient":""}},"footnotes":""},"categories":[708],"tags":[790,3280,784,1927,1730],"class_list":["post-1477","post","type-post","status-publish","format-standard","has-post-thumbnail","hentry","category-non-classe-tr","tag-fransizca-dersleri-tr","tag-fransizca-makaleler-tr","tag-fransizca-ogren-tr","tag-fransizca-ogrenmek-tr","tag-kolay-fransizca-tr"],"_links":{"self":[{"href":"https:\/\/www.fle.re\/blog\/wp-json\/wp\/v2\/posts\/1477","targetHints":{"allow":["GET"]}}],"collection":[{"href":"https:\/\/www.fle.re\/blog\/wp-json\/wp\/v2\/posts"}],"about":[{"href":"https:\/\/www.fle.re\/blog\/wp-json\/wp\/v2\/types\/post"}],"author":[{"embeddable":true,"href":"https:\/\/www.fle.re\/blog\/wp-json\/wp\/v2\/users\/2"}],"replies":[{"embeddable":true,"href":"https:\/\/www.fle.re\/blog\/wp-json\/wp\/v2\/comments?post=1477"}],"version-history":[{"count":2,"href":"https:\/\/www.fle.re\/blog\/wp-json\/wp\/v2\/posts\/1477\/revisions"}],"predecessor-version":[{"id":2157,"href":"https:\/\/www.fle.re\/blog\/wp-json\/wp\/v2\/posts\/1477\/revisions\/2157"}],"wp:featuredmedia":[{"embeddable":true,"href":"https:\/\/www.fle.re\/blog\/wp-json\/wp\/v2\/media\/400"}],"wp:attachment":[{"href":"https:\/\/www.fle.re\/blog\/wp-json\/wp\/v2\/media?parent=1477"}],"wp:term":[{"taxonomy":"category","embeddable":true,"href":"https:\/\/www.fle.re\/blog\/wp-json\/wp\/v2\/categories?post=1477"},{"taxonomy":"post_tag","embeddable":true,"href":"https:\/\/www.fle.re\/blog\/wp-json\/wp\/v2\/tags?post=1477"}],"curies":[{"name":"wp","href":"https:\/\/api.w.org\/{rel}","templated":true}]}}