{"id":1494,"date":"2025-12-18T19:00:45","date_gmt":"2025-12-18T19:00:45","guid":{"rendered":"https:\/\/www.fle.re\/blog\/?p=1494"},"modified":"2026-01-13T16:11:03","modified_gmt":"2026-01-13T16:11:03","slug":"fransizca-fiil-cekimlerinde-sik-yapilan-hatalar","status":"publish","type":"post","link":"https:\/\/www.fle.re\/blog\/tr\/fransizca-fiil-cekimlerinde-sik-yapilan-hatalar\/","title":{"rendered":"Frans\u0131zca fiil \u00e7ekimlerinde s\u0131k yap\u0131lan hatalar"},"content":{"rendered":"\n<p class=\"wp-block-paragraph\">\nFrans\u0131zca fiil \u00e7ekimini \u00f6\u011frenmek, anadili Frans\u0131zca olanlar veya \u00f6\u011frenenler i\u00e7in asla kolay bir i\u015f de\u011fildir. Yayg\u0131n \u00e7ekim hatalar\u0131 aras\u0131nda, gelecek ve \u015fart kipleri aras\u0131ndaki kar\u0131\u015f\u0131kl\u0131k, ge\u00e7mi\u015f zaman ortac\u0131 uyumuyla ilgili teredd\u00fctler ve \u00ab\u00a0avoir\u00a0\u00bb ve \u00ab\u00a0\u00eatre\u00a0\u00bb yard\u0131mc\u0131 fiillerinin yanl\u0131\u015f kullan\u0131m\u0131 s\u0131kl\u0131kla g\u00f6zlemlenir. Bazen \u00ab\u00a0ils croivent\u00a0\u00bb (inan\u0131yorlar) veya \u00ab\u00a0je suis all\u00e9 voir\u00a0\u00bb (g\u00f6rmeye gittim) yerine \u00ab\u00a0j&rsquo;ai \u00e9t\u00e9 voir\u00a0\u00bb (g\u00f6rmeye gittim) gibi ifadeler duyulur. Bu hatalar \u00e7ok b\u00fcy\u00fck olmasa da, y\u0131llar sonra bile devam eder. \u0130ster e-posta yazarken ister bir m\u00fclakatta bir soruya cevap verirken, \u00ab\u00a0je ferais\u00a0\u00bb (yapaca\u011f\u0131m) ve \u00ab\u00a0je ferais\u00a0\u00bb (yapard\u0131m) aras\u0131ndaki fark\u0131 ay\u0131rt etmek veya \u00ab\u00a0il a mang\u00e9\u00a0\u00bb (yedi) mi yoksa \u00ab\u00a0il est mang\u00e9\u00a0\u00bb (yendi) mi yaz\u0131laca\u011f\u0131n\u0131 bilmek h\u0131zla ba\u015f a\u011fr\u0131s\u0131 haline gelebilir. Frans\u0131zca dilbilgisinin tuzaklar\u0131 \u00e7oktur ve fle.re platformu, en \u00e7al\u0131\u015fkan kullan\u0131c\u0131lar\u0131n bile bu tuzaklara d\u00fc\u015ft\u00fc\u011f\u00fcn\u00fc her g\u00fcn g\u00f6zlemliyor. K\u0131sacas\u0131, panik yapmaya gerek yok: herkes en az bir kez bu durumdan ge\u00e7iyor. <strong><\/strong> https:\/\/www.youtube.com\/watch?v=HxECpu8jGcI <strong>Bile\u015fik ge\u00e7mi\u015f zamanlarda neden s\u0131k s\u0131k hata yap\u0131yoruz?<\/strong> <i>Frans\u0131zcada bile\u015fik zamanlar\u0131n \u00e7ekimi bir\u00e7ok \u00f6\u011frenciyi, hatta bazen do\u011fu\u015ftan Frans\u0131zca konu\u015fanlar\u0131 bile hayal k\u0131r\u0131kl\u0131\u011f\u0131na u\u011frat\u0131yor. Yard\u0131mc\u0131 fiil *avoir* ile, \u00f6zellikle ge\u00e7mi\u015f zaman ortac\u0131yla ilgili uyum hatalar\u0131 \u00e7oktur. Bazen \u00ab\u00a0Les emails que j\u2019ai envoy\u00e9\u00a0\u00bb diye duyar veya okuruz, oysa ger\u00e7ekte \u00ab\u00a0Les emails que j\u2019ai envoy\u00e9s\u00a0\u00bb \u015feklinde yaz\u0131lmal\u0131d\u0131r. \u0130\u015fin p\u00fcf noktas\u0131, *avoir* ile kullan\u0131lan ge\u00e7mi\u015f zaman ortac\u0131n\u0131n&#8230;<\/i>Ge\u00e7mi\u015f zaman ortac\u0131, do\u011frudan nesne fiilden \u00f6nce gelmedik\u00e7e asla uyum sa\u011flamaz. Deneyin ve mesaj\u0131n anlam\u0131n\u0131 ne kadar de\u011fi\u015ftirebilece\u011fini g\u00f6receksiniz. Bir di\u011fer s\u0131k \u200b\u200bkar\u015f\u0131la\u015f\u0131lan hata ise, \u00f6zellikle hareket veya durumlar\u0131 tan\u0131mlarken fark edilen *\u00eatre* ve *avoir* yard\u0131mc\u0131 fiilleri aras\u0131ndaki kar\u0131\u015f\u0131kl\u0131kt\u0131r; \u00f6rne\u011fin \u00ab\u00a0Je suis all\u00e9 au march\u00e9\u00a0\u00bb (Pazara gittim) ile \u00ab\u00a0J&rsquo;ai \u00e9t\u00e9 voir un film\u00a0\u00bb (Film izlemeye gittim). Bu k\u00fc\u00e7\u00fck bir ayr\u0131nt\u0131 olsa da, konu\u015fma al\u0131\u015fkanl\u0131klar\u0131n\u0131 veya belirli b\u00f6lgelerin veya ba\u011flamlar\u0131n etkisini s\u0131kl\u0131kla ele verir. *\u00eatre all\u00e9* yerine *avoir eu* veya *avoir \u00e9t\u00e9* kullan\u0131ld\u0131\u011f\u0131nda da hatalar yap\u0131l\u0131r; \u00ab\u00a0J&rsquo;ai \u00e9t\u00e9 \u00e0 Paris\u00a0\u00bb masum g\u00f6r\u00fcnse de resmi kullan\u0131mdan sapar. Bu kar\u0131\u015f\u0131kl\u0131klar genellikle tan\u0131d\u0131k ifade kal\u0131plar\u0131ndan veya konu\u015fma dilinde her \u015feyin aceleye getirilmesinden kaynaklan\u0131r. Bu, profesyonel e-postalar ve hatta idari belgeler de dahil olmak \u00fczere bir\u00e7ok yaz\u0131l\u0131 belgede bu hatalar\u0131n kal\u0131c\u0131l\u0131\u011f\u0131n\u0131 a\u00e7\u0131kl\u0131yor. Bunlar\u0131n \u00fcstesinden gelmek i\u00e7in d\u00fczenli pratikten daha iyisi yok. Frans\u0131zca sesli dikte, her bir eki d\u00fc\u015f\u00fcnmenizi sa\u011flad\u0131\u011f\u0131 i\u00e7in kurallar\u0131 ezberlemek i\u00e7in etkili bir ara\u00e7t\u0131r.<i><\/i> Do\u011frudan nesne \u00f6nce gelmedik\u00e7e, ge\u00e7mi\u015f zaman ortac\u0131n\u0131 *avoir* ile asla birle\u015ftirmeyin.<\/p>\n\n\n\n<p class=\"wp-block-paragraph\">\n <strong>*\u00catre* her zaman hareket fiilleri ve d\u00f6n\u00fc\u015fl\u00fc fiiller i\u00e7in kullan\u0131l\u0131r.<\/strong> \u00d6zellikle hareket ifadelerinde yard\u0131mc\u0131 fiil *avoir*&rsquo;\u0131n sistematik kullan\u0131m\u0131ndan ka\u00e7\u0131n\u0131n.<\/p>\n\n\n\n<figure class=\"wp-block-embed is-type-video is-provider-youtube wp-block-embed-youtube wp-embed-aspect-16-9 wp-has-aspect-ratio\"><div class=\"wp-block-embed__wrapper\">\nGe\u00e7mi\u015f zaman ortac\u0131ndan \u00f6nce yerle\u015ftirilen do\u011frudan nesnenin uyum gerektirip gerektirmedi\u011fini kontrol edin.\n<\/div><\/figure>\n\n\n\n<div id=\"ez-toc-container\" class=\"ez-toc-v2_0_82_2 ez-toc-wrap-center counter-hierarchy ez-toc-counter ez-toc-transparent ez-toc-container-direction\">\n<div class=\"ez-toc-title-container\">\n<p class=\"ez-toc-title\" style=\"cursor:inherit\">Sommaire<\/p>\n<span class=\"ez-toc-title-toggle\"><a href=\"#\" class=\"ez-toc-pull-right ez-toc-btn ez-toc-btn-xs ez-toc-btn-default ez-toc-toggle\" aria-label=\"Toggle Table of Content\"><span class=\"ez-toc-js-icon-con\"><span class=\"\"><span class=\"eztoc-hide\" style=\"display:none;\">Toggle<\/span><span class=\"ez-toc-icon-toggle-span\"><svg style=\"fill: #999;color:#999\" xmlns=\"http:\/\/www.w3.org\/2000\/svg\" class=\"list-377408\" width=\"20px\" height=\"20px\" viewBox=\"0 0 24 24\" fill=\"none\"><path d=\"M6 6H4v2h2V6zm14 0H8v2h12V6zM4 11h2v2H4v-2zm16 0H8v2h12v-2zM4 16h2v2H4v-2zm16 0H8v2h12v-2z\" fill=\"currentColor\"><\/path><\/svg><svg style=\"fill: #999;color:#999\" class=\"arrow-unsorted-368013\" xmlns=\"http:\/\/www.w3.org\/2000\/svg\" width=\"10px\" height=\"10px\" viewBox=\"0 0 24 24\" version=\"1.2\" baseProfile=\"tiny\"><path d=\"M18.2 9.3l-6.2-6.3-6.2 6.3c-.2.2-.3.4-.3.7s.1.5.3.7c.2.2.4.3.7.3h11c.3 0 .5-.1.7-.3.2-.2.3-.5.3-.7s-.1-.5-.3-.7zM5.8 14.7l6.2 6.3 6.2-6.3c.2-.2.3-.5.3-.7s-.1-.5-.3-.7c-.2-.2-.4-.3-.7-.3h-11c-.3 0-.5.1-.7.3-.2.2-.3.5-.3.7s.1.5.3.7z\"\/><\/svg><\/span><\/span><\/span><\/a><\/span><\/div>\n<nav><ul class='ez-toc-list ez-toc-list-level-1 eztoc-toggle-hide-by-default' ><li class='ez-toc-page-1 ez-toc-heading-level-2'><a class=\"ez-toc-link ez-toc-heading-1\" href=\"https:\/\/www.fle.re\/blog\/tr\/fransizca-fiil-cekimlerinde-sik-yapilan-hatalar\/#Sesli_okuma_yazida_siklikla_gozden_kacan_tutarsizliklari_belirlemeye_yardimci_olur\" >Sesli okuma, yaz\u0131da s\u0131kl\u0131kla g\u00f6zden ka\u00e7an tutars\u0131zl\u0131klar\u0131 belirlemeye yard\u0131mc\u0131 olur.<\/a><\/li><li class='ez-toc-page-1 ez-toc-heading-level-2'><a class=\"ez-toc-link ez-toc-heading-2\" href=\"https:\/\/www.fle.re\/blog\/tr\/fransizca-fiil-cekimlerinde-sik-yapilan-hatalar\/#Edilgen_yapida_ve_donuslu_fiillerde_uyum_Fransizca_konusanlar_arasinda_en_sik_yapilan_hatalardan_biridir_Hepimiz_%C2%AB_ils_se_sont_parle_%C2%BB_veya_%C2%AB_elle_sest_lavee_les_mains_%C2%BB_ifadelerinde_tereddut_etmisizdir_Oysa_kural_aciktir_fiilden_once_dogrudan_nesne_bulunmayan_donuslu_fiillerde_gecmis_zaman_ortaci_ozneyle_uyum_saglar_Ornek_%C2%AB_Ils_se_sont_couches_tot_%C2%BB_Fiilden_sonra_dogrudan_nesne_gelen_donuslu_fiillerde_ise_uyum_yoktur_ornegin_%C2%AB_Ils_se_sont_parle_%C2%BB_Oldukca_basit_olmasina_ragmen_pratikte_ozellikle_yazili_metinlerde_bu_iki_durum_siklikla_karistirilir\" >Edilgen yap\u0131da ve d\u00f6n\u00fc\u015fl\u00fc fiillerde uyum, Frans\u0131zca konu\u015fanlar aras\u0131nda en s\u0131k yap\u0131lan hatalardan biridir. Hepimiz \u00ab\u00a0ils se sont parl\u00e9\u00a0\u00bb veya \u00ab\u00a0elle s&rsquo;est lav\u00e9e les mains\u00a0\u00bb ifadelerinde teredd\u00fct etmi\u015fizdir. Oysa kural a\u00e7\u0131kt\u0131r: fiilden \u00f6nce do\u011frudan nesne bulunmayan d\u00f6n\u00fc\u015fl\u00fc fiillerde, ge\u00e7mi\u015f zaman ortac\u0131 \u00f6zneyle uyum sa\u011flar. \u00d6rnek: \u00ab\u00a0Ils se sont couch\u00e9s t\u00f4t.\u00a0\u00bb Fiilden sonra do\u011frudan nesne gelen d\u00f6n\u00fc\u015fl\u00fc fiillerde ise uyum yoktur, \u00f6rne\u011fin \u00ab\u00a0Ils se sont parl\u00e9\u00a0\u00bb. Olduk\u00e7a basit olmas\u0131na ra\u011fmen, pratikte, \u00f6zellikle yaz\u0131l\u0131 metinlerde, bu iki durum s\u0131kl\u0131kla kar\u0131\u015ft\u0131r\u0131l\u0131r.<\/a><\/li><li class='ez-toc-page-1 ez-toc-heading-level-2'><a class=\"ez-toc-link ez-toc-heading-3\" href=\"https:\/\/www.fle.re\/blog\/tr\/fransizca-fiil-cekimlerinde-sik-yapilan-hatalar\/#Ayrica_bakiniz\" >Ayr\u0131ca bak\u0131n\u0131z:<\/a><\/li><\/ul><\/nav><\/div>\n<h2 class=\"wp-block-heading\"><span class=\"ez-toc-section\" id=\"Sesli_okuma_yazida_siklikla_gozden_kacan_tutarsizliklari_belirlemeye_yardimci_olur\"><\/span>Sesli okuma, yaz\u0131da s\u0131kl\u0131kla g\u00f6zden ka\u00e7an tutars\u0131zl\u0131klar\u0131 belirlemeye yard\u0131mc\u0131 olur.<span class=\"ez-toc-section-end\"><\/span><\/h2>\n\n\n\n<p class=\"wp-block-paragraph\">\nGelecek zaman ve \u015fart kipinin hangi kar\u0131\u015f\u0131kl\u0131klar\u0131ndan kesinlikle ka\u00e7\u0131n\u0131lmal\u0131d\u0131r? Basit gelecek zaman ve \u015fimdiki \u015fart kipinin kar\u0131\u015ft\u0131r\u0131lmas\u0131, \u00f6\u011fretmenleri rahats\u0131z eden\u2026 ve genellikle \u00f6\u011frencileri kar\u0131\u015ft\u0131ran hatalardan biridir. Bununla birlikte, bir c\u00fcmlenin anlam\u0131n\u0131 tamamen de\u011fi\u015ftiren bir fiil \u00e7ekimi detay\u0131d\u0131r. <strong>*Je ferai* (Yapaca\u011f\u0131m)<\/strong> ko\u015fulsuz bir kesinlik, bir plan, gelecekteki bir eylemdir. <strong>\u00d6te yandan, \u00ab\u00a0Yapard\u0131m\u00a0\u00bb ifadesi bir olas\u0131l\u0131\u011f\u0131 ortaya koyar: eylem bir hipoteze dayan\u0131r. Konu\u015fma dilinde n\u00fcans incedir, ancak yaz\u0131l\u0131 dilde fark a\u00e7\u0131kt\u0131r ve g\u00fcvenilirlik meselesidir: bir m\u00fc\u015fteriye \u00ab\u00a0Size teklifi yar\u0131n g\u00f6nderirdim\u00a0\u00bb demek belirsizlik izlenimi verirken, \u00ab\u00a0Size teklifi yar\u0131n g\u00f6nderece\u011fim\u00a0\u00bb demek g\u00fcven uyand\u0131r\u0131r.<\/strong> Bu t\u00fcr kar\u0131\u015f\u0131kl\u0131klar genellikle -ai (gelecek zaman) ve -ais (\u015fart kipi) eklerinin benzer ses \u00e7\u0131karmas\u0131ndan kaynaklan\u0131r. \u00d6zellikle k\u0131sa mesajlarda veya profesyonel e-postalarda h\u0131zl\u0131 yazmaya al\u0131\u015fk\u0131n olan \u00f6\u011frenciler bu dikkatsiz hatay\u0131 kolayca yaparlar\u2014ben de \u00e7ok h\u0131zl\u0131 yazd\u0131\u011f\u0131mda ayn\u0131 hatay\u0131 yap\u0131yorum! Durumu kontrol alt\u0131nda tutmak i\u00e7in, basit\u00e7e durumu hayal edin: bu bir s\u00f6z m\u00fc (gelecek zaman) yoksa bir varsay\u0131m m\u0131 (\u015fart kipi)? C\u00fcmleyi yeniden ifade etmek i\u00e7in zaman ay\u0131rmak, \u015f\u00fcpheyi gidermek i\u00e7in yeterli olabilir. Gelecek zaman formu <i>\u015eart kipi<\/i>Do\u011fru ba\u011flam <strong>Gelece\u011fim<\/strong> Gelirdim <strong>S\u00f6z veya plan \/ Olas\u0131l\u0131k veya hipotez<\/strong> Cevap verece\u011fiz\n<\/p>\n\n\n\n<p class=\"wp-block-paragraph\">\nCevap verirdik <i>Kesin taahh\u00fct \/ \u015eartl\u0131 olas\u0131l\u0131k<\/i> Alacaks\u0131n\u0131z <i>Al\u0131rd\u0131n\u0131z<\/i> Talimat veya kesinlik \/ Nezaket, taviz <strong>\u015eimdiki zamanda d\u00fczensiz fiillerle yap\u0131lan hatalardan nas\u0131l ka\u00e7\u0131n\u0131l\u0131r?<\/strong>  <strong>\u015eimdiki zamanda d\u00fczensiz fiillerle yap\u0131lan hatalardan nas\u0131l ka\u00e7\u0131n\u0131l\u0131r?<\/strong> \n<\/p>\n\n\n\n<ul class=\"wp-block-list\">\n<li><strong>Kendinden emin konu\u015fmac\u0131lar\u0131 bile \u00e7o\u011fu zaman t\u00f6kezleten d\u00fczensiz fiillerdir. \u00ab\u00a0Vous faites\u00a0\u00bb ve \u00ab\u00a0vous fa\u00eetes\u00a0\u00bb aras\u0131nda kim teredd\u00fct etmedi ki? Otomatik yan\u0131tlar aldat\u0131c\u0131d\u0131r ve Frans\u0131z kula\u011f\u0131 bazen e\u015f sesli kelimeler veya dilsel tuhafl\u0131klarla, \u00f6zellikle \u00ab\u00a0dire\u00a0\u00bb (s\u00f6ylemek) veya \u00ab\u00a0faire\u00a0\u00bb (yapmak) gibi yayg\u0131n fiillerle aldat\u0131l\u0131r. Yaz\u0131da bu kar\u0131\u015f\u0131kl\u0131k g\u00f6ze \u00e7arpan bir kusurdur. \u00ab\u00a0Faire\u00a0\u00bb (yapmak\/yapmak) fiili \u015fu \u015fekilde verilir: je fais, tu fais, il fait, nous faisons, vous faites, ils font &#8211; hi\u00e7bir yerde aksan, inceltme i\u015fareti veya aksan i\u015fareti olmadan. Ancak profesyonel raporlarda veya sayg\u0131n bloglarda bile bu hata yeniden ortaya \u00e7\u0131k\u0131yor.<\/strong> Bir di\u011fer zorluk: Bazen \u00ab\u00a0basit\u00a0\u00bb olarak alg\u0131lanan fiiller, \u00ab\u00a0aller\u00a0\u00bb (gitmek) fiilinin birinci tekil \u015fah\u0131s \u00e7ekimi gibi, olduk\u00e7a karma\u015f\u0131k olabilir. \u00d6zellikle \u00e7ocuklar\u0131 taklit ederken, \u00ab\u00a0je vais\u00a0\u00bb (gidiyorum) yerine \u00ab\u00a0j&rsquo;alle\u00a0\u00bb okudu\u011fumuzu veya duydu\u011fumuzu hepimiz biliyoruz, ancak bu t\u00fcr hatalar rahat konu\u015fmalarda veya halk \u00f6n\u00fcnde konu\u015furken stres alt\u0131nda da ortaya \u00e7\u0131kabiliyor. Ayn\u0131 sorun \u00ab\u00a0tenir\u00a0\u00bb (tutmak), \u00ab\u00a0venir\u00a0\u00bb (gelmek) veya \u00ab\u00a0voir\u00a0\u00bb (g\u00f6rmek) fiillerinde de ortaya \u00e7\u0131k\u0131yor; bu fiillerin \u00fc\u00e7\u00fcnc\u00fc tekil \u015fah\u0131s \u00e7ekimleri, \u00f6zellikle yorgun veya duygusal oldu\u011funuzda, takip etmeyi kolayla\u015ft\u0131racak kadar \u00e7e\u015fitlilik g\u00f6steriyor.<\/li>\n\n\n\n<li><strong><\/strong> Bunu d\u00fczeltmek i\u00e7in, Frans\u0131zca sesli dikte yoluyla aktif tekrarlamadan daha iyisi yok.<\/li>\n\n\n\n<li><\/li>\n\n\n\n<li>Ayr\u0131ca, reflekslerimin keskin kalmas\u0131n\u0131 sa\u011flamak i\u00e7in, tart\u0131\u015fmalardan veya okumalardan edindi\u011fim birka\u00e7 c\u00fcmledeki bo\u015fluklar\u0131 doldurmay\u0131 da seviyorum. Ve okuldan sonra ba\u011f\u0131\u015f\u0131kl\u0131k kazand\u0131\u011f\u0131n\u0131za inanmak bir yan\u0131lsama: Frans\u0131zca de\u011fi\u015fiyor, geli\u015fiyor ve hatalar da uyum sa\u011fl\u0131yor\u2026 Pasif ve d\u00f6n\u00fc\u015fl\u00fc fiil uyumunda hangi hatalar devam ediyor?<\/li>\n\n\n\n<li><\/li>\n<\/ul>\n\n\n\n<h2 class=\"wp-block-heading\"><span class=\"ez-toc-section\" id=\"Edilgen_yapida_ve_donuslu_fiillerde_uyum_Fransizca_konusanlar_arasinda_en_sik_yapilan_hatalardan_biridir_Hepimiz_%C2%AB_ils_se_sont_parle_%C2%BB_veya_%C2%AB_elle_sest_lavee_les_mains_%C2%BB_ifadelerinde_tereddut_etmisizdir_Oysa_kural_aciktir_fiilden_once_dogrudan_nesne_bulunmayan_donuslu_fiillerde_gecmis_zaman_ortaci_ozneyle_uyum_saglar_Ornek_%C2%AB_Ils_se_sont_couches_tot_%C2%BB_Fiilden_sonra_dogrudan_nesne_gelen_donuslu_fiillerde_ise_uyum_yoktur_ornegin_%C2%AB_Ils_se_sont_parle_%C2%BB_Oldukca_basit_olmasina_ragmen_pratikte_ozellikle_yazili_metinlerde_bu_iki_durum_siklikla_karistirilir\"><\/span>Edilgen yap\u0131da ve d\u00f6n\u00fc\u015fl\u00fc fiillerde uyum, Frans\u0131zca konu\u015fanlar aras\u0131nda en s\u0131k yap\u0131lan hatalardan biridir. Hepimiz \u00ab\u00a0ils se sont parl\u00e9\u00a0\u00bb veya \u00ab\u00a0elle s&rsquo;est lav\u00e9e les mains\u00a0\u00bb ifadelerinde teredd\u00fct etmi\u015fizdir. Oysa kural a\u00e7\u0131kt\u0131r: fiilden \u00f6nce do\u011frudan nesne bulunmayan d\u00f6n\u00fc\u015fl\u00fc fiillerde, ge\u00e7mi\u015f zaman ortac\u0131 \u00f6zneyle uyum sa\u011flar. \u00d6rnek: \u00ab\u00a0Ils se sont couch\u00e9s t\u00f4t.\u00a0\u00bb Fiilden sonra do\u011frudan nesne gelen d\u00f6n\u00fc\u015fl\u00fc fiillerde ise uyum yoktur, \u00f6rne\u011fin \u00ab\u00a0Ils se sont parl\u00e9\u00a0\u00bb. Olduk\u00e7a basit olmas\u0131na ra\u011fmen, pratikte, \u00f6zellikle yaz\u0131l\u0131 metinlerde, bu iki durum s\u0131kl\u0131kla kar\u0131\u015ft\u0131r\u0131l\u0131r.<span class=\"ez-toc-section-end\"><\/span><\/h2>\n\n\n\n<p class=\"wp-block-paragraph\">\nEdilgen yap\u0131da, ge\u00e7mi\u015f zaman ortac\u0131 her zaman \u00f6zneyle uyumludur. \u00ab\u00a0Les invitations ont \u00e9t\u00e9 envoy\u00e9s\u00a0\u00bb (Davetiyeler g\u00f6nderildi) yazar\u0131z, \u00ab\u00a0Les invitations ont \u00e9t\u00e9 envoy\u00e9\u00a0\u00bb (Davetiyeler g\u00f6nderildi) demeyiz; konu\u015fma bi\u00e7imi dikkatsiz bir kula\u011fa ayn\u0131 son izlenimini verse bile. Ki\u015fisel bir anekdot: Bir keresinde bir m\u00fc\u015fteri i\u00e7in haz\u0131rlad\u0131\u011f\u0131m sunumda fazladan veya eksik bir \u00ab\u00a0s\u00a0\u00bb harfi b\u0131rakt\u0131\u011f\u0131m i\u00e7in d\u00fczeltilmi\u015ftim. \u015eimdi, her edilgen veya d\u00f6n\u00fc\u015fl\u00fc c\u00fcmleyi sistematik olarak yeniden okumaya kendimi zorluyorum. Bu t\u00fcr bir kontrol, birinin \u00e7al\u0131\u015fman\u0131z hakk\u0131ndaki izlenimini, hatta LinkedIn&rsquo;de bile tamamen de\u011fi\u015ftirebilir! <strong><\/strong> Mastar ve ge\u00e7mi\u015f zaman ortac\u0131 hatalar\u0131n\u0131 nas\u0131l tan\u0131y\u0131p d\u00fczeltebiliriz? <strong><\/strong> Mastar halindeki bir fiil ile <strong>ge\u00e7mi\u015f zaman ortac\u0131 aras\u0131nda hata yapmak, deneyimli yazarlar i\u00e7in bile s\u0131k s\u0131k olur. Tipik bir senaryo: H\u0131zl\u0131 okuyorsunuz, daha da h\u0131zl\u0131 yaz\u0131yorsunuz ve \u00ab\u00a0Je l&rsquo;ai fais r\u00e9paration\u00a0\u00bb (Onu tamir ettirdim) yerine \u00ab\u00a0Je l&rsquo;ai fait r\u00e9paration\u00a0\u00bb (Onu tamir ettirdim) diyorsunuz, ya da daha k\u00f6t\u00fcs\u00fc, tam tersi hatay\u0131 yap\u0131yorsunuz. \u0130pucu? Mastar, alg\u0131lama veya hareket fiillerinden (g\u00f6rmek, bakmak, duymak) sonra kullan\u0131l\u0131rken, ge\u00e7mi\u015f zaman ortac\u0131, gerekirse, ancak yaln\u0131zca belirli yard\u0131mc\u0131 fiillerden sonra uyum sa\u011flar. Bu ayr\u0131m kullan\u0131mda yerle\u015fmi\u015ftir, ancak dikkatli bir d\u00fczeltme okumas\u0131yla belirginle\u015fir \u2013 ve bu noktada, otomatik yaz\u0131m denetleyicileri hatay\u0131 d\u00fczenli olarak g\u00f6zden ka\u00e7\u0131r\u0131r. En iyi uygulamalar? Sesli okuyun, c\u00fcmleyi zihninizde yeniden ifade edin veya metninizi otomatik bir dikte arac\u0131na g\u00f6nderin.<\/strong> <strong>\u00ab\u00a0Avoir\u00a0\u00bb fiilinden sonra gelen ge\u00e7mi\u015f zaman ortac\u0131, fiilden \u00f6nce gelen do\u011frudan nesneyle uyum sa\u011flar.<\/strong>\n<\/p>\n\n\n\n<p class=\"wp-block-paragraph\">\nMastar, kip veya alg\u0131lama fiilleriyle kullan\u0131l\u0131r.\n<\/p>\n\n\n\n<figure class=\"wp-block-table\"><table>\n<tr>\n<th><\/th>\n<th>Sistematik uyumdan ka\u00e7\u0131n\u0131n: \u0130stisnalar\u0131 tespit etmek i\u00e7in tekrar okuyun.<\/th>\n<th><\/th>\n<\/tr>\n<tr>\n<td>Bu t\u00fcr hatalar i\u00e7in \u00e7evrimi\u00e7i yaz\u0131m denetleyicilerine g\u00fcvenmeyin; insan eliyle yap\u0131lan d\u00fczeltmelere \u00f6ncelik verin.<\/td>\n<td><\/td>\n<td>Sonu\u00e7<\/td>\n<\/tr>\n<tr>\n<td>Frans\u0131zca fiil \u00e7ekiminde s\u0131k yap\u0131lan hatalar<\/td>\n<td>Hatalar genellikle zaman kipinin se\u00e7imi, ge\u00e7mi\u015f zaman ortac\u0131n\u0131n uyumu veya benzer bi\u00e7imler aras\u0131ndaki kar\u0131\u015f\u0131kl\u0131klardan kaynaklan\u0131r. \u00ab\u00a0Ils croyez\u00a0\u00bb ve \u00ab\u00a0ils croivent\u00a0\u00bb aras\u0131nda teredd\u00fct etmeyen veya gelecek ve \u015fart kiplerini kar\u0131\u015ft\u0131rmayan kimse yoktur herhalde? \u0130\u015fte \u015f\u00fcphe tam da burada devreye giriyor! Fiilleri iyi kullanmak, uyum, fiil son ekleri ve c\u00fcmle anlam\u0131na dikkat etmeyi gerektirir. Her hata bir \u00f6\u011frenme f\u0131rsat\u0131 sunar ve en deneyimli konu\u015fmac\u0131lar bile bazen tuzaklara d\u00fc\u015fer. Tekrar okumaktan, \u00e7ekimlerinizi kontrol etmekten ve tavsiye istemekten \u00e7ekinmeyin. Yayg\u0131n \u00e7ekim hatalar\u0131n\u0131 nas\u0131l tan\u0131yaca\u011f\u0131n\u0131z\u0131 bilmek, bu hatalar\u0131n metnin netli\u011fini bozmas\u0131na izin vermeden ak\u0131c\u0131 ve kendinden emin bir \u015fekilde yazman\u0131za olanak tan\u0131r.<\/td>\n<td><\/td>\n<\/tr>\n<tr>\n<td>Peki, mastar ve ge\u00e7mi\u015f zaman ortac\u0131 neden bu kadar s\u0131k \u200b\u200bkar\u0131\u015ft\u0131r\u0131l\u0131r?<\/td>\n<td><\/td>\n<td>Kaynaklar: Acad\u00e9mie fran\u00e7aise. \u00ab\u00a0Dire, ne pas dire &#8211; Au temps pour moi.\u00a0\u00bb French Academy, n.d. Eri\u015fim tarihi: 23 Haziran 2024.<\/td>\n<\/tr>\n<\/table><\/figure>\n\n\n\n<h2 class=\"wp-block-heading\"><\/h2>\n\n\n\n<figure class=\"wp-block-image size-full\"><img decoding=\"async\" src=\"https:\/\/www.fle.re\/blog\/wp-content\/uploads\/2025\/12\/Comment-viter-les-fautes-avec.jpeg\"><\/figure>\n\n\n\n<p class=\"wp-block-paragraph\">\n <strong>Ayr\u0131ca bak\u0131n\u0131z: Le Robert. \u00ab\u00a0Aide-m\u00e9moire sur les fautes communes en fran\u00e7ais\u00a0\u00bb (Frans\u0131zcada Yayg\u0131n Hatalar Rehberi). Le Robert, tarih yok Eri\u015fim tarihi: 23 Haziran 2024.<\/strong> \n<\/p>\n\n\n\n<p class=\"wp-block-paragraph\">\nAyr\u0131ca bak\u0131n\u0131z: Kamu Hizmeti (Fransa). \u00ab\u00a0Les prensipes r\u00e8gles d&rsquo;accord du participle pass\u00e9\u00a0\u00bb (Ge\u00e7mi\u015f Kat\u0131l\u0131mc\u0131n\u0131n Ana Anla\u015fma Kurallar\u0131). Service-public.fr, 30 Kas\u0131m 2022. Eri\u015fim tarihi: 23 Haziran 2024.\n<\/p>\n\n\n\n<p class=\"wp-block-paragraph\">\n <strong>Ayr\u0131ca bak\u0131n\u0131z: Frans\u0131z Akademisi. \u00ab\u00a0Sense, sentent\u00a0\u00bb (mant\u0131kl\u0131, varsay\u0131lan). Frans\u0131z Akademisi, tarih yok Eri\u015fim tarihi: 23 Haziran 2024.<\/strong>\n<\/p>\n\n\n\n<h2 class=\"wp-block-heading\"><span class=\"ez-toc-section\" id=\"Ayrica_bakiniz\"><\/span>Ayr\u0131ca bak\u0131n\u0131z:<span class=\"ez-toc-section-end\"><\/span><\/h2>\n\n\n\n<p class=\"wp-block-paragraph\">\n <strong><\/strong>  <strong><\/strong> \n<\/p>\n\n\n\n<p class=\"wp-block-paragraph\">\n\n<\/p>\n\n\n\n<h2 class=\"wp-block-heading\"><\/h2>\n\n\n\n<p class=\"wp-block-paragraph\">\n <strong><\/strong>  <strong><\/strong> \n<\/p>\n\n\n\n<ul class=\"wp-block-list\">\n<li> <strong><\/strong> <\/li>\n\n\n\n<li><strong><\/strong> <\/li>\n\n\n\n<li><\/li>\n\n\n\n<li><\/li>\n<\/ul>\n\n\n\n<h2 class=\"wp-block-heading\"><\/h2>\n\n\n\n<figure class=\"wp-block-image size-full\"><img decoding=\"async\" src=\"https:\/\/www.fle.re\/blog\/wp-content\/uploads\/2025\/12\/Conclusion-11.jpeg\" alt=\"\"><\/figure>\n\n\n\n<p class=\"wp-block-paragraph\">\n <strong><\/strong>  <strong><\/strong>\n<\/p>\n\n\n\n<p class=\"wp-block-paragraph\">\n <strong><\/strong> \n<\/p>\n\n\n\n<figure class=\"wp-block-image size-full\"><img decoding=\"async\" src=\"https:\/\/www.fle.re\/blog\/wp-content\/uploads\/2025\/12\/Pourquoi-confond-on-souvent-linfinitif-et.jpeg\" alt=\"\"><\/figure>\n\n\n\n<figure class=\"wp-block-image size-full\"><img decoding=\"async\" src=\"https:\/\/www.fle.re\/blog\/wp-content\/uploads\/2025\/12\/Sources-2.jpeg\" alt=\"\"><\/figure>\n\n\n\n<ol class=\"wp-block-list\">\n<li> <a href=\"https:\/\/www.academie-francaise.fr\/au-temps-pour-moi\" rel=\"nofollow noopener noreferrer\" target=\"_blank\"><\/a><\/li>\n\n\n\n<li> <a href=\"https:\/\/gdt.oqlf.gouv.qc.ca\/ficheOqlf.aspx?Id_Fiche=17077462\" rel=\"nofollow noopener noreferrer\" target=\"_blank\"><\/a><\/li>\n\n\n\n<li> <a href=\"https:\/\/dictionnaire.lerobert.com\/guide\/fautes-d-orthographe-courantes\" rel=\"nofollow noopener noreferrer\" target=\"_blank\"><\/a><\/li>\n\n\n\n<li> <a href=\"https:\/\/www.service-public.fr\/particuliers\/actualites\/A15576\" rel=\"nofollow noopener noreferrer\" target=\"_blank\"><\/a><\/li>\n\n\n\n<li> <a href=\"https:\/\/www.academie-francaise.fr\/sense-cense\" rel=\"nofollow noopener noreferrer\" target=\"_blank\"><\/a><\/li>\n<\/ol>\n\n","protected":false},"excerpt":{"rendered":"<p>Frans\u0131zca fiil \u00e7ekimini \u00f6\u011frenmek, anadili Frans\u0131zca olanlar veya \u00f6\u011frenenler i\u00e7in asla kolay bir i\u015f de\u011fildir. Yayg\u0131n \u00e7ekim hatalar\u0131 aras\u0131nda, gelecek [&hellip;]<\/p>\n","protected":false},"author":2,"featured_media":402,"comment_status":"open","ping_status":"open","sticky":false,"template":"","format":"standard","meta":{"_crdt_document":"","site-sidebar-layout":"default","site-content-layout":"","ast-site-content-layout":"default","site-content-style":"default","site-sidebar-style":"default","ast-global-header-display":"","ast-banner-title-visibility":"","ast-main-header-display":"","ast-hfb-above-header-display":"","ast-hfb-below-header-display":"","ast-hfb-mobile-header-display":"","site-post-title":"","ast-breadcrumbs-content":"","ast-featured-img":"","footer-sml-layout":"","ast-disable-related-posts":"","theme-transparent-header-meta":"","adv-header-id-meta":"","stick-header-meta":"","header-above-stick-meta":"","header-main-stick-meta":"","header-below-stick-meta":"","astra-migrate-meta-layouts":"default","ast-page-background-enabled":"default","ast-page-background-meta":{"desktop":{"background-color":"var(--ast-global-color-5)","background-image":"","background-repeat":"repeat","background-position":"center center","background-size":"auto","background-attachment":"scroll","background-type":"","background-media":"","overlay-type":"","overlay-color":"","overlay-opacity":"","overlay-gradient":""},"tablet":{"background-color":"","background-image":"","background-repeat":"repeat","background-position":"center center","background-size":"auto","background-attachment":"scroll","background-type":"","background-media":"","overlay-type":"","overlay-color":"","overlay-opacity":"","overlay-gradient":""},"mobile":{"background-color":"","background-image":"","background-repeat":"repeat","background-position":"center center","background-size":"auto","background-attachment":"scroll","background-type":"","background-media":"","overlay-type":"","overlay-color":"","overlay-opacity":"","overlay-gradient":""}},"ast-content-background-meta":{"desktop":{"background-color":"var(--ast-global-color-4)","background-image":"","background-repeat":"repeat","background-position":"center center","background-size":"auto","background-attachment":"scroll","background-type":"","background-media":"","overlay-type":"","overlay-color":"","overlay-opacity":"","overlay-gradient":""},"tablet":{"background-color":"var(--ast-global-color-4)","background-image":"","background-repeat":"repeat","background-position":"center center","background-size":"auto","background-attachment":"scroll","background-type":"","background-media":"","overlay-type":"","overlay-color":"","overlay-opacity":"","overlay-gradient":""},"mobile":{"background-color":"var(--ast-global-color-4)","background-image":"","background-repeat":"repeat","background-position":"center center","background-size":"auto","background-attachment":"scroll","background-type":"","background-media":"","overlay-type":"","overlay-color":"","overlay-opacity":"","overlay-gradient":""}},"footnotes":""},"categories":[708],"tags":[3329,1624,1827,3332,3335],"class_list":["post-1494","post","type-post","status-publish","format-standard","has-post-thumbnail","hentry","category-non-classe-tr","tag-cekim-hatalari-tr","tag-fransiz-cekimi-tr","tag-fransizca-dilbilgisi-tr","tag-sik-hatalar-tr","tag-yazim-tr"],"_links":{"self":[{"href":"https:\/\/www.fle.re\/blog\/wp-json\/wp\/v2\/posts\/1494","targetHints":{"allow":["GET"]}}],"collection":[{"href":"https:\/\/www.fle.re\/blog\/wp-json\/wp\/v2\/posts"}],"about":[{"href":"https:\/\/www.fle.re\/blog\/wp-json\/wp\/v2\/types\/post"}],"author":[{"embeddable":true,"href":"https:\/\/www.fle.re\/blog\/wp-json\/wp\/v2\/users\/2"}],"replies":[{"embeddable":true,"href":"https:\/\/www.fle.re\/blog\/wp-json\/wp\/v2\/comments?post=1494"}],"version-history":[{"count":2,"href":"https:\/\/www.fle.re\/blog\/wp-json\/wp\/v2\/posts\/1494\/revisions"}],"predecessor-version":[{"id":2148,"href":"https:\/\/www.fle.re\/blog\/wp-json\/wp\/v2\/posts\/1494\/revisions\/2148"}],"wp:featuredmedia":[{"embeddable":true,"href":"https:\/\/www.fle.re\/blog\/wp-json\/wp\/v2\/media\/402"}],"wp:attachment":[{"href":"https:\/\/www.fle.re\/blog\/wp-json\/wp\/v2\/media?parent=1494"}],"wp:term":[{"taxonomy":"category","embeddable":true,"href":"https:\/\/www.fle.re\/blog\/wp-json\/wp\/v2\/categories?post=1494"},{"taxonomy":"post_tag","embeddable":true,"href":"https:\/\/www.fle.re\/blog\/wp-json\/wp\/v2\/tags?post=1494"}],"curies":[{"name":"wp","href":"https:\/\/api.w.org\/{rel}","templated":true}]}}