{"id":1528,"date":"2025-12-20T18:28:27","date_gmt":"2025-12-20T18:28:27","guid":{"rendered":"https:\/\/www.fle.re\/blog\/?p=1528"},"modified":"2026-01-13T16:09:56","modified_gmt":"2026-01-13T16:09:56","slug":"fransizca-a2-kelime-dagarcigini-zenginlestirme","status":"publish","type":"post","link":"https:\/\/www.fle.re\/blog\/tr\/fransizca-a2-kelime-dagarcigini-zenginlestirme\/","title":{"rendered":"Frans\u0131zca A2: Kelime da\u011farc\u0131\u011f\u0131n\u0131 zenginle\u015ftirme"},"content":{"rendered":"\n<p class=\"wp-block-paragraph\">\nFrans\u0131zca \u00f6\u011freniyorsunuz ve bir \u00e7\u0131kmazda m\u0131 hissediyorsunuz? Frans\u0131zcada A2 seviyesine h\u0131zla ilerlemek i\u00e7in kelime da\u011farc\u0131\u011f\u0131n\u0131z\u0131 geni\u015fletmek ger\u00e7ek bir s\u0131\u00e7rama tahtas\u0131d\u0131r: her yeni kelime, basit ve kendili\u011finden geli\u015fen konu\u015fmalara kap\u0131 a\u00e7ar. fle.re&rsquo;de, \u00e7evrenizdekilerle daha kolay konu\u015fma, okuduklar\u0131n\u0131z\u0131 veya duyduklar\u0131n\u0131z\u0131 daha iyi anlama arzusunu anl\u0131yoruz, hatta g\u00fcnl\u00fck hayatta bile. Pratik, somut ve bir konu\u015fmada t\u00fcm fark\u0131 yarat\u0131yor. G\u00fcnl\u00fck kelime da\u011farc\u0131\u011f\u0131 \u00fczerinde \u00e7al\u0131\u015fmak, fikirleri ifade etmek, sorular sormak ve do\u011fru cevaplar vermek i\u00e7in sa\u011flam bir temel edinmenizi sa\u011flar. Her g\u00fcn birka\u00e7 dakika ay\u0131rarak yeni kelimeler \u00f6\u011frenmenin, birka\u00e7 c\u00fcmle okuman\u0131n veya bir podcast dinlemenin \u00e7ok daha h\u0131zl\u0131 ilerlemenize yard\u0131mc\u0131 olaca\u011f\u0131n\u0131 \u00e7abucak fark edeceksiniz. Bir yeme\u011fin, bir nesnenin ad\u0131n\u0131 veya bir kafede kullan\u0131lmas\u0131 gereken do\u011fru ifadeyi hat\u0131rlamak m\u0131? An\u0131nda daha kolay hale gelir ve \u00f6zg\u00fcveninizi art\u0131r\u0131r! Platformumuzda, ihtiya\u00e7lar\u0131n\u0131za ve g\u00fcnl\u00fck ya\u015fam\u0131n\u0131za g\u00f6re uyarlanm\u0131\u015f somut, etkili y\u00f6ntemlere odaklan\u0131yoruz. <strong><\/strong>Kelime da\u011farc\u0131\u011f\u0131n\u0131z\u0131 zenginle\u015ftirmek, dili her ge\u00e7en g\u00fcn daha canl\u0131 hale getirir. <strong>Frans\u0131zcan\u0131z\u0131n ger\u00e7ekten geli\u015fti\u011fini g\u00f6rmeye haz\u0131r m\u0131s\u0131n\u0131z?<\/strong>\n<\/p>\n\n\n\n<p class=\"wp-block-paragraph\">\nKendinizi s\u00f6zl\u00fc olarak daha iyi ifade etmek i\u00e7in hangi fiilleri ve g\u00fcnl\u00fck kelimeleri \u00f6\u011frenmelisiniz? <strong><\/strong> Frans\u0131zca dinleme ve konu\u015fma becerilerinizde A2 seviyesine do\u011fru ilerlemek i\u00e7in, <i>baz\u0131 yayg\u0131n fiilleri ve g\u00fcnl\u00fck kelimeleri ezberlemek \u00e7ok \u00f6nemlidir. Ba\u015fkalar\u0131yla konu\u015furken ger\u00e7ekten net c\u00fcmleler kurmak istiyorsan\u0131z,<\/i> aller (gitmek), vouloir (istemek), pouvoir (yapabilmek), devoir (yapmak zorunda olmak), savoir (bilmek) ve prendre (almak) gibi fiilleri kullanmay\u0131 d\u00fc\u015f\u00fcn\u00fcn.\n<\/p>\n\n\n\n<p class=\"wp-block-paragraph\">\n <i>Bunlar ger\u00e7ekten de basit etkile\u015fimlerin temel ta\u015flar\u0131d\u0131r. \u00d6rne\u011fin, \u00ab\u00a0Je vais au march\u00e9\u00a0\u00bb (Pazara gidiyorum) veya \u00ab\u00a0Je peux t&rsquo;aider\u00a0\u00bb (Sana yard\u0131m edebilirim). Bu fiiller her yerde, konu\u015fmalarda, yard\u0131m taleplerinde veya hatta fikrinizi belirtirken kar\u015f\u0131m\u0131za \u00e7\u0131kar.<\/i> \n<\/p>\n\n\n\n<div id=\"ez-toc-container\" class=\"ez-toc-v2_0_82_2 ez-toc-wrap-center counter-hierarchy ez-toc-counter ez-toc-transparent ez-toc-container-direction\">\n<div class=\"ez-toc-title-container\">\n<p class=\"ez-toc-title\" style=\"cursor:inherit\">Sommaire<\/p>\n<span class=\"ez-toc-title-toggle\"><a href=\"#\" class=\"ez-toc-pull-right ez-toc-btn ez-toc-btn-xs ez-toc-btn-default ez-toc-toggle\" aria-label=\"Toggle Table of Content\"><span class=\"ez-toc-js-icon-con\"><span class=\"\"><span class=\"eztoc-hide\" style=\"display:none;\">Toggle<\/span><span class=\"ez-toc-icon-toggle-span\"><svg style=\"fill: #999;color:#999\" xmlns=\"http:\/\/www.w3.org\/2000\/svg\" class=\"list-377408\" width=\"20px\" height=\"20px\" viewBox=\"0 0 24 24\" fill=\"none\"><path d=\"M6 6H4v2h2V6zm14 0H8v2h12V6zM4 11h2v2H4v-2zm16 0H8v2h12v-2zM4 16h2v2H4v-2zm16 0H8v2h12v-2z\" fill=\"currentColor\"><\/path><\/svg><svg style=\"fill: #999;color:#999\" class=\"arrow-unsorted-368013\" xmlns=\"http:\/\/www.w3.org\/2000\/svg\" width=\"10px\" height=\"10px\" viewBox=\"0 0 24 24\" version=\"1.2\" baseProfile=\"tiny\"><path d=\"M18.2 9.3l-6.2-6.3-6.2 6.3c-.2.2-.3.4-.3.7s.1.5.3.7c.2.2.4.3.7.3h11c.3 0 .5-.1.7-.3.2-.2.3-.5.3-.7s-.1-.5-.3-.7zM5.8 14.7l6.2 6.3 6.2-6.3c.2-.2.3-.5.3-.7s-.1-.5-.3-.7c-.2-.2-.4-.3-.7-.3h-11c-.3 0-.5.1-.7.3-.2.2-.3.5-.3.7s.1.5.3.7z\"\/><\/svg><\/span><\/span><\/span><\/a><\/span><\/div>\n<nav><ul class='ez-toc-list ez-toc-list-level-1 eztoc-toggle-hide-by-default' ><li class='ez-toc-page-1 ez-toc-heading-level-2'><a class=\"ez-toc-link ez-toc-heading-1\" href=\"https:\/\/www.fle.re\/blog\/tr\/fransizca-a2-kelime-dagarcigini-zenginlestirme\/#Gunluk_dilde_kullanilan_kelimelere_gelince_ornegin\" >G\u00fcnl\u00fck dilde kullan\u0131lan kelimelere gelince; \u00f6rne\u011fin:<\/a><\/li><li class='ez-toc-page-1 ez-toc-heading-level-2'><a class=\"ez-toc-link ez-toc-heading-2\" href=\"https:\/\/www.fle.re\/blog\/tr\/fransizca-a2-kelime-dagarcigini-zenginlestirme\/#Gercekten_ilerleme_kaydetmek_icin_gunluk_hayatiniza_entegre_edebileceginiz_A2_Fransizca_kelime_dagarciginin_somut_orneklerinden_daha_iyisi_yoktur_Hazir_kaliplar_kullanmanin_kendiliginden_yanit_vermenize_ve_gunluk_durumlarda_kendinizi_daha_rahat_hissetmenize_yardimci_olacagini_goreceksiniz_Iste_elinizin_altinda_bulundurabileceginiz_kullanisli_bir_ozet_tablo\" >Ger\u00e7ekten ilerleme kaydetmek i\u00e7in, g\u00fcnl\u00fck hayat\u0131n\u0131za entegre edebilece\u011finiz A2 Frans\u0131zca kelime da\u011farc\u0131\u011f\u0131n\u0131n somut \u00f6rneklerinden daha iyisi yoktur. Haz\u0131r kal\u0131plar kullanman\u0131n, kendili\u011finden yan\u0131t vermenize ve g\u00fcnl\u00fck durumlarda kendinizi daha rahat hissetmenize yard\u0131mc\u0131 olaca\u011f\u0131n\u0131 g\u00f6receksiniz. \u0130\u015fte elinizin alt\u0131nda bulundurabilece\u011finiz kullan\u0131\u015fl\u0131 bir \u00f6zet tablo:<\/a><\/li><li class='ez-toc-page-1 ez-toc-heading-level-2'><a class=\"ez-toc-link ez-toc-heading-3\" href=\"https:\/\/www.fle.re\/blog\/tr\/fransizca-a2-kelime-dagarcigini-zenginlestirme\/#Hayal_kurmak_asik_olmak\" >Hayal kurmak, a\u015f\u0131k olmak<\/a><\/li><li class='ez-toc-page-1 ez-toc-heading-level-2'><a class=\"ez-toc-link ez-toc-heading-4\" href=\"https:\/\/www.fle.re\/blog\/tr\/fransizca-a2-kelime-dagarcigini-zenginlestirme\/#Sonuc\" >Sonu\u00e7<\/a><\/li><li class='ez-toc-page-1 ez-toc-heading-level-2'><a class=\"ez-toc-link ez-toc-heading-5\" href=\"https:\/\/www.fle.re\/blog\/tr\/fransizca-a2-kelime-dagarcigini-zenginlestirme\/#Gunluk_olarak_yeni_kelimeleri_cesitli_aktivitelere_entegre_etmek_onerilir_Duzenli_olarak_pratik_yapmak_icin_kelime_kartlari_kullanin_ve_yeni_ogrendiginiz_kelimelerle_her_gun_basit_cumleler_yazmaya_calisin_Konusma_pratigi_yapmak_icin_bir_konusma_grubuna_katilin_veya_cevrimici_dil_degisimlerine_katilin_Kisa_makaleler_okumak_veya_uygun_podcastleri_dinlemek_yeni_kelimeleri_baglam_icinde_duymaniza_ve_bulmaniza_olanak_tanir_Son_olarak_kelime_bilgisine_eglenceli_ve_aktif_bir_yaklasim_icin_Scrabble_veya_bulmaca_gibi_kelime_oyunlari_oynayin_bu_da_daha_iyi_ezberlemeyi_tesvik_eder\" >G\u00fcnl\u00fck olarak, yeni kelimeleri \u00e7e\u015fitli aktivitelere entegre etmek \u00f6nerilir. D\u00fczenli olarak pratik yapmak i\u00e7in kelime kartlar\u0131 kullan\u0131n ve yeni \u00f6\u011frendi\u011finiz kelimelerle her g\u00fcn basit c\u00fcmleler yazmaya \u00e7al\u0131\u015f\u0131n. Konu\u015fma prati\u011fi yapmak i\u00e7in bir konu\u015fma grubuna kat\u0131l\u0131n veya \u00e7evrimi\u00e7i dil de\u011fi\u015fimlerine kat\u0131l\u0131n. K\u0131sa makaleler okumak veya uygun podcast&rsquo;leri dinlemek, yeni kelimeleri ba\u011flam i\u00e7inde duyman\u0131za ve bulman\u0131za olanak tan\u0131r. Son olarak, kelime bilgisine e\u011flenceli ve aktif bir yakla\u015f\u0131m i\u00e7in Scrabble veya bulmaca gibi kelime oyunlar\u0131 oynay\u0131n; bu da daha iyi ezberlemeyi te\u015fvik eder.<\/a><\/li><li class='ez-toc-page-1 ez-toc-heading-level-2'><a class=\"ez-toc-link ez-toc-heading-6\" href=\"https:\/\/www.fle.re\/blog\/tr\/fransizca-a2-kelime-dagarcigini-zenginlestirme\/#Uluslararasi_Pedagojik_Calismalar_Merkezi_CIEP_%E2%80%9CDELF_A2_Referans_Cercevesi%E2%80%9D_Fransa_Egitim_Uluslararasi_2_Mayis_2023_Erisim_tarihi_10_Haziran_2024\" >Uluslararas\u0131 Pedagojik \u00c7al\u0131\u015fmalar Merkezi (CIEP). \u201cDELF A2 Referans \u00c7er\u00e7evesi.\u201d Fransa E\u011fitim Uluslararas\u0131, 2 May\u0131s 2023. Eri\u015fim tarihi: 10 Haziran 2024.<\/a><\/li><\/ul><\/nav><\/div>\n<h2 class=\"wp-block-heading\"><span class=\"ez-toc-section\" id=\"Gunluk_dilde_kullanilan_kelimelere_gelince_ornegin\"><\/span>G\u00fcnl\u00fck dilde kullan\u0131lan kelimelere gelince; \u00f6rne\u011fin:<span class=\"ez-toc-section-end\"><\/span><\/h2>\n\n\n\n<p class=\"wp-block-paragraph\">\nmaison (ev), <strong>\u00e9cole (okul),<\/strong>travail (i\u015f), <strong>ville (\u015fehir),<\/strong>amis (arkada\u015flar) veya<\/p>\n\n\n\n<p class=\"wp-block-paragraph\">\nfamille (aile). <strong>Bunlar, stres ya\u015famadan g\u00fcn\u00fcn\u00fcz\u00fc anlatman\u0131za veya kendinizden bahsetmenize zaten olanak tan\u0131yacak. Buna temel s\u0131fatlar eklerseniz\u2014\u00f6rne\u011fin<\/strong>b\u00fcy\u00fck, <strong>k\u0131sa ve<\/strong>g\u00fczel\u2014ne hakk\u0131nda konu\u015ftu\u011funuzu belirtmi\u015f olursunuz. Bu, c\u00fcmlelerinize an\u0131nda daha incelikli bir dokunu\u015f katar. Karma\u015f\u0131k bir dil kullanman\u0131za gerek yok; sadece bu temel kelimeleri s\u0131k s\u0131k kullanarak do\u011fal olarak hat\u0131rlay\u0131n. Ayr\u0131ca, kelimelerin seslerine ve g\u00fcnl\u00fck kullan\u0131m\u0131na al\u0131\u015fmak i\u00e7in Frans\u0131zca sesli diktelerle pratik yapmay\u0131 d\u00fc\u015f\u00fcn\u00fcn. Bir \u00f6\u011fretmenden k\u00fc\u00e7\u00fck bir ipucu: Kelimeleri c\u00fcmlelerde kullanmay\u0131 pratik etmek i\u00e7in g\u00fcn\u00fcn\u00fcz\u00fc y\u00fcksek sesle, hatta yaln\u0131z ba\u015f\u0131n\u0131za anlatmay\u0131 deneyin. Frans\u0131zca konu\u015fman\u0131z\u0131 geli\u015ftirmenin ger\u00e7ek yolu budur; k\u00fc\u00e7\u00fck g\u00fcnl\u00fck egzersizlerle, bask\u0131 olmadan. <i>Peki, kelime da\u011farc\u0131\u011f\u0131n\u0131z\u0131 kolayca zenginle\u015ftirmek i\u00e7in hangi y\u00f6ntemleri kullanabilirsiniz? Ba\u011flam olmadan kelimeleri ezberlemek herkes i\u00e7in i\u015fe yaramaz. Bilginizi zenginle\u015ftirmek i\u00e7in \u00e7ok daha etkili ve e\u011flenceli yollar vard\u0131r. Roman hayran\u0131 olmasan\u0131z bile, d\u00fczenli olarak Frans\u0131zca okumak ger\u00e7ekten faydal\u0131 bir y\u00f6ntem olmaya devam ediyor. Tren istasyonundaki \u00fccretsiz gazete veya sizi ilgilendiren bir konu hakk\u0131nda bir blog i\u015finizi m\u00fckemmel bir \u015fekilde g\u00f6recektir. S\u0131rr\u0131 ne mi? \u0130lham veren \u015feyleri okuyun ve yeni kelimeler not al\u0131n! Dinlemeyi sevenler i\u00e7in, g\u00fcnl\u00fck i\u015fe gidip gelirken veya evde temizlik yaparken Frans\u0131zca podcast&rsquo;lere veya sesli kitaplara y\u00f6nelmek uygundur. Yeni ba\u015flayanlar da Frans\u0131zcan\u0131n m\u00fczikalitesine al\u0131\u015fmak i\u00e7in dinlemeyi \u00e7ok faydal\u0131 bulmaktad\u0131r.<\/i>Kelime bilgisini ba\u011flamland\u0131rmak i\u00e7in k\u0131sa makaleler okuyun veya temal\u0131 podcast&rsquo;ler dinleyin. <strong>\u00d6nce altyaz\u0131l\u0131, sonra altyaz\u0131s\u0131z Frans\u0131zca filmler ve diziler izleyin.<\/strong>Mobil uygulamalar veya \u00f6zel web siteleri kullanarak g\u00fcnde bir kelime \u00f6\u011frenin. <strong>Tart\u0131\u015fma gruplar\u0131na, dil de\u011fi\u015fimlerine veya \u00e7evrimi\u00e7i forumlara kat\u0131l\u0131n. Kendi haz\u0131rlad\u0131\u011f\u0131n\u0131z kelime kartlar\u0131yla veya Anki veya Quizlet gibi uygulamalarla tekrar yap\u0131n.<\/strong> Deyimler ve ba\u011fla\u00e7lar konu\u015fmay\u0131 nas\u0131l kolayla\u015ft\u0131r\u0131r? <strong>Frans\u0131zca deyimleri kullanmadan ger\u00e7ekten ak\u0131c\u0131 bir \u015fekilde konu\u015famazs\u0131n\u0131z.<\/strong>  <strong>Konu\u015fmalar\u0131n\u0131za derinlik katarlar ve dilin otantik tarz\u0131yla ba\u011flant\u0131 kurman\u0131z\u0131 sa\u011flarlar. \u00d6rne\u011fin, \u00fcz\u00fcnt\u00fcy\u00fc ifade etmek i\u00e7in \u00ab\u00a0avoir le cafard\u00a0\u00bb demek, sadece \u00ab\u00a0je suis triste\u00a0\u00bb demekten \u00e7ok daha do\u011fald\u0131r. Dahas\u0131, \u00ab\u00a0\u00eatre dans la lune\u00a0\u00bb veya \u00ab\u00a0faire la grasse matin\u00e9e\u00a0\u00bb ifadelerini ofisten aile ortam\u0131na kadar \u00e7ok \u00e7e\u015fitli ba\u011flamlarda duyar\u0131z. Bu g\u00fcnl\u00fck ifadeleri ne kadar \u00e7ok tan\u0131r ve kullan\u0131rsan\u0131z, sesiniz Frans\u0131zca konu\u015fanlar i\u00e7in o kadar do\u011fal gelecektir.<\/strong> <strong>Benzer \u015fekilde, \u00ab\u00a0et,\u00a0\u00bb \u00ab\u00a0mais,\u00a0\u00bb \u00ab\u00a0donc,\u00a0\u00bb \u00ab\u00a0parce que\u00a0\u00bb veya \u00ab\u00a0pendant\u00a0\u00bb gibi mant\u0131ksal ba\u011fla\u00e7lar kullanmak konu\u015fman\u0131z\u0131n ak\u0131\u015f\u0131n\u0131 tamamen de\u011fi\u015ftirir. Robot gibi g\u00f6r\u00fcnmeden fikirleri ba\u011flar, tart\u0131\u015f\u0131r veya a\u00e7\u0131klars\u0131n\u0131z. \u00d6rne\u011fin, \u00ab\u00a0\u00c7ikolata ve vanilyay\u0131 severim, ama f\u0131st\u0131\u011f\u0131 tercih ederim\u00a0\u00bb c\u00fcmlesinde fark\u0131 yaratan ba\u011fla\u00e7t\u0131r. Bunlar\u0131 \u00f6\u011frenmek i\u00e7in ipu\u00e7lar\u0131m neler? Bu kelimeleri masan\u0131za, ekran\u0131n\u0131za veya hatta mutfa\u011fa yap\u0131\u015ft\u0131r\u0131lm\u0131\u015f k\u00fc\u00e7\u00fck ka\u011f\u0131t par\u00e7alar\u0131na yaz\u0131n. Kelimeleri s\u0131k s\u0131k g\u00f6r\u00fcrs\u00fcn\u00fcz, kullan\u0131rs\u0131n\u0131z ve i\u015fte, hat\u0131rlars\u0131n\u0131z. A2 seviyesinden itibaren bu ifadeleri m\u00fckemmel bir \u015fekilde ay\u0131rt etmek, \u00f6zellikle daha karma\u015f\u0131k c\u00fcmlelerle ba\u015fa \u00e7\u0131kmak ve fikrinizi kolayca ifade etmek i\u00e7in, sonraki a\u015famalara m\u00fckemmel bir haz\u0131rl\u0131kt\u0131r.<\/strong> <strong>G\u00fcnl\u00fck olarak kelime bilginizi g\u00f6zden ge\u00e7irmek i\u00e7in hangi pratik ara\u00e7lar\u0131 ve ipu\u00e7lar\u0131n\u0131 kullanabilirsiniz?<\/strong>A2 Frans\u0131zca kelime bilgisini haf\u0131zan\u0131za h\u0131zl\u0131 bir \u015fekilde entegre etmek i\u00e7in basit stratejiler vard\u0131r. Kelime kartlar\u0131 kullan\u0131n. <strong>\u0130ster elle ister uygulamalarla yap\u0131ls\u0131n, bu eski bir refleks\u2026 ama inan\u0131lmaz derecede etkili! Bir kelimeyi yaz\u0131p tekrar yazd\u0131\u011f\u0131n\u0131zda, onu daha iyi ezberlersiniz. \u00d6nemli olan, kelime ba\u011flam i\u00e7inde ikinci do\u011fan\u0131z haline gelene kadar ayn\u0131 kelime kartlar\u0131n\u0131 d\u00fczenli olarak g\u00f6zden ge\u00e7irmektir.<\/strong>  <a href=\"https:\/\/www.fle.re\/blog\/dictees-audio-francaises\/\">Geli\u015firken e\u011flenmek i\u00e7in kelime oyunlar\u0131n\u0131 deneyin: Scrabble, bulmacalar veya hatta mobil bilgi yar\u0131\u015fmas\u0131 uygulamalar\u0131. Bu oyunlar haf\u0131zan\u0131z\u0131 uyar\u0131r ve do\u011fru zamanda do\u011fru kelimeyi bulman\u0131z gereken durumlara sokar. YouTube videolar\u0131 izlemek veya blog okumak da \u00e7ok etkilidir. Asla s\u0131k\u0131lmazs\u0131n\u0131z, sevdi\u011finizi se\u00e7ersiniz ve her seferinde ger\u00e7ek hayattaki durumlarda otantik ifadeler ve kelime da\u011farc\u0131\u011f\u0131 ke\u015ffedersiniz. Kendinizi test etmek ister misiniz? Platformumuzdaki \u00fccretsiz Frans\u0131zca seviye testi, ilerlemenizi \u00f6l\u00e7menize, iyile\u015ftirme alanlar\u0131n\u0131 belirlemenize ve bir sonraki hedeflerinizi belirlemenize yard\u0131mc\u0131 olacakt\u0131r. A2 seviyesinde kullan\u0131\u015fl\u0131 kelimelerin, ifadelerin ve deyimlerin somut \u00f6rnekleri nelerdir?<\/a> \n<\/p>\n\n\n\n<h2 class=\"wp-block-heading\"><span class=\"ez-toc-section\" id=\"Gercekten_ilerleme_kaydetmek_icin_gunluk_hayatiniza_entegre_edebileceginiz_A2_Fransizca_kelime_dagarciginin_somut_orneklerinden_daha_iyisi_yoktur_Hazir_kaliplar_kullanmanin_kendiliginden_yanit_vermenize_ve_gunluk_durumlarda_kendinizi_daha_rahat_hissetmenize_yardimci_olacagini_goreceksiniz_Iste_elinizin_altinda_bulundurabileceginiz_kullanisli_bir_ozet_tablo\"><\/span>Ger\u00e7ekten ilerleme kaydetmek i\u00e7in, g\u00fcnl\u00fck hayat\u0131n\u0131za entegre edebilece\u011finiz A2 Frans\u0131zca kelime da\u011farc\u0131\u011f\u0131n\u0131n somut \u00f6rneklerinden daha iyisi yoktur. Haz\u0131r kal\u0131plar kullanman\u0131n, kendili\u011finden yan\u0131t vermenize ve g\u00fcnl\u00fck durumlarda kendinizi daha rahat hissetmenize yard\u0131mc\u0131 olaca\u011f\u0131n\u0131 g\u00f6receksiniz. \u0130\u015fte elinizin alt\u0131nda bulundurabilece\u011finiz kullan\u0131\u015fl\u0131 bir \u00f6zet tablo:<span class=\"ez-toc-section-end\"><\/span><\/h2>\n\n\n\n<p class=\"wp-block-paragraph\">\nYayg\u0131n Fiiller <strong>Deyimsel \u0130fadeler<\/strong> Yayg\u0131n \u0130fadeler\n<\/p>\n\n\n\n<ul class=\"wp-block-list\">\n<li>Gitmek, istemek, zorunda olmak<\/li>\n\n\n\n<li>K\u00f6t\u00fc hissetmek, ge\u00e7 uyumak<\/li>\n\n\n\n<li>Nas\u0131ls\u0131n?<\/li>\n\n\n\n<li>Nerede&#8230;?<\/li>\n\n\n\n<li>Almak, bilmek, yapabilmek<\/li>\n<\/ul>\n\n\n\n<h2 class=\"wp-block-heading\"><span class=\"ez-toc-section\" id=\"Hayal_kurmak_asik_olmak\"><\/span>Hayal kurmak, a\u015f\u0131k olmak<span class=\"ez-toc-section-end\"><\/span><\/h2>\n\n\n\n<p class=\"wp-block-paragraph\">\nAd\u0131m&#8230;, Anlam\u0131yorum <strong>Olmak, sahip olmak, gelmek<\/strong>Ge\u00e7imini sa\u011flamak<\/p>\n\n\n\n<p class=\"wp-block-paragraph\"><i>Bana yard\u0131m edebilir misin?, Ne kadar tutuyor?<\/i>\n<\/p>\n\n\n\n<p class=\"wp-block-paragraph\">\nHer konu\u015fmada, her zaman birka\u00e7 temel s\u0131fat (b\u00fcy\u00fck, k\u00fc\u00e7\u00fck, eski, yeni, g\u00fczel, iyi) ve birka\u00e7 zarf eklemeyi unutmay\u0131n. <strong>S\u0131kl\u0131\u011f\u0131 veya niteli\u011fi g\u00f6steren (iyi, k\u00f6t\u00fc, her zaman, asla, zaten, tekrar) k\u00fc\u00e7\u00fck bir p\u00fcf noktas\u0131d\u0131r bu. G\u00fcnl\u00fck hayattaki her durumda anlama ve anla\u015f\u0131lma konusunda fark yaratan \u015fey budur.<\/strong> \n<\/p>\n\n\n\n<h2 class=\"wp-block-heading\"><span class=\"ez-toc-section\" id=\"Sonuc\"><\/span>Sonu\u00e7<span class=\"ez-toc-section-end\"><\/span><\/h2>\n\n\n\n<p class=\"wp-block-paragraph\">\nFrans\u0131zca kelime da\u011farc\u0131\u011f\u0131n\u0131z\u0131 (A2 seviyesi) zenginle\u015ftirmek her \u015feyden \u00f6nce her g\u00fcn pratik yapmaya cesaret etmek, okumaya, konu\u015fmalar\u0131 dinlemeye ve tart\u0131\u015fmalara aktif olarak kat\u0131lmaya a\u00e7\u0131k olmakla ilgilidir. Herkes kendi h\u0131z\u0131nda ilerler, bu nedenle hata yapmaktan korkmadan kolayca \u00f6\u011frenmenize izin verin. Yeni kelimeler ke\u015ffetmenin ve bunlar\u0131 \u00e7e\u015fitli ba\u011flamlarda kullanman\u0131n tad\u0131n\u0131 \u00e7\u0131kar\u0131n. <strong>Frans\u0131zca konu\u015fmak ve yazmak, yava\u015f yava\u015f \u00f6zg\u00fcven ve kendili\u011findenlik kazanmak anlam\u0131na gelir. Basit okumalar, podcast&rsquo;ler, diziler veya hatta kelime oyunlar\u0131 gibi y\u00f6ntemler, d\u00fczenli olarak tekrarlarsan\u0131z ger\u00e7ekten i\u015fe yarar. Her zaman bir s\u00f6zl\u00fck veya uygulama elinizin alt\u0131nda bulundurun; bu, kar\u015f\u0131la\u015ft\u0131\u011f\u0131n\u0131z terimleri kal\u0131c\u0131 olarak hat\u0131rlaman\u0131za yard\u0131mc\u0131 olacakt\u0131r.<\/strong> Unutmay\u0131n, her g\u00fcn \u00f6nemlidir. \u00d6\u011frenme asla bir anda olmaz, daha ziyade kar\u015f\u0131la\u015fmalar ve deneyimler yoluyla ger\u00e7ekle\u015fir. Soru sormaya cesaret edin, hatalar\u0131n\u0131za g\u00fcl\u00fcn, ilerlemenizi payla\u015f\u0131n \u2013 herkes bu \u015fekilde ilerler ve Frans\u0131zcay\u0131 uzun vadede canl\u0131 ve eri\u015filebilir hale getirir. <strong><\/strong> Frans\u0131zca A2: Kelime Bilgisini Zenginle\u015ftirme \u0130\u00e7in Hangi \u00c7evrimi\u00e7i Kaynaklar Mevcuttur?\n<\/p>\n\n\n\n<p class=\"wp-block-paragraph\">\n <strong>Frans\u0131zca A2: kelime bilgisini zenginle\u015ftirmek i\u00e7in, bu seviyeye uygun bir\u00e7ok \u00fccretsiz \u00e7evrimi\u00e7i kaynak bulunmaktad\u0131r. \u00d6rnek olarak, yeni ba\u015flayanlar i\u00e7in Frans\u0131zca kelime bilgisi k\u0131lavuzu gibi \u00f6zel web siteleri verilebilir. Duolingo, Babbel, Memrise veya Anki gibi mobil uygulamalar, g\u00fcnde bir kelime \u00f6\u011frenmenize veya bilgi kartlar\u0131 kullanarak tekrar yapman\u0131za olanak tan\u0131r. Ayr\u0131ca, kelime bilgisini ba\u011flam i\u00e7inde duymak i\u00e7in A2 seviyesine \u00f6zel videolar\u0131 ve podcast&rsquo;leri \u00f6nceliklendirin. Son olarak, bu \u00e7evrimi\u00e7i Frans\u0131zca kurs sayfas\u0131 gibi di\u011fer platformlar etkile\u015fimli al\u0131\u015ft\u0131rmalar sunmaktad\u0131r.<\/strong> Yeni terimlerin ezberlenmesini ve kullan\u0131m\u0131n\u0131 peki\u015ftirmek i\u00e7in kelime listeleri ve testler de dahil olmak \u00fczere \u00e7e\u015fitli y\u00f6ntemler kullan\u0131labilir. <i><\/i> A2 seviyesinde g\u00fcnl\u00fck kelime bilgisi nas\u0131l \u00e7al\u0131\u015f\u0131l\u0131r? <a href=\"https:\/\/www.fle.re\/blog\/test-niveau-francais-gratuit\/\"><\/a> Frans\u0131zca A2 i\u00e7in: kelime bilgisini zenginle\u015ftirme\n<\/p>\n\n\n\n<h2 class=\"wp-block-heading\"><span class=\"ez-toc-section\" id=\"Gunluk_olarak_yeni_kelimeleri_cesitli_aktivitelere_entegre_etmek_onerilir_Duzenli_olarak_pratik_yapmak_icin_kelime_kartlari_kullanin_ve_yeni_ogrendiginiz_kelimelerle_her_gun_basit_cumleler_yazmaya_calisin_Konusma_pratigi_yapmak_icin_bir_konusma_grubuna_katilin_veya_cevrimici_dil_degisimlerine_katilin_Kisa_makaleler_okumak_veya_uygun_podcastleri_dinlemek_yeni_kelimeleri_baglam_icinde_duymaniza_ve_bulmaniza_olanak_tanir_Son_olarak_kelime_bilgisine_eglenceli_ve_aktif_bir_yaklasim_icin_Scrabble_veya_bulmaca_gibi_kelime_oyunlari_oynayin_bu_da_daha_iyi_ezberlemeyi_tesvik_eder\"><\/span>G\u00fcnl\u00fck olarak, yeni kelimeleri \u00e7e\u015fitli aktivitelere entegre etmek \u00f6nerilir. D\u00fczenli olarak pratik yapmak i\u00e7in kelime kartlar\u0131 kullan\u0131n ve yeni \u00f6\u011frendi\u011finiz kelimelerle her g\u00fcn basit c\u00fcmleler yazmaya \u00e7al\u0131\u015f\u0131n. Konu\u015fma prati\u011fi yapmak i\u00e7in bir konu\u015fma grubuna kat\u0131l\u0131n veya \u00e7evrimi\u00e7i dil de\u011fi\u015fimlerine kat\u0131l\u0131n. K\u0131sa makaleler okumak veya uygun podcast&rsquo;leri dinlemek, yeni kelimeleri ba\u011flam i\u00e7inde duyman\u0131za ve bulman\u0131za olanak tan\u0131r. Son olarak, kelime bilgisine e\u011flenceli ve aktif bir yakla\u015f\u0131m i\u00e7in Scrabble veya bulmaca gibi kelime oyunlar\u0131 oynay\u0131n; bu da daha iyi ezberlemeyi te\u015fvik eder.<span class=\"ez-toc-section-end\"><\/span><\/h2>\n\n\n\n<p class=\"wp-block-paragraph\">\n <strong>Frans\u0131zca A2 i\u00e7in hangi t\u00fcr kelimeleri \u00f6\u011frenmelisiniz: kelime bilgisini zenginle\u015ftirme?<\/strong> \n<\/p>\n\n\n\n<figure class=\"wp-block-table\"><table><thead><tr><th><strong>Frans\u0131zca A2: Kelime Bilgisini Zenginle\u015ftirme<\/strong><\/th><th><strong><\/strong><\/th><th><strong>G\u00fcnl\u00fck hayatta faydal\u0131 kelimelere odaklan\u0131n: s\u0131k kullan\u0131lan fiiller (aller, vouloir, prendre), genel isimler (maison, \u00e9cole, amis), s\u0131fatlar (grand, petit, bon), zarflar (bien, toujours, d\u00e9j\u00e0) ve edatlar (\u00e0, avec, dans). \u00c7e\u015fitli durumlarda daha kolay etkile\u015fim kurmak i\u00e7in basit deyimler ve g\u00fcnl\u00fck ifadeler ekleyin. Basit konu\u015fmalarda veya yaz\u0131larda fikirlerinizi ifade etmek ve geli\u015ftirmek i\u00e7in mant\u0131ksal ba\u011fla\u00e7larla (mais, donc, parce que) kelime da\u011farc\u0131\u011f\u0131n\u0131z\u0131 kademeli olarak zenginle\u015ftirin.<\/strong><\/th><\/tr><\/thead><tbody><tr><td><\/td><td>Frans\u0131zca A2 kelimelerini uzun vadede nas\u0131l ezberleyebilirim?<\/td><td><\/td><\/tr><tr><td>Frans\u0131zca A2 kelimelerini uzun vadede nas\u0131l koruyabilirim?<\/td><td>Uygulamalar veya bilgi kartlar\u0131yla aral\u0131kl\u0131 tekrar y\u00f6ntemini kullanmak etkilidir. D\u00fczenli olarak hem s\u00f6zl\u00fc hem de yaz\u0131l\u0131 olarak pratik yap\u0131n ve her yeni kelimeyi ger\u00e7ek bir c\u00fcmlede veya konu\u015fmada kullanmaya \u00e7al\u0131\u015f\u0131n. \u00c7oklu duyusal y\u00f6n de yard\u0131mc\u0131 olur: her kelimeyi dinlemek, yazmak, okumak ve s\u00f6ylemek ezberlemeyi te\u015fvik eder. Kullan\u0131m ba\u011flamlar\u0131n\u0131 \u00e7e\u015fitlendirin, \u00f6rne\u011fin k\u0131sa diyaloglar yazarak veya kelime oyunlar\u0131 oynayarak. Notlar\u0131n\u0131z\u0131 veya bilgi kartlar\u0131n\u0131z\u0131 s\u0131k s\u0131k g\u00f6zden ge\u00e7irmek de kelime bilgisini daha h\u0131zl\u0131 hat\u0131rlaman\u0131z\u0131 sa\u011flar.<\/td><td><\/td><\/tr><tr><td>Frans\u0131zca A2 seviyesinde ka\u00e7 kelime bilmeniz gerekiyor?<\/td><td><\/td><td>Frans\u0131zca A2 seviyesinde, \u00e7o\u011fu g\u00fcnl\u00fck durumda idare etmek i\u00e7in yakla\u015f\u0131k 1.000 ila 1.500 yayg\u0131n kelimeye hakim olman\u0131z \u00f6nerilir. Bu temel kelime da\u011farc\u0131\u011f\u0131, en s\u0131k kullan\u0131lan fiilleri, yayg\u0131n olarak kar\u015f\u0131la\u015f\u0131lan bir dizi ismi, s\u0131fat\u0131, zarf\u0131 ve edat\u0131 i\u00e7erir. Temel deyimleri ve ba\u011fla\u00e7lar\u0131 bilmek de c\u00fcmleleri daha iyi yap\u0131land\u0131rmaya yard\u0131mc\u0131 olur. Okuma, dinleme ve tart\u0131\u015fmalara kat\u0131lma yoluyla kelime da\u011farc\u0131\u011f\u0131n\u0131z kademeli olarak geni\u015fleyecek ve b\u00f6ylece B1 seviyesine ge\u00e7i\u015fi kolayla\u015ft\u0131racakt\u0131r.<\/td><\/tr><\/tbody><\/table><\/figure>\n\n\n\n<p class=\"wp-block-paragraph\">\n <strong>Kaynaklar<\/strong> Avrupa ve D\u0131\u015fi\u015fleri Bakanl\u0131\u011f\u0131. \u201cFrans\u0131zca \u00d6\u011frenme.\u201d Fransa Diplomasi, tarihsiz. Eri\u015fim tarihi: 10 Haziran 2024. <strong><\/strong> Ayr\u0131ca bak\u0131n\u0131z:\n<\/p>\n\n\n\n<h2 class=\"wp-block-heading\"><span class=\"ez-toc-section\" id=\"Uluslararasi_Pedagojik_Calismalar_Merkezi_CIEP_%E2%80%9CDELF_A2_Referans_Cercevesi%E2%80%9D_Fransa_Egitim_Uluslararasi_2_Mayis_2023_Erisim_tarihi_10_Haziran_2024\"><\/span>Uluslararas\u0131 Pedagojik \u00c7al\u0131\u015fmalar Merkezi (CIEP). \u201cDELF A2 Referans \u00c7er\u00e7evesi.\u201d Fransa E\u011fitim Uluslararas\u0131, 2 May\u0131s 2023. Eri\u015fim tarihi: 10 Haziran 2024.<span class=\"ez-toc-section-end\"><\/span><\/h2>\n\n\n\n<p class=\"wp-block-paragraph\">\n <strong>Ayr\u0131ca bak\u0131n\u0131z:<\/strong>Frans\u0131z Akademisi. \u201cTemel Frans\u0131zca Kelime Bilgisi.\u201d Frans\u0131z Akademisi, tarihsiz. Eri\u015fim tarihi: 10 Haziran 2024.\n<\/p>\n\n\n\n<p class=\"wp-block-paragraph\">\n <strong>Ayr\u0131ca bak\u0131n\u0131z:<\/strong> \n<\/p>\n\n\n\n<p class=\"wp-block-paragraph\">\n\n<\/p>\n\n\n\n<p class=\"wp-block-paragraph\"><section class=\"faq\">\n<div>\n<h2><\/h2>\n<div>\n<p> <strong><\/strong> <a href=\"https:\/\/www.fle.re\/blog\/vocabulaire-francais-debutants\/\" target=\"_blank\"><\/a> <a href=\"https:\/\/www.fle.re\/blog\/cours-francais-en-ligne-a1\/\" target=\"_blank\"><\/a><\/p>\n<\/div>\n<\/div>\n<div>\n<h2><\/h2>\n<div>\n<p> <strong><\/strong> <\/p>\n<\/div>\n<\/div>\n<div>\n<h2><\/h2>\n<div>\n<p> <strong><\/strong><\/p>\n<\/div>\n<\/div>\n<div>\n<h2><\/h2>\n<div>\n<p> <strong><\/strong><\/p>\n<\/div>\n<\/div>\n<div>\n<h2><\/h2>\n<div>\n<p> <strong><\/strong><\/p>\n<\/div>\n<\/div>\n<\/section><\/p>\n\n\n\n<h2 class=\"wp-block-heading\"><\/h2>\n\n\n\n<ol class=\"wp-block-list\">\n<li> <a href=\"https:\/\/www.diplomatie.gouv.fr\/fr\/venir-en-france\/apprendre-le-francais\/\" rel=\"nofollow noopener noreferrer\" target=\"_blank\"><\/a><\/li>\n\n\n\n<li> <a href=\"https:\/\/www.france-education-international.fr\/article\/referentiels-delf-dalf\" rel=\"nofollow noopener noreferrer\" target=\"_blank\"><\/a><\/li>\n\n\n\n<li> <a href=\"https:\/\/www.academie-francaise.fr\/le-vocabulaire-essentiel-du-francais\" rel=\"nofollow noopener noreferrer\" target=\"_blank\"><\/a><\/li>\n<\/ol>\n\n","protected":false},"excerpt":{"rendered":"<p>Frans\u0131zca \u00f6\u011freniyorsunuz ve bir \u00e7\u0131kmazda m\u0131 hissediyorsunuz? Frans\u0131zcada A2 seviyesine h\u0131zla ilerlemek i\u00e7in kelime da\u011farc\u0131\u011f\u0131n\u0131z\u0131 geni\u015fletmek ger\u00e7ek bir s\u0131\u00e7rama tahtas\u0131d\u0131r: [&hellip;]<\/p>\n","protected":false},"author":2,"featured_media":416,"comment_status":"open","ping_status":"open","sticky":false,"template":"","format":"standard","meta":{"_crdt_document":"","site-sidebar-layout":"default","site-content-layout":"","ast-site-content-layout":"default","site-content-style":"default","site-sidebar-style":"default","ast-global-header-display":"","ast-banner-title-visibility":"","ast-main-header-display":"","ast-hfb-above-header-display":"","ast-hfb-below-header-display":"","ast-hfb-mobile-header-display":"","site-post-title":"","ast-breadcrumbs-content":"","ast-featured-img":"","footer-sml-layout":"","ast-disable-related-posts":"","theme-transparent-header-meta":"","adv-header-id-meta":"","stick-header-meta":"","header-above-stick-meta":"","header-main-stick-meta":"","header-below-stick-meta":"","astra-migrate-meta-layouts":"default","ast-page-background-enabled":"default","ast-page-background-meta":{"desktop":{"background-color":"var(--ast-global-color-5)","background-image":"","background-repeat":"repeat","background-position":"center center","background-size":"auto","background-attachment":"scroll","background-type":"","background-media":"","overlay-type":"","overlay-color":"","overlay-opacity":"","overlay-gradient":""},"tablet":{"background-color":"","background-image":"","background-repeat":"repeat","background-position":"center center","background-size":"auto","background-attachment":"scroll","background-type":"","background-media":"","overlay-type":"","overlay-color":"","overlay-opacity":"","overlay-gradient":""},"mobile":{"background-color":"","background-image":"","background-repeat":"repeat","background-position":"center center","background-size":"auto","background-attachment":"scroll","background-type":"","background-media":"","overlay-type":"","overlay-color":"","overlay-opacity":"","overlay-gradient":""}},"ast-content-background-meta":{"desktop":{"background-color":"var(--ast-global-color-4)","background-image":"","background-repeat":"repeat","background-position":"center center","background-size":"auto","background-attachment":"scroll","background-type":"","background-media":"","overlay-type":"","overlay-color":"","overlay-opacity":"","overlay-gradient":""},"tablet":{"background-color":"var(--ast-global-color-4)","background-image":"","background-repeat":"repeat","background-position":"center center","background-size":"auto","background-attachment":"scroll","background-type":"","background-media":"","overlay-type":"","overlay-color":"","overlay-opacity":"","overlay-gradient":""},"mobile":{"background-color":"var(--ast-global-color-4)","background-image":"","background-repeat":"repeat","background-position":"center center","background-size":"auto","background-attachment":"scroll","background-type":"","background-media":"","overlay-type":"","overlay-color":"","overlay-opacity":"","overlay-gradient":""}},"footnotes":""},"categories":[708],"tags":[3481,3478,1736,1927,3475],"class_list":["post-1528","post","type-post","status-publish","format-standard","has-post-thumbnail","hentry","category-non-classe-tr","tag-a2-seviyesi-tr","tag-fransiz-a2-tr","tag-fransizca-kelime-bilgisi-tr","tag-fransizca-ogrenmek-tr","tag-kelime-dagarcigini-zenginlestir-tr"],"_links":{"self":[{"href":"https:\/\/www.fle.re\/blog\/wp-json\/wp\/v2\/posts\/1528","targetHints":{"allow":["GET"]}}],"collection":[{"href":"https:\/\/www.fle.re\/blog\/wp-json\/wp\/v2\/posts"}],"about":[{"href":"https:\/\/www.fle.re\/blog\/wp-json\/wp\/v2\/types\/post"}],"author":[{"embeddable":true,"href":"https:\/\/www.fle.re\/blog\/wp-json\/wp\/v2\/users\/2"}],"replies":[{"embeddable":true,"href":"https:\/\/www.fle.re\/blog\/wp-json\/wp\/v2\/comments?post=1528"}],"version-history":[{"count":2,"href":"https:\/\/www.fle.re\/blog\/wp-json\/wp\/v2\/posts\/1528\/revisions"}],"predecessor-version":[{"id":2132,"href":"https:\/\/www.fle.re\/blog\/wp-json\/wp\/v2\/posts\/1528\/revisions\/2132"}],"wp:featuredmedia":[{"embeddable":true,"href":"https:\/\/www.fle.re\/blog\/wp-json\/wp\/v2\/media\/416"}],"wp:attachment":[{"href":"https:\/\/www.fle.re\/blog\/wp-json\/wp\/v2\/media?parent=1528"}],"wp:term":[{"taxonomy":"category","embeddable":true,"href":"https:\/\/www.fle.re\/blog\/wp-json\/wp\/v2\/categories?post=1528"},{"taxonomy":"post_tag","embeddable":true,"href":"https:\/\/www.fle.re\/blog\/wp-json\/wp\/v2\/tags?post=1528"}],"curies":[{"name":"wp","href":"https:\/\/api.w.org\/{rel}","templated":true}]}}