{"id":1562,"date":"2025-12-22T18:56:22","date_gmt":"2025-12-22T18:56:22","guid":{"rendered":"https:\/\/www.fle.re\/blog\/?p=1562"},"modified":"2026-01-13T16:08:53","modified_gmt":"2026-01-13T16:08:53","slug":"cevrimici-isletmeler-icin-fransizca-kelime-dagarcigi","status":"publish","type":"post","link":"https:\/\/www.fle.re\/blog\/tr\/cevrimici-isletmeler-icin-fransizca-kelime-dagarcigi\/","title":{"rendered":"\u00c7evrimi\u00e7i i\u015fletmeler i\u00e7in Frans\u0131zca kelime da\u011farc\u0131\u011f\u0131"},"content":{"rendered":"\n<p class=\"wp-block-paragraph\">\n\u00c7evrimi\u00e7i i\u015f d\u00fcnyas\u0131n\u0131n Frans\u0131zca kelime da\u011farc\u0131\u011f\u0131na hakim olmak, somut profesyonel f\u0131rsatlara kap\u0131 a\u00e7ar ve dijital d\u00fcnyada g\u00fcnl\u00fck ya\u015fam\u0131 kolayla\u015ft\u0131r\u0131r. Frans\u0131zca \u00f6\u011frenmeye adanm\u0131\u015f bir platform olan fle.re&rsquo;de herkes, i\u015fletmeler aras\u0131 al\u0131\u015fveri\u015f, hizmetlerin dijitalle\u015fmesi ve e-posta, sohbet veya video konferans yoluyla ileti\u015fimle ilgili belirli kavramlar\u0131 ke\u015ffedebilir. Laf\u0131 uzatmaya gerek yok: sanal toplant\u0131lar\u0131n\u0131zda ba\u015far\u0131l\u0131 olmak veya etkili i\u015f teklifleri yazmak istiyorsan\u0131z, en yeni sekt\u00f6r anahtar kelimelerini teredd\u00fct etmeden anlamak \u00f6nemlidir. <strong>A\u00e7\u0131k\u00e7as\u0131, uzaktan profesyonel ili\u015fkiler kurmak i\u00e7in gereksiz jargon kullanmaya gerek yok. T\u00fcm fark\u0131 yaratan, *i\u015fbirli\u011fi arac\u0131*, *video konferans* veya *dijital m\u00fc\u015fteri aday\u0131* gibi ifadeleri d\u00fc\u015f\u00fcnmeden kullanabilme yetene\u011fidir. Burada her kavram\u0131n do\u011frudan bir uygulamas\u0131 ve g\u00fcnl\u00fck etkile\u015fimler \u00fczerinde \u00f6l\u00e7\u00fclebilir bir etkisi vard\u0131r: bir m\u00fc\u015fteriyi ikna etmek, bir anla\u015fma m\u00fczakere etmek veya basit\u00e7e \u00e7evrimi\u00e7i bir proje d\u00fczenlemek. \u00c7evrimi\u00e7i i\u015f Frans\u0131zcas\u0131 konu\u015fmak, her profesyonel g\u00f6r\u00fc\u015fmede do\u011fru zamanda do\u011fru n\u00fcans\u0131 kullanarak hedefi tutturmak anlam\u0131na gelir.<\/strong>  <strong>https:\/\/www.youtube.com\/watch?v=1_EkCQGIJIs<\/strong>\u00c7evrimi\u00e7i i\u015f d\u00fcnyas\u0131nda \u00e7al\u0131\u015fmak i\u00e7in hangi kelimeleri bilmeniz gerekiyor? <strong><\/strong> \u00c7evrimi\u00e7i i\u015f Frans\u0131zcas\u0131 d\u00fcnyas\u0131nda g\u00fcvenle ilerlemek i\u00e7in, sanal toplant\u0131lar veya e-posta yoluyla etkili bir \u015fekilde ileti\u015fim kurmak ve anlamak istiyorsan\u0131z, baz\u0131 kelimeler h\u0131zla tan\u0131d\u0131k hale gelir. Ba\u015flang\u0131\u00e7ta, dijital strateji, gelir, a\u011f, m\u00fc\u015fteri portf\u00f6y\u00fc veya \u00e7evrimi\u00e7i m\u00fc\u015fteri bulma gibi terimlerin ne s\u0131kl\u0131kla kullan\u0131ld\u0131\u011f\u0131n\u0131 h\u0131zla fark edersiniz. Sadece belgeleri okuyarak veya web seminerlerine kat\u0131larak bile, dijital sat\u0131\u015f m\u00fc\u015fteri bulma, proje y\u00f6netimi, potansiyel m\u00fc\u015fteri olu\u015fturma veya elektronik imza gibi ifadelerle kar\u015f\u0131la\u015facaks\u0131n\u0131z.\n<\/p>\n\n\n\n<p class=\"wp-block-paragraph\">\n <strong>Bu profesyonel kelime da\u011farc\u0131\u011f\u0131na hakim olmak \u00e7ok \u00f6nemlidir.<\/strong> Bu sadece y\u00f6neticiler i\u00e7in de\u011fil!\n<\/p>\n\n\n\n<figure class=\"wp-block-embed is-type-video is-provider-youtube wp-block-embed-youtube wp-embed-aspect-16-9 wp-has-aspect-ratio\"><div class=\"wp-block-embed__wrapper\">\nUzaktan ekip, video konferans, sat\u0131\u015f takibi gibi ifadeler, meslekta\u015flar, y\u00f6neticiler veya hatta yabanc\u0131 ortaklarla yap\u0131lan her profesyonel ileti\u015fimde kar\u015f\u0131m\u0131za \u00e7\u0131k\u0131yor. Dijitalle\u015fme, geleneksel diyaloglarda devrim yarat\u0131yor \u2013 art\u0131k bir masa etraf\u0131nda de\u011fil, e-posta veya sohbet yoluyla m\u00fczakere ediyoruz, bu nedenle do\u011fru zamanda do\u011fru kelimeleri kullanmak en iyisi. D\u00fcr\u00fcst olmak gerekirse, bu terimlere hakim olmak g\u00fcnl\u00fck hayat\u0131 ger\u00e7ekten kolayla\u015ft\u0131r\u0131yor: tart\u0131\u015fmalar s\u0131ras\u0131nda art\u0131k teredd\u00fctler veya garip sessizlikler yok. Ba\u015flang\u0131\u00e7 \u200b\u200bseviyesindekiler i\u00e7in uygun bir genel bak\u0131\u015f i\u00e7in, sa\u011flam bir temel olu\u015fturan\n<\/div><\/figure>\n\n\n\n<div id=\"ez-toc-container\" class=\"ez-toc-v2_0_82_2 ez-toc-wrap-center counter-hierarchy ez-toc-counter ez-toc-transparent ez-toc-container-direction\">\n<div class=\"ez-toc-title-container\">\n<p class=\"ez-toc-title\" style=\"cursor:inherit\">Sommaire<\/p>\n<span class=\"ez-toc-title-toggle\"><a href=\"#\" class=\"ez-toc-pull-right ez-toc-btn ez-toc-btn-xs ez-toc-btn-default ez-toc-toggle\" aria-label=\"Toggle Table of Content\"><span class=\"ez-toc-js-icon-con\"><span class=\"\"><span class=\"eztoc-hide\" style=\"display:none;\">Toggle<\/span><span class=\"ez-toc-icon-toggle-span\"><svg style=\"fill: #999;color:#999\" xmlns=\"http:\/\/www.w3.org\/2000\/svg\" class=\"list-377408\" width=\"20px\" height=\"20px\" viewBox=\"0 0 24 24\" fill=\"none\"><path d=\"M6 6H4v2h2V6zm14 0H8v2h12V6zM4 11h2v2H4v-2zm16 0H8v2h12v-2zM4 16h2v2H4v-2zm16 0H8v2h12v-2z\" fill=\"currentColor\"><\/path><\/svg><svg style=\"fill: #999;color:#999\" class=\"arrow-unsorted-368013\" xmlns=\"http:\/\/www.w3.org\/2000\/svg\" width=\"10px\" height=\"10px\" viewBox=\"0 0 24 24\" version=\"1.2\" baseProfile=\"tiny\"><path d=\"M18.2 9.3l-6.2-6.3-6.2 6.3c-.2.2-.3.4-.3.7s.1.5.3.7c.2.2.4.3.7.3h11c.3 0 .5-.1.7-.3.2-.2.3-.5.3-.7s-.1-.5-.3-.7zM5.8 14.7l6.2 6.3 6.2-6.3c.2-.2.3-.5.3-.7s-.1-.5-.3-.7c-.2-.2-.4-.3-.7-.3h-11c-.3 0-.5.1-.7.3-.2.2-.3.5-.3.7s.1.5.3.7z\"\/><\/svg><\/span><\/span><\/span><\/a><\/span><\/div>\n<nav><ul class='ez-toc-list ez-toc-list-level-1 eztoc-toggle-hide-by-default' ><li class='ez-toc-page-1 ez-toc-heading-level-2'><a class=\"ez-toc-link ez-toc-heading-1\" href=\"https:\/\/www.fle.re\/blog\/tr\/cevrimici-isletmeler-icin-fransizca-kelime-dagarcigi\/#bu_kelime_hazinesi_kilavuzuna_goz_atin\" >bu kelime hazinesi k\u0131lavuzuna g\u00f6z at\u0131n.<\/a><\/li><li class='ez-toc-page-1 ez-toc-heading-level-2'><a class=\"ez-toc-link ez-toc-heading-2\" href=\"https:\/\/www.fle.re\/blog\/tr\/cevrimici-isletmeler-icin-fransizca-kelime-dagarcigi\/#Acikcasi_bu_dilsel_refleksleri_edinmek_baslangictaki_uzmanliginiz_ne_olursa_olsun_musteri_ve_tedarikci_iliskilerini_onemli_olcude_daha_sorunsuz_hale_getirir\" >A\u00e7\u0131k\u00e7as\u0131, bu dilsel refleksleri edinmek, ba\u015flang\u0131\u00e7taki uzmanl\u0131\u011f\u0131n\u0131z ne olursa olsun, m\u00fc\u015fteri ve tedarik\u00e7i ili\u015fkilerini \u00f6nemli \u00f6l\u00e7\u00fcde daha sorunsuz hale getirir.<\/a><\/li><li class='ez-toc-page-1 ez-toc-heading-level-2'><a class=\"ez-toc-link ez-toc-heading-3\" href=\"https:\/\/www.fle.re\/blog\/tr\/cevrimici-isletmeler-icin-fransizca-kelime-dagarcigi\/#Sonuc\" >Sonu\u00e7<\/a><\/li><li class='ez-toc-page-1 ez-toc-heading-level-2'><a class=\"ez-toc-link ez-toc-heading-4\" href=\"https:\/\/www.fle.re\/blog\/tr\/cevrimici-isletmeler-icin-fransizca-kelime-dagarcigi\/#Fransizca_is_terminolojisi_becerilerinizi_belgeleyen_cevrimici_sertifikalar_mevcuttur\" >Frans\u0131zca i\u015f terminolojisi becerilerinizi belgeleyen \u00e7evrimi\u00e7i sertifikalar mevcuttur.<\/a><\/li><\/ul><\/nav><\/div>\n<h2 class=\"wp-block-heading\"><span class=\"ez-toc-section\" id=\"bu_kelime_hazinesi_kilavuzuna_goz_atin\"><\/span>bu kelime hazinesi k\u0131lavuzuna g\u00f6z at\u0131n.<span class=\"ez-toc-section-end\"><\/span><\/h2>\n\n\n\n<p class=\"wp-block-paragraph\">\n <strong>E-ticarette Frans\u0131zca kelime da\u011farc\u0131\u011f\u0131n\u0131 nas\u0131l h\u0131zl\u0131 bir \u015fekilde edinebilirsiniz? E-ticarete y\u00f6nelik<\/strong>\u00e7evrimi\u00e7i i\u015f kelime da\u011farc\u0131\u011f\u0131n\u0131z\u0131 zenginle\u015ftirmek istedi\u011finizde, ba\u011flamsal \u00f6\u011frenmeye odaklanmak b\u00fcy\u00fck fark yarat\u0131r. \u00d6rne\u011fin, profesyonel forumlara veya ekip toplant\u0131lar\u0131na kat\u0131lmak, <strong>ortalama sipari\u015f de\u011feri, d\u00f6n\u00fc\u015f\u00fcm oran\u0131, m\u00fc\u015fteri sadakati, \u00f6deme sa\u011flay\u0131c\u0131s\u0131<\/strong> veya <strong>terk edilmi\u015f al\u0131\u015fveri\u015f sepeti<\/strong>gibi kelimeleri ger\u00e7ek hayattaki durumlarda duyman\u0131z\u0131 sa\u011flar. Sadece listeleri ezberlemekten \u00e7ok daha mant\u0131kl\u0131. \u015eahsen, bir sat\u0131\u015f platformuyla \u00e7al\u0131\u015fmaya ba\u015flad\u0131\u011f\u0131mda, \u00f6zellikle i\u015f arkada\u015flar\u0131mla yapt\u0131\u011f\u0131m gayri resmi konu\u015fmalar, <i>nakliye, m\u00fc\u015fteri takibi, kullan\u0131c\u0131 aray\u00fcz\u00fc<\/i> veya <i>CRM<\/i>gibi terimleri h\u0131zla \u00f6\u011frenmeme yard\u0131mc\u0131 oldu. Sadece bunlar\u0131 duymak ve her g\u00fcn kullanmak zorunda kalmak \u00f6zg\u00fcvenimi ger\u00e7ekten art\u0131rd\u0131.\n<\/p>\n\n\n\n<p class=\"wp-block-paragraph\">\n <strong>Giri\u015fimcilerin podcast&rsquo;lerini dinleyerek sekt\u00f6r terminolojisine al\u0131\u015f\u0131n<\/strong> S\u0131k kullan\u0131lan ifadeleri ke\u015ffetmek i\u00e7in b\u00fcltenleri veya uzmanl\u0131k makalelerini okuyun <i>\u0130\u015f g\u00f6r\u00fc\u015fmeleriyle ilgili pratik al\u0131\u015ft\u0131rmalar sunan \u00e7evrimi\u00e7i ara\u00e7lar\u0131 kullan\u0131n<\/i> Fikir al\u0131\u015fveri\u015finde bulunmak i\u00e7in sosyal medyada i\u015f odakl\u0131 gruplara kat\u0131l\u0131n <a href=\"https:\/\/www.fle.re\/blog\/vocabulaire-francais-debutants\/\" target=\"_blank\">Uzaktan \u00e7al\u0131\u015fma terminolojisi neden bu kadar \u00f6zel?<\/a> Uzaktan \u00e7al\u0131\u015fman\u0131n h\u0131zla y\u00fckseli\u015fi, dijital i\u015f d\u00fcnyas\u0131na adanm\u0131\u015f bir dizi yeni terimle birlikte geldi.\n<\/p>\n\n\n\n<h2 class=\"wp-block-heading\"><\/h2>\n\n\n\n<p class=\"wp-block-paragraph\">\nH\u0131zla uzaktan planlama, ekip senkronizasyonu, anl\u0131k mesajla\u015fma gibi terimlerle kar\u015f\u0131la\u015f\u0131yoruz. <strong><\/strong> Ya da payla\u015f\u0131lan dosya gibi terimlerle. <strong><\/strong> G\u00fcnler ge\u00e7tik\u00e7e, Zoom veya Slack&rsquo;te s\u0131k s\u0131k kar\u015f\u0131m\u0131za \u00e7\u0131kan baz\u0131 kelimeler g\u00f6r\u00fcyoruz; \u00f6rne\u011fin, g\u00fcndem, ekran payla\u015f\u0131m\u0131, \u00e7evrimi\u00e7i toplant\u0131 tutanaklar\u0131, <strong>veya hatta son tarih.<\/strong>  <i>T\u00fcm bu ifadeler, i\u015f birli\u011finin fiziksel bir ofisin yoklu\u011funa nas\u0131l uyum sa\u011flad\u0131\u011f\u0131n\u0131 yans\u0131t\u0131yor. Uzaktan \u00e7al\u0131\u015fma ayr\u0131ca i\u015f birli\u011fi arac\u0131, i\u015f ak\u0131\u015f\u0131,<\/i> veya hatta e\u015fzamans\u0131z g\u00f6revler gibi kavramlar\u0131 da \u00f6n plana \u00e7\u0131kar\u0131yor. <i><\/i>Art\u0131k her \u015feyin \u00ab\u00a0yerinde\u00a0\u00bb mi yoksa \u00ab\u00a0uzaktan\u00a0\u00bb m\u0131 yap\u0131ld\u0131\u011f\u0131n\u0131 sormaya gerek yok; her \u015fey dijitalle\u015fti. \u00d6rne\u011fin, bir m\u00fc\u015fteri hizmetleri departman\u0131 sadece \u00fcr\u00fcnleri de\u011fil, ayn\u0131 zamanda dijital biletleri, canl\u0131 sohbetleri ve \u00e7ok kanall\u0131 m\u00fc\u015fteri deste\u011fini nas\u0131l y\u00f6netece\u011fini de bilmelidir. Bu terminolojiyi benimsemek sadece teknoloji merakl\u0131lar\u0131 i\u00e7in de\u011fil: herkes sonunda benimsiyor, \u00e7\u00fcnk\u00fc modern profesyonel d\u00fcnyada ikinci do\u011fa haline geldi.\n<\/p>\n\n\n\n<ul class=\"wp-block-list\">\n<li>\u00c7evrimi\u00e7i m\u00fczakere ve s\u00f6zle\u015fme yaparken kullan\u0131labilecek baz\u0131 faydal\u0131 ifadeler nelerdir?<\/li>\n\n\n\n<li>\u00c7evrimi\u00e7i i\u015f m\u00fczakereleri s\u00f6z konusu oldu\u011funda, yanl\u0131\u015f anla\u015f\u0131lmalar\u0131 \u00f6nlemek ve profesyonelli\u011fi g\u00f6stermek i\u00e7in belirli ifadeler \u015fartt\u0131r. M\u00fczakereler genellikle \u015funlar\u0131 i\u00e7erir: de\u011fer \u00f6nerisi, gizlilik s\u00f6zle\u015fmesi, genel sat\u0131\u015f \u015fartlar\u0131 ve ko\u015fullar\u0131, ters zaman \u00e7izelgesi veya fiyat teklifi onay\u0131. \u00ab\u00a0Size bir teklif g\u00f6nderiyorum\u00a0\u00bb veya \u00ab\u00a0M\u00fczakere g\u00f6r\u00fc\u015fmesi i\u00e7in m\u00fcsait misiniz?\u00a0\u00bb demek, ili\u015fki dijital platformlarda kuruldu\u011funda yayg\u0131n hale gelir. G\u00f6r\u00fc\u015fmeler ve s\u00f6zle\u015fmeler giderek artan bir \u015fekilde elektronik imzalar, ka\u011f\u0131ts\u0131z s\u00f6zle\u015fmeler, \u00f6deme ko\u015fullar\u0131 veya hizmet seviyesi anla\u015fmalar\u0131 yoluyla y\u00fcr\u00fct\u00fclmektedir.<\/li>\n\n\n\n<li>Bu ifadelerin, her \u015feyi daha kesin hale getirerek gereksiz kar\u015f\u0131l\u0131kl\u0131 yaz\u0131\u015fmalardan ne kadar tasarruf sa\u011flad\u0131\u011f\u0131 \u015fa\u015f\u0131rt\u0131c\u0131. \u00c7evrimi\u00e7i m\u00fczakere, takip sorular\u0131na, sat\u0131\u015f takip tablolar\u0131na, son teslim tarihlerine ve h\u0131zl\u0131 onaylara nas\u0131l yan\u0131t verece\u011finizi bilmek anlam\u0131na da gelir.<\/li>\n\n\n\n<li><\/li>\n<\/ul>\n\n\n\n<h2 class=\"wp-block-heading\"><span class=\"ez-toc-section\" id=\"Acikcasi_bu_dilsel_refleksleri_edinmek_baslangictaki_uzmanliginiz_ne_olursa_olsun_musteri_ve_tedarikci_iliskilerini_onemli_olcude_daha_sorunsuz_hale_getirir\"><\/span>A\u00e7\u0131k\u00e7as\u0131, bu dilsel refleksleri edinmek, ba\u015flang\u0131\u00e7taki uzmanl\u0131\u011f\u0131n\u0131z ne olursa olsun, m\u00fc\u015fteri ve tedarik\u00e7i ili\u015fkilerini \u00f6nemli \u00f6l\u00e7\u00fcde daha sorunsuz hale getirir.<span class=\"ez-toc-section-end\"><\/span><\/h2>\n\n\n\n<p class=\"wp-block-paragraph\">\n\u00c7evrimi\u00e7i Frans\u0131zca i\u015f kelime da\u011farc\u0131\u011f\u0131n\u0131z\u0131 g\u00fcnl\u00fck olarak nas\u0131l etkili bir \u015fekilde zenginle\u015ftirebilirsiniz? <strong><\/strong>Dijital Frans\u0131zca i\u015f kelime da\u011farc\u0131\u011f\u0131n\u0131z\u0131 geni\u015fletmek, biraz y\u00f6ntem ve tutarl\u0131l\u0131k gerektirir. G\u00fcnde on dakika profesyonel makaleler okumak, videolar izlemek veya hatta \u00e7evrimi\u00e7i tart\u0131\u015fmalara kat\u0131lmak h\u0131zla kar\u015f\u0131l\u0131\u011f\u0131n\u0131 verir. Otomatik yan\u0131tlar h\u0131zla gelir, \u00f6zellikle de ayn\u0131 terimleri ba\u011flama ba\u011fl\u0131 olarak tekrar kullanmaya al\u0131\u015ft\u0131\u011f\u0131n\u0131zda: toplant\u0131lar, e-postalar, belge payla\u015f\u0131m\u0131 veya sat\u0131\u015f sunumlar\u0131. \u00ab\u00a0S\u00f6zle\u015fme g\u00fcncellemesi\u00a0\u00bb, \u00ab\u00a0m\u00fc\u015fteri geri bildirimi\u00a0\u00bb ve \u00ab\u00a0s\u00fcre\u00e7 otomasyonu\u00a0\u00bb gibi ifadeleri tekrar tekrar duyarak, bunlar\u0131n do\u011fal olarak g\u00fcnl\u00fck kelime da\u011farc\u0131\u011f\u0131n\u0131z\u0131n bir par\u00e7as\u0131 haline geldi\u011fini fark ettim. <strong><\/strong> Durum <strong>\u00c7evrimi\u00e7i \u0130fade<\/strong>\u00c7eviri\/A\u00e7\u0131klama <i>M\u00fc\u015fteri G\u00f6r\u00fc\u015fmesi<\/i> Bilgilendirme <i>M\u00fc\u015fteri \u0130htiya\u00e7lar\u0131n\u0131n Toplanmas\u0131<\/i>S\u00f6zle\u015fme \u0130mzalama\n<\/p>\n\n\n\n<p class=\"wp-block-paragraph\">\nElektronik S\u00f6zle\u015fme <strong>Dijital Platform \u00dczerinden \u0130mzalama<\/strong> Sat\u0131\u015f Takibi <strong>Sat\u0131\u015f Paneli<\/strong>Performans G\u00f6rselle\u015ftirme Arac\u0131<\/p>\n\n\n\n<h2 class=\"wp-block-heading\"><span class=\"ez-toc-section\" id=\"Sonuc\"><\/span>Sonu\u00e7<span class=\"ez-toc-section-end\"><\/span><\/h2>\n\n\n\n<p class=\"wp-block-paragraph\">\nFrans\u0131zca i\u015f terminolojisini \u00e7evrimi\u00e7i \u00f6\u011frenmek, Frans\u0131zca konu\u015fulan profesyonel d\u00fcnyada g\u00fcvenle ilerlemek isteyen herkes i\u00e7in ger\u00e7ek bir avantajd\u0131r. Uzaktan e\u011fitim, g\u00fcnl\u00fck uygulamaya ili\u015fkin teknik terimleri pratik etmenize ve \u00f6\u011frenme h\u0131z\u0131n\u0131z\u0131 kendi ihtiya\u00e7lar\u0131n\u0131za g\u00f6re uyarlaman\u0131za olanak tan\u0131r. \u00c7ok kullan\u0131\u015fl\u0131, de\u011fil mi? Herkes kendi m\u00fcsaitli\u011fine g\u00f6re, istedi\u011fi yerden ilerleyebilir. <strong>Dijital kaynaklara eri\u015fim sayesinde, y\u00f6netim, liderlik ve m\u00fczakere ile ilgili kelime da\u011farc\u0131\u011f\u0131n\u0131 edinmek ve g\u00f6zden ge\u00e7irmek kolayla\u015f\u0131yor. Profesyonel ileti\u015fim h\u0131zla daha ak\u0131c\u0131 ve hassas hale geliyor. Bu kelime da\u011farc\u0131\u011f\u0131n\u0131 g\u00fcnl\u00fck olarak kullanmak, g\u00fcvenilirli\u011fi g\u00fc\u00e7lendirmeye ve toplant\u0131lar ve m\u00fczakereler s\u0131ras\u0131nda daha fazla \u00f6zg\u00fcven sa\u011flamaya ger\u00e7ekten yard\u0131mc\u0131 oluyor. \u0130\u015f kelime da\u011farc\u0131\u011f\u0131n\u0131 \u00e7evrimi\u00e7i \u00f6\u011frenmeyi se\u00e7mek, her profesyonel profile uyum sa\u011flayan esnek bir y\u00f6ntemi tercih etmek anlam\u0131na gelir. Kaynaklar\u0131n ve etkile\u015fimli al\u0131\u015ft\u0131rmalar\u0131n \u00e7e\u015fitlili\u011fi, somut ilerleme kaydetmek ve \u00e7ok \u00e7e\u015fitli i\u015f durumlar\u0131nda g\u00fcvenle ileti\u015fim kurmak i\u00e7in ger\u00e7ek bir avantajd\u0131r. Frans\u0131zca i\u015f kelime da\u011farc\u0131\u011f\u0131n\u0131z\u0131 \u00e7evrimi\u00e7i olarak nas\u0131l zenginle\u015ftirebilirsiniz? Frans\u0131zca i\u015f kelime da\u011farc\u0131\u011f\u0131n\u0131z\u0131 \u00e7evrimi\u00e7i olarak etkili bir \u015fekilde geli\u015ftirmek i\u00e7in, e-\u00f6\u011frenme platformlar\u0131, profesyonel terminoloji listeleri ve dijital ara\u00e7lara entegre edilmi\u015f s\u00f6zl\u00fckler gibi uzmanla\u015fm\u0131\u015f kaynaklar\u0131 kullanman\u0131z \u00f6nerilir. Y\u00f6netim, finans veya pazarlama konular\u0131na odaklanan podcast&rsquo;ler, web seminerleri veya forumlarla d\u00fczenli olarak pratik yap\u0131n. Ayr\u0131ca, yeni kelimeleri g\u00fcnl\u00fck i\u015f hayat\u0131n\u0131za aktif olarak entegre etmek i\u00e7in mobil uygulamalar\u0131 ve etkile\u015fimli al\u0131\u015ft\u0131rmalar\u0131 kullan\u0131n. Son olarak, anahtar ifadelerin ezberlenmesini peki\u015ftirmek i\u00e7in m\u00fczakere sim\u00fclasyonlar\u0131na veya sanal toplant\u0131lara kat\u0131lmay\u0131 d\u00fc\u015f\u00fcn\u00fcn.<\/strong>\u0130\u015f kelime da\u011farc\u0131\u011f\u0131n\u0131 \u00f6\u011frenmeyi kolayla\u015ft\u0131ran \u00e7evrimi\u00e7i ara\u00e7lar nelerdir? <strong>Bir\u00e7ok ara\u00e7, Frans\u0131zca i\u015f kelime da\u011farc\u0131\u011f\u0131n\u0131 \u00e7evrimi\u00e7i olarak edinmenizi sa\u011flar.<\/strong> Quizlet gibi e\u011fitim platformlar\u0131 temal\u0131 bilgi kartlar\u0131 sunar. Babbel veya Busuu gibi mobil uygulamalar, profesyonel kelime bilgisine ayr\u0131lm\u0131\u015f mod\u00fcller i\u00e7erir. Baz\u0131 \u00e7evrimi\u00e7i i\u015fbirlik\u00e7i s\u00f6zl\u00fckler, uzmanla\u015fm\u0131\u015f forumlar ve MOOC&rsquo;lar pratik al\u0131\u015ft\u0131rmalar ve ger\u00e7ek\u00e7i senaryolar sunar. Ki\u015fiselle\u015ftirilmi\u015f e\u011fitim i\u00e7in, i\u015fletme okullar\u0131n\u0131n ve s\u00fcrekli e\u011fitim sa\u011flay\u0131c\u0131lar\u0131n\u0131n web sitelerinde bulunan etkile\u015fimli s\u0131navlar\u0131, kariyer podcast&rsquo;lerini ve m\u00fclakat sim\u00fclat\u00f6rlerini g\u00f6z \u00f6n\u00fcnde bulundurun. <strong><\/strong>\u0130\u015f \u0130ngilizcesi ile \u00e7evrimi\u00e7i i\u015f kelime bilgisi aras\u0131ndaki fark nedir?\n<\/p>\n\n\n\n<p class=\"wp-block-paragraph\">\n <i>\u00c7evrimi\u00e7i i\u015f i\u00e7in Frans\u0131zca i\u015f kelime bilgisi<\/i> Frans\u0131zca&rsquo;da ekonomik ve y\u00f6netimsel alana \u00f6zg\u00fc terimleri kapsarken, i\u015f \u0130ngilizcesi \u0130ngilizce konu\u015fulan d\u00fcnyaya \u00f6zg\u00fc kodlara ve ifadelere dayan\u0131r. Baz\u0131 kavramlar\u0131n her zaman do\u011frudan bir \u00e7evirisi yoktur, \u00e7\u00fcnk\u00fc Frans\u0131z kurumsal k\u00fclt\u00fcr\u00fc kendi deyimlerini ve k\u0131saltmalar\u0131n\u0131 kullan\u0131r. Ayr\u0131ca, \u00e7evrimi\u00e7i uygulama, \u00f6zellikle yeni meslekleri veya sanal profesyonel de\u011fi\u015fimlerde kullan\u0131lan dijital ara\u00e7lar\u0131 ifade etmek i\u00e7in uyarlanm\u0131\u015f \u0130ngilizce kelimelerin ve dijital neolojizmlerin kullan\u0131m\u0131n\u0131 art\u0131r\u0131r. \u00c7evrimi\u00e7i i\u015f kelime bilgisiyle nas\u0131l g\u00fcncel kalabilirsiniz? <i><\/i>Frans\u0131zca i\u015f terminolojinizi \u00e7evrimi\u00e7i olarak g\u00fcncellemek i\u00e7in, <strong>ekonomik haberleri, profesyonel b\u00fcltenleri ve uzmanla\u015fm\u0131\u015f sosyal a\u011flar\u0131 (LinkedIn, Viadeo) d\u00fczenli olarak takip etmek \u015fartt\u0131r. Dijital dergilere abone olmak, web seminerlerine veya at\u00f6lye \u00e7al\u0131\u015fmalar\u0131na kat\u0131lmak ve s\u00fcrekli e\u011fitim kurslar\u0131na kaydolmak da \u00f6nerilir. Son ekonomik raporlar\u0131 okumak ve sekt\u00f6r profesyonelleriyle fikir al\u0131\u015fveri\u015finde bulunmak da yeni terimler ke\u015ffetmenize ve ileti\u015fiminizi piyasa geli\u015fmelerine uyarlaman\u0131za olanak tan\u0131r.<\/strong>Frans\u0131zca i\u015f terminolojisi sertifikas\u0131 \u00e7evrimi\u00e7i olarak al\u0131nabilir mi?<\/p>\n\n\n\n<h2 class=\"wp-block-heading\"><span class=\"ez-toc-section\" id=\"Fransizca_is_terminolojisi_becerilerinizi_belgeleyen_cevrimici_sertifikalar_mevcuttur\"><\/span>Frans\u0131zca i\u015f terminolojisi becerilerinizi belgeleyen \u00e7evrimi\u00e7i sertifikalar mevcuttur.<span class=\"ez-toc-section-end\"><\/span><\/h2>\n\n\n\n<p class=\"wp-block-paragraph\">\n <strong>Baz\u0131 kurulu\u015flar, i\u015fverenler taraf\u0131ndan tan\u0131nan testler veya diplomalar (profesyonel Frans\u0131zca sertifikalar\u0131, CCIP s\u0131navlar\u0131) sunmaktad\u0131r. Bu de\u011ferlendirmeler, \u00e7oktan se\u00e7meli sorular, vaka \u00e7al\u0131\u015fmalar\u0131 veya sim\u00fclasyonlar yoluyla i\u015f terminolojisinin \u00f6z\u00fcmsenmesini do\u011frular. S\u00fcrekli e\u011fitim platformlar\u0131na kay\u0131t olmak, bu s\u0131navlara haz\u0131rlanman\u0131za ve \u00f6zge\u00e7mi\u015finizde veya profesyonel a\u011flarda vurgulayabilece\u011finiz resmi bir sertifika alman\u0131za olanak tan\u0131r.<\/strong> \n<\/p>\n\n\n\n<figure class=\"wp-block-table\"><table>\n<tr>\n<th><strong>Kaynaklar<\/strong><\/th>\n<th><strong>Ekonomi, Maliye ve Sanayi ve Dijital Egemenlik Bakanl\u0131\u011f\u0131. \u201cEkonomi ve Finans Terminolojisi.\u201d economie.gouv.fr, 2022-11-15. Eri\u015fim tarihi: 2024-06-22.<\/strong><\/th>\n<th><strong><\/strong><\/th>\n<\/tr>\n<tr>\n<td>Ayr\u0131ca bak\u0131n\u0131z<\/td>\n<td>Quebec Frans\u0131z Dili Ofisi. \u201c\u0130\u015f Terminolojisi.\u201d Grand dictionnaire terminologique, 2023-09-19. 22 Haziran 2024 tarihinde eri\u015fildi.<\/td>\n<td><\/td>\n<\/tr>\n<tr>\n<td>Ayr\u0131ca bak\u0131n\u0131z: Paris \u00cele-de-France Ticaret ve Sanayi Odas\u0131. \u00ab\u00a0Frans\u0131zca-\u0130ngilizce \u0130\u015f S\u00f6zl\u00fc\u011f\u00fc.\u00a0\u00bb CCI Paris \u00cele-de-France, 22 May\u0131s 2023. 22 Haziran 2024 tarihinde eri\u015fildi.<\/td>\n<td><\/td>\n<td>Ayr\u0131ca bak\u0131n\u0131z:<\/td>\n<\/tr>\n<tr>\n<td><\/td>\n<td><\/td>\n<td><\/td>\n<\/tr>\n<\/table><\/figure>\n\n\n\n<h2 class=\"wp-block-heading\"><\/h2>\n\n\n\n<p class=\"wp-block-paragraph\">\n <strong><\/strong>  <strong><\/strong> \n<\/p>\n\n\n\n<p class=\"wp-block-paragraph\">\n <strong><\/strong>\n<\/p>\n\n\n\n<p class=\"wp-block-paragraph\">\n <strong><\/strong>\n<\/p>\n\n\n\n<p class=\"wp-block-paragraph\"><section class=\"faq\">\n<div>\n<h2><\/h2>\n<div>\n<p> <strong><\/strong><\/p>\n<\/div>\n<\/div>\n<div>\n<h2><\/h2>\n<div>\n<p> <strong><\/strong><\/p>\n<\/div>\n<\/div>\n<div>\n<h2><\/h2>\n<div>\n<p> <strong><\/strong> <\/p>\n<\/div>\n<\/div>\n<div>\n<h2><\/h2>\n<div>\n<p> <strong><\/strong><\/p>\n<\/div>\n<\/div>\n<div>\n<h2><\/h2>\n<div>\n<p> <strong><\/strong><\/p>\n<\/div>\n<\/div>\n<\/section><\/p>\n\n\n\n<h2 class=\"wp-block-heading\"><\/h2>\n\n\n\n<ol class=\"wp-block-list\">\n<li> <a href=\"https:\/\/www.economie.gouv.fr\/entreprises\/vocabulaire-economie-finances\" rel=\"nofollow noopener noreferrer\" target=\"_blank\"><\/a><\/li>\n\n\n\n<li> <a href=\"https:\/\/gdt.oqlf.gouv.qc.ca\/ficheOqlf.aspx?Id_Fiche=8370003\" rel=\"nofollow noopener noreferrer\" target=\"_blank\"><\/a><\/li>\n\n\n\n<li> <a href=\"https:\/\/www.cci-paris-idf.fr\/fr\/votre-cci\/lexique\/vocabulaire-francais-anglais-affaires\" rel=\"nofollow noopener noreferrer\" target=\"_blank\"><\/a><\/li>\n<\/ol>\n\n","protected":false},"excerpt":{"rendered":"<p>\u00c7evrimi\u00e7i i\u015f d\u00fcnyas\u0131n\u0131n Frans\u0131zca kelime da\u011farc\u0131\u011f\u0131na hakim olmak, somut profesyonel f\u0131rsatlara kap\u0131 a\u00e7ar ve dijital d\u00fcnyada g\u00fcnl\u00fck ya\u015fam\u0131 kolayla\u015ft\u0131r\u0131r. Frans\u0131zca [&hellip;]<\/p>\n","protected":false},"author":2,"featured_media":426,"comment_status":"open","ping_status":"open","sticky":false,"template":"","format":"standard","meta":{"_crdt_document":"","site-sidebar-layout":"default","site-content-layout":"","ast-site-content-layout":"default","site-content-style":"default","site-sidebar-style":"default","ast-global-header-display":"","ast-banner-title-visibility":"","ast-main-header-display":"","ast-hfb-above-header-display":"","ast-hfb-below-header-display":"","ast-hfb-mobile-header-display":"","site-post-title":"","ast-breadcrumbs-content":"","ast-featured-img":"","footer-sml-layout":"","ast-disable-related-posts":"","theme-transparent-header-meta":"","adv-header-id-meta":"","stick-header-meta":"","header-above-stick-meta":"","header-main-stick-meta":"","header-below-stick-meta":"","astra-migrate-meta-layouts":"default","ast-page-background-enabled":"default","ast-page-background-meta":{"desktop":{"background-color":"var(--ast-global-color-5)","background-image":"","background-repeat":"repeat","background-position":"center center","background-size":"auto","background-attachment":"scroll","background-type":"","background-media":"","overlay-type":"","overlay-color":"","overlay-opacity":"","overlay-gradient":""},"tablet":{"background-color":"","background-image":"","background-repeat":"repeat","background-position":"center center","background-size":"auto","background-attachment":"scroll","background-type":"","background-media":"","overlay-type":"","overlay-color":"","overlay-opacity":"","overlay-gradient":""},"mobile":{"background-color":"","background-image":"","background-repeat":"repeat","background-position":"center center","background-size":"auto","background-attachment":"scroll","background-type":"","background-media":"","overlay-type":"","overlay-color":"","overlay-opacity":"","overlay-gradient":""}},"ast-content-background-meta":{"desktop":{"background-color":"var(--ast-global-color-4)","background-image":"","background-repeat":"repeat","background-position":"center center","background-size":"auto","background-attachment":"scroll","background-type":"","background-media":"","overlay-type":"","overlay-color":"","overlay-opacity":"","overlay-gradient":""},"tablet":{"background-color":"var(--ast-global-color-4)","background-image":"","background-repeat":"repeat","background-position":"center center","background-size":"auto","background-attachment":"scroll","background-type":"","background-media":"","overlay-type":"","overlay-color":"","overlay-opacity":"","overlay-gradient":""},"mobile":{"background-color":"var(--ast-global-color-4)","background-image":"","background-repeat":"repeat","background-position":"center center","background-size":"auto","background-attachment":"scroll","background-type":"","background-media":"","overlay-type":"","overlay-color":"","overlay-opacity":"","overlay-gradient":""}},"footnotes":""},"categories":[708],"tags":[3690,3699,3702,3693,3696],"class_list":["post-1562","post","type-post","status-publish","format-standard","has-post-thumbnail","hentry","category-non-classe-tr","tag-cevrimici-is-ifadeleri-tr","tag-cevrimici-is-sartlari-tr","tag-cevrimici-is-sozlugu-tr","tag-dijital-ticaret-sozlugu-tr","tag-internet-isletme-anahtar-kelimeleri-tr"],"_links":{"self":[{"href":"https:\/\/www.fle.re\/blog\/wp-json\/wp\/v2\/posts\/1562","targetHints":{"allow":["GET"]}}],"collection":[{"href":"https:\/\/www.fle.re\/blog\/wp-json\/wp\/v2\/posts"}],"about":[{"href":"https:\/\/www.fle.re\/blog\/wp-json\/wp\/v2\/types\/post"}],"author":[{"embeddable":true,"href":"https:\/\/www.fle.re\/blog\/wp-json\/wp\/v2\/users\/2"}],"replies":[{"embeddable":true,"href":"https:\/\/www.fle.re\/blog\/wp-json\/wp\/v2\/comments?post=1562"}],"version-history":[{"count":2,"href":"https:\/\/www.fle.re\/blog\/wp-json\/wp\/v2\/posts\/1562\/revisions"}],"predecessor-version":[{"id":2116,"href":"https:\/\/www.fle.re\/blog\/wp-json\/wp\/v2\/posts\/1562\/revisions\/2116"}],"wp:featuredmedia":[{"embeddable":true,"href":"https:\/\/www.fle.re\/blog\/wp-json\/wp\/v2\/media\/426"}],"wp:attachment":[{"href":"https:\/\/www.fle.re\/blog\/wp-json\/wp\/v2\/media?parent=1562"}],"wp:term":[{"taxonomy":"category","embeddable":true,"href":"https:\/\/www.fle.re\/blog\/wp-json\/wp\/v2\/categories?post=1562"},{"taxonomy":"post_tag","embeddable":true,"href":"https:\/\/www.fle.re\/blog\/wp-json\/wp\/v2\/tags?post=1562"}],"curies":[{"name":"wp","href":"https:\/\/api.w.org\/{rel}","templated":true}]}}