{"id":1681,"date":"2025-12-29T18:17:40","date_gmt":"2025-12-29T18:17:40","guid":{"rendered":"https:\/\/www.fle.re\/blog\/?p=1681"},"modified":"2026-01-13T16:04:18","modified_gmt":"2026-01-13T16:04:18","slug":"ispanyolca-konusanlar-icin-yabanci-dil-olarak-fransizca-uyarlanmis-yontemler","status":"publish","type":"post","link":"https:\/\/www.fle.re\/blog\/tr\/ispanyolca-konusanlar-icin-yabanci-dil-olarak-fransizca-uyarlanmis-yontemler\/","title":{"rendered":"\u0130spanyolca Konu\u015fanlar \u0130\u00e7in Yabanc\u0131 Dil Olarak Frans\u0131zca: Uyarlanm\u0131\u015f Y\u00f6ntemler"},"content":{"rendered":"\n<p class=\"wp-block-paragraph\">\n\u0130spanyolca konu\u015fanlar i\u00e7in Frans\u0131zcay\u0131 yabanc\u0131 dil olarak \u00f6\u011frenmek (FLE), belirli sorular\u0131 g\u00fcndeme getiriyor: \u0130spanyolcan\u0131n telaffuz, dil bilgisi ve kelime da\u011farc\u0131\u011f\u0131 \u00fczerindeki etkisinin \u00fcstesinden nas\u0131l gelinebilir? fle.re adl\u0131 \u00e7evrimi\u00e7i platform, dil al\u0131\u015fkanl\u0131klar\u0131n\u0131z\u0131 ve ger\u00e7ek ihtiya\u00e7lar\u0131n\u0131z\u0131 dikkate alan FLE&rsquo;ye uyarlanm\u0131\u015f y\u00f6ntemlere odaklan\u0131yor. Tek tip bir yakla\u015f\u0131m yerine, i\u00e7erik ilerlemenize uyum sa\u011flayacak \u015fekilde tasarlanm\u0131\u015ft\u0131r; ne \u00e7ok h\u0131zl\u0131 ne de \u00e7ok akademik, bol miktarda s\u00f6zl\u00fc al\u0131\u015ft\u0131rma ve ba\u011flam i\u00e7inde net a\u00e7\u0131klamalar i\u00e7eriyor. <strong>Baz\u0131 stratejilerin ger\u00e7ekten fark yaratt\u0131\u011f\u0131n\u0131 g\u00f6receksiniz. \u0130spanyolca ve Frans\u0131zca aras\u0131ndaki yanl\u0131\u015f e\u015f anlaml\u0131 kelimelere odaklanmak, ba\u015ftan itibaren dinleme anlama al\u0131\u015ft\u0131rmalar\u0131 yapmak, sorun \u00e7\u0131karan \u00ab\u00a0ou\u00a0\u00bb ve \u00ab\u00a0u\u00a0\u00bb seslerini tekrarlamak\u2026 Bunlar\u0131n hepsi a\u00e7\u0131kland\u0131\u011f\u0131nda bariz g\u00f6r\u00fcnebilir, ancak bunlar t\u00fcm fark\u0131 yaratan k\u00fc\u00e7\u00fck ipu\u00e7lar\u0131d\u0131r. \u0130lgi \u00e7ekici materyaller ve hedefli al\u0131\u015ft\u0131rmalar sayesinde, \u0130spanyolca konu\u015fanlar i\u00e7in FLE \u00f6\u011frenmek daha az sinir bozucu ve \u00e7ok daha dinamik hale geliyor. \u0130ster kendi kendinize \u00f6\u011freniyor olun ister yap\u0131land\u0131r\u0131lm\u0131\u015f bir \u00f6\u011frenme program\u0131nda olun, platform, \u00f6zg\u00fcveninizi art\u0131rmak ve kendi h\u0131z\u0131n\u0131zda ilerlemenizi sa\u011flamak i\u00e7in tasarlanm\u0131\u015f ki\u015fiselle\u015ftirilmi\u015f kaynaklar ve a\u015famal\u0131 \u00f6\u011frenme yollar\u0131 sunar. Somut, pratik ve her \u015feyden \u00f6nce, her \u0130spanyolca konu\u015fan ki\u015finin kendi y\u00f6ntemini bulabilece\u011fi \u015fekilde tasarlanm\u0131\u015ft\u0131r.<\/strong>  <strong>https:\/\/www.youtube.com\/watch?v=Ep0YppYTM4A \u0130spanyolca ve Frans\u0131zca aras\u0131ndaki hangi farkl\u0131l\u0131klar \u00f6zellikle zorluklar yarat\u0131r?<\/strong> \u0130spanyolca konu\u015fanlar, Frans\u0131zcay\u0131 yabanc\u0131 dil olarak \u00f6\u011frenirken baz\u0131 benzersiz zorluklarla kar\u015f\u0131la\u015f\u0131rlar.\n<\/p>\n\n\n\n<p class=\"wp-block-paragraph\">\n\u0130ki dil aras\u0131ndaki bazen yan\u0131lt\u0131c\u0131 benzerlikler hemen g\u00f6ze \u00e7arpar. \u00d6rne\u011fin, bir\u00e7ok Frans\u0131zca kelime \u0130spanyolca kelimelere olduk\u00e7a benzer g\u00f6r\u00fcn\u00fcr, ancak her zaman ayn\u0131 anlama gelmezler \u2013 \u00f6\u011frencilerin y\u00fcz\u00fcne g\u00fcl\u00fcmseme getiren \u00fcnl\u00fc \u00ab\u00a0yanl\u0131\u015f arkada\u015f\u00a0\u00bb \u00f6rne\u011fi. Kullan\u0131m\u0131 farkl\u0131 olan benzer gramer yap\u0131lar\u0131 da vard\u0131r: Frans\u0131zcada, bile\u015fik zamanlar ve ge\u00e7mi\u015f zaman fiilimsilerinin uyumu, \u0130spanyolca reflekslerine g\u00fcvenenler i\u00e7in genellikle bir zorluk te\u015fkil eder. Telaffuza gelince, \u00ab\u00a0on\u00a0\u00bb veya \u00ab\u00a0an\u00a0\u00bb gibi burun sesleri ve baz\u0131 \u00fcnl\u00fcler \u015fa\u015f\u0131rt\u0131c\u0131 olabilir. <i><\/i> Elbette, \u0130spanyolca konu\u015fan biri olmak, s\u00f6zc\u00fck benzerlikleri sayesinde yaz\u0131l\u0131 Frans\u0131zcan\u0131n mant\u0131\u011f\u0131n\u0131 anlamada hafif bir avantaj sa\u011flayabilir. Ancak bu benzerlik bazen ciddi tuzaklar\u0131 gizler. \u00d6zellikle k\u0131sa metinler konu\u015fmaya veya yazmaya ba\u015flad\u0131\u011f\u0131n\u0131zda, kelime kelime \u00e7evirme cazibesi g\u00fc\u00e7l\u00fcd\u00fcr. Yayg\u0131n bir anekdot mu? \u00ab\u00a0Je suis embarass\u00e9\u00a0\u00bb (Ben utan\u0131yorum) ifadesi, \u0130spanyolca konu\u015fan birinin zihninde h\u0131zla \u00ab\u00a0Estoy embarazada\u00a0\u00bbya d\u00f6n\u00fc\u015f\u00fcr&#8230; oysa \u0130spanyolcada basit\u00e7e \u00ab\u00a0Hamileyim\u00a0\u00bb anlam\u0131na gelir. Kahkaha garanti \u2013 ilk ba\u015fta kafa kar\u0131\u015f\u0131kl\u0131\u011f\u0131 garip olsa bile. Bu nedenle, rahat ve stressiz bir \u015fekilde ilerlemek ve \u00e7evrimi\u00e7i sunulan mod\u00fcller ve ki\u015fiselle\u015ftirilmi\u015f geri bildirimler sayesinde \u00f6zg\u00fcven kazanmak i\u00e7in \u0130spanyolca konu\u015fanlara uyarlanm\u0131\u015f \u00f6\u011frenme y\u00f6ntemlerini se\u00e7menin \u00f6nemi b\u00fcy\u00fckt\u00fcr.\n<\/p>\n\n\n\n<p class=\"wp-block-paragraph\">\n <strong>\u0130spanyolca konu\u015fanlar i\u00e7in etkili bir Yabanc\u0131 Dil Olarak Frans\u0131zca (FLE) y\u00f6ntemi nas\u0131l se\u00e7ilir?<\/strong> Mevcut kaynaklar\u0131n \u00e7oklu\u011fu kar\u015f\u0131s\u0131nda, \u0130spanyolca konu\u015fanlar\u0131n dilsel \u00f6zelliklerini dikkate alanlar\u0131 hedeflemek \u00e7ok \u00f6nemlidir. Etkili bir FLE y\u00f6ntemi <i>Yap\u0131land\u0131r\u0131lm\u0131\u015f ilerlemeyi te\u015fvik eder, farkl\u0131l\u0131klara (gramer, fonetik, deyimsel) g\u00f6re uyarlanm\u0131\u015f etkinlikleri entegre eder ve ilk derslerden itibaren konu\u015fmay\u0131 te\u015fvik eder.<\/i>fle.re&rsquo;de sunulan gibi etkile\u015fimli platformlar, ho\u015f bir esneklik sa\u011flar:\n<\/p>\n\n\n\n<figure class=\"wp-block-embed is-type-video is-provider-youtube wp-block-embed-youtube wp-embed-aspect-16-9 wp-has-aspect-ratio\"><div class=\"wp-block-embed__wrapper\">\nA1 seviyesinde \u00e7evrimi\u00e7i Frans\u0131zca kurslar\u0131 bulacaks\u0131n\u0131z; bu kurslar, temel bilgileri edinmeye odaklanan egzersizlerle kendi h\u0131z\u0131n\u0131zda ba\u015flaman\u0131za olanak tan\u0131rken, tipik \u0130spanyolca tuzaklar\u0131ndan ka\u00e7\u0131nman\u0131z\u0131 sa\u011flar.\n<\/div><\/figure>\n\n\n\n<h2 class=\"wp-block-heading\"><\/h2>\n\n\n\n<p class=\"wp-block-paragraph\">\nUygun bir y\u00f6ntemi de\u011ferlendirmenize yard\u0131mc\u0131 olmak i\u00e7in, i\u015fte baz\u0131 faydal\u0131 kriterler: <strong>Konu\u015fulan Frans\u0131zcan\u0131n \u00f6zelliklerine kula\u011f\u0131n\u0131z\u0131 al\u0131\u015ft\u0131rmak i\u00e7in g\u00f6rsel ve i\u015fitsel kaynaklar\u0131n varl\u0131\u011f\u0131.<\/strong>\n<\/p>\n\n\n\n<p class=\"wp-block-paragraph\">\n\u0130spanyolca ve Frans\u0131zca aras\u0131ndaki yanl\u0131\u015f e\u015f k\u00f6kenli kelimeleri hedefleyen etkinlikler ve kelime kar\u0131\u015f\u0131kl\u0131\u011f\u0131n\u0131 \u00f6nlemek i\u00e7in ara\u00e7lar. <strong>G\u00fcnl\u00fck hayattan al\u0131nan diyaloglar arac\u0131l\u0131\u011f\u0131yla konu\u015fma prati\u011fi yapman\u0131za olanak tan\u0131yan ger\u00e7ek hayattan senaryolar.<\/strong> Ge\u00e7mi\u015f zaman orta\u00e7 uyumu, d\u00f6n\u00fc\u015fl\u00fc fiil \u00e7ekimi ve fiil zaman\u0131 kullan\u0131m\u0131ndaki farkl\u0131l\u0131klar \u00fczerine rehberli egzersizler. <strong>Hayal k\u0131r\u0131kl\u0131\u011f\u0131na u\u011framadan ilerlemek i\u00e7in etkile\u015fimli d\u00fczeltme ve ki\u015fiselle\u015ftirilmi\u015f geri bildirim.<\/strong> \n<\/p>\n\n\n\n<div id=\"ez-toc-container\" class=\"ez-toc-v2_0_82_2 ez-toc-wrap-center counter-hierarchy ez-toc-counter ez-toc-transparent ez-toc-container-direction\">\n<div class=\"ez-toc-title-container\">\n<p class=\"ez-toc-title\" style=\"cursor:inherit\">Sommaire<\/p>\n<span class=\"ez-toc-title-toggle\"><a href=\"#\" class=\"ez-toc-pull-right ez-toc-btn ez-toc-btn-xs ez-toc-btn-default ez-toc-toggle\" aria-label=\"Toggle Table of Content\"><span class=\"ez-toc-js-icon-con\"><span class=\"\"><span class=\"eztoc-hide\" style=\"display:none;\">Toggle<\/span><span class=\"ez-toc-icon-toggle-span\"><svg style=\"fill: #999;color:#999\" xmlns=\"http:\/\/www.w3.org\/2000\/svg\" class=\"list-377408\" width=\"20px\" height=\"20px\" viewBox=\"0 0 24 24\" fill=\"none\"><path d=\"M6 6H4v2h2V6zm14 0H8v2h12V6zM4 11h2v2H4v-2zm16 0H8v2h12v-2zM4 16h2v2H4v-2zm16 0H8v2h12v-2z\" fill=\"currentColor\"><\/path><\/svg><svg style=\"fill: #999;color:#999\" class=\"arrow-unsorted-368013\" xmlns=\"http:\/\/www.w3.org\/2000\/svg\" width=\"10px\" height=\"10px\" viewBox=\"0 0 24 24\" version=\"1.2\" baseProfile=\"tiny\"><path d=\"M18.2 9.3l-6.2-6.3-6.2 6.3c-.2.2-.3.4-.3.7s.1.5.3.7c.2.2.4.3.7.3h11c.3 0 .5-.1.7-.3.2-.2.3-.5.3-.7s-.1-.5-.3-.7zM5.8 14.7l6.2 6.3 6.2-6.3c.2-.2.3-.5.3-.7s-.1-.5-.3-.7c-.2-.2-.4-.3-.7-.3h-11c-.3 0-.5.1-.7.3-.2.2-.3.5-.3.7s.1.5.3.7z\"\/><\/svg><\/span><\/span><\/span><\/a><\/span><\/div>\n<nav><ul class='ez-toc-list ez-toc-list-level-1 eztoc-toggle-hide-by-default' ><li class='ez-toc-page-1 ez-toc-heading-level-2'><a class=\"ez-toc-link ez-toc-heading-1\" href=\"https:\/\/www.fle.re\/blog\/tr\/ispanyolca-konusanlar-icin-yabanci-dil-olarak-fransizca-uyarlanmis-yontemler\/#Fransizcada_hizli_ilerleme_kaydetmek_icin_hangi_egzersizlere_oncelik_vermelisiniz\" >Frans\u0131zcada h\u0131zl\u0131 ilerleme kaydetmek i\u00e7in hangi egzersizlere \u00f6ncelik vermelisiniz?<\/a><\/li><li class='ez-toc-page-1 ez-toc-heading-level-2'><a class=\"ez-toc-link ez-toc-heading-2\" href=\"https:\/\/www.fle.re\/blog\/tr\/ispanyolca-konusanlar-icin-yabanci-dil-olarak-fransizca-uyarlanmis-yontemler\/#Etkilesimli_cevrimici_kurslar\" >*Etkile\u015fimli \u00e7evrimi\u00e7i kurslar*<\/a><\/li><li class='ez-toc-page-1 ez-toc-heading-level-2'><a class=\"ez-toc-link ez-toc-heading-3\" href=\"https:\/\/www.fle.re\/blog\/tr\/ispanyolca-konusanlar-icin-yabanci-dil-olarak-fransizca-uyarlanmis-yontemler\/#Konusulan_dille_otantik_temas_genel_anlama_becerisinin_gelistirilmesi\" >*Konu\u015fulan dille otantik temas, genel anlama becerisinin geli\u015ftirilmesi*<\/a><\/li><li class='ez-toc-page-1 ez-toc-heading-level-2'><a class=\"ez-toc-link ez-toc-heading-4\" href=\"https:\/\/www.fle.re\/blog\/tr\/ispanyolca-konusanlar-icin-yabanci-dil-olarak-fransizca-uyarlanmis-yontemler\/#Ilerlemek_icin_iletisimsel_yaklasimlari_tercih_etmek_ve_yazmayi_ihmal_etmeden_duzenli_olarak_konusma_pratigi_yapmak_onerilir_Iki_dil_arasindaki_farkliliklara_odaklanan_gorsel_yardimcilar_ve_alistirmalar_etkili_ve_guvenli_bir_sekilde_ilerlemeye_gercekten_yardimci_olur_Kisiye_ozel_kendi_hizina_ve_amacina_uygun_bir_yontem_secmek_icin_zaman_ayirmak_ogrenmeyi_gunluk_olarak_cok_daha_keyifli_hale_getirir\" >\u0130lerlemek i\u00e7in, ileti\u015fimsel yakla\u015f\u0131mlar\u0131 tercih etmek ve yazmay\u0131 ihmal etmeden d\u00fczenli olarak konu\u015fma prati\u011fi yapmak \u00f6nerilir. \u0130ki dil aras\u0131ndaki farkl\u0131l\u0131klara odaklanan g\u00f6rsel yard\u0131mc\u0131lar ve al\u0131\u015ft\u0131rmalar, etkili ve g\u00fcvenli bir \u015fekilde ilerlemeye ger\u00e7ekten yard\u0131mc\u0131 olur. Ki\u015fiye \u00f6zel, kendi h\u0131z\u0131na ve amac\u0131na uygun bir y\u00f6ntem se\u00e7mek i\u00e7in zaman ay\u0131rmak, \u00f6\u011frenmeyi g\u00fcnl\u00fck olarak \u00e7ok daha keyifli hale getirir.<\/a><\/li><li class='ez-toc-page-1 ez-toc-heading-level-2'><a class=\"ez-toc-link ez-toc-heading-5\" href=\"https:\/\/www.fle.re\/blog\/tr\/ispanyolca-konusanlar-icin-yabanci-dil-olarak-fransizca-uyarlanmis-yontemler\/#Ispanyolca_konusan_ve_Fransizcayi_Yabanci_Dil_Olarak_Ogrenenler_FLE_Ispanyolcada_bulunmayan_%C2%AB_u_%C2%BB_veya_%C2%AB_r_%C2%BB_gibi_seslerin_telaffuzunda_ve_Fransizcadaki_soru_cumlelerinin_ozel_tonlamasinda_siklikla_zorluklarla_karsilasirlar_Bir_diger_zorluk_ise_Ispanyolca_gramerini_Fransizca_soz_dizimine_gore_modelleme_egilimidir_bu_da_yanlis_ifadelere_yol_acar_Uygun_yontemler_fonetik_alistirmalari_rehberli_tekrari_ve_anadili_Fransizca_olan_kisilerin_kayitlarini_dinlemeyi_onerir_Bir_ogretmenle_veya_cevrimici_bir_grupta_pratik_yapmak_da_kaygiyi_asmaya_konusmada_ozguven_gelistirmeye_ve_anlasilmak_icin_gerekli_olan_temel_otomatik_yanitlari_edinmeye_yardimci_olur\" >\u0130spanyolca konu\u015fan ve Frans\u0131zcay\u0131 Yabanc\u0131 Dil Olarak \u00d6\u011frenenler (FLE), \u0130spanyolcada bulunmayan \u00ab\u00a0u\u00a0\u00bb veya \u00ab\u00a0r\u00a0\u00bb gibi seslerin telaffuzunda ve Frans\u0131zcadaki soru c\u00fcmlelerinin \u00f6zel tonlamas\u0131nda s\u0131kl\u0131kla zorluklarla kar\u015f\u0131la\u015f\u0131rlar. Bir di\u011fer zorluk ise \u0130spanyolca gramerini Frans\u0131zca s\u00f6z dizimine g\u00f6re modelleme e\u011filimidir; bu da yanl\u0131\u015f ifadelere yol a\u00e7ar. Uygun y\u00f6ntemler, fonetik al\u0131\u015ft\u0131rmalar\u0131, rehberli tekrar\u0131 ve anadili Frans\u0131zca olan ki\u015filerin kay\u0131tlar\u0131n\u0131 dinlemeyi \u00f6nerir. Bir \u00f6\u011fretmenle veya \u00e7evrimi\u00e7i bir grupta pratik yapmak da kayg\u0131y\u0131 a\u015fmaya, konu\u015fmada \u00f6zg\u00fcven geli\u015ftirmeye ve anla\u015f\u0131lmak i\u00e7in gerekli olan temel otomatik yan\u0131tlar\u0131 edinmeye yard\u0131mc\u0131 olur.<\/a><\/li><li class='ez-toc-page-1 ez-toc-heading-level-2'><a class=\"ez-toc-link ez-toc-heading-6\" href=\"https:\/\/www.fle.re\/blog\/tr\/ispanyolca-konusanlar-icin-yabanci-dil-olarak-fransizca-uyarlanmis-yontemler\/#Avrupa_Konseyi_%E2%80%9COrtak_Avrupa_Dil_Referans_Cercevesi_Ogrenme_Ogretme_Degerlendirme_CEFR%E2%80%9D_Avrupa_Konseyi_2020-05-01_Erisim_tarihi_2024-06-14\" >Avrupa Konseyi. \u201cOrtak Avrupa Dil Referans \u00c7er\u00e7evesi: \u00d6\u011frenme, \u00d6\u011fretme, De\u011ferlendirme (CEFR).\u201d Avrupa Konseyi, 2020-05-01. Eri\u015fim tarihi: 2024-06-14.<\/a><\/li><\/ul><\/nav><\/div>\n<h2 class=\"wp-block-heading\"><span class=\"ez-toc-section\" id=\"Fransizcada_hizli_ilerleme_kaydetmek_icin_hangi_egzersizlere_oncelik_vermelisiniz\"><\/span>Frans\u0131zcada h\u0131zl\u0131 ilerleme kaydetmek i\u00e7in hangi egzersizlere \u00f6ncelik vermelisiniz?<span class=\"ez-toc-section-end\"><\/span><\/h2>\n\n\n\n<p class=\"wp-block-paragraph\">\nGer\u00e7ekten pratik Frans\u0131zca prati\u011fini vurgulayan etkile\u015fimli egzersizlere odaklanmak h\u0131zl\u0131 sonu\u00e7lar verir. \u0130spanyolca konu\u015fanlar, hata yapma korkusu olmadan kendilerini ifade edebilecekleri aktivitelerden faydalan\u0131rlar. Genellikle modern platformlarda bulunan \u00e7evrimi\u00e7i rol yapma oyunlar\u0131, basit bir \u00ab\u00a0Merhaba, nas\u0131ls\u0131n\u0131z?\u00a0\u00bbdan bir yer hakk\u0131nda pratik bilgi istemeye kadar g\u00fcnl\u00fck durumlar\u0131 deneyimlemenizi sa\u011flar. Bu rol yapma, duygular\u0131 harekete ge\u00e7irir, haf\u0131zay\u0131 uyar\u0131r ve kendili\u011finden ifadeyi te\u015fvik eder. <i>Ayr\u0131ca, \u00f6zenle haz\u0131rlanm\u0131\u015f listeler arac\u0131l\u0131\u011f\u0131yla g\u00fcnl\u00fck kelime da\u011farc\u0131\u011f\u0131 \u00fczerinde \u00e7al\u0131\u015fmak ak\u0131ll\u0131ca olacakt\u0131r. Yeni ba\u015flayanlar i\u00e7in Frans\u0131zca kelime bilgisi kaynaklar\u0131na buradan ula\u015fabilirsiniz.<\/i> \u00d6rne\u011fin, haf\u0131zalar\u0131n\u0131 a\u015f\u0131r\u0131 y\u00fcklemeden en s\u0131k kullan\u0131lan kelimeleri peki\u015ftirmek isteyenler i\u00e7in bunlar m\u00fckemmeldir. Temal\u0131 listeler kullanabilirsiniz: aile, ula\u015f\u0131m, yemekler vb. Ayr\u0131ca, k\u0131sa diyaloglar\u0131 dinlemeyi, tekrarlamay\u0131 ve konu\u015fma becerilerinizi de\u011ferlendirmek i\u00e7in sesinizi kaydetmeyi de d\u00fc\u015f\u00fcnebilirsiniz. Bu, dinleme, anlama ve telaffuz becerilerinizi g\u00fc\u00e7lendirirken, kula\u011f\u0131n\u0131z\u0131n \u00fcnl\u00fc Frans\u0131zca ba\u011fla\u00e7lar\u0131n\u0131 ve dilin ritminin inceliklerini alg\u0131lamas\u0131na yard\u0131mc\u0131 olur. <strong><\/strong> \u0130spanyolca ve Frans\u0131zca aras\u0131nda s\u0131k kar\u015f\u0131la\u015f\u0131lan tuzaklardan ka\u00e7\u0131nmak i\u00e7in baz\u0131 ipu\u00e7lar\u0131 nelerdir? <strong>D\u00fcr\u00fcst olal\u0131m, ba\u015flang\u0131\u00e7ta yanl\u0131\u015f e\u015f anlaml\u0131 kelimelerin tuza\u011f\u0131na d\u00fc\u015fmek neredeyse ka\u00e7\u0131n\u0131lmazd\u0131r. Ancak birka\u00e7 p\u00fcf noktas\u0131yla kar\u0131\u015f\u0131kl\u0131\u011f\u0131 s\u0131n\u0131rlayabilirsiniz. Bir tavsiye: kar\u015f\u0131la\u015ft\u0131\u011f\u0131n\u0131z \u00ab\u00a0zor\u00a0\u00bb kelimelerin bir listesini yap\u0131n ve bunlar\u0131n \u0130spanyolca de\u011fil, Frans\u0131zca&rsquo;daki kesin anlamlar\u0131n\u0131 d\u00fczenli olarak g\u00f6zden ge\u00e7irin. Basit ama inan\u0131lmaz derecede etkili. \u00d6te yandan, \u00f6zellikle \u0130spanyolca&rsquo;da bulunmayan sesler, \u00f6rne\u011fin burun sesleri veya \u00fcnl\u00fc Frans\u0131zca \u00ab\u00a0u\u00a0\u00bb gibi sesler i\u00e7in telaffuz farkl\u0131l\u0131klar\u0131na kula\u011f\u0131n\u0131z\u0131 al\u0131\u015ft\u0131rmak i\u00e7in sesli materyallerle \u00e7al\u0131\u015fmay\u0131 deneyin.<\/strong> \n<\/p>\n\n\n\n<p class=\"wp-block-paragraph\">\n\u00c7o\u011fu zaman insanlar, \u0130spanyolcaya \u00e7ok benzeyen c\u00fcmle yap\u0131lar\u0131 nedeniyle Frans\u0131zca ile de zorlan\u0131rlar. Orijinal metinleri analiz etmekten ve kelimelerin nas\u0131l farkl\u0131 \u015fekilde d\u00fczenlendi\u011fini g\u00f6zlemlemekten \u00e7ekinmeyin. \u00d6rne\u011fin, \u00ab\u00a0olmak\u00a0\u00bb veya \u00ab\u00a0sahip olmak\u00a0\u00bb fiillerinin tuzaklar\u0131na d\u00fc\u015fmekten nas\u0131l ka\u00e7\u0131nabilirsiniz? Etkile\u015fimli kaynaklara ba\u011flan\u0131n.\n<\/p>\n\n\n\n<ul class=\"wp-block-list\">\n<li>Seviyenize uygun \u00e7evrimi\u00e7i kaynaklar, e\u011fitmenlerden gelen geri bildirimler ve her \u015feyden \u00f6nemlisi sorular sormak! Forumlar ve uzaktan e\u011fitim platformlar\u0131 sayesinde g\u00fcn\u00fcm\u00fczde hi\u00e7bir \u015fey bu kadar kolay olamaz. Ayr\u0131ca, resmi ve gayri resmi \u00fcsluplar\u0131 net bir \u015fekilde ay\u0131rt etmeyi \u00f6\u011frenmek de \u00e7ok faydal\u0131; bu, gayri resmi \u00ab\u00a0tu\u00a0\u00bb bi\u00e7imini kullanmaya al\u0131\u015fk\u0131n \u0130spanyolca konu\u015fanlar i\u00e7in her zaman a\u00e7\u0131k olmayabilir. \u00d6nemli olan, al\u0131\u015f\u0131lm\u0131\u015f\u0131n d\u0131\u015f\u0131nda bir yol izlemek ve hatalar\u0131n\u0131zla alay etmek anlam\u0131na gelse bile, pratik yapmaya cesaret etmektir. <strong><\/strong>2024 y\u0131l\u0131nda \u0130spanyolca konu\u015fanlar i\u00e7in etkili Frans\u0131zca Yabanc\u0131 Dil (FLE) kaynaklar\u0131n\u0131 nerede bulabilirsiniz?<\/li>\n\n\n\n<li>\u00d6\u011frenmenin dijitalle\u015fmesiyle birlikte, \u0130spanyolca konu\u015fanlar\u0131n ihtiya\u00e7lar\u0131n\u0131 dikkate alan \u00e7ok say\u0131da kaynak bulunmaktad\u0131r. \u00c7evrimi\u00e7i platformlar, ba\u015flang\u0131\u00e7 \u200b\u200bseviyesinden ileri seviyeye kadar ki\u015fiselle\u015ftirilmi\u015f \u00f6\u011frenme yollar\u0131 sunmaktad\u0131r. Ba\u011f\u0131ms\u0131z mod\u00fcller bazen anadili Frans\u0131zca olan \u00f6\u011fretmenlerle yap\u0131lan konu\u015fma oturumlar\u0131yla da zenginle\u015ftirilmekte ve bu da konu\u015fulan Frans\u0131zcan\u0131n inceliklerini anlamay\u0131 kolayla\u015ft\u0131rmaktad\u0131r. Ki\u015fiye \u00f6zel bir \u00f6\u011frenme yoluna ba\u015flamak i\u00e7in,<\/li>\n\n\n\n<li><strong>A1 seviyesindeki bu \u00e7evrimi\u00e7i Frans\u0131zca kurslar\u0131<\/strong> beyni Frans\u0131zca sesleriyle tan\u0131\u015ft\u0131rmak i\u00e7in sesli ve g\u00f6rsel kaynaklarla sa\u011flam ve yap\u0131land\u0131r\u0131lm\u0131\u015f bir temel sunmaktad\u0131r.<strong><\/strong> Kaynak T\u00fcr\u00fc<\/li>\n\n\n\n<li>\u0130spanyolca Konu\u015fanlar \u0130\u00e7in Faydalar\u0131<\/li>\n\n\n\n<li>\u00d6nerilen Seviye<\/li>\n<\/ul>\n\n\n\n<h2 class=\"wp-block-heading\"><span class=\"ez-toc-section\" id=\"Etkilesimli_cevrimici_kurslar\"><\/span>*Etkile\u015fimli \u00e7evrimi\u00e7i kurslar*<span class=\"ez-toc-section-end\"><\/span><\/h2>\n\n\n\n<p class=\"wp-block-paragraph\">\n*Ki\u015fiselle\u015ftirilmi\u015f ilerleme, anadili konu\u015fanlara eri\u015fim, \u00f6zel geri bildirim* <strong>*Ba\u015flang\u0131\u00e7tan ileri seviyeye*<\/strong> *Tematik kelime listesi*\n<\/p>\n\n\n\n<p class=\"wp-block-paragraph\">\n*Temel kelime bilgisi edinimi, yanl\u0131\u015f e\u015f anlaml\u0131 kelimelerden ka\u00e7\u0131nma, g\u00fcnl\u00fck uygulama* <a href=\"https:\/\/www.fle.re\/blog\/vocabulaire-francais-debutants\/\" target=\"_blank\"><strong>*A1, A2, B1*<\/strong><\/a> *Frans\u0131zca podcast&rsquo;ler ve videolar*\n<\/p>\n\n\n\n<h2 class=\"wp-block-heading\"><span class=\"ez-toc-section\" id=\"Konusulan_dille_otantik_temas_genel_anlama_becerisinin_gelistirilmesi\"><\/span>*Konu\u015fulan dille otantik temas, genel anlama becerisinin geli\u015ftirilmesi*<span class=\"ez-toc-section-end\"><\/span><\/h2>\n\n\n\n<p class=\"wp-block-paragraph\">\n*A2&rsquo;den C2&rsquo;ye* <strong>Sonu\u00e7<\/strong> \n<\/p>\n\n\n\n<p class=\"wp-block-paragraph\">\n\u0130spanyolca konu\u015fanlara Frans\u0131zcay\u0131 yabanc\u0131 dil olarak \u00f6\u011fretmek i\u00e7in uyarlanm\u0131\u015f y\u00f6ntemler <strong>\u0130spanyolca ve Frans\u0131zca aras\u0131ndaki dilsel yak\u0131nl\u0131kla ilgili \u00f6zel ihtiya\u00e7lar\u0131 dikkate al\u0131rlar. Bu benzerlik, baz\u0131 gramer noktalar\u0131n\u0131n anla\u015f\u0131lmas\u0131n\u0131 kolayla\u015ft\u0131r\u0131r, ancak ayn\u0131 zamanda yanl\u0131\u015f e\u015f k\u00f6kenli kelimeler ve telaffuz konusunda da dikkatli olmay\u0131 gerektirir. Bu, ilk birka\u00e7 derste h\u0131zla belirginle\u015fir: \u00f6\u011frenilmesi gereken otomatik yan\u0131tlar vard\u0131r!<\/strong> \n<\/p>\n\n\n\n<h2 class=\"wp-block-heading\"><span class=\"ez-toc-section\" id=\"Ilerlemek_icin_iletisimsel_yaklasimlari_tercih_etmek_ve_yazmayi_ihmal_etmeden_duzenli_olarak_konusma_pratigi_yapmak_onerilir_Iki_dil_arasindaki_farkliliklara_odaklanan_gorsel_yardimcilar_ve_alistirmalar_etkili_ve_guvenli_bir_sekilde_ilerlemeye_gercekten_yardimci_olur_Kisiye_ozel_kendi_hizina_ve_amacina_uygun_bir_yontem_secmek_icin_zaman_ayirmak_ogrenmeyi_gunluk_olarak_cok_daha_keyifli_hale_getirir\"><\/span>\u0130lerlemek i\u00e7in, ileti\u015fimsel yakla\u015f\u0131mlar\u0131 tercih etmek ve yazmay\u0131 ihmal etmeden d\u00fczenli olarak konu\u015fma prati\u011fi yapmak \u00f6nerilir. \u0130ki dil aras\u0131ndaki farkl\u0131l\u0131klara odaklanan g\u00f6rsel yard\u0131mc\u0131lar ve al\u0131\u015ft\u0131rmalar, etkili ve g\u00fcvenli bir \u015fekilde ilerlemeye ger\u00e7ekten yard\u0131mc\u0131 olur. Ki\u015fiye \u00f6zel, kendi h\u0131z\u0131na ve amac\u0131na uygun bir y\u00f6ntem se\u00e7mek i\u00e7in zaman ay\u0131rmak, \u00f6\u011frenmeyi g\u00fcnl\u00fck olarak \u00e7ok daha keyifli hale getirir.<span class=\"ez-toc-section-end\"><\/span><\/h2>\n\n\n\n<p class=\"wp-block-paragraph\">\n <strong>\u0130spanyolca konu\u015fan yeni ba\u015flayanlar i\u00e7in hangi Frans\u0131zca Yabanc\u0131 Dil (FLE) y\u00f6ntemleri uygundur?<\/strong>\u0130spanyolca konu\u015fanlar i\u00e7in \u00f6nemli FLE y\u00f6ntemleri aras\u0131nda, s\u00f6zl\u00fc ilerlemeyi ve iki dilli kaynaklar\u0131 \u00f6nceliklendiren ileti\u015fimsel yakla\u015f\u0131mlar yer almaktad\u0131r. Bir\u00e7ok y\u00f6ntem, anlamay\u0131 kolayla\u015ft\u0131rmak i\u00e7in \u0130spanyolca a\u00e7\u0131klamalar sunmaktad\u0131r. Genellikle ger\u00e7ek hayattan esinlenen ba\u011flaml\u0131 diyaloglar i\u00e7eren sesli al\u0131\u015ft\u0131rmalar, ilk ad\u0131m\u0131 atmak i\u00e7in \u00e7ok etkilidir. G\u00f6rsel yard\u0131mc\u0131lar (videolar, resimler) bir kelimeyi bir durumla ili\u015fkilendirmeye ve kelime kelime \u00e7evirinin tuzaklar\u0131ndan ka\u00e7\u0131nmaya yard\u0131mc\u0131 olur. Baz\u0131 platformlar ayr\u0131ca iki dil aras\u0131ndaki gramer benzerliklerini ve farkl\u0131l\u0131klar\u0131n\u0131 dikkate alan \u00f6zel \u00f6\u011frenme yollar\u0131 da sunmaktad\u0131r. Son olarak, vurgu etkile\u015fim ve tekrara y\u00f6neliktir. \u0130lerlemek i\u00e7in, <a href=\"https:\/\/www.fle.re\/blog\/cours-francais-en-ligne-a1\/\" target=\"_blank\">bu sayfada sunulanlar gibi pratik al\u0131\u015ft\u0131rmalarla destekleyin ve<\/a> bu ba\u011flant\u0131daki etkile\u015fimli al\u0131\u015ft\u0131rmalar\u0131 deneyin.\n<\/p>\n\n\n\n<figure class=\"wp-block-table\"><table>\n<tr>\n<th><strong><\/strong><\/th>\n<th><strong>Yabanc\u0131 Dil Olarak Frans\u0131zca (FLE) \u00f6\u011freniminde \u0130spanyolca ve Frans\u0131zca aras\u0131ndaki etkile\u015fimi nas\u0131l \u00f6nleyebiliriz?<\/strong><\/th>\n<th><strong><\/strong><\/th>\n<\/tr>\n<tr>\n<td>\u0130spanyolca konu\u015fanlar i\u00e7in Yabanc\u0131 Dil Olarak Frans\u0131zca \u00f6\u011freniminde etkile\u015fimi s\u0131n\u0131rlamak i\u00e7in: uyarlanm\u0131\u015f y\u00f6ntemler<\/td>\n<td>Frans\u0131zcaya \u00f6zg\u00fc yanl\u0131\u015f e\u015f anlaml\u0131 kelimeleri ve gramer \u00f6zelliklerini belirlemeye odaklan\u0131n. Benzer kelime \u00e7iftleriyle (\u00f6rne\u011fin, \u201cembarazada\u201d\/\u201cembarrass\u00e9e\u201d) \u00e7al\u0131\u015f\u0131n ve farkl\u0131l\u0131klar\u0131 sistematik olarak not edin. Etkili \u00f6\u011fretim y\u00f6ntemleri, yayg\u0131n kar\u0131\u015f\u0131kl\u0131klar\u0131 hedefleyen al\u0131\u015ft\u0131rmalar\u0131 i\u00e7erir. Frans\u0131zcan\u0131n \u00e7e\u015fitli ba\u011flamlarda d\u00fczenli kullan\u0131m\u0131, her dile \u00f6zg\u00fc yap\u0131lar\u0131 ay\u0131rt etmeye yard\u0131mc\u0131 olur. Son olarak, bir e\u011fitmenle s\u00f6zl\u00fc etkile\u015fim, kar\u0131\u015f\u0131kl\u0131k hatalar\u0131n\u0131 h\u0131zl\u0131 bir \u015fekilde d\u00fczeltmenize ve konu\u015fman\u0131z\u0131 farkl\u0131 \u015fekilde yap\u0131land\u0131rmay\u0131 \u00f6\u011frenmenize olanak tan\u0131rken, Frans\u0131zca diline do\u011fal hakimiyetinizi de peki\u015ftirir.<\/td>\n<td><\/td>\n<\/tr>\n<tr>\n<td>\u0130spanyolca konu\u015fanlar i\u00e7in Frans\u0131zcay\u0131 Yabanc\u0131 Dil Olarak \u00d6\u011frenmeyi (FLE) kolayla\u015ft\u0131ran \u00e7evrimi\u00e7i ara\u00e7lar nelerdir?<\/td>\n<td><\/td>\n<td>Bir\u00e7ok platform, \u0130spanyolca konu\u015fanlar i\u00e7in uyarlanm\u0131\u015f FLE y\u00f6ntemleri sunmaktad\u0131r.<\/td>\n<\/tr>\n<tr>\n<td><\/td>\n<td>\u0130ki dilli kurslar, kendi kendini d\u00fczelten al\u0131\u015ft\u0131rmalar, \u00f6zellikle \u0130spanyolca konu\u015fanlar i\u00e7in tasarlanm\u0131\u015f podcast&rsquo;ler ve Frans\u0131zca ve \u0130spanyolca altyaz\u0131l\u0131 e\u011fitim videolar\u0131 bulacaks\u0131n\u0131z. Mobil uygulamalar genellikle ki\u015fiselle\u015ftirilmi\u015f \u00f6\u011frenme yollar\u0131 ve aktif bir \u00e7al\u0131\u015fma rutini s\u00fcrd\u00fcrmek i\u00e7in hat\u0131rlat\u0131c\u0131lar i\u00e7erir. Frans\u0131zca ve \u0130spanyolca konu\u015fanlar i\u00e7in \u00e7evrimi\u00e7i forumlar ve sanal s\u0131n\u0131flar, s\u00f6zl\u00fc prati\u011fi ve akran deste\u011fini te\u015fvik eder. \u00d6\u011freniminizi h\u0131zla peki\u015ftirmek i\u00e7in, \u00f6zel web sitelerindeki \u00e7evrimi\u00e7i al\u0131\u015ft\u0131rmalar gibi etkile\u015fimli kaynaklardan yararlan\u0131n, dinleme ve okuma anlama aras\u0131nda ge\u00e7i\u015f yap\u0131n ve g\u00fcnl\u00fck kelime da\u011farc\u0131\u011f\u0131n\u0131n pratik uygulamalar\u0131n\u0131 kullan\u0131n.<\/td>\n<td>\u0130spanyolca konu\u015fanlar i\u00e7in s\u00f6zl\u00fc ifadede kar\u015f\u0131la\u015f\u0131lan \u00f6zel zorluklar nelerdir?<\/td>\n<\/tr>\n<\/table><\/figure>\n\n\n\n<h2 class=\"wp-block-heading\"><span class=\"ez-toc-section\" id=\"Ispanyolca_konusan_ve_Fransizcayi_Yabanci_Dil_Olarak_Ogrenenler_FLE_Ispanyolcada_bulunmayan_%C2%AB_u_%C2%BB_veya_%C2%AB_r_%C2%BB_gibi_seslerin_telaffuzunda_ve_Fransizcadaki_soru_cumlelerinin_ozel_tonlamasinda_siklikla_zorluklarla_karsilasirlar_Bir_diger_zorluk_ise_Ispanyolca_gramerini_Fransizca_soz_dizimine_gore_modelleme_egilimidir_bu_da_yanlis_ifadelere_yol_acar_Uygun_yontemler_fonetik_alistirmalari_rehberli_tekrari_ve_anadili_Fransizca_olan_kisilerin_kayitlarini_dinlemeyi_onerir_Bir_ogretmenle_veya_cevrimici_bir_grupta_pratik_yapmak_da_kaygiyi_asmaya_konusmada_ozguven_gelistirmeye_ve_anlasilmak_icin_gerekli_olan_temel_otomatik_yanitlari_edinmeye_yardimci_olur\"><\/span>\u0130spanyolca konu\u015fan ve Frans\u0131zcay\u0131 Yabanc\u0131 Dil Olarak \u00d6\u011frenenler (FLE), \u0130spanyolcada bulunmayan \u00ab\u00a0u\u00a0\u00bb veya \u00ab\u00a0r\u00a0\u00bb gibi seslerin telaffuzunda ve Frans\u0131zcadaki soru c\u00fcmlelerinin \u00f6zel tonlamas\u0131nda s\u0131kl\u0131kla zorluklarla kar\u015f\u0131la\u015f\u0131rlar. Bir di\u011fer zorluk ise \u0130spanyolca gramerini Frans\u0131zca s\u00f6z dizimine g\u00f6re modelleme e\u011filimidir; bu da yanl\u0131\u015f ifadelere yol a\u00e7ar. Uygun y\u00f6ntemler, fonetik al\u0131\u015ft\u0131rmalar\u0131, rehberli tekrar\u0131 ve anadili Frans\u0131zca olan ki\u015filerin kay\u0131tlar\u0131n\u0131 dinlemeyi \u00f6nerir. Bir \u00f6\u011fretmenle veya \u00e7evrimi\u00e7i bir grupta pratik yapmak da kayg\u0131y\u0131 a\u015fmaya, konu\u015fmada \u00f6zg\u00fcven geli\u015ftirmeye ve anla\u015f\u0131lmak i\u00e7in gerekli olan temel otomatik yan\u0131tlar\u0131 edinmeye yard\u0131mc\u0131 olur.<span class=\"ez-toc-section-end\"><\/span><\/h2>\n\n\n\n<p class=\"wp-block-paragraph\">\n <strong>\u0130spanyolca konu\u015fanlar i\u00e7in uyarlanm\u0131\u015f FLE y\u00f6ntemleriyle ilerlemenizi nas\u0131l de\u011ferlendirebilirsiniz?<\/strong> \n<\/p>\n\n\n\n<p class=\"wp-block-paragraph\">\n\u0130spanyolca konu\u015fanlar i\u00e7in uyarlanm\u0131\u015f bir FLE y\u00f6ntemiyle ilerlemenizi \u00f6l\u00e7mek i\u00e7in <strong><\/strong> bir\u00e7ok modern y\u00f6ntemde bulunan d\u00fczenli \u00f6z de\u011ferlendirmeleri kullan\u0131n: cevap anahtarl\u0131 testler, modellerle kar\u015f\u0131la\u015ft\u0131rmak i\u00e7in s\u00f6zl\u00fc kay\u0131tlar veya \u00f6\u011frenme g\u00fcnl\u00fckleri. CEFR (Ortak Avrupa Dil Referans \u00c7er\u00e7evesi) ile uyumlu testler, her seviyede becerilerinizi de\u011ferlendirmenize olanak tan\u0131r: dinleme anlama, okuma anlama, konu\u015fma ve etkile\u015fim. Bunu ger\u00e7ek d\u00fcnya prati\u011fiyle destekleyin: k\u0131sa metinler yaz\u0131n, \u00e7evrimi\u00e7i veya y\u00fcz y\u00fcze konu\u015fmalara kat\u0131l\u0131n ve geri bildirimi de\u011ferlendirin (ak\u0131c\u0131l\u0131k, tekrarlayan hatalar). Bir e\u011fitmenin hedefli d\u00fczeltmeleri veya forumlardaki geri bildirimler de \u00e7ok faydal\u0131d\u0131r. <strong><\/strong>Kaynaklar\n<\/p>\n\n\n\n<p class=\"wp-block-paragraph\"><section class=\"faq\">\n<div>\n<h2><span class=\"ez-toc-section\" id=\"Avrupa_Konseyi_%E2%80%9COrtak_Avrupa_Dil_Referans_Cercevesi_Ogrenme_Ogretme_Degerlendirme_CEFR%E2%80%9D_Avrupa_Konseyi_2020-05-01_Erisim_tarihi_2024-06-14\"><\/span>Avrupa Konseyi. \u201cOrtak Avrupa Dil Referans \u00c7er\u00e7evesi: \u00d6\u011frenme, \u00d6\u011fretme, De\u011ferlendirme (CEFR).\u201d Avrupa Konseyi, 2020-05-01. Eri\u015fim tarihi: 2024-06-14.<span class=\"ez-toc-section-end\"><\/span><\/h2>\n<div>\n<p><strong><\/strong> Ayr\u0131ca bak\u0131n\u0131z <a href=\"https:\/\/www.fle.re\/blog\/conjugaison-francaise-exercices\/\" target=\"_blank\">Milli E\u011fitim ve Gen\u00e7lik Bakanl\u0131\u011f\u0131. \u201cFrans\u0131zca dil seviyeleri ve ilgili beceriler.\u201d Education.gouv.fr, 2023-09-15. Eri\u015fim tarihi: 2024-06-14.<\/a>  <a href=\"https:\/\/www.fle.re\/blog\/exercices-fle-interactifs\/\" target=\"_blank\">Ayr\u0131ca bak\u0131n\u0131z<\/a>Lorraine \u00dcniversitesi. \u00ab\u00a0Yabanc\u0131 Dil Olarak Frans\u0131zca \u00d6\u011fretim Y\u00f6ntemleri: Genel Bak\u0131\u015f ve Kaynaklar.\u00a0\u00bb Ulorraine.fr, 17 \u015eubat 2022. Eri\u015fim tarihi: 14 Haziran 2024.<\/p>\n<\/div>\n<\/div>\n<div>\n<h2><\/h2>\n<div>\n<p>G\u00f6r\u00fcnt\u00fcle <strong><\/strong><\/p>\n<\/div>\n<\/div>\n<div>\n<h2><\/h2>\n<div>\n<p> <strong><\/strong><\/p>\n<\/div>\n<\/div>\n<div>\n<h2><\/h2>\n<div>\n<p><\/p>\n<\/div>\n<\/div>\n<div>\n<h2><\/h2>\n<div>\n<p> <strong><\/strong><\/p>\n<\/div>\n<\/div>\n<\/section><\/p>\n\n\n\n<h2 class=\"wp-block-heading\"><\/h2>\n\n\n\n<ol class=\"wp-block-list\">\n<li> <a href=\"https:\/\/www.coe.int\/fr\/web\/common-european-framework-reference-languages\" rel=\"nofollow noopener noreferrer\" target=\"_blank\"><\/a><\/li>\n\n\n\n<li> <a href=\"https:\/\/www.education.gouv.fr\/les-niveaux-de-langue-en-francais-et-les-competences-associees-6052\" rel=\"nofollow noopener noreferrer\" target=\"_blank\"><\/a><\/li>\n\n\n\n<li> <a href=\"https:\/\/bu.univ-lorraine.fr\/methodes-apprentissage-fle\/\" rel=\"nofollow noopener noreferrer\" target=\"_blank\"><\/a><\/li>\n<\/ol>\n\n","protected":false},"excerpt":{"rendered":"<p>\u0130spanyolca konu\u015fanlar i\u00e7in Frans\u0131zcay\u0131 yabanc\u0131 dil olarak \u00f6\u011frenmek (FLE), belirli sorular\u0131 g\u00fcndeme getiriyor: \u0130spanyolcan\u0131n telaffuz, dil bilgisi ve kelime da\u011farc\u0131\u011f\u0131 [&hellip;]<\/p>\n","protected":false},"author":2,"featured_media":462,"comment_status":"open","ping_status":"open","sticky":false,"template":"","format":"standard","meta":{"_crdt_document":"","site-sidebar-layout":"default","site-content-layout":"","ast-site-content-layout":"default","site-content-style":"default","site-sidebar-style":"default","ast-global-header-display":"","ast-banner-title-visibility":"","ast-main-header-display":"","ast-hfb-above-header-display":"","ast-hfb-below-header-display":"","ast-hfb-mobile-header-display":"","site-post-title":"","ast-breadcrumbs-content":"","ast-featured-img":"","footer-sml-layout":"","ast-disable-related-posts":"","theme-transparent-header-meta":"","adv-header-id-meta":"","stick-header-meta":"","header-above-stick-meta":"","header-main-stick-meta":"","header-below-stick-meta":"","astra-migrate-meta-layouts":"default","ast-page-background-enabled":"default","ast-page-background-meta":{"desktop":{"background-color":"var(--ast-global-color-5)","background-image":"","background-repeat":"repeat","background-position":"center center","background-size":"auto","background-attachment":"scroll","background-type":"","background-media":"","overlay-type":"","overlay-color":"","overlay-opacity":"","overlay-gradient":""},"tablet":{"background-color":"","background-image":"","background-repeat":"repeat","background-position":"center center","background-size":"auto","background-attachment":"scroll","background-type":"","background-media":"","overlay-type":"","overlay-color":"","overlay-opacity":"","overlay-gradient":""},"mobile":{"background-color":"","background-image":"","background-repeat":"repeat","background-position":"center center","background-size":"auto","background-attachment":"scroll","background-type":"","background-media":"","overlay-type":"","overlay-color":"","overlay-opacity":"","overlay-gradient":""}},"ast-content-background-meta":{"desktop":{"background-color":"var(--ast-global-color-4)","background-image":"","background-repeat":"repeat","background-position":"center center","background-size":"auto","background-attachment":"scroll","background-type":"","background-media":"","overlay-type":"","overlay-color":"","overlay-opacity":"","overlay-gradient":""},"tablet":{"background-color":"var(--ast-global-color-4)","background-image":"","background-repeat":"repeat","background-position":"center center","background-size":"auto","background-attachment":"scroll","background-type":"","background-media":"","overlay-type":"","overlay-color":"","overlay-opacity":"","overlay-gradient":""},"mobile":{"background-color":"var(--ast-global-color-4)","background-image":"","background-repeat":"repeat","background-position":"center center","background-size":"auto","background-attachment":"scroll","background-type":"","background-media":"","overlay-type":"","overlay-color":"","overlay-opacity":"","overlay-gradient":""}},"footnotes":""},"categories":[708],"tags":[2787,1927,2790,4231,4234],"class_list":["post-1681","post","type-post","status-publish","format-standard","has-post-thumbnail","hentry","category-non-classe-tr","tag-cicek-tr","tag-fransizca-ogrenmek-tr","tag-fransizca-yabanci-dil-olarak-tr","tag-ispanyolca-konusanlar-tr","tag-ogretim-yontemleri-tr"],"_links":{"self":[{"href":"https:\/\/www.fle.re\/blog\/wp-json\/wp\/v2\/posts\/1681","targetHints":{"allow":["GET"]}}],"collection":[{"href":"https:\/\/www.fle.re\/blog\/wp-json\/wp\/v2\/posts"}],"about":[{"href":"https:\/\/www.fle.re\/blog\/wp-json\/wp\/v2\/types\/post"}],"author":[{"embeddable":true,"href":"https:\/\/www.fle.re\/blog\/wp-json\/wp\/v2\/users\/2"}],"replies":[{"embeddable":true,"href":"https:\/\/www.fle.re\/blog\/wp-json\/wp\/v2\/comments?post=1681"}],"version-history":[{"count":2,"href":"https:\/\/www.fle.re\/blog\/wp-json\/wp\/v2\/posts\/1681\/revisions"}],"predecessor-version":[{"id":2049,"href":"https:\/\/www.fle.re\/blog\/wp-json\/wp\/v2\/posts\/1681\/revisions\/2049"}],"wp:featuredmedia":[{"embeddable":true,"href":"https:\/\/www.fle.re\/blog\/wp-json\/wp\/v2\/media\/462"}],"wp:attachment":[{"href":"https:\/\/www.fle.re\/blog\/wp-json\/wp\/v2\/media?parent=1681"}],"wp:term":[{"taxonomy":"category","embeddable":true,"href":"https:\/\/www.fle.re\/blog\/wp-json\/wp\/v2\/categories?post=1681"},{"taxonomy":"post_tag","embeddable":true,"href":"https:\/\/www.fle.re\/blog\/wp-json\/wp\/v2\/tags?post=1681"}],"curies":[{"name":"wp","href":"https:\/\/api.w.org\/{rel}","templated":true}]}}