{"id":1738,"date":"2026-01-01T18:21:38","date_gmt":"2026-01-01T18:21:38","guid":{"rendered":"https:\/\/www.fle.re\/blog\/?p=1738"},"modified":"2026-01-13T16:02:52","modified_gmt":"2026-01-13T16:02:52","slug":"revisar-la-gramatica-francesa-de-manera-eficaz","status":"publish","type":"post","link":"https:\/\/www.fle.re\/blog\/es\/revisar-la-gramatica-francesa-de-manera-eficaz\/","title":{"rendered":"Revisar la gram\u00e1tica francesa de manera eficaz"},"content":{"rendered":"\n<p class=\"wp-block-paragraph\">\nDominar la gram\u00e1tica francesa no es innato, sobre todo si se busca un progreso r\u00e1pido y sostenible. Muchos estudiantes tienen dificultades con ciertas reglas complejas, como la conjugaci\u00f3n, la concordancia y la estructura oracional. No es raro dudar de un pronombre, una concordancia o un tiempo verbal al escribir o incluso en una conversaci\u00f3n sencilla. \u00ab\u00a0\u00bfD\u00f3nde pongo este adjetivo?\u00a0\u00bb \u00ab\u00a0\u00bfPor qu\u00e9 cambia constantemente este verbo?\u00a0\u00bb Estas peque\u00f1as preguntas surgen constantemente. Afortunadamente, repasar la gram\u00e1tica francesa eficazmente es posible, incluso de forma independiente, si se adoptan m\u00e9todos inteligentes y progresivos. Priorizar el aprendizaje activo, variar los recursos y abordar las debilidades es mucho m\u00e1s sencillo de lo que parece. En la plataforma fle.re, cada usuario descubre consejos concretos para mejorar r\u00e1pidamente su gram\u00e1tica mientras disfruta del proceso de aprendizaje. Comprender por qu\u00e9 se aplica una regla y practicar con regularidad transforma la gram\u00e1tica en una herramienta, no en una limitaci\u00f3n. Pasar de una comprensi\u00f3n vacilante a una fluidez genuina requiere constancia, un poco de curiosidad y, sobre todo, un enfoque adecuado. <strong><\/strong> https:\/\/www.youtube.com\/watch?v=Xzq03Fw26tM <i>\u00bfC\u00f3mo repasar la gram\u00e1tica francesa sin olvidarlo todo al d\u00eda siguiente?<\/i>Mantener la motivaci\u00f3n para repasar la gram\u00e1tica francesa no siempre es f\u00e1cil, especialmente al aprender en l\u00ednea o por tu cuenta. Para interiorizar las reglas, primero debes aceptar los errores y avanzar paso a paso. Cuando trabajo con amigos, familiares o estudiantes, siempre recomiendo empezar por lo que ya sabes: releer tus propios textos en voz alta suele ayudar a identificar errores comunes y \u00e1reas de mejora. <strong>Adem\u00e1s, practicar regularmente con recursos variados, como art\u00edculos, di\u00e1logos cotidianos o ejercicios de cursos de franc\u00e9s en l\u00ednea, ayuda a integrar las particularidades del franc\u00e9s. No basta con memorizar una regla; hay que reconocerla en contexto y usarla espont\u00e1neamente. Un m\u00e9todo eficaz es crear minicuestionarios o modificar ligeramente las frases le\u00eddas para probar diferentes estructuras (afirmativa, negativa, interrogativa, etc.). Si prefieres el aprendizaje visual, los diagramas o tablas que resumen las concordancias o conjugaciones pueden convertirse en aliados invaluables durante el repaso. \u00bfQu\u00e9 aplicaciones y herramientas puedes usar para practicar la gram\u00e1tica francesa? Las aplicaciones m\u00f3viles y las herramientas en l\u00ednea son ahora herramientas esenciales para practicar la gram\u00e1tica francesa cuando quieres mejorar. Usar diversos recursos rompe la rutina y estimula a\u00fan m\u00e1s la memoria. Por ejemplo, la aplicaci\u00f3n iDict\u00e9e ofrece diferentes niveles de dictados de audio y te permite trabajar tanto la ortograf\u00eda como la sintaxis, a la vez que experimentas la realidad del lenguaje hablado: la comprensi\u00f3n lectora suele marcar la diferencia en un examen o en el trabajo. Dr. French ofrece lecciones cortas con cuestionarios autocorrectivos, ideales para practicar de forma r\u00e1pida y repetitiva durante los desplazamientos diarios o en descansos cortos.<\/strong>\n<\/p>\n\n\n\n<p class=\"wp-block-paragraph\">\niDict\u00e9e: <strong>Ejercicios de audio sobre gram\u00e1tica y dictados<\/strong> <i>Dr. French:<\/i> Lecciones interactivas y cuestionarios sobre gram\u00e1tica\n<\/p>\n\n\n\n<figure class=\"wp-block-embed is-type-video is-provider-youtube wp-block-embed-youtube wp-embed-aspect-16-9 wp-has-aspect-ratio\"><div class=\"wp-block-embed__wrapper\">\n\n<\/div><\/figure>\n\n\n\n<div id=\"ez-toc-container\" class=\"ez-toc-v2_0_82_2 ez-toc-wrap-center counter-hierarchy ez-toc-counter ez-toc-transparent ez-toc-container-direction\">\n<div class=\"ez-toc-title-container\">\n<p class=\"ez-toc-title\" style=\"cursor:inherit\">Sommaire<\/p>\n<span class=\"ez-toc-title-toggle\"><a href=\"#\" class=\"ez-toc-pull-right ez-toc-btn ez-toc-btn-xs ez-toc-btn-default ez-toc-toggle\" aria-label=\"Toggle Table of Content\"><span class=\"ez-toc-js-icon-con\"><span class=\"\"><span class=\"eztoc-hide\" style=\"display:none;\">Toggle<\/span><span class=\"ez-toc-icon-toggle-span\"><svg style=\"fill: #999;color:#999\" xmlns=\"http:\/\/www.w3.org\/2000\/svg\" class=\"list-377408\" width=\"20px\" height=\"20px\" viewBox=\"0 0 24 24\" fill=\"none\"><path d=\"M6 6H4v2h2V6zm14 0H8v2h12V6zM4 11h2v2H4v-2zm16 0H8v2h12v-2zM4 16h2v2H4v-2zm16 0H8v2h12v-2z\" fill=\"currentColor\"><\/path><\/svg><svg style=\"fill: #999;color:#999\" class=\"arrow-unsorted-368013\" xmlns=\"http:\/\/www.w3.org\/2000\/svg\" width=\"10px\" height=\"10px\" viewBox=\"0 0 24 24\" version=\"1.2\" baseProfile=\"tiny\"><path d=\"M18.2 9.3l-6.2-6.3-6.2 6.3c-.2.2-.3.4-.3.7s.1.5.3.7c.2.2.4.3.7.3h11c.3 0 .5-.1.7-.3.2-.2.3-.5.3-.7s-.1-.5-.3-.7zM5.8 14.7l6.2 6.3 6.2-6.3c.2-.2.3-.5.3-.7s-.1-.5-.3-.7c-.2-.2-.4-.3-.7-.3h-11c-.3 0-.5.1-.7.3-.2.2-.3.5-.3.7s.1.5.3.7z\"\/><\/svg><\/span><\/span><\/span><\/a><\/span><\/div>\n<nav><ul class='ez-toc-list ez-toc-list-level-1 eztoc-toggle-hide-by-default' ><li class='ez-toc-page-1 ez-toc-heading-level-2'><a class=\"ez-toc-link ez-toc-heading-1\" href=\"https:\/\/www.fle.re\/blog\/es\/revisar-la-gramatica-francesa-de-manera-eficaz\/#Projet_Voltaire\" >Projet Voltaire:<\/a><\/li><li class='ez-toc-page-1 ez-toc-heading-level-2'><a class=\"ez-toc-link ez-toc-heading-2\" href=\"https:\/\/www.fle.re\/blog\/es\/revisar-la-gramatica-francesa-de-manera-eficaz\/#%C2%BFComo_identificar_los_puntos_gramaticales_que_causan_problemas\" >\u00bfC\u00f3mo identificar los puntos gramaticales que causan problemas?<\/a><\/li><li class='ez-toc-page-1 ez-toc-heading-level-2'><a class=\"ez-toc-link ez-toc-heading-3\" href=\"https:\/\/www.fle.re\/blog\/es\/revisar-la-gramatica-francesa-de-manera-eficaz\/#Recursos_FLERE\" >Recursos FLE.RE<\/a><\/li><li class='ez-toc-page-1 ez-toc-heading-level-2'><a class=\"ez-toc-link ez-toc-heading-4\" href=\"https:\/\/www.fle.re\/blog\/es\/revisar-la-gramatica-francesa-de-manera-eficaz\/#%C2%BFComo_enfocarte_en_areas_especificas_para_trabajar_en_la_gramatica_francesa\" >\u00bfC\u00f3mo enfocarte en \u00e1reas espec\u00edficas para trabajar en la gram\u00e1tica francesa?<\/a><\/li><li class='ez-toc-page-1 ez-toc-heading-level-2'><a class=\"ez-toc-link ez-toc-heading-5\" href=\"https:\/\/www.fle.re\/blog\/es\/revisar-la-gramatica-francesa-de-manera-eficaz\/#Ministerio_de_Educacion_Nacional_y_Juventud_%E2%80%9CGramatica_Francesa_Programas_y_Recursos%E2%80%9D_Eduscol_2_de_septiembre_de_2021_Consultado_el_13_de_junio_de_2024\" >Ministerio de Educaci\u00f3n Nacional y Juventud. \u201cGram\u00e1tica Francesa: Programas y Recursos\u201d. Eduscol, 2 de septiembre de 2021. Consultado el 13 de junio de 2024.<\/a><\/li><\/ul><\/nav><\/div>\n<h2 class=\"wp-block-heading\"><span class=\"ez-toc-section\" id=\"Projet_Voltaire\"><\/span>Projet Voltaire:<span class=\"ez-toc-section-end\"><\/span><\/h2>\n\n\n\n<p class=\"wp-block-paragraph\">\nRevisiones personalizadas basadas en las lagunas de conocimiento identificadas <strong><\/strong>FLE.RE: <\/p>\n\n\n\n<p class=\"wp-block-paragraph\">\nM\u00f3dulos interactivos adaptados a cada nivel, con retroalimentaci\u00f3n inmediata <span style=\"font-style:italic\"><\/span> Sitios web especializados como lepointdufle.net <strong>para m\u00e1s explicaciones<\/strong>\n<\/p>\n\n\n\n<h2 class=\"wp-block-heading\"><span class=\"ez-toc-section\" id=\"%C2%BFComo_identificar_los_puntos_gramaticales_que_causan_problemas\"><\/span>\u00bfC\u00f3mo identificar los puntos gramaticales que causan problemas?<span class=\"ez-toc-section-end\"><\/span><\/h2>\n\n\n\n<p class=\"wp-block-paragraph\">\n\u00bfC\u00f3mo puedes identificar los puntos gramaticales que te causan problemas? <strong>Detectar qu\u00e9 te frena en tu repaso no siempre es natural. Releer tareas o mensajes antiguos puede revelar errores recurrentes. Por ejemplo, muchos estudiantes tienen dificultades con la conjugaci\u00f3n en franc\u00e9s, especialmente con los tiempos pasados \u200b\u200b(pass\u00e9 compos\u00e9, imparfait, plus-que-parfait) o \u200b\u200bla concordancia del participio pasado. Cuando corrijo ejercicios, siempre animo a los estudiantes a resaltar los errores recurrentes con colores. A menudo, ciertos grupos de palabras, como los pronombres o los adjetivos posesivos, pueden causar varias dificultades por s\u00ed solos. Para ir m\u00e1s all\u00e1, es \u00fatil crear una minilista de puntos para reforzar, como los adverbios de frecuencia, la voz pasiva o el uso del modo subjuntivo. Analizar honestamente tu progreso cada semana y anotar las preguntas sin respuesta te ayuda a centrar tu investigaci\u00f3n. Atreverse a pedir ayuda en un foro o contactar con un profesor en l\u00ednea, a trav\u00e9s de cursos de franc\u00e9s en l\u00ednea de nivel A1, a menudo acelera la comprensi\u00f3n de un punto espec\u00edfico. Desarrollar el h\u00e1bito de revisar sistem\u00e1ticamente la estructura de una oraci\u00f3n en un libro de referencia o en l\u00ednea previene la recurrencia de los mismos errores con el tiempo.<\/strong> \u00bfDeber\u00eda priorizarse la lectura o la escritura para mejorar la gram\u00e1tica?\n<\/p>\n\n\n\n<ul class=\"wp-block-list\">\n<li><strong>Integrar la lectura regular de textos en franc\u00e9s en la rutina diaria activa la memoria visual y nos expone a un lenguaje aut\u00e9ntico. Leer significa observar, absorber, ver c\u00f3mo las estructuras gramaticales cobran vida fuera del libro de texto. Sin darnos cuenta, asimilamos la colocaci\u00f3n de los adjetivos, la concordancia verbal y la sintaxis. Algunos descubren que escuchar, gracias a podcasts o dictados en l\u00ednea, refuerza su comprensi\u00f3n de los matices gramaticales (por ejemplo, la diferencia entre \u00ab\u00a0tu sens\u00a0\u00bb y \u00ab\u00a0le sens\u00a0\u00bb).<\/strong> Pero nada reemplaza la pr\u00e1ctica escrita para establecer buenos h\u00e1bitos. Escribir un texto breve cada d\u00eda, incluso unas pocas frases sobre tu d\u00eda, te anima a reflexionar sobre la concordancia entre sujeto y verbo, la conjugaci\u00f3n y el uso de los pronombres. Releer y corregir tu propio trabajo, hacer dictados en l\u00ednea y reescribir modificando las estructuras son pasos productivos. El dictado, f\u00e1cilmente accesible en l\u00ednea, tambi\u00e9n te permite mejorar tu gram\u00e1tica y ortograf\u00eda simult\u00e1neamente. Alternar lectura, comprensi\u00f3n auditiva y escritura multiplica las puertas de entrada a la gram\u00e1tica: cada uno necesita encontrar su propio equilibrio, seg\u00fan su memoria y preferencias. La regularidad es m\u00e1s importante que la cantidad. <a href=\"https:\/\/www.fle.re\/blog\/dictees-audio-francaises\/\"><\/a>\u00bfQu\u00e9 m\u00e9todos pueden hacer que el repaso gramatical sea m\u00e1s efectivo y ameno?<\/li>\n\n\n\n<li><strong><\/strong> Impulsar el aprendizaje de la gram\u00e1tica francesa requiere creatividad y participaci\u00f3n activa. El uso de actividades divertidas y pr\u00e1cticas aumenta la motivaci\u00f3n: juegos de rol, cuestionarios en l\u00ednea, escribir minidi\u00e1logos o la revisi\u00f3n por pares con otros estudiantes. Para que el repaso sea significativo, los puntos gramaticales deben elegirse en funci\u00f3n de las necesidades reales. Si el objetivo es debatir temas en el trabajo, trabajar el condicional o la cortes\u00eda tendr\u00e1 prioridad sobre otros conceptos.<\/li>\n\n\n\n<li><strong><\/strong> Tipo de actividad<\/li>\n\n\n\n<li>Beneficios<\/li>\n\n\n\n<li>Recursos recomendados <span style=\"font-style:italic\">Dictado de audio en l\u00ednea<\/span> Pr\u00e1ctica simult\u00e1nea de gram\u00e1tica, expresi\u00f3n oral y escritura<\/li>\n<\/ul>\n\n\n\n<h2 class=\"wp-block-heading\"><span class=\"ez-toc-section\" id=\"Recursos_FLERE\"><\/span>Recursos FLE.RE<span class=\"ez-toc-section-end\"><\/span><\/h2>\n\n\n\n<figure class=\"wp-block-image size-full\"><img decoding=\"async\" src=\"https:\/\/www.fle.re\/blog\/wp-content\/uploads\/2025\/12\/Comment-identifier-les-points-de.jpeg\" alt=\"Cuestionario interactivo\"><\/figure>\n\n\n\n<p class=\"wp-block-paragraph\">\nRepaso r\u00e1pido, memorizaci\u00f3n activa <strong>Apps m\u00f3viles, sitios web especializados<\/strong>Miniejercicio diario de escritura <span style=\"font-style:italic\">Aplicaci\u00f3n inmediata, autocorrecci\u00f3n<\/span> Cuaderno de ejercicios personal, foros en l\u00ednea <span style=\"font-style:italic\">Las rutinas de pr\u00e1ctica variadas y flexibles son las m\u00e1s efectivas: combinar juegos, autoevaluaciones, dictados y correcci\u00f3n abarca todos los aspectos del idioma. Permitirse cometer errores y re\u00edrse de ellos con otros estudiantes o colegas reduce la presi\u00f3n de corregirlos. Al hacer el ejercicio concreto y progresivo, la gram\u00e1tica se convierte gradualmente en un reflejo natural y, admit\u00e1moslo, menos tedioso. \u00a1Sobre todo cuando realmente ves tu progreso a lo largo de las semanas!<\/span>\n<\/p>\n\n\n\n<p class=\"wp-block-paragraph\">\nConclusi\u00f3n <a href=\"https:\/\/www.fle.re\/blog\/cours-francais-en-ligne-a1\/\">Repasar la gram\u00e1tica francesa eficazmente requiere m\u00e9todo y regularidad. Es \u00fatil elegir un enfoque adaptado a tus necesidades, tanto si aprendes de forma independiente como con herramientas digitales. Dedicar tiempo a dominar el vocabulario gramatical, poner a prueba tus conocimientos con ejercicios variados e identificar con precisi\u00f3n tus puntos d\u00e9biles te permite progresar de verdad. Es a trav\u00e9s de la pr\u00e1ctica activa, ya sea mediante la lectura, la escritura regular o aplicaciones interactivas, que las reglas gramaticales se vuelven m\u00e1s naturales. Cada persona tiene su propio m\u00e9todo: a algunos les gusta plantearse peque\u00f1os retos diarios, mientras que otros prefieren juegos o ejercicios de dictado. En definitiva, aprender a dominar la gram\u00e1tica tambi\u00e9n implica una mejor comunicaci\u00f3n diaria, mayor confianza y una apreciaci\u00f3n del franc\u00e9s en todos sus matices. \u00a1Nada supera la satisfacci\u00f3n de ver tu progreso!<\/a>\n<\/p>\n\n\n\n<h2 class=\"wp-block-heading\"><span class=\"ez-toc-section\" id=\"%C2%BFComo_enfocarte_en_areas_especificas_para_trabajar_en_la_gramatica_francesa\"><\/span>\u00bfC\u00f3mo enfocarte en \u00e1reas espec\u00edficas para trabajar en la gram\u00e1tica francesa?<span class=\"ez-toc-section-end\"><\/span><\/h2>\n\n\n\n<p class=\"wp-block-paragraph\">\n <strong>Fuentes<\/strong> Academia Francesa. \u201c\u00bfQu\u00e9 es la gram\u00e1tica?\u201d Academia Francesa, s.f. Consultado el 13 de junio de 2024.<\/p>\n\n\n\n<p class=\"wp-block-paragraph\">\n\n<\/p>\n\n\n\n<p class=\"wp-block-paragraph\">\nV\u00e9ase tambi\u00e9n\n<\/p>\n\n\n\n<h2 class=\"wp-block-heading\"><span class=\"ez-toc-section\" id=\"Ministerio_de_Educacion_Nacional_y_Juventud_%E2%80%9CGramatica_Francesa_Programas_y_Recursos%E2%80%9D_Eduscol_2_de_septiembre_de_2021_Consultado_el_13_de_junio_de_2024\"><\/span>Ministerio de Educaci\u00f3n Nacional y Juventud. \u201cGram\u00e1tica Francesa: Programas y Recursos\u201d. Eduscol, 2 de septiembre de 2021. Consultado el 13 de junio de 2024.<span class=\"ez-toc-section-end\"><\/span><\/h2>\n\n\n\n<p class=\"wp-block-paragraph\">\n <strong>V\u00e9ase: Le Robert. \u201cMetalenguaje\u201d. Diccionario en l\u00ednea Le Robert, s.f. Consultado el 13 de junio de 2024.<\/strong> \n<\/p>\n\n\n\n<figure class=\"wp-block-table\"><table>\n<tr>\n<th>V\u00e9ase<\/th>\n<th>Delegaci\u00f3n General para la Lengua Francesa y las Lenguas de Francia. \u00abHom\u00f3fonos y hom\u00f3nimos: definiciones y ejemplos\u00bb. Culture.gouv.fr, 16 de noviembre de 2022. Consultado el 13 de junio de 2024.<\/th>\n<th><\/th>\n<\/tr>\n<tr>\n<td>Ver<\/td>\n<td><\/td>\n<td><a href=\"https:\/\/www.fle.re\/blog\/dictees-audio-francaises\/\"><\/a><\/td>\n<\/tr>\n<tr>\n<td><\/td>\n<td><\/td>\n<td><\/td>\n<\/tr>\n<tr>\n<td><\/td>\n<td><\/td>\n<td><\/td>\n<\/tr>\n<\/table><\/figure>\n\n\n\n<p class=\"wp-block-paragraph\">\n\n<\/p>\n\n\n\n<h2 class=\"wp-block-heading\"><\/h2>\n\n\n\n<figure class=\"wp-block-image size-full\"><img decoding=\"async\" src=\"https:\/\/www.fle.re\/blog\/wp-content\/uploads\/2025\/12\/Conclusion-25.jpeg\" alt=\"\"><\/figure>\n\n\n\n<p class=\"wp-block-paragraph\">\n <strong><\/strong>  <strong><\/strong>\n<\/p>\n\n\n\n<p class=\"wp-block-paragraph\">\n <strong><\/strong><strong><\/strong> \n<\/p>\n\n\n\n<p class=\"wp-block-paragraph\">\n\n<\/p>\n\n\n\n<figure class=\"wp-block-image size-full\"><img decoding=\"async\" src=\"https:\/\/www.fle.re\/blog\/wp-content\/uploads\/2025\/12\/Comment-cibler-les-points-.jpeg\" alt=\"\"><\/figure>\n\n\n\n<figure class=\"wp-block-image size-full\"><img decoding=\"async\" src=\"https:\/\/www.fle.re\/blog\/wp-content\/uploads\/2025\/12\/Sources-5.jpeg\" alt=\"\"><\/figure>\n\n\n\n<ol class=\"wp-block-list\">\n<li> <a href=\"https:\/\/www.academie-francaise.fr\/lexique\/grammaire\" rel=\"nofollow noopener noreferrer\" target=\"_blank\"><\/a><\/li>\n\n\n\n<li> <a href=\"https:\/\/eduscol.education.fr\/2792\/grammaire-francaise-programmes-et-ressources\" rel=\"nofollow noopener noreferrer\" target=\"_blank\"><\/a><\/li>\n\n\n\n<li> <a href=\"https:\/\/dictionnaire.lerobert.com\/definition\/metalangage\" rel=\"nofollow noopener noreferrer\" target=\"_blank\"><\/a><\/li>\n\n\n\n<li> <a href=\"https:\/\/www.culture.gouv.fr\/Thematiques\/Langue-francaise-et-langues-de-France\/Enseigner-et-apprendre-le-francais\/Homophones-et-homonymes-definitions-et-exemples\" rel=\"nofollow noopener noreferrer\" target=\"_blank\"><\/a><\/li>\n<\/ol>\n\n","protected":false},"excerpt":{"rendered":"<p>Dominar la gram\u00e1tica francesa no es innato, sobre todo si se busca un progreso r\u00e1pido y sostenible. Muchos estudiantes tienen [&hellip;]<\/p>\n","protected":false},"author":2,"featured_media":474,"comment_status":"open","ping_status":"open","sticky":false,"template":"","format":"standard","meta":{"_crdt_document":"","site-sidebar-layout":"default","site-content-layout":"","ast-site-content-layout":"default","site-content-style":"default","site-sidebar-style":"default","ast-global-header-display":"","ast-banner-title-visibility":"","ast-main-header-display":"","ast-hfb-above-header-display":"","ast-hfb-below-header-display":"","ast-hfb-mobile-header-display":"","site-post-title":"","ast-breadcrumbs-content":"","ast-featured-img":"","footer-sml-layout":"","ast-disable-related-posts":"","theme-transparent-header-meta":"","adv-header-id-meta":"","stick-header-meta":"","header-above-stick-meta":"","header-main-stick-meta":"","header-below-stick-meta":"","astra-migrate-meta-layouts":"default","ast-page-background-enabled":"default","ast-page-background-meta":{"desktop":{"background-color":"var(--ast-global-color-5)","background-image":"","background-repeat":"repeat","background-position":"center center","background-size":"auto","background-attachment":"scroll","background-type":"","background-media":"","overlay-type":"","overlay-color":"","overlay-opacity":"","overlay-gradient":""},"tablet":{"background-color":"","background-image":"","background-repeat":"repeat","background-position":"center center","background-size":"auto","background-attachment":"scroll","background-type":"","background-media":"","overlay-type":"","overlay-color":"","overlay-opacity":"","overlay-gradient":""},"mobile":{"background-color":"","background-image":"","background-repeat":"repeat","background-position":"center center","background-size":"auto","background-attachment":"scroll","background-type":"","background-media":"","overlay-type":"","overlay-color":"","overlay-opacity":"","overlay-gradient":""}},"ast-content-background-meta":{"desktop":{"background-color":"var(--ast-global-color-4)","background-image":"","background-repeat":"repeat","background-position":"center center","background-size":"auto","background-attachment":"scroll","background-type":"","background-media":"","overlay-type":"","overlay-color":"","overlay-opacity":"","overlay-gradient":""},"tablet":{"background-color":"var(--ast-global-color-4)","background-image":"","background-repeat":"repeat","background-position":"center center","background-size":"auto","background-attachment":"scroll","background-type":"","background-media":"","overlay-type":"","overlay-color":"","overlay-opacity":"","overlay-gradient":""},"mobile":{"background-color":"var(--ast-global-color-4)","background-image":"","background-repeat":"repeat","background-position":"center center","background-size":"auto","background-attachment":"scroll","background-type":"","background-media":"","overlay-type":"","overlay-color":"","overlay-opacity":"","overlay-gradient":""}},"footnotes":""},"categories":[718],"tags":[1845,4534,4531,4537,4540],"class_list":["post-1738","post","type-post","status-publish","format-standard","has-post-thumbnail","hentry","category-non-classe-es","tag-aprender-gramatica-es","tag-consejos-gramaticales-es","tag-mejorar-la-gramatica-es","tag-ortografia-francesa-es","tag-revision-de-gramatica-es"],"_links":{"self":[{"href":"https:\/\/www.fle.re\/blog\/wp-json\/wp\/v2\/posts\/1738","targetHints":{"allow":["GET"]}}],"collection":[{"href":"https:\/\/www.fle.re\/blog\/wp-json\/wp\/v2\/posts"}],"about":[{"href":"https:\/\/www.fle.re\/blog\/wp-json\/wp\/v2\/types\/post"}],"author":[{"embeddable":true,"href":"https:\/\/www.fle.re\/blog\/wp-json\/wp\/v2\/users\/2"}],"replies":[{"embeddable":true,"href":"https:\/\/www.fle.re\/blog\/wp-json\/wp\/v2\/comments?post=1738"}],"version-history":[{"count":2,"href":"https:\/\/www.fle.re\/blog\/wp-json\/wp\/v2\/posts\/1738\/revisions"}],"predecessor-version":[{"id":2024,"href":"https:\/\/www.fle.re\/blog\/wp-json\/wp\/v2\/posts\/1738\/revisions\/2024"}],"wp:featuredmedia":[{"embeddable":true,"href":"https:\/\/www.fle.re\/blog\/wp-json\/wp\/v2\/media\/474"}],"wp:attachment":[{"href":"https:\/\/www.fle.re\/blog\/wp-json\/wp\/v2\/media?parent=1738"}],"wp:term":[{"taxonomy":"category","embeddable":true,"href":"https:\/\/www.fle.re\/blog\/wp-json\/wp\/v2\/categories?post=1738"},{"taxonomy":"post_tag","embeddable":true,"href":"https:\/\/www.fle.re\/blog\/wp-json\/wp\/v2\/tags?post=1738"}],"curies":[{"name":"wp","href":"https:\/\/api.w.org\/{rel}","templated":true}]}}