{"id":1811,"date":"2026-01-06T18:20:37","date_gmt":"2026-01-06T18:20:37","guid":{"rendered":"https:\/\/www.fle.re\/blog\/?p=1811"},"modified":"2026-01-13T15:59:22","modified_gmt":"2026-01-13T15:59:22","slug":"gramatica-francesa-dominando-os-adjetivos","status":"publish","type":"post","link":"https:\/\/www.fle.re\/blog\/pt\/gramatica-francesa-dominando-os-adjetivos\/","title":{"rendered":"Gram\u00e1tica francesa: dominando os adjetivos"},"content":{"rendered":"\n<p class=\"wp-block-paragraph\">Dominar os adjetivos descritivos na gram\u00e1tica francesa facilita muito a compreens\u00e3o e a express\u00e3o precisa. Sempre que queremos descrever uma pessoa, um objeto ou uma situa\u00e7\u00e3o, \u00e9 imposs\u00edvel evitar essas pequenas palavras que d\u00e3o \u00e0s nossas frases todo o seu impacto. Os adjetivos acompanham nossas experi\u00eancias di\u00e1rias: \u00ab\u00a0Esses filmes s\u00e3o chatos\u00a0\u00bb, \u00ab\u00a0Hassan \u00e9 brilhante\u00a0\u00bb ou at\u00e9 mesmo \u00ab\u00a0\u00f3culos escuros\u00a0\u00bb. Rapidamente percebemos que saber como concordar os adjetivos em g\u00eanero e n\u00famero torna a comunica\u00e7\u00e3o imediata e fluida. <strong><\/strong> Nem sempre \u00e9 instintivo colocar um adjetivo no lugar certo ou escolh\u00ea-lo corretamente. A l\u00f3gica francesa \u00e0s vezes surpreende, como na posi\u00e7\u00e3o de certos adjetivos ou na concord\u00e2ncia de adjetivos de cor. Pense, por exemplo, na diferen\u00e7a entre \u00ab\u00a0de vieux amis\u00a0\u00bb e \u00ab\u00a0des amis vieux\u00a0\u00bb. Portanto, para entender todas essas nuances, n\u00e3o h\u00e1 necessidade de teorias complexas; basta se munir das regras b\u00e1sicas e de algumas dicas pr\u00e1ticas. Isso garante que voc\u00ea escrever\u00e1 e falar\u00e1 com clareza, naturalidade e confian\u00e7a gra\u00e7as \u00e0 plataforma FLE.RE. <strong><\/strong> https:\/\/www.youtube.com\/watch?v=-9sE87EJkq0 <strong>Como reconhecer um adjetivo descritivo em franc\u00eas?<\/strong> <i>Um adjetivo descritivo fornece detalhes sobre um substantivo ou pronome, oferecendo informa\u00e7\u00f5es valiosas como cor, tamanho, car\u00e1ter ou qualquer outro aspecto. Essencialmente, ele serve para real\u00e7ar ou esclarecer o que voc\u00ea est\u00e1 dizendo. Identific\u00e1-lo \u00e9 f\u00e1cil: ele sempre acompanha um substantivo (comum ou pr\u00f3prio) ou, \u00e0s vezes, um pronome, e concorda em g\u00eanero e n\u00famero com o que descreve. Por exemplo: \u00ab\u00a0Zo\u00e9 \u00e9 uma linda girafa\u00a0\u00bb, o adjetivo \u00ab\u00a0linda\u00a0\u00bb \u00e9 feminino singular porque descreve \u00ab\u00a0girafa\u00a0\u00bb, que \u00e9 feminino singular. Se voc\u00ea mudar o n\u00famero ou o g\u00eanero do substantivo, o adjetivo vem a seguir: \u00ab\u00a0dois cachorros marrons\u00a0\u00bb, \u00ab\u00a0esta mulher corajosa\u00a0\u00bb.<\/i> <\/p>\n\n\n\n<p class=\"wp-block-paragraph\">Existem dois tipos de adjetivos descritivos. <strong>Um adjetivo atributivo \u00e9 ligado diretamente ao substantivo no sintagma nominal. Por exemplo: \u00ab\u00a0um gatinho\u00a0\u00bb. O adjetivo predicativo \u00e9 ligado ao substantivo por um verbo de liga\u00e7\u00e3o como \u00ab\u00a0ser\u00a0\u00bb, \u00ab\u00a0parecer\u00a0\u00bb ou \u00ab\u00a0dar a impress\u00e3o\u00a0\u00bb: \u00ab\u00a0Os alunos est\u00e3o em sil\u00eancio\u00a0\u00bb. Essa distin\u00e7\u00e3o pode parecer sutil, mas \u00e9 \u00fatil, especialmente ao trabalhar a express\u00e3o ou a escrita. Na plataforma fle.re, voc\u00ea pode explorar esse ponto mais a fundo e praticar facilmente. Um adjetivo descritivo geralmente \u00e9 identificado por suas termina\u00e7\u00f5es, que variam dependendo do substantivo que modifica. Ele mudar\u00e1 para concordar, o que \u00e9 um bom exerc\u00edcio para a mem\u00f3ria. Uma \u00faltima dica: alguns adjetivos curtos e frequentes como \u00ab\u00a0grande\u00a0\u00bb, \u00ab\u00a0pequeno\u00a0\u00bb, \u00ab\u00a0bom\u00a0\u00bb ou \u00ab\u00a0ruim\u00a0\u00bb s\u00e3o mais frequentemente colocados antes do substantivo. Mas, \u00e9 claro, existem exce\u00e7\u00f5es e sutilezas&#8230; Em resumo, o adjetivo \u00e9 o toque pessoal do franc\u00eas. Qual \u00e9 a concord\u00e2ncia correta para adjetivos descritivos?<\/strong> Para concordar um adjetivo descritivo, por exemplo, \u00ab\u00a0heureux\u00a0\u00bb (feliz) torna-se \u00ab\u00a0heureuse\u00a0\u00bb (feliz) no feminino. Outras mudam radicalmente; por exemplo, \u00ab\u00a0blanc\u00a0\u00bb (branco) (masculino) torna-se \u00ab\u00a0blanche\u00a0\u00bb (branca) (feminino). Existem, de fato, varia\u00e7\u00f5es que merecem aten\u00e7\u00e3o cuidadosa para evitar surpresas. <i>fort \u2192 forte (feminino singular), forts (masculino plural), fortes (feminino plural)<\/i>nouveau \u2192 nouvelle (novo), nouveaux (novo), nouvelles (novo)<\/p>\n\n\n\n<figure class=\"wp-block-embed is-type-video is-provider-youtube wp-block-embed-youtube wp-embed-aspect-16-9 wp-has-aspect-ratio\"><div class=\"wp-block-embed__wrapper\">\nbref \u2192 br\u00e8ve (curto), brefs (curto), br\u00e8ves (curto)\n<\/div><\/figure>\n\n\n\n<div id=\"ez-toc-container\" class=\"ez-toc-v2_0_82_2 ez-toc-wrap-center counter-hierarchy ez-toc-counter ez-toc-transparent ez-toc-container-direction\">\n<div class=\"ez-toc-title-container\">\n<p class=\"ez-toc-title\" style=\"cursor:inherit\">Sommaire<\/p>\n<span class=\"ez-toc-title-toggle\"><a href=\"#\" class=\"ez-toc-pull-right ez-toc-btn ez-toc-btn-xs ez-toc-btn-default ez-toc-toggle\" aria-label=\"Toggle Table of Content\"><span class=\"ez-toc-js-icon-con\"><span class=\"\"><span class=\"eztoc-hide\" style=\"display:none;\">Toggle<\/span><span class=\"ez-toc-icon-toggle-span\"><svg style=\"fill: #999;color:#999\" xmlns=\"http:\/\/www.w3.org\/2000\/svg\" class=\"list-377408\" width=\"20px\" height=\"20px\" viewBox=\"0 0 24 24\" fill=\"none\"><path d=\"M6 6H4v2h2V6zm14 0H8v2h12V6zM4 11h2v2H4v-2zm16 0H8v2h12v-2zM4 16h2v2H4v-2zm16 0H8v2h12v-2z\" fill=\"currentColor\"><\/path><\/svg><svg style=\"fill: #999;color:#999\" class=\"arrow-unsorted-368013\" xmlns=\"http:\/\/www.w3.org\/2000\/svg\" width=\"10px\" height=\"10px\" viewBox=\"0 0 24 24\" version=\"1.2\" baseProfile=\"tiny\"><path d=\"M18.2 9.3l-6.2-6.3-6.2 6.3c-.2.2-.3.4-.3.7s.1.5.3.7c.2.2.4.3.7.3h11c.3 0 .5-.1.7-.3.2-.2.3-.5.3-.7s-.1-.5-.3-.7zM5.8 14.7l6.2 6.3 6.2-6.3c.2-.2.3-.5.3-.7s-.1-.5-.3-.7c-.2-.2-.4-.3-.7-.3h-11c-.3 0-.5.1-.7.3-.2.2-.3.5-.3.7s.1.5.3.7z\"\/><\/svg><\/span><\/span><\/span><\/a><\/span><\/div>\n<nav><ul class='ez-toc-list ez-toc-list-level-1 eztoc-toggle-hide-by-default' ><li class='ez-toc-page-1 ez-toc-heading-level-2'><a class=\"ez-toc-link ez-toc-heading-1\" href=\"https:\/\/www.fle.re\/blog\/pt\/gramatica-francesa-dominando-os-adjetivos\/#vif_%E2%86%92_vive_animado_vifs_animado_vives_animado\" >vif \u2192 vive (animado), vifs (animado), vives (animado)<\/a><\/li><li class='ez-toc-page-1 ez-toc-heading-level-2'><a class=\"ez-toc-link ez-toc-heading-2\" href=\"https:\/\/www.fle.re\/blog\/pt\/gramatica-francesa-dominando-os-adjetivos\/#rosa\" >rosa<\/a><\/li><li class='ez-toc-page-1 ez-toc-heading-level-2'><a class=\"ez-toc-link ez-toc-heading-3\" href=\"https:\/\/www.fle.re\/blog\/pt\/gramatica-francesa-dominando-os-adjetivos\/#demi\" >demi<\/a><\/li><\/ul><\/nav><\/div>\n<h2 class=\"wp-block-heading\"><span class=\"ez-toc-section\" id=\"vif_%E2%86%92_vive_animado_vifs_animado_vives_animado\"><\/span>vif \u2192 vive (animado), vifs (animado), vives (animado)<span class=\"ez-toc-section-end\"><\/span><\/h2>\n\n\n\n<p class=\"wp-block-paragraph\">\nlong \u2192 longue (longo), longs (longo), longues (longo) <strong>Onde o adjetivo descritivo deve ser colocado na frase?<\/strong>  <strong>A coloca\u00e7\u00e3o do adjetivo descritivo \u00e0s vezes \u00e9 um assunto de debate\u2026 Em franc\u00eas, muitos s\u00e3o colocados depois do substantivo, especialmente aqueles que especificam uma rela\u00e7\u00e3o como nacionalidade, categoria ou cor. Por exemplo:<\/strong> \u00f3culos escuros <strong><\/strong> dan\u00e7a moderna <strong><\/strong> fam\u00edlias judias <strong>. Adjetivos de cor sempre seguem o substantivo, exceto em algumas raras exce\u00e7\u00f5es (rosa, malva, etc., que concordam em g\u00eanero e n\u00famero). Mas com certos adjetivos curtos ou de uso frequente, como<\/strong> pequeno\n<\/p>\n\n\n\n<p class=\"wp-block-paragraph\">\n<strong>grande<\/strong>  <i>bonito<\/i> , eles v\u00eam antes do substantivo: \u201cum livro bonito\u201d, \u201cuma casa pequena\u201d.<strong>\u00c0s vezes, dependendo da posi\u00e7\u00e3o do adjetivo, o significado muda significativamente. Por exemplo, com \u00ab\u00a0apenas alunos motivados\u00a0\u00bb (nenhum outro aluno) e \u00ab\u00a0alunos sozinhos\u00a0\u00bb (eles est\u00e3o sem companhia). Voc\u00ea tamb\u00e9m precisa ter cuidado com frases um pouco liter\u00e1rias ou sofisticadas: o adjetivo geralmente \u00e9 colocado antes do substantivo para criar um efeito. Anedoticamente, voc\u00ea costuma ouvir \u00ab\u00a0Encontrei cortinas magn\u00edficas\u00a0\u00bb em uma loja. Finalmente, se dois adjetivos normalmente precederiam o substantivo, eles s\u00e3o coordenados, como em \u00ab\u00a0um parque grande e bonito\u00a0\u00bb.<\/strong>  <i>Outra sutileza: com um adjetivo tanto antes quanto depois do substantivo, voc\u00ea pode adicionar nuances \u00e0 descri\u00e7\u00e3o: \u00ab\u00a0um ador\u00e1vel coelho branco\u00a0\u00bb. Essa posi\u00e7\u00e3o d\u00e1 \u00e0 frase um tom muito diferente e, para algu\u00e9m aprendendo, pode fazer toda a diferen\u00e7a na compreens\u00e3o. O uso tamb\u00e9m varia entre a linguagem cotidiana e a mais formal. Para ir al\u00e9m,<\/i> fle.re <a href=\"https:\/\/www.fle.re\/blog\/grammaire-francaise-debutants\/\">oferece exerc\u00edcios pr\u00e1ticos para familiariz\u00e1-lo com essas varia\u00e7\u00f5es. Quais s\u00e3o as regras espec\u00edficas para a concord\u00e2ncia de adjetivos de cor?<\/a>\n<\/p>\n\n\n\n<p class=\"wp-block-paragraph\">\nOs adjetivos de cor <strong>apresentam algumas sutilezas que \u00e0s vezes confundem at\u00e9 mesmo falantes nativos de franc\u00eas! Quando se trata de uma cor simples, a concord\u00e2ncia segue a regra cl\u00e1ssica: g\u00eanero e n\u00famero, assim como o substantivo. Exemplo: \u00ab\u00a0des chemises blanches\u00a0\u00bb (camisas brancas), \u00ab\u00a0les verres bleus\u00a0\u00bb (\u00f3culos azuis). Mas se a cor vem do nome de uma fruta, mineral ou outra subst\u00e2ncia, ela geralmente permanece *invari\u00e1vel*. Dir\u00edamos: \u00ab\u00a0des foulards orange\u00a0\u00bb (len\u00e7os laranja), \u00ab\u00a0des robes marron\u00a0\u00bb (vestidos marrons). Algumas exce\u00e7\u00f5es a serem lembradas: *rose* (rosa), *mauve* (malva), *\u00e9carlate* (escarlate), *pourpre* (roxo), *vermeil* (vermelho-avermelhado), *incarnat* (carmesim) e *fauve* (fulvo), que concordam.<\/strong> <strong>Adjetivo de Cor<\/strong>Concord\u00e2ncia Cl\u00e1ssica <strong>Exce\u00e7\u00e3o (invari\u00e1vel)<\/strong> azul <strong>camisas azuis<\/strong> &#8211; <span style=\"font-style: italic\">laranja<\/span> &#8211; capas laranja\n<\/p>\n\n\n\n<h2 class=\"wp-block-heading\"><span class=\"ez-toc-section\" id=\"rosa\"><\/span>rosa<span class=\"ez-toc-section-end\"><\/span><\/h2>\n\n\n\n<p class=\"wp-block-paragraph\">\ntetos rosa <strong>&#8211; Quando \u00e9 um adjetivo composto<\/strong><strong>(Por exemplo: \u00ab\u00a0verde escuro\u00a0\u00bb, \u00ab\u00a0marrom-avermelhado\u00a0\u00bb), a express\u00e3o permanece *invari\u00e1vel*, e os adjetivos s\u00e3o unidos por h\u00edfen se se referirem a duas cores, e sem h\u00edfen se for uma tonalidade. Isso surpreendeu mais de um aluno! Uma r\u00e1pida olhada nas regras e exemplos concretos em<\/strong> fle.re <strong>ajuda a evitar confus\u00f5es.<\/strong> \n<\/p>\n\n\n\n<ul class=\"wp-block-list\">\n<li>Quais s\u00e3o os casos especiais que devemos conhecer para usar adjetivos corretamente?<\/li>\n\n\n\n<li><\/li>\n\n\n\n<li>At\u00e9 mesmo os<\/li>\n\n\n\n<li>bons alunos de franc\u00eas<\/li>\n\n\n\n<li>\u00e0s vezes trope\u00e7am em certos termos espec\u00edficos. Veja<\/li>\n<\/ul>\n\n\n\n<h2 class=\"wp-block-heading\"><span class=\"ez-toc-section\" id=\"demi\"><\/span>demi<span class=\"ez-toc-section-end\"><\/span><\/h2>\n\n\n\n<p class=\"wp-block-paragraph\">\n: permanece *invari\u00e1vel* antes do substantivo (exemplo: \u00ab\u00a0une demi-heure\u00a0\u00bb), mas concorda em g\u00eanero e n\u00famero depois dele (exemplo: \u00ab\u00a0trois heures et demie\u00a0\u00bb). O mesmo vale para <strong>plein<\/strong>, que n\u00e3o muda antes de um substantivo precedido por um artigo: \u00ab\u00a0plein de soucis\u00a0\u00bb. Alguns adjetivos assumem a forma de um adv\u00e9rbio, como *fort* (forte) ou *juste* (justo): \u00ab\u00a0elles parlent fort\u00a0\u00bb (elas falam forte), n\u00e3o \u00e9 necess\u00e1ria concord\u00e2ncia aqui. \u00c9 simples, mas voc\u00ea precisa se lembrar disso. <strong><\/strong>Outro caso surpreendente: *feu* (fogo, usado para \u00ab\u00a0falecido\u00a0\u00bb) concorda se estiver entre o determinante e o substantivo (\u00ab\u00a0la feue reine\u00a0\u00bb &#8211; a rainha falecida), mas n\u00e3o se preceder o artigo (\u00ab\u00a0feu la reine\u00a0\u00bb &#8211; a rainha falecida). Para *nu* (descal\u00e7o), se estiver antes e ligado por um h\u00edfen (\u00ab\u00a0nu-pieds\u00a0\u00bb &#8211; descal\u00e7os), permanece invari\u00e1vel. Depois, concorda normalmente: \u00ab\u00a0les t\u00eates nues\u00a0\u00bb (cabe\u00e7as nuas). E ent\u00e3o, com outras express\u00f5es fixas como *la nue-propri\u00e9t\u00e9* (propriedade nua), existem usos legais que se desviam da regra. <i><\/i>Se voc\u00ea quer melhorar, lembre-se de que alguns adjetivos s\u00e3o invari\u00e1veis \u200b\u200bcom *le plus* (o m\u00e1ximo), como em \u00ab\u00a0le plus de raisons possible\u00a0\u00bb (o maior n\u00famero poss\u00edvel de raz\u00f5es). Um pouco t\u00e9cnico, mas no contexto, \u00e9 f\u00e1cil de aprender. Essas sutilezas realmente d\u00e3o sabor ao franc\u00eas, e para praticar, nada melhor do que os quizzes interativos no fle.re para se desafiar e aprender enquanto se diverte. <strong><\/strong>Conclus\u00e3o <strong>Dominar os adjetivos descritivos em franc\u00eas permite adicionar detalhes sutis, tornando sua fala mais expressiva e matizada. As regras de concord\u00e2ncia em g\u00eanero e n\u00famero tamb\u00e9m s\u00e3o importantes.<\/strong>Eles d\u00e3o pleno significado \u00e0s descri\u00e7\u00f5es, seja descrevendo um objeto, uma pessoa ou um sentimento. A riqueza das <strong>termina\u00e7\u00f5es e exce\u00e7\u00f5es<\/strong>exige aten\u00e7\u00e3o real, mas com a pr\u00e1tica, voc\u00ea se acostuma rapidamente a concordar seus adjetivos naturalmente. <strong><\/strong> N\u00e3o hesite em reler algumas frases, praticar com testes ou pedir feedback sobre sua escrita, porque \u00e9 realmente atrav\u00e9s do uso di\u00e1rio que o dom\u00ednio das <strong>regras dos adjetivos<\/strong> se consolida. Integrar gradualmente essas sutilezas orais e escritas tamb\u00e9m abre caminho para uma linguagem mais vibrante e pessoal. Acredite em mim, ao revisit\u00e1-las, tudo acaba se tornando intr\u00ednseco.\n<\/p>\n\n\n\n<p class=\"wp-block-paragraph\">\n <strong>Gram\u00e1tica Francesa: Dominando Adjetivos de Cor<\/strong> Para aplicar corretamente a gram\u00e1tica francesa: dominando adjetivos de cor\n<\/p>\n\n\n\n<p class=\"wp-block-paragraph\">\n, voc\u00ea deve distinguir sua origem. Adjetivos simples (azul, preto, verde) concordam em g\u00eanero e n\u00famero com o substantivo. No entanto, aqueles derivados de um substantivo (damasco, caf\u00e9, laranja) geralmente permanecem invari\u00e1veis, com sete exce\u00e7\u00f5es, como \u00ab\u00a0rosa\u00a0\u00bb, \u00ab\u00a0malva\u00a0\u00bb ou \u00ab\u00a0roxo\u00a0\u00bb, que variam. Quando a cor \u00e9 composta por dois adjetivos, eles s\u00e3o invari\u00e1veis \u200b\u200be unidos por um h\u00edfen (ex.: tecidos azul-esverdeados). As regras, portanto, variam dependendo da estrutura e da origem do adjetivo da cor. <a href=\"https:\/\/www.fle.re\/blog\/grammaire-francaise-debutants\/\"><\/a> Como reconhecer um adjetivo atributivo ou predicativo na gram\u00e1tica?\n<\/p>\n\n\n\n<h2 class=\"wp-block-heading\"><\/h2>\n\n\n\n<p class=\"wp-block-paragraph\">\nNa gram\u00e1tica francesa: dominar os adjetivos <strong>envolve diferenciar entre um adjetivo atributivo e um adjetivo predicativo. O adjetivo atributivo acompanha diretamente o substantivo e faz parte do sintagma nominal (ex.: um vestido vermelho). O adjetivo predicativo, por outro lado, completa o sujeito com um verbo de liga\u00e7\u00e3o (ser, parecer), separado do substantivo, e faz parte do sintagma verbal (ex.: o vestido \u00e9 vermelho). Identificar corretamente essas distin\u00e7\u00f5es ajuda a concordar e posicionar o adjetivo na frase corretamente.<\/strong> \n<\/p>\n\n\n\n<figure class=\"wp-block-table\"><table>\n<tr>\n<th>Quais s\u00e3o as principais exce\u00e7\u00f5es \u00e0 concord\u00e2ncia entre adjetivos?<\/th>\n<th>Existem v\u00e1rios casos especiais de concord\u00e2ncia entre adjetivos na gram\u00e1tica francesa: dominar os adjetivos exige reconhecer que:<\/th>\n<th>\u00ab\u00a0demi\u00a0\u00bb \u00e9 invari\u00e1vel antes do substantivo (une demi-heure)<\/th>\n<\/tr>\n<tr>\n<td>Alguns adjetivos usados \u200b\u200bcomo adv\u00e9rbios s\u00e3o invari\u00e1veis \u200b\u200b(ils parlent fort)<\/td>\n<td>\u00ab\u00a0possible\u00a0\u00bb n\u00e3o muda depois de \u00ab\u00a0le plus\u00a0\u00bb ou \u00ab\u00a0le moins\u00a0\u00bb (le plus de temps possible)<\/td>\n<td>\u00ab\u00a0feu\u00a0\u00bb s\u00f3 concorda quando colocado entre o determinante e o substantivo (la feue reine)<\/td>\n<\/tr>\n<tr>\n<td>Adjetivos compostos de cor ou aqueles derivados de substantivos permanecem, em sua maioria, invari\u00e1veis.<\/td>\n<td><\/td>\n<td>Onde o adjetivo deve ser colocado na frase para um dom\u00ednio avan\u00e7ado?<\/td>\n<\/tr>\n<tr>\n<td><\/td>\n<td>Na gram\u00e1tica francesa: dominar os adjetivos envolve conhecer suas regras de coloca\u00e7\u00e3o. Adjetivos curtos e frequentes (petit, beau, bon) precedem o substantivo, enquanto adjetivos mais longos ou descritivos seguem o substantivo (la robe bleue, une console moderne). No entanto, colocar um adjetivo antes ou depois do substantivo pode mudar o significado, e um estilo liter\u00e1rio pode favorecer adjetivos antes do substantivo para aprimorar a descri\u00e7\u00e3o. Por fim, dois adjetivos concordam desta forma: um antes, o outro depois, dependendo do seu tipo e extens\u00e3o.<\/td>\n<td><\/td>\n<\/tr>\n<\/table><\/figure>\n\n\n\n<p class=\"wp-block-paragraph\">\nComo se formam os graus comparativo e superlativo dos adjetivos? <strong><\/strong> O comparativo expressa uma compara\u00e7\u00e3o: \u00ab\u00a0mais\/menos\/t\u00e3o\u00a0\u00bb + adjetivo + \u00ab\u00a0do que\u00a0\u00bb (ex.: mais r\u00e1pido que). O superlativo expressa o grau m\u00e1ximo com \u00ab\u00a0o mais\u00a0\u00bb ou \u00ab\u00a0o menos\u00a0\u00bb + adjetivo (ex.: o maior, o mais barato). Os adjetivos sempre concordam em g\u00eanero e n\u00famero. Para a gram\u00e1tica francesa: dominar os adjetivos, a concord\u00e2ncia continua sendo uma prioridade, mesmo no comparativo ou superlativo: \u00ab\u00a0os alunos mais quietos\u00a0\u00bb. <a href=\"https:\/\/www.fle.re\/blog\/grammaire-francaise-debutants\/\"><\/a> Fontes: Academia Francesa. \u00ab\u00a0Concord\u00e2ncia do Adjetivo Qualificativo\u00a0\u00bb. Academia Francesa, s.d. Acessado em 10 de junho de 2024.\n<\/p>\n\n\n\n<h2 class=\"wp-block-heading\"><\/h2>\n\n\n\n<p class=\"wp-block-paragraph\">\nVer tamb\u00e9m: Office qu\u00e9b\u00e9cois de la langue fran\u00e7aise. \u00ab\u00a0Concord\u00e2ncia de adjetivos de cor\u00a0\u00bb. Grand dictionnaire terminologique, s.d. Acessado em 10 de junho de 2024. <strong>Consulte o Centro Nacional de Recursos Textuais e Lexicais (CNRTL). \u00ab\u00a0Adjetivo Qualificativo\u00a0\u00bb. CNRTL, s.d. Acessado em 10 de junho de 2024.<\/strong>  <strong>Consulte o Minist\u00e9rio da Educa\u00e7\u00e3o Nacional e da Juventude. \u00ab\u00a0Adjetivos Qualificativos: Concord\u00e2ncia e Usos\u00a0\u00bb. Minist\u00e9rio da Educa\u00e7\u00e3o Nacional, 5 de agosto de 2022. Acessado em 10 de junho de 2024.<\/strong>  <strong>Consulte<\/strong>  <span style=\"font-style: italic\"><\/span> <strong><\/strong>  <strong><\/strong> \n<\/p>\n\n\n\n<p class=\"wp-block-paragraph\">\n <strong><\/strong>  <strong><\/strong> <em><\/em>\n<\/p>\n\n\n\n<p class=\"wp-block-paragraph\">\n\n<\/p>\n\n\n\n<h2 class=\"wp-block-heading\"><\/h2>\n\n\n\n<p class=\"wp-block-paragraph\">\n <strong><\/strong> <strong><\/strong>  <strong><\/strong> \n<\/p>\n\n\n\n<p class=\"wp-block-paragraph\">\n <strong><\/strong> \n<\/p>\n\n\n\n<p class=\"wp-block-paragraph\"><section class=\"faq\">\n<div>\n<h2><\/h2>\n<div>\n<p>\n         <strong><\/strong> \n<\/p>\n<\/div>\n<\/div>\n<div>\n<h2><\/h2>\n<div>\n<p>\n         <strong><\/strong> \n<\/p>\n<\/div>\n<\/div>\n<div>\n<h2><\/h2>\n<div>\n<p>\n         <strong><\/strong>  <\/p>\n<ul>\n<li><\/li>\n<li><\/li>\n<li><\/li>\n<li><\/li>\n<li><\/li>\n<\/ul><\/div>\n<\/div>\n<div>\n<h2><\/h2>\n<div>\n<p>\n         <strong><\/strong> \n<\/p>\n<\/div>\n<\/div>\n<div>\n<h2><\/h2>\n<div>\n<p>\n         <strong><\/strong>\n<\/p>\n<\/div>\n<\/div>\n<\/section><\/p>\n\n\n\n<h2 class=\"wp-block-heading\"><\/h2>\n\n\n\n<ol class=\"wp-block-list\">\n<li> <a href=\"https:\/\/www.academie-francaise.fr\/questions-de-langue#accord-de-ladjectif\" rel=\"nofollow noopener noreferrer\" target=\"_blank\"><\/a><\/li>\n\n\n\n<li> <a href=\"https:\/\/gdt.oqlf.gouv.qc.ca\/ficheOqlf.aspx?Id_Fiche=17088775\" rel=\"nofollow noopener noreferrer\" target=\"_blank\"><\/a><\/li>\n\n\n\n<li> <a href=\"https:\/\/www.cnrtl.fr\/definition\/adjectif%20qualificatif\" rel=\"nofollow noopener noreferrer\" target=\"_blank\"><\/a><\/li>\n\n\n\n<li> <a href=\"https:\/\/eduscol.education.fr\/odysseum\/ressource\/accord-des-adjectifs-qualificatifs\" rel=\"nofollow noopener noreferrer\" target=\"_blank\"><\/a><\/li>\n<\/ol>\n\n","protected":false},"excerpt":{"rendered":"<p>Dominar os adjetivos descritivos na gram\u00e1tica francesa facilita muito a compreens\u00e3o e a express\u00e3o precisa. Sempre que queremos descrever uma [&hellip;]<\/p>\n","protected":false},"author":2,"featured_media":514,"comment_status":"open","ping_status":"open","sticky":false,"template":"","format":"standard","meta":{"_crdt_document":"","site-sidebar-layout":"default","site-content-layout":"","ast-site-content-layout":"default","site-content-style":"default","site-sidebar-style":"default","ast-global-header-display":"","ast-banner-title-visibility":"","ast-main-header-display":"","ast-hfb-above-header-display":"","ast-hfb-below-header-display":"","ast-hfb-mobile-header-display":"","site-post-title":"","ast-breadcrumbs-content":"","ast-featured-img":"","footer-sml-layout":"","ast-disable-related-posts":"","theme-transparent-header-meta":"","adv-header-id-meta":"","stick-header-meta":"","header-above-stick-meta":"","header-main-stick-meta":"","header-below-stick-meta":"","astra-migrate-meta-layouts":"default","ast-page-background-enabled":"default","ast-page-background-meta":{"desktop":{"background-color":"var(--ast-global-color-5)","background-image":"","background-repeat":"repeat","background-position":"center center","background-size":"auto","background-attachment":"scroll","background-type":"","background-media":"","overlay-type":"","overlay-color":"","overlay-opacity":"","overlay-gradient":""},"tablet":{"background-color":"","background-image":"","background-repeat":"repeat","background-position":"center center","background-size":"auto","background-attachment":"scroll","background-type":"","background-media":"","overlay-type":"","overlay-color":"","overlay-opacity":"","overlay-gradient":""},"mobile":{"background-color":"","background-image":"","background-repeat":"repeat","background-position":"center center","background-size":"auto","background-attachment":"scroll","background-type":"","background-media":"","overlay-type":"","overlay-color":"","overlay-opacity":"","overlay-gradient":""}},"ast-content-background-meta":{"desktop":{"background-color":"var(--ast-global-color-4)","background-image":"","background-repeat":"repeat","background-position":"center center","background-size":"auto","background-attachment":"scroll","background-type":"","background-media":"","overlay-type":"","overlay-color":"","overlay-opacity":"","overlay-gradient":""},"tablet":{"background-color":"var(--ast-global-color-4)","background-image":"","background-repeat":"repeat","background-position":"center center","background-size":"auto","background-attachment":"scroll","background-type":"","background-media":"","overlay-type":"","overlay-color":"","overlay-opacity":"","overlay-gradient":""},"mobile":{"background-color":"var(--ast-global-color-4)","background-image":"","background-repeat":"repeat","background-position":"center center","background-size":"auto","background-attachment":"scroll","background-type":"","background-media":"","overlay-type":"","overlay-color":"","overlay-opacity":"","overlay-gradient":""}},"footnotes":""},"categories":[693],"tags":[4824,4821,4827,4830,1791],"class_list":["post-1811","post","type-post","status-publish","format-standard","has-post-thumbnail","hentry","category-non-classe-pt","tag-adjetivos-de-aprendizagem-pt","tag-adjetivos-em-frances-pt","tag-aulas-de-gramatica-pt","tag-dominando-adjetivos-pt","tag-gramatica-francesa-pt"],"_links":{"self":[{"href":"https:\/\/www.fle.re\/blog\/wp-json\/wp\/v2\/posts\/1811","targetHints":{"allow":["GET"]}}],"collection":[{"href":"https:\/\/www.fle.re\/blog\/wp-json\/wp\/v2\/posts"}],"about":[{"href":"https:\/\/www.fle.re\/blog\/wp-json\/wp\/v2\/types\/post"}],"author":[{"embeddable":true,"href":"https:\/\/www.fle.re\/blog\/wp-json\/wp\/v2\/users\/2"}],"replies":[{"embeddable":true,"href":"https:\/\/www.fle.re\/blog\/wp-json\/wp\/v2\/comments?post=1811"}],"version-history":[{"count":2,"href":"https:\/\/www.fle.re\/blog\/wp-json\/wp\/v2\/posts\/1811\/revisions"}],"predecessor-version":[{"id":1972,"href":"https:\/\/www.fle.re\/blog\/wp-json\/wp\/v2\/posts\/1811\/revisions\/1972"}],"wp:featuredmedia":[{"embeddable":true,"href":"https:\/\/www.fle.re\/blog\/wp-json\/wp\/v2\/media\/514"}],"wp:attachment":[{"href":"https:\/\/www.fle.re\/blog\/wp-json\/wp\/v2\/media?parent=1811"}],"wp:term":[{"taxonomy":"category","embeddable":true,"href":"https:\/\/www.fle.re\/blog\/wp-json\/wp\/v2\/categories?post=1811"},{"taxonomy":"post_tag","embeddable":true,"href":"https:\/\/www.fle.re\/blog\/wp-json\/wp\/v2\/tags?post=1811"}],"curies":[{"name":"wp","href":"https:\/\/api.w.org\/{rel}","templated":true}]}}