{"id":1817,"date":"2026-01-06T18:20:52","date_gmt":"2026-01-06T18:20:52","guid":{"rendered":"https:\/\/www.fle.re\/blog\/?p=1817"},"modified":"2026-01-13T15:59:33","modified_gmt":"2026-01-13T15:59:33","slug":"fransizca-dilbilgisi-sifatlara-hakim-olmak","status":"publish","type":"post","link":"https:\/\/www.fle.re\/blog\/tr\/fransizca-dilbilgisi-sifatlara-hakim-olmak\/","title":{"rendered":"Frans\u0131zca dilbilgisi: s\u0131fatlara hakim olmak"},"content":{"rendered":"\n<p class=\"wp-block-paragraph\">Frans\u0131zca dilbilgisinde <strong>tan\u0131mlay\u0131c\u0131 s\u0131fatlara hakim olmak<\/strong> kendinizi do\u011fru bir \u015fekilde ifade etmeyi ve anlamay\u0131 ger\u00e7ekten kolayla\u015ft\u0131r\u0131r. <strong>Bir ki\u015fiyi, bir nesneyi veya bir durumu tan\u0131mlamak istedi\u011fimizde,<\/strong> c\u00fcmlelerimize tam etkisini veren bu k\u00fc\u00e7\u00fck kelimelerden ka\u00e7\u0131nmak imkans\u0131zd\u0131r. S\u0131fatlar g\u00fcnl\u00fck deneyimlerimize e\u015flik eder: \u00ab\u00a0Bu filmler s\u0131k\u0131c\u0131\u00a0\u00bb, \u00ab\u00a0Hassan harika\u00a0\u00bb veya hatta \u00ab\u00a0koyu renk g\u00f6zl\u00fckler\u00a0\u00bb. S\u0131fatlar\u0131 cinsiyete ve say\u0131ya g\u00f6re nas\u0131l uyumlu hale getirece\u011fimizi bilmenin ileti\u015fimi an\u0131nda ve ak\u0131c\u0131 hale getirdi\u011fini \u00e7abucak fark ederiz. <strong>Bir s\u0131fat\u0131 do\u011fru yere yerle\u015ftirmek veya do\u011fru se\u00e7mek her zaman i\u00e7g\u00fcd\u00fcsel de\u011fildir. Frans\u0131z mant\u0131\u011f\u0131 bazen \u015fa\u015f\u0131rt\u0131c\u0131d\u0131r, \u00f6rne\u011fin baz\u0131 s\u0131fatlar\u0131n konumu veya renk s\u0131fatlar\u0131n\u0131n uyumu gibi. \u00d6rne\u011fin, \u00ab\u00a0de vieux amis\u00a0\u00bb ve \u00ab\u00a0des amis vieux\u00a0\u00bb aras\u0131ndaki fark\u0131 d\u00fc\u015f\u00fcn\u00fcn. Bu nedenle, t\u00fcm bu n\u00fcanslar\u0131 anlamak i\u00e7in karma\u015f\u0131k teorilere gerek yok; sadece kendinizi<\/strong>temel kurallarla <i>ve birka\u00e7 pratik ipucuyla donatman\u0131z yeterli. Bu, FLE.RE platformu sayesinde net, do\u011fal ve kendinden emin bir \u015fekilde yaz\u0131p konu\u015faca\u011f\u0131n\u0131z\u0131 garanti eder.<\/i> <\/p>\n\n\n\n<p class=\"wp-block-paragraph\">https:\/\/www.youtube.com\/watch?v=-9sE87EJkq0 <strong>Frans\u0131zcada betimleyici s\u0131fat nas\u0131l tan\u0131n\u0131r?<\/strong> Betimleyici s\u0131fat, bir isim veya zamir hakk\u0131nda renk, boyut, karakter veya ba\u015fka herhangi bir y\u00f6n gibi de\u011ferli bilgiler sunarak ayr\u0131nt\u0131lar sa\u011flar. Esasen, s\u00f6yledi\u011finizi zenginle\u015ftirmeye veya netle\u015ftirmeye yarar. Tan\u0131mlamas\u0131 kolayd\u0131r: her zaman bir isimle (genel veya \u00f6zel) veya bazen bir zamirle birlikte gelir ve tan\u0131mlad\u0131\u011f\u0131 \u015feyle cinsiyet ve say\u0131 bak\u0131m\u0131ndan uyumludur. \u00d6rne\u011fin: \u00ab\u00a0Zo\u00e9 g\u00fczel bir z\u00fcrafad\u0131r,\u00a0\u00bb \u00ab\u00a0g\u00fczel\u00a0\u00bb s\u0131fat\u0131 di\u015fil tekildir \u00e7\u00fcnk\u00fc \u00ab\u00a0z\u00fcrafa\u00a0\u00bby\u0131 tan\u0131mlar, ki bu da di\u015fil tekildir. \u0130smin say\u0131s\u0131n\u0131 veya cinsiyetini de\u011fi\u015ftirirseniz, s\u0131fat da buna g\u00f6re de\u011fi\u015fir: \u00ab\u00a0iki kahverengi k\u00f6pek,\u00a0\u00bb \u00ab\u00a0bu cesur kad\u0131n.\u00a0\u00bb <i><\/i>Tan\u0131mlay\u0131c\u0131 s\u0131fatlar\u0131n iki t\u00fcr\u00fc vard\u0131r.<\/p>\n\n\n\n<figure class=\"wp-block-embed is-type-video is-provider-youtube wp-block-embed-youtube wp-embed-aspect-16-9 wp-has-aspect-ratio\"><div class=\"wp-block-embed__wrapper\">\nS\u0131fat, isim tamlamas\u0131nda do\u011frudan isme eklenir. \u00d6rne\u011fin: \u00ab\u00a0k\u00fc\u00e7\u00fck bir kedi.\u00a0\u00bb Y\u00fcklem s\u0131fat\u0131 ise \u00ab\u00a0olmak\u00a0\u00bb, \u00ab\u00a0g\u00f6r\u00fcnmek\u00a0\u00bb veya \u00ab\u00a0g\u00f6r\u00fcn\u00fcr olmak\u00a0\u00bb gibi bir ba\u011fla\u00e7 fiiliyle isme ba\u011flan\u0131r: \u00ab\u00a0\u00d6\u011frenciler sessizdir.\u00a0\u00bb Bu ayr\u0131m ince gibi g\u00f6r\u00fcnse de, \u00f6zellikle ifade veya yazma \u00fczerinde \u00e7al\u0131\u015f\u0131rken faydal\u0131d\u0131r. fle.re platformunda bu noktay\u0131 daha ayr\u0131nt\u0131l\u0131 olarak inceleyebilir ve kolayca pratik yapabilirsiniz. Tan\u0131mlay\u0131c\u0131 s\u0131fat genellikle, niteledi\u011fi isme ba\u011fl\u0131 olarak de\u011fi\u015fen son ekleriyle tan\u0131mlan\u0131r. Uyum sa\u011flamak i\u00e7in de\u011fi\u015fir, bu da haf\u0131za i\u00e7in iyi bir al\u0131\u015ft\u0131rmad\u0131r. Son bir ipucu: \u00ab\u00a0b\u00fcy\u00fck\u00a0\u00bb, \u00ab\u00a0k\u00fc\u00e7\u00fck\u00a0\u00bb, \u00ab\u00a0iyi\u00a0\u00bb veya \u00ab\u00a0k\u00f6t\u00fc\u00a0\u00bb gibi baz\u0131 k\u0131sa ve s\u0131k kullan\u0131lan s\u0131fatlar genellikle isimden \u00f6nce yerle\u015ftirilir. Ancak elbette istisnalar ve incelikler de vard\u0131r&#8230; K\u0131sacas\u0131, s\u0131fat Frans\u0131zcan\u0131n ki\u015fisel dokunu\u015fudur. Tan\u0131mlay\u0131c\u0131 s\u0131fatlar i\u00e7in do\u011fru uyum nedir?\n<\/div><\/figure>\n\n\n\n<div id=\"ez-toc-container\" class=\"ez-toc-v2_0_82_2 ez-toc-wrap-center counter-hierarchy ez-toc-counter ez-toc-transparent ez-toc-container-direction\">\n<div class=\"ez-toc-title-container\">\n<p class=\"ez-toc-title\" style=\"cursor:inherit\">Sommaire<\/p>\n<span class=\"ez-toc-title-toggle\"><a href=\"#\" class=\"ez-toc-pull-right ez-toc-btn ez-toc-btn-xs ez-toc-btn-default ez-toc-toggle\" aria-label=\"Toggle Table of Content\"><span class=\"ez-toc-js-icon-con\"><span class=\"\"><span class=\"eztoc-hide\" style=\"display:none;\">Toggle<\/span><span class=\"ez-toc-icon-toggle-span\"><svg style=\"fill: #999;color:#999\" xmlns=\"http:\/\/www.w3.org\/2000\/svg\" class=\"list-377408\" width=\"20px\" height=\"20px\" viewBox=\"0 0 24 24\" fill=\"none\"><path d=\"M6 6H4v2h2V6zm14 0H8v2h12V6zM4 11h2v2H4v-2zm16 0H8v2h12v-2zM4 16h2v2H4v-2zm16 0H8v2h12v-2z\" fill=\"currentColor\"><\/path><\/svg><svg style=\"fill: #999;color:#999\" class=\"arrow-unsorted-368013\" xmlns=\"http:\/\/www.w3.org\/2000\/svg\" width=\"10px\" height=\"10px\" viewBox=\"0 0 24 24\" version=\"1.2\" baseProfile=\"tiny\"><path d=\"M18.2 9.3l-6.2-6.3-6.2 6.3c-.2.2-.3.4-.3.7s.1.5.3.7c.2.2.4.3.7.3h11c.3 0 .5-.1.7-.3.2-.2.3-.5.3-.7s-.1-.5-.3-.7zM5.8 14.7l6.2 6.3 6.2-6.3c.2-.2.3-.5.3-.7s-.1-.5-.3-.7c-.2-.2-.4-.3-.7-.3h-11c-.3 0-.5.1-.7.3-.2.2-.3.5-.3.7s.1.5.3.7z\"\/><\/svg><\/span><\/span><\/span><\/a><\/span><\/div>\n<nav><ul class='ez-toc-list ez-toc-list-level-1 eztoc-toggle-hide-by-default' ><li class='ez-toc-page-1 ez-toc-heading-level-2'><a class=\"ez-toc-link ez-toc-heading-1\" href=\"https:\/\/www.fle.re\/blog\/tr\/fransizca-dilbilgisi-sifatlara-hakim-olmak\/#Ornegin_bir_sifati_uyarlamak_icin_%C2%AB_heureux_%C2%BB_mutlu_kelimesi_disil_halde_%C2%AB_heureuse_%C2%BB_mutlu_olur_Digerleri_ise_kokten_degisir_ornegin_%C2%AB_blanc_%C2%BB_beyaz_eril_kelimesi_%C2%AB_blanche_%C2%BB_beyaz_disil_olur_Gercekten_de_hazirliksiz_yakalanmamak_icin_dikkatlice_incelenmesi_gereken_varyasyonlar_vardir\" >\u00d6rne\u011fin, bir s\u0131fat\u0131 uyarlamak i\u00e7in, \u00ab\u00a0heureux\u00a0\u00bb (mutlu) kelimesi di\u015fil halde \u00ab\u00a0heureuse\u00a0\u00bb (mutlu) olur. Di\u011ferleri ise k\u00f6kten de\u011fi\u015fir; \u00f6rne\u011fin, \u00ab\u00a0blanc\u00a0\u00bb (beyaz) (eril) kelimesi \u00ab\u00a0blanche\u00a0\u00bb (beyaz) (di\u015fil) olur. Ger\u00e7ekten de, haz\u0131rl\u0131ks\u0131z yakalanmamak i\u00e7in dikkatlice incelenmesi gereken varyasyonlar vard\u0131r.<\/a><\/li><li class='ez-toc-page-1 ez-toc-heading-level-2'><a class=\"ez-toc-link ez-toc-heading-2\" href=\"https:\/\/www.fle.re\/blog\/tr\/fransizca-dilbilgisi-sifatlara-hakim-olmak\/#%E2%80%93\" >&#8211;<\/a><\/li><li class='ez-toc-page-1 ez-toc-heading-level-2'><a class=\"ez-toc-link ez-toc-heading-3\" href=\"https:\/\/www.fle.re\/blog\/tr\/fransizca-dilbilgisi-sifatlara-hakim-olmak\/#iyi_Fransizca_ogrencileri_bile\" >iyi Frans\u0131zca \u00f6\u011frencileri bile<\/a><\/li><li class='ez-toc-page-1 ez-toc-heading-level-2'><a class=\"ez-toc-link ez-toc-heading-4\" href=\"https:\/\/www.fle.re\/blog\/tr\/fransizca-dilbilgisi-sifatlara-hakim-olmak\/#Ulusal_Metin_ve_Sozcuk_Kaynaklari_Merkezi_CNRTL_%C2%AB_Nitelik_Belirten_Sifatlar_%C2%BB_CNRTL_tarihsiz_Erisim_tarihi_10_Haziran_2024\" >Ulusal Metin ve S\u00f6zc\u00fck Kaynaklar\u0131 Merkezi (CNRTL). \u00ab\u00a0Nitelik Belirten S\u0131fatlar.\u00a0\u00bb CNRTL, tarihsiz. Eri\u015fim tarihi: 10 Haziran 2024.<\/a><\/li><\/ul><\/nav><\/div>\n<h2 class=\"wp-block-heading\"><span class=\"ez-toc-section\" id=\"Ornegin_bir_sifati_uyarlamak_icin_%C2%AB_heureux_%C2%BB_mutlu_kelimesi_disil_halde_%C2%AB_heureuse_%C2%BB_mutlu_olur_Digerleri_ise_kokten_degisir_ornegin_%C2%AB_blanc_%C2%BB_beyaz_eril_kelimesi_%C2%AB_blanche_%C2%BB_beyaz_disil_olur_Gercekten_de_hazirliksiz_yakalanmamak_icin_dikkatlice_incelenmesi_gereken_varyasyonlar_vardir\"><\/span>\u00d6rne\u011fin, bir s\u0131fat\u0131 uyarlamak i\u00e7in, \u00ab\u00a0heureux\u00a0\u00bb (mutlu) kelimesi di\u015fil halde \u00ab\u00a0heureuse\u00a0\u00bb (mutlu) olur. Di\u011ferleri ise k\u00f6kten de\u011fi\u015fir; \u00f6rne\u011fin, \u00ab\u00a0blanc\u00a0\u00bb (beyaz) (eril) kelimesi \u00ab\u00a0blanche\u00a0\u00bb (beyaz) (di\u015fil) olur. Ger\u00e7ekten de, haz\u0131rl\u0131ks\u0131z yakalanmamak i\u00e7in dikkatlice incelenmesi gereken varyasyonlar vard\u0131r.<span class=\"ez-toc-section-end\"><\/span><\/h2>\n\n\n\n<p class=\"wp-block-paragraph\">\n <strong>fort \u2192 forte (di\u015fil tekil), forts (eril \u00e7o\u011ful), fortes (di\u015fil \u00e7o\u011ful)<\/strong> nouveau \u2192 nouvelle (yeni), nouveaux (yeni), nouvelles (yeni) <strong>bref \u2192 br\u00e8ve (k\u0131sa), brefs (k\u0131sa), br\u00e8ves (k\u0131sa)<\/strong> vif \u2192 vive (canl\u0131), vifs (canl\u0131), vives (canl\u0131) <strong>long \u2192 longue (uzun), longs (uzun), longues (uzun)<\/strong> Tan\u0131mlay\u0131c\u0131 s\u0131fat c\u00fcmlede nereye yerle\u015ftirilmelidir? <strong>Tan\u0131mlay\u0131c\u0131 s\u0131fatlar\u0131n yerle\u015ftirilmesi bazen tart\u0131\u015fma konusu olur\u2026 Frans\u0131zcada, \u00f6zellikle milliyet, kategori veya renk gibi bir ili\u015fkiyi belirten s\u0131fatlar\u0131n \u00e7o\u011fu isimden sonra gelir. \u00d6rne\u011fin:<\/strong> koyu renk g\u00f6zl\u00fckler <strong>,<\/strong> modern dans\n<\/p>\n\n\n\n<p class=\"wp-block-paragraph\">\n,<strong>Yahudi aileler<\/strong> . Renk s\u0131fatlar\u0131, birka\u00e7 nadir istisna d\u0131\u015f\u0131nda (cinsiyet ve say\u0131 bak\u0131m\u0131ndan uyumlu olan pembe, leylak vb.) her zaman isimden sonra gelir. Ancak <i>k\u00fc\u00e7\u00fck<\/i> ,<strong>b\u00fcy\u00fck<\/strong> , <i>g\u00fczel<\/i> gibi baz\u0131 k\u0131sa veya s\u0131k kullan\u0131lan s\u0131fatlar isimden \u00f6nce gelir: \u201cg\u00fczel bir kitap\u201d, \u201ck\u00fc\u00e7\u00fck bir ev\u201d. <a href=\"https:\/\/www.fle.re\/blog\/grammaire-francaise-debutants\/\">Bazen, s\u0131fat\u0131n konumuna ba\u011fl\u0131 olarak anlam \u00f6nemli \u00f6l\u00e7\u00fcde de\u011fi\u015fir. \u00d6rne\u011fin, \u00ab\u00a0sadece motive olmu\u015f \u00f6\u011frenciler\u00a0\u00bb (ba\u015fka \u00f6\u011frenci yok) ve \u00ab\u00a0yaln\u0131z \u00f6\u011frenciler\u00a0\u00bb (yaln\u0131zlar). Ayr\u0131ca, biraz edebi veya sofistike c\u00fcmlelerde de dikkatli olman\u0131z gerekir: s\u0131fat, etki yaratmak i\u00e7in genellikle isimden \u00f6nce yerle\u015ftirilir. \u00d6rne\u011fin, bir ma\u011fazada \u00ab\u00a0muhte\u015fem perdeler buldum\u00a0\u00bb c\u00fcmlesini s\u0131k s\u0131k duyars\u0131n\u0131z. Son olarak, normalde isimden \u00f6nce gelen iki s\u0131fat varsa, \u00ab\u00a0b\u00fcy\u00fck ve g\u00fczel bir park\u00a0\u00bb \u00f6rne\u011finde oldu\u011fu gibi, bunlar uyumlu hale getirilir.<\/a>\n<\/p>\n\n\n\n<p class=\"wp-block-paragraph\">\nBa\u015fka bir incelik: s\u0131fat hem isimden \u00f6nce hem de sonra geldi\u011finde, a\u00e7\u0131klamaya n\u00fcans katabilirsiniz: \u00ab\u00a0sevimli beyaz bir tav\u015fan\u00a0\u00bb. Bu yerle\u015fim, c\u00fcmleye \u00e7ok farkl\u0131 bir hava katar ve \u00f6\u011frenen biri i\u00e7in anlama a\u00e7\u0131s\u0131ndan b\u00fcy\u00fck fark yaratabilir. Kullan\u0131m, g\u00fcnl\u00fck ve daha resmi dil aras\u0131nda da farkl\u0131l\u0131k g\u00f6sterir. Daha da ileri gitmek i\u00e7in, <strong>fle.re<\/strong>bu varyasyonlara a\u015fina olman\u0131z i\u00e7in pratik al\u0131\u015ft\u0131rmalar sunmaktad\u0131r. Renk s\u0131fatlar\u0131n\u0131n uyumu i\u00e7in \u00f6zel kurallar nelerdir? <strong><\/strong>Renk s\u0131fatlar\u0131, bazen anadili Frans\u0131zca olanlar\u0131 bile \u015fa\u015f\u0131rtan baz\u0131 incelikler sunar! Basit bir renk s\u00f6z konusu oldu\u011funda, uyum klasik kural\u0131 izler: t\u0131pk\u0131 isim gibi cinsiyet ve say\u0131. \u00d6rnek: \u00ab\u00a0des chemises blanches\u00a0\u00bb (beyaz g\u00f6mlekler), \u00ab\u00a0les verres bleus\u00a0\u00bb (mavi g\u00f6zl\u00fckler). Ancak renk bir meyve, mineral veya ba\u015fka bir maddenin ad\u0131ndan geliyorsa, genellikle *de\u011fi\u015fmez* kal\u0131r. \u015e\u00f6yle deriz: \u00ab\u00a0des foulards orange\u00a0\u00bb (turuncu e\u015farplar), \u00ab\u00a0des robes marron\u00a0\u00bb (kahverengi elbiseler). Hat\u0131rlanmas\u0131 gereken birka\u00e7 istisna: *rose*, *mauve*, *\u00e9carlate* (k\u0131rm\u0131z\u0131), *pourpre* (mor), *vermeil*, *incarnat* (k\u0131rm\u0131z\u0131ms\u0131 kahverengi) ve *fauve* (geyik kahverengisi), bunlar uyum g\u00f6sterir. <strong><\/strong> Renk S\u0131fat\u0131 <strong>Klasik Uyum<\/strong> \u0130stisna (de\u011fi\u015fmez) <span style=\"font-style: italic\">mavi<\/span> mavi g\u00f6mlekler\n<\/p>\n\n\n\n<h2 class=\"wp-block-heading\"><span class=\"ez-toc-section\" id=\"%E2%80%93\"><\/span>&#8211;<span class=\"ez-toc-section-end\"><\/span><\/h2>\n\n\n\n<p class=\"wp-block-paragraph\">\nturuncu <strong>&#8211; turuncu \u00f6rt\u00fcler<\/strong><strong>g\u00fcl<\/strong> pembe tavanlar <strong>&#8211; Bile\u015fik s\u0131fat oldu\u011funda<\/strong> (\u00d6rne\u011fin: \u00ab\u00a0koyu ye\u015fil\u00a0\u00bb, \u00ab\u00a0k\u0131rm\u0131z\u0131ms\u0131 kahverengi\u00a0\u00bb), ifade *de\u011fi\u015fmez* kal\u0131r ve s\u0131fatlar iki renge at\u0131fta bulunuyorsa tireyle, bir tona at\u0131fta bulunuyorsa tiresiz olarak birle\u015ftirilir. Bu, birden fazla \u00f6\u011frenciyi \u015fa\u015f\u0131rtt\u0131!\n<\/p>\n\n\n\n<ul class=\"wp-block-list\">\n<li>fle.re adresindeki kurallara ve somut \u00f6rneklere h\u0131zl\u0131ca bir g\u00f6z atmak, kar\u0131\u015f\u0131kl\u0131\u011f\u0131 \u00f6nlemeye yard\u0131mc\u0131 olur.<\/li>\n\n\n\n<li><\/li>\n\n\n\n<li>S\u0131fatlar\u0131 do\u011fru kullanmak i\u00e7in bilinmesi gereken \u00f6zel durumlar nelerdir?<\/li>\n\n\n\n<li><\/li>\n\n\n\n<li>Hatta<\/li>\n<\/ul>\n\n\n\n<h2 class=\"wp-block-heading\"><span class=\"ez-toc-section\" id=\"iyi_Fransizca_ogrencileri_bile\"><\/span>iyi Frans\u0131zca \u00f6\u011frencileri bile<span class=\"ez-toc-section-end\"><\/span><\/h2>\n\n\n\n<p class=\"wp-block-paragraph\">\nbazen belirli terimlerde tak\u0131l\u0131rlar. \u00d6rne\u011fin <strong>demi<\/strong>: isimden \u00f6nce *de\u011fi\u015fmez* kal\u0131r (\u00f6rnek: \u00ab\u00a0une demi-heure\u00a0\u00bb), ancak sonras\u0131nda cinsiyet ve say\u0131 bak\u0131m\u0131ndan uyum sa\u011flar (\u00f6rnek: \u00ab\u00a0trois heures et demie\u00a0\u00bb). Ayn\u0131 \u015fey, bir makale ile ba\u015flayan bir isimden \u00f6nce de\u011fi\u015fmeyen <strong>plein<\/strong>i\u00e7in de ge\u00e7erlidir: \u00ab\u00a0plein de soucis\u00a0\u00bb. Baz\u0131 s\u0131fatlar, *fort* (g\u00fc\u00e7l\u00fc) veya *juste* (adil) gibi zarf bi\u00e7imindedir: \u00ab\u00a0elles parlent fort\u00a0\u00bb (g\u00fc\u00e7l\u00fc konu\u015furlar), burada uyum gerekmez. Basit ama hat\u0131rlaman\u0131z gerekiyor. <i><\/i>Ba\u015fka bir \u015fa\u015f\u0131rt\u0131c\u0131 durum: *feu* (ate\u015f, \u00ab\u00a0\u00f6l\u00fc\u00a0\u00bb anlam\u0131nda kullan\u0131l\u0131r) belirleyici ile isim aras\u0131na yerle\u015ftirilirse (\u00ab\u00a0la feue reine\u00a0\u00bb &#8211; merhum krali\u00e7e), uyum sa\u011flar; ancak makaleden \u00f6nce gelirse (\u00ab\u00a0feu la reine\u00a0\u00bb &#8211; merhum krali\u00e7e) uyum sa\u011flamaz. *nu* (\u00e7\u0131plak) i\u00e7in, \u00f6nce gelip tire ile ba\u011flan\u0131rsa (\u00ab\u00a0nu-pieds\u00a0\u00bb &#8211; yal\u0131nayak), de\u011fi\u015fmez kal\u0131r. Sonras\u0131nda ise normal \u015fekilde uyum sa\u011flar: \u00ab\u00a0les t\u00eates nues\u00a0\u00bb (\u00e7\u0131plak kafalar). Ve sonra, *la nue-propri\u00e9t\u00e9* (\u00e7\u0131plak m\u00fclkiyet) gibi di\u011fer sabit ifadelerde, kuraldan sapan yasal kullan\u0131mlar vard\u0131r. <strong>E\u011fer Frans\u0131zcan\u0131z\u0131 geli\u015ftirmek istiyorsan\u0131z, baz\u0131 s\u0131fatlar\u0131n *le plus* (en \u00e7ok) ile de\u011fi\u015fmez oldu\u011funu unutmay\u0131n, \u00f6rne\u011fin \u00ab\u00a0le plus de raisons possible\u00a0\u00bb (en olas\u0131 nedenler). Biraz teknik, ama ba\u011flam i\u00e7inde \u00f6\u011frenmesi kolay. Bu incelikler Frans\u0131zcaya ger\u00e7ekten lezzet kat\u0131yor ve pratik yapmak i\u00e7in, kendinizi s\u0131namak ve e\u011flenirken \u00f6\u011frenmek i\u00e7in fle.re&rsquo;deki etkile\u015fimli testlerden daha iyisi yok.<\/strong> <strong>Sonu\u00e7<\/strong>Frans\u0131zcada betimleyici s\u0131fatlara hakim olmak, konu\u015fman\u0131za ince ayr\u0131nt\u0131lar eklemenizi, daha etkileyici ve n\u00fcansl\u0131 hale getirmenizi sa\u011flar. <strong>Cinsiyet ve say\u0131 bak\u0131m\u0131ndan uyum kurallar\u0131<\/strong>\u0130ster bir nesneyi, ister bir ki\u015fiyi, ister bir duyguyu tan\u0131ml\u0131yor olsunlar, betimlemelere tam anlam katarlar. <strong>Son eklerin ve istisnalar\u0131n zenginli\u011fi ger\u00e7ek bir dikkat gerektirir, ancak pratikle s\u0131fatlar\u0131n\u0131z\u0131 do\u011fal bir \u015fekilde uyumlu hale getirmeye h\u0131zla al\u0131\u015f\u0131rs\u0131n\u0131z.<\/strong> Birka\u00e7 c\u00fcmleyi tekrar okumaktan, testlerle pratik yapmaktan veya yaz\u0131n\u0131z hakk\u0131nda geri bildirim istemekten \u00e7ekinmeyin, \u00e7\u00fcnk\u00fc s\u0131fat kurallar\u0131n\u0131n ustal\u0131\u011f\u0131 ger\u00e7ekten g\u00fcnl\u00fck kullan\u0131m yoluyla peki\u015fir. Bu s\u00f6zl\u00fc ve yaz\u0131l\u0131 incelikleri kademeli olarak entegre etmek, daha canl\u0131 ve ki\u015fisel bir dile de yol a\u00e7ar. \u0130nan\u0131n bana, bunlar\u0131 tekrar g\u00f6zden ge\u00e7irerek her \u015fey sonunda yerle\u015fir. <strong>Frans\u0131zca Dilbilgisi: Renk S\u0131fatlar\u0131nda Ustala\u015fma<\/strong> Frans\u0131zca dilbilgisini do\u011fru bir \u015fekilde uygulamak i\u00e7in: renk s\u0131fatlar\u0131nda ustala\u015fma\n<\/p>\n\n\n\n<p class=\"wp-block-paragraph\">\n, k\u00f6kenlerini ay\u0131rt etmelisiniz. Basit s\u0131fatlar (mavi, siyah, ye\u015fil) isimle cinsiyet ve say\u0131 bak\u0131m\u0131ndan uyumludur. Ancak, isimden t\u00fcretilenler (kay\u0131s\u0131, kahve, portakal) genellikle de\u011fi\u015fmez kal\u0131r; \u00ab\u00a0g\u00fcl\u00a0\u00bb, \u00ab\u00a0leylak\u00a0\u00bb veya \u00ab\u00a0mor\u00a0\u00bb gibi yedi istisna d\u0131\u015f\u0131nda. Renk iki s\u0131fattan olu\u015ftu\u011funda, bunlar de\u011fi\u015fmezdir ve bir tire ile birle\u015ftirilir (\u00f6rne\u011fin, mavi-ye\u015fil kuma\u015flar). Bu nedenle kurallar, renk s\u0131fat\u0131n\u0131n yap\u0131s\u0131na ve k\u00f6kenine ba\u011fl\u0131 olarak de\u011fi\u015fir. <strong><\/strong> Dilbilgisinde s\u0131fat\u0131 nas\u0131l ay\u0131rt edebiliriz?\n<\/p>\n\n\n\n<p class=\"wp-block-paragraph\">\n <a href=\"https:\/\/www.fle.re\/blog\/grammaire-francaise-debutants\/\">Frans\u0131zca dilbilgisinde: s\u0131fatlara hakim olmak<\/a> s\u0131fat ile s\u0131fat\u0131 birbirinden ay\u0131rmay\u0131 i\u00e7erir. S\u0131fat, isme do\u011frudan e\u015flik eder ve isim \u00f6be\u011finin bir par\u00e7as\u0131d\u0131r (\u00f6rne\u011fin, k\u0131rm\u0131z\u0131 bir elbise). Y\u00fcklem s\u0131fat\u0131 ise, isimden ayr\u0131 olarak, ba\u011f fiil (olmak, g\u00f6r\u00fcnmek) ile \u00f6zneyi tamamlar ve fiil \u00f6be\u011finin bir par\u00e7as\u0131d\u0131r (\u00f6rne\u011fin, elbise k\u0131rm\u0131z\u0131d\u0131r). Bu ayr\u0131mlar\u0131 do\u011fru bir \u015fekilde belirlemek, s\u0131fat\u0131 c\u00fcmlede do\u011fru bir \u015fekilde hizalamaya ve konumland\u0131rmaya yard\u0131mc\u0131 olur.\n<\/p>\n\n\n\n<h2 class=\"wp-block-heading\"><\/h2>\n\n\n\n<p class=\"wp-block-paragraph\">\nS\u0131fat uyumunun ba\u015fl\u0131ca istisnalar\u0131 nelerdir? <strong>Frans\u0131zca dilbilgisinde s\u0131fat uyumu i\u00e7in birka\u00e7 \u00f6zel durum vard\u0131r: S\u0131fatlara hakim olmak \u015funlar\u0131 bilmeyi gerektirir:<\/strong> \u00ab\u00a0Demi\u00a0\u00bb isimden \u00f6nce de\u011fi\u015fmez (une demi-heure)\n<\/p>\n\n\n\n<figure class=\"wp-block-table\"><table>\n<tr>\n<th>Zarf olarak kullan\u0131lan baz\u0131 s\u0131fatlar de\u011fi\u015fmezdir (ils parlent fort)<\/th>\n<th>\u00ab\u00a0possible\u00a0\u00bb, \u00ab\u00a0le plus\u00a0\u00bb veya \u00ab\u00a0le moins\u00a0\u00bbden sonra de\u011fi\u015fmez (le plus de temps possible)<\/th>\n<th>\u00ab\u00a0feu\u00a0\u00bb yaln\u0131zca belirleyici ile isim aras\u0131na yerle\u015ftirildi\u011finde uyum sa\u011flar (la feue reine)<\/th>\n<\/tr>\n<tr>\n<td>Bile\u015fik renk s\u0131fatlar\u0131 veya isimlerden t\u00fcretilenler \u00e7o\u011funlukla de\u011fi\u015fmez kal\u0131r.<\/td>\n<td><\/td>\n<td>\u0130leri d\u00fczeyde hakimiyet i\u00e7in s\u0131fat c\u00fcmlede nereye yerle\u015ftirilmelidir?<\/td>\n<\/tr>\n<tr>\n<td><\/td>\n<td>Frans\u0131zca dilbilgisinde: s\u0131fatlara hakim olmak, yerle\u015ftirme kurallar\u0131n\u0131 bilmeyi gerektirir. K\u0131sa ve s\u0131k kullan\u0131lan s\u0131fatlar (petit, beau, bon) isimden \u00f6nce gelirken, daha uzun veya tan\u0131mlay\u0131c\u0131 s\u0131fatlar isimden sonra gelir (la robe bleue, une console moderne). Ancak, s\u0131fat\u0131 isimden \u00f6nce veya sonra yerle\u015ftirmek anlam\u0131 de\u011fi\u015ftirebilir ve edebi bir \u00fcslup, betimlemeyi geli\u015ftirmek i\u00e7in s\u0131fatlar\u0131 isimden \u00f6nce kullanmay\u0131 tercih edebilir. Son olarak, iki s\u0131fat bu \u015fekilde uyum sa\u011flar: biri \u00f6nce, di\u011feri sonra, t\u00fcrlerine ve uzunluklar\u0131na ba\u011fl\u0131 olarak.<\/td>\n<td><\/td>\n<\/tr>\n<tr>\n<td>S\u0131fatlar\u0131n kar\u015f\u0131la\u015ft\u0131rma ve \u00fcst\u00fcnl\u00fck halleri nas\u0131l olu\u015fturulur?<\/td>\n<td><\/td>\n<td>Kar\u015f\u0131la\u015ft\u0131rma, bir kar\u015f\u0131la\u015ft\u0131rmay\u0131 ifade eder: \u00ab\u00a0daha fazla\/daha az\/gibi\u00a0\u00bb + s\u0131fat + \u00ab\u00a0den\u00a0\u00bb (\u00f6rne\u011fin, daha h\u0131zl\u0131). \u00dcst\u00fcnl\u00fck ise en y\u00fcksek dereceyi \u00ab\u00a0en \u00e7ok\u00a0\u00bb veya \u00ab\u00a0en az\u00a0\u00bb + s\u0131fat ile ifade eder (\u00f6rne\u011fin, en b\u00fcy\u00fck, en ucuz). S\u0131fatlar her zaman cinsiyet ve say\u0131 bak\u0131m\u0131ndan uyum sa\u011flar. Frans\u0131zca dilbilgisi i\u00e7in: s\u0131fatlara hakim olmak, kar\u015f\u0131la\u015ft\u0131rma veya \u00fcst\u00fcnl\u00fck hallerinde bile uyum \u00f6nceli\u011fini korur: \u00ab\u00a0en sessiz \u00f6\u011frenciler.\u00a0\u00bb<\/td>\n<\/tr>\n<\/table><\/figure>\n\n\n\n<p class=\"wp-block-paragraph\">\n <strong>Kaynaklar: Frans\u0131z Akademisi. \u00ab\u00a0Nitelik Belirten S\u0131fatlar\u0131n Uyumu.\u00a0\u00bb Frans\u0131z Akademisi, n.d. Eri\u015fim tarihi: 10 Haziran 2024.<\/strong>  <a href=\"https:\/\/www.fle.re\/blog\/grammaire-francaise-debutants\/\">Ayr\u0131ca bak\u0131n\u0131z: Office qu\u00e9b\u00e9cois de la langue fran\u00e7aise. \u201cRenk s\u0131fatlar\u0131n\u0131n anla\u015fmas\u0131.\u201d B\u00fcy\u00fck s\u00f6zl\u00fck terminolojisi, tarih yok Eri\u015fim tarihi: 10 Haziran 2024.<\/a> Dan\u0131\u015f\u0131n\n<\/p>\n\n\n\n<h2 class=\"wp-block-heading\"><span class=\"ez-toc-section\" id=\"Ulusal_Metin_ve_Sozcuk_Kaynaklari_Merkezi_CNRTL_%C2%AB_Nitelik_Belirten_Sifatlar_%C2%BB_CNRTL_tarihsiz_Erisim_tarihi_10_Haziran_2024\"><\/span>Ulusal Metin ve S\u00f6zc\u00fck Kaynaklar\u0131 Merkezi (CNRTL). \u00ab\u00a0Nitelik Belirten S\u0131fatlar.\u00a0\u00bb CNRTL, tarihsiz. Eri\u015fim tarihi: 10 Haziran 2024.<span class=\"ez-toc-section-end\"><\/span><\/h2>\n\n\n\n<p class=\"wp-block-paragraph\">\n <strong>Dan\u0131\u015f\u0131n<\/strong> Milli E\u011fitim ve Gen\u00e7lik Bakanl\u0131\u011f\u0131. \u00ab\u00a0Nitelik Belirten S\u0131fatlar: Uyum ve Kullan\u0131mlar\u0131.\u00a0\u00bb Milli E\u011fitim Bakanl\u0131\u011f\u0131, 5 A\u011fustos 2022. Eri\u015fim tarihi: 10 Haziran 2024. <strong><\/strong> Dan\u0131\u015f\u0131n <strong><\/strong>  <span style=\"font-style: italic\"><\/span> <strong><\/strong>  <strong><\/strong> \n<\/p>\n\n\n\n<p class=\"wp-block-paragraph\">\n <strong><\/strong>  <strong><\/strong> <em><\/em>\n<\/p>\n\n\n\n<p class=\"wp-block-paragraph\">\n\n<\/p>\n\n\n\n<h2 class=\"wp-block-heading\"><\/h2>\n\n\n\n<p class=\"wp-block-paragraph\">\n <strong><\/strong> <strong><\/strong>  <strong><\/strong> \n<\/p>\n\n\n\n<p class=\"wp-block-paragraph\">\n <strong><\/strong> \n<\/p>\n\n\n\n<p class=\"wp-block-paragraph\"><section class=\"faq\">\n<div>\n<h2><\/h2>\n<div>\n<p>\n         <strong><\/strong> \n<\/p>\n<\/div>\n<\/div>\n<div>\n<h2><\/h2>\n<div>\n<p>\n         <strong><\/strong> \n<\/p>\n<\/div>\n<\/div>\n<div>\n<h2><\/h2>\n<div>\n<p>\n         <strong><\/strong>  <\/p>\n<ul>\n<li><\/li>\n<li><\/li>\n<li><\/li>\n<li><\/li>\n<li><\/li>\n<\/ul><\/div>\n<\/div>\n<div>\n<h2><\/h2>\n<div>\n<p>\n         <strong><\/strong> \n<\/p>\n<\/div>\n<\/div>\n<div>\n<h2><\/h2>\n<div>\n<p>\n         <strong><\/strong>\n<\/p>\n<\/div>\n<\/div>\n<\/section><\/p>\n\n\n\n<h2 class=\"wp-block-heading\"><\/h2>\n\n\n\n<ol class=\"wp-block-list\">\n<li> <a href=\"https:\/\/www.academie-francaise.fr\/questions-de-langue#accord-de-ladjectif\" rel=\"nofollow noopener noreferrer\" target=\"_blank\"><\/a><\/li>\n\n\n\n<li> <a href=\"https:\/\/gdt.oqlf.gouv.qc.ca\/ficheOqlf.aspx?Id_Fiche=17088775\" rel=\"nofollow noopener noreferrer\" target=\"_blank\"><\/a><\/li>\n\n\n\n<li> <a href=\"https:\/\/www.cnrtl.fr\/definition\/adjectif%20qualificatif\" rel=\"nofollow noopener noreferrer\" target=\"_blank\"><\/a><\/li>\n\n\n\n<li> <a href=\"https:\/\/eduscol.education.fr\/odysseum\/ressource\/accord-des-adjectifs-qualificatifs\" rel=\"nofollow noopener noreferrer\" target=\"_blank\"><\/a><\/li>\n<\/ol>\n\n","protected":false},"excerpt":{"rendered":"<p>Frans\u0131zca dilbilgisinde tan\u0131mlay\u0131c\u0131 s\u0131fatlara hakim olmak kendinizi do\u011fru bir \u015fekilde ifade etmeyi ve anlamay\u0131 ger\u00e7ekten kolayla\u015ft\u0131r\u0131r. Bir ki\u015fiyi, bir nesneyi [&hellip;]<\/p>\n","protected":false},"author":2,"featured_media":514,"comment_status":"open","ping_status":"open","sticky":false,"template":"","format":"standard","meta":{"_crdt_document":"","site-sidebar-layout":"default","site-content-layout":"","ast-site-content-layout":"default","site-content-style":"default","site-sidebar-style":"default","ast-global-header-display":"","ast-banner-title-visibility":"","ast-main-header-display":"","ast-hfb-above-header-display":"","ast-hfb-below-header-display":"","ast-hfb-mobile-header-display":"","site-post-title":"","ast-breadcrumbs-content":"","ast-featured-img":"","footer-sml-layout":"","ast-disable-related-posts":"","theme-transparent-header-meta":"","adv-header-id-meta":"","stick-header-meta":"","header-above-stick-meta":"","header-main-stick-meta":"","header-below-stick-meta":"","astra-migrate-meta-layouts":"default","ast-page-background-enabled":"default","ast-page-background-meta":{"desktop":{"background-color":"var(--ast-global-color-5)","background-image":"","background-repeat":"repeat","background-position":"center center","background-size":"auto","background-attachment":"scroll","background-type":"","background-media":"","overlay-type":"","overlay-color":"","overlay-opacity":"","overlay-gradient":""},"tablet":{"background-color":"","background-image":"","background-repeat":"repeat","background-position":"center center","background-size":"auto","background-attachment":"scroll","background-type":"","background-media":"","overlay-type":"","overlay-color":"","overlay-opacity":"","overlay-gradient":""},"mobile":{"background-color":"","background-image":"","background-repeat":"repeat","background-position":"center center","background-size":"auto","background-attachment":"scroll","background-type":"","background-media":"","overlay-type":"","overlay-color":"","overlay-opacity":"","overlay-gradient":""}},"ast-content-background-meta":{"desktop":{"background-color":"var(--ast-global-color-4)","background-image":"","background-repeat":"repeat","background-position":"center center","background-size":"auto","background-attachment":"scroll","background-type":"","background-media":"","overlay-type":"","overlay-color":"","overlay-opacity":"","overlay-gradient":""},"tablet":{"background-color":"var(--ast-global-color-4)","background-image":"","background-repeat":"repeat","background-position":"center center","background-size":"auto","background-attachment":"scroll","background-type":"","background-media":"","overlay-type":"","overlay-color":"","overlay-opacity":"","overlay-gradient":""},"mobile":{"background-color":"var(--ast-global-color-4)","background-image":"","background-repeat":"repeat","background-position":"center center","background-size":"auto","background-attachment":"scroll","background-type":"","background-media":"","overlay-type":"","overlay-color":"","overlay-opacity":"","overlay-gradient":""}},"footnotes":""},"categories":[708],"tags":[1827,4857,4863,4866,4860],"class_list":["post-1817","post","type-post","status-publish","format-standard","has-post-thumbnail","hentry","category-non-classe-tr","tag-fransizca-dilbilgisi-tr","tag-fransizca-sifatlar-tr","tag-gramer-dersleri-tr","tag-sifatlara-hakim-olmak-tr","tag-sifatlari-ogrenmek-tr"],"_links":{"self":[{"href":"https:\/\/www.fle.re\/blog\/wp-json\/wp\/v2\/posts\/1817","targetHints":{"allow":["GET"]}}],"collection":[{"href":"https:\/\/www.fle.re\/blog\/wp-json\/wp\/v2\/posts"}],"about":[{"href":"https:\/\/www.fle.re\/blog\/wp-json\/wp\/v2\/types\/post"}],"author":[{"embeddable":true,"href":"https:\/\/www.fle.re\/blog\/wp-json\/wp\/v2\/users\/2"}],"replies":[{"embeddable":true,"href":"https:\/\/www.fle.re\/blog\/wp-json\/wp\/v2\/comments?post=1817"}],"version-history":[{"count":2,"href":"https:\/\/www.fle.re\/blog\/wp-json\/wp\/v2\/posts\/1817\/revisions"}],"predecessor-version":[{"id":1976,"href":"https:\/\/www.fle.re\/blog\/wp-json\/wp\/v2\/posts\/1817\/revisions\/1976"}],"wp:featuredmedia":[{"embeddable":true,"href":"https:\/\/www.fle.re\/blog\/wp-json\/wp\/v2\/media\/514"}],"wp:attachment":[{"href":"https:\/\/www.fle.re\/blog\/wp-json\/wp\/v2\/media?parent=1817"}],"wp:term":[{"taxonomy":"category","embeddable":true,"href":"https:\/\/www.fle.re\/blog\/wp-json\/wp\/v2\/categories?post=1817"},{"taxonomy":"post_tag","embeddable":true,"href":"https:\/\/www.fle.re\/blog\/wp-json\/wp\/v2\/tags?post=1817"}],"curies":[{"name":"wp","href":"https:\/\/api.w.org\/{rel}","templated":true}]}}