{"id":1834,"date":"2026-01-07T18:18:23","date_gmt":"2026-01-07T18:18:23","guid":{"rendered":"https:\/\/www.fle.re\/blog\/?p=1834"},"modified":"2026-01-13T15:58:53","modified_gmt":"2026-01-13T15:58:53","slug":"calisarak-fransizca-ogrenin","status":"publish","type":"post","link":"https:\/\/www.fle.re\/blog\/tr\/calisarak-fransizca-ogrenin\/","title":{"rendered":"\u00c7al\u0131\u015farak Frans\u0131zca \u00f6\u011frenin"},"content":{"rendered":"\n<p class=\"wp-block-paragraph\">\u00c7al\u0131\u015f\u0131rken profesyonel Frans\u0131zca&rsquo;y\u0131 \u00f6\u011frenmek m\u00fcmk\u00fcn ve d\u00fc\u015f\u00fcnd\u00fc\u011f\u00fcn\u00fczden \u00e7ok daha eri\u015filebilir. Profesyonel ya\u015fam h\u0131zl\u0131 ve do\u011fru ileti\u015fim gerektirdi\u011finde, Frans\u0131zcan\u0131z\u0131 h\u0131zla geli\u015ftirmek \u00f6ncelik haline gelir. Ger\u00e7ek hayattaki durumlarda yabanc\u0131 dil olarak Frans\u0131zca \u00f6\u011frenmeye adanm\u0131\u015f \u00e7evrimi\u00e7i platform fle.re&rsquo;de, her profesyonel deneyim becerilerinizi peki\u015ftirmek i\u00e7in bir f\u0131rsat haline gelir. Her \u015fey g\u00fcnl\u00fck prati\u011fe ba\u011fl\u0131d\u0131r: toplant\u0131lar, meslekta\u015flarla ileti\u015fim, e-postalar, sunumlar\u2014yak\u0131nda kendinizi sabahtan ak\u015fama kadar Frans\u0131zca konu\u015furken bulacaks\u0131n\u0131z. Spontan ileti\u015fim daha do\u011fal hale gelir, \u00f6zg\u00fcven artar ve toplant\u0131lar aras\u0131nda, bir \u00f6nceki g\u00fcn \u00f6\u011frendi\u011finiz deyimleri kullanmaya ba\u015flars\u0131n\u0131z. Teoriye harcanan uzun saatleri unutun; burada odak noktas\u0131 s\u00f6zl\u00fc \u00fcretim, dinleme anlama ve Frans\u0131zca foneti\u011fidir. Hareket etmeyi, anla\u015f\u0131lmak i\u00e7in konu\u015fmay\u0131 \u00f6\u011frenirsiniz ve yava\u015f yava\u015f dil engeli ortadan kalkar. Basit: ne kadar \u00e7ok konu\u015fursan\u0131z, o kadar \u00e7ok ilerlersiniz. Kariyerlerini s\u00fcrd\u00fcr\u00fcrken Frans\u0131zcalar\u0131n\u0131 geli\u015ftirmek isteyenler, <strong>fle.re&rsquo;de g\u00fcnl\u00fck ihtiya\u00e7lar\u0131yla yak\u0131ndan uyumlu, s\u00fcr\u00fckleyici ve pratik bir ortam bulacaklard\u0131r.<\/strong>  <strong>https:\/\/www.youtube.com\/watch?v=1X5CICisiC0<\/strong>Her g\u00fcn \u00e7al\u0131\u015f\u0131rken Frans\u0131zca nas\u0131l \u00f6\u011frenilir? <i><\/i>\u0130nsanlar<\/p>\n\n\n\n<p class=\"wp-block-paragraph\"><strong>\u00e7al\u0131\u015f\u0131rken Frans\u0131zca \u00f6\u011frenmeyi d\u00fc\u015f\u00fcnd\u00fcklerinde,<\/strong> \u00e7o\u011fu ki\u015fi me\u015fhur dil bariyerinden veya Frans\u0131zca konu\u015fan meslekta\u015flar\u0131yla etkili bir \u015fekilde ileti\u015fim kuramama korkusundan endi\u015fe duyar. Ancak, ger\u00e7ek ilerleme genellikle g\u00fcnl\u00fck etkile\u015fimler yoluyla, yani dilin i\u00e7ine dalmakla sa\u011flan\u0131r. Do\u011frudan temas, kahve molalar\u0131 veya toplant\u0131lar s\u0131ras\u0131ndaki tart\u0131\u015fmalar, <i>profesyonel Frans\u0131zca kelime da\u011farc\u0131\u011f\u0131n\u0131 \u00f6z\u00fcmsemek i\u00e7in son derece etkili ortamlard\u0131r.<\/i>Konu\u015fma becerilerinizi g\u00fc\u00e7lendirirken, toplant\u0131lar s\u0131ras\u0131nda soru sormaktan veya gayri resmi sohbetlere kat\u0131lmaktan \u00e7ekinmeyin, ilk ba\u015fta bazen kendinizi garip hissetseniz bile. Ne kadar cesur olursan\u0131z, beyniniz o kadar \u00e7ok adapte olur ve yava\u015f yava\u015f ifadelerin ve gramer yap\u0131lar\u0131n\u0131n do\u011fal olarak geldi\u011fini g\u00f6receksiniz. FLE.RE platformunda, ger\u00e7ek hayattaki ileti\u015fim, aktif dinleme ve spontane konu\u015fmaya odaklanan mod\u00fcller sayesinde, \u00e7evrimi\u00e7i kurslar da bu durumlarda kendinizi rahat hissetmenize yard\u0131mc\u0131 olur. Bir toplant\u0131y\u0131 nas\u0131l organize edece\u011finizi veya bir e-posta nas\u0131l yazaca\u011f\u0131n\u0131z\u0131 \u00f6\u011frenmek, sizi ger\u00e7ek hayatta profesyonel Frans\u0131zca kullanmaya motive etmek i\u00e7in hi\u00e7bir \u015feyden daha iyi de\u011fildir. \u0130\u015f deneyimi ve dil geli\u015fimi aras\u0131ndaki ba\u011flant\u0131lar a\u00e7\u0131kt\u0131r: Ne kadar \u00e7ok ileti\u015fim kurarsan\u0131z, Frans\u0131zcan\u0131n \u00ab\u00a0ruhunu\u00a0\u00bb, kodlar\u0131n\u0131 ve inceliklerini o kadar iyi anlayacaks\u0131n\u0131z. <strong><\/strong> \u0130\u015f yerinde ilerleme kaydetmek i\u00e7in pratik ara\u00e7lar nelerdir? Do\u011fru<\/p>\n\n\n\n<figure class=\"wp-block-embed is-type-video is-provider-youtube wp-block-embed-youtube wp-embed-aspect-16-9 wp-has-aspect-ratio\"><div class=\"wp-block-embed__wrapper\">\nprofesyonel ba\u011flama uyarlanabilir e\u011fitim ara\u00e7lar\u0131n\u0131 kullanmak, i\u015f yerinde \u00f6\u011frenmenizi en \u00fcst d\u00fczeye \u00e7\u0131karman\u0131z\u0131 sa\u011flar. Kaynaklar \u00e7e\u015fitlilik g\u00f6sterir; Frans\u0131zca g\u00fcncel olaylardan (gazeteler, podcast&rsquo;ler, videolar) i\u015f tan\u0131mlar\u0131, \u00f6rnek diyaloglar ve profesyonel durumlar\u0131 sim\u00fcle eden rol yapma egzersizlerine kadar uzan\u0131r.\n<\/div><\/figure>\n\n\n\n<h2 class=\"wp-block-heading\"><\/h2>\n\n\n\n<p class=\"wp-block-paragraph\">\nFLE.RE&rsquo;deki e\u011fitim, i\u015f yerinde daha ak\u0131c\u0131 bir \u015fekilde kendilerini ifade etmek isteyenler i\u00e7in ger\u00e7ekten \u00f6zel olarak haz\u0131rlanm\u0131\u015f geni\u015f bir i\u00e7erik yelpazesine eri\u015fim sa\u011flar. Platform, \u00f6rne\u011fin, <strong><\/strong>dinleme anlama, rapor yazmak i\u00e7in yaz\u0131l\u0131 ifade ve profesyonel ba\u011flamda noktalama i\u015faretleri ve s\u0131fatlar\u0131 kullanma konular\u0131na odaklanan etkile\u015fimli egzersizler sunar. <i><\/i> \u0130\u015f yerinde kullan\u0131lan Frans\u0131zcaya kendinizi kapt\u0131rmak i\u00e7in\n<\/p>\n\n\n\n<div id=\"ez-toc-container\" class=\"ez-toc-v2_0_82_2 ez-toc-wrap-center counter-hierarchy ez-toc-counter ez-toc-transparent ez-toc-container-direction\">\n<div class=\"ez-toc-title-container\">\n<p class=\"ez-toc-title\" style=\"cursor:inherit\">Sommaire<\/p>\n<span class=\"ez-toc-title-toggle\"><a href=\"#\" class=\"ez-toc-pull-right ez-toc-btn ez-toc-btn-xs ez-toc-btn-default ez-toc-toggle\" aria-label=\"Toggle Table of Content\"><span class=\"ez-toc-js-icon-con\"><span class=\"\"><span class=\"eztoc-hide\" style=\"display:none;\">Toggle<\/span><span class=\"ez-toc-icon-toggle-span\"><svg style=\"fill: #999;color:#999\" xmlns=\"http:\/\/www.w3.org\/2000\/svg\" class=\"list-377408\" width=\"20px\" height=\"20px\" viewBox=\"0 0 24 24\" fill=\"none\"><path d=\"M6 6H4v2h2V6zm14 0H8v2h12V6zM4 11h2v2H4v-2zm16 0H8v2h12v-2zM4 16h2v2H4v-2zm16 0H8v2h12v-2z\" fill=\"currentColor\"><\/path><\/svg><svg style=\"fill: #999;color:#999\" class=\"arrow-unsorted-368013\" xmlns=\"http:\/\/www.w3.org\/2000\/svg\" width=\"10px\" height=\"10px\" viewBox=\"0 0 24 24\" version=\"1.2\" baseProfile=\"tiny\"><path d=\"M18.2 9.3l-6.2-6.3-6.2 6.3c-.2.2-.3.4-.3.7s.1.5.3.7c.2.2.4.3.7.3h11c.3 0 .5-.1.7-.3.2-.2.3-.5.3-.7s-.1-.5-.3-.7zM5.8 14.7l6.2 6.3 6.2-6.3c.2-.2.3-.5.3-.7s-.1-.5-.3-.7c-.2-.2-.4-.3-.7-.3h-11c-.3 0-.5.1-.7.3-.2.2-.3.5-.3.7s.1.5.3.7z\"\/><\/svg><\/span><\/span><\/span><\/a><\/span><\/div>\n<nav><ul class='ez-toc-list ez-toc-list-level-1 eztoc-toggle-hide-by-default' ><li class='ez-toc-page-1 ez-toc-heading-level-2'><a class=\"ez-toc-link ez-toc-heading-1\" href=\"https:\/\/www.fle.re\/blog\/tr\/calisarak-fransizca-ogrenin\/#gercek_belgeler_kullanin\" >ger\u00e7ek belgeler kullan\u0131n<\/a><\/li><li class='ez-toc-page-1 ez-toc-heading-level-2'><a class=\"ez-toc-link ez-toc-heading-2\" href=\"https:\/\/www.fle.re\/blog\/tr\/calisarak-fransizca-ogrenin\/#dinleme_anlama_uzerine_bir_modulu_tamamladiktan_sonra_bunu_hemen_bir_meslektasinizla_veya_telefonda_bir_konusma_sirasinda_uygulamaya_koyun_Teori_ve_gercek_etkilesimler_arasindaki_bu_gidip_gelme_erdemli_bir_dongu_yaratir_ozumsersiniz_pratik_yaparsiniz_sonra_duzeltir_ve_pekistirirsiniz\" >dinleme anlama \u00fczerine bir mod\u00fcl\u00fc tamamlad\u0131ktan sonra, bunu hemen bir meslekta\u015f\u0131n\u0131zla veya telefonda bir konu\u015fma s\u0131ras\u0131nda uygulamaya koyun. Teori ve ger\u00e7ek etkile\u015fimler aras\u0131ndaki bu gidip gelme, erdemli bir d\u00f6ng\u00fc yarat\u0131r: \u00f6z\u00fcmsersiniz, pratik yapars\u0131n\u0131z, sonra d\u00fczeltir ve peki\u015ftirirsiniz.<\/a><\/li><li class='ez-toc-page-1 ez-toc-heading-level-2'><a class=\"ez-toc-link ez-toc-heading-3\" href=\"https:\/\/www.fle.re\/blog\/tr\/calisarak-fransizca-ogrenin\/#Profesyonel_Kelime_Dagarcigi\" >Profesyonel Kelime Da\u011farc\u0131\u011f\u0131<\/a><\/li><li class='ez-toc-page-1 ez-toc-heading-level-2'><a class=\"ez-toc-link ez-toc-heading-4\" href=\"https:\/\/www.fle.re\/blog\/tr\/calisarak-fransizca-ogrenin\/#Calisirken_Fransizca_ogrenmek_dili_gunluk_profesyonel_hayatiniza_entegre_etmek_icin_gercek_bir_firsat_sunar_Bu_yontem_ozellikle_is_yerindeki_sozlu_iletisim_sirasinda_ozguveni_artiran_tutarli_bir_uygulama_saglar_Fransizcayi_her_gun_kullanmanin_kaygilarin_ustesinden_gelmeye_ve_spontane_ifadeye_dogru_ilerlemeye_yardimci_oldugunu_hizla_fark_edersiniz_Pratik_uygulama_gercek_ihtiyaclariniza_gore_uyarlanmis_dil_becerileri_gelistirmenizi_saglar\" >\u00c7al\u0131\u015f\u0131rken Frans\u0131zca \u00f6\u011frenmek, dili g\u00fcnl\u00fck profesyonel hayat\u0131n\u0131za entegre etmek i\u00e7in ger\u00e7ek bir f\u0131rsat sunar. Bu y\u00f6ntem, \u00f6zellikle i\u015f yerindeki s\u00f6zl\u00fc ileti\u015fim s\u0131ras\u0131nda \u00f6zg\u00fcveni art\u0131ran tutarl\u0131 bir uygulama sa\u011flar. Frans\u0131zcay\u0131 her g\u00fcn kullanman\u0131n kayg\u0131lar\u0131n \u00fcstesinden gelmeye ve spontane ifadeye do\u011fru ilerlemeye yard\u0131mc\u0131 oldu\u011funu h\u0131zla fark edersiniz. Pratik uygulama, ger\u00e7ek ihtiya\u00e7lar\u0131n\u0131za g\u00f6re uyarlanm\u0131\u015f dil becerileri geli\u015ftirmenizi sa\u011flar.<\/a><\/li><li class='ez-toc-page-1 ez-toc-heading-level-2'><a class=\"ez-toc-link ez-toc-heading-5\" href=\"https:\/\/www.fle.re\/blog\/tr\/calisarak-fransizca-ogrenin\/#Bir_sirkette_profesyonel_baglama_uyarlanmis_araclara_odaklanin_kelime_ve_dilbilgisi_tekrari_icin_mobil_uygulamalar_cevrimici_ogrenme_platformlari_ve_bultenler_veya_tartisma_gruplari_gibi_sirket_ici_kaynaklar_Gercek_belgelerden_yararlanin_e-postalar_raporlar_toplantilar_Alaninizla_ilgili_dil_oyunlari_podcastler_ve_videolar_da_hedefli_ve_motive_edici_ogrenmeyi_saglar_Ornegin_rahat_bir_ortamda_gelismek_icin_kaynak_merkezine_danisin_veya_meslektaslarinizla_konusma_atolyelerine_katilin\" >Bir \u015firkette, profesyonel ba\u011flama uyarlanm\u0131\u015f ara\u00e7lara odaklan\u0131n: kelime ve dilbilgisi tekrar\u0131 i\u00e7in mobil uygulamalar, \u00e7evrimi\u00e7i \u00f6\u011frenme platformlar\u0131 ve b\u00fcltenler veya tart\u0131\u015fma gruplar\u0131 gibi \u015firket i\u00e7i kaynaklar. Ger\u00e7ek belgelerden yararlan\u0131n: e-postalar, raporlar, toplant\u0131lar. Alan\u0131n\u0131zla ilgili dil oyunlar\u0131, podcast&rsquo;ler ve videolar da hedefli ve motive edici \u00f6\u011frenmeyi sa\u011flar. \u00d6rne\u011fin, rahat bir ortamda geli\u015fmek i\u00e7in kaynak merkezine dan\u0131\u015f\u0131n veya meslekta\u015flar\u0131n\u0131zla konu\u015fma at\u00f6lyelerine kat\u0131l\u0131n.<\/a><\/li><li class='ez-toc-page-1 ez-toc-heading-level-2'><a class=\"ez-toc-link ez-toc-heading-6\" href=\"https:\/\/www.fle.re\/blog\/tr\/calisarak-fransizca-ogrenin\/#Fransizca_Yabanci_Dil_FLE_alanindaki_yapay_zeka_hakkindaki_bu_makaleye_bakin\" >Frans\u0131zca Yabanc\u0131 Dil (FLE) alan\u0131ndaki yapay zek\u00e2 hakk\u0131ndaki bu makaleye bak\u0131n.<\/a><\/li><li class='ez-toc-page-1 ez-toc-heading-level-2'><a class=\"ez-toc-link ez-toc-heading-7\" href=\"https:\/\/www.fle.re\/blog\/tr\/calisarak-fransizca-ogrenin\/#Ayrica_bakiniz\" >Ayr\u0131ca bak\u0131n\u0131z:<\/a><\/li><\/ul><\/nav><\/div>\n<h2 class=\"wp-block-heading\"><span class=\"ez-toc-section\" id=\"gercek_belgeler_kullanin\"><\/span>ger\u00e7ek belgeler kullan\u0131n<span class=\"ez-toc-section-end\"><\/span><\/h2>\n\n\n\n<p class=\"wp-block-paragraph\">\n <strong>(e-postalar, raporlar, ses kay\u0131tlar\u0131).<\/strong>  <i>\u00c7evrimi\u00e7i sim\u00fclasyonlarla pratik yap\u0131n<\/i> <br>\n<i>(sunumlar, m\u00fczakereler, telefon g\u00f6r\u00fc\u015fmeleri).<\/i> Yeni ba\u015flayan biri olsan\u0131z bile, konu\u015fma konusunda \u00f6zg\u00fcven kazanmak i\u00e7in k\u00fc\u00e7\u00fck grup konu\u015fma at\u00f6lyelerine kat\u0131l\u0131n.\n<\/p>\n\n\n\n<ul class=\"wp-block-list\">\n<li>\n        Hedefli kelime da\u011farc\u0131\u011f\u0131n\u0131z\u0131 geli\u015ftirmek i\u00e7in FLE.RE gibi platformlar\u0131 kullan\u0131n. <strong><\/strong> Frans\u0131zca konu\u015fan bir ekibe nas\u0131l h\u0131zl\u0131ca entegre olabilirsiniz?\n<\/li>\n\n\n\n<li>\n        Do\u011fru yakla\u015f\u0131m\u0131 benimsedi\u011finizde, Frans\u0131zca profesyonel ili\u015fkiler kurmak roket bilimi de\u011fildir. \u0130lk olarak, aktif dinleme \u00e7ok de\u011ferlidir: meslekta\u015flar\u0131n\u0131z\u0131n s\u00f6ylediklerine yan\u0131t vermek, a\u00e7\u0131klama istemek, yeniden ifade etmek veya anlad\u0131\u011f\u0131n\u0131z\u0131 tekrarlamak. S\u00f6zs\u00fcz ileti\u015fim de \u00f6nemli bir rol oynar; bir g\u00fcl\u00fcmseme veya anlaml\u0131 bir bak\u0131\u015f, aksan\u0131n\u0131z olsa bile kendinizi me\u015fru hissetmenize yard\u0131mc\u0131 olur! Gayriresmi sohbetler -\u00fcnl\u00fc kahve molas\u0131, payla\u015f\u0131lan \u00f6\u011fle yeme\u011fi- toplant\u0131lar\u0131n resmiyetinden uzak, bask\u0131 olmadan pratik yapmak i\u00e7in ideal f\u0131rsatlard\u0131r. Bazen, dilbilgisinde \u00ab\u00a0m\u00fckemmel\u00a0\u00bb olman\u0131n \u00e7ok \u00f6nemli oldu\u011funu d\u00fc\u015f\u00fcn\u00fcr\u00fcz, ancak en \u00f6nemlisi fikirleri payla\u015fma arzusu, hata yapmak anlam\u0131na gelse bile konu\u015fmaya cesaret etmektir. Bu gayriresmi toplant\u0131lar sadece i\u015f yerinde konu\u015fulan Frans\u0131zcan\u0131z\u0131 geli\u015ftirmeye yard\u0131mc\u0131 olmakla kalmaz, ayn\u0131 zamanda Frans\u0131z gelenekleri ve k\u00fclt\u00fcrel referanslar\u0131 hakk\u0131nda daha derin bir anlay\u0131\u015f da geli\u015ftirir. Ba\u015flang\u0131\u00e7ta biraz cesaret yeterli, \u00e7\u00fcnk\u00fc bazen beceriksizce de olsa bu giri\u015fimler ilerlemeye yol a\u00e7ar ve yeni bir meslekta\u015f\u0131 kar\u015f\u0131lamak veya beyin f\u0131rt\u0131nas\u0131 seans\u0131nda bir fikir \u00f6nermek gibi \u00e7e\u015fitli g\u00f6revlerde kendinizi ifade etme konusunda \u00f6zg\u00fcven olu\u015fturur. Meslekta\u015flarla ders d\u0131\u015f\u0131 aktiviteler (ko\u015fu, i\u015f sonras\u0131 i\u00e7ki bulu\u015fmalar\u0131, kitap kul\u00fcpleri) Frans\u0131zcay\u0131 do\u011fal bir \u015fekilde \u00f6\u011frenme f\u0131rsatlar\u0131n\u0131 art\u0131r\u0131r. Ve a\u00e7\u0131k\u00e7as\u0131, herkesin anekdotlar\u0131n\u0131 dinlemek herhangi bir ders kitab\u0131ndan \u00e7ok daha ilgi \u00e7ekicidir. <i>Frans\u0131zca konu\u015fulan bir ortama eri\u015fim, geleneksel ders kitaplar\u0131nda asla \u00f6\u011fretilmeyen mizah, deyimler ve b\u00f6lgesel referanslar hakk\u0131ndaki anlay\u0131\u015f\u0131n\u0131z\u0131 da zenginle\u015ftirir. Tonlamalar\u0131 taklit etmek, \u00f6nceki ak\u015fam bir happy hour&rsquo;da veya toplant\u0131da duydu\u011funuz yeni bir ifadeyi kullanmaya cesaret etmek; bunlar\u0131n hepsi dili canl\u0131 ve ilgin\u00e7 k\u0131lan g\u00fcnl\u00fck zorluklard\u0131r. Ve sonra, meslekta\u015flar\u0131n\u0131z\u0131n teknik bir terimi a\u00e7\u0131klamak veya bir c\u00fcmleyi yeniden ifade etmek konusunda genellikle yard\u0131mc\u0131 olmaktan mutluluk duyduklar\u0131n\u0131 \u00e7abucak ke\u015ffedersiniz.<\/i> Konu\u015fma korkusunun \u00fcstesinden gelmek i\u00e7in hangi y\u00f6ntemleri kullanabilirsiniz? Konu\u015fmaya ba\u015flamaktan korkmak en b\u00fcy\u00fck engeldir. Ancak, ofiste bunun \u00fcstesinden gelmek i\u00e7in \u00e7ok etkili ipu\u00e7lar\u0131 vard\u0131r. S\u0131rr\u0131 m\u0131? Her g\u00fcn kendinize k\u00fc\u00e7\u00fck, ula\u015f\u0131labilir hedefler belirleyin; \u00f6rne\u011fin, hafta sonunuzu s\u00f6zl\u00fc olarak anlatmak veya bir meslekta\u015f\u0131n\u0131za Frans\u0131zca yaz\u0131l\u0131 bir mesaj g\u00f6ndermek. Pratikle ak\u0131c\u0131l\u0131k geli\u015fir ve daha \u00f6zg\u00fcvenli olursunuz. K\u0131sa c\u00fcmleleri telaffuz etmeyi pratik etmek, Frans\u0131zca ses kay\u0131tlar\u0131n\u0131z\u0131 dinlemek veya hatta \u015fark\u0131lar ve etkile\u015fimli oyunlar kullanmak, ses ve tonlamaya a\u015fina olman\u0131za yard\u0131mc\u0131 olur ve zamanla dinleme anlama becerinizi de geli\u015ftirir. FLE.RE&rsquo;deki \u00f6\u011fretmenler, aktif kat\u0131l\u0131m\u0131 vurgulamay\u0131 tavsiye ediyor: fikirlerinizi ifade etmek, yeniden ifade etmek, anadili konu\u015fanlar\u0131n telaffuzunu taklit etmek ve her \u015feyden \u00f6nemlisi, k\u00fc\u00e7\u00fck hatalar\u0131 \u00f6\u011frenme s\u00fcrecinin bir par\u00e7as\u0131 olarak g\u00f6rmek.\n<\/li>\n\n\n\n<li>\n        Ayr\u0131ca, stresli durumlar\u0131 (sunumlar, telefon g\u00f6r\u00fc\u015fmeleri) \u00f6nceden belirlemek ve do\u011fru anda kullanmak \u00fczere haz\u0131r ifadeler haz\u0131rlamak da faydal\u0131d\u0131r. Bu, g\u00fcven verir ve konu\u015fmay\u0131 kolayla\u015ft\u0131r\u0131r. \u00d6\u011frenciyi sosyal bir akt\u00f6r olarak g\u00f6ren CEFR&rsquo;den ilham al\u0131n.\n<\/li>\n\n\n\n<li>\n        Bu, dili teorik y\u00f6nleri i\u00e7in de\u011fil, ger\u00e7ek d\u00fcnya uygulamalar\u0131 i\u00e7in kullanmaya yol a\u00e7ar: bir meslekta\u015f\u0131n\u0131z\u0131 i\u00e7ki i\u00e7meye davet etmek, bir projeyi a\u00e7\u0131klamak, y\u00f6neticinize bir soru sormak gibi. Bu zihniyet de\u011fi\u015fikli\u011fi faydal\u0131d\u0131r \u2013 \u00ab\u00a0bilmeyi\u00a0\u00bb de\u011fil, \u00ab\u00a0yapmay\u0131\u00a0\u00bb \u00f6\u011freniriz ve bu da t\u00fcm fark\u0131 yarat\u0131r. En \u00e7ekingen \u00f6\u011frenciler i\u00e7in bile sonu\u00e7lar h\u0131zla ortaya \u00e7\u0131kar. <a href=\"https:\/\/www.fle.re\/blog\/vocabulaire-francais-debutants\/\" target=\"_blank\"><strong><\/strong><\/a> \u0130lerleme kaydetmek i\u00e7in gayri resmi \u00f6\u011frenmeyi ve \u00e7evrimi\u00e7i kurslar\u0131 nas\u0131l birle\u015ftirebilirsiniz? Yo\u011funla\u015ft\u0131r\u0131lm\u0131\u015f \u00f6\u011frenme, gayri resmi etkile\u015fimler ve yap\u0131land\u0131r\u0131lm\u0131\u015f dersleri bir araya getirmek, h\u0131zl\u0131 ve kal\u0131c\u0131 bir geli\u015fme sa\u011flar. \u00d6zellikle, <i>\u00e7evrimi\u00e7i ba\u011f\u0131ms\u0131z \u00e7al\u0131\u015fma<\/i>ve g\u00fcnl\u00fck profesyonel ya\u015fam\u0131n\u0131zda Frans\u0131zca kullan\u0131m\u0131 aras\u0131nda ge\u00e7i\u015f yap\u0131n. \u00d6rne\u011fin, FLE.RE&rsquo;de\n<\/li>\n<\/ul>\n\n\n\n<h2 class=\"wp-block-heading\"><span class=\"ez-toc-section\" id=\"dinleme_anlama_uzerine_bir_modulu_tamamladiktan_sonra_bunu_hemen_bir_meslektasinizla_veya_telefonda_bir_konusma_sirasinda_uygulamaya_koyun_Teori_ve_gercek_etkilesimler_arasindaki_bu_gidip_gelme_erdemli_bir_dongu_yaratir_ozumsersiniz_pratik_yaparsiniz_sonra_duzeltir_ve_pekistirirsiniz\"><\/span>dinleme anlama \u00fczerine bir mod\u00fcl\u00fc tamamlad\u0131ktan sonra, bunu hemen bir meslekta\u015f\u0131n\u0131zla veya telefonda bir konu\u015fma s\u0131ras\u0131nda uygulamaya koyun. Teori ve ger\u00e7ek etkile\u015fimler aras\u0131ndaki bu gidip gelme, erdemli bir d\u00f6ng\u00fc yarat\u0131r: \u00f6z\u00fcmsersiniz, pratik yapars\u0131n\u0131z, sonra d\u00fczeltir ve peki\u015ftirirsiniz.<span class=\"ez-toc-section-end\"><\/span><\/h2>\n\n\n\n<p class=\"wp-block-paragraph\">\n <strong>\u00c7al\u0131\u015fma Ortam\u0131<\/strong>\u00c7evrimi\u00e7i Kaynak\n<\/p>\n\n\n\n<p class=\"wp-block-paragraph\">\nGeli\u015ftirilen Beceriler\n<\/p>\n\n\n\n<p class=\"wp-block-paragraph\">\nToplant\u0131 De\u011fi\u015fimleri\n<\/p>\n\n\n\n<h2 class=\"wp-block-heading\"><span class=\"ez-toc-section\" id=\"Profesyonel_Kelime_Dagarcigi\"><\/span>Profesyonel Kelime Da\u011farc\u0131\u011f\u0131<span class=\"ez-toc-section-end\"><\/span><\/h2>\n\n\n\n<p class=\"wp-block-paragraph\">\nKonu\u015fma, Tart\u0131\u015fma <i>E-posta Yazma<\/i>Etkile\u015fimli Egzersizler <strong>Okuma Anlama, S\u00f6z Dizimi<\/strong> Meslekta\u015flarla Kahve Molalar\u0131\n<\/p>\n\n\n\n<p class=\"wp-block-paragraph\">\nVideo G\u00f6r\u00fc\u015fme \u00d6zetleri <strong>Ak\u0131c\u0131l\u0131k, Spontanl\u0131k<\/strong>Sonu\u00e7\n<\/p>\n\n\n\n<h2 class=\"wp-block-heading\"><span class=\"ez-toc-section\" id=\"Calisirken_Fransizca_ogrenmek_dili_gunluk_profesyonel_hayatiniza_entegre_etmek_icin_gercek_bir_firsat_sunar_Bu_yontem_ozellikle_is_yerindeki_sozlu_iletisim_sirasinda_ozguveni_artiran_tutarli_bir_uygulama_saglar_Fransizcayi_her_gun_kullanmanin_kaygilarin_ustesinden_gelmeye_ve_spontane_ifadeye_dogru_ilerlemeye_yardimci_oldugunu_hizla_fark_edersiniz_Pratik_uygulama_gercek_ihtiyaclariniza_gore_uyarlanmis_dil_becerileri_gelistirmenizi_saglar\"><\/span>\u00c7al\u0131\u015f\u0131rken Frans\u0131zca \u00f6\u011frenmek, dili g\u00fcnl\u00fck profesyonel hayat\u0131n\u0131za entegre etmek i\u00e7in ger\u00e7ek bir f\u0131rsat sunar. Bu y\u00f6ntem, \u00f6zellikle i\u015f yerindeki s\u00f6zl\u00fc ileti\u015fim s\u0131ras\u0131nda \u00f6zg\u00fcveni art\u0131ran tutarl\u0131 bir uygulama sa\u011flar. Frans\u0131zcay\u0131 her g\u00fcn kullanman\u0131n kayg\u0131lar\u0131n \u00fcstesinden gelmeye ve spontane ifadeye do\u011fru ilerlemeye yard\u0131mc\u0131 oldu\u011funu h\u0131zla fark edersiniz. Pratik uygulama, ger\u00e7ek ihtiya\u00e7lar\u0131n\u0131za g\u00f6re uyarlanm\u0131\u015f dil becerileri geli\u015ftirmenizi sa\u011flar.<span class=\"ez-toc-section-end\"><\/span><\/h2>\n\n\n\n<p class=\"wp-block-paragraph\">\nBir ekip i\u00e7inde kendinizi a\u00e7\u0131k\u00e7a ifade etmek, bir toplant\u0131y\u0131 y\u00f6netmek veya e-posta yazmak daha kolay hale gelir. Somut ve faydal\u0131 g\u00fcnl\u00fck hedefler etraf\u0131nda payla\u015f\u0131lan deneyimin yerini hi\u00e7bir \u015fey tutamaz. <strong><\/strong> \u0130lerlemek i\u00e7in yakla\u015f\u0131m\u0131n\u0131z\u0131 \u00e7e\u015fitlendirmek ak\u0131ll\u0131ca olacakt\u0131r: <i>\u00e7evrimi\u00e7i seviye testleri<\/i> veya Frans\u0131zca fiil \u00e7ekimi gibi al\u0131\u015ft\u0131rmalar\n<\/p>\n\n\n\n<figure class=\"wp-block-table\"><table>\n<tr>\n<th>veya<\/th>\n<th>Frans\u0131zca de\u011ferlendirmeleri.<\/th>\n<th><\/th>\n<\/tr>\n<tr>\n<td>En ikna edici yakla\u015f\u0131m, konu\u015fmaya cesaret etmek ve Frans\u0131zca bilginizi kendi h\u0131z\u0131n\u0131zda zenginle\u015ftirmek i\u00e7in her etkile\u015fimden, hatta kusurlu olanlardan bile yararlanmakt\u0131r. Dil ile kurulan bu yak\u0131n ba\u011flant\u0131, do\u011fal olarak kal\u0131c\u0131 ve keyifli bir ili\u015fki yarat\u0131r.<\/td>\n<td><a href=\"https:\/\/www.fle.re\/blog\/vocabulaire-francais-debutants\/\" target=\"_blank\"><\/a><\/td>\n<td>Tam zamanl\u0131 \u00e7al\u0131\u015f\u0131rken Frans\u0131zca nas\u0131l \u00f6\u011frenilir?<\/td>\n<\/tr>\n<tr>\n<td><\/td>\n<td><a href=\"https:\/\/www.fle.re\/blog\/exercices-fle-interactifs\/\" target=\"_blank\">Tam zamanl\u0131 \u00e7al\u0131\u015f\u0131rken Frans\u0131zca \u00f6\u011frenmek i\u00e7in, dili profesyonel ve ki\u015fisel hayat\u0131n\u0131za entegre ederek d\u00fczenli bir ritim olu\u015fturun. Molalarda Frans\u0131zca konu\u015fan meslekta\u015flar\u0131n\u0131zla sohbet edin, i\u015fe gidip gelirken Frans\u0131zca radyo veya podcast&rsquo;ler dinleyin ve Frans\u0131zca yap\u0131lan toplant\u0131lara veya etkinliklere aktif olarak kat\u0131l\u0131n. Mesai saatleri d\u0131\u015f\u0131nda bile yo\u011fun kurslara veya hedefli at\u00f6lyelere kat\u0131lmaktan \u00e7ekinmeyin. Orijinal materyalleri (makaleler, yay\u0131nlar) ve dijital ara\u00e7lar\u0131 kullanmak, ayr\u0131ca tart\u0131\u015fmalara aktif olarak kat\u0131lmak \u00e7ok etkilidir. Anahtar nokta tutarl\u0131l\u0131kt\u0131r: k\u0131sa s\u00fcreler i\u00e7in bile olsa her g\u00fcn konu\u015fmak, dinlemek ve okumak.<\/a><\/td>\n<td><\/td>\n<\/tr>\n<tr>\n<td>\u0130\u015f yerinde Frans\u0131zca \u00f6\u011frenmeyi destekleyen ara\u00e7lar nelerdir?<\/td>\n<td><\/td>\n<td>\u00c7al\u0131\u015f\u0131rken Frans\u0131zca \u00f6\u011frenmek i\u00e7in<\/td>\n<\/tr>\n<\/table><\/figure>\n\n\n\n<h2 class=\"wp-block-heading\"><span class=\"ez-toc-section\" id=\"Bir_sirkette_profesyonel_baglama_uyarlanmis_araclara_odaklanin_kelime_ve_dilbilgisi_tekrari_icin_mobil_uygulamalar_cevrimici_ogrenme_platformlari_ve_bultenler_veya_tartisma_gruplari_gibi_sirket_ici_kaynaklar_Gercek_belgelerden_yararlanin_e-postalar_raporlar_toplantilar_Alaninizla_ilgili_dil_oyunlari_podcastler_ve_videolar_da_hedefli_ve_motive_edici_ogrenmeyi_saglar_Ornegin_rahat_bir_ortamda_gelismek_icin_kaynak_merkezine_danisin_veya_meslektaslarinizla_konusma_atolyelerine_katilin\"><\/span>Bir \u015firkette, profesyonel ba\u011flama uyarlanm\u0131\u015f ara\u00e7lara odaklan\u0131n: kelime ve dilbilgisi tekrar\u0131 i\u00e7in mobil uygulamalar, \u00e7evrimi\u00e7i \u00f6\u011frenme platformlar\u0131 ve b\u00fcltenler veya tart\u0131\u015fma gruplar\u0131 gibi \u015firket i\u00e7i kaynaklar. Ger\u00e7ek belgelerden yararlan\u0131n: e-postalar, raporlar, toplant\u0131lar. Alan\u0131n\u0131zla ilgili dil oyunlar\u0131, podcast&rsquo;ler ve videolar da hedefli ve motive edici \u00f6\u011frenmeyi sa\u011flar. \u00d6rne\u011fin, rahat bir ortamda geli\u015fmek i\u00e7in kaynak merkezine dan\u0131\u015f\u0131n veya meslekta\u015flar\u0131n\u0131zla konu\u015fma at\u00f6lyelerine kat\u0131l\u0131n.<span class=\"ez-toc-section-end\"><\/span><\/h2>\n\n\n\n<p class=\"wp-block-paragraph\">\n <strong>\u0130\u015f yerinde Frans\u0131zca konu\u015fma korkusunun \u00fcstesinden nas\u0131l gelinir?<\/strong>\n<\/p>\n\n\n\n<p class=\"wp-block-paragraph\">\n\u0130\u015f yerinde Frans\u0131zca konu\u015fma konusundaki endi\u015fenin \u00fcstesinden gelmek i\u00e7in aktif kat\u0131l\u0131ma ve destekleyici \u00f6z d\u00fczeltmeye odaklan\u0131n. Gayri resmi al\u0131\u015fveri\u015fleri te\u015fvik edin, sorular sorun ve a\u00e7\u0131klama istemekten \u00e7ekinmeyin. S\u00f6zl\u00fc \u00fcretim ve dinleme anlama \u00fczerinde \u00e7al\u0131\u015fmak \u00f6zg\u00fcven olu\u015fturmaya yard\u0131mc\u0131 olur. Baz\u0131 ipu\u00e7lar\u0131: k\u0131sa katk\u0131larla ba\u015flay\u0131n, kademeli olarak geni\u015fletin ve rol yapma at\u00f6lyeleri veya tart\u0131\u015fma gruplar\u0131 arac\u0131l\u0131\u011f\u0131yla d\u00fczenli olarak pratik yap\u0131n. Rahat bir ortam ve meslekta\u015flar\u0131n deste\u011fi de ba\u015far\u0131 i\u00e7in \u00f6nemli fakt\u00f6rlerdir. Daha fazla ipucu i\u00e7in bu kayna\u011fa bak\u0131n. <strong><\/strong>Frans\u0131zcan\u0131z\u0131 ekip olarak geli\u015ftirmek i\u00e7in hangi metodolojiyi benimsemelisiniz?\n<\/p>\n\n\n\n<p class=\"wp-block-paragraph\">\n <strong>\u00c7al\u0131\u015f\u0131rken Frans\u0131zcan\u0131z\u0131 geli\u015ftirmek i\u00e7in<\/strong> Bir ekip ortam\u0131nda, eylem odakl\u0131 bir yakla\u015f\u0131ma \u00f6ncelik verin: Frans\u0131zca sunum haz\u0131rlama, toplant\u0131 y\u00f6netme veya pratik vakalar\u0131 \u00e7\u00f6zme gibi ger\u00e7ek d\u00fcnya g\u00f6revlerine odaklan\u0131n. Dilbilgisi ve kelime bilgisini kendi ba\u015flar\u0131na birer ama\u00e7 olarak de\u011fil, ara\u00e7 olarak kullan\u0131n; ama\u00e7, \u00e7e\u015fitli ba\u011flamlarda etkili bir \u015fekilde hareket etmek ve ileti\u015fim kurmakt\u0131r. K\u00fc\u00e7\u00fck gruplar halinde m\u00fcmk\u00fcn oldu\u011funca fikir al\u0131\u015fveri\u015finde bulunun, \u00f6\u011frenme materyallerini ekibin ihtiya\u00e7lar\u0131na g\u00f6re uyarlay\u0131n ve herkesin ilerlemesini d\u00fczeltmek ve te\u015fvik etmek i\u00e7in e\u011fitmenlerden veya deneyimli meslekta\u015flardan ki\u015fiselle\u015ftirilmi\u015f destek al\u0131n. <a href=\"https:\/\/www.fle.re\/blog\/conjugaison-francaise-exercices\/\"><\/a> \u0130\u015f yerinde yapay zek\u00e2 kullanarak Frans\u0131zca \u00f6\u011frenebilir misiniz? <a href=\"https:\/\/www.fle.re\/blog\/test-niveau-francais-gratuit\/\"><\/a>Evet, yapay zek\u00e2 kullan\u0131m\u0131, ki\u015fiselle\u015ftirilmi\u015f bir \u015fekilde \u00e7al\u0131\u015f\u0131rken Frans\u0131zca \u00f6\u011frenmeyi m\u00fcmk\u00fcn k\u0131lar. Sohbet robotlar\u0131, uyarlanabilir e-\u00f6\u011frenme platformlar\u0131 ve dil denetleyicileri gibi ara\u00e7lar, seviyenize g\u00f6re uyarlanm\u0131\u015f an\u0131nda yard\u0131m sunar. Konu\u015fma ve yazma prati\u011fi yapman\u0131za, hatalar\u0131n\u0131z\u0131 analiz etmenize ve kendi h\u0131z\u0131n\u0131zda ilerlemenize olanak tan\u0131rlar. Yapay zek\u00e2, ger\u00e7ek d\u00fcnya profesyonel durumlar\u0131na uyum sa\u011flarken kendi kendine \u00f6\u011frenmeyi te\u015fvik eder. Bu konuyu daha ayr\u0131nt\u0131l\u0131 incelemek i\u00e7in,\n<\/p>\n\n\n\n<p class=\"wp-block-paragraph\"><section class=\"faq\">\n<div>\n<h2><span class=\"ez-toc-section\" id=\"Fransizca_Yabanci_Dil_FLE_alanindaki_yapay_zeka_hakkindaki_bu_makaleye_bakin\"><\/span>Frans\u0131zca Yabanc\u0131 Dil (FLE) alan\u0131ndaki yapay zek\u00e2 hakk\u0131ndaki bu makaleye bak\u0131n.<span class=\"ez-toc-section-end\"><\/span><\/h2>\n<div>\n<p> <strong>Kaynaklar<\/strong> Avrupa Konseyi. \u201cDiller i\u00e7in Ortak Avrupa Referans \u00c7er\u00e7evesi: \u00d6\u011frenme, \u00d6\u011fretme, De\u011ferlendirme \u2013 Tamamlay\u0131c\u0131 Cilt.\u201d Avrupa Konseyi, 20 A\u011fustos 2020. Eri\u015fim tarihi: 11 Haziran 2024.<\/p>\n<\/div>\n<\/div>\n<div>\n<h2><\/h2>\n<div>\n<p>Ayr\u0131ca bak\u0131n\u0131z: <strong>Avrupa ve D\u0131\u015fi\u015fleri Bakanl\u0131\u011f\u0131. \u201cFrans\u0131zca \u00d6\u011frenme.\u201d France Diplomatie, tarihsiz. Eri\u015fim tarihi: 11 Haziran 2024.<\/strong> <\/p>\n<\/div>\n<\/div>\n<div>\n<h2><span class=\"ez-toc-section\" id=\"Ayrica_bakiniz\"><\/span>Ayr\u0131ca bak\u0131n\u0131z:<span class=\"ez-toc-section-end\"><\/span><\/h2>\n<div>\n<p>Lorraine \u00dcniversitesi. \u201cDil \u00d6\u011fretiminde Eylem Odakl\u0131 Yakla\u015f\u0131m.\u201d Id\u00e9e(s) \u2013 Presses universitaires de Lorraine, 19 Ekim 2021. Eri\u015fim tarihi: 11 Haziran 2024. <strong><\/strong> Ayr\u0131ca bak\u0131n\u0131z: <a href=\"https:\/\/www.fle.re\/blog\/aider-eleve-fle-pression\/\" target=\"_blank\"><\/a><\/p>\n<\/div>\n<\/div>\n<div>\n<h2><\/h2>\n<div>\n<p> <strong><\/strong> <\/p>\n<\/div>\n<\/div>\n<div>\n<h2><\/h2>\n<div>\n<p><strong><\/strong> <strong><\/strong>  <a href=\"https:\/\/www.fle.re\/blog\/intelligence-artificielle-francais\/\" target=\"_blank\"><\/a><\/p>\n<\/div>\n<\/div>\n<\/section><\/p>\n\n\n\n<h2 class=\"wp-block-heading\"><\/h2>\n\n\n\n<ol class=\"wp-block-list\">\n<li> <a href=\"https:\/\/www.coe.int\/fr\/web\/common-european-framework-reference-languages\" rel=\"nofollow noopener noreferrer\" target=\"_blank\"><\/a><\/li>\n\n\n\n<li> <a href=\"https:\/\/www.diplomatie.gouv.fr\/fr\/venir-en-france\/apprendre-le-francais\/\" rel=\"nofollow noopener noreferrer\" target=\"_blank\"><\/a><\/li>\n\n\n\n<li> <a href=\"https:\/\/idee.univ-lorraine.fr\/articles\/2021\/10\/19\/lapproche-actionnelle-dans-lenseignement-des-langues\/\" rel=\"nofollow noopener noreferrer\" target=\"_blank\"><\/a><\/li>\n<\/ol>\n\n","protected":false},"excerpt":{"rendered":"<p>\u00c7al\u0131\u015f\u0131rken profesyonel Frans\u0131zca&rsquo;y\u0131 \u00f6\u011frenmek m\u00fcmk\u00fcn ve d\u00fc\u015f\u00fcnd\u00fc\u011f\u00fcn\u00fczden \u00e7ok daha eri\u015filebilir. Profesyonel ya\u015fam h\u0131zl\u0131 ve do\u011fru ileti\u015fim gerektirdi\u011finde, Frans\u0131zcan\u0131z\u0131 h\u0131zla geli\u015ftirmek [&hellip;]<\/p>\n","protected":false},"author":2,"featured_media":516,"comment_status":"open","ping_status":"open","sticky":false,"template":"","format":"standard","meta":{"_crdt_document":"","site-sidebar-layout":"default","site-content-layout":"","ast-site-content-layout":"default","site-content-style":"default","site-sidebar-style":"default","ast-global-header-display":"","ast-banner-title-visibility":"","ast-main-header-display":"","ast-hfb-above-header-display":"","ast-hfb-below-header-display":"","ast-hfb-mobile-header-display":"","site-post-title":"","ast-breadcrumbs-content":"","ast-featured-img":"","footer-sml-layout":"","ast-disable-related-posts":"","theme-transparent-header-meta":"","adv-header-id-meta":"","stick-header-meta":"","header-above-stick-meta":"","header-main-stick-meta":"","header-below-stick-meta":"","astra-migrate-meta-layouts":"default","ast-page-background-enabled":"default","ast-page-background-meta":{"desktop":{"background-color":"var(--ast-global-color-5)","background-image":"","background-repeat":"repeat","background-position":"center center","background-size":"auto","background-attachment":"scroll","background-type":"","background-media":"","overlay-type":"","overlay-color":"","overlay-opacity":"","overlay-gradient":""},"tablet":{"background-color":"","background-image":"","background-repeat":"repeat","background-position":"center center","background-size":"auto","background-attachment":"scroll","background-type":"","background-media":"","overlay-type":"","overlay-color":"","overlay-opacity":"","overlay-gradient":""},"mobile":{"background-color":"","background-image":"","background-repeat":"repeat","background-position":"center center","background-size":"auto","background-attachment":"scroll","background-type":"","background-media":"","overlay-type":"","overlay-color":"","overlay-opacity":"","overlay-gradient":""}},"ast-content-background-meta":{"desktop":{"background-color":"var(--ast-global-color-4)","background-image":"","background-repeat":"repeat","background-position":"center center","background-size":"auto","background-attachment":"scroll","background-type":"","background-media":"","overlay-type":"","overlay-color":"","overlay-opacity":"","overlay-gradient":""},"tablet":{"background-color":"var(--ast-global-color-4)","background-image":"","background-repeat":"repeat","background-position":"center center","background-size":"auto","background-attachment":"scroll","background-type":"","background-media":"","overlay-type":"","overlay-color":"","overlay-opacity":"","overlay-gradient":""},"mobile":{"background-color":"var(--ast-global-color-4)","background-image":"","background-repeat":"repeat","background-position":"center center","background-size":"auto","background-attachment":"scroll","background-type":"","background-media":"","overlay-type":"","overlay-color":"","overlay-opacity":"","overlay-gradient":""}},"footnotes":""},"categories":[708],"tags":[4954,4963,4960,784,4957],"class_list":["post-1834","post","type-post","status-publish","format-standard","has-post-thumbnail","hentry","category-non-classe-tr","tag-dil-ogrenme-tr","tag-fransiz-daldirma-tr","tag-fransiz-isi-tr","tag-fransizca-ogren-tr","tag-profesyonel-fransizca-tr"],"_links":{"self":[{"href":"https:\/\/www.fle.re\/blog\/wp-json\/wp\/v2\/posts\/1834","targetHints":{"allow":["GET"]}}],"collection":[{"href":"https:\/\/www.fle.re\/blog\/wp-json\/wp\/v2\/posts"}],"about":[{"href":"https:\/\/www.fle.re\/blog\/wp-json\/wp\/v2\/types\/post"}],"author":[{"embeddable":true,"href":"https:\/\/www.fle.re\/blog\/wp-json\/wp\/v2\/users\/2"}],"replies":[{"embeddable":true,"href":"https:\/\/www.fle.re\/blog\/wp-json\/wp\/v2\/comments?post=1834"}],"version-history":[{"count":2,"href":"https:\/\/www.fle.re\/blog\/wp-json\/wp\/v2\/posts\/1834\/revisions"}],"predecessor-version":[{"id":1966,"href":"https:\/\/www.fle.re\/blog\/wp-json\/wp\/v2\/posts\/1834\/revisions\/1966"}],"wp:featuredmedia":[{"embeddable":true,"href":"https:\/\/www.fle.re\/blog\/wp-json\/wp\/v2\/media\/516"}],"wp:attachment":[{"href":"https:\/\/www.fle.re\/blog\/wp-json\/wp\/v2\/media?parent=1834"}],"wp:term":[{"taxonomy":"category","embeddable":true,"href":"https:\/\/www.fle.re\/blog\/wp-json\/wp\/v2\/categories?post=1834"},{"taxonomy":"post_tag","embeddable":true,"href":"https:\/\/www.fle.re\/blog\/wp-json\/wp\/v2\/tags?post=1834"}],"curies":[{"name":"wp","href":"https:\/\/api.w.org\/{rel}","templated":true}]}}