{"id":1851,"date":"2026-01-08T18:28:56","date_gmt":"2026-01-08T18:28:56","guid":{"rendered":"https:\/\/www.fle.re\/blog\/?p=1851"},"modified":"2026-01-13T15:58:26","modified_gmt":"2026-01-13T15:58:26","slug":"fransizcayi-muzikle-ogrenin","status":"publish","type":"post","link":"https:\/\/www.fle.re\/blog\/tr\/fransizcayi-muzikle-ogrenin\/","title":{"rendered":"Frans\u0131zca&rsquo;y\u0131 m\u00fczikle \u00f6\u011frenin"},"content":{"rendered":"\n<p class=\"wp-block-paragraph\">\nM\u00fczikle Frans\u0131zca \u00f6\u011frenmek, canl\u0131 ve te\u015fvik edici bir \u00f6\u011frenme deneyiminin kap\u0131s\u0131n\u0131 aral\u0131yor. S\u0131k\u0131c\u0131 ders kitaplar\u0131n\u0131 unutun! Bir \u015fark\u0131 dinledi\u011finizde, fark\u0131nda bile olmadan ayn\u0131 anda dinleme anlama, telaffuz ve kelime ezberleme becerilerinizi geli\u015ftiriyorsunuz. \u015eark\u0131lar, haz\u0131r kal\u0131plara, otantik aksanlara ve g\u00fcnl\u00fck kelimelere eri\u015fim sa\u011flar. En sevdi\u011finiz par\u00e7alar\u0131n sizi s\u00fcr\u00fcklemesine izin vererek, s\u0131k\u0131lmadan konu\u015fma becerilerinizi ger\u00e7ekten geli\u015ftirebilirsiniz. fle.re platformunda, m\u00fczi\u011fin size rehberlik etmesine ve Frans\u0131zca \u00f6\u011freniminizi zenginle\u015ftirmesine izin verme f\u0131rsat\u0131n\u0131z var. Ba\u015flamak i\u00e7in uzman olman\u0131za gerek yok! Baz\u0131 basit ama ak\u0131lda kal\u0131c\u0131 \u015fark\u0131lar, temelleri zahmetsizce kavraman\u0131za olanak tan\u0131yacak. Yeni kelimeler ke\u015ffederken e\u011flenin, g\u00f6nl\u00fcn\u00fczce \u015fark\u0131 s\u00f6yleyin ve dilin do\u011fal ritimlerine al\u0131\u015f\u0131n. \u0130\u015fte ilerleme kaydederken, asla \u00e7al\u0131\u015f\u0131yormu\u015f gibi hissetmeden Frans\u0131z k\u00fclt\u00fcr\u00fcn\u00fc ke\u015ffetmenin e\u011flenceli bir yolu. <strong><\/strong>https:\/\/www.youtube.com\/watch?v=MMaec1fYeuA <i>M\u00fczik Frans\u0131zca \u00f6\u011frenmeyi nas\u0131l kolayla\u015ft\u0131r\u0131r?<\/i> <strong>E\u011fer g\u00fcn boyu bir nakarat\u0131 m\u0131r\u0131ldan\u0131p da akl\u0131n\u0131zdan \u00e7\u0131karamad\u0131ysan\u0131z, Frans\u0131zca kelimeleri ezberlemek i\u00e7in m\u00fczi\u011fin g\u00fcc\u00fcn\u00fc hemen anlars\u0131n\u0131z.<\/strong>  <i>Bir \u015fark\u0131 dinledi\u011fimizde, beynimiz sadece tek tek kelimeleri de\u011fil, t\u00fcm c\u00fcmleleri alg\u0131lar ve saklar. Ayr\u0131ca, melodilerin ve ritimlerin eklenmesi i\u015fi \u00e7ok daha az s\u0131k\u0131c\u0131 hale getirir; fark\u0131na bile varmadan ger\u00e7ekten \u00f6\u011frenirsiniz.<\/i>Frans\u0131zca \u015fark\u0131lar\u0131 tekrar tekrar dinlemek <strong>dinleme anlama becerisini g\u00fc\u00e7lendirmeye<\/strong> ve telaffuzu iyile\u015ftirmeye yard\u0131mc\u0131 olur.\n<\/p>\n\n\n\n<p class=\"wp-block-paragraph\">\n\u015eark\u0131lar canl\u0131 ba\u011flamlar sunar: her kelime, her ifade bir hikayenin veya bir duygunun par\u00e7as\u0131d\u0131r. Bu, bir kelimenin veya ifadenin do\u011fru kullan\u0131m\u0131n\u0131 haf\u0131zan\u0131za yerle\u015ftirmenize yard\u0131mc\u0131 olur. Frans\u0131zcan\u0131n fonetik zorluklar\u0131, yaz\u0131l\u0131 olarak \u00f6\u011frenilmesi genellikle zor olsa da, \u015fark\u0131 s\u00f6yleyerek pratik yapt\u0131\u011f\u0131n\u0131zda daha eri\u015filebilir hale gelir. Ak\u0131lda kal\u0131c\u0131 nakaratlar, bir ders kitab\u0131na bile bakmadan fiil \u00e7ekimini ve grameri \u00f6\u011frenmeyi kolayla\u015ft\u0131r\u0131r! fle.re platformunda, fiil \u00e7ekimi ve kelime bilgisi \u00f6\u011frenmek i\u00e7in \u00e7e\u015fitli al\u0131\u015ft\u0131rmalarla temellerinizi g\u00fc\u00e7lendirebilirsiniz. \u0130lginizi \u00e7ekiyorsa, kelime bilgisine ba\u015flamak i\u00e7in bu son derece kapsaml\u0131 k\u0131lavuza g\u00f6z at\u0131n. <strong><\/strong>\u015eark\u0131 s\u00f6ylemek Frans\u0131zca telaffuzunu geli\u015ftirmeye neden yard\u0131mc\u0131 olur? <i><\/i> Frans\u0131zca \u015fark\u0131 s\u00f6ylemek, a\u011f\u0131zda \u00e7eviklik ve hassasiyet gerektirir. Muhtemelen o \u00fcnl\u00fc \u00ab\u00a0R\u00a0\u00bb veya burun \u00fcnl\u00fcleriyle (\u00ab\u00a0an\u00a0\u00bb, \u00ab\u00a0on\u00a0\u00bb) zaten m\u00fccadele etmi\u015fsinizdir. \u015eark\u0131c\u0131lar\u0131 dikkatlice dinleyerek, Frans\u0131zca seslerine al\u0131\u015f\u0131r ve stres olmadan diksiyonunuzu geli\u015ftirirsiniz. \u015eark\u0131 s\u00f6zlerini tekrar ederek Frans\u0131zca telaffuzunuzu geli\u015ftirirsiniz ve fark\u0131nda bile olmadan dilin tipik tonlama ve ritim farkl\u0131l\u0131klar\u0131n\u0131 \u00f6\u011frenirsiniz. \u0130nan\u0131lmaz!\n<\/p>\n\n\n\n<figure class=\"wp-block-embed is-type-video is-provider-youtube wp-block-embed-youtube wp-embed-aspect-16-9 wp-has-aspect-ratio\"><div class=\"wp-block-embed__wrapper\">\nBir melodiye kap\u0131l\u0131rken Frans\u0131zcan\u0131n karma\u015f\u0131k seslerini \u00f6z\u00fcmsersiniz.\n<\/div><\/figure>\n\n\n\n<div id=\"ez-toc-container\" class=\"ez-toc-v2_0_82_2 ez-toc-wrap-center counter-hierarchy ez-toc-counter ez-toc-transparent ez-toc-container-direction\">\n<div class=\"ez-toc-title-container\">\n<p class=\"ez-toc-title\" style=\"cursor:inherit\">Sommaire<\/p>\n<span class=\"ez-toc-title-toggle\"><a href=\"#\" class=\"ez-toc-pull-right ez-toc-btn ez-toc-btn-xs ez-toc-btn-default ez-toc-toggle\" aria-label=\"Toggle Table of Content\"><span class=\"ez-toc-js-icon-con\"><span class=\"\"><span class=\"eztoc-hide\" style=\"display:none;\">Toggle<\/span><span class=\"ez-toc-icon-toggle-span\"><svg style=\"fill: #999;color:#999\" xmlns=\"http:\/\/www.w3.org\/2000\/svg\" class=\"list-377408\" width=\"20px\" height=\"20px\" viewBox=\"0 0 24 24\" fill=\"none\"><path d=\"M6 6H4v2h2V6zm14 0H8v2h12V6zM4 11h2v2H4v-2zm16 0H8v2h12v-2zM4 16h2v2H4v-2zm16 0H8v2h12v-2z\" fill=\"currentColor\"><\/path><\/svg><svg style=\"fill: #999;color:#999\" class=\"arrow-unsorted-368013\" xmlns=\"http:\/\/www.w3.org\/2000\/svg\" width=\"10px\" height=\"10px\" viewBox=\"0 0 24 24\" version=\"1.2\" baseProfile=\"tiny\"><path d=\"M18.2 9.3l-6.2-6.3-6.2 6.3c-.2.2-.3.4-.3.7s.1.5.3.7c.2.2.4.3.7.3h11c.3 0 .5-.1.7-.3.2-.2.3-.5.3-.7s-.1-.5-.3-.7zM5.8 14.7l6.2 6.3 6.2-6.3c.2-.2.3-.5.3-.7s-.1-.5-.3-.7c-.2-.2-.4-.3-.7-.3h-11c-.3 0-.5.1-.7.3-.2.2-.3.5-.3.7s.1.5.3.7z\"\/><\/svg><\/span><\/span><\/span><\/a><\/span><\/div>\n<nav><ul class='ez-toc-list ez-toc-list-level-1 eztoc-toggle-hide-by-default' ><li class='ez-toc-page-1 ez-toc-heading-level-2'><a class=\"ez-toc-link ez-toc-heading-1\" href=\"https:\/\/www.fle.re\/blog\/tr\/fransizcayi-muzikle-ogrenin\/#Nakaratlarin_dogal_tekrari_isitsel_hafizanizi_guclendirmeye_yardimci_olur\" >Nakaratlar\u0131n do\u011fal tekrar\u0131 i\u015fitsel haf\u0131zan\u0131z\u0131 g\u00fc\u00e7lendirmeye yard\u0131mc\u0131 olur.<\/a><\/li><li class='ez-toc-page-1 ez-toc-heading-level-2'><a class=\"ez-toc-link ez-toc-heading-2\" href=\"https:\/\/www.fle.re\/blog\/tr\/fransizcayi-muzikle-ogrenin\/#Ilerlemenizi_takip_etmek_icin_anadili_Fransizca_olan_biriyle_duet_yapin\" >\u0130lerlemenizi takip etmek i\u00e7in anadili Frans\u0131zca olan biriyle d\u00fcet yap\u0131n<\/a><\/li><li class='ez-toc-page-1 ez-toc-heading-level-2'><a class=\"ez-toc-link ez-toc-heading-3\" href=\"https:\/\/www.fle.re\/blog\/tr\/fransizcayi-muzikle-ogrenin\/#Ogrenme_Faydasi\" >\u00d6\u011frenme Faydas\u0131<\/a><\/li><li class='ez-toc-page-1 ez-toc-heading-level-2'><a class=\"ez-toc-link ez-toc-heading-4\" href=\"https:\/\/www.fle.re\/blog\/tr\/fransizcayi-muzikle-ogrenin\/#Bu_araclari_birlestirmek_dil_ogrenimine_ve_duzenlilige_katkida_bulunur_Kendinizi_tek_bir_ortamla_sinirlamaniza_gerek_yok_deneyimlerinizi_cogaltin_Bu_sekilde_dinlemenizi_cesitlendirir_farkli_kelime_dagarcigi_stilleri_kesfeder_ve_dilin_eslik_ettigi_kulturle_baglanti_kurarak_dogal_olarak_ilerlersiniz\" >Bu ara\u00e7lar\u0131 birle\u015ftirmek, dil \u00f6\u011frenimine ve d\u00fczenlili\u011fe katk\u0131da bulunur. Kendinizi tek bir ortamla s\u0131n\u0131rlaman\u0131za gerek yok: deneyimlerinizi \u00e7o\u011falt\u0131n! Bu \u015fekilde, dinlemenizi \u00e7e\u015fitlendirir, farkl\u0131 kelime da\u011farc\u0131\u011f\u0131 stilleri ke\u015ffeder ve dilin e\u015flik etti\u011fi k\u00fclt\u00fcrle ba\u011flant\u0131 kurarak do\u011fal olarak ilerlersiniz.<\/a><\/li><li class='ez-toc-page-1 ez-toc-heading-level-2'><a class=\"ez-toc-link ez-toc-heading-5\" href=\"https:\/\/www.fle.re\/blog\/tr\/fransizcayi-muzikle-ogrenin\/#Fransa_Kultur_Bakanligi_%E2%80%9CFransiz_sarkilari_ve_muzikal_cesitlilik%E2%80%9D_Kultur_Bakanligi_15_Haziran_2022_Erisim_tarihi_28_Haziran_2024\" >Fransa K\u00fclt\u00fcr Bakanl\u0131\u011f\u0131. \u201cFrans\u0131z \u015fark\u0131lar\u0131 ve m\u00fczikal \u00e7e\u015fitlilik.\u201d K\u00fclt\u00fcr Bakanl\u0131\u011f\u0131, 15 Haziran 2022. Eri\u015fim tarihi: 28 Haziran 2024.<\/a><\/li><\/ul><\/nav><\/div>\n<h2 class=\"wp-block-heading\"><span class=\"ez-toc-section\" id=\"Nakaratlarin_dogal_tekrari_isitsel_hafizanizi_guclendirmeye_yardimci_olur\"><\/span>Nakaratlar\u0131n do\u011fal tekrar\u0131 i\u015fitsel haf\u0131zan\u0131z\u0131 g\u00fc\u00e7lendirmeye yard\u0131mc\u0131 olur.<span class=\"ez-toc-section-end\"><\/span><\/h2>\n\n\n\n<p class=\"wp-block-paragraph\">\nFarkl\u0131 aksanlar\u0131 ay\u0131rt etme konusunda kula\u011f\u0131n\u0131z\u0131 e\u011fitir; bu, dinledi\u011finiz Fransa b\u00f6lgesine veya Frans\u0131zca konu\u015fulan d\u00fcnyaya ba\u011fl\u0131 olarak ger\u00e7ek bir avantajd\u0131r. <strong>\u015eark\u0131lar\u0131 s\u00f6yleyerek seslere zaten a\u015fina oldu\u011funuz i\u00e7in Frans\u0131zca konu\u015furken daha fazla \u00f6zg\u00fcven kazan\u0131rs\u0131n\u0131z.<\/strong>Frans\u0131zcay\u0131 kolayca \u00f6\u011frenmek i\u00e7in hangi \u015fark\u0131lar\u0131 se\u00e7melisiniz? <strong>Frans\u0131zcay\u0131 kolayca \u00f6\u011frenmek i\u00e7in hangi \u015fark\u0131lar\u0131 se\u00e7melisiniz?<\/strong> \u00c7ok karma\u015f\u0131k bir \u015fark\u0131yla ba\u015flamak, \u00f6zellikle yeni ba\u015flayanlar i\u00e7in cesaret k\u0131r\u0131c\u0131 olabilir. Basit kelime da\u011farc\u0131\u011f\u0131na ve makul bir tempoya sahip, kolay \u00f6\u011frenilebilen \u015fark\u0131lar se\u00e7mek en iyisidir. Yeni ba\u015flayanlar i\u00e7in tasarlanm\u0131\u015f Frans\u0131zca \u015fark\u0131larla ba\u015flaman\u0131z\u0131 \u015fiddetle tavsiye ederiz: net s\u00f6zler, g\u00fcnl\u00fck temalar ve birlikte s\u00f6yleyebilece\u011finiz ak\u0131lda kal\u0131c\u0131 nakaratlar. Canl\u0131 kelimeler ve ger\u00e7ek\u00e7i ba\u011flamlar bulacaks\u0131n\u0131z; bunlar ezberlenmi\u015f kelime listelerinden \u00e7ok daha etkilidir. \u0130lham m\u0131 ar\u0131yorsunuz? \u00d6\u011frenmesi kolay en iyi \u015fark\u0131lar\u0131n listesine g\u00f6z at\u0131n! <i><\/i> Ayr\u0131ca, \u00e7e\u015fitli \u015fark\u0131lar se\u00e7mek, dilin farkl\u0131 kay\u0131tlar\u0131n\u0131 ke\u015ffetmenizi sa\u011flayacakt\u0131r. \u00d6rne\u011fin, Frans\u0131z rap m\u00fczi\u011fi, argo ve gayri resmi dile bir giri\u015f sunarken, klasik \u015fark\u0131lar Frans\u0131zcan\u0131n s\u00f6zdizimini ve do\u011fal ritmini \u00f6z\u00fcmsemenize yard\u0131mc\u0131 olur. Fiil \u00e7ekim becerilerinizi geli\u015ftirmek i\u00e7in, fle.re&rsquo;de bulunan bu pratik fiil \u00e7ekim al\u0131\u015ft\u0131rmalar\u0131yla bilginizi peki\u015ftirebilirsiniz.\n<\/p>\n\n\n\n<p class=\"wp-block-paragraph\">\n <i>\u015eark\u0131 s\u00f6zleri ve m\u00fczik videolar\u0131yla etkili bir \u015fekilde nas\u0131l pratik yap\u0131l\u0131r? Dinlemek iyidir, ancak aktif olarak kat\u0131lmak daha da iyidir! En etkili ipu\u00e7lar\u0131ndan biri, birka\u00e7 kez dinledikten sonra \u015fark\u0131 s\u00f6zlerini kendiniz yazmakt\u0131r. Bu, gizli bir dikte al\u0131\u015ft\u0131rmas\u0131 gibi ve Frans\u0131zca okuma anlama becerinizi geli\u015ftiriyorsunuz.<\/i>  <strong>Ard\u0131ndan resmi \u015fark\u0131 s\u00f6zlerini (internet \u00fczerinden veya do\u011frudan YouTube&rsquo;da kolayca bulabilirsiniz) kontrol edebilir ve birka\u00e7 ifadede tak\u0131l\u0131rsan\u0131z \u00e7evirisini ekleyebilirsiniz. Bu y\u00f6ntem \u00f6\u011frenmeyi ikiye katl\u0131yor: m\u00fczik i\u00e7in s\u00f6zl\u00fc, hassasiyet i\u00e7in yaz\u0131l\u0131.<\/strong>\u015eark\u0131n\u0131n tamam\u0131na ba\u015flamadan \u00f6nce her bir dizeyi y\u00fcksek sesle okumak, kendinizi daha rahat hissetmenize yard\u0131mc\u0131 olacakt\u0131r. Haz\u0131r oldu\u011funuzda kendinizi serbest b\u0131rak\u0131n: tek ba\u015f\u0131n\u0131za, arabada, du\u015fta veya hatta&#8230; bir karaoke gecesinde \u015fark\u0131 s\u00f6yleyin! Ve \u015fark\u0131 s\u00f6zlerini hat\u0131rlaman\u0131za yard\u0131mc\u0131 olmak i\u00e7in, e\u015flik eden m\u00fczik videosunu izlemek ba\u015fka bir ba\u011flant\u0131 olu\u015fturur: her kelimeye bir g\u00f6r\u00fcnt\u00fc, bir ba\u011flam ve duygular ba\u011flars\u0131n\u0131z. K\u0131sa s\u00fcre sonra, bu yeni kelimeleri denemeden bile konu\u015fmalar\u0131n\u0131zda kullanmaya ba\u015flayacaks\u0131n\u0131z. <a href=\"https:\/\/www.fle.re\/blog\/vocabulaire-francais-debutants\/\"><\/a>E\u011fer i\u015fleri \u00e7e\u015fitlendirmek istiyorsan\u0131z, \u015fu yakla\u015f\u0131mlar\u0131 deneyin:\n<\/p>\n\n\n\n<h2 class=\"wp-block-heading\"><span class=\"ez-toc-section\" id=\"Ilerlemenizi_takip_etmek_icin_anadili_Fransizca_olan_biriyle_duet_yapin\"><\/span>\u0130lerlemenizi takip etmek i\u00e7in anadili Frans\u0131zca olan biriyle d\u00fcet yap\u0131n<span class=\"ez-toc-section-end\"><\/span><\/h2>\n\n\n\n<p class=\"wp-block-paragraph\">\nEn sevdi\u011finiz \u015fark\u0131lar\u0131 ve deyimsel ke\u015fiflerinizi payla\u015fmak i\u00e7in \u00e7evrimi\u00e7i forumlara kat\u0131l\u0131n <strong>Her \u015fark\u0131 i\u00e7in kendi k\u0131sa, temal\u0131 kelime listelerinizi olu\u015fturun ve ak\u0131lda kal\u0131c\u0131 ifadeleri not al\u0131n<\/strong> M\u00fczikle \u00f6\u011frenmek i\u00e7in en iyi ara\u00e7lar ve kaynaklar nelerdir?\n<\/p>\n\n\n\n<ul class=\"wp-block-list\">\n<li><\/li>\n\n\n\n<li>Bir\u00e7ok platform art\u0131k m\u00fczik yoluyla Frans\u0131zcan\u0131z\u0131 geli\u015ftirmenin e\u011flenceli yollar\u0131n\u0131 sunuyor. Uzmanla\u015fm\u0131\u015f web siteleri, mobil uygulamalar, e\u011fitici YouTube kanallar\u0131 ve Spotify \u00e7alma listeleri aras\u0131nda, her ya\u015f ve herkes i\u00e7in bir \u015feyler var. A\u015fa\u011f\u0131daki tablo, \u00f6\u011frenme yolculu\u011funuza entegre edebilece\u011finiz baz\u0131 \u00e7ok faydal\u0131 kaynaklar\u0131 \u00f6zetlemektedir:<\/li>\n\n\n\n<li>Ara\u00e7\/Platform<\/li>\n\n\n\n<li>Ana \u0130\u015flev<\/li>\n<\/ul>\n\n\n\n<h2 class=\"wp-block-heading\"><span class=\"ez-toc-section\" id=\"Ogrenme_Faydasi\"><\/span>\u00d6\u011frenme Faydas\u0131<span class=\"ez-toc-section-end\"><\/span><\/h2>\n\n\n\n<figure class=\"wp-block-image size-full\"><img decoding=\"async\" src=\"https:\/\/www.fle.re\/blog\/wp-content\/uploads\/2025\/12\/Quelles-chansons-choisir-pour-apprendre.jpeg\" alt=\"fle.re\"><\/figure>\n\n\n\n<p class=\"wp-block-paragraph\">\nAl\u0131\u015ft\u0131rmalar, blog, videolar <strong>Anlama, kelime bilgisi ve dilbilgisini g\u00fc\u00e7lendirir<\/strong> LyricsTraining <a href=\"https:\/\/www.fle.re\/blog\/vocabulaire-francais-debutants\/\">\u015eark\u0131 s\u00f6zleriyle aktif dinleme<\/a> \u015eark\u0131lara dayal\u0131 dikte al\u0131\u015ft\u0131rmalar\u0131\n<\/p>\n\n\n\n<p class=\"wp-block-paragraph\">\nDeezer\/Spotify <a href=\"https:\/\/www.fle.re\/blog\/conjugaison-francaise-exercices\/\">Temal\u0131 \u00e7alma listeleri<\/a> Yeni t\u00fcrler ke\u015ffedin, kolay tekrarl\u0131 dinleme\n<\/p>\n\n\n\n<h2 class=\"wp-block-heading\"><span class=\"ez-toc-section\" id=\"Bu_araclari_birlestirmek_dil_ogrenimine_ve_duzenlilige_katkida_bulunur_Kendinizi_tek_bir_ortamla_sinirlamaniza_gerek_yok_deneyimlerinizi_cogaltin_Bu_sekilde_dinlemenizi_cesitlendirir_farkli_kelime_dagarcigi_stilleri_kesfeder_ve_dilin_eslik_ettigi_kulturle_baglanti_kurarak_dogal_olarak_ilerlersiniz\"><\/span>Bu ara\u00e7lar\u0131 birle\u015ftirmek, dil \u00f6\u011frenimine ve d\u00fczenlili\u011fe katk\u0131da bulunur. Kendinizi tek bir ortamla s\u0131n\u0131rlaman\u0131za gerek yok: deneyimlerinizi \u00e7o\u011falt\u0131n! Bu \u015fekilde, dinlemenizi \u00e7e\u015fitlendirir, farkl\u0131 kelime da\u011farc\u0131\u011f\u0131 stilleri ke\u015ffeder ve dilin e\u015flik etti\u011fi k\u00fclt\u00fcrle ba\u011flant\u0131 kurarak do\u011fal olarak ilerlersiniz.<span class=\"ez-toc-section-end\"><\/span><\/h2>\n\n\n\n<p class=\"wp-block-paragraph\">\n <strong>Sonu\u00e7<\/strong>Sonu\u00e7\n<\/p>\n\n\n\n<p class=\"wp-block-paragraph\">\nM\u00fczik yoluyla Frans\u0131zca \u00f6\u011frenme\n<\/p>\n\n\n\n<p class=\"wp-block-paragraph\">\nBu, otantik ve motive edici bir deneyim sunuyor. \u015eark\u0131 s\u00f6zlerini tekrarlayarak, g\u00fcnl\u00fck kelime da\u011farc\u0131\u011f\u0131n\u0131z\u0131 h\u0131zla zenginle\u015ftirir ve kendinizi dile kapt\u0131r\u0131rs\u0131n\u0131z. G\u00fcnl\u00fck hayatta kullan\u0131lan c\u00fcmle yap\u0131lar\u0131n\u0131 duyman\u0131n ve kendinizi ifade etmenin do\u011fal bir yoludur. Bir \u015fark\u0131y\u0131 duyduktan sonra akl\u0131na tak\u0131lmayan kimse yoktur herhalde? \u00d6zellikle farkl\u0131 stilleri ve tempolar\u0131 dinleyerek, dinleme anlama becerisi yava\u015f yava\u015f geli\u015fir. Yeni sesleri telaffuz etme prati\u011fi neredeyse e\u011flenceli hale gelir. Ayr\u0131ca Frans\u0131zca telaffuzun \u00f6zelliklerini ke\u015ffeder ve tonlamalara zahmetsizce al\u0131\u015f\u0131rs\u0131n\u0131z. M\u00fczi\u011fin getirdi\u011fi \u015fey, daha iyi ezberleme ve Frans\u0131zca konu\u015fulan k\u00fclt\u00fcre a\u00e7\u0131lma f\u0131rsat\u0131d\u0131r. Koroda argo veya g\u00fcnl\u00fck ifadeler duymak, sizi g\u00fcnl\u00fck konu\u015fmalar\u0131n ger\u00e7ekli\u011fine yakla\u015ft\u0131r\u0131r. Hadi, cesaretinizi toplay\u0131p birlikte \u015fark\u0131 s\u00f6yleyin; g\u00f6receksiniz, e\u011flenirken do\u011fal olarak ilerleyeceksiniz! \u015eark\u0131larla kelime ezberlemeyi nas\u0131l optimize edebilirsiniz?\n<\/p>\n\n\n\n<ul class=\"wp-block-list\">\n<li><\/li>\n\n\n\n<li>Kaynaklar: Edinburgh \u00dcniversitesi. \u201c\u015eark\u0131 s\u00f6ylemek yabanc\u0131 dil \u00f6\u011frenimini kolayla\u015ft\u0131r\u0131r.\u201d ScienceDaily, 29 Ekim 2013. Eri\u015fim tarihi: 28 Haziran 2024.<\/li>\n\n\n\n<li><\/li>\n<\/ul>\n\n\n\n<h2 class=\"wp-block-heading\"><span class=\"ez-toc-section\" id=\"Fransa_Kultur_Bakanligi_%E2%80%9CFransiz_sarkilari_ve_muzikal_cesitlilik%E2%80%9D_Kultur_Bakanligi_15_Haziran_2022_Erisim_tarihi_28_Haziran_2024\"><\/span>Fransa K\u00fclt\u00fcr Bakanl\u0131\u011f\u0131. \u201cFrans\u0131z \u015fark\u0131lar\u0131 ve m\u00fczikal \u00e7e\u015fitlilik.\u201d K\u00fclt\u00fcr Bakanl\u0131\u011f\u0131, 15 Haziran 2022. Eri\u015fim tarihi: 28 Haziran 2024.<span class=\"ez-toc-section-end\"><\/span><\/h2>\n\n\n\n<p class=\"wp-block-paragraph\">\n\n<\/p>\n\n\n\n<figure class=\"wp-block-table\"><table>\n<tr>\n<th>Nathalie Herschdorfer. \u201c\u015eark\u0131 yoluyla Frans\u0131zca \u00f6\u011frenmek.\u201d Le Figaro, 14 Kas\u0131m 2021. Eri\u015fim tarihi: 28 Haziran 2024.<\/th>\n<th><\/th>\n<th>Bak\u0131n\u0131z<\/th>\n<\/tr>\n<tr>\n<td><strong><\/strong><\/td>\n<td><\/td>\n<td><i><\/i><\/td>\n<\/tr>\n<tr>\n<td><\/td>\n<td><\/td>\n<td><i><\/i><\/td>\n<\/tr>\n<tr>\n<td><\/td>\n<td><\/td>\n<td><i><\/i><\/td>\n<\/tr>\n<\/table><\/figure>\n\n\n\n<p class=\"wp-block-paragraph\">\n\n<\/p>\n\n\n\n<h2 class=\"wp-block-heading\"><\/h2>\n\n\n\n<figure class=\"wp-block-image size-full\"><img decoding=\"async\" src=\"https:\/\/www.fle.re\/blog\/wp-content\/uploads\/2025\/12\/Conclusion-32.jpeg\" alt=\"\"><\/figure>\n\n\n\n<p class=\"wp-block-paragraph\">\n <strong><\/strong>  <strong><\/strong> <strong><\/strong> \n<\/p>\n\n\n\n<p class=\"wp-block-paragraph\">\n <strong><\/strong>  <strong><\/strong> \n<\/p>\n\n\n\n<p class=\"wp-block-paragraph\">\n <strong><\/strong>  <strong><\/strong>\n<\/p>\n\n\n\n<figure class=\"wp-block-image size-full\"><img decoding=\"async\" src=\"https:\/\/www.fle.re\/blog\/wp-content\/uploads\/2025\/12\/Comment-optimiser-la-mmorisation-du.jpeg\" alt=\"\"><\/figure>\n\n\n\n<figure class=\"wp-block-image size-full\"><img decoding=\"async\" src=\"https:\/\/www.fle.re\/blog\/wp-content\/uploads\/2025\/12\/Sources-10.jpeg\" alt=\"\"><\/figure>\n\n\n\n<ol class=\"wp-block-list\">\n<li> <a href=\"https:\/\/www.sciencedaily.com\/releases\/2013\/10\/131029183932.htm\" rel=\"nofollow noopener noreferrer\" target=\"_blank\"><\/a><\/li>\n\n\n\n<li> <a href=\"https:\/\/www.culture.gouv.fr\/Thematiques\/Musique\/Chanson-francaise-et-diversite-musicale\" rel=\"nofollow noopener noreferrer\" target=\"_blank\"><\/a><\/li>\n\n\n\n<li> <a href=\"https:\/\/www.lefigaro.fr\/vox\/culture\/l-apprentissage-du-francais-par-la-chanson-20211114\" rel=\"nofollow noopener noreferrer\" target=\"_blank\"><\/a><\/li>\n<\/ol>\n\n","protected":false},"excerpt":{"rendered":"<p>M\u00fczikle Frans\u0131zca \u00f6\u011frenmek, canl\u0131 ve te\u015fvik edici bir \u00f6\u011frenme deneyiminin kap\u0131s\u0131n\u0131 aral\u0131yor. S\u0131k\u0131c\u0131 ders kitaplar\u0131n\u0131 unutun! Bir \u015fark\u0131 dinledi\u011finizde, fark\u0131nda [&hellip;]<\/p>\n","protected":false},"author":2,"featured_media":524,"comment_status":"open","ping_status":"open","sticky":false,"template":"","format":"standard","meta":{"_crdt_document":"","site-sidebar-layout":"default","site-content-layout":"","ast-site-content-layout":"default","site-content-style":"default","site-sidebar-style":"default","ast-global-header-display":"","ast-banner-title-visibility":"","ast-main-header-display":"","ast-hfb-above-header-display":"","ast-hfb-below-header-display":"","ast-hfb-mobile-header-display":"","site-post-title":"","ast-breadcrumbs-content":"","ast-featured-img":"","footer-sml-layout":"","ast-disable-related-posts":"","theme-transparent-header-meta":"","adv-header-id-meta":"","stick-header-meta":"","header-above-stick-meta":"","header-main-stick-meta":"","header-below-stick-meta":"","astra-migrate-meta-layouts":"default","ast-page-background-enabled":"default","ast-page-background-meta":{"desktop":{"background-color":"var(--ast-global-color-5)","background-image":"","background-repeat":"repeat","background-position":"center center","background-size":"auto","background-attachment":"scroll","background-type":"","background-media":"","overlay-type":"","overlay-color":"","overlay-opacity":"","overlay-gradient":""},"tablet":{"background-color":"","background-image":"","background-repeat":"repeat","background-position":"center center","background-size":"auto","background-attachment":"scroll","background-type":"","background-media":"","overlay-type":"","overlay-color":"","overlay-opacity":"","overlay-gradient":""},"mobile":{"background-color":"","background-image":"","background-repeat":"repeat","background-position":"center center","background-size":"auto","background-attachment":"scroll","background-type":"","background-media":"","overlay-type":"","overlay-color":"","overlay-opacity":"","overlay-gradient":""}},"ast-content-background-meta":{"desktop":{"background-color":"var(--ast-global-color-4)","background-image":"","background-repeat":"repeat","background-position":"center center","background-size":"auto","background-attachment":"scroll","background-type":"","background-media":"","overlay-type":"","overlay-color":"","overlay-opacity":"","overlay-gradient":""},"tablet":{"background-color":"var(--ast-global-color-4)","background-image":"","background-repeat":"repeat","background-position":"center center","background-size":"auto","background-attachment":"scroll","background-type":"","background-media":"","overlay-type":"","overlay-color":"","overlay-opacity":"","overlay-gradient":""},"mobile":{"background-color":"var(--ast-global-color-4)","background-image":"","background-repeat":"repeat","background-position":"center center","background-size":"auto","background-attachment":"scroll","background-type":"","background-media":"","overlay-type":"","overlay-color":"","overlay-opacity":"","overlay-gradient":""}},"footnotes":""},"categories":[708],"tags":[5030,784,5027,5033,1287],"class_list":["post-1851","post","type-post","status-publish","format-standard","has-post-thumbnail","hentry","category-non-classe-tr","tag-fransiz-dili-tr","tag-fransizca-ogren-tr","tag-muzik-egitimi-tr","tag-muzik-ve-ogrenme-tr","tag-ogrenme-yontemleri-tr"],"_links":{"self":[{"href":"https:\/\/www.fle.re\/blog\/wp-json\/wp\/v2\/posts\/1851","targetHints":{"allow":["GET"]}}],"collection":[{"href":"https:\/\/www.fle.re\/blog\/wp-json\/wp\/v2\/posts"}],"about":[{"href":"https:\/\/www.fle.re\/blog\/wp-json\/wp\/v2\/types\/post"}],"author":[{"embeddable":true,"href":"https:\/\/www.fle.re\/blog\/wp-json\/wp\/v2\/users\/2"}],"replies":[{"embeddable":true,"href":"https:\/\/www.fle.re\/blog\/wp-json\/wp\/v2\/comments?post=1851"}],"version-history":[{"count":2,"href":"https:\/\/www.fle.re\/blog\/wp-json\/wp\/v2\/posts\/1851\/revisions"}],"predecessor-version":[{"id":1957,"href":"https:\/\/www.fle.re\/blog\/wp-json\/wp\/v2\/posts\/1851\/revisions\/1957"}],"wp:featuredmedia":[{"embeddable":true,"href":"https:\/\/www.fle.re\/blog\/wp-json\/wp\/v2\/media\/524"}],"wp:attachment":[{"href":"https:\/\/www.fle.re\/blog\/wp-json\/wp\/v2\/media?parent=1851"}],"wp:term":[{"taxonomy":"category","embeddable":true,"href":"https:\/\/www.fle.re\/blog\/wp-json\/wp\/v2\/categories?post=1851"},{"taxonomy":"post_tag","embeddable":true,"href":"https:\/\/www.fle.re\/blog\/wp-json\/wp\/v2\/tags?post=1851"}],"curies":[{"name":"wp","href":"https:\/\/api.w.org\/{rel}","templated":true}]}}