{"id":1885,"date":"2026-01-10T18:12:57","date_gmt":"2026-01-10T18:12:57","guid":{"rendered":"https:\/\/www.fle.re\/blog\/?p=1885"},"modified":"2026-01-10T18:13:00","modified_gmt":"2026-01-10T18:13:00","slug":"fransizcayi-kendi-basiniza-ogrenin","status":"publish","type":"post","link":"https:\/\/www.fle.re\/blog\/tr\/fransizcayi-kendi-basiniza-ogrenin\/","title":{"rendered":"Frans\u0131zcay\u0131 kendi ba\u015f\u0131n\u0131za \u00f6\u011frenin."},"content":{"rendered":"<p class=\"wp-block-paragraph\">\nFrans\u0131zca \u00f6\u011frenmenin geleneksel y\u00f6ntemlerini unutmak bug\u00fcn her zamankinden daha mant\u0131kl\u0131. Kendi kendine \u00e7al\u0131\u015fma ile herkes, zaman veya mekan k\u0131s\u0131tlamalar\u0131 olmadan, kendi evinin rahatl\u0131\u011f\u0131nda Frans\u0131zca&rsquo;y\u0131 ba\u011f\u0131ms\u0131z olarak \u00f6\u011frenebilir. Daha ak\u0131c\u0131 konu\u015fmay\u0131 m\u0131 hayal ediyorsunuz? En sevdi\u011finiz romanlar\u0131 orijinal dilinde okumay\u0131 m\u0131? fle.re gibi \u00e7evrimi\u00e7i platformlarla, Frans\u0131zca&rsquo;y\u0131 kendi kendine \u00f6\u011frenmek daha kolay ve daha etkili hale geliyor. Evet, geleneksel bir kursa kat\u0131lmadan bile h\u0131zl\u0131 ilerlemek ger\u00e7ekten m\u00fcmk\u00fcn. <strong>Ger\u00e7ek\u00e7i hedefler belirleyin, kendinizi etkili dijital kaynaklara b\u0131rak\u0131n ve her g\u00fcn pratik yaparak e\u011flenin. Ya\u015f\u0131n\u0131z veya ge\u00e7mi\u015finiz ne olursa olsun, evde Frans\u0131zca \u00f6\u011frenmek size e\u015fsiz bir \u00f6zg\u00fcrl\u00fck sunuyor. Ve d\u00fcr\u00fcst olal\u0131m: Kendi h\u0131z\u0131n\u0131z\u0131 ve tercih etti\u011finiz y\u00f6ntemleri se\u00e7mek olduk\u00e7a motive edici. Bir\u00e7o\u011fu i\u00e7in bu yakla\u015f\u0131m, yeni bir \u00f6zerklik ve ger\u00e7ek g\u00fcnl\u00fck tatmin anlam\u0131na geliyor. \u00d6yleyse, yeni dil becerilerinizi geli\u015ftirmeye haz\u0131r m\u0131s\u0131n\u0131z?<\/strong> <i>https:\/\/www.youtube.com\/watch?v=wVn3CTTKAao<\/i> Frans\u0131zca kendi kendine \u00f6\u011frenme s\u00fcrecinizi nas\u0131l organize edersiniz?\n<\/p>\n\n<p class=\"wp-block-paragraph\">\n <strong>Frans\u0131zca kendi kendine \u00f6\u011frenmeye ba\u015flamak<\/strong> basit sorularla ba\u015flar: dili neden \u00f6\u011frenmek istiyorsunuz ve hedefleriniz neler? \u00d6l\u00e7\u00fclebilir ve ki\u015fiselle\u015ftirilmi\u015f ad\u0131mlar belirlemek, \u00e7aban\u0131za anlam kazand\u0131rmaya yard\u0131mc\u0131 olur. Baz\u0131lar\u0131 g\u00fcnl\u00fck konu\u015fmalar\u0131 anlamay\u0131 hayal eder. <i>Frans\u0131zca konu\u015fulan bir \u00fclkede kald\u0131\u011f\u0131n\u0131z s\u00fcre boyunca, baz\u0131lar\u0131 i\u015f yerinde veya \u00f6\u011frenimlerinde kendilerini do\u011fal bir \u015fekilde ifade etmek ister. Sizin istedi\u011finiz ise motivasyonunuzu korumak i\u00e7in \u00f6\u011frenme yolunuzu ki\u015fiselle\u015ftirmektir. Bir ka\u011f\u0131t ve kalem al\u0131p oturun, belirli hedeflerinizi yaz\u0131n ve k\u0131sa bir yol haritas\u0131 olu\u015fturun. \u00d6rne\u011fin, kendinize bir telefon g\u00f6r\u00fc\u015fmesi yapma veya s\u00f6zl\u00fck kullanmadan bir gazete makalesi okuma g\u00f6revi verin. Bu t\u00fcr bir meydan okuma, \u00e7al\u0131\u015fmay\u0131 \u00e7ok somut hale getirir.<\/i> Zaman\u0131n\u0131z\u0131 organize etmek ilerlemenizde \u00e7ok \u00f6nemli bir rol oynar. Frans\u0131zca, herhangi bir dil gibi, d\u00fczenlilik gerektirir. B\u00fcy\u00fck, tek seferlik bir \u00e7aba yerine, k\u0131sa ama s\u0131k oturumlara \u00f6ncelik verin. Baz\u0131 \u00f6\u011frenciler g\u00fcnde on be\u015f dakika, di\u011ferleri haftada \u00fc\u00e7 kez bir saat ay\u0131r\u0131r. Ritminizi bulmak ve her \u015feyden \u00f6nce bu tempoyu enerji seviyenize g\u00f6re ayarlamak size kalm\u0131\u015f. \u0130deal olarak, dinleme anlama, okuma anlama, konu\u015fma ve dinleme aras\u0131nda ge\u00e7i\u015f yaparak aktiviteleri \u00e7e\u015fitlendirin. Bu g\u00f6rev rotasyonu kavram\u0131 ilgiyi art\u0131r\u0131r ve s\u0131k\u0131lmay\u0131 \u00f6nlemeye yard\u0131mc\u0131 olur. Ger\u00e7ekten ilerlemenizi g\u00f6rmek istiyorsan\u0131z, her ay k\u0131sa \u00f6z de\u011ferlendirme d\u00f6nemleri planlay\u0131n.\n<\/p>\n\n<figure class=\"is-provider-youtube is-type-video wp-block-embed wp-block-embed-youtube wp-embed-aspect-16-9 wp-has-aspect-ratio\"><div class=\"wp-block-embed__wrapper\">\n\n<\/div><\/figure>\n\n<div id=\"ez-toc-container\" class=\"ez-toc-v2_0_82_2 ez-toc-wrap-center counter-hierarchy ez-toc-counter ez-toc-transparent ez-toc-container-direction\">\n<div class=\"ez-toc-title-container\">\n<p class=\"ez-toc-title\" style=\"cursor:inherit\">Sommaire<\/p>\n<span class=\"ez-toc-title-toggle\"><a href=\"#\" class=\"ez-toc-pull-right ez-toc-btn ez-toc-btn-xs ez-toc-btn-default ez-toc-toggle\" aria-label=\"Toggle Table of Content\"><span class=\"ez-toc-js-icon-con\"><span class=\"\"><span class=\"eztoc-hide\" style=\"display:none;\">Toggle<\/span><span class=\"ez-toc-icon-toggle-span\"><svg style=\"fill: #999;color:#999\" xmlns=\"http:\/\/www.w3.org\/2000\/svg\" class=\"list-377408\" width=\"20px\" height=\"20px\" viewBox=\"0 0 24 24\" fill=\"none\"><path d=\"M6 6H4v2h2V6zm14 0H8v2h12V6zM4 11h2v2H4v-2zm16 0H8v2h12v-2zM4 16h2v2H4v-2zm16 0H8v2h12v-2z\" fill=\"currentColor\"><\/path><\/svg><svg style=\"fill: #999;color:#999\" class=\"arrow-unsorted-368013\" xmlns=\"http:\/\/www.w3.org\/2000\/svg\" width=\"10px\" height=\"10px\" viewBox=\"0 0 24 24\" version=\"1.2\" baseProfile=\"tiny\"><path d=\"M18.2 9.3l-6.2-6.3-6.2 6.3c-.2.2-.3.4-.3.7s.1.5.3.7c.2.2.4.3.7.3h11c.3 0 .5-.1.7-.3.2-.2.3-.5.3-.7s-.1-.5-.3-.7zM5.8 14.7l6.2 6.3 6.2-6.3c.2-.2.3-.5.3-.7s-.1-.5-.3-.7c-.2-.2-.4-.3-.7-.3h-11c-.3 0-.5.1-.7.3-.2.2-.3.5-.3.7s.1.5.3.7z\"\/><\/svg><\/span><\/span><\/span><\/a><\/span><\/div>\n<nav><ul class='ez-toc-list ez-toc-list-level-1 eztoc-toggle-hide-by-default' ><li class='ez-toc-page-1 ez-toc-heading-level-2'><a class=\"ez-toc-link ez-toc-heading-1\" href=\"https:\/\/www.fle.re\/blog\/tr\/fransizcayi-kendi-basiniza-ogrenin\/#Evde_ilerleme_kaydetmek_icin_hangi_kaynaklar_sart\" >Evde ilerleme kaydetmek i\u00e7in hangi kaynaklar \u015fart?<\/a><\/li><li class='ez-toc-page-1 ez-toc-heading-level-2'><a class=\"ez-toc-link ez-toc-heading-2\" href=\"https:\/\/www.fle.re\/blog\/tr\/fransizcayi-kendi-basiniza-ogrenin\/#Fransizcada_kendi_kendine_ogrenmeyi_secmek_size_su_avantajlari_sunar\" >Frans\u0131zca&rsquo;da kendi kendine \u00f6\u011frenmeyi se\u00e7mek size \u015fu avantajlar\u0131 sunar:<\/a><\/li><li class='ez-toc-page-1 ez-toc-heading-level-2'><a class=\"ez-toc-link ez-toc-heading-3\" href=\"https:\/\/www.fle.re\/blog\/tr\/fransizcayi-kendi-basiniza-ogrenin\/#Basarilarinizi_iki_haftada_bir_gozden_gecirin\" >Ba\u015far\u0131lar\u0131n\u0131z\u0131 iki haftada bir g\u00f6zden ge\u00e7irin<\/a><\/li><li class='ez-toc-page-1 ez-toc-heading-level-2'><a class=\"ez-toc-link ez-toc-heading-4\" href=\"https:\/\/www.fle.re\/blog\/tr\/fransizcayi-kendi-basiniza-ogrenin\/#Cesitli_cevrimici_kaynaklar_her_seviyeye_uyarlanmis_kitaplar_ve_Fransizca_medya_sayesinde\" >\u00c7e\u015fitli \u00e7evrimi\u00e7i kaynaklar, her seviyeye uyarlanm\u0131\u015f kitaplar ve Frans\u0131zca medya sayesinde,<\/a><\/li><li class='ez-toc-page-1 ez-toc-heading-level-2'><a class=\"ez-toc-link ez-toc-heading-5\" href=\"https:\/\/www.fle.re\/blog\/tr\/fransizcayi-kendi-basiniza-ogrenin\/#Ayrica_bakiniz_France_Education_International_%E2%80%9CFransizca_Ogrenme_Kaynaklari%E2%80%9D_France_Education_International_tarihsiz_26_Haziran_2024_tarihinde_erisildi\" >Ayr\u0131ca bak\u0131n\u0131z: France \u00c9ducation International. \u201cFrans\u0131zca \u00d6\u011frenme Kaynaklar\u0131.\u201d France \u00c9ducation International, tarihsiz. 26 Haziran 2024 tarihinde eri\u015fildi.<\/a><\/li><\/ul><\/nav><\/div>\n<h2 class=\"wp-block-heading\"><span class=\"ez-toc-section\" id=\"Evde_ilerleme_kaydetmek_icin_hangi_kaynaklar_sart\"><\/span>Evde ilerleme kaydetmek i\u00e7in hangi kaynaklar \u015fart?<span class=\"ez-toc-section-end\"><\/span><\/h2>\n\n<p class=\"wp-block-paragraph\">\nKendi kendine \u00f6\u011frenmenizi ger\u00e7ek bir ba\u015far\u0131ya d\u00f6n\u00fc\u015ft\u00fcrmek i\u00e7in do\u011fru kaynaklara ihtiyac\u0131n\u0131z var. \u0130nternet \u00e7evrimi\u00e7i kaynaklarla dolu ve \u00f6nemli olan, seviyenize ve tercihlerinize uygun olanlar\u0131 se\u00e7mektir. Duolingo, Babbel gibi uygulamalar veya fle.re&rsquo;de sunulanlar gibi yap\u0131land\u0131r\u0131lm\u0131\u015f kurslar, temellerinizi olu\u015fturmak veya tazelemek i\u00e7in m\u00fckemmeldir. Dilin do\u011fal temposuna al\u0131\u015fmak i\u00e7in Frans\u0131zca podcast&rsquo;leri dinlemekten \u00e7ekinmeyin. Radio France&rsquo;dan haberleri veya k\u0131sa \u00f6yk\u00fcleri dinleyerek, yava\u015f yava\u015f yap\u0131lar\u0131 ve kelime da\u011farc\u0131\u011f\u0131n\u0131 tan\u0131maya ba\u015flayacaks\u0131n\u0131z.<strong>Uzmanla\u015fm\u0131\u015f web siteleri: S\u00fcrekli g\u00fcncellenen fiil \u00e7ekimi, yaz\u0131m ve dinleme anlama al\u0131\u015ft\u0131rmalar\u0131 sunarlar.<\/strong> Uyarlanm\u0131\u015f kitaplar: \u00ab\u00a0Kolay okunan\u00a0\u00bb kitaplar veya \u00f6\u011frenenler i\u00e7in romanlar, okumay\u0131 daha az korkutucu ve \u00e7ok kademeli hale getirir. <strong>E\u011fitim ama\u00e7l\u0131 YouTube kanallar\u0131: Telaffuz \u00fczerinde \u00e7al\u0131\u015fmak veya dilbilgisini ba\u011flam i\u00e7inde ke\u015ffetmek i\u00e7in video deneyiminin yerini hi\u00e7bir \u015fey tutamaz.<\/strong> Sosyal medyada destek gruplar\u0131: Bunlar, belirli sorular sormak, zorluklar\u0131 payla\u015fmak ve birlikte ilerlemek i\u00e7in faydal\u0131d\u0131r.\n<\/p>\n\n<p class=\"wp-block-paragraph\">\n\u00d6\u011fretmen olmadan konu\u015fma prati\u011fi nas\u0131l yap\u0131l\u0131r? <strong>Bir\u00e7ok insan, konu\u015fma prati\u011fi yapman\u0131n mutlaka bir \u00f6\u011fretmen gerektirdi\u011fini d\u00fc\u015f\u00fcnerek, kendi kendine konu\u015fma konusunda endi\u015felidir. Ancak, kendi ba\u015f\u0131n\u0131za y\u00fcksek sesle konu\u015fmak inan\u0131lmaz derecede etkilidir. Kendi kendinize konu\u015fabilir, yapt\u0131klar\u0131n\u0131z hakk\u0131nda yorum yapabilir, filmlerde veya podcast&rsquo;lerde duydu\u011funuz diyaloglar\u0131 tekrarlayabilirsiniz. Bazen, g\u00fcnl\u00fck kelime da\u011farc\u0131\u011f\u0131m\u0131 geni\u015fletmek i\u00e7in aynan\u0131n kar\u015f\u0131s\u0131nda hava durumunu veya ruh halimi tarif etti\u011fimi fark ettim. Bu t\u00fcr rol yapma, Frans\u0131zca yap\u0131lar\u0131na a\u015fina olman\u0131za ve sesinize g\u00fcven kazanman\u0131za yard\u0131mc\u0131 olur.<\/strong> Kendi kendine kay\u0131t yapmak da telaffuz \u00fczerinde \u00e7al\u0131\u015fmak i\u00e7in de\u011ferli bir ara\u00e7t\u0131r. Telefonunuzla kendinizi kaydetmekten \u00e7ekinmeyin; \u00f6rne\u011fin, bir metin par\u00e7as\u0131n\u0131 okuyun veya k\u0131sa bir sunum do\u011fa\u00e7lay\u0131n. Geri dinleyerek, do\u011fal olarak iyile\u015ftirme alanlar\u0131n\u0131 belirleyecek ve aksan\u0131n\u0131z\u0131 veya h\u0131z\u0131n\u0131z\u0131 ayarlayacaks\u0131n\u0131z. Ba\u015fkalar\u0131yla ba\u011flant\u0131 kurma ihtiyac\u0131 hissediyorsan\u0131z, anadili Frans\u0131zca olan ki\u015filerle veya d\u00fcnyan\u0131n d\u00f6rt bir yan\u0131ndan di\u011fer \u00f6\u011frencilerle sohbet edebilece\u011finiz \u00e7evrimi\u00e7i dil de\u011fi\u015fim gruplar\u0131na kat\u0131l\u0131n. Bu k\u0131sa sanal konu\u015fmalar, kendili\u011findenlik i\u00e7in harikalar yarat\u0131r. <strong><\/strong>Frans\u0131zca&rsquo;da kendi kendine \u00f6\u011frenmenin ger\u00e7ek avantajlar\u0131 nelerdir?\n<\/p>\n\n<h2 class=\"wp-block-heading\"><span class=\"ez-toc-section\" id=\"Fransizcada_kendi_kendine_ogrenmeyi_secmek_size_su_avantajlari_sunar\"><\/span>Frans\u0131zca&rsquo;da kendi kendine \u00f6\u011frenmeyi se\u00e7mek size \u015fu avantajlar\u0131 sunar:<span class=\"ez-toc-section-end\"><\/span><\/h2>\n\n<p class=\"wp-block-paragraph\">\n\u00d6\u011frenmenin paha bi\u00e7ilmez \u00f6zg\u00fcrl\u00fc\u011f\u00fc: Kendi h\u0131z\u0131n\u0131z\u0131, en sevdi\u011finiz konular\u0131 ve tercih etti\u011finiz y\u00f6ntemleri siz se\u00e7ersiniz. Bu \u00f6zerklik merak\u0131n\u0131z\u0131 keskinle\u015ftirir ve sizi belirli alanlara dalmaya iter; film, m\u00fczik hakk\u0131nda konu\u015fmak veya g\u00fcncel olaylar\u0131 tart\u0131\u015fmak tamamen size kalm\u0131\u015f. Ayr\u0131ca kendi motivasyon kaynaklar\u0131n\u0131z\u0131 ke\u015ffeder ve her k\u00fc\u00e7\u00fck ad\u0131m\u0131 kutlamaktan art\u0131k \u00e7ekinmezsiniz. \u015ea\u015f\u0131rt\u0131c\u0131 bir \u015fekilde, \u00f6\u011frenmenizde ba\u015frol oyuncusu olma gereklili\u011fi, kusurlar\u0131 kabul etmenize, hatalar\u0131n\u0131zdan ders \u00e7\u0131karman\u0131za ve bask\u0131 olmadan ilerlemenize yard\u0131mc\u0131 olur. <strong>Bu \u00f6\u011frenme stili, i\u015f organizasyonu, azim ve uyum yetene\u011fi gibi aktar\u0131labilir beceriler geli\u015ftirir. Do\u011fal olarak kendi ihtiya\u00e7lar\u0131n\u0131za daha dikkatli olursunuz ve bu da daha b\u00fcy\u00fck bir \u00f6z fark\u0131ndal\u0131\u011fa yol a\u00e7ar. Yeni deneyimler kar\u015f\u0131s\u0131nda teredd\u00fct, merak ve deneme arzusuna d\u00f6n\u00fc\u015f\u00fcr. Bir\u00e7ok ki\u015fi, ne kadar k\u00fc\u00e7\u00fck olursa olsun, ula\u015f\u0131lan her d\u00f6n\u00fcm noktas\u0131nda ger\u00e7ek bir ki\u015fisel tatmin bildirmektedir. Bu, \u00ab\u00a0aksans\u0131z\u00a0\u00bb veya hatas\u0131z konu\u015fmakla ilgili de\u011fil,<\/strong> anla\u015f\u0131lmakla, ba\u011flant\u0131lar kurmakla ve her ba\u015far\u0131l\u0131 etkile\u015fimin tad\u0131n\u0131 \u00e7\u0131karmakla ilgilidir. Kendi kendine \u00f6\u011frenme her \u015feyden \u00f6nce insani bir deneyimdir; burada ilerleme, nihai sonu\u00e7 kadar \u00f6nemlidir. <strong>Frans\u0131zcay\u0131 kendi ba\u015f\u0131n\u0131za \u00f6\u011frenmeyi se\u00e7erek, sizi yans\u0131tan bir y\u00f6ntem geli\u015ftirirsiniz, ba\u015far\u0131lar\u0131n\u0131z\u0131n sorumlulu\u011funu \u00fcstlenirsiniz ve kendi h\u0131z\u0131n\u0131zda dil prati\u011finizde ger\u00e7ek bir \u00f6zerklik kazan\u0131rs\u0131n\u0131z. Bir\u00e7ok ki\u015fi ba\u015flang\u0131\u00e7ta y\u00f6ntemi so\u011fuk veya ki\u015fisel olmayan bulmu\u015f, ancak daha sonra beklenmedik bir yarat\u0131c\u0131l\u0131\u011f\u0131 ortaya \u00e7\u0131kard\u0131\u011f\u0131n\u0131 ve ger\u00e7ek bir \u00f6zg\u00fcrl\u00fck getirdi\u011fini fark etmi\u015ftir.<\/strong>Kendi kendine \u00f6\u011frenen biri olarak motive kalman\u0131za ve ilerlemenize yard\u0131mc\u0131 olacak stratejiler nelerdir?\n<\/p>\n\n<ul class=\"wp-block-list\"><li>\n        <strong>\u00d6zellikle kendi kendine \u00f6\u011frenme s\u00f6z konusu oldu\u011funda, motivasyon bulmak ve s\u00fcrd\u00fcrmek, \u00f6\u011frenenler aras\u0131nda en yayg\u0131n endi\u015felerden biridir. \u0130lk birka\u00e7 g\u00fcn enerji seviyeleri her zaman y\u00fcksektir, ancak ilk zorluklar ortaya \u00e7\u0131kt\u0131\u011f\u0131nda, bir veya iki hafta sonra i\u015fler genellikle daha karma\u015f\u0131k hale gelir. Do\u011fru sorular\u0131 sormak, motivasyonunuzu yeniden odaklaman\u0131za yard\u0131mc\u0131 olur: \u00ab\u00a0Neden Frans\u0131zca \u00f6\u011freniyorum? Ke\u015ffetme zevki i\u00e7in mi, mesleki bir f\u0131rsat i\u00e7in mi, yoksa sevdiklerimle ileti\u015fim kurmak i\u00e7in mi?\u00a0\u00bb Sebeplerinizi ka\u011f\u0131da d\u00f6kmek, \u015f\u00fcphe anlar\u0131nda de\u011ferli bir rehberlik sa\u011flar. Bir \u015fark\u0131y\u0131 anlamak veya basit bir sohbeti s\u00fcrd\u00fcrmek gibi en k\u00fc\u00e7\u00fck ba\u015far\u0131 bile kutlanmay\u0131 hak eder.<\/strong>  <i>Strateji<\/i>Etki\n<\/li><li>\n        <strong>Pratik Tavsiyeler<\/strong> \u00c7e\u015fitli g\u00f6revler planlay\u0131n\n<\/li><li>\n        <strong>S\u0131k\u0131lmay\u0131 \u00f6nler ve keyfi korur<\/strong> Her hafta dinleme, okuma ve yazmay\u0131 d\u00f6n\u00fc\u015f\u00fcml\u00fc olarak yap\u0131n\n<\/li><li>\n        <strong>D\u00fczenli olarak kendinizi de\u011ferlendirin<\/strong> \u0130lerlemeyi \u00f6l\u00e7er ve devam etmeyi te\u015fvik eder\n<\/li><\/ul>\n\n<h2 class=\"wp-block-heading\"><span class=\"ez-toc-section\" id=\"Basarilarinizi_iki_haftada_bir_gozden_gecirin\"><\/span>Ba\u015far\u0131lar\u0131n\u0131z\u0131 iki haftada bir g\u00f6zden ge\u00e7irin<span class=\"ez-toc-section-end\"><\/span><\/h2>\n        \n         \n        <figure class=\"wp-block-image size-full\">\n          <img decoding=\"async\" src=\"https:\/\/www.fle.re\/blog\/wp-content\/uploads\/2025\/12\/Comment-pratiquer-lexpression-orale-sans.jpeg\" alt=\"Bir \u00f6\u011frenme g\u00fcnl\u00fc\u011f\u00fc olu\u015fturun\">\n        <\/figure>\n        \n          \n\n<p class=\"wp-block-paragraph\">\n\u0130lerlemenizi g\u00f6rselle\u015ftirmenize ve ezberlemeyi geli\u015ftirmenize yard\u0131mc\u0131 olur\n<\/p>\n\n<p class=\"wp-block-paragraph\">\nYeni kelimeleri, ifadeleri ve ba\u015far\u0131lar\u0131 not edin <strong>Sonu\u00e7<\/strong>Frans\u0131zcay\u0131 ba\u011f\u0131ms\u0131z olarak \u00f6\u011frenmek, dili kendi h\u0131z\u0131n\u0131zda, ihtiya\u00e7lar\u0131n\u0131za ve isteklerinize g\u00f6re \u00f6\u011frenmenizi sa\u011flar.\n<\/p>\n\n<h2 class=\"wp-block-heading\"><span class=\"ez-toc-section\" id=\"Cesitli_cevrimici_kaynaklar_her_seviyeye_uyarlanmis_kitaplar_ve_Fransizca_medya_sayesinde\"><\/span>\u00c7e\u015fitli \u00e7evrimi\u00e7i kaynaklar, her seviyeye uyarlanm\u0131\u015f kitaplar ve Frans\u0131zca medya sayesinde,<span class=\"ez-toc-section-end\"><\/span><\/h2>\n\n<p class=\"wp-block-paragraph\">\n<strong>k\u0131s\u0131tlamalar olmadan ilerlemek daha kolay hale gelir. Bu y\u00f6ntem, uzun vadede motivasyonu g\u00fc\u00e7lendirebilecek \u00f6zerkli\u011fi ve ki\u015fiselle\u015ftirilmi\u015f \u00f6\u011frenmeyi vurgular.<\/strong>  <strong>\u015eunlar\u0131 yapmak i\u00e7in zaman ay\u0131r\u0131n:<\/strong> belirli hedefler belirleyin, d\u00fczenli olarak yazma ve konu\u015fma prati\u011fi yap\u0131n ve \u00f6\u011frenme materyallerinizi \u00e7e\u015fitlendirin.\n<\/p>\n\n<p class=\"wp-block-paragraph\">\nBu, her \u015feyi de\u011fi\u015ftirir. Her hatan\u0131n bir \u00f6\u011frenme f\u0131rsat\u0131 oldu\u011funu fark edersiniz, ayn\u0131 zamanda \u00f6zg\u00fcven ve tatmin kazan\u0131rs\u0131n\u0131z. Hala teredd\u00fct ediyorsan\u0131z, deneyin, farkl\u0131 y\u00f6ntemlerle deneyler yap\u0131n ve Frans\u0131zcay\u0131 ba\u011f\u0131ms\u0131z olarak \u00f6\u011frenmenin size ne kadar gurur ve dil merak\u0131 getirebilece\u011fini g\u00f6receksiniz.<strong><\/strong>Frans\u0131zcay\u0131 kendi ba\u015f\u0131n\u0131za \u00f6\u011frenmek i\u00e7in zaman\u0131n\u0131z\u0131 nas\u0131l etkili bir \u015fekilde organize edersiniz?\n<\/p>\n\n<p class=\"wp-block-paragraph\">\n <i>Frans\u0131zcay\u0131 ba\u011f\u0131ms\u0131z olarak \u00f6\u011frenmek<\/i>program\u0131n\u0131z\u0131 hassas bir \u015fekilde yap\u0131land\u0131rmay\u0131 gerektirir. Her hafta sabit zaman dilimleri belirleyin, s\u00fcreyi m\u00fcsaitli\u011finize g\u00f6re ayarlay\u0131n ve tutarl\u0131l\u0131\u011f\u0131 koruyun. Ger\u00e7ek\u00e7i hedeflere odaklan\u0131n: \u00f6rne\u011fin, g\u00fcnde 30 dakika dinleme anlama veya okuma \u00fczerinde \u00e7al\u0131\u015fmak. Motivasyonunuzu art\u0131rmak i\u00e7in aktivitelerinizi \u00e7e\u015fitlendirin, dil bilgisi, konu\u015fma prati\u011fi ve sesli materyalleri dinleme aras\u0131nda ge\u00e7i\u015f yap\u0131n. \u0130lerlemenizi takip etmek i\u00e7in bir defter veya takip uygulamas\u0131 kullan\u0131n (ilerleme tablosu, ayl\u0131k \u00f6z de\u011ferlendirme). Zaman dilimlerinizi sonu\u00e7lara g\u00f6re ayarlay\u0131n: bir y\u00f6ntem \u00e7ok etkili de\u011filse, h\u0131zl\u0131ca de\u011fi\u015ftirin. Bu esneklik s\u00fcrd\u00fcr\u00fclebilir ilerlemeyi te\u015fvik eder ve s\u0131k\u0131lmay\u0131 \u00f6nler. Kendi ba\u015f\u0131n\u0131za Frans\u0131zca konu\u015fma becerilerinizi geli\u015ftirmek i\u00e7in baz\u0131 somut y\u00f6ntemler nelerdir?\n<\/p>\n\n<h2 class=\"wp-block-heading\"><\/h2>\n\n<p class=\"wp-block-paragraph\">\nFrans\u0131zcay\u0131 ba\u011f\u0131ms\u0131z olarak \u00f6\u011frenmek i\u00e7in\n<\/p>\n\n<figure class=\"wp-block-table\"><table>\n<tr>\n<th>Frans\u0131zca konu\u015fma becerinizi geli\u015ftirmek i\u00e7in, d\u00fczenli olarak Frans\u0131zca okuyarak veya g\u00fcn\u00fcn\u00fcz\u00fc Frans\u0131zca konu\u015farak kendinizi kaydedin. Ard\u0131ndan, geli\u015ftirilmesi gereken alanlar\u0131 (telaffuz, tonlama, kelime da\u011farc\u0131\u011f\u0131) belirlemek i\u00e7in kay\u0131tlar\u0131n\u0131z\u0131 dinleyin. Anadili Frans\u0131zca olan ki\u015filerle sesli mesaj veya arama yoluyla pratik yapabilece\u011finiz dil de\u011fi\u015fim platformlar\u0131n\u0131 kullan\u0131n. Ne yapt\u0131\u011f\u0131n\u0131z\u0131 anlat\u0131rken veya videolardan veya podcast&rsquo;lerden diyaloglar\u0131 tekrarlarken kendi ba\u015f\u0131n\u0131za y\u00fcksek sesle konu\u015fun. Son olarak, anadili Frans\u0131zca olan ki\u015filerden \u00f6\u011frenin: aksanlar\u0131n\u0131 ve ritimlerini dikkatlice dinleyin ve onlar\u0131 taklit etmeye \u00e7al\u0131\u015f\u0131n. Bu ba\u011f\u0131ms\u0131z pratik, Frans\u0131zca konu\u015fmada istikrarl\u0131 ve fark edilebilir bir geli\u015fme sa\u011flar.<\/th>\n<th><\/th>\n<th>\u00d6\u011fretmen olmadan Frans\u0131zca \u00f6\u011frenme s\u00fcrecinizi nas\u0131l de\u011ferlendirebilirsiniz?<\/th>\n<\/tr>\n<tr>\n<td><strong><\/strong><\/td>\n<td>Kaynaklar<\/td>\n<td>Avrupa Konseyi. \u00ab\u00a0Diller i\u00e7in Ortak Avrupa Referans \u00c7er\u00e7evesi: \u00d6\u011frenme, \u00d6\u011fretme, De\u011ferlendirme (CEFR)\u00a0\u00bb. Avrupa Konseyi, 2001. Eri\u015fim tarihi: 2024-06-26.<\/td>\n<\/tr>\n<tr>\n<td><strong><\/strong><\/td>\n<td>Ayr\u0131ca bak\u0131n\u0131z<\/td>\n<td>K\u00fclt\u00fcr Bakanl\u0131\u011f\u0131. \u00ab\u00a0Frans\u0131zca \u00d6\u011frenme: Herkes \u0130\u00e7in Kaynaklar ve Ara\u00e7lar.\u00a0\u00bb K\u00fclt\u00fcr Bakanl\u0131\u011f\u0131, tarihsiz. 26 Haziran 2024 tarihinde eri\u015fildi.<\/td>\n<\/tr>\n<tr>\n<td><strong><\/strong><\/td>\n<td>Ayr\u0131ca bak\u0131n\u0131z: Macleod, Alex. \u201c\u00d6z \u00d6\u011frenme ve Kendi Kendine Y\u00f6nlendirilmi\u015f \u00d6\u011frenme.\u201d Encyclop\u00e6dia Universalis, tarihsiz. 26 Haziran 2024 tarihinde eri\u015fildi.<\/td>\n<td><\/td>\n<\/tr>\n<\/table><\/figure>\n\n<h2 class=\"wp-block-heading\"><span class=\"ez-toc-section\" id=\"Ayrica_bakiniz_France_Education_International_%E2%80%9CFransizca_Ogrenme_Kaynaklari%E2%80%9D_France_Education_International_tarihsiz_26_Haziran_2024_tarihinde_erisildi\"><\/span>Ayr\u0131ca bak\u0131n\u0131z: France \u00c9ducation International. \u201cFrans\u0131zca \u00d6\u011frenme Kaynaklar\u0131.\u201d France \u00c9ducation International, tarihsiz. 26 Haziran 2024 tarihinde eri\u015fildi.<span class=\"ez-toc-section-end\"><\/span><\/h2>\n        \n         \n        <figure class=\"wp-block-image size-full\">\n          <img decoding=\"async\" src=\"https:\/\/www.fle.re\/blog\/wp-content\/uploads\/2025\/12\/Conclusion-34.jpeg\" alt=\"\">\n        <\/figure>\n        \n          \n\n<p class=\"wp-block-paragraph\">\nAyr\u0131ca bak\u0131n\u0131z: <strong><\/strong>\n<\/p>\n\n<p class=\"wp-block-paragraph\">\n <strong><\/strong> \n<\/p>\n\n<p class=\"wp-block-paragraph\"><section class=\"faq\">\n<div>\n<h2><\/h2>\n<div>\n<p><strong><\/strong> <\/p>\n<\/div>\n<\/div>\n<div>\n<h2><\/h2>\n<div>\n<p> <strong><\/strong> <\/p>\n<\/div>\n<\/div>\n<div>\n<h2><\/h2>\n        \n         \n        <figure class=\"wp-block-image size-full\">\n          <img decoding=\"async\" src=\"https:\/\/www.fle.re\/blog\/wp-content\/uploads\/2025\/12\/Comment-valuer-ses-progrs-en.jpeg\" alt=\"\">\n        <\/figure>\n        \n          \n         \n        <figure class=\"wp-block-image size-full\">\n          <img decoding=\"async\" src=\"https:\/\/www.fle.re\/blog\/wp-content\/uploads\/2025\/12\/Sources-12.jpeg\" alt=\"\">\n        <\/figure>\n        \n          \n\n<ol class=\"wp-block-list\"><li> <a href=\"https:\/\/www.coe.int\/fr\/web\/common-european-framework-reference-languages\" rel=\"nofollow noopener noreferrer\" target=\"_blank\"><\/a><\/li><li> <a href=\"https:\/\/www.culture.gouv.fr\/Thematiques\/Enseignement-superieur-et-recherche\/Francophonie\/Apprendre-le-francais\" rel=\"nofollow noopener noreferrer\" target=\"_blank\"><\/a><\/li><li> <a href=\"https:\/\/www.universalis.fr\/encyclopedie\/autodidactisme\/\" rel=\"nofollow noopener noreferrer\" target=\"_blank\"><\/a><\/li><li> <a href=\"https:\/\/www.france-education-international.fr\/fr\/ressources-en-ligne-pour-apprendre-le-francais\" rel=\"nofollow noopener noreferrer\" target=\"_blank\"><\/a><\/li><\/ol>\n\n<\/div><\/section><\/p>\n","protected":false},"excerpt":{"rendered":"<p>Frans\u0131zca \u00f6\u011frenmenin geleneksel y\u00f6ntemlerini unutmak bug\u00fcn her zamankinden daha mant\u0131kl\u0131. Kendi kendine \u00e7al\u0131\u015fma ile herkes, zaman veya mekan k\u0131s\u0131tlamalar\u0131 olmadan, [&hellip;]<\/p>\n","protected":false},"author":2,"featured_media":538,"comment_status":"open","ping_status":"open","sticky":false,"template":"","format":"standard","meta":{"_crdt_document":"","site-sidebar-layout":"default","site-content-layout":"","ast-site-content-layout":"default","site-content-style":"default","site-sidebar-style":"default","ast-global-header-display":"","ast-banner-title-visibility":"","ast-main-header-display":"","ast-hfb-above-header-display":"","ast-hfb-below-header-display":"","ast-hfb-mobile-header-display":"","site-post-title":"","ast-breadcrumbs-content":"","ast-featured-img":"","footer-sml-layout":"","ast-disable-related-posts":"","theme-transparent-header-meta":"","adv-header-id-meta":"","stick-header-meta":"","header-above-stick-meta":"","header-main-stick-meta":"","header-below-stick-meta":"","astra-migrate-meta-layouts":"default","ast-page-background-enabled":"default","ast-page-background-meta":{"desktop":{"background-color":"var(--ast-global-color-5)","background-image":"","background-repeat":"repeat","background-position":"center center","background-size":"auto","background-attachment":"scroll","background-type":"","background-media":"","overlay-type":"","overlay-color":"","overlay-opacity":"","overlay-gradient":""},"tablet":{"background-color":"","background-image":"","background-repeat":"repeat","background-position":"center center","background-size":"auto","background-attachment":"scroll","background-type":"","background-media":"","overlay-type":"","overlay-color":"","overlay-opacity":"","overlay-gradient":""},"mobile":{"background-color":"","background-image":"","background-repeat":"repeat","background-position":"center center","background-size":"auto","background-attachment":"scroll","background-type":"","background-media":"","overlay-type":"","overlay-color":"","overlay-opacity":"","overlay-gradient":""}},"ast-content-background-meta":{"desktop":{"background-color":"var(--ast-global-color-4)","background-image":"","background-repeat":"repeat","background-position":"center center","background-size":"auto","background-attachment":"scroll","background-type":"","background-media":"","overlay-type":"","overlay-color":"","overlay-opacity":"","overlay-gradient":""},"tablet":{"background-color":"var(--ast-global-color-4)","background-image":"","background-repeat":"repeat","background-position":"center center","background-size":"auto","background-attachment":"scroll","background-type":"","background-media":"","overlay-type":"","overlay-color":"","overlay-opacity":"","overlay-gradient":""},"mobile":{"background-color":"var(--ast-global-color-4)","background-image":"","background-repeat":"repeat","background-position":"center center","background-size":"auto","background-attachment":"scroll","background-type":"","background-media":"","overlay-type":"","overlay-color":"","overlay-opacity":"","overlay-gradient":""}},"footnotes":""},"categories":[708],"tags":[978,784,5173,5167,5170],"class_list":["post-1885","post","type-post","status-publish","format-standard","has-post-thumbnail","hentry","category-non-classe-tr","tag-cevrimici-fransizca-kurslari-tr","tag-fransizca-ogren-tr","tag-kendi-kendine-fransizca-ogrenmis-bir-konusmaci-tr","tag-kendi-kendine-ogrenme-tr","tag-tek-basina-fransizca-calis-tr"],"_links":{"self":[{"href":"https:\/\/www.fle.re\/blog\/wp-json\/wp\/v2\/posts\/1885","targetHints":{"allow":["GET"]}}],"collection":[{"href":"https:\/\/www.fle.re\/blog\/wp-json\/wp\/v2\/posts"}],"about":[{"href":"https:\/\/www.fle.re\/blog\/wp-json\/wp\/v2\/types\/post"}],"author":[{"embeddable":true,"href":"https:\/\/www.fle.re\/blog\/wp-json\/wp\/v2\/users\/2"}],"replies":[{"embeddable":true,"href":"https:\/\/www.fle.re\/blog\/wp-json\/wp\/v2\/comments?post=1885"}],"version-history":[{"count":1,"href":"https:\/\/www.fle.re\/blog\/wp-json\/wp\/v2\/posts\/1885\/revisions"}],"predecessor-version":[{"id":1886,"href":"https:\/\/www.fle.re\/blog\/wp-json\/wp\/v2\/posts\/1885\/revisions\/1886"}],"wp:featuredmedia":[{"embeddable":true,"href":"https:\/\/www.fle.re\/blog\/wp-json\/wp\/v2\/media\/538"}],"wp:attachment":[{"href":"https:\/\/www.fle.re\/blog\/wp-json\/wp\/v2\/media?parent=1885"}],"wp:term":[{"taxonomy":"category","embeddable":true,"href":"https:\/\/www.fle.re\/blog\/wp-json\/wp\/v2\/categories?post=1885"},{"taxonomy":"post_tag","embeddable":true,"href":"https:\/\/www.fle.re\/blog\/wp-json\/wp\/v2\/tags?post=1885"}],"curies":[{"name":"wp","href":"https:\/\/api.w.org\/{rel}","templated":true}]}}