{"id":1919,"date":"2026-01-12T18:19:49","date_gmt":"2026-01-12T18:19:49","guid":{"rendered":"https:\/\/www.fle.re\/blog\/?p=1919"},"modified":"2026-01-13T15:54:39","modified_gmt":"2026-01-13T15:54:39","slug":"cpf-fonlamasina-uygun-cevrimici-fransizca-kurslari","status":"publish","type":"post","link":"https:\/\/www.fle.re\/blog\/tr\/cpf-fonlamasina-uygun-cevrimici-fransizca-kurslari\/","title":{"rendered":"CPF fonlamas\u0131na uygun \u00e7evrimi\u00e7i Frans\u0131zca kurslar\u0131"},"content":{"rendered":"\n<p class=\"wp-block-paragraph\">\n<strong>CPF fonlamas\u0131na uygun \u00e7evrimi\u00e7i Frans\u0131zca kurslar\u0131<\/strong> mesleki durumunuz ne olursa olsun, Frans\u0131zcan\u0131z\u0131 \u00f6\u011frenme ve geli\u015ftirme \u015feklinizi d\u00f6n\u00fc\u015ft\u00fcr\u00fcyor. fle.re&rsquo;de, her zaman, her yerde eri\u015febilece\u011finiz, <strong>sabit programlar veya gereksiz seyahatler olmadan, h\u0131zl\u0131 ve kolay bir \u015fekilde Frans\u0131zca \u00f6\u011frenmek isteyenler i\u00e7in tasarlanm\u0131\u015f bir platforma eri\u015febilirsiniz.<\/strong>  <i>Frans\u0131zca dilini \u00f6\u011frenmek<\/i> herkesin hayat\u0131na daha do\u011frudan ve uyarlanabilir hale geliyor.\n<\/p>\n\n\n\n<p class=\"wp-block-paragraph\">\n <strong>Uzman e\u011fitmenlerin deste\u011fi sayesinde, her kurs \u00f6zel ihtiya\u00e7lar\u0131n\u0131za, mesleki hedeflerinize ve h\u0131z\u0131n\u0131za g\u00f6re uyarlanm\u0131\u015ft\u0131r. Hepimiz, ister konu\u015furken ister yazarken, ilerlemek i\u00e7in bir deste\u011fe veya sadece daha \u00f6zg\u00fcvenli hissetmeye ihtiya\u00e7 duyma duygusunu biliyoruz.<\/strong>CPF fonlamas\u0131yla Frans\u0131zcan\u0131z\u0131 geli\u015ftirmek, <i>%100 finansal destekten yararlanmak ve ger\u00e7ek bir memnuniyetle ayr\u0131lmak anlam\u0131na gelir: tek kuru\u015f harcamadan beceriler kazanmak.<\/i>  <strong>fle.re&rsquo;de, ister \u00e7al\u0131\u015fan, ister serbest meslek sahibi olun, ister kariyer de\u011fi\u015ftiriyor olun, bu Frans\u0131zca kursunu basit, etkili ve g\u00fcnl\u00fck kullan\u0131ma uygun hale getirmek i\u00e7in her \u015fey tasarlanm\u0131\u015ft\u0131r. Faydalar\u0131 \u00e7ok h\u0131zl\u0131 bir \u015fekilde hissedilir, profesyonel \u00e7abalar\u0131n\u0131z\u0131 art\u0131r\u0131r ve g\u00fcnl\u00fck etkile\u015fimlerinizi kolayla\u015ft\u0131r\u0131r.<\/strong> \n<\/p>\n\n\n\n<p class=\"wp-block-paragraph\">\nhttps:\/\/www.youtube.com\/watch?v=rVMROWBv5Q0 <strong>CPF fonlamas\u0131na uygun \u00e7evrimi\u00e7i Frans\u0131zca kursu nas\u0131l \u00e7al\u0131\u015f\u0131r?<\/strong>  <i>CPF fonlamas\u0131na uygun \u00e7evrimi\u00e7i bir Frans\u0131zca kursuna kat\u0131l\u0131n.<\/i> Bu platform, nerede olursan\u0131z olun, kendi h\u0131z\u0131n\u0131zda \u00f6\u011frenmenizi ve ki\u015fiselle\u015ftirilmi\u015f destekten yararlanman\u0131z\u0131 sa\u011flar. Kay\u0131t do\u011frudan Mon Compte Formation platformu \u00fczerinden yap\u0131l\u0131r ve fonlama, e\u011fitim \u00fccretlerinin %100&rsquo;\u00fcn\u00fc kar\u015f\u0131lar, bu nedenle tek bir euro bile \u00f6demeniz gerekmez. Ba\u015flang\u0131\u00e7tan itibaren, \u00f6zel bir \u00f6\u011fretim ekibi sizi destekler: seviye belirleme testleri, en uygun mod\u00fcllerin se\u00e7imi, ki\u015fiselle\u015ftirilmi\u015f tavsiyeler ve daha fazlas\u0131. Ekran\u0131n\u0131z\u0131n \u00f6n\u00fcnde asla yaln\u0131z de\u011filsiniz. E\u011fitmenler, ihtiya\u00e7lar\u0131n\u0131za, program\u0131n\u0131za ve \u00f6\u011frenme tarz\u0131n\u0131za ger\u00e7ekten uyum sa\u011flamak i\u00e7in insani bir yakla\u015f\u0131m\u0131 dijital ara\u00e7lar\u0131n ak\u0131ll\u0131ca kullan\u0131m\u0131yla ustaca birle\u015ftirir. Bask\u0131 yok; esnek programlama ve s\u0131k s\u0131k g\u00fcncellenen i\u00e7erikle h\u0131z\u0131 siz belirliyorsunuz. A\u00e7\u0131k\u00e7as\u0131, bu \u00f6zellikle geride kalmaktan endi\u015fe ediyorsan\u0131z veya konu\u015fma veya yazma konusunda \u00f6zg\u00fcveniniz eksikse g\u00fcven vericidir.\n<\/p>\n\n\n\n<figure class=\"wp-block-embed is-type-video is-provider-youtube wp-block-embed-youtube wp-embed-aspect-16-9 wp-has-aspect-ratio\"><div class=\"wp-block-embed__wrapper\">\nKay\u0131t olduktan sonra, her \u00f6\u011frenci platforma ki\u015fiselle\u015ftirilmi\u015f eri\u015fimden yararlan\u0131r. \u00d6\u011frenme materyalleri aras\u0131nda videolar, etkile\u015fimli al\u0131\u015ft\u0131rmalar, sanal s\u0131n\u0131flar ve ayr\u0131nt\u0131l\u0131 cevap anahtarlar\u0131 bulunur. E\u011fitim,\n<\/div><\/figure>\n\n\n\n<div id=\"ez-toc-container\" class=\"ez-toc-v2_0_82_2 ez-toc-wrap-center counter-hierarchy ez-toc-counter ez-toc-transparent ez-toc-container-direction\">\n<div class=\"ez-toc-title-container\">\n<p class=\"ez-toc-title\" style=\"cursor:inherit\">Sommaire<\/p>\n<span class=\"ez-toc-title-toggle\"><a href=\"#\" class=\"ez-toc-pull-right ez-toc-btn ez-toc-btn-xs ez-toc-btn-default ez-toc-toggle\" aria-label=\"Toggle Table of Content\"><span class=\"ez-toc-js-icon-con\"><span class=\"\"><span class=\"eztoc-hide\" style=\"display:none;\">Toggle<\/span><span class=\"ez-toc-icon-toggle-span\"><svg style=\"fill: #999;color:#999\" xmlns=\"http:\/\/www.w3.org\/2000\/svg\" class=\"list-377408\" width=\"20px\" height=\"20px\" viewBox=\"0 0 24 24\" fill=\"none\"><path d=\"M6 6H4v2h2V6zm14 0H8v2h12V6zM4 11h2v2H4v-2zm16 0H8v2h12v-2zM4 16h2v2H4v-2zm16 0H8v2h12v-2z\" fill=\"currentColor\"><\/path><\/svg><svg style=\"fill: #999;color:#999\" class=\"arrow-unsorted-368013\" xmlns=\"http:\/\/www.w3.org\/2000\/svg\" width=\"10px\" height=\"10px\" viewBox=\"0 0 24 24\" version=\"1.2\" baseProfile=\"tiny\"><path d=\"M18.2 9.3l-6.2-6.3-6.2 6.3c-.2.2-.3.4-.3.7s.1.5.3.7c.2.2.4.3.7.3h11c.3 0 .5-.1.7-.3.2-.2.3-.5.3-.7s-.1-.5-.3-.7zM5.8 14.7l6.2 6.3 6.2-6.3c.2-.2.3-.5.3-.7s-.1-.5-.3-.7c-.2-.2-.4-.3-.7-.3h-11c-.3 0-.5.1-.7.3-.2.2-.3.5-.3.7s.1.5.3.7z\"\/><\/svg><\/span><\/span><\/span><\/a><\/span><\/div>\n<nav><ul class='ez-toc-list ez-toc-list-level-1 eztoc-toggle-hide-by-default' ><li class='ez-toc-page-1 ez-toc-heading-level-2'><a class=\"ez-toc-link ez-toc-heading-1\" href=\"https:\/\/www.fle.re\/blog\/tr\/cpf-fonlamasina-uygun-cevrimici-fransizca-kurslari\/#ana_dili_Fransizca_olan_nitelikli_egitmenler_tarafindan_verilir_ve_yontemlerini_onceliklerinize_gore_uyarlarlar_is_profesyonelleri_icin_sozlu_ifade_sertifika_almak_isteyenler_icin_ileri_duzey_dil_bilgisi_veya_is_aramanizi_hizlandirmak_icin_mulakat_hazirligi_Hala_emin_degilseniz_mevcut_becerilerinizi_degerlendirmek_ve_gelistirilmesi_gereken_alanlari_belirlemek_icin\" >ana dili Frans\u0131zca olan, nitelikli e\u011fitmenler taraf\u0131ndan verilir ve y\u00f6ntemlerini \u00f6nceliklerinize g\u00f6re uyarlarlar: i\u015f profesyonelleri i\u00e7in s\u00f6zl\u00fc ifade, sertifika almak isteyenler i\u00e7in ileri d\u00fczey dil bilgisi veya i\u015f araman\u0131z\u0131 h\u0131zland\u0131rmak i\u00e7in m\u00fclakat haz\u0131rl\u0131\u011f\u0131. Hala emin de\u011filseniz, mevcut becerilerinizi de\u011ferlendirmek ve geli\u015ftirilmesi gereken alanlar\u0131 belirlemek i\u00e7in<\/a><\/li><li class='ez-toc-page-1 ez-toc-heading-level-2'><a class=\"ez-toc-link ez-toc-heading-2\" href=\"https:\/\/www.fle.re\/blog\/tr\/cpf-fonlamasina-uygun-cevrimici-fransizca-kurslari\/#CPFye_uygun_cevrimici_Fransizca_kurslari\" >CPF&rsquo;ye uygun \u00e7evrimi\u00e7i Frans\u0131zca kurslar\u0131<\/a><\/li><li class='ez-toc-page-1 ez-toc-heading-level-2'><a class=\"ez-toc-link ez-toc-heading-3\" href=\"https:\/\/www.fle.re\/blog\/tr\/cpf-fonlamasina-uygun-cevrimici-fransizca-kurslari\/#CPF_fonlu_Fransizca_egitimine_kendinizi_kaptirmak_hem_iste_hem_de_gunluk_hayatta_faydali_bir_dizi_beceriye_kapi_acar_Bu_fiil_cekimlerini_ezberlemekle_ilgili_degil_daha_ziyade_pratik_somut_beceriler_edinmekle_ilgilidir_Sozlu_ifade_yazili_anlama_profesyonel_e-posta_yazma_veya_musteri_gorusmesi_yonetme_gibi_tum_bu_durumlar_dinamik_ve_cagdas_bir_bakis_acisiyla_ele_alinmaktadir_Fikirlerinizi_yapilandirmayi_kelime_dagarciginizi_zenginlestirmeyi_ve_konusurken_cekingenliginizin_ustesinden_gelmeyi_ogreneceksiniz_Ufkunu_genisletmek_isteyenler_icin_moduller_taninmis_profesyonel_sertifikalara_hazirlik_da_icermektedir_Bu_ister_is_basvurusu_yaparken_ister_sozlesme_muzakere_ederken_isterse_de_sosyal_cevrenizi_genisletirken_kendinizi_daha_guvenli_hissetmenizi_saglar\" >CPF fonlu Frans\u0131zca e\u011fitimine kendinizi kapt\u0131rmak, hem i\u015fte hem de g\u00fcnl\u00fck hayatta faydal\u0131 bir dizi beceriye kap\u0131 a\u00e7ar. Bu, fiil \u00e7ekimlerini ezberlemekle ilgili de\u011fil, daha ziyade pratik, somut beceriler edinmekle ilgilidir. S\u00f6zl\u00fc ifade, yaz\u0131l\u0131 anlama, profesyonel e-posta yazma veya m\u00fc\u015fteri g\u00f6r\u00fc\u015fmesi y\u00f6netme gibi t\u00fcm bu durumlar dinamik ve \u00e7a\u011fda\u015f bir bak\u0131\u015f a\u00e7\u0131s\u0131yla ele al\u0131nmaktad\u0131r. Fikirlerinizi yap\u0131land\u0131rmay\u0131, kelime da\u011farc\u0131\u011f\u0131n\u0131z\u0131 zenginle\u015ftirmeyi ve konu\u015furken \u00e7ekingenli\u011finizin \u00fcstesinden gelmeyi \u00f6\u011freneceksiniz. Ufkunu geni\u015fletmek isteyenler i\u00e7in mod\u00fcller, tan\u0131nm\u0131\u015f profesyonel sertifikalara haz\u0131rl\u0131k da i\u00e7ermektedir. Bu, ister i\u015f ba\u015fvurusu yaparken, ister s\u00f6zle\u015fme m\u00fczakere ederken, isterse de sosyal \u00e7evrenizi geni\u015fletirken kendinizi daha g\u00fcvenli hissetmenizi sa\u011flar.<\/a><\/li><li class='ez-toc-page-1 ez-toc-heading-level-2'><a class=\"ez-toc-link ez-toc-heading-4\" href=\"https:\/\/www.fle.re\/blog\/tr\/cpf-fonlamasina-uygun-cevrimici-fransizca-kurslari\/#Her_gun_desteklendiginizi_ve_tesvik_edildiginizi_hissetme\" >Her g\u00fcn desteklendi\u011finizi ve te\u015fvik edildi\u011finizi hissetme<\/a><\/li><li class='ez-toc-page-1 ez-toc-heading-level-2'><a class=\"ez-toc-link ez-toc-heading-5\" href=\"https:\/\/www.fle.re\/blog\/tr\/cpf-fonlamasina-uygun-cevrimici-fransizca-kurslari\/#Egitim_programinin_bir_test_veya_taninmis_bir_sertifika_yoluyla_olculebilir_ilerleme_saglamasina_dikkat_edin_Esnek_planlama_ve_yuz_yuze_ve_cevrimici_ogrenmeyi_birlestirme_secenegi_optimum_bir_deneyim_ve_etkili_dil_gelisimi_icin_ek_avantajlardir\" >E\u011fitim program\u0131n\u0131n, bir test veya tan\u0131nm\u0131\u015f bir sertifika yoluyla \u00f6l\u00e7\u00fclebilir ilerleme sa\u011flamas\u0131na dikkat edin. Esnek planlama ve y\u00fcz y\u00fcze ve \u00e7evrimi\u00e7i \u00f6\u011frenmeyi birle\u015ftirme se\u00e7ene\u011fi, optimum bir deneyim ve etkili dil geli\u015fimi i\u00e7in ek avantajlard\u0131r.<\/a><\/li><li class='ez-toc-page-1 ez-toc-heading-level-2'><a class=\"ez-toc-link ez-toc-heading-6\" href=\"https:\/\/www.fle.re\/blog\/tr\/cpf-fonlamasina-uygun-cevrimici-fransizca-kurslari\/#CPF_onayli_kurslarda_degerlendirmeler_nasil_yapilir\" >CPF onayl\u0131 kurslarda de\u011ferlendirmeler nas\u0131l yap\u0131l\u0131r?<\/a><\/li><li class='ez-toc-page-1 ez-toc-heading-level-2'><a class=\"ez-toc-link ez-toc-heading-7\" href=\"https:\/\/www.fle.re\/blog\/tr\/cpf-fonlamasina-uygun-cevrimici-fransizca-kurslari\/#CPF_onayli_cevrimici_Fransizca_kurslarini_kim_denetler\" >CPF onayl\u0131 \u00e7evrimi\u00e7i Frans\u0131zca kurslar\u0131n\u0131 kim denetler?<\/a><\/li><\/ul><\/nav><\/div>\n<h2 class=\"wp-block-heading\"><span class=\"ez-toc-section\" id=\"ana_dili_Fransizca_olan_nitelikli_egitmenler_tarafindan_verilir_ve_yontemlerini_onceliklerinize_gore_uyarlarlar_is_profesyonelleri_icin_sozlu_ifade_sertifika_almak_isteyenler_icin_ileri_duzey_dil_bilgisi_veya_is_aramanizi_hizlandirmak_icin_mulakat_hazirligi_Hala_emin_degilseniz_mevcut_becerilerinizi_degerlendirmek_ve_gelistirilmesi_gereken_alanlari_belirlemek_icin\"><\/span>ana dili Frans\u0131zca olan, nitelikli e\u011fitmenler taraf\u0131ndan verilir ve y\u00f6ntemlerini \u00f6nceliklerinize g\u00f6re uyarlarlar: i\u015f profesyonelleri i\u00e7in s\u00f6zl\u00fc ifade, sertifika almak isteyenler i\u00e7in ileri d\u00fczey dil bilgisi veya i\u015f araman\u0131z\u0131 h\u0131zland\u0131rmak i\u00e7in m\u00fclakat haz\u0131rl\u0131\u011f\u0131. Hala emin de\u011filseniz, mevcut becerilerinizi de\u011ferlendirmek ve geli\u015ftirilmesi gereken alanlar\u0131 belirlemek i\u00e7in<span class=\"ez-toc-section-end\"><\/span><\/h2>\n\n\n\n<p class=\"wp-block-paragraph\">\n\u00fccretsiz bir Frans\u0131zca seviye testi yapabilirsiniz. Her \u015fey, yat\u0131r\u0131lan her saatin ger\u00e7ekten \u00f6nemli olmas\u0131 ve bilgisayar\u0131n\u0131z\u0131n ba\u015f\u0131nda sadece \u00ab\u00a0i\u015fleri yap\u0131yormu\u015f\u00a0\u00bb gibi hissetmemeniz i\u00e7in tasarlanm\u0131\u015ft\u0131r. <strong><\/strong> CPF (Ki\u015fisel E\u011fitim Hesab\u0131) arac\u0131l\u0131\u011f\u0131yla Frans\u0131zca kurslar\u0131na kat\u0131lman\u0131n avantajlar\u0131 nelerdir?<\/p>\n\n\n\n<p class=\"wp-block-paragraph\">\n <strong>Frans\u0131zcan\u0131z\u0131 geli\u015ftirmeyi d\u00fc\u015f\u00fcn\u00fcrken, her \u015feyin<\/strong>CPF taraf\u0131ndan finanse edilebilece\u011fini bilmek ger\u00e7ek bir avantajd\u0131r. <a href=\"https:\/\/www.fle.re\/blog\/test-niveau-francais-gratuit\/\" target=\"_blank\"><strong>Bu her \u015feyi de\u011fi\u015ftiriyor. Art\u0131k finansal k\u0131s\u0131tlamalar veya i\u015f ve yeni beceriler aras\u0131nda denge kurman\u0131n zorlu\u011fu yok.<\/strong><\/a> <\/p>\n\n\n\n<h2 class=\"wp-block-heading\"><span class=\"ez-toc-section\" id=\"CPFye_uygun_cevrimici_Fransizca_kurslari\"><\/span>CPF&rsquo;ye uygun \u00e7evrimi\u00e7i Frans\u0131zca kurslar\u0131<span class=\"ez-toc-section-end\"><\/span><\/h2>\n\n\n\n<p class=\"wp-block-paragraph\">\nister \u00e7al\u0131\u015fan, ister serbest meslek sahibi olun, ister yeniden e\u011fitim al\u0131yor olun, b\u00fct\u00e7e k\u0131s\u0131tlamas\u0131 olmadan, tam destekle \u00f6\u011frenmenizi sa\u011flar. Art\u0131k kariyer ve ki\u015fisel geli\u015fim aras\u0131nda se\u00e7im yapman\u0131za gerek yok ve her \u015feyden \u00f6nemlisi, kendinize ba\u015far\u0131l\u0131 olmak i\u00e7in gereken ara\u00e7lar\u0131 sa\u011flamaman\u0131z i\u00e7in art\u0131k bahane yok. CPF&rsquo;nizi kullanarak, i\u015f piyasas\u0131nda ger\u00e7ek bir katma de\u011ferle potansiyelinizi en \u00fcst d\u00fczeye \u00e7\u0131karman\u0131z garanti edilir. <strong><\/strong>E\u011fitim maliyetinin %100&rsquo;\u00fc kar\u015f\u0131lan\u0131r <i>: Pe\u015fin \u00f6deme yok, ho\u015f olmayan s\u00fcrprizler yok, finansal endi\u015feler yok.<\/i> \n<\/p>\n\n\n\n<ul class=\"wp-block-list\">\n<li><strong>Tan\u0131nm\u0131\u015f sertifika<\/strong> : Becerilerinizi do\u011frulay\u0131n ve k\u00fcresel olarak tan\u0131nan bir sertifika ile \u00f6zge\u00e7mi\u015finizi g\u00fc\u00e7lendirin.<\/li>\n\n\n\n<li><strong><\/strong> Esnek planlama<\/li>\n\n\n\n<li><strong>: Program\u0131n\u0131z\u0131 aksatmadan istedi\u011finiz zaman ve yerde e\u011fitim al\u0131n.<\/strong> <\/li>\n\n\n\n<li><strong>\u00d6zel destek<\/strong> : Ba\u015ftan sona, kendini i\u015fine adam\u0131\u015f profesyoneller taraf\u0131ndan ki\u015fiselle\u015ftirilmi\u015f rehberlikten yararlan\u0131n. \u00c7evrimi\u00e7i Frans\u0131zca kurslar\u0131n\u0131 ne t\u00fcr e\u011fitmenler y\u00f6netiyor?<\/li>\n<\/ul>\n\n\n\n<h2 class=\"wp-block-heading\"><\/h2>\n\n\n\n<p class=\"wp-block-paragraph\">\nFle.re taraf\u0131ndan sunulan \u00e7evrimi\u00e7i Frans\u0131zca kurslar\u0131, bilgi payla\u015f\u0131m\u0131na tutkuyla ba\u011fl\u0131 uzmanlardan olu\u015fan bir ekip taraf\u0131ndan verilmektedir: <strong>ana dili Frans\u0131zca olan veya m\u00fckemmel derecede iki dilli e\u011fitmenler, her ikisi de Yabanc\u0131 Dil Olarak Frans\u0131zca (FLE) \u00f6\u011fretiminde geni\u015f deneyime sahip yetenekli e\u011fitimcilerdir. \u0130ster \u00e7ekingen ister a\u00e7\u0131k s\u00f6zl\u00fc olun (evet, bu \u00f6\u011fretimde \u00f6nemlidir!), ihtiya\u00e7lar\u0131n\u0131z\u0131 anlayabilen ve ger\u00e7ekten ki\u015fiselle\u015ftirilmi\u015f destek sunabilen ilgili bir e\u011fitmen her zaman bulacaks\u0131n\u0131z. Standart bir modelden \u00e7ok uzak olan her e\u011fitmen, bir idari ekip, pedagojik koordinat\u00f6rler ve e\u011fitim m\u00fchendisleri taraf\u0131ndan desteklenmektedir. Tek yapman\u0131z gereken tek bir hedefe odaklanmak: \u00f6\u011frenmek ve beklentilerinizi a\u015fmak. Teknik destekten lojistik organizasyona kadar her \u015feyle onlar ilgileniyor.<\/strong> Ger\u00e7ekten fark yaratan nedir? Uyarlanabilirlik ve co\u015fku. Dilin sevilmesine yard\u0131mc\u0131 olmak, \u00f6zg\u00fcvenle konu\u015fman\u0131z\u0131 te\u015fvik etmek ve dilbilgisini g\u00fcnl\u00fck hayat\u0131n\u0131zla ilgili somut \u00f6rneklerle a\u00e7\u0131klamak i\u00e7in orada olduklar\u0131n\u0131 hemen hissedersiniz. Yakla\u015f\u0131m, hedeflerinize ba\u011fl\u0131 olarak e-\u00f6\u011frenme, \u00f6zel dersler ve k\u00fc\u00e7\u00fck gruplar aras\u0131nda de\u011fi\u015fir. \u0130\u015ften sonra ak\u015fam video konferans\u0131 m\u0131 yoksa hafta sonu yaz\u0131l\u0131 bir oturumu mu tercih edersiniz? Ekip, uzat\u0131lm\u0131\u015f saatlerle m\u00fcsaitli\u011finize uyum sa\u011flar. Temel dilbilgisi noktalar\u0131 hakk\u0131nda daha fazla bilgi edinmek ister misiniz? Ba\u015flang\u0131\u00e7 \u200b\u200bseviyesindeki Frans\u0131zca dilbilgisi hakk\u0131nda bu makaleye g\u00f6z at\u0131n. <strong><\/strong> Bu, \u00f6\u011frenme deneyimini ger\u00e7ekten ki\u015fisel, motive edici&#8230; neredeyse zaman zaman bir aile deneyimi gibi yap\u0131yor!\n<\/p>\n\n\n\n<p class=\"wp-block-paragraph\">\n <a href=\"https:\/\/www.fle.re\/blog\/grammaire-francaise-debutants\/\" target=\"_blank\">CPF fonlu Frans\u0131zca e\u011fitimiyle hangi becerileri edinebilirsiniz?<\/a><\/p>\n\n\n\n<h2 class=\"wp-block-heading\"><span class=\"ez-toc-section\" id=\"CPF_fonlu_Fransizca_egitimine_kendinizi_kaptirmak_hem_iste_hem_de_gunluk_hayatta_faydali_bir_dizi_beceriye_kapi_acar_Bu_fiil_cekimlerini_ezberlemekle_ilgili_degil_daha_ziyade_pratik_somut_beceriler_edinmekle_ilgilidir_Sozlu_ifade_yazili_anlama_profesyonel_e-posta_yazma_veya_musteri_gorusmesi_yonetme_gibi_tum_bu_durumlar_dinamik_ve_cagdas_bir_bakis_acisiyla_ele_alinmaktadir_Fikirlerinizi_yapilandirmayi_kelime_dagarciginizi_zenginlestirmeyi_ve_konusurken_cekingenliginizin_ustesinden_gelmeyi_ogreneceksiniz_Ufkunu_genisletmek_isteyenler_icin_moduller_taninmis_profesyonel_sertifikalara_hazirlik_da_icermektedir_Bu_ister_is_basvurusu_yaparken_ister_sozlesme_muzakere_ederken_isterse_de_sosyal_cevrenizi_genisletirken_kendinizi_daha_guvenli_hissetmenizi_saglar\"><\/span>CPF fonlu Frans\u0131zca e\u011fitimine kendinizi kapt\u0131rmak, hem i\u015fte hem de g\u00fcnl\u00fck hayatta faydal\u0131 bir dizi beceriye kap\u0131 a\u00e7ar. Bu, fiil \u00e7ekimlerini ezberlemekle ilgili de\u011fil, daha ziyade pratik, somut beceriler edinmekle ilgilidir. S\u00f6zl\u00fc ifade, yaz\u0131l\u0131 anlama, profesyonel e-posta yazma veya m\u00fc\u015fteri g\u00f6r\u00fc\u015fmesi y\u00f6netme gibi t\u00fcm bu durumlar dinamik ve \u00e7a\u011fda\u015f bir bak\u0131\u015f a\u00e7\u0131s\u0131yla ele al\u0131nmaktad\u0131r. Fikirlerinizi yap\u0131land\u0131rmay\u0131, kelime da\u011farc\u0131\u011f\u0131n\u0131z\u0131 zenginle\u015ftirmeyi ve konu\u015furken \u00e7ekingenli\u011finizin \u00fcstesinden gelmeyi \u00f6\u011freneceksiniz. Ufkunu geni\u015fletmek isteyenler i\u00e7in mod\u00fcller, tan\u0131nm\u0131\u015f profesyonel sertifikalara haz\u0131rl\u0131k da i\u00e7ermektedir. Bu, ister i\u015f ba\u015fvurusu yaparken, ister s\u00f6zle\u015fme m\u00fczakere ederken, isterse de sosyal \u00e7evrenizi geni\u015fletirken kendinizi daha g\u00fcvenli hissetmenizi sa\u011flar.<span class=\"ez-toc-section-end\"><\/span><\/h2>\n\n\n\n<p class=\"wp-block-paragraph\">\nPlatform ayr\u0131ca, profesyonel rol yapma senaryolar\u0131n\u0131 (sunumlar, toplant\u0131lar, m\u00fczakereler) i\u00e7eren \u00f6zelle\u015ftirilmi\u015f e\u011fitim programlar\u0131 da sunmaktad\u0131r. D\u00fczenli de\u011ferlendirmeler ve ki\u015fiselle\u015ftirilmi\u015f geri bildirimler sayesinde, ilerlemede duraksama imkans\u0131zd\u0131r. \u0130lerlemenizi somut olarak \u00f6l\u00e7ebilir ve hem profesyonel hem de ki\u015fisel ya\u015fam\u0131n\u0131z \u00fczerindeki olumlu etkisini h\u0131zla g\u00f6rebilirsiniz. Her \u00f6\u011frenme yolu, g\u00fcnl\u00fck hedeflerinizle ilgisiz egzersizlere tak\u0131l\u0131p kalmak yerine, ger\u00e7ek d\u00fcnya durumlar\u0131n\u0131 yans\u0131tacak \u015fekilde uyarlanm\u0131\u015ft\u0131r.\n<\/p>\n\n\n\n<p class=\"wp-block-paragraph\">\n\n<\/p>\n\n\n\n<p class=\"wp-block-paragraph\">\nBu, \u00f6zg\u00fcveninizi art\u0131rmak, k\u00fclt\u00fcrel ve dilsel n\u00fcanslarda gezinmeyi \u00f6\u011frenmek ve kendinizi tam te\u015fekk\u00fcll\u00fc bir meslekta\u015f veya i\u015fbirlik\u00e7i olarak konumland\u0131rmak i\u00e7in bir f\u0131rsatt\u0131r. Ve bu, profesyonel ba\u011flam\u0131n\u0131zdan veya \u00e7al\u0131\u015ft\u0131\u011f\u0131n\u0131z d\u00fcnyan\u0131n b\u00f6lgesinden ba\u011f\u0131ms\u0131z olarak ge\u00e7erlidir.\n<\/p>\n\n\n\n<h2 class=\"wp-block-heading\"><\/h2>\n\n\n\n<p class=\"wp-block-paragraph\">\nCPF onayl\u0131 \u00e7evrimi\u00e7i Frans\u0131zca kursu tam olarak neleri i\u00e7erir? <strong><\/strong> CPF onayl\u0131 \u00e7evrimi\u00e7i Frans\u0131zca kursunda izlenen \u00f6\u011frenme yolu, ilerlemeyi optimize etmek i\u00e7in hem ki\u015fiselle\u015ftirilmi\u015f hem de yap\u0131land\u0131r\u0131lm\u0131\u015ft\u0131r. Kay\u0131t onayland\u0131ktan sonra, bir seviye de\u011ferlendirmesi g\u00fc\u00e7l\u00fc y\u00f6nleri ve geli\u015ftirilmesi gereken alanlar\u0131 belirlemeye yard\u0131mc\u0131 olur. Her \u00f6\u011frenme g\u00fcn\u00fc, her kavram\u0131n tam olarak anla\u015f\u0131lmas\u0131n\u0131 sa\u011flamak i\u00e7in \u00e7evrimi\u00e7i ders oturumlar\u0131 (canl\u0131 veya iste\u011fe ba\u011fl\u0131), etkile\u015fimli al\u0131\u015ft\u0131rmalar ve ki\u015fiselle\u015ftirilmi\u015f geri bildirimler etraf\u0131nda yap\u0131land\u0131r\u0131lm\u0131\u015ft\u0131r.\n<\/p>\n\n\n\n<figure class=\"wp-block-table\"><table>\n<tr>\n<th><\/th>\n<th>Kurs A\u015famas\u0131<\/th>\n<th>A\u00e7\u0131klama<\/th>\n<\/tr>\n<tr>\n<td>\u00d6\u011frenci i\u00e7in Faydalar<\/td>\n<td>Ki\u015fiselle\u015ftirilmi\u015f seviye belirleme testi<\/td>\n<td>\u0130\u00e7eri\u011fi ger\u00e7ek seviyenize uyarlamak i\u00e7in ba\u015flang\u0131\u00e7 \u200b\u200bde\u011ferlendirmesi<\/td>\n<\/tr>\n<tr>\n<td>Hedefli \u00f6\u011frenme ve h\u0131zl\u0131 ilerleme<\/td>\n<td>E-\u00f6\u011frenme platformuna eri\u015fim<\/td>\n<td>Videolar, al\u0131\u015ft\u0131rmalar, testler, indirilebilir kaynaklar<\/td>\n<\/tr>\n<tr>\n<td>Ba\u011f\u0131ms\u0131z ve s\u00fcrekli \u00f6\u011frenme, m\u00fcsaitli\u011finize g\u00f6re esnek<\/td>\n<td>\u00d6zel bir e\u011fitmen deste\u011fi<\/td>\n<td>D\u00fczeltmeler, tavsiyeler, motivasyon, s\u00fcrekli uyum<\/td>\n<\/tr>\n<\/table><\/figure>\n\n\n\n<h2 class=\"wp-block-heading\"><span class=\"ez-toc-section\" id=\"Her_gun_desteklendiginizi_ve_tesvik_edildiginizi_hissetme\"><\/span>Her g\u00fcn desteklendi\u011finizi ve te\u015fvik edildi\u011finizi hissetme<span class=\"ez-toc-section-end\"><\/span><\/h2>\n\n\n\n<p class=\"wp-block-paragraph\">\nSonu\u00e7 <strong>Se\u00e7in<\/strong> CPF fonlamas\u0131na uygun \u00e7evrimi\u00e7i Frans\u0131zca kurslar\u0131\n<\/p>\n\n\n\n<p class=\"wp-block-paragraph\">\nBu, eri\u015filebilir finansmandan yararlan\u0131rken dil becerilerinizi geli\u015ftirmenizi sa\u011flar. Kurslar, her \u00f6\u011frenciyi ihtiya\u00e7lar\u0131na, seviyesine ve h\u0131z\u0131na g\u00f6re destekleyebilen deneyimli profesyoneller taraf\u0131ndan tasarlanm\u0131\u015ft\u0131r. Profesyonel olarak entegre olmak veya kariyerinde ilerlemek isteyenler i\u00e7in m\u00fckemmel bir se\u00e7enektir. <strong><\/strong>\u00c7evrimi\u00e7i kurslar\u0131n esnekli\u011fi sayesinde, herkes m\u00fcsaitli\u011fine g\u00f6re ilerleyebilir ve y\u00fcz y\u00fcze ve e-\u00f6\u011frenme gibi farkl\u0131 \u00f6\u011frenme y\u00f6ntemlerini birle\u015ftirebilir. Bu g\u00fcven verici, de\u011fil mi? Bu yakla\u015f\u0131m, Frans\u0131zca&rsquo;da hem yaz\u0131l\u0131 hem de s\u00f6zl\u00fc ileti\u015fimde \u00f6zg\u00fcveni art\u0131r\u0131rken, daha iyi profesyonel f\u0131rsatlara kap\u0131 a\u00e7ar. <strong><\/strong>CPF&rsquo;ye uygun \u00e7evrimi\u00e7i Frans\u0131zca kurslar\u0131 nas\u0131l se\u00e7ilir?\n<\/p>\n\n\n\n<p class=\"wp-block-paragraph\"><section class=\"faq\">\n<div>\n<h2><\/h2>\n<div>\n<p>CPF&rsquo;ye uygun \u00e7evrimi\u00e7i Frans\u0131zca kurslar\u0131n\u0131 se\u00e7mek i\u00e7in, <strong>\u00f6ncelikle resmi MonCompteFormation web sitesinde uygunlu\u011fu kontrol edin. Sertifikal\u0131 bir sa\u011flay\u0131c\u0131 se\u00e7in ve eski \u00f6\u011frencilerden gelen yorumlara bak\u0131n. \u015eunlar\u0131 sunan e\u011fitim sa\u011flay\u0131c\u0131lar\u0131n\u0131 se\u00e7in:<\/strong>Seviyenize ve hedeflerinize uygun deneyimli e\u011fitmenler.\n<\/p>\n<ul>\n<li>\u00d6\u011frenme yolculu\u011funuz boyunca ki\u015fiselle\u015ftirilmi\u015f destek.<\/li>\n<li><\/li>\n<li>\u00c7e\u015fitli \u00f6\u011frenme materyalleri (kurslar, at\u00f6lyeler, e-\u00f6\u011frenme vb.).<\/li>\n<\/ul>\n<p>\n<\/p><\/div>\n<\/div>\n<div>\n<h2><span class=\"ez-toc-section\" id=\"Egitim_programinin_bir_test_veya_taninmis_bir_sertifika_yoluyla_olculebilir_ilerleme_saglamasina_dikkat_edin_Esnek_planlama_ve_yuz_yuze_ve_cevrimici_ogrenmeyi_birlestirme_secenegi_optimum_bir_deneyim_ve_etkili_dil_gelisimi_icin_ek_avantajlardir\"><\/span>E\u011fitim program\u0131n\u0131n, bir test veya tan\u0131nm\u0131\u015f bir sertifika yoluyla \u00f6l\u00e7\u00fclebilir ilerleme sa\u011flamas\u0131na dikkat edin. Esnek planlama ve y\u00fcz y\u00fcze ve \u00e7evrimi\u00e7i \u00f6\u011frenmeyi birle\u015ftirme se\u00e7ene\u011fi, optimum bir deneyim ve etkili dil geli\u015fimi i\u00e7in ek avantajlard\u0131r.<span class=\"ez-toc-section-end\"><\/span><\/h2>\n<div>\n<p> <strong>CPF fonlamas\u0131 Frans\u0131zca \u00f6\u011frenimi i\u00e7in ne gibi faydalar sunar?<\/strong>  <strong>CPF fonlamas\u0131, CPF&rsquo;ye uygun \u00e7evrimi\u00e7i Frans\u0131zca kurslar\u0131na kat\u0131lman\u0131za olanak tan\u0131r.<\/strong> \u00d6n \u00f6deme yok. Bu sayede ki\u015fisel b\u00fct\u00e7enizi etkilemeden seviyenizi geli\u015ftirebilirsiniz. Bu program t\u00fcm \u00e7al\u0131\u015fan bireylere (\u00e7al\u0131\u015fanlar, i\u015f arayanlar, serbest \u00e7al\u0131\u015fanlar) a\u00e7\u0131kt\u0131r. Tan\u0131nm\u0131\u015f sertifikalar dahil olmak \u00fczere t\u00fcm masraflar\u0131n %100&rsquo;\u00fcn\u00fc kar\u015f\u0131lar. Bu finansman, mesleki nedenlerle becerilerini geli\u015ftirmek, \u015firketlerinde y\u00fckselmek veya a\u011flar\u0131n\u0131 geni\u015fletmek isteyenler i\u00e7in e\u011fitimi eri\u015filebilir hale getirir. Resmi platform \u00fczerinden \u00e7evrimi\u00e7i kay\u0131t sayesinde t\u00fcm s\u00fcre\u00e7 basitle\u015ftirilmi\u015ftir.<\/p>\n<\/div>\n<\/div>\n<div>\n<h2><\/h2>\n<div>\n<p>CPF onayl\u0131 Frans\u0131zca kurslar\u0131ndan sonra hangi sertifikalar tan\u0131n\u0131r? <strong><\/strong>CPF onayl\u0131 \u00e7evrimi\u00e7i Frans\u0131zca kurslar\u0131ndan sonra, tan\u0131nan sertifikalar genellikle <strong>DELF<\/strong>, <strong>DALF<\/strong>, <strong>TCF<\/strong> veya <strong>TEF<\/strong>&lsquo;i i\u00e7erir. Bu diplomalar, Avrupa Ortak Dil Referans \u00c7er\u00e7evesi&rsquo;ne (CEFR) g\u00f6re seviyenizi resmi olarak onaylar. Resmi kurumlar taraf\u0131ndan onaylan\u0131r ve i\u015f piyasas\u0131nda ve \u00fcniversiteler taraf\u0131ndan de\u011ferlidir. Kay\u0131t olurken, dil becerilerinizin i\u015fverenler veya akademik kurumlar i\u00e7in de\u011ferini ger\u00e7ekten art\u0131rmak i\u00e7in kursun sizi bu sertifikalardan birine haz\u0131rlad\u0131\u011f\u0131ndan emin olun.<\/p>\n<\/div>\n<\/div>\n<div>\n<h2><span class=\"ez-toc-section\" id=\"CPF_onayli_kurslarda_degerlendirmeler_nasil_yapilir\"><\/span>CPF onayl\u0131 kurslarda de\u011ferlendirmeler nas\u0131l yap\u0131l\u0131r?<span class=\"ez-toc-section-end\"><\/span><\/h2>\n<div>\n<p> <strong>CPF onayl\u0131 \u00e7evrimi\u00e7i Frans\u0131zca kurslar\u0131nda de\u011ferlendirme birka\u00e7 a\u015famada ger\u00e7ekle\u015fir: ba\u015flang\u0131\u00e7 \u200b\u200bseviyesi belirleme, d\u00fczenli al\u0131\u015ft\u0131rmalar ve s\u00fcrekli ilerleme takibi. E\u011fitmenler, sonu\u00e7lar\u0131n\u0131za g\u00f6re i\u00e7eri\u011fi ayarlarlar. Son resmi de\u011ferlendirme, becerilerin kazan\u0131ld\u0131\u011f\u0131n\u0131 do\u011frular ve genellikle tan\u0131nm\u0131\u015f bir s\u0131nava (DELF, TCF veya di\u011fer akredite sertifikalar) girmenize yol a\u00e7ar. Bu destek, yap\u0131land\u0131r\u0131lm\u0131\u015f \u00f6\u011frenmeyi, bireyselle\u015ftirilmi\u015f geri bildirimi ve kursun her a\u015famas\u0131nda ilerlemenizi takip etme f\u0131rsat\u0131n\u0131 sa\u011flar.<\/strong><\/p>\n<\/div>\n<\/div>\n<div>\n<h2><span class=\"ez-toc-section\" id=\"CPF_onayli_cevrimici_Fransizca_kurslarini_kim_denetler\"><\/span>CPF onayl\u0131 \u00e7evrimi\u00e7i Frans\u0131zca kurslar\u0131n\u0131 kim denetler?<span class=\"ez-toc-section-end\"><\/span><\/h2>\n<div>\n<p> <strong>CPF onayl\u0131 \u00e7evrimi\u00e7i Frans\u0131zca kurslar\u0131<\/strong> Bu kurslar, Frans\u0131zcay\u0131 yabanc\u0131 dil olarak \u00f6\u011fretme konusunda uzmanla\u015fm\u0131\u015f e\u011fitmenler taraf\u0131ndan verilmektedir. Bu profesyoneller, pedagojik uzmanl\u0131k ve deneyimlerinden yararlanarak i\u00e7eri\u011fi ve metodolojiyi seviyenize, h\u0131z\u0131n\u0131za ve hedeflerinize uyarlarlar. Genellikle akademik koordinat\u00f6rler, idari ve teknik ekipler taraf\u0131ndan desteklenirler. T\u00fcm sistem, modern kaynaklar (sanal s\u0131n\u0131flar, e-\u00f6\u011frenme, canl\u0131 etkile\u015fimler) sayesinde ki\u015fiselle\u015ftirilmi\u015f destek, sorunsuz organizasyon ve ilgili sonu\u00e7lar garanti etmeyi ama\u00e7lamaktad\u0131r.<\/p>\n<\/div>\n<\/div>\n<\/section><\/p>\n\n\n\n<h2 class=\"wp-block-heading\"><\/h2>\n\n\n\n<ol class=\"wp-block-list\">\n<li>Kaynaklar: <a href=\"https:\/\/www.service-public.fr\/particuliers\/vosdroits\/F10705\" rel=\"nofollow noopener noreferrer\" target=\"_blank\">France Comp\u00e9tences. \u201cKi\u015fisel E\u011fitim Hesab\u0131 (CPF) Nedir?\u201d Service-public.fr, 25 Nisan 2024. Eri\u015fim tarihi: 17 Haziran 2024.<\/a><\/li>\n\n\n\n<li> <a href=\"https:\/\/www.francophonie.org\/actualites\/le-francais-dans-le-monde-plus-de-321-millions-de-locuteurs-820\" rel=\"nofollow noopener noreferrer\" target=\"_blank\">Ayr\u0131ca bak\u0131n\u0131z:<\/a><\/li>\n\n\n\n<li>Uluslararas\u0131 Frankofoni \u00d6rg\u00fct\u00fc. \u201cD\u00fcnyada Frans\u0131zca: 321 milyondan fazla konu\u015fmac\u0131.\u201d OIF, 22 Kas\u0131m 2022. Eri\u015fim tarihi: 17 Haziran 2024. <a href=\"https:\/\/www.diplomatie.gouv.fr\/fr\/venir-en-france\/apprendre-le-francais\/\" rel=\"nofollow noopener noreferrer\" target=\"_blank\"><\/a><\/li>\n<\/ol>\n\n","protected":false},"excerpt":{"rendered":"<p>CPF fonlamas\u0131na uygun \u00e7evrimi\u00e7i Frans\u0131zca kurslar\u0131 mesleki durumunuz ne olursa olsun, Frans\u0131zcan\u0131z\u0131 \u00f6\u011frenme ve geli\u015ftirme \u015feklinizi d\u00f6n\u00fc\u015ft\u00fcr\u00fcyor. fle.re&rsquo;de, her zaman, [&hellip;]<\/p>\n","protected":false},"author":2,"featured_media":552,"comment_status":"open","ping_status":"open","sticky":false,"template":"","format":"standard","meta":{"_crdt_document":"","site-sidebar-layout":"default","site-content-layout":"","ast-site-content-layout":"default","site-content-style":"default","site-sidebar-style":"default","ast-global-header-display":"","ast-banner-title-visibility":"","ast-main-header-display":"","ast-hfb-above-header-display":"","ast-hfb-below-header-display":"","ast-hfb-mobile-header-display":"","site-post-title":"","ast-breadcrumbs-content":"","ast-featured-img":"","footer-sml-layout":"","ast-disable-related-posts":"","theme-transparent-header-meta":"","adv-header-id-meta":"","stick-header-meta":"","header-above-stick-meta":"","header-main-stick-meta":"","header-below-stick-meta":"","astra-migrate-meta-layouts":"default","ast-page-background-enabled":"default","ast-page-background-meta":{"desktop":{"background-color":"var(--ast-global-color-5)","background-image":"","background-repeat":"repeat","background-position":"center center","background-size":"auto","background-attachment":"scroll","background-type":"","background-media":"","overlay-type":"","overlay-color":"","overlay-opacity":"","overlay-gradient":""},"tablet":{"background-color":"","background-image":"","background-repeat":"repeat","background-position":"center center","background-size":"auto","background-attachment":"scroll","background-type":"","background-media":"","overlay-type":"","overlay-color":"","overlay-opacity":"","overlay-gradient":""},"mobile":{"background-color":"","background-image":"","background-repeat":"repeat","background-position":"center center","background-size":"auto","background-attachment":"scroll","background-type":"","background-media":"","overlay-type":"","overlay-color":"","overlay-opacity":"","overlay-gradient":""}},"ast-content-background-meta":{"desktop":{"background-color":"var(--ast-global-color-4)","background-image":"","background-repeat":"repeat","background-position":"center center","background-size":"auto","background-attachment":"scroll","background-type":"","background-media":"","overlay-type":"","overlay-color":"","overlay-opacity":"","overlay-gradient":""},"tablet":{"background-color":"var(--ast-global-color-4)","background-image":"","background-repeat":"repeat","background-position":"center center","background-size":"auto","background-attachment":"scroll","background-type":"","background-media":"","overlay-type":"","overlay-color":"","overlay-opacity":"","overlay-gradient":""},"mobile":{"background-color":"var(--ast-global-color-4)","background-image":"","background-repeat":"repeat","background-position":"center center","background-size":"auto","background-attachment":"scroll","background-type":"","background-media":"","overlay-type":"","overlay-color":"","overlay-opacity":"","overlay-gradient":""}},"footnotes":""},"categories":[708],"tags":[5247,5241,5244,1357,790],"class_list":["post-1919","post","type-post","status-publish","format-standard","has-post-thumbnail","hentry","category-non-classe-tr","tag-cevrimici-egitim-tr","tag-cpf-fonlamasina-uygun-kurslar-tr","tag-cpf-fransizca-tr","tag-fransizca-cevrimici-tr","tag-fransizca-dersleri-tr"],"_links":{"self":[{"href":"https:\/\/www.fle.re\/blog\/wp-json\/wp\/v2\/posts\/1919","targetHints":{"allow":["GET"]}}],"collection":[{"href":"https:\/\/www.fle.re\/blog\/wp-json\/wp\/v2\/posts"}],"about":[{"href":"https:\/\/www.fle.re\/blog\/wp-json\/wp\/v2\/types\/post"}],"author":[{"embeddable":true,"href":"https:\/\/www.fle.re\/blog\/wp-json\/wp\/v2\/users\/2"}],"replies":[{"embeddable":true,"href":"https:\/\/www.fle.re\/blog\/wp-json\/wp\/v2\/comments?post=1919"}],"version-history":[{"count":2,"href":"https:\/\/www.fle.re\/blog\/wp-json\/wp\/v2\/posts\/1919\/revisions"}],"predecessor-version":[{"id":1938,"href":"https:\/\/www.fle.re\/blog\/wp-json\/wp\/v2\/posts\/1919\/revisions\/1938"}],"wp:featuredmedia":[{"embeddable":true,"href":"https:\/\/www.fle.re\/blog\/wp-json\/wp\/v2\/media\/552"}],"wp:attachment":[{"href":"https:\/\/www.fle.re\/blog\/wp-json\/wp\/v2\/media?parent=1919"}],"wp:term":[{"taxonomy":"category","embeddable":true,"href":"https:\/\/www.fle.re\/blog\/wp-json\/wp\/v2\/categories?post=1919"},{"taxonomy":"post_tag","embeddable":true,"href":"https:\/\/www.fle.re\/blog\/wp-json\/wp\/v2\/tags?post=1919"}],"curies":[{"name":"wp","href":"https:\/\/api.w.org\/{rel}","templated":true}]}}