{"id":2270,"date":"2026-01-17T18:35:48","date_gmt":"2026-01-17T18:35:48","guid":{"rendered":"https:\/\/www.fle.re\/blog\/?p=2270"},"modified":"2026-01-17T18:35:52","modified_gmt":"2026-01-17T18:35:52","slug":"yeni-baslayanlar-icin-temel-fransizca-ifadeler","status":"publish","type":"post","link":"https:\/\/www.fle.re\/blog\/tr\/yeni-baslayanlar-icin-temel-fransizca-ifadeler\/","title":{"rendered":"Yeni ba\u015flayanlar i\u00e7in temel Frans\u0131zca ifadeler"},"content":{"rendered":"<p class=\"wp-block-paragraph\">\nFrans\u0131zca \u00f6\u011frenmeye yeni ba\u015flayanlar i\u00e7in temel Frans\u0131zca ifadeleri \u00f6\u011frenmek, basit ve kendili\u011finden geli\u015fen konu\u015fmalar\u0131n kap\u0131s\u0131n\u0131 a\u00e7ar. Frans\u0131zca \u00f6\u011frenmeye ba\u015flad\u0131\u011f\u0131n\u0131zda, teredd\u00fct etmeden selam verebilmek, te\u015fekk\u00fcr edebilmek veya kendinizi tan\u0131tabilmekten daha g\u00fcven verici bir \u015fey yoktur. Bu kullan\u0131\u015fl\u0131 g\u00fcnl\u00fck ifadeler, dildeki ilk ad\u0131mlar\u0131n\u0131zdan itibaren kendinizi rahat hissetmenize yard\u0131mc\u0131 olacakt\u0131r. Tuvaletlerin nerede oldu\u011funu sormay\u0131 veya kahve sipari\u015f etmeyi g\u00fcvenle hayal edin: \u00f6zg\u00fcveni art\u0131ran bu k\u00fc\u00e7\u00fck zaferlerdir. fle.re&rsquo;de y\u00f6ntem do\u011frudan konuya giriyor: e\u011flenceli ve hemen uygulanabilir \u00f6\u011frenme sunuyor. \u00ab\u00a0Bonjour, comment \u00e7a va?\u00a0\u00bb veya \u00ab\u00a0Merci, s&rsquo;il vous pla\u00eet\u00a0\u00bb gibi k\u0131sa ve pratik ifadeler, herhangi bir durumda konu\u015fmaya cesaret etmenin anahtar\u0131d\u0131r. \u0130leti\u015fim kurmadan \u00f6nce say\u0131s\u0131z kural\u0131 \u00f6\u011frenmeyi beklemeyin: birka\u00e7 basit ve net ifade, g\u00fcnl\u00fck hayat\u0131n\u0131z\u0131 d\u00f6n\u00fc\u015ft\u00fcrmek ve bir\u00e7ok durumu \u00e7\u00f6zmek i\u00e7in yeterlidir. Bu ifadeleri, aksan\u0131n\u0131z biraz \u00e7ekinse bile kullanmaya ba\u015flay\u0131n: \u00f6zg\u00fcnl\u00fck genellikle konu\u015fma partnerinizin y\u00fcz\u00fcne bir g\u00fcl\u00fcmseme getirir ve ileti\u015fimi kolayla\u015ft\u0131r\u0131r. <strong><\/strong> https:\/\/www.youtube.com\/watch?v=BOLsPbL-DAE <i>Stres ya\u015famadan ba\u015flamak i\u00e7in hangi Frans\u0131zca ifadeleri bilmelisiniz?<\/i> Frans\u0131zca \u00f6\u011frenen her acemi, kendini tan\u0131tmak, bilgi istemek veya kibar bir ricada bulunmak gibi birka\u00e7 tipik durumla kar\u015f\u0131la\u015f\u0131r. Birka\u00e7 yayg\u0131n Frans\u0131zca ifade bilmek her \u015feyi de\u011fi\u015ftirir, \u00e7\u00fcnk\u00fc bu g\u00fcven vericidir ve aksan\u0131n\u0131z hen\u00fcz m\u00fckemmel olmasa bile konu\u015fmaya cesaret etmenize ger\u00e7ekten yard\u0131mc\u0131 olur. Bir f\u0131r\u0131na girip \u00ab\u00a0Bonjour, je voudrais une baguette, s&rsquo;il vous pla\u00eet!\u00a0\u00bb demeyi ba\u015fard\u0131\u011f\u0131n\u0131z\u0131 hayal edin. Bu duyguyu en az bir kez ya\u015famal\u0131s\u0131n\u0131z; \u00f6d\u00fcllendiricidir. \u00d6zg\u00fcveni art\u0131rmak i\u00e7in, haz\u0131r ifadeler \u00f6\u011frenmek, dilbilgisi ve fiil \u00e7ekimlerinde tak\u0131l\u0131p kalmaktan ka\u00e7\u0131nman\u0131za yard\u0131mc\u0131 olur. \u00ab\u00a0Benim ad\u0131m&#8230;\u00a0\u00bb gibi temel \u015feyleri h\u0131zla d\u00fc\u015f\u00fcn\u00fcrs\u00fcn\u00fcz.\n<\/p>\n\n<p class=\"wp-block-paragraph\">\n\u00ab\u00a0Veya, \u00ab\u00a0Tuvaletler nerede?\u00a0\u00bb <strong><\/strong> \u00ab\u00a0Tuvaletler nerede?\u00a0\u00bb gibi s\u0131k tekrarlanan ifadeler ezberlemeyi kolayla\u015ft\u0131r\u0131yor. Bu ifadeleri kullanmaya al\u0131\u015fmak, sa\u011flam bir ev in\u015fa etmek i\u00e7in ta\u015f d\u00f6\u015femek gibidir: tu\u011fla tu\u011fla ilerlersiniz, kelime da\u011farc\u0131\u011f\u0131n\u0131z\u0131 geni\u015fletmeden \u00f6nce yap\u0131ya odaklan\u0131rs\u0131n\u0131z. Dahas\u0131, <i>fle.re web sitesi, bu temel ifadeleri pratik etmek ve kendi h\u0131z\u0131n\u0131zda, \u00e7evrimi\u00e7i, her yerde, her zaman ilerlemek i\u00e7in \u00e7e\u015fitli kaynaklar sunmaktad\u0131r.<\/i> Bu temel ifadelerde ustala\u015fmak i\u00e7in tekrar\u0131n\u0131z\u0131 nas\u0131l organize edebilirsiniz? <i>Motivasyonunuzu korumak ve \u00f6\u011frenilecek yeni ifadelerin say\u0131s\u0131ndan bunalmamak i\u00e7in, basit ve etkili bir organizasyondan daha iyisi yoktur. Faydal\u0131 Frans\u0131zca ifadeleri, tan\u0131\u015fmalar, kibar sorular veya acil durumlardaki istekler gibi g\u00fcnl\u00fck temalara g\u00f6re grupland\u0131rmak tavsiye edilir. Kategoriler olu\u015fturmak, \u00e7abalar\u0131n\u0131z\u0131 hedeflemenizi ve daha mant\u0131kl\u0131 bir \u015fekilde tekrar etmenizi sa\u011flar. \u00d6rne\u011fin, bir g\u00fcn\u00fc kibar ifadelere, bir di\u011ferini s\u0131k sorulan sorulara ay\u0131rabilir ve ard\u0131ndan bu gruplar\u0131 rol yapma senaryolar\u0131nda birle\u015ftirerek bilgiyi peki\u015ftirebilirsiniz.<\/i> Selamla\u015fmalar ve tan\u0131\u015fmalar: \u00ab\u00a0Merhaba,\u00a0\u00bb \u00ab\u00a0Benim ad\u0131m\u2026,\u00a0\u00bb \u00ab\u00a0Tan\u0131\u015ft\u0131\u011f\u0131m\u0131za memnun oldum\u00a0\u00bb <strong>Resmi ifadeler: \u00ab\u00a0Te\u015fekk\u00fcr ederim,\u00a0\u00bb \u00ab\u00a0L\u00fctfen,\u00a0\u00bb \u00ab\u00a0Affedersiniz\u00a0\u00bb<\/strong> Pratik sorular: \u00ab\u00a0Nerede\u2026?\u00a0\u00bb, \u00ab\u00a0Ne kadar?\u00a0\u00bb, \u00ab\u00a0Saat ka\u00e7?\u00a0\u00bb\n<\/p>\n\n<figure class=\"is-provider-youtube is-type-video wp-block-embed wp-block-embed-youtube wp-embed-aspect-16-9 wp-has-aspect-ratio\"><div class=\"wp-block-embed__wrapper\">\nRestoran durumlar\u0131: \u00ab\u00a0\u015eunu istiyorum\u2026\u00a0\u00bb, \u00ab\u00a0Hesab\u0131 l\u00fctfen\u00a0\u00bb\n<\/div><\/figure>\n\n<div id=\"ez-toc-container\" class=\"ez-toc-v2_0_82_2 ez-toc-wrap-center counter-hierarchy ez-toc-counter ez-toc-transparent ez-toc-container-direction\">\n<div class=\"ez-toc-title-container\">\n<p class=\"ez-toc-title\" style=\"cursor:inherit\">Sommaire<\/p>\n<span class=\"ez-toc-title-toggle\"><a href=\"#\" class=\"ez-toc-pull-right ez-toc-btn ez-toc-btn-xs ez-toc-btn-default ez-toc-toggle\" aria-label=\"Toggle Table of Content\"><span class=\"ez-toc-js-icon-con\"><span class=\"\"><span class=\"eztoc-hide\" style=\"display:none;\">Toggle<\/span><span class=\"ez-toc-icon-toggle-span\"><svg style=\"fill: #999;color:#999\" xmlns=\"http:\/\/www.w3.org\/2000\/svg\" class=\"list-377408\" width=\"20px\" height=\"20px\" viewBox=\"0 0 24 24\" fill=\"none\"><path d=\"M6 6H4v2h2V6zm14 0H8v2h12V6zM4 11h2v2H4v-2zm16 0H8v2h12v-2zM4 16h2v2H4v-2zm16 0H8v2h12v-2z\" fill=\"currentColor\"><\/path><\/svg><svg style=\"fill: #999;color:#999\" class=\"arrow-unsorted-368013\" xmlns=\"http:\/\/www.w3.org\/2000\/svg\" width=\"10px\" height=\"10px\" viewBox=\"0 0 24 24\" version=\"1.2\" baseProfile=\"tiny\"><path d=\"M18.2 9.3l-6.2-6.3-6.2 6.3c-.2.2-.3.4-.3.7s.1.5.3.7c.2.2.4.3.7.3h11c.3 0 .5-.1.7-.3.2-.2.3-.5.3-.7s-.1-.5-.3-.7zM5.8 14.7l6.2 6.3 6.2-6.3c.2-.2.3-.5.3-.7s-.1-.5-.3-.7c-.2-.2-.4-.3-.7-.3h-11c-.3 0-.5.1-.7.3-.2.2-.3.5-.3.7s.1.5.3.7z\"\/><\/svg><\/span><\/span><\/span><\/a><\/span><\/div>\n<nav><ul class='ez-toc-list ez-toc-list-level-1 eztoc-toggle-hide-by-default' ><li class='ez-toc-page-1 ez-toc-heading-level-2'><a class=\"ez-toc-link ez-toc-heading-1\" href=\"https:\/\/www.fle.re\/blog\/tr\/yeni-baslayanlar-icin-temel-fransizca-ifadeler\/#Acil_durumlar_%C2%AB_Yardim_edin_%C2%BB_%C2%AB_Kayboldum_%C2%BB\" >Acil durumlar: \u00ab\u00a0Yard\u0131m edin,\u00a0\u00bb \u00ab\u00a0Kayboldum\u00a0\u00bb<\/a><\/li><li class='ez-toc-page-1 ez-toc-heading-level-2'><a class=\"ez-toc-link ez-toc-heading-2\" href=\"https:\/\/www.fle.re\/blog\/tr\/yeni-baslayanlar-icin-temel-fransizca-ifadeler\/#Bazi_durumlarda_dogru_ifadeyi_nasil_kullanacaginizi_bilmek_hayati_gercekten_kolaylastirabilir_Ister_Fransayi_ziyaret_ediyor_olun_ister_is_yerinde_onemli_bir_gorusme_yapiyor_olun_gunluk_Fransizca_ifadeler_kullanmak_guven_vericidir_ve_kapilari_acar_Her_durumda_ustalasmaniz_gereken_ifadeleri_ozetlemek_gerekirse_bir_karsilastirma_tablosundan_daha_iyisi_yok\" >Baz\u0131 durumlarda, do\u011fru ifadeyi nas\u0131l kullanaca\u011f\u0131n\u0131z\u0131 bilmek hayat\u0131 ger\u00e7ekten kolayla\u015ft\u0131rabilir. \u0130ster Fransa&rsquo;y\u0131 ziyaret ediyor olun ister i\u015f yerinde \u00f6nemli bir g\u00f6r\u00fc\u015fme yap\u0131yor olun, g\u00fcnl\u00fck Frans\u0131zca ifadeler kullanmak g\u00fcven vericidir ve kap\u0131lar\u0131 a\u00e7ar. Her durumda ustala\u015fman\u0131z gereken ifadeleri \u00f6zetlemek gerekirse, bir kar\u015f\u0131la\u015ft\u0131rma tablosundan daha iyisi yok:<\/a><\/li><li class='ez-toc-page-1 ez-toc-heading-level-2'><a class=\"ez-toc-link ez-toc-heading-3\" href=\"https:\/\/www.fle.re\/blog\/tr\/yeni-baslayanlar-icin-temel-fransizca-ifadeler\/#Yeni_baslayanlar_icin_temel_Fransizca_ifadeleri_ogrenmek_ilk_etkilesimleriniz_sirasinda_hizla_ozguven_kazanmanizi_saglar_Bunlari_kullanin\" >Yeni ba\u015flayanlar i\u00e7in temel Frans\u0131zca ifadeleri \u00f6\u011frenmek, ilk etkile\u015fimleriniz s\u0131ras\u0131nda h\u0131zla \u00f6zg\u00fcven kazanman\u0131z\u0131 sa\u011flar. Bunlar\u0131 kullan\u0131n<\/a><\/li><li class='ez-toc-page-1 ez-toc-heading-level-2'><a class=\"ez-toc-link ez-toc-heading-4\" href=\"https:\/\/www.fle.re\/blog\/tr\/yeni-baslayanlar-icin-temel-fransizca-ifadeler\/#yaygin_ifadeleri\" >yayg\u0131n ifadeleri<\/a><\/li><li class='ez-toc-page-1 ez-toc-heading-level-2'><a class=\"ez-toc-link ez-toc-heading-5\" href=\"https:\/\/www.fle.re\/blog\/tr\/yeni-baslayanlar-icin-temel-fransizca-ifadeler\/#%C2%AB_context_%C2%BB_%C2%AB_https_schemaorg_%C2%BB\" >\u00ab\u00a0@context\u00a0\u00bb: \u00ab\u00a0https:\/\/schema.org\u00a0\u00bb,<\/a><\/li><li class='ez-toc-page-1 ez-toc-heading-level-2'><a class=\"ez-toc-link ez-toc-heading-6\" href=\"https:\/\/www.fle.re\/blog\/tr\/yeni-baslayanlar-icin-temel-fransizca-ifadeler\/#i\" >}<\/a><\/li><li class='ez-toc-page-1 ez-toc-heading-level-2'><a class=\"ez-toc-link ez-toc-heading-7\" href=\"https:\/\/www.fle.re\/blog\/tr\/yeni-baslayanlar-icin-temel-fransizca-ifadeler\/#%C2%AB_type_%C2%BB_%C2%AB_Soru_%C2%BB\" >\u00ab\u00a0@type\u00a0\u00bb: \u00ab\u00a0Soru\u00a0\u00bb,<\/a><\/li><li class='ez-toc-page-1 ez-toc-heading-level-2'><a class=\"ez-toc-link ez-toc-heading-8\" href=\"https:\/\/www.fle.re\/blog\/tr\/yeni-baslayanlar-icin-temel-fransizca-ifadeler\/#i-2\" >},<\/a><\/li><\/ul><\/nav><\/div>\n<h2 class=\"wp-block-heading\"><span class=\"ez-toc-section\" id=\"Acil_durumlar_%C2%AB_Yardim_edin_%C2%BB_%C2%AB_Kayboldum_%C2%BB\"><\/span>Acil durumlar: \u00ab\u00a0Yard\u0131m edin,\u00a0\u00bb \u00ab\u00a0Kayboldum\u00a0\u00bb<span class=\"ez-toc-section-end\"><\/span><\/h2>\n\n<p class=\"wp-block-paragraph\">\nNeden tek tek kelimeler yerine tam c\u00fcmleler kullanmal\u0131y\u0131z? <strong><\/strong> Temel Frans\u0131zca ifadeleri \u00f6\u011frenin <strong>Bu, tek tek kelimeleri \u00f6\u011frenmeye k\u0131yasla ger\u00e7ek bir katma de\u011fer sunar. \u0130lk olarak, c\u00fcmle hemen ba\u011flam sa\u011flar: \u00ab\u00a0\u00c7ok te\u015fekk\u00fcr ederim, \u00e7ok naziksiniz\u00a0\u00bb demek sadece nezaketi de\u011fil, ayn\u0131 zamanda dilin do\u011fal yap\u0131s\u0131n\u0131 da g\u00f6sterir. Ger\u00e7ek hayattaki durumlara bu \u015fekilde dalmak, beynin ifadeyi belirli bir duygu veya eylemle ili\u015fkilendirmesi nedeniyle ezberlemeyi kolayla\u015ft\u0131r\u0131r. Deneyimler, \u00ab\u00a0Bir kahve rica edebilir miyim?\u00a0\u00bb gibi bir c\u00fcmleyi tekrarlaman\u0131n, sadece \u00ab\u00a0kahve\u00a0\u00bb kelimesini \u00f6\u011frenmekten daha iyi bir \u015fekilde spontane bir konu\u015fmaya haz\u0131rlad\u0131\u011f\u0131n\u0131 g\u00f6stermektedir.<\/strong> \n<\/p>\n\n<p class=\"wp-block-paragraph\">\nFrans\u0131zca dilbilgisi yap\u0131lar\u0131, asla s\u0131k\u0131lmayaca\u011f\u0131n\u0131z kadar \u00e7e\u015fitlidir. Tam c\u00fcmleler kullanmak, dilbilgisi noktalar\u0131n\u0131 d\u00fc\u015f\u00fcnmeden ba\u011flam i\u00e7inde \u00f6z\u00fcmsemenizi ve daha sonra gerekti\u011fi gibi uyarlaman\u0131z\u0131 sa\u011flar. Zamanla sezgisel hale gelir. Bu y\u00f6ntem ayr\u0131ca, kelimesi kelimesine \u00e7evrilemez deyimsel ifadeleri \u00f6\u011frenme avantaj\u0131 da sunar. Asl\u0131nda, \u00f6\u011fretmenler genellikle, tek tek kelime listelerini ezberlemek yerine, kal\u0131pla\u015fm\u0131\u015f ifadeler kullanarak konu\u015fmaya cesaret etmenin ak\u0131c\u0131l\u0131\u011fa giden en iyi yol oldu\u011fu konusunda hemfikirdir. <strong><\/strong> Bu s\u0131k kullan\u0131lan ifadeleri kolayca hat\u0131rlaman\u0131n en iyi yollar\u0131 nelerdir?<i><\/i>Frans\u0131zca ifadeleri yeni ba\u015flayanlar i\u00e7in g\u00fcnl\u00fck rutininize entegre etmek, ezberleme tekniklerinizi \u00e7e\u015fitlendirerek m\u00fcmk\u00fcnd\u00fcr. \u00ab\u00a0Benim ad\u0131m Julie, senin ad\u0131n ne?\u00a0\u00bb gibi basit ifadeleri tekrarlayarak sesinizi kaydedebilir veya bir Frans\u0131z filminde duydu\u011funuz bir replikle tahmin oyunu oynayabilirsiniz. Ayr\u0131ca, haf\u0131za kartlar\u0131 kullanmak da d\u00fczenli olarak c\u00fcmlelerin tamam\u0131n\u0131 g\u00f6rmenizi ve bunlar\u0131 bir g\u00f6r\u00fcnt\u00fc veya k\u0131sa bir ki\u015fisel deneyimle ili\u015fkilendirmenizi sa\u011flar; bu da g\u00f6rsel ve ba\u011flamsal haf\u0131zay\u0131 harekete ge\u00e7irir.<i>Baz\u0131 insanlar, her g\u00fcn konu\u015fmada kullanmay\u0131 ba\u015fard\u0131klar\u0131 3 ila 5 yeni ifadeyi, hatta k\u0131sa olanlar\u0131 bile, bir defterde not ederek ilerlemelerini takip etmeyi tercih ederler. Tekrarlama ve d\u00fczenlilik \u00f6\u011frenmeyi daha do\u011fal hale getirir: birka\u00e7 hafta sonra, \u00f6rne\u011fin \u00ab\u00a0Memnuniyetle!\u00a0\u00bb diye cevap vermek veya \u00ab\u00a0Bug\u00fcn hava nas\u0131l?\u00a0\u00bb diye sormak refleks haline gelir. Hata yapmaktan korkmay\u0131n; hatalar motivasyon kayna\u011f\u0131d\u0131r. fle.re&rsquo;de, ger\u00e7ek hayattaki durumlarda konu\u015fmay\u0131 te\u015fvik eden \u00e7ok say\u0131da etkile\u015fimli egzersiz bulunmaktad\u0131r. Birka\u00e7 teredd\u00fctle bile olsa konu\u015fmak, ilerlemeyi ger\u00e7ekten h\u0131zland\u0131r\u0131r.<\/i> <a href=\"https:\/\/www.fle.re\/blog\/cours-francais-en-ligne-a1\/\" target=\"_blank\">\u00d6\u011frenmeyi h\u0131zland\u0131rmak i\u00e7in, bir grup i\u00e7inde pratik yapmak veya \u00e7evrimi\u00e7i platformlar arac\u0131l\u0131\u011f\u0131yla ana dili konu\u015fanlarla fikir al\u0131\u015fveri\u015finde bulunmak da faydal\u0131d\u0131r. Uzmanla\u015fm\u0131\u015f uygulamalar genellikle, g\u00fcn\u00fcn farkl\u0131 saatlerinde stres olmadan pratik yapmak i\u00e7in ideal olan k\u0131sa oturumlar sunar. T\u00fcm bunlar, her durumda kullan\u0131labilecek bir ifade repertuar\u0131 olu\u015fturman\u0131z\u0131 sa\u011flar. Seyahat etmek veya g\u00fcnl\u00fck hayatta hayatta kalmak i\u00e7in gerekli ifadeler nelerdir?<\/a> \n<\/p>\n\n<h2 class=\"wp-block-heading\"><span class=\"ez-toc-section\" id=\"Bazi_durumlarda_dogru_ifadeyi_nasil_kullanacaginizi_bilmek_hayati_gercekten_kolaylastirabilir_Ister_Fransayi_ziyaret_ediyor_olun_ister_is_yerinde_onemli_bir_gorusme_yapiyor_olun_gunluk_Fransizca_ifadeler_kullanmak_guven_vericidir_ve_kapilari_acar_Her_durumda_ustalasmaniz_gereken_ifadeleri_ozetlemek_gerekirse_bir_karsilastirma_tablosundan_daha_iyisi_yok\"><\/span>Baz\u0131 durumlarda, do\u011fru ifadeyi nas\u0131l kullanaca\u011f\u0131n\u0131z\u0131 bilmek hayat\u0131 ger\u00e7ekten kolayla\u015ft\u0131rabilir. \u0130ster Fransa&rsquo;y\u0131 ziyaret ediyor olun ister i\u015f yerinde \u00f6nemli bir g\u00f6r\u00fc\u015fme yap\u0131yor olun, g\u00fcnl\u00fck Frans\u0131zca ifadeler kullanmak g\u00fcven vericidir ve kap\u0131lar\u0131 a\u00e7ar. Her durumda ustala\u015fman\u0131z gereken ifadeleri \u00f6zetlemek gerekirse, bir kar\u015f\u0131la\u015ft\u0131rma tablosundan daha iyisi yok:<span class=\"ez-toc-section-end\"><\/span><\/h2>\n\n<p class=\"wp-block-paragraph\">\nDurum <strong>Faydal\u0131 \u0130fade<\/strong> \u0130ngilizce \u00c7eviri <i>Yol tarifi sormak<\/i>Tren istasyonu nerede, l\u00fctfen? <i>Restoranda<\/i>Hesab\u0131 l\u00fctfen\n<\/p>\n\n<ul class=\"wp-block-list\"><li>Acil durumda<\/li><li>Yard\u0131m edin!<\/li><li>Birini tan\u0131mak<\/li><li>Tan\u0131\u015ft\u0131\u011f\u0131m\u0131za memnun oldum<\/li><li>Sonu\u00e7<\/li><\/ul>\n\n<h2 class=\"wp-block-heading\"><span class=\"ez-toc-section\" id=\"Yeni_baslayanlar_icin_temel_Fransizca_ifadeleri_ogrenmek_ilk_etkilesimleriniz_sirasinda_hizla_ozguven_kazanmanizi_saglar_Bunlari_kullanin\"><\/span>Yeni ba\u015flayanlar i\u00e7in temel Frans\u0131zca ifadeleri \u00f6\u011frenmek, ilk etkile\u015fimleriniz s\u0131ras\u0131nda h\u0131zla \u00f6zg\u00fcven kazanman\u0131z\u0131 sa\u011flar. Bunlar\u0131 kullan\u0131n<span class=\"ez-toc-section-end\"><\/span><\/h2>\n\n<p class=\"wp-block-paragraph\">\nTemel g\u00fcnl\u00fck ifadeler <strong>hata yapma korkusunun \u00fcstesinden gelmeye yard\u0131mc\u0131 olur ve daha do\u011fal konu\u015fmalar\u0131 te\u015fvik eder. Birini selamlayabilmek, bilgi isteyebilmek veya bir yeme\u011fi basit\u00e7e ve stres olmadan sipari\u015f edebilmek g\u00fczeldir.<\/strong> \n<\/p>\n\n<p class=\"wp-block-paragraph\">\nYap\u0131land\u0131r\u0131lm\u0131\u015f bir <strong>yararl\u0131 Frans\u0131zca ifadeler listesiyle<\/strong> , k\u0131sa s\u00fcreli ziyaretlerde veya yeni ortamlarda bile kendinizi daha rahat hissedersiniz. D\u00fczenli tekrar ve bu\n<\/p>\n\n<h2 class=\"wp-block-heading\"><span class=\"ez-toc-section\" id=\"yaygin_ifadeleri\"><\/span>yayg\u0131n ifadeleri<span class=\"ez-toc-section-end\"><\/span><\/h2>\n\n<p class=\"wp-block-paragraph\">\ng\u00fcnl\u00fck prati\u011fe entegre etmek, her k\u00fc\u00e7\u00fck konu\u015fma ba\u015far\u0131s\u0131n\u0131 \u00f6d\u00fcllendirici k\u0131lar. Anahtar, konu\u015fmaya cesaret etmek, hata yapmak, tekrar denemek ve her f\u0131rsatta ilerlemektir. <strong><\/strong> Yeni ba\u015flayanlar i\u00e7in temel Frans\u0131zca ifadeler nas\u0131l h\u0131zl\u0131ca ezberlenir? <i>Yeni ba\u015flayanlar i\u00e7in temel Frans\u0131zca ifadeleri ezberlemek<\/i> tekrar, ili\u015fkilendirme ve pratik kullan\u0131ma dayan\u0131r. Her ifadeyi her g\u00fcn y\u00fcksek sesle tekrarlaman\u0131z ve bir taraf\u0131nda ifade, di\u011fer taraf\u0131nda resim veya \u00e7eviri bulunan bilgi kartlar\u0131 olu\u015fturman\u0131z \u00f6nerilir. Bu ifadeleri ger\u00e7ek hayattaki durumlarla ili\u015fkilendirmek (diyalog sim\u00fclasyonu veya rol yapma) ezberlemeyi g\u00fc\u00e7lendirir. Dinleme ve tekrarlama, sesinizi kaydetme veya etkile\u015fimli uygulamalar kullanma da dilsel yap\u0131lar\u0131 peki\u015ftirmeye yard\u0131mc\u0131 olur. Son olarak, ilerlemenizi not etmek ve d\u00fczenli olarak g\u00f6zden ge\u00e7irmek uzun s\u00fcreli unutmay\u0131 \u00f6nler.\n<\/p>\n\n<p class=\"wp-block-paragraph\">\n\n<\/p>\n\n<p class=\"wp-block-paragraph\">\nFrans\u0131zca kelime \u00f6\u011frenme \u00e7al\u0131\u015fmalar\u0131n\u0131za hangi konular\u0131 dahil etmelisiniz?\n<\/p>\n\n<h2 class=\"wp-block-heading\"><\/h2>\n\n<p class=\"wp-block-paragraph\">\nYeni ba\u015flayanlar i\u00e7in temel Frans\u0131zca ifadeler <strong>G\u00fcnl\u00fck hayatta s\u0131k\u00e7a kar\u015f\u0131la\u015f\u0131lan \u00e7e\u015fitli faydal\u0131 konular\u0131 kapsarlar: selamla\u015fma ve tan\u0131\u015fma, bilgi isteme, nezaket, restoranlar ve al\u0131\u015fveri\u015f, acil durumlar, seyahat (rezervasyon, yol tarifi) ve temel g\u00f6revler. \u00d6\u011frenmeyi tematik kategorilere g\u00f6re d\u00fczenlemek, ezberlemeyi kolayla\u015ft\u0131r\u0131r ve Fransa&rsquo;da veya Frans\u0131zca konu\u015fanlarla en s\u0131k kar\u015f\u0131la\u015f\u0131lan durumlarda kendinizi rahat hissetmenize yard\u0131mc\u0131 olur. Bu farkl\u0131 ba\u011flamlara dalmak, dilbilgisi yap\u0131lar\u0131n\u0131 ve yayg\u0131n ifadeleri h\u0131zl\u0131 bir \u015fekilde \u00f6z\u00fcmsemenize de yard\u0131mc\u0131 olur.<\/strong> \n<\/p>\n\n<figure class=\"wp-block-table\"><table>\n<tr>\n<th>Ba\u015flang\u0131\u00e7ta neden tek tek kelimeler yerine tam c\u00fcmlelere \u00f6ncelik vermeliyiz?<\/th>\n<th><\/th>\n<th>Yeni ba\u015flayanlar i\u00e7in temel Frans\u0131zca c\u00fcmlelere odaklanmak,<\/th>\n<\/tr>\n<tr>\n<td><strong>tek tek kelimeler yerine, c\u00fcmle yap\u0131s\u0131n\u0131, dilbilgisini ve kelime da\u011farc\u0131\u011f\u0131n\u0131 ger\u00e7ek hayattaki ba\u011flamlarda \u00f6\u011frenmenizi sa\u011flar. Bu, ak\u0131c\u0131, do\u011fal ve daha g\u00fcvenli bir ifadeyi te\u015fvik eder. Tam c\u00fcmleler, kelimelerin g\u00fcnl\u00fck hayatta nas\u0131l bir araya geldi\u011fini g\u00f6sterir ve Frans\u0131z dilinin inceliklerini ve deyimsel ifadeleri tan\u0131t\u0131r. Bu y\u00f6ntem ayr\u0131ca k\u00fclt\u00fcrel beklentileri tahmin etmenize ve kendili\u011finden geli\u015fen konu\u015fmalar\u0131 daha iyi anlaman\u0131za yard\u0131mc\u0131 olur.<\/strong><\/td>\n<td><i><\/i><\/td>\n<td>Frans\u0131zca ifadeleri pratik etmeyi kolayla\u015ft\u0131ran dijital ara\u00e7lar nelerdir?<\/td>\n<\/tr>\n<tr>\n<td><strong><\/strong><\/td>\n<td><i>Ba\u015flang\u0131\u00e7 \u200b\u200bseviyesindeki Frans\u0131zca \u00f6\u011frenenler i\u00e7in temel Frans\u0131zca ifadelerin \u00f6\u011frenimini h\u0131zland\u0131rabilecek \u00e7e\u015fitli dijital ara\u00e7lar mevcuttur: dil de\u011fi\u015fim uygulamalar\u0131, diyalog sim\u00fclat\u00f6rleri, ses kay\u0131t platformlar\u0131 ve bilgi kart\u0131 olu\u015fturucular\u0131. Bunlar, ger\u00e7ek hayattaki durumlara dayal\u0131 anl\u0131k d\u00fczeltmeler, ki\u015fiselle\u015ftirilmi\u015f geri bildirimler ve etkile\u015fimli al\u0131\u015ft\u0131rmalar sunar. Bu kaynaklar\u0131 kullanmak, \u00f6\u011frencinin seviyesine uyum sa\u011flarken ba\u011f\u0131ms\u0131z ve d\u00fczenli pratik yap\u0131lmas\u0131na da olanak tan\u0131r.<\/i><\/td>\n<td><\/td>\n<\/tr>\n<tr>\n<td><strong>Bu ifadeler ger\u00e7ek konu\u015fmalara nas\u0131l etkili bir \u015fekilde entegre edilebilir?<\/strong><\/td>\n<td><i><\/i><\/td>\n<td>Ba\u015flang\u0131\u00e7 \u200b\u200bseviyesindeki Frans\u0131zca \u00f6\u011frenenler i\u00e7in temel Frans\u0131zca ifadeleri entegre etmek i\u00e7in&#8230;<\/td>\n<\/tr>\n<tr>\n<td><strong>Ger\u00e7ek hayattaki konu\u015fmalarda, bir partnerle konu\u015fma prati\u011fi yapmak, dil al\u0131\u015fveri\u015fine kat\u0131lmak veya g\u00fcnl\u00fck konular \u00fczerine diyaloglar\u0131 sim\u00fcle etmek tavsiye edilir. Ba\u011flamlar\u0131 \u00e7e\u015fitlendirmek (ma\u011fazalar, restoranlar, toplu ta\u015f\u0131ma) dilsel esnekli\u011fi art\u0131r\u0131r. Konu\u015fmalar s\u0131ras\u0131nda tekrar etmekten, yeniden ifade etmekten ve a\u00e7\u0131klama istemekten \u00e7ekinmeyin; bu, ak\u0131c\u0131l\u0131k ve kendili\u011findenli\u011fi daha h\u0131zl\u0131 kazanman\u0131za yard\u0131mc\u0131 olacakt\u0131r.<\/strong><\/td>\n<td><i><\/i><\/td>\n<td>{<\/td>\n<\/tr>\n<\/table><\/figure>\n\n<h2 class=\"wp-block-heading\"><span class=\"ez-toc-section\" id=\"%C2%AB_context_%C2%BB_%C2%AB_https_schemaorg_%C2%BB\"><\/span>\u00ab\u00a0@context\u00a0\u00bb: \u00ab\u00a0https:\/\/schema.org\u00a0\u00bb,<span class=\"ez-toc-section-end\"><\/span><\/h2>\n\n<p class=\"wp-block-paragraph\">\n\u00ab\u00a0@type\u00a0\u00bb: \u00ab\u00a0SSS Sayfas\u0131\u00a0\u00bb, <strong>\u00ab\u00a0mainEntity\u00a0\u00bb: [<\/strong> { <strong>\u00ab\u00a0@type\u00a0\u00bb: \u00ab\u00a0Soru\u00a0\u00bb,<\/strong> \u00ab\u00a0name\u00a0\u00bb: \u00ab\u00a0Yeni ba\u015flayanlar i\u00e7in temel Frans\u0131zca ifadeleri h\u0131zl\u0131ca nas\u0131l ezberleyebilirim?\u00a0\u00bb,\n<\/p>\n\n<p class=\"wp-block-paragraph\">\n\u00ab\u00a0acceptedAnswer\u00a0\u00bb: { <strong>\u00ab\u00a0@type\u00a0\u00bb: \u00ab\u00a0Cevap\u00a0\u00bb,<\/strong> <strong>\u00ab\u00a0text\u00a0\u00bb: \u00ab\u00a0Her ifadeyi her g\u00fcn y\u00fcksek sesle tekrarlay\u0131n, bilgi kartlar\u0131 kullan\u0131n, ifadeleri ger\u00e7ek hayattaki durumlarla ili\u015fkilendirin ve diyaloglar\u0131 sim\u00fcle edin. Etkile\u015fimli uygulamalarla veya sesinizi kaydederek pratik yap\u0131n. \u00d6\u011frenmenizi s\u00fcrd\u00fcrmek i\u00e7in d\u00fczenli olarak tekrar edin.\u00a0\u00bb<\/strong> \n<\/p>\n\n<p class=\"wp-block-paragraph\"><section class=\"faq\">\n<div>\n<h2><span class=\"ez-toc-section\" id=\"i\"><\/span>}<span class=\"ez-toc-section-end\"><\/span><\/h2>\n<div>\n<p><strong>},<\/strong> {<\/p>\n<\/div>\n<\/div>\n<div>\n<h2><span class=\"ez-toc-section\" id=\"%C2%AB_type_%C2%BB_%C2%AB_Soru_%C2%BB\"><\/span>\u00ab\u00a0@type\u00a0\u00bb: \u00ab\u00a0Soru\u00a0\u00bb,<span class=\"ez-toc-section-end\"><\/span><\/h2>\n<div>\n<p>\u00ab\u00a0name\u00a0\u00bb: \u00ab\u00a0Frans\u0131zca ifadeler \u00f6\u011frenirken hangi konular\u0131 dahil etmeliyim?\u00a0\u00bb, <strong>\u00ab\u00a0acceptedAnswer\u00a0\u00bb: {<\/strong> \u00ab\u00a0@type\u00a0\u00bb: \u00ab\u00a0Cevap\u00a0\u00bb,<\/p>\n<\/div>\n<\/div>\n<div>\n<h2><\/h2>\n<div>\n<p>\u00ab\u00a0text\u00a0\u00bb: \u00ab\u00a0Selamla\u015fma, nezaket, sorular, restoranlar, al\u0131\u015fveri\u015f, acil durumlar, seyahat ve temel i\u015fler gibi konular\u0131 dahil edin. \u0130fadeleri kategoriye g\u00f6re d\u00fczenlemek, \u00f6\u011frenmeyi daha verimli ve g\u00fcnl\u00fck ihtiya\u00e7larla ilgili hale getirir.\u00a0\u00bb <strong><\/strong> }<\/p>\n<\/div>\n<\/div>\n<div>\n<h2><span class=\"ez-toc-section\" id=\"i-2\"><\/span>},<span class=\"ez-toc-section-end\"><\/span><\/h2>\n<div>\n<p> <strong>{<\/strong> \u00ab\u00a0@type\u00a0\u00bb: \u00ab\u00a0Soru\u00a0\u00bb,<\/p>\n<\/div>\n<\/div>\n<div>\n<h2><\/h2>\n<div>\n<p>\u00ab\u00a0name\u00a0\u00bb: \u00ab\u00a0Ba\u015flang\u0131\u00e7ta neden tek tek kelimeler yerine tam c\u00fcmlelere \u00f6ncelik vermeliyim?\u00a0\u00bb, <strong>\u00ab\u00a0acceptedAnswer\u00a0\u00bb: {<\/strong> \u00ab\u00a0@type\u00a0\u00bb: \u00ab\u00a0Cevap\u00a0\u00bb,<\/p>\n<\/div>\n<\/div>\n<\/section><\/p>\n\n<p class=\"wp-block-paragraph\">\n\n  \u00ab\u00a0text\u00a0\u00bb: \u00ab\u00a0Tam c\u00fcmleleri \u00f6\u011frenmek, dildeki ba\u011flam\u0131, gramer yap\u0131lar\u0131n\u0131 ve do\u011fal ifadeleri anlamay\u0131 kolayla\u015ft\u0131r\u0131r. Bu, yaln\u0131zca kelimeleri \u00f6\u011frenmenin aksine, ger\u00e7ek hayattaki durumlarda ak\u0131c\u0131 ve kullan\u0131\u015fl\u0131 konu\u015fmay\u0131 te\u015fvik eder.\u00a0\u00bb\n  \n  }\n    },\n      {\n      \u00ab\u00a0@type\u00a0\u00bb: \u00ab\u00a0Soru\u00a0\u00bb,\n      \u00ab\u00a0name\u00a0\u00bb: \u00ab\u00a0Frans\u0131zca c\u00fcmle kurma prati\u011fini kolayla\u015ft\u0131ran dijital ara\u00e7lar nelerdir?\u00a0\u00bb,\n        \u00ab\u00a0acceptedAnswer\u00a0\u00bb: {\n        \u00ab\u00a0@type\u00a0\u00bb: \u00ab\u00a0Cevap\u00a0\u00bb,\n      \u00ab\u00a0metin\u00a0\u00bb: \u00ab\u00a0Ba\u015flang\u0131\u00e7 \u200b\u200bseviyesindeki Frans\u0131zca ifadeleri etkili bir \u015fekilde pratik etmek ve an\u0131nda geri bildirim almak i\u00e7in dil de\u011fi\u015fim uygulamalar\u0131n\u0131, diyalog sim\u00fclat\u00f6rlerini, ses kay\u0131t platformlar\u0131n\u0131 ve bilgi kart\u0131 olu\u015fturucular\u0131n\u0131 kullan\u0131n.\u00a0\u00bb\n    \n    }\n      },\n      {\n      \u00ab\u00a0@type\u00a0\u00bb: \u00ab\u00a0Soru\u00a0\u00bb,\n        \u00ab\u00a0name\u00a0\u00bb: \u00ab\u00a0Bu ifadeleri ger\u00e7ek konu\u015fmalara nas\u0131l etkili bir \u015fekilde entegre edebilirim?\u00a0\u00bb,\n        \u00ab\u00a0acceptedAnswer\u00a0\u00bb: {\n      \u00ab\u00a0@type\u00a0\u00bb: \u00ab\u00a0Cevap\u00a0\u00bb,\n    \u00ab\u00a0metin\u00a0\u00bb: \u00ab\u00a0S\u00f6zl\u00fc ortaklarla pratik yapmak, dil de\u011fi\u015fimlerine kat\u0131lmak ve ba\u011flamlar\u0131 \u00e7e\u015fitlendirmek, ifadeleri g\u00fcnl\u00fck hayatta yeniden kullanmay\u0131 ve kendili\u011findenlik kazanmay\u0131 kolayla\u015ft\u0131r\u0131r.\u00a0\u00bb\n    \n      }\n      }\n      ]\n        }\n        Kaynaklar\n      France \u00c9ducation international. \u00ab\u00a0Frans\u0131zcan\u0131n Temelleri: Bilinmesi Gereken Temel \u0130fadeler.\u00a0\u00bb France \u00c9ducation international, 15 Haziran 2023. Eri\u015fim tarihi: 10 Haziran 2024.\n    \n    Ayr\u0131ca bak\u0131n\u0131z: K\u00fclt\u00fcr Bakanl\u0131\u011f\u0131. \u00ab\u00a0Frans\u0131zca \u00d6\u011freniminde Deyimsel \u0130fadeler ve Kelime Bilgisinin Rol\u00fc.\u00a0\u00bb K\u00fclt\u00fcr Bakanl\u0131\u011f\u0131, 30 Kas\u0131m 2022. Eri\u015fim tarihi: 10 Haziran 2024.\n      \n      Ayr\u0131ca bak\u0131n\u0131z: Cenevre \u00dcniversitesi. \u00ab\u00a0Yabanc\u0131 Dil \u00d6\u011frenme Y\u00f6ntemleri ve Stratejileri.\u00a0\u00bb Cenevre \u00dcniversitesi, 1 Eyl\u00fcl 2022. Eri\u015fim tarihi: 10 Haziran 2024.\n      \n        Ayr\u0131ca bak\u0131n\u0131z: DGLFLF\/Milli E\u011fitim Bakanl\u0131\u011f\u0131. \u00ab\u00a0Frans\u0131zcay\u0131 \u00d6\u011frenmede C\u00fcmlelerin Rol\u00fc.\u00a0\u00bb \u00c9duscol, 10 Ocak 2023. Eri\u015fim tarihi: 10 Haziran 2024.\n        \n      Ayr\u0131ca bak\u0131n\u0131z:\n    \n    \n      \n      \n      \n        \n        \n      \n    \n  \n\n<\/p>\n\n<h2 class=\"wp-block-heading\"><\/h2>\n\n<ol class=\"wp-block-list\"><li> <a href=\"https:\/\/www.france-education-international.fr\/ressources\/francais-pour-debutants-phrases-essentielles\" rel=\"nofollow noopener noreferrer\" target=\"_blank\"><\/a><\/li><li> <a href=\"https:\/\/www.culture.gouv.fr\/Thematiques\/Langue-francaise-et-langues-de-France\/Actualites\/Expressions-idiomatiques-et-vocabulaire-du-francais\" rel=\"nofollow noopener noreferrer\" target=\"_blank\"><\/a><\/li><li> <a href=\"https:\/\/www.unige.ch\/lettres\/enseignements\/methodes-apprentissage-langues\" rel=\"nofollow noopener noreferrer\" target=\"_blank\"><\/a><\/li><li> <a href=\"https:\/\/eduscol.education.fr\/2344\/enseigner-le-francais-par-les-phrases\" rel=\"nofollow noopener noreferrer\" target=\"_blank\"><\/a><\/li><\/ol>\n\n\n","protected":false},"excerpt":{"rendered":"<p>Frans\u0131zca \u00f6\u011frenmeye yeni ba\u015flayanlar i\u00e7in temel Frans\u0131zca ifadeleri \u00f6\u011frenmek, basit ve kendili\u011finden geli\u015fen konu\u015fmalar\u0131n kap\u0131s\u0131n\u0131 a\u00e7ar. Frans\u0131zca \u00f6\u011frenmeye ba\u015flad\u0131\u011f\u0131n\u0131zda, teredd\u00fct [&hellip;]<\/p>\n","protected":false},"author":2,"featured_media":572,"comment_status":"open","ping_status":"open","sticky":false,"template":"","format":"standard","meta":{"_crdt_document":"","site-sidebar-layout":"default","site-content-layout":"","ast-site-content-layout":"default","site-content-style":"default","site-sidebar-style":"default","ast-global-header-display":"","ast-banner-title-visibility":"","ast-main-header-display":"","ast-hfb-above-header-display":"","ast-hfb-below-header-display":"","ast-hfb-mobile-header-display":"","site-post-title":"","ast-breadcrumbs-content":"","ast-featured-img":"","footer-sml-layout":"","ast-disable-related-posts":"","theme-transparent-header-meta":"","adv-header-id-meta":"","stick-header-meta":"","header-above-stick-meta":"","header-main-stick-meta":"","header-below-stick-meta":"","astra-migrate-meta-layouts":"default","ast-page-background-enabled":"default","ast-page-background-meta":{"desktop":{"background-color":"var(--ast-global-color-5)","background-image":"","background-repeat":"repeat","background-position":"center center","background-size":"auto","background-attachment":"scroll","background-type":"","background-media":"","overlay-type":"","overlay-color":"","overlay-opacity":"","overlay-gradient":""},"tablet":{"background-color":"","background-image":"","background-repeat":"repeat","background-position":"center center","background-size":"auto","background-attachment":"scroll","background-type":"","background-media":"","overlay-type":"","overlay-color":"","overlay-opacity":"","overlay-gradient":""},"mobile":{"background-color":"","background-image":"","background-repeat":"repeat","background-position":"center center","background-size":"auto","background-attachment":"scroll","background-type":"","background-media":"","overlay-type":"","overlay-color":"","overlay-opacity":"","overlay-gradient":""}},"ast-content-background-meta":{"desktop":{"background-color":"var(--ast-global-color-4)","background-image":"","background-repeat":"repeat","background-position":"center center","background-size":"auto","background-attachment":"scroll","background-type":"","background-media":"","overlay-type":"","overlay-color":"","overlay-opacity":"","overlay-gradient":""},"tablet":{"background-color":"var(--ast-global-color-4)","background-image":"","background-repeat":"repeat","background-position":"center center","background-size":"auto","background-attachment":"scroll","background-type":"","background-media":"","overlay-type":"","overlay-color":"","overlay-opacity":"","overlay-gradient":""},"mobile":{"background-color":"var(--ast-global-color-4)","background-image":"","background-repeat":"repeat","background-position":"center center","background-size":"auto","background-attachment":"scroll","background-type":"","background-media":"","overlay-type":"","overlay-color":"","overlay-opacity":"","overlay-gradient":""}},"footnotes":""},"categories":[708],"tags":[4750,5528,5522,5525,5519],"class_list":["post-2270","post","type-post","status-publish","format-standard","has-post-thumbnail","hentry","category-non-classe-tr","tag-fransizca-baslangic-tr","tag-fransizca-cumleler-tr","tag-fransizca-ifadeler-tr","tag-fransizca-temelleri-tr","tag-yeni-baslayanlar-icin-fransizca-ogren-tr"],"_links":{"self":[{"href":"https:\/\/www.fle.re\/blog\/wp-json\/wp\/v2\/posts\/2270","targetHints":{"allow":["GET"]}}],"collection":[{"href":"https:\/\/www.fle.re\/blog\/wp-json\/wp\/v2\/posts"}],"about":[{"href":"https:\/\/www.fle.re\/blog\/wp-json\/wp\/v2\/types\/post"}],"author":[{"embeddable":true,"href":"https:\/\/www.fle.re\/blog\/wp-json\/wp\/v2\/users\/2"}],"replies":[{"embeddable":true,"href":"https:\/\/www.fle.re\/blog\/wp-json\/wp\/v2\/comments?post=2270"}],"version-history":[{"count":1,"href":"https:\/\/www.fle.re\/blog\/wp-json\/wp\/v2\/posts\/2270\/revisions"}],"predecessor-version":[{"id":2271,"href":"https:\/\/www.fle.re\/blog\/wp-json\/wp\/v2\/posts\/2270\/revisions\/2271"}],"wp:featuredmedia":[{"embeddable":true,"href":"https:\/\/www.fle.re\/blog\/wp-json\/wp\/v2\/media\/572"}],"wp:attachment":[{"href":"https:\/\/www.fle.re\/blog\/wp-json\/wp\/v2\/media?parent=2270"}],"wp:term":[{"taxonomy":"category","embeddable":true,"href":"https:\/\/www.fle.re\/blog\/wp-json\/wp\/v2\/categories?post=2270"},{"taxonomy":"post_tag","embeddable":true,"href":"https:\/\/www.fle.re\/blog\/wp-json\/wp\/v2\/tags?post=2270"}],"curies":[{"name":"wp","href":"https:\/\/api.w.org\/{rel}","templated":true}]}}