{"id":2321,"date":"2026-01-20T18:23:52","date_gmt":"2026-01-20T18:23:52","guid":{"rendered":"https:\/\/www.fle.re\/blog\/?p=2321"},"modified":"2026-01-20T18:23:56","modified_gmt":"2026-01-20T18:23:56","slug":"fransizcayi-yogun-bir-sekilde-ogrenme-yontemi","status":"publish","type":"post","link":"https:\/\/www.fle.re\/blog\/tr\/fransizcayi-yogun-bir-sekilde-ogrenme-yontemi\/","title":{"rendered":"Frans\u0131zcay\u0131 yo\u011fun bir \u015fekilde \u00f6\u011frenme y\u00f6ntemi"},"content":{"rendered":"<p class=\"wp-block-paragraph\">\nFrans\u0131zca \u00f6\u011frenmek sadece saatlerce dilbilgisi \u00e7al\u0131\u015fmak veya \u00e7evrimi\u00e7i al\u0131\u015ft\u0131rmalar yapmakla ilgili de\u011fil. Fransa&rsquo;da g\u00fcnl\u00fck hayata do\u011frudan dalmak, h\u0131zl\u0131 ilerlemenin en do\u011frudan ve etkili yoludur. Pazarda sohbet ederken, samimi bir yemek payla\u015f\u0131rken veya yerel bir gelene\u011fi ke\u015ffederken ilerlemenizi ger\u00e7ekten hissedersiniz. <strong>Burada dilin i\u00e7ine dalmak, geleneksel s\u0131n\u0131f ortam\u0131ndan \u00e7ok uzak, do\u011fal pratik ve \u00f6zg\u00fcnl\u00fckle e\u015f anlaml\u0131d\u0131r.<\/strong> \u0130ster spora tutkun olun, ister k\u00fclt\u00fcre merakl\u0131 olun, ister do\u011fa a\u015f\u0131\u011f\u0131 olun, her etkile\u015fim, dili t\u00fcm zenginli\u011fiyle \u00f6\u011frenmek i\u00e7in bir f\u0131rsat haline gelir. Teorik \u00f6\u011frenmeden spontane kullan\u0131ma ge\u00e7ersiniz: Frans\u0131zca canl\u0131, somut, neredeyse i\u00e7g\u00fcd\u00fcsel hale gelir. \u00c7e\u015fitli kar\u015f\u0131la\u015fmalar ve durumlar, ifadeleri, aksanlar\u0131 ve n\u00fcanslar\u0131 ezberlemenizi sa\u011flar. Ve a\u00e7\u0131k\u00e7as\u0131, Frans\u0131zcaya tamamen dalmak sayesinde yerel bir \u015fakay\u0131 anlamaktan veya ak\u015fam yeme\u011finde fikrinizi ifade etmekten daha iyi ne olabilir? <i><\/i> fle.re&rsquo;de, do\u011fal pratik ve insan etkile\u015fimini te\u015fvik ederek, bu deneyimi kendi evinizin rahatl\u0131\u011f\u0131ndan bile eri\u015filebilir k\u0131lmak istiyoruz. Ama\u00e7, dili sadece \u00f6\u011frenmenizi de\u011fil, deneyimlemenizi sa\u011flamakt\u0131r.\n<\/p>\n\n<p class=\"wp-block-paragraph\">\n <strong>G\u00fcnl\u00fck pratik<\/strong> ve\n<\/p>\n\n<p class=\"wp-block-paragraph\">\nger\u00e7ek hayattan \u00f6rnekler <i>yol boyunca size e\u015flik eder.<\/i>  <i>https:\/\/www.youtube.com\/watch?v=5jjGHRBurYg<\/i> Frans\u0131zca \u00f6\u011frenmede dil ortam\u0131na tamamen dalman\u0131n somut avantajlar\u0131 nelerdir?\n<\/p>\n\n<figure class=\"is-provider-youtube is-type-video wp-block-embed wp-block-embed-youtube wp-embed-aspect-16-9 wp-has-aspect-ratio\"><div class=\"wp-block-embed__wrapper\">\n\n<\/div><\/figure>\n\n<div id=\"ez-toc-container\" class=\"ez-toc-v2_0_82_2 ez-toc-wrap-center counter-hierarchy ez-toc-counter ez-toc-transparent ez-toc-container-direction\">\n<div class=\"ez-toc-title-container\">\n<p class=\"ez-toc-title\" style=\"cursor:inherit\">Sommaire<\/p>\n<span class=\"ez-toc-title-toggle\"><a href=\"#\" class=\"ez-toc-pull-right ez-toc-btn ez-toc-btn-xs ez-toc-btn-default ez-toc-toggle\" aria-label=\"Toggle Table of Content\"><span class=\"ez-toc-js-icon-con\"><span class=\"\"><span class=\"eztoc-hide\" style=\"display:none;\">Toggle<\/span><span class=\"ez-toc-icon-toggle-span\"><svg style=\"fill: #999;color:#999\" xmlns=\"http:\/\/www.w3.org\/2000\/svg\" class=\"list-377408\" width=\"20px\" height=\"20px\" viewBox=\"0 0 24 24\" fill=\"none\"><path d=\"M6 6H4v2h2V6zm14 0H8v2h12V6zM4 11h2v2H4v-2zm16 0H8v2h12v-2zM4 16h2v2H4v-2zm16 0H8v2h12v-2z\" fill=\"currentColor\"><\/path><\/svg><svg style=\"fill: #999;color:#999\" class=\"arrow-unsorted-368013\" xmlns=\"http:\/\/www.w3.org\/2000\/svg\" width=\"10px\" height=\"10px\" viewBox=\"0 0 24 24\" version=\"1.2\" baseProfile=\"tiny\"><path d=\"M18.2 9.3l-6.2-6.3-6.2 6.3c-.2.2-.3.4-.3.7s.1.5.3.7c.2.2.4.3.7.3h11c.3 0 .5-.1.7-.3.2-.2.3-.5.3-.7s-.1-.5-.3-.7zM5.8 14.7l6.2 6.3 6.2-6.3c.2-.2.3-.5.3-.7s-.1-.5-.3-.7c-.2-.2-.4-.3-.7-.3h-11c-.3 0-.5.1-.7.3-.2.2-.3.5-.3.7s.1.5.3.7z\"\/><\/svg><\/span><\/span><\/span><\/a><\/span><\/div>\n<nav><ul class='ez-toc-list ez-toc-list-level-1 eztoc-toggle-hide-by-default' ><li class='ez-toc-page-1 ez-toc-heading-level-2'><a class=\"ez-toc-link ez-toc-heading-1\" href=\"https:\/\/www.fle.re\/blog\/tr\/fransizcayi-yogun-bir-sekilde-ogrenme-yontemi\/#Fransiz_dil_ortaminda_tam_daldirma\" >Frans\u0131z dil ortam\u0131nda tam dald\u0131rma<\/a><\/li><li class='ez-toc-page-1 ez-toc-heading-level-2'><a class=\"ez-toc-link ez-toc-heading-2\" href=\"https:\/\/www.fle.re\/blog\/tr\/fransizcayi-yogun-bir-sekilde-ogrenme-yontemi\/#%C2%AB_Qualite_FLE_%C2%BB_Yabanci_Dil_Olarak_Fransizca_etiketine_sahip_taninmis_bir_kuruma_kaydolmak_hizli_ilerleme_arzusunu_karsilarken_ayni_zamanda_DELF_DALF_veya_DILF_gibi_taninmis_sinavlara_hazirlanmanizi_saglayacaktir_Saglanan_destek_yapilandirilmistir_dersler_seviyeye_gore_duzenlenir_ve_destekleyici_bir_ortamda_Fransizca_konusma_pratigi_yapmak_icin_genellikle_kulturel_etkinlikler_sunulur\" >\u00ab\u00a0Qualit\u00e9 FLE\u00a0\u00bb (Yabanc\u0131 Dil Olarak Frans\u0131zca) etiketine sahip tan\u0131nm\u0131\u015f bir kuruma kaydolmak, h\u0131zl\u0131 ilerleme arzusunu kar\u015f\u0131larken ayn\u0131 zamanda DELF, DALF veya DILF gibi tan\u0131nm\u0131\u015f s\u0131navlara haz\u0131rlanman\u0131z\u0131 sa\u011flayacakt\u0131r. Sa\u011flanan destek yap\u0131land\u0131r\u0131lm\u0131\u015ft\u0131r, dersler seviyeye g\u00f6re d\u00fczenlenir ve destekleyici bir ortamda Frans\u0131zca konu\u015fma prati\u011fi yapmak i\u00e7in genellikle k\u00fclt\u00fcrel etkinlikler sunulur.<\/a><\/li><li class='ez-toc-page-1 ez-toc-heading-level-2'><a class=\"ez-toc-link ez-toc-heading-3\" href=\"https:\/\/www.fle.re\/blog\/tr\/fransizcayi-yogun-bir-sekilde-ogrenme-yontemi\/#Fransizca_ogrenimi_spor_veya_kulturel_aktivitelerle_birlestirilebilir_mi\" >Frans\u0131zca \u00f6\u011frenimi spor veya k\u00fclt\u00fcrel aktivitelerle birle\u015ftirilebilir mi?<\/a><\/li><li class='ez-toc-page-1 ez-toc-heading-level-2'><a class=\"ez-toc-link ez-toc-heading-4\" href=\"https:\/\/www.fle.re\/blog\/tr\/fransizcayi-yogun-bir-sekilde-ogrenme-yontemi\/#Fransizca_rehberli_geziler_ve_miras_turlari\" >Frans\u0131zca rehberli geziler ve miras turlar\u0131<\/a><\/li><li class='ez-toc-page-1 ez-toc-heading-level-2'><a class=\"ez-toc-link ez-toc-heading-5\" href=\"https:\/\/www.fle.re\/blog\/tr\/fransizcayi-yogun-bir-sekilde-ogrenme-yontemi\/#Lyon\" >Lyon<\/a><\/li><li class='ez-toc-page-1 ez-toc-heading-level-2'><a class=\"ez-toc-link ez-toc-heading-6\" href=\"https:\/\/www.fle.re\/blog\/tr\/fransizcayi-yogun-bir-sekilde-ogrenme-yontemi\/#Etkili_bir_Fransizca_dil_ogrenme_kampi_icin_bir_ev_sahibi_aile_veya_ogretmenle_konaklamayi_tercih_etmeniz_onerilir_Bu_dili_ders_disinda_pratik_etmenizi_gunluk_Fransiz_geleneklerini_gozlemlemenizi_ve_yerel_hayata_entegre_olmanizi_saglar_Tam_pansiyon_her_ogunde_etkilesimi_tesvik_eder_ve_gayri_resmi_alisverisleri_destekler_Universite_yurtlarinda_kalmak_ogrenciler_icin_uygun_bir_secenek_olmaya_devam_ediyor_ancak_Fransizca_konusma_firsatlari_daha_azken_bir_aile_veya_ev_sahibiyle_kalmak_yogun_ve_kisisellestirilmis_pratik_imkani_sagliyor_Secim_ayrica_ogrenme_amacina_yogun_giris_seviyesi_bagimsiz_ve_ogrencinin_yasina_da_bagli_olacaktir\" >Etkili bir Frans\u0131zca dil \u00f6\u011frenme kamp\u0131 i\u00e7in, bir ev sahibi aile veya \u00f6\u011fretmenle konaklamay\u0131 tercih etmeniz \u00f6nerilir. Bu, dili ders d\u0131\u015f\u0131nda pratik etmenizi, g\u00fcnl\u00fck Frans\u0131z geleneklerini g\u00f6zlemlemenizi ve yerel hayata entegre olman\u0131z\u0131 sa\u011flar. Tam pansiyon, her \u00f6\u011f\u00fcnde etkile\u015fimi te\u015fvik eder ve gayri resmi al\u0131\u015fveri\u015fleri destekler. \u00dcniversite yurtlar\u0131nda kalmak \u00f6\u011frenciler i\u00e7in uygun bir se\u00e7enek olmaya devam ediyor, ancak Frans\u0131zca konu\u015fma f\u0131rsatlar\u0131 daha azken, bir aile veya ev sahibiyle kalmak yo\u011fun ve ki\u015fiselle\u015ftirilmi\u015f pratik imkan\u0131 sa\u011fl\u0131yor. Se\u00e7im ayr\u0131ca \u00f6\u011frenme amac\u0131na (yo\u011fun, giri\u015f seviyesi, ba\u011f\u0131ms\u0131z) ve \u00f6\u011frencinin ya\u015f\u0131na da ba\u011fl\u0131 olacakt\u0131r.<\/a><\/li><li class='ez-toc-page-1 ez-toc-heading-level-2'><a class=\"ez-toc-link ez-toc-heading-7\" href=\"https:\/\/www.fle.re\/blog\/tr\/fransizcayi-yogun-bir-sekilde-ogrenme-yontemi\/#Kulturel_gezilere_katilmak_muzeler_tiyatrolar_sergiler\" >K\u00fclt\u00fcrel gezilere kat\u0131lmak (m\u00fczeler, tiyatrolar, sergiler);<\/a><\/li><li class='ez-toc-page-1 ez-toc-heading-level-2'><a class=\"ez-toc-link ez-toc-heading-8\" href=\"https:\/\/www.fle.re\/blog\/tr\/fransizcayi-yogun-bir-sekilde-ogrenme-yontemi\/#Sehri_ve_mirasini_kesfetmek\" >\u015eehri ve miras\u0131n\u0131 ke\u015ffetmek;<\/a><\/li><li class='ez-toc-page-1 ez-toc-heading-level-2'><a class=\"ez-toc-link ez-toc-heading-9\" href=\"https:\/\/www.fle.re\/blog\/tr\/fransizcayi-yogun-bir-sekilde-ogrenme-yontemi\/#Festivallere_veya_mevsimlik_etkinliklere_katilmak_Bu_deneyimler_dili_somut_baglamlarda_kullanmaniza_ozel_kelime_dagarcigi_edinmenize_konusmada_dogalliginizi_artirmaniza_ve_Fransiz_kulturune_ozgu_sosyal_kodlari_entegre_etmenize_olanak_tanir\" >Festivallere veya mevsimlik etkinliklere kat\u0131lmak. Bu deneyimler, dili somut ba\u011flamlarda kullanman\u0131za, \u00f6zel kelime da\u011farc\u0131\u011f\u0131 edinmenize, konu\u015fmada do\u011fall\u0131\u011f\u0131n\u0131z\u0131 art\u0131rman\u0131za ve Frans\u0131z k\u00fclt\u00fcr\u00fcne \u00f6zg\u00fc sosyal kodlar\u0131 entegre etmenize olanak tan\u0131r.<\/a><\/li><li class='ez-toc-page-1 ez-toc-heading-level-2'><a class=\"ez-toc-link ez-toc-heading-10\" href=\"https:\/\/www.fle.re\/blog\/tr\/fransizcayi-yogun-bir-sekilde-ogrenme-yontemi\/#%C2%AB_mainEntity_%C2%BB\" >\u00ab\u00a0mainEntity\u00a0\u00bb: [<\/a><\/li><li class='ez-toc-page-1 ez-toc-heading-level-2'><a class=\"ez-toc-link ez-toc-heading-11\" href=\"https:\/\/www.fle.re\/blog\/tr\/fransizcayi-yogun-bir-sekilde-ogrenme-yontemi\/#Ayrica_bakiniz\" >Ayr\u0131ca bak\u0131n\u0131z<\/a><\/li><\/ul><\/nav><\/div>\n<h2 class=\"wp-block-heading\"><span class=\"ez-toc-section\" id=\"Fransiz_dil_ortaminda_tam_daldirma\"><\/span>Frans\u0131z dil ortam\u0131nda tam dald\u0131rma<span class=\"ez-toc-section-end\"><\/span><\/h2>\n\n<p class=\"wp-block-paragraph\">\nBu, dil edinimi ve ezberlemeyi h\u0131zland\u0131r\u0131r. Ders kitaplar\u0131ndan uzakta, g\u00fcnl\u00fck ya\u015fam\u0131n her an\u0131 bir al\u0131\u015ft\u0131rmaya d\u00f6n\u00fc\u015f\u00fcr. D\u00fc\u015f\u00fcn\u00fcn: f\u0131r\u0131ndan baget sipari\u015f etmek, yol tarifi sormak veya kom\u015funuzla hava durumu hakk\u0131nda sohbet etmek; her \u015fey bir pratik f\u0131rsat\u0131 haline gelir. Bu sadece temel grameri uygulamakla ilgili de\u011fil, ayn\u0131 zamanda onu deneyimlemek ve ger\u00e7ek hayattaki durumlarda onunla y\u00fczle\u015fmekle ilgilidir. Sabahtan ak\u015fama kadar otantik Frans\u0131zca konu\u015fma \u00f6rneklerini duydu\u011funuzda, okudu\u011funuzda ve konu\u015ftu\u011funuzda, beyniniz bilgiyi daha h\u0131zl\u0131 \u00f6z\u00fcmser ve neredeyse fark\u0131na bile varmadan ilerleme kaydedersiniz. Dilin i\u00e7ine s\u00fcrekli maruz kalma sayesinde, do\u011fru kelimeyi kolayca yeniden ifade eden veya \u00f6neren yerli konu\u015fmac\u0131lardan do\u011fal geri bildirim al\u0131rs\u0131n\u0131z. Bazen beklenmedik durumlarda dile s\u00fcrekli maruz kalma, ak\u0131c\u0131l\u0131\u011f\u0131 art\u0131r\u0131r ve hata yapma korkusunun \u00fcstesinden gelmeye yard\u0131mc\u0131 olur. \u00c7e\u015fitli ve \u00e7o\u011fu zaman tahmin edilemeyen ba\u011flamlarda bu tekrarlama sayesinde, kal\u0131pla\u015fm\u0131\u015f ifadelerden Fransa&rsquo;daki ya\u015fam\u0131n ka\u00e7\u0131n\u0131lmaz dilsel tuhafl\u0131klar\u0131na kadar Frans\u0131z mant\u0131\u011f\u0131n\u0131n ger\u00e7ek bir anlay\u0131\u015f\u0131 ortaya \u00e7\u0131kar. Kendi ba\u015flang\u0131\u00e7lar\u0131m\u0131 hat\u0131rl\u0131yorum; tek bir heceyi unutmak bile garsonu \u015fa\u015f\u0131rtmaya yeterdi, ama bir kere al\u0131\u015f\u0131nca ak\u0131c\u0131l\u0131k da geliyor. Dil \u00f6\u011frenimine dalmak, hi\u00e7bir kitab\u0131n veremeyece\u011fi o \u00e7ok \u00f6nemli k\u0131v\u0131lc\u0131m\u0131 sa\u011fl\u0131yor: do\u011fa\u00e7lama yapabilme, mizah\u0131 veya bir konu\u015fman\u0131n inceliklerini kavrayabilme\u2014k\u0131sacas\u0131, her durumda rahat hissedebilme yetene\u011fi. <strong><\/strong> Fransa&rsquo;da dil \u00f6\u011frenimine dalma t\u00fcr\u00fcn\u00fcz\u00fc nas\u0131l se\u00e7ersiniz? <strong><\/strong> Format se\u00e7imi b\u00fcy\u00fck \u00f6l\u00e7\u00fcde ki\u015fisel ve profesyonel hedeflerinize ba\u011fl\u0131d\u0131r. Baz\u0131lar\u0131 i\u00e7in,\n<\/p>\n\n<p class=\"wp-block-paragraph\">\nyo\u011fun bir dil \u00f6\u011frenimi&#8230;\n<\/p>\n\n<h2 class=\"wp-block-heading\"><span class=\"ez-toc-section\" id=\"%C2%AB_Qualite_FLE_%C2%BB_Yabanci_Dil_Olarak_Fransizca_etiketine_sahip_taninmis_bir_kuruma_kaydolmak_hizli_ilerleme_arzusunu_karsilarken_ayni_zamanda_DELF_DALF_veya_DILF_gibi_taninmis_sinavlara_hazirlanmanizi_saglayacaktir_Saglanan_destek_yapilandirilmistir_dersler_seviyeye_gore_duzenlenir_ve_destekleyici_bir_ortamda_Fransizca_konusma_pratigi_yapmak_icin_genellikle_kulturel_etkinlikler_sunulur\"><\/span>\u00ab\u00a0Qualit\u00e9 FLE\u00a0\u00bb (Yabanc\u0131 Dil Olarak Frans\u0131zca) etiketine sahip tan\u0131nm\u0131\u015f bir kuruma kaydolmak, h\u0131zl\u0131 ilerleme arzusunu kar\u015f\u0131larken ayn\u0131 zamanda DELF, DALF veya DILF gibi tan\u0131nm\u0131\u015f s\u0131navlara haz\u0131rlanman\u0131z\u0131 sa\u011flayacakt\u0131r. Sa\u011flanan destek yap\u0131land\u0131r\u0131lm\u0131\u015ft\u0131r, dersler seviyeye g\u00f6re d\u00fczenlenir ve destekleyici bir ortamda Frans\u0131zca konu\u015fma prati\u011fi yapmak i\u00e7in genellikle k\u00fclt\u00fcrel etkinlikler sunulur.<span class=\"ez-toc-section-end\"><\/span><\/h2>\n\n<p class=\"wp-block-paragraph\">\nBaz\u0131lar\u0131 ise anadili Frans\u0131zca olan bir \u00f6\u011fretmenle do\u011frudan bireysel yo\u011funla\u015ft\u0131r\u0131lm\u0131\u015f kurslar\u0131 tercih eder, bazen tam pansiyon konaklama da dahil. Bu se\u00e7enek ki\u015fiselle\u015ftirilmi\u015f bir deneyim sunar: program\u0131n her y\u00f6n\u00fc \u00f6\u011frencinin seviyesine, hedeflerine ve hatta k\u00fclt\u00fcrel veya sportif ilgi alanlar\u0131na uyarlan\u0131r. Bu, an\u0131nda geri bildirim sa\u011flar ve dilin yemeklerden gezilere kadar g\u00fcnl\u00fck rutinlere entegre olmas\u0131na olanak tan\u0131r. Ayr\u0131ca \u00e7e\u015fitli se\u00e7enekler de mevcuttur: Frans\u0131z bir aileyle yo\u011funla\u015ft\u0131r\u0131lm\u0131\u015f kurslar, au pair konaklamalar\u0131, stajlar veya Frans\u0131zca \u00f6\u011frenimini bir spor veya sanatsal disiplinle birle\u015ftirmek. Anadili Frans\u0131zca olan bir e\u011fitmenle ki\u015fiselle\u015ftirilmi\u015f \u00f6zel dersler <strong>\u00d6\u011frenmeyi ve rahatlamay\u0131 birle\u015ftirmek i\u00e7in k\u00fc\u00e7\u00fck grup dersleri ve gezi aktivitelerinin bir kar\u0131\u015f\u0131m\u0131<\/strong> Ger\u00e7ek bir sosyo-k\u00fclt\u00fcrel deneyim i\u00e7in \u00f6\u011frenci derneklerine veya au pair de\u011fi\u015fim programlar\u0131na kat\u0131lmak <i>Akademik \u00e7al\u0131\u015fmalar\u0131 s\u00fcrd\u00fcr\u00fcrken ilerlemek i\u00e7in \u00fcniversite de\u011fi\u015fim programlar\u0131<\/i> %100 ki\u015fiselle\u015ftirilmi\u015f bir deneyim i\u00e7in spor, sanat ve dil \u00f6\u011frenimini birle\u015ftiren programlar\n<\/p>\n\n<p class=\"wp-block-paragraph\">\nG\u00fcnl\u00fck olarak Frans\u0131zca \u00f6\u011frenmeyi kolayla\u015ft\u0131ran aktiviteler nelerdir? <strong>Frans\u0131zca diline do\u011fal olarak a\u015fina olmak i\u00e7in<\/strong> Frans\u0131zca diline\n<\/p>\n\n<ul class=\"wp-block-list\"><li>\u00c7e\u015fitli ba\u011flamlarda etkile\u015fimleri art\u0131rmak \u00e7ok \u00f6nemlidir. G\u00fcnl\u00fck aktiviteler say\u0131s\u0131z f\u0131rsat sunar: market al\u0131\u015fveri\u015fi, bir kafede sohbetleri dinlemek, bir filmi orijinal dilinde izlemek veya b\u00f6lgesel bir yemek pi\u015firme at\u00f6lyesine kat\u0131lmak. Anahtar nokta, bu durumlar\u0131n d\u00fczenlili\u011fi ve \u00e7e\u015fitlili\u011fidir. Anlama yetene\u011finizi aksanlara, tonlamalara ve beklenmedik durumlara ne kadar \u00e7ok maruz b\u0131rak\u0131rsan\u0131z, o kadar \u00e7ok \u00f6zg\u00fcven ve kendili\u011findenlik kazan\u0131rs\u0131n\u0131z.<\/li><li><\/li><li>Ev sahibi aileniz veya arkada\u015flar\u0131n\u0131zla yap\u0131lan sohbetler de Frans\u0131zca deyimleri ve yerel k\u00fclt\u00fcrel referanslar\u0131 \u00f6\u011frenme f\u0131rsatlar\u0131 sunar. Bir di\u011fer avantaj ise, hem dinleme hem de konu\u015fma becerilerini geli\u015ftiren masa oyunlar\u0131, k\u00fclt\u00fcrel geziler ve y\u00fcr\u00fcy\u00fc\u015fler gibi grup aktiviteleridir. Basit bir p\u00e9tanque oyununda veya bir aile yeme\u011fi haz\u0131rlamaya yard\u0131m ederken bir\u00e7ok \u00f6\u011frencinin ilerleme kaydetti\u011fini g\u00f6rd\u00fcm! Dald\u0131rma deneyimini tamamlamak i\u00e7in,<\/li><li>ki\u015finin seviyesine g\u00f6re uyarlanm\u0131\u015f \u00e7evrimi\u00e7i e\u011fitim kullanmak, edinilen bilgiyi yap\u0131land\u0131rmaya, kelime da\u011farc\u0131\u011f\u0131n\u0131 peki\u015ftirmeye ve etkile\u015fim zaman\u0131n\u0131n d\u0131\u015f\u0131nda bile pratik yapmaya devam etmeye yard\u0131mc\u0131 olur.<\/li><li><\/li><\/ul>\n\n<h2 class=\"wp-block-heading\"><span class=\"ez-toc-section\" id=\"Fransizca_ogrenimi_spor_veya_kulturel_aktivitelerle_birlestirilebilir_mi\"><\/span>Frans\u0131zca \u00f6\u011frenimi spor veya k\u00fclt\u00fcrel aktivitelerle birle\u015ftirilebilir mi?<span class=\"ez-toc-section-end\"><\/span><\/h2>\n\n<p class=\"wp-block-paragraph\">\n <strong>Frans\u0131zca prati\u011fini tutkuyla birle\u015ftirmek, daha ilgi \u00e7ekici ve motive edici bir \u00f6\u011frenme deneyimi garanti eder. Bir\u00e7o\u011fu tenis, s\u00f6rf, binicilik, golf veya yelken gibi \u00f6zel aktivitelere y\u00f6nelik konaklamalar\u0131 tercih eder. Bu spor aktiviteleri s\u0131ras\u0131nda dilsel olarak yo\u011funla\u015fmak, \u00f6\u011frencilerin sadece ilgili alana \u00f6zg\u00fc teknik kelime da\u011farc\u0131\u011f\u0131 \u00fczerinde \u00e7al\u0131\u015fmalar\u0131na de\u011fil, ayn\u0131 zamanda gayri resmi, genellikle daha rahat ve arkada\u015f canl\u0131s\u0131 bir ortamda ilerlemelerine de olanak tan\u0131r. Spor \u00f6ncesinde, s\u0131ras\u0131nda veya sonras\u0131nda kendini ifade etmek, bir zaferin veya tak\u0131m stratejisinin heyecan\u0131n\u0131 payla\u015fmak, fark\u0131nda bile olmadan \u00f6\u011frenmeyi canland\u0131r\u0131r.<\/strong>K\u00fclt\u00fcrel etkinlikler de \u00f6nemli bir rol oynar: m\u00fcze ziyaretleri, tarihi b\u00f6lgelerde y\u00fcr\u00fcy\u00fc\u015fler, festivallere kat\u0131l\u0131m ve sanat at\u00f6lyeleri. Bu e\u015fsiz ortamlar, kat\u0131l\u0131mc\u0131lar\u0131 kendilerini farkl\u0131 \u015fekilde ifade etmeye, dillerini uyarlamaya ve s\u00f6zl\u00fc ve yaz\u0131l\u0131 becerilerini geli\u015ftirirken Fransa&rsquo;n\u0131n miras\u0131n\u0131 ke\u015ffetmeye te\u015fvik eder.\n<\/p>\n\n<p class=\"wp-block-paragraph\">\n <strong>\u0130ki dilli e\u011fitmenlerle Atlantik k\u0131y\u0131s\u0131nda s\u00f6rf kurslar\u0131<\/strong> Frans\u0131z \u015fefler taraf\u0131ndan y\u00f6netilen kat\u0131l\u0131mc\u0131 yemek pi\u015firme dersleri <a href=\"https:\/\/www.fle.re\/blog\/cours-francais-en-ligne-a1\/\">Frans\u0131zca tiyatro ve sanatsal ifadeyi birle\u015ftiren \u00ab\u00a0Sanat ve Dil\u00a0\u00bb programlar\u0131<\/a> Kelime da\u011farc\u0131\u011f\u0131n\u0131 ve tak\u0131m \u00e7al\u0131\u015fmas\u0131n\u0131 geli\u015ftirmek i\u00e7in tak\u0131m sporlar\u0131 seanslar\u0131\n<\/p>\n\n<h2 class=\"wp-block-heading\"><span class=\"ez-toc-section\" id=\"Fransizca_rehberli_geziler_ve_miras_turlari\"><\/span>Frans\u0131zca rehberli geziler ve miras turlar\u0131<span class=\"ez-toc-section-end\"><\/span><\/h2>\n\n<p class=\"wp-block-paragraph\">\nFransa&rsquo;da dil \u00f6\u011frenme deneyimi i\u00e7in hangi destinasyonlar\u0131 se\u00e7melisiniz? <strong>Konum se\u00e7imi, Frans\u0131zca dil \u00f6\u011frenme deneyiminin kalitesinde b\u00fcy\u00fck fark yarat\u0131r.<\/strong> \n<\/p>\n\n<p class=\"wp-block-paragraph\">\nHer b\u00f6lgenin kendine \u00f6zg\u00fc g\u00fc\u00e7l\u00fc y\u00f6nleri, aksanlar\u0131 ve gelenekleri vard\u0131r. Paris, k\u00fclt\u00fcrel \u00e7e\u015fitlili\u011fi ve yo\u011fun \u015fehir hayat\u0131yla cezbeder; h\u0131zl\u0131 tempoyu ve insanlarla tan\u0131\u015fmak ve etkinliklere kat\u0131lmak i\u00e7in sonsuz f\u0131rsatlar\u0131 sevenler i\u00e7in m\u00fckemmeldir. Bordeaux, Nice veya Lyon&rsquo;da s\u0131cak bir atmosferin, zengin bir mutfak k\u00fclt\u00fcr\u00fcn\u00fcn ve yerel halk\u0131n samimi kar\u015f\u0131lamas\u0131n\u0131n tad\u0131n\u0131 \u00e7\u0131karabilir, ayn\u0131 zamanda \u00fcnl\u00fc dil merkezlerine kolayca ula\u015fabilirsiniz. Bretonya&rsquo;da ise atmosfer daha aile odakl\u0131d\u0131r ve do\u011faya yak\u0131nl\u0131k rahat bir \u00f6\u011frenme ortam\u0131 yarat\u0131r.\n<\/p>\n\n<ul class=\"wp-block-list\"><li>Baz\u0131 b\u00f6lgeler misafirperverlik gelene\u011fini ve otantik etkile\u015fimleri vurgular; \u00f6rne\u011fin, g\u00fcneybat\u0131daki aile yan\u0131nda konaklamalar veya Toulouse \u00e7evresindeki k\u0131rsal kesimde konaklamalar. Bunlar\u0131n hepsi, aksan ve kelime da\u011farc\u0131\u011f\u0131ndaki farkl\u0131l\u0131klar da dahil olmak \u00fczere, dili t\u00fcm yerel n\u00fcanslar\u0131yla tam olarak deneyimleme f\u0131rsatlar\u0131d\u0131r. \u015eehirde veya k\u0131rsalda olsun, \u00ab\u00a0en iyi\u00a0\u00bb b\u00f6lge diye bir \u015fey yoktur: Ki\u015fili\u011finize, ilgi alanlar\u0131n\u0131za ve arad\u0131\u011f\u0131n\u0131z dil \u00f6\u011frenme t\u00fcr\u00fcne g\u00f6re se\u00e7im yapmal\u0131s\u0131n\u0131z; ister grup halinde e\u011fitim almak, ister yo\u011fun bir programa kat\u0131lmak, isterse ki\u015fiselle\u015ftirilmi\u015f bir aile yan\u0131nda konaklama deneyimini tercih etmek isteyin.<\/li><li><\/li><li>**Var\u0131\u015f Yeri**<\/li><li>**Dil \u00d6\u011frenme T\u00fcr\u00fc**<\/li><li>**Ana G\u00fc\u00e7l\u00fc Y\u00f6nler**<\/li><\/ul>\n\n<h2 class=\"wp-block-heading\"><span class=\"ez-toc-section\" id=\"Lyon\"><\/span>Lyon<span class=\"ez-toc-section-end\"><\/span><\/h2>\n\n<p class=\"wp-block-paragraph\">\nAkademik Program ve \u015eehir Hayat\u0131**<strong>B\u00fcy\u00fck \u00f6\u011frenci \u015fehri, gastronomi, n\u00f6tr aksan<\/strong>Nice\n<\/p>\n\n<p class=\"wp-block-paragraph\">\nAile Yan\u0131nda Konaklama\n<\/p>\n\n<figure class=\"wp-block-table\"><table>\n<tr>\n<th>Il\u0131man iklim, Akdeniz etkileri, deniz<\/th>\n<th>Bretanya<\/th>\n<th>Aile Yan\u0131nda Konaklama ve Do\u011fa**<\/th>\n<\/tr>\n<tr>\n<td><strong>Sakin ortam, gelenekler, otantiklik<\/strong><\/td>\n<td>**Sonu\u00e7** Dil ve k\u00fclt\u00fcre do\u011frudan maruz kalma sayesinde, Frans\u0131zcay\u0131 dil \u00f6\u011frenme yoluyla \u00f6\u011frenmek do\u011fal bir ilerleme sa\u011flar. G\u00fcnl\u00fck aktivitelere, kendili\u011finden geli\u015fen etkile\u015fimlere ve otantik ortamlara kat\u0131larak herkes Frans\u0131zca&rsquo;da daha ak\u0131c\u0131 hale gelir ve daha incelikli bir anlay\u0131\u015f geli\u015ftirir. Ger\u00e7ek hayat sizin e\u011fitim alan\u0131n\u0131z olur!<\/td>\n<td>\u0130ster bir \u00f6\u011fretmenle dil \u00f6\u011frenimi s\u0131ras\u0131nda, ister bir misafir ailede, ister spor ve k\u00fclt\u00fcrel geziler arac\u0131l\u0131\u011f\u0131yla olsun, dilin i\u00e7ine dalmak h\u0131zl\u0131 ve kal\u0131c\u0131 ilerlemeyi te\u015fvik eder. \u00d6zellikle yemeklerde, gayri resmi sohbetlerde veya beklenmedik durumlarda s\u00fcrekli etkile\u015fimin \u00f6\u011frenmeyi ne kadar kolayla\u015ft\u0131rd\u0131\u011f\u0131n\u0131 fark edersiniz. Bu y\u00f6ntemi benimsemek, ki\u015fisel ba\u011flant\u0131lar kurarken ve kal\u0131c\u0131 an\u0131lar yarat\u0131rken dili t\u00fcm y\u00f6nleriyle ke\u015ffetme \u015fans\u0131 sunar. Sonu\u00e7: Frans\u0131zca ger\u00e7ekten canlan\u0131r ve herkes i\u00e7in eri\u015filebilir hale gelir!<\/td>\n<\/tr>\n<tr>\n<td><strong>Frans\u0131zcan\u0131z\u0131 geli\u015ftirmek i\u00e7in dil \u00f6\u011frenme kamp\u0131n\u0131n faydalar\u0131 nelerdir?<\/strong><\/td>\n<td><\/td>\n<td>Frans\u0131zca dil \u00f6\u011frenme kamp\u0131, dili g\u00fcnl\u00fck hayatta, ger\u00e7ek ya\u015fam durumlar\u0131nda pratik etmenizi sa\u011flar. Fransa&rsquo;da ya\u015fayarak, \u00f6\u011frenciler anadili Frans\u0131zca olan ki\u015filerle etkile\u015fim kurar, dinleme anlama becerilerini geli\u015ftirir ve kelime da\u011farc\u0131klar\u0131n\u0131 zenginle\u015ftirirler. Bu, dilin do\u011frudan maruz kal\u0131nmas\u0131yla dinleme ve telaffuzun geli\u015fmesini sa\u011flad\u0131\u011f\u0131 i\u00e7in dilsel reflekslerin kazan\u0131lmas\u0131n\u0131 kolayla\u015ft\u0131r\u0131r. Ders d\u0131\u015f\u0131nda, her etkile\u015fim (al\u0131\u015fveri\u015f, ula\u015f\u0131m, bo\u015f zaman aktiviteleri) bir \u00f6\u011frenme f\u0131rsat\u0131 haline gelir. Dil \u00f6\u011frenme kamp\u0131 ayr\u0131ca, Frans\u0131zca ileti\u015fiminin inceliklerini anlamak ve ba\u011f\u0131ms\u0131zl\u0131k kazanmak i\u00e7in gerekli olan k\u00fclt\u00fcrel uyumu da te\u015fvik eder. Bir ev sahibi aileyle ya\u015famak veya yerel aktivitelere kat\u0131lmak, Frans\u0131zca kullan\u0131m\u0131n\u0131n do\u011fal ve s\u00fcrekli hale gelmesi nedeniyle \u00f6\u011frenmeyi optimize eder.<\/td>\n<\/tr>\n<tr>\n<td><strong><\/strong><\/td>\n<td>Dil \u00f6\u011frenme kamp\u0131 i\u00e7in en iyi konaklama t\u00fcrleri nelerdir?<\/td>\n<td><\/td>\n<\/tr>\n<\/table><\/figure>\n\n<h2 class=\"wp-block-heading\"><span class=\"ez-toc-section\" id=\"Etkili_bir_Fransizca_dil_ogrenme_kampi_icin_bir_ev_sahibi_aile_veya_ogretmenle_konaklamayi_tercih_etmeniz_onerilir_Bu_dili_ders_disinda_pratik_etmenizi_gunluk_Fransiz_geleneklerini_gozlemlemenizi_ve_yerel_hayata_entegre_olmanizi_saglar_Tam_pansiyon_her_ogunde_etkilesimi_tesvik_eder_ve_gayri_resmi_alisverisleri_destekler_Universite_yurtlarinda_kalmak_ogrenciler_icin_uygun_bir_secenek_olmaya_devam_ediyor_ancak_Fransizca_konusma_firsatlari_daha_azken_bir_aile_veya_ev_sahibiyle_kalmak_yogun_ve_kisisellestirilmis_pratik_imkani_sagliyor_Secim_ayrica_ogrenme_amacina_yogun_giris_seviyesi_bagimsiz_ve_ogrencinin_yasina_da_bagli_olacaktir\"><\/span>Etkili bir Frans\u0131zca dil \u00f6\u011frenme kamp\u0131 i\u00e7in, bir ev sahibi aile veya \u00f6\u011fretmenle konaklamay\u0131 tercih etmeniz \u00f6nerilir. Bu, dili ders d\u0131\u015f\u0131nda pratik etmenizi, g\u00fcnl\u00fck Frans\u0131z geleneklerini g\u00f6zlemlemenizi ve yerel hayata entegre olman\u0131z\u0131 sa\u011flar. Tam pansiyon, her \u00f6\u011f\u00fcnde etkile\u015fimi te\u015fvik eder ve gayri resmi al\u0131\u015fveri\u015fleri destekler. \u00dcniversite yurtlar\u0131nda kalmak \u00f6\u011frenciler i\u00e7in uygun bir se\u00e7enek olmaya devam ediyor, ancak Frans\u0131zca konu\u015fma f\u0131rsatlar\u0131 daha azken, bir aile veya ev sahibiyle kalmak yo\u011fun ve ki\u015fiselle\u015ftirilmi\u015f pratik imkan\u0131 sa\u011fl\u0131yor. Se\u00e7im ayr\u0131ca \u00f6\u011frenme amac\u0131na (yo\u011fun, giri\u015f seviyesi, ba\u011f\u0131ms\u0131z) ve \u00f6\u011frencinin ya\u015f\u0131na da ba\u011fl\u0131 olacakt\u0131r.<span class=\"ez-toc-section-end\"><\/span><\/h2>\n\n<p class=\"wp-block-paragraph\">\n<strong>Fransa&rsquo;da Frans\u0131zca \u00f6\u011frenmek i\u00e7in iyi bir Frans\u0131zca Yabanc\u0131 Dil (FLE) merkezi nas\u0131l se\u00e7ilir?<\/strong> Bir merkez se\u00e7mek <strong>Frans\u0131zca Yabanc\u0131 Dil (FLE)<\/strong>Akredite okullar \u00f6nerilir. Frans\u0131z makamlar\u0131 taraf\u0131ndan verilen ve \u00f6\u011fretim kalitesini, s\u0131cak atmosferi ve \u00f6\u011frencilere sa\u011flanan deste\u011fi garanti eden Qualit\u00e9 FLE etiketini aray\u0131n. Tan\u0131nm\u0131\u015f kurulu\u015flara (Groupement FLE, Office, UNOSEL) \u00fcye olan okullara \u00f6ncelik verin. Kurslar\u0131n seviyenize (ba\u015flang\u0131\u00e7, orta, ileri) uygun olup olmad\u0131\u011f\u0131n\u0131, bireysel destek sunup sunmad\u0131\u011f\u0131n\u0131, \u00f6\u011frencileri sertifikalara (DELF, DALF) haz\u0131rlay\u0131p haz\u0131rlamad\u0131\u011f\u0131n\u0131 ve k\u00fclt\u00fcrel etkinlikler i\u00e7erip i\u00e7ermedi\u011fini kontrol edin. \u00d6zellikle AB \u00fcyesi olmayan bir \u00fclkeden geliyorsan\u0131z, konaklama ve \u00f6\u011frenci vizesi almak i\u00e7in idari destek hakk\u0131nda bilgi al\u0131n.\n<\/p>\n\n<p class=\"wp-block-paragraph\">\n\n<\/p>\n\n<p class=\"wp-block-paragraph\">\nDil \u00f6\u011frenimini zenginle\u015ftiren aktiviteler nelerdir?\n<\/p>\n\n<p class=\"wp-block-paragraph\"><section class=\"faq\">\n<div>\n<h2><\/h2>\n<div>\n<p><strong>Dil \u00f6\u011frenimini zenginle\u015ftiren aktiviteler \u015funlard\u0131r:<\/strong> <\/p>\n<\/div>\n<\/div>\n<div>\n<h2><span class=\"ez-toc-section\" id=\"Kulturel_gezilere_katilmak_muzeler_tiyatrolar_sergiler\"><\/span>K\u00fclt\u00fcrel gezilere kat\u0131lmak (m\u00fczeler, tiyatrolar, sergiler);<span class=\"ez-toc-section-end\"><\/span><\/h2>\n<div>\n<p> <strong>Ev sahibi aileyle yemek pi\u015firmek veya al\u0131\u015fveri\u015f yapmak;<\/strong> <\/p>\n<\/div>\n<\/div>\n<div>\n<h2><span class=\"ez-toc-section\" id=\"Sehri_ve_mirasini_kesfetmek\"><\/span>\u015eehri ve miras\u0131n\u0131 ke\u015ffetmek;<span class=\"ez-toc-section-end\"><\/span><\/h2>\n<div>\n<p> <strong>Yerel halkla tak\u0131m sporlar\u0131 oynamak;<\/strong> <\/p>\n<\/div>\n<\/div>\n<div>\n<h2><span class=\"ez-toc-section\" id=\"Festivallere_veya_mevsimlik_etkinliklere_katilmak_Bu_deneyimler_dili_somut_baglamlarda_kullanmaniza_ozel_kelime_dagarcigi_edinmenize_konusmada_dogalliginizi_artirmaniza_ve_Fransiz_kulturune_ozgu_sosyal_kodlari_entegre_etmenize_olanak_tanir\"><\/span>Festivallere veya mevsimlik etkinliklere kat\u0131lmak. Bu deneyimler, dili somut ba\u011flamlarda kullanman\u0131za, \u00f6zel kelime da\u011farc\u0131\u011f\u0131 edinmenize, konu\u015fmada do\u011fall\u0131\u011f\u0131n\u0131z\u0131 art\u0131rman\u0131za ve Frans\u0131z k\u00fclt\u00fcr\u00fcne \u00f6zg\u00fc sosyal kodlar\u0131 entegre etmenize olanak tan\u0131r.<span class=\"ez-toc-section-end\"><\/span><\/h2>\n<div>\n<p><strong>Frans\u0131zca&rsquo;y\u0131 yo\u011fun bir \u015fekilde \u00f6\u011frenmek i\u00e7in vizeye ihtiyac\u0131n\u0131z var m\u0131?<\/strong>  <\/p>\n<ul>\n<li>E\u011fer Avrupa Birli\u011fi d\u0131\u015f\u0131ndaki bir \u00fclkeden geliyorsan\u0131z ve kal\u0131\u015f\u0131n\u0131z Frans\u0131zca yo\u011fun \u00f6\u011frenme ama\u00e7l\u0131ysa.<\/li>\n<li>E\u011fer kal\u0131\u015f s\u00fcreniz 90 g\u00fcn\u00fc a\u015farsa, \u00ab\u00a0\u00f6\u011frenci\u00a0\u00bb ibaresi bulunan uzun s\u00fcreli bir vize alman\u0131z gerekmektedir. Tan\u0131nm\u0131\u015f bir Frans\u0131zca Yabanc\u0131 Dil (FLE) merkezine kay\u0131tl\u0131 olmak, bu vizeye ba\u015fvurman\u0131za olanak tan\u0131r. Okullar, vize ba\u015fvurunuz i\u00e7in kay\u0131t belgesi sunmal\u0131d\u0131r. \u00d6zel gereksinimleri Frans\u0131z konsolosluk hizmetleri veya Campus France arac\u0131l\u0131\u011f\u0131yla kontrol edin. K\u0131sa s\u00fcreli kal\u0131\u015flar (3 aydan az) i\u00e7in turist vizesi yeterli olabilir, ancak her zaman tam zamanl\u0131 kurslara kat\u0131lman\u0131za izin vermez.<\/li>\n<li><\/li>\n<li>{<\/li>\n<li>\u00ab\u00a0@context\u00a0\u00bb: \u00ab\u00a0https:\/\/schema.org\u00a0\u00bb,<\/li>\n<\/ul>\n<p>\u00ab\u00a0@type\u00a0\u00bb: \u00ab\u00a0FAQPage\u00a0\u00bb,\n<\/p><\/div>\n<\/div>\n<div>\n<h2><span class=\"ez-toc-section\" id=\"%C2%AB_mainEntity_%C2%BB\"><\/span>\u00ab\u00a0mainEntity\u00a0\u00bb: [<span class=\"ez-toc-section-end\"><\/span><\/h2>\n<div>\n<p>{ <strong>\u00ab\u00a0@type\u00a0\u00bb: \u00ab\u00a0Soru\u00a0\u00bb,<\/strong> \u00ab\u00a0name\u00a0\u00bb: \u00ab\u00a0Frans\u0131zca&rsquo;y\u0131 geli\u015ftirmek i\u00e7in dil dald\u0131rma y\u00f6nteminin sundu\u011fu faydalar nelerdir?\u00a0\u00bb, <strong>\u00ab\u00a0acceptedAnswer\u00a0\u00bb: {<\/strong> \u00ab\u00a0@type\u00a0\u00bb: \u00ab\u00a0Cevap\u00a0\u00bb,<\/p>\n<\/div>\n<\/div>\n<\/section><\/p>\n\n<p class=\"wp-block-paragraph\">\n\u00ab\u00a0text\u00a0\u00bb: \u00ab\u00a0Dil dald\u0131rma y\u00f6ntemi, \u00f6\u011frencileri Frans\u0131zca&rsquo;n\u0131n g\u00fcnl\u00fck kullan\u0131m\u0131na maruz b\u0131rakarak, ger\u00e7ek hayattaki ba\u011flamlarda pratik yaparak anlama, telaffuz ve kelime da\u011farc\u0131\u011f\u0131n\u0131 zenginle\u015ftirir.\u00a0\u00bb\n  \n  }\n  },\n    {\n      \u00ab\u00a0@type\u00a0\u00bb: \u00ab\u00a0Soru\u00a0\u00bb,\n      \u00ab\u00a0name\u00a0\u00bb: \u00ab\u00a0Dil dald\u0131rma y\u00f6ntemi i\u00e7in en iyi konaklama t\u00fcrleri nelerdir?\u00a0\u00bb,\n      \u00ab\u00a0acceptedAnswer\u00a0\u00bb: {\n        \u00ab\u00a0@type\u00a0\u00bb: \u00ab\u00a0Cevap\u00a0\u00bb,\n        \u00ab\u00a0text\u00a0\u00bb: \u00ab\u00a0Ev sahibi bir aile veya anadili Frans\u0131zca olan bir \u00f6\u011fretmenle kalmak, s\u00f6zl\u00fc prati\u011fi en \u00fcst d\u00fczeye \u00e7\u0131kar\u0131r. Otantik bir ba\u011flamda g\u00fcnl\u00fck temas, \u00f6\u011frenmeyi daha do\u011fal ve yo\u011fun hale getirir.\u00a0\u00bb\n      \n    }\n    },\n      {\n      \u00ab\u00a0@type\u00a0\u00bb: \u00ab\u00a0Soru\u00a0\u00bb,\n      \u00ab\u00a0name\u00a0\u00bb: \u00ab\u00a0Fransa&rsquo;da Frans\u0131zca \u00f6\u011frenmek i\u00e7in iyi bir Frans\u0131zca Yabanc\u0131 Dil (FLE) merkezi nas\u0131l se\u00e7ilir?\u00a0\u00bb,\n        \u00ab\u00a0acceptedAnswer\u00a0\u00bb: {\n        \u00ab\u00a0@type\u00a0\u00bb: \u00ab\u00a0Cevap\u00a0\u00bb,\n      \u00ab\u00a0text\u00a0\u00bb: \u00ab\u00a0Seviyenize uygun kurslar, ki\u015fiselle\u015ftirilmi\u015f destek, k\u00fclt\u00fcrel etkinlikler ve gerekirse vize yard\u0131m\u0131 sunan Qualit\u00e9 FLE etiketine sahip bir FLE merkezi se\u00e7in.\u00a0\u00bb\n    \n    \n      }\n      },\n      {\n        \u00ab\u00a0@type\u00a0\u00bb: \u00ab\u00a0Soru\u00a0\u00bb,\n        \u00ab\u00a0name\u00a0\u00bb: \u00ab\u00a0Dil \u00f6\u011frenimini hangi aktiviteler geli\u015ftirir?\u00a0\u00bb,\n      \u00ab\u00a0acceptedAnswer\u00a0\u00bb: {\n    \u00ab\u00a0@type\u00a0\u00bb: \u00ab\u00a0Cevap\u00a0\u00bb,\n    \u00ab\u00a0text\u00a0\u00bb: \u00ab\u00a0K\u00fclt\u00fcrel geziler, yemek pi\u015firme, spor, yerel etkinlikler ve g\u00fcnl\u00fck etkile\u015fimler gibi aktiviteler s\u00f6zl\u00fc prati\u011fi ve k\u00fclt\u00fcrel entegrasyonu te\u015fvik eder.\u00a0\u00bb\n      \n      }\n      },\n        {\n        \u00ab\u00a0@type\u00a0\u00bb: \u00ab\u00a0Soru\u00a0\u00bb,\n      \u00ab\u00a0name\u00a0\u00bb: \u00ab\u00a0Frans\u0131zca&rsquo;y\u0131 yo\u011fun bir \u015fekilde \u00f6\u011frenmek i\u00e7in vizeye ihtiyac\u0131m var m\u0131?\u00a0\u00bb,\n    \u00ab\u00a0acceptedAnswer\u00a0\u00bb: {\n    \u00ab\u00a0@type\u00a0\u00bb: \u00ab\u00a0Cevap\u00a0\u00bb,\n      \n      \u00ab\u00a0text\u00a0\u00bb: \u00ab\u00a0Fransa&rsquo;da 90 g\u00fcnden fazla s\u00fcrecek yo\u011fun bir e\u011fitim i\u00e7in, Avrupa vatanda\u015f\u0131 olmayanlar i\u00e7in uzun s\u00fcreli \u00f6\u011frenci vizesi gereklidir. \u00dc\u00e7 aydan k\u0131sa s\u00fcreli konaklamalar i\u00e7in turist vizesi yeterli olabilir.\u00a0\u00bb\n      \n        }\n        }\n      ]\n    } Kaynaklar\n  Avrupa ve D\u0131\u015fi\u015fleri Bakanl\u0131\u011f\u0131. \u00ab\u00a0Fransa&rsquo;da Frans\u0131zca \u00d6\u011frenmek.\u00a0\u00bb France Diplomacy, 7 Mart 2024. Eri\u015fim tarihi: 11 Haziran 2024.\n\n<\/p>\n\n<h2 class=\"wp-block-heading\"><span class=\"ez-toc-section\" id=\"Ayrica_bakiniz\"><\/span>Ayr\u0131ca bak\u0131n\u0131z<span class=\"ez-toc-section-end\"><\/span><\/h2>\n\n<ol class=\"wp-block-list\"><li>France Education International. \u00ab\u00a0FLE Kalite Etiketi.\u00a0\u00bb France Education International, 5 Aral\u0131k 2023. Eri\u015fim tarihi: 11 Haziran 2024. <a href=\"https:\/\/www.diplomatie.gouv.fr\/fr\/venir-en-france\/etudier-en-france\/apprendre-le-francais-en-france\/\" rel=\"nofollow noopener noreferrer\" target=\"_blank\"><\/a><\/li><li>Ayr\u0131ca bak\u0131n\u0131z <a href=\"https:\/\/www.france-education-international.fr\/hub\/label-qualite-fle\" rel=\"nofollow noopener noreferrer\" target=\"_blank\">Campus France. \u00ab\u00a0Frans\u0131zca \u00d6\u011frenmek \u0130\u00e7in Fransa&rsquo;ya Gelmek.\u00a0\u00bb Campus France, 15 Haziran 2023. Eri\u015fim tarihi: 11 Haziran 2024.<\/a><\/li><li> <a href=\"https:\/\/www.campusfrance.org\/fr\/venir-en-France-pour-apprendre-le-francais\" rel=\"nofollow noopener noreferrer\" target=\"_blank\">Ayr\u0131ca bak\u0131n\u0131z: Frans\u0131z \u0130ttifak Vakf\u0131. \u00ab\u00a0D\u00fcnya \u00c7ap\u0131ndaki Frans\u0131z \u0130ttifaklar\u0131.\u00a0\u00bb Frans\u0131z \u0130ttifak Vakf\u0131, tarih belirtilmemi\u015f. Eri\u015fim tarihi: 11 Haziran 2024.<\/a><\/li><li> <a href=\"https:\/\/www.fondation-alliancefr.org\/alliance-francaise-dans-le-monde\/\" rel=\"nofollow noopener noreferrer\" target=\"_blank\">Ayr\u0131ca bak\u0131n\u0131z: Ekolojik Ge\u00e7i\u015f ve B\u00f6lgesel Uyum Bakanl\u0131\u011f\u0131. \u00ab\u00a0Ara\u00e7 Payla\u015f\u0131m\u0131 ve Payla\u015f\u0131ml\u0131 Mobilite.\u00a0\u00bb Ekolojik Ge\u00e7i\u015f Bakanl\u0131\u011f\u0131, 20 Kas\u0131m 2023. Eri\u015fim tarihi: 11 Haziran 2024.<\/a><\/li><li> <a href=\"https:\/\/www.ecologie.gouv.fr\/covoiturage-et-mobilites-partagees\" rel=\"nofollow noopener noreferrer\" target=\"_blank\">Ayr\u0131ca bak\u0131n\u0131z:<\/a><\/li><\/ol>\n\n\n","protected":false},"excerpt":{"rendered":"<p>Frans\u0131zca \u00f6\u011frenmek sadece saatlerce dilbilgisi \u00e7al\u0131\u015fmak veya \u00e7evrimi\u00e7i al\u0131\u015ft\u0131rmalar yapmakla ilgili de\u011fil. Fransa&rsquo;da g\u00fcnl\u00fck hayata do\u011frudan dalmak, h\u0131zl\u0131 ilerlemenin en [&hellip;]<\/p>\n","protected":false},"author":2,"featured_media":591,"comment_status":"open","ping_status":"open","sticky":false,"template":"","format":"standard","meta":{"_crdt_document":"","site-sidebar-layout":"default","site-content-layout":"","ast-site-content-layout":"default","site-content-style":"default","site-sidebar-style":"default","ast-global-header-display":"","ast-banner-title-visibility":"","ast-main-header-display":"","ast-hfb-above-header-display":"","ast-hfb-below-header-display":"","ast-hfb-mobile-header-display":"","site-post-title":"","ast-breadcrumbs-content":"","ast-featured-img":"","footer-sml-layout":"","ast-disable-related-posts":"","theme-transparent-header-meta":"","adv-header-id-meta":"","stick-header-meta":"","header-above-stick-meta":"","header-main-stick-meta":"","header-below-stick-meta":"","astra-migrate-meta-layouts":"default","ast-page-background-enabled":"default","ast-page-background-meta":{"desktop":{"background-color":"var(--ast-global-color-5)","background-image":"","background-repeat":"repeat","background-position":"center center","background-size":"auto","background-attachment":"scroll","background-type":"","background-media":"","overlay-type":"","overlay-color":"","overlay-opacity":"","overlay-gradient":""},"tablet":{"background-color":"","background-image":"","background-repeat":"repeat","background-position":"center center","background-size":"auto","background-attachment":"scroll","background-type":"","background-media":"","overlay-type":"","overlay-color":"","overlay-opacity":"","overlay-gradient":""},"mobile":{"background-color":"","background-image":"","background-repeat":"repeat","background-position":"center center","background-size":"auto","background-attachment":"scroll","background-type":"","background-media":"","overlay-type":"","overlay-color":"","overlay-opacity":"","overlay-gradient":""}},"ast-content-background-meta":{"desktop":{"background-color":"var(--ast-global-color-4)","background-image":"","background-repeat":"repeat","background-position":"center center","background-size":"auto","background-attachment":"scroll","background-type":"","background-media":"","overlay-type":"","overlay-color":"","overlay-opacity":"","overlay-gradient":""},"tablet":{"background-color":"var(--ast-global-color-4)","background-image":"","background-repeat":"repeat","background-position":"center center","background-size":"auto","background-attachment":"scroll","background-type":"","background-media":"","overlay-type":"","overlay-color":"","overlay-opacity":"","overlay-gradient":""},"mobile":{"background-color":"var(--ast-global-color-4)","background-image":"","background-repeat":"repeat","background-position":"center center","background-size":"auto","background-attachment":"scroll","background-type":"","background-media":"","overlay-type":"","overlay-color":"","overlay-opacity":"","overlay-gradient":""}},"footnotes":""},"categories":[708],"tags":[5732,5729,1927,884,1287],"class_list":["post-2321","post","type-post","status-publish","format-standard","has-post-thumbnail","hentry","category-non-classe-tr","tag-dil-daldirma-tr","tag-fransizca-ogrenimi-tr","tag-fransizca-ogrenmek-tr","tag-langue-turkce-tr","tag-ogrenme-yontemleri-tr"],"_links":{"self":[{"href":"https:\/\/www.fle.re\/blog\/wp-json\/wp\/v2\/posts\/2321","targetHints":{"allow":["GET"]}}],"collection":[{"href":"https:\/\/www.fle.re\/blog\/wp-json\/wp\/v2\/posts"}],"about":[{"href":"https:\/\/www.fle.re\/blog\/wp-json\/wp\/v2\/types\/post"}],"author":[{"embeddable":true,"href":"https:\/\/www.fle.re\/blog\/wp-json\/wp\/v2\/users\/2"}],"replies":[{"embeddable":true,"href":"https:\/\/www.fle.re\/blog\/wp-json\/wp\/v2\/comments?post=2321"}],"version-history":[{"count":1,"href":"https:\/\/www.fle.re\/blog\/wp-json\/wp\/v2\/posts\/2321\/revisions"}],"predecessor-version":[{"id":2322,"href":"https:\/\/www.fle.re\/blog\/wp-json\/wp\/v2\/posts\/2321\/revisions\/2322"}],"wp:featuredmedia":[{"embeddable":true,"href":"https:\/\/www.fle.re\/blog\/wp-json\/wp\/v2\/media\/591"}],"wp:attachment":[{"href":"https:\/\/www.fle.re\/blog\/wp-json\/wp\/v2\/media?parent=2321"}],"wp:term":[{"taxonomy":"category","embeddable":true,"href":"https:\/\/www.fle.re\/blog\/wp-json\/wp\/v2\/categories?post=2321"},{"taxonomy":"post_tag","embeddable":true,"href":"https:\/\/www.fle.re\/blog\/wp-json\/wp\/v2\/tags?post=2321"}],"curies":[{"name":"wp","href":"https:\/\/api.w.org\/{rel}","templated":true}]}}