{"id":2502,"date":"2026-01-31T18:44:34","date_gmt":"2026-01-31T18:44:34","guid":{"rendered":"https:\/\/www.fle.re\/blog\/?p=2502"},"modified":"2026-01-31T18:44:40","modified_gmt":"2026-01-31T18:44:40","slug":"cursos-de-frances-com-certificacao-delf","status":"publish","type":"post","link":"https:\/\/www.fle.re\/blog\/pt\/cursos-de-frances-com-certificacao-delf\/","title":{"rendered":"Cursos de franc\u00eas com certifica\u00e7\u00e3o DELF"},"content":{"rendered":"<p class=\"wp-block-paragraph\">\nFazer um curso de franc\u00eas com certifica\u00e7\u00e3o DELF \u00e9 uma estrat\u00e9gia direta para validar seu n\u00edvel de profici\u00eancia no idioma de acordo com padr\u00f5es internacionais. Os diplomas DELF e DALF s\u00e3o reconhecidos em mais de 150 pa\u00edses e permitem que voc\u00ea me\u00e7a concretamente seu progresso no franc\u00eas. Na plataforma online fle.re, cada aluno se beneficia de suporte personalizado, adaptado \u00e0s suas necessidades e ritmo. N\u00e3o se trata apenas de gram\u00e1tica ou vocabul\u00e1rio: trata-se de desenvolver flu\u00eancia genu\u00edna em franc\u00eas, tanto falado quanto escrito. Voc\u00ea pode escolher entre diferentes n\u00edveis, adequados tanto para iniciantes quanto para quem j\u00e1 domina o idioma. Professores nativos certificados e recursos de aprendizagem atualizados est\u00e3o dispon\u00edveis para gui\u00e1-lo passo a passo, com total seguran\u00e7a. Este formato online oferece toda a flexibilidade que voc\u00ea precisa: estude no seu pr\u00f3prio ritmo, tenha acesso 24 horas por dia, 7 dias por semana e total autonomia para conciliar estudos, trabalho ou vida familiar. Preparar-se para o DELF com a fle.re significa aprender franc\u00eas de forma eficaz, sem press\u00e3o desnecess\u00e1ria, e progredir rumo a uma certifica\u00e7\u00e3o de franc\u00eas reconhecida internacionalmente. <strong><\/strong> https:\/\/www.youtube.com\/watch?v=nZv5Dpamw2k <i>O que \u00e9 um curso de franc\u00eas com certifica\u00e7\u00e3o DELF e para quem ele \u00e9 indicado?<\/i>  <i>Um curso de franc\u00eas com certifica\u00e7\u00e3o DELF \u00e9 voltado principalmente para quem deseja certificar oficialmente seu n\u00edvel de franc\u00eas, seja para trabalhar, estudar ou morar em um pa\u00eds franc\u00f3fono. N\u00e3o se trata apenas de um curso de idiomas, mas sim de uma prepara\u00e7\u00e3o estruturada e personalizada para atender aos requisitos do DELF.<\/i> \u2013 Diploma em Estudos da L\u00edngua Francesa \u2013 reconhecido em 154 pa\u00edses. Qualquer pessoa pode se inscrever para o exame no n\u00edvel que corresponde \u00e0s suas habilidades, do n\u00edvel iniciante A1 (para quem nunca praticou o idioma) ao n\u00edvel avan\u00e7ado C2, sem precisar concluir os n\u00edveis anteriores. A experi\u00eancia mostra que muitos profissionais, estudantes internacionais e expatriados recorrem a esses cursos, j\u00e1 que o diploma DELF frequentemente serve como chave para o ingresso na universidade, para demonstrar habilidades a um empregador ou para atender a requisitos administrativos ao solicitar uma autoriza\u00e7\u00e3o de resid\u00eancia.\n<\/p>\n\n<p class=\"wp-block-paragraph\">\n <strong>Os cursos DELF oferecidos por plataformas online como a FLE.RE proporcionam grande flexibilidade gra\u00e7as ao acesso autodirigido e a uma variedade de materiais de aprendizagem digitais. Esse formato de ensino a dist\u00e2ncia se adapta tanto ao seu ritmo de aprendizado quanto \u00e0s suas obriga\u00e7\u00f5es profissionais ou familiares. Esse sistema atrai tanto iniciantes quanto candidatos mais avan\u00e7ados que buscam obter rapidamente um certificado oficial reconhecido pelo Minist\u00e9rio da Educa\u00e7\u00e3o Nacional da Fran\u00e7a.<\/strong>  <i>Acessibilidade internacional: quase 900 centros credenciados oferecem o exame em todo o mundo.<\/i> \n<\/p>\n\n<figure class=\"is-provider-youtube is-type-video wp-block-embed wp-block-embed-youtube wp-embed-aspect-16-9 wp-has-aspect-ratio\"><div class=\"wp-block-embed__wrapper\">\nForma\u00e7\u00e3o flex\u00edvel: escolha da dura\u00e7\u00e3o (3, 6 ou 12 meses) e flexibilidade na distribui\u00e7\u00e3o da carga hor\u00e1ria.\n<\/div><\/figure>\n\n<div id=\"ez-toc-container\" class=\"ez-toc-v2_0_82_2 ez-toc-wrap-center counter-hierarchy ez-toc-counter ez-toc-transparent ez-toc-container-direction\">\n<div class=\"ez-toc-title-container\">\n<p class=\"ez-toc-title\" style=\"cursor:inherit\">Sommaire<\/p>\n<span class=\"ez-toc-title-toggle\"><a href=\"#\" class=\"ez-toc-pull-right ez-toc-btn ez-toc-btn-xs ez-toc-btn-default ez-toc-toggle\" aria-label=\"Toggle Table of Content\"><span class=\"ez-toc-js-icon-con\"><span class=\"\"><span class=\"eztoc-hide\" style=\"display:none;\">Toggle<\/span><span class=\"ez-toc-icon-toggle-span\"><svg style=\"fill: #999;color:#999\" xmlns=\"http:\/\/www.w3.org\/2000\/svg\" class=\"list-377408\" width=\"20px\" height=\"20px\" viewBox=\"0 0 24 24\" fill=\"none\"><path d=\"M6 6H4v2h2V6zm14 0H8v2h12V6zM4 11h2v2H4v-2zm16 0H8v2h12v-2zM4 16h2v2H4v-2zm16 0H8v2h12v-2z\" fill=\"currentColor\"><\/path><\/svg><svg style=\"fill: #999;color:#999\" class=\"arrow-unsorted-368013\" xmlns=\"http:\/\/www.w3.org\/2000\/svg\" width=\"10px\" height=\"10px\" viewBox=\"0 0 24 24\" version=\"1.2\" baseProfile=\"tiny\"><path d=\"M18.2 9.3l-6.2-6.3-6.2 6.3c-.2.2-.3.4-.3.7s.1.5.3.7c.2.2.4.3.7.3h11c.3 0 .5-.1.7-.3.2-.2.3-.5.3-.7s-.1-.5-.3-.7zM5.8 14.7l6.2 6.3 6.2-6.3c.2-.2.3-.5.3-.7s-.1-.5-.3-.7c-.2-.2-.4-.3-.7-.3h-11c-.3 0-.5.1-.7.3-.2.2-.3.5-.3.7s.1.5.3.7z\"\/><\/svg><\/span><\/span><\/span><\/a><\/span><\/div>\n<nav><ul class='ez-toc-list ez-toc-list-level-1 eztoc-toggle-hide-by-default' ><li class='ez-toc-page-1 ez-toc-heading-level-2'><a class=\"ez-toc-link ez-toc-heading-1\" href=\"https:\/\/www.fle.re\/blog\/pt\/cursos-de-frances-com-certificacao-delf\/#Suporte_personalizado_recursos_interativos_aulas_experimentais_gratuitas_e_suporte_administrativo_gratuito\" >Suporte personalizado: recursos interativos, aulas experimentais gratuitas e suporte administrativo gratuito.<\/a><\/li><li class='ez-toc-page-1 ez-toc-heading-level-2'><a class=\"ez-toc-link ez-toc-heading-2\" href=\"https:\/\/www.fle.re\/blog\/pt\/cursos-de-frances-com-certificacao-delf\/#remota_por_meio_de_uma_pedagogia_baseada_em_situacoes_da_vida_real\" >remota por meio de uma pedagogia baseada em situa\u00e7\u00f5es da vida real<\/a><\/li><li class='ez-toc-page-1 ez-toc-heading-level-2'><a class=\"ez-toc-link ez-toc-heading-3\" href=\"https:\/\/www.fle.re\/blog\/pt\/cursos-de-frances-com-certificacao-delf\/#Observacao_as_taxas_de_inscricao_para_o_exame_oficial_DELF_sao_externas_e_devem_ser_pagas_diretamente_a_um_centro_autorizado_Uma_calculadora_de_custos_esta_disponivel_para_ajudar_todos_a_criar_um_orcamento_preciso_levando_em_consideracao_todos_os_parametros_inscricao_materiais_etc_Para_complementar_este_servico_a_escola_tambem_oferece_recomendacoes_confiaveis_%E2%80%8B%E2%80%8Bpara_encontrar_acomodacao_estudantil_perto_do_seu_curso_ou_centro_de_exame_Para_aqueles_que_concluirem_o_programa_com_sucesso_sera_emitido_um_certificado_digital_que_atesta_o_nivel_adquirido_e_o_numero_de_horas_concluidas_de_acordo_com_o_CEFR_Quadro_Europeu_Comum_de_Referencia_para_Linguas_Este_certificado_representa_um_ativo_tangivel_para_destacar_junto_a_empregadores_universidades_ou_orgaos_governamentais\" >Observa\u00e7\u00e3o: as taxas de inscri\u00e7\u00e3o para o exame oficial DELF s\u00e3o externas e devem ser pagas diretamente a um centro autorizado. Uma calculadora de custos est\u00e1 dispon\u00edvel para ajudar todos a criar um or\u00e7amento preciso, levando em considera\u00e7\u00e3o todos os par\u00e2metros (inscri\u00e7\u00e3o, materiais, etc.). Para complementar este servi\u00e7o, a escola tamb\u00e9m oferece recomenda\u00e7\u00f5es confi\u00e1veis \u200b\u200bpara encontrar acomoda\u00e7\u00e3o estudantil perto do seu curso ou centro de exame. Para aqueles que conclu\u00edrem o programa com sucesso, ser\u00e1 emitido um certificado digital que atesta o n\u00edvel adquirido e o n\u00famero de horas conclu\u00eddas, de acordo com o CEFR (Quadro Europeu Comum de Refer\u00eancia para L\u00ednguas). Este certificado representa um ativo tang\u00edvel para destacar junto a empregadores, universidades ou \u00f3rg\u00e3os governamentais.<\/a><\/li><li class='ez-toc-page-1 ez-toc-heading-level-2'><a class=\"ez-toc-link ez-toc-heading-4\" href=\"https:\/\/www.fle.re\/blog\/pt\/cursos-de-frances-com-certificacao-delf\/#Posso_me_inscrever_em_um_curso_com_certificacao_DELF_no_meio_do_ano\" >Posso me inscrever em um curso com certifica\u00e7\u00e3o DELF no meio do ano?<\/a><\/li><li class='ez-toc-page-1 ez-toc-heading-level-2'><a class=\"ez-toc-link ez-toc-heading-5\" href=\"https:\/\/www.fle.re\/blog\/pt\/cursos-de-frances-com-certificacao-delf\/#%C2%AB_type_%C2%BB_%C2%AB_Question_%C2%BB\" >\u00ab\u00a0@type\u00a0\u00bb: \u00ab\u00a0Question\u00a0\u00bb,<\/a><\/li><li class='ez-toc-page-1 ez-toc-heading-level-2'><a class=\"ez-toc-link ez-toc-heading-6\" href=\"https:\/\/www.fle.re\/blog\/pt\/cursos-de-frances-com-certificacao-delf\/#i\" >{<\/a><\/li><li class='ez-toc-page-1 ez-toc-heading-level-2'><a class=\"ez-toc-link ez-toc-heading-7\" href=\"https:\/\/www.fle.re\/blog\/pt\/cursos-de-frances-com-certificacao-delf\/#i-2\" >{<\/a><\/li><li class='ez-toc-page-1 ez-toc-heading-level-2'><a class=\"ez-toc-link ez-toc-heading-8\" href=\"https:\/\/www.fle.re\/blog\/pt\/cursos-de-frances-com-certificacao-delf\/#%C2%AB_type_%C2%BB_%C2%AB_Resposta_%C2%BB\" >\u00ab\u00a0@type\u00a0\u00bb: \u00ab\u00a0Resposta\u00a0\u00bb,<\/a><\/li><li class='ez-toc-page-1 ez-toc-heading-level-2'><a class=\"ez-toc-link ez-toc-heading-9\" href=\"https:\/\/www.fle.re\/blog\/pt\/cursos-de-frances-com-certificacao-delf\/#i-3\" >},<\/a><\/li><\/ul><\/nav><\/div>\n<h2 class=\"wp-block-heading\"><span class=\"ez-toc-section\" id=\"Suporte_personalizado_recursos_interativos_aulas_experimentais_gratuitas_e_suporte_administrativo_gratuito\"><\/span>Suporte personalizado: recursos interativos, aulas experimentais gratuitas e suporte administrativo gratuito.<span class=\"ez-toc-section-end\"><\/span><\/h2>\n\n<p class=\"wp-block-paragraph\">\nCertifica\u00e7\u00e3o reconhecida: um diferencial no curr\u00edculo e para candidaturas a universidades ou imigra\u00e7\u00e3o. <strong><\/strong> Como a prepara\u00e7\u00e3o \u00e9 organizada e quais habilidades s\u00e3o avaliadas? <strong><\/strong> Geralmente, a prepara\u00e7\u00e3o para o DELF ocorre em tr\u00eas etapas distintas na plataforma online: familiariza\u00e7\u00e3o com a metodologia do exame, pr\u00e1tica intensiva com exerc\u00edcios interativos e autoavalia\u00e7\u00e3o das diversas habilidades exigidas. Cada n\u00edvel inclui&#8230; <i>O exame DELF avalia as seguintes quatro \u00e1reas: compreens\u00e3o auditiva, express\u00e3o oral, compreens\u00e3o de leitura e express\u00e3o escrita.<\/i>  <strong>Os percursos de aprendizagem estruturados utilizam uma variedade de recursos, desde v\u00eddeos de dramatiza\u00e7\u00e3o a livros digitais personalizados. Na pr\u00e1tica, isto significa que a aprendizagem n\u00e3o se limita a exerc\u00edcios gramaticais, mas imerge o aluno em situa\u00e7\u00f5es concretas de comunica\u00e7\u00e3o inspiradas em contextos reais, profissionais ou acad\u00e9micos. Atrav\u00e9s de diversos cen\u00e1rios, os candidatos podem aprimorar as suas compet\u00eancias de compreens\u00e3o auditiva em franc\u00eas falado, a sua capacidade de argumenta\u00e7\u00e3o e escrita, e a sua compreens\u00e3o de documentos aut\u00eanticos.<\/strong> \n<\/p>\n\n<p class=\"wp-block-paragraph\">\nOs cursos de prepara\u00e7\u00e3o para o DELF certificados geralmente oferecem acesso a exemplos de quest\u00f5es do exame, gabaritos detalhados e feedback personalizado de professores nativos qualificados e experientes. Por exemplo, os professores da <strong>FLE.RE<\/strong> s\u00e3o todos falantes nativos e certificados em Franc\u00eas como L\u00edngua Estrangeira (FLE), garantindo a imers\u00e3o mais natural poss\u00edvel. Esta abordagem imersiva promove a flu\u00eancia oral e permite ir al\u00e9m da simples memoriza\u00e7\u00e3o, alcan\u00e7ando um verdadeiro dom\u00ednio da l\u00edngua, \u00fatil e valioso no dia a dia ou no trabalho. As aulas virtuais tamb\u00e9m incentivam a intera\u00e7\u00e3o entre os alunos gra\u00e7as aos pequenos grupos, facilitando a pr\u00e1tica da conversa\u00e7\u00e3o e o progresso r\u00e1pido. <a href=\"https:\/\/www.fle.re\/blog\/preparation-delf-dalf\/\">Posso me inscrever em um curso com certifica\u00e7\u00e3o DELF a qualquer momento e em qual ritmo?<\/a> H\u00e1 total flexibilidade. Seja para revisar o b\u00e1sico ap\u00f3s anos de estudo ou para acelerar seu progresso para um n\u00edvel mais avan\u00e7ado, a maioria dos nossos cursos online de franc\u00eas DELF est\u00e1 dispon\u00edvel. <strong>As aulas s\u00e3o acess\u00edveis todas as semanas. Na pr\u00e1tica, voc\u00ea pode come\u00e7ar suas aulas toda segunda-feira, de acordo com sua disponibilidade. Sem estresse para quem trabalha ou j\u00e1 estuda: os m\u00f3dulos se adaptam \u00e0 sua disponibilidade com formatos bastante flex\u00edveis \u2013 manh\u00e3, tarde ou noite. O treinamento \u00e9 projetado para ser autodirigido, dando a cada aluno controle sobre a frequ\u00eancia, a dura\u00e7\u00e3o das aulas e os t\u00f3picos abordados. Em qualquer \u00e9poca do ano, \u00e9 f\u00e1cil participar de uma turma, sem precisar esperar o pr\u00f3ximo semestre. Plataformas como a FLE.RE ajustam o suporte de acordo com seu n\u00edvel de conhecimento e seus objetivos. Seja voc\u00ea um iniciante completo ou um falso iniciante, um curso \u00ab\u00a0A1\u00a0\u00bb adequado ser\u00e1 oferecido imediatamente, especialmente desenvolvido para iniciantes, com um programa progressivo e acolhedor. Quanto \u00e0 dura\u00e7\u00e3o, a op\u00e7\u00e3o \u00e9 personaliz\u00e1vel: voc\u00ea escolhe 3, 6 ou 12 meses, dependendo dos seus objetivos, e pode at\u00e9 optar por m\u00f3dulos em tempo parcial ou aulas particulares individuais para total flexibilidade. In\u00edcio todas as segundas-feiras<\/strong>: sem obriga\u00e7\u00e3o de come\u00e7ar em setembro ou janeiro, tudo \u00e9 adaptado \u00e0 sua agenda\n<\/p>\n\n<ul class=\"wp-block-list\"><li><strong><\/strong> Formatos dispon\u00edveis<\/li><li><strong>: meio per\u00edodo, intensivo, aulas noturnas ou sess\u00f5es individuais<\/strong> <\/li><li><strong>Percurso de aprendizagem flex\u00edvel<\/strong> : liberdade para acelerar ou desacelerar ao seu pr\u00f3prio ritmo, sem press\u00e3o<\/li><li><strong><\/strong> Quais s\u00e3o as vantagens concretas da prepara\u00e7\u00e3o online?<\/li><\/ul>\n\n<h2 class=\"wp-block-heading\"><\/h2>\n\n<p class=\"wp-block-paragraph\">\nEscolha o curso DELF online <strong>Oferece vantagens muito reais: acessibilidade, flexibilidade, personaliza\u00e7\u00e3o e suporte. Voc\u00ea pode estudar confortavelmente em casa, em qualquer dispositivo digital, sem perder tempo com deslocamentos ou se sentir isolado. O acesso cont\u00ednuo aos recursos de aprendizagem permite que voc\u00ea revise o material do curso, v\u00eddeos de compreens\u00e3o auditiva, respostas modelo e m\u00f3dulos de revis\u00e3o sempre que necess\u00e1rio. Quem tem uma rotina agitada aprecia especialmente essa adapta\u00e7\u00e3o \u00e0s suas limita\u00e7\u00f5es, seja para estudar de manh\u00e3 cedo, na hora do almo\u00e7o ou \u00e0 noite.<\/strong>  <i>Al\u00e9m disso, aulas experimentais gratuitas s\u00e3o frequentemente oferecidas para que voc\u00ea possa testar o m\u00e9todo. Por exemplo, com o pacote \u00ab\u00a0Intense Plus\u00a0\u00bb, voc\u00ea tem acesso a duas sess\u00f5es gratuitas antes de confirmar sua inscri\u00e7\u00e3o, incluindo o material did\u00e1tico digital necess\u00e1rio. Esse sistema \u00e9 muito reconfortante na hora de escolher o curso mais adequado \u00e0s suas necessidades. Plataformas como a FLE.RE tamb\u00e9m incluem suporte administrativo, facilitando todos os procedimentos importantes (bancos, moradia, vistos, tr\u00e2mites fiscais), que costumam ser uma fonte de estresse no exterior. Isso representa um grande benef\u00edcio para quem chega \u00e0 Fran\u00e7a ou a um pa\u00eds franc\u00f3fono e nem sempre sabe a quem recorrer para as formalidades do dia a dia. O suporte oferecido \u00e9, portanto, abrangente, indo muito al\u00e9m do simples aprendizado do idioma.<\/i>  <strong>Acesso permanente<\/strong>\u00e0 plataforma e aos materiais de aprendizagem <strong>Aulas experimentais gratuitas<\/strong>para avaliar o m\u00e9todo previamente\n<\/p>\n\n<p class=\"wp-block-paragraph\">\nSuporte administrativo <strong>oferecido para simplificar sua adapta\u00e7\u00e3o e vida na Fran\u00e7a<\/strong> Acompanhamento acad\u00eamico <strong>de professores nativos e certificados, dispon\u00edvel em pequenos grupos<\/strong> Imers\u00e3o cultural\n<\/p>\n\n<h2 class=\"wp-block-heading\"><span class=\"ez-toc-section\" id=\"remota_por_meio_de_uma_pedagogia_baseada_em_situacoes_da_vida_real\"><\/span>remota por meio de uma pedagogia baseada em situa\u00e7\u00f5es da vida real<span class=\"ez-toc-section-end\"><\/span><\/h2>\n\n<p class=\"wp-block-paragraph\">\nQual o pre\u00e7o dos cursos de franc\u00eas com certifica\u00e7\u00e3o DELF e quais servi\u00e7os est\u00e3o inclu\u00eddos? <strong><\/strong> O pre\u00e7o de um curso de franc\u00eas com certifica\u00e7\u00e3o DELF varia dependendo de diversos fatores: a dura\u00e7\u00e3o escolhida, o n\u00famero de horas, o formato (aulas em grupo ou particulares) e quaisquer servi\u00e7os adicionais oferecidos. Em plataformas especializadas como a FLE.RE, a transpar\u00eancia \u00e9 fundamental: todos os detalhes s\u00e3o claramente descritos. O pre\u00e7o inclui acesso ilimitado \u00e0 plataforma, todos os recursos digitais necess\u00e1rios e suporte pedag\u00f3gico. Ao contr\u00e1rio de muitos outros programas de forma\u00e7\u00e3o, n\u00e3o h\u00e1 surpresas ao longo do processo (sem taxas ocultas ou cobran\u00e7as adicionais inesperadas). Dura\u00e7\u00e3o do Curso\n<\/p>\n\n<p class=\"wp-block-paragraph\">\nPre\u00e7o M\u00e9dio (excluindo inscri\u00e7\u00e3o no exame DELF) <a href=\"https:\/\/www.fle.re\/blog\/preparation-delf-dalf\/\">Servi\u00e7os Inclu\u00eddos<\/a> 3 meses <i>entre \u20ac300 e \u20ac450<\/i> Acesso a recursos, aulas virtuais semanais, acompanhamento individual\n<\/p>\n\n<ul class=\"wp-block-list\"><li><strong>6 meses<\/strong> entre \u20ac550 e \u20ac750<\/li><li><strong>Aulas interativas, avalia\u00e7\u00f5es regulares, acompanhamento personalizado, assist\u00eancia administrativa<\/strong> 12 meses<\/li><li><strong>entre \u20ac1000 e \u20ac1300<\/strong> Relat\u00f3rio mensal de progresso, feedback detalhado, certificado de conclus\u00e3o com n\u00edvel CEFR<\/li><\/ul>\n\n<h2 class=\"wp-block-heading\"><span class=\"ez-toc-section\" id=\"Observacao_as_taxas_de_inscricao_para_o_exame_oficial_DELF_sao_externas_e_devem_ser_pagas_diretamente_a_um_centro_autorizado_Uma_calculadora_de_custos_esta_disponivel_para_ajudar_todos_a_criar_um_orcamento_preciso_levando_em_consideracao_todos_os_parametros_inscricao_materiais_etc_Para_complementar_este_servico_a_escola_tambem_oferece_recomendacoes_confiaveis_%E2%80%8B%E2%80%8Bpara_encontrar_acomodacao_estudantil_perto_do_seu_curso_ou_centro_de_exame_Para_aqueles_que_concluirem_o_programa_com_sucesso_sera_emitido_um_certificado_digital_que_atesta_o_nivel_adquirido_e_o_numero_de_horas_concluidas_de_acordo_com_o_CEFR_Quadro_Europeu_Comum_de_Referencia_para_Linguas_Este_certificado_representa_um_ativo_tangivel_para_destacar_junto_a_empregadores_universidades_ou_orgaos_governamentais\"><\/span>Observa\u00e7\u00e3o: as taxas de inscri\u00e7\u00e3o para o exame oficial DELF s\u00e3o externas e devem ser pagas diretamente a um centro autorizado. Uma calculadora de custos est\u00e1 dispon\u00edvel para ajudar todos a criar um or\u00e7amento preciso, levando em considera\u00e7\u00e3o todos os par\u00e2metros (inscri\u00e7\u00e3o, materiais, etc.). Para complementar este servi\u00e7o, a escola tamb\u00e9m oferece recomenda\u00e7\u00f5es confi\u00e1veis \u200b\u200bpara encontrar acomoda\u00e7\u00e3o estudantil perto do seu curso ou centro de exame. Para aqueles que conclu\u00edrem o programa com sucesso, ser\u00e1 emitido um certificado digital que atesta o n\u00edvel adquirido e o n\u00famero de horas conclu\u00eddas, de acordo com o CEFR (Quadro Europeu Comum de Refer\u00eancia para L\u00ednguas). Este certificado representa um ativo tang\u00edvel para destacar junto a empregadores, universidades ou \u00f3rg\u00e3os governamentais.<span class=\"ez-toc-section-end\"><\/span><\/h2>\n\n<p class=\"wp-block-paragraph\">\n <strong>Conclus\u00e3o<\/strong> Cursos de franc\u00eas com certifica\u00e7\u00e3o DELF\n<\/p>\n\n<p class=\"wp-block-paragraph\">\n <strong>garantem uma prepara\u00e7\u00e3o estruturada e personalizada para o seu n\u00edvel, do A1 ao C2. Voc\u00ea se beneficiar\u00e1 de um suporte espec\u00edfico focado na compreens\u00e3o e produ\u00e7\u00e3o oral e escrita, tudo guiado por professores experientes e apaixonados. Esses cursos online oferecem grande flexibilidade para se adaptarem ao seu ritmo e \u00e0s suas limita\u00e7\u00f5es pessoais \u2014 perfeitos para conciliar estudos, trabalho ou vida pessoal.<\/strong> \n<\/p>\n\n<ul class=\"wp-block-list\"><li><strong>Participar da prepara\u00e7\u00e3o para o DELF e o DALF<\/strong> tamb\u00e9m significa se dar os meios para obter uma certifica\u00e7\u00e3o reconhecida internacionalmente, que pode abrir portas acad\u00eamicas e profissionais na Fran\u00e7a e em outros pa\u00edses. Aproveite recursos did\u00e1ticos inovadores, um s\u00f3lido suporte administrativo e um ambiente acolhedor onde cada passo dado conta.<\/li><li><strong><\/strong> Como se preparar para o DELF com cursos de franc\u00eas certificados?<\/li><li><strong><\/strong> Para ter sucesso no DELF, recomenda-se fazer cursos de franc\u00eas com certifica\u00e7\u00e3o DELF que ofere\u00e7am treinamento completo em compreens\u00e3o e produ\u00e7\u00e3o oral e escrita. Esses cursos enfatizam a metodologia do exame, atividades interativas e autoavalia\u00e7\u00e3o. Voc\u00ea pode escolher uma dura\u00e7\u00e3o flex\u00edvel (3, 6 ou 12 meses), organizar seu aprendizado no seu pr\u00f3prio ritmo e acessar uma plataforma online com recursos de aprendizagem. Este formato de aprendizagem permite a prepara\u00e7\u00e3o independente e adapta-se facilmente \u00e0 sua agenda, garantindo ao mesmo tempo a abrang\u00eancia das quatro compet\u00eancias avaliadas nos exames DELF.<\/li><li><strong>Quais s\u00e3o os n\u00edveis dispon\u00edveis nos cursos de franc\u00eas com certifica\u00e7\u00e3o DELF?<\/strong> <\/li><li><strong>Cursos de franc\u00eas com certifica\u00e7\u00e3o DELF<\/strong> Esses cursos abrangem seis n\u00edveis, alinhados com o Quadro Europeu Comum de Refer\u00eancia para L\u00ednguas (CEFR): A1, A2, B1, B2, C1 e C2. Cada n\u00edvel corresponde a um diploma distinto, que voc\u00ea pode obter diretamente dependendo do seu n\u00edvel atual de franc\u00eas. Isso permite que voc\u00ea siga um programa adaptado \u00e0s suas necessidades, seja voc\u00ea iniciante ou avan\u00e7ado. A escolha do n\u00edvel depende de seus objetivos pessoais ou profissionais e do seu n\u00edvel de flu\u00eancia em franc\u00eas. Essa estrutura garante uma avalia\u00e7\u00e3o precisa de suas habilidades lingu\u00edsticas.<\/li><\/ul>\n\n<h2 class=\"wp-block-heading\"><span class=\"ez-toc-section\" id=\"Posso_me_inscrever_em_um_curso_com_certificacao_DELF_no_meio_do_ano\"><\/span>Posso me inscrever em um curso com certifica\u00e7\u00e3o DELF no meio do ano?<span class=\"ez-toc-section-end\"><\/span><\/h2>\n\n<p class=\"wp-block-paragraph\">\n\u00c9 poss\u00edvel se inscrever em um curso de franc\u00eas com certifica\u00e7\u00e3o DELF em qualquer \u00e9poca do ano. Muitas organiza\u00e7\u00f5es oferecem turmas semanais, proporcionando grande flexibilidade. A inscri\u00e7\u00e3o geralmente \u00e9 baseada no seu n\u00edvel e disponibilidade, com ajustes personalizados para garantir que voc\u00ea n\u00e3o perca nenhum objetivo de aprendizagem importante. Uma avalia\u00e7\u00e3o preliminar do seu n\u00edvel permite que voc\u00ea seja colocado na turma certa, respeitando seu ritmo e expectativas. Essa organiza\u00e7\u00e3o facilita o acesso f\u00e1cil e cont\u00ednuo aos cursos, sem precisar esperar por uma data espec\u00edfica de in\u00edcio do semestre. <strong>Os cursos com certifica\u00e7\u00e3o DELF s\u00e3o adequados para iniciantes absolutos?<\/strong>  <strong>Sim, os cursos de franc\u00eas com certifica\u00e7\u00e3o DELF s\u00e3o acess\u00edveis a iniciantes absolutos. Um percurso espec\u00edfico, geralmente chamado de \u00ab\u00a0A1\u00a0\u00bb, \u00e9 oferecido para construir uma base s\u00f3lida em franc\u00eas. Professores experientes e nativos fornecem orienta\u00e7\u00e3o passo a passo por meio de atividades pr\u00e1ticas, livros did\u00e1ticos adaptados e imers\u00e3o gradual. Mesmo sem experi\u00eancia pr\u00e9via, os alunos se beneficiam de suporte personalizado, aprendizado em pequenos grupos e materiais desenvolvidos para iniciantes. Uma aula experimental gratuita tamb\u00e9m costuma ser oferecida para que os alunos possam experimentar o m\u00e9todo antes de se inscreverem.<\/strong>Preciso me inscrever para o exame por conta pr\u00f3pria ap\u00f3s um curso DELF?\n<\/p>\n\n<figure class=\"wp-block-table\"><table>\n<thead>\n<tr>\n<th><\/th>\n<th>Ap\u00f3s concluir um curso de franc\u00eas com certifica\u00e7\u00e3o DELF, a inscri\u00e7\u00e3o para o exame n\u00e3o \u00e9 autom\u00e1tica: cada candidato deve realizar esse processo individualmente em um centro de exames credenciado. As taxas e os procedimentos variam de acordo com o centro escolhido, presente em 154 pa\u00edses. Embora seja poss\u00edvel oferecer aconselhamento e suporte administrativo para auxiliar na inscri\u00e7\u00e3o, os custos e os procedimentos continuam sendo de responsabilidade do aluno. Portanto, \u00e9 importante planejar essa etapa com bastante anteced\u00eancia da data desejada para o exame.<\/th>\n<th><\/th>\n<\/tr>\n<\/thead>\n<tbody>\n<tr>\n<td>{<\/td>\n<td>\u00ab\u00a0@context\u00a0\u00bb: \u00ab\u00a0https:\/\/schema.org\u00a0\u00bb,<\/td>\n<td>\u00ab\u00a0@type\u00a0\u00bb: \u00ab\u00a0FAQPage\u00a0\u00bb,<\/td>\n<\/tr>\n<tr>\n<td>\u00ab\u00a0mainEntity\u00a0\u00bb: [<\/td>\n<td>{<\/td>\n<td>\u00ab\u00a0@type\u00a0\u00bb: \u00ab\u00a0Question\u00a0\u00bb,<\/td>\n<\/tr>\n<tr>\n<td>\u00ab\u00a0name\u00a0\u00bb: \u00ab\u00a0Como se preparar para o DELF com cursos de franc\u00eas certificados?\u00a0\u00bb,<\/td>\n<td>\u00ab\u00a0acceptedAnswer\u00a0\u00bb: {<\/td>\n<td>\u00ab\u00a0@type\u00a0\u00bb: \u00ab\u00a0Answer\u00a0\u00bb,<\/td>\n<\/tr>\n<\/tbody>\n<\/table><\/figure>\n\n<p class=\"wp-block-paragraph\">\n\u00ab\u00a0text\u00a0\u00bb: \u00ab\u00a0Os cursos de franc\u00eas certificados pelo DELF permitem que voc\u00ea se prepare de forma eficaz, trabalhando suas habilidades de fala e escrita em uma plataforma flex\u00edvel. O treinamento se adapta ao seu ritmo e abrange as quatro habilidades do teste.\u00a0\u00bb <i><\/i> } <i>},<\/i> {\n<\/p>\n\n<h2 class=\"wp-block-heading\"><span class=\"ez-toc-section\" id=\"%C2%AB_type_%C2%BB_%C2%AB_Question_%C2%BB\"><\/span>\u00ab\u00a0@type\u00a0\u00bb: \u00ab\u00a0Question\u00a0\u00bb,<span class=\"ez-toc-section-end\"><\/span><\/h2>\n\n<p class=\"wp-block-paragraph\">\n\u00ab\u00a0name\u00a0\u00bb: \u00ab\u00a0Quais n\u00edveis est\u00e3o dispon\u00edveis nos cursos de franc\u00eas certificados pelo DELF?\u00a0\u00bb, <strong>\u00ab\u00a0acceptedAnswer\u00a0\u00bb: {<\/strong>\u00ab\u00a0@type\u00a0\u00bb: \u00ab\u00a0Answer\u00a0\u00bb,\n<\/p>\n\n<p class=\"wp-block-paragraph\">\n\u00ab\u00a0text\u00a0\u00bb: \u00ab\u00a0Os cursos certificados pelo DELF oferecem seis n\u00edveis (A1 a C2) do Quadro Europeu Comum de Refer\u00eancia para L\u00ednguas (CEFR). Voc\u00ea escolhe o que melhor se adapta \u00e0s suas habilidades atuais para atender \u00e0s suas necessidades espec\u00edficas.\u00a0\u00bb <strong>}<\/strong>},\n<\/p>\n\n<p class=\"wp-block-paragraph\"><section class=\"faq\">\n<div>\n<h2><span class=\"ez-toc-section\" id=\"i\"><\/span>{<span class=\"ez-toc-section-end\"><\/span><\/h2>\n<div>\n<p>\u00ab\u00a0@type\u00a0\u00bb: \u00ab\u00a0Pergunta\u00a0\u00bb, <strong>\u00ab\u00a0name\u00a0\u00bb: \u00ab\u00a0Posso me inscrever em um curso com certifica\u00e7\u00e3o DELF no meio do ano?\u00a0\u00bb,<\/strong>\u00ab\u00a0acceptedAnswer\u00a0\u00bb: { <strong>\u00ab\u00a0@type\u00a0\u00bb: \u00ab\u00a0Resposta\u00a0\u00bb,<\/strong> \u00ab\u00a0text\u00a0\u00bb: \u00ab\u00a0Sim, a inscri\u00e7\u00e3o em um curso com certifica\u00e7\u00e3o DELF \u00e9 flex\u00edvel, muitas vezes poss\u00edvel a cada semana. O programa se adapta ao seu n\u00edvel e disponibilidade, sem a necessidade de esperar por uma data de in\u00edcio fixa.\u00a0\u00bb<\/p>\n<\/div>\n<\/div>\n<div>\n<h2><\/h2>\n<div>\n<p> <strong>}<\/strong> },<\/p>\n<\/div>\n<\/div>\n<div>\n<h2><span class=\"ez-toc-section\" id=\"i-2\"><\/span>{<span class=\"ez-toc-section-end\"><\/span><\/h2>\n<div>\n<p>\u00ab\u00a0@type\u00a0\u00bb: \u00ab\u00a0Pergunta\u00a0\u00bb, <strong>\u00ab\u00a0name\u00a0\u00bb: \u00ab\u00a0Os cursos com certifica\u00e7\u00e3o DELF s\u00e3o adequados para iniciantes absolutos?\u00a0\u00bb,<\/strong> \u00ab\u00a0acceptedAnswer\u00a0\u00bb: {<\/p>\n<\/div>\n<\/div>\n<div>\n<h2><span class=\"ez-toc-section\" id=\"%C2%AB_type_%C2%BB_%C2%AB_Resposta_%C2%BB\"><\/span>\u00ab\u00a0@type\u00a0\u00bb: \u00ab\u00a0Resposta\u00a0\u00bb,<span class=\"ez-toc-section-end\"><\/span><\/h2>\n<div>\n<p>\u00ab\u00a0text\u00a0\u00bb: \u00ab\u00a0Os cursos com certifica\u00e7\u00e3o DELF s\u00e3o adequados para iniciantes. Um programa A1 estruturado e progressivo permite que voc\u00ea adquira o b\u00e1sico do franc\u00eas com suporte personalizado.\u00a0\u00bb <strong><\/strong> }<\/p>\n<\/div>\n<\/div>\n<div>\n<h2><span class=\"ez-toc-section\" id=\"i-3\"><\/span>},<span class=\"ez-toc-section-end\"><\/span><\/h2>\n<div>\n<p>{\u00ab\u00a0@type\u00a0\u00bb: \u00ab\u00a0Question\u00a0\u00bb, <strong>\u00ab\u00a0name\u00a0\u00bb: \u00ab\u00a0Do I need to register myself for the exam after a DELF course?\u00a0\u00bb,<\/strong>\u00ab\u00a0acceptedAnswer\u00a0\u00bb: {<\/p>\n<\/div>\n<\/div>\n<\/section><\/p>\n\n<p class=\"wp-block-paragraph\">\n\u00ab\u00a0@type\u00a0\u00bb: \u00ab\u00a0Answer\u00a0\u00bb,\n  \u00ab\u00a0text\u00a0\u00bb: \u00ab\u00a0The registration for the DELF exam is not automatic after the course: each candidate must register in a credential center and pay the matching rates.\u00a0\u00bb\n  \n  }\n    }\n      ]\n      } Fontes\n      France \u00c9ducation international. \u00ab\u00a0DELF DALF: Diplomas in French as a Foreign Language.\u00a0\u00bb France \u00c9ducation international, s.d. Acesso em 2024-06-18.\n        \n        Ver tamb\u00e9m\n      Minist\u00e9rio da Educa\u00e7\u00e3o Nacional e da Juventude da Fran\u00e7a. \u00ab\u00a0The Common European Framework of Reference for Languages \u200b\u200b(CEFR).\u00a0\u00bb education.gouv.fr, 11 de abril de 2023. Acesso em 18 de junho de 2024.\n    \n    Ver tamb\u00e9m: CNED. \u00ab\u00a0Prepara\u00e7\u00e3o para os exames DELF e DALF.\u00a0\u00bb CNED, s.d. Acesso em 18 de junho de 2024.\n      \n      Ver tamb\u00e9m: FTC Paris. \u00ab\u00a0Perguntas frequentes (FAQ) \u2013 Cursos de franc\u00eas em Paris.\u00a0\u00bb FTC Paris, s.d. Acesso em 18 de junho de 2024.\n      \n        Ver tamb\u00e9m:\n        \n      \n    \n    \n      \n      \n      \n        \n        \n      \n    \n    \n      \n      \n      \n        \n        \n      \n    \n    \n      \n      \n      \n        \n        \n      \n    \n  \n\n<\/p>\n\n<h2 class=\"wp-block-heading\"><\/h2>\n\n<ol class=\"wp-block-list\"><li> <a href=\"https:\/\/www.france-education-international.fr\/expertises\/delf-dalf\" rel=\"nofollow noopener noreferrer\" target=\"_blank\"><\/a><\/li><li> <a href=\"https:\/\/www.education.gouv.fr\/le-cadre-europeen-commun-de-reference-pour-les-langues-cecrl-5066\" rel=\"nofollow noopener noreferrer\" target=\"_blank\"><\/a><\/li><li> <a href=\"https:\/\/www.cned.fr\/preparez-le-delf-et-le-dalf\" rel=\"nofollow noopener noreferrer\" target=\"_blank\"><\/a><\/li><li> <a href=\"https:\/\/www.ftcparis.com\/faq\" rel=\"nofollow noopener noreferrer\" target=\"_blank\"><\/a><\/li><\/ol>\n\n\n","protected":false},"excerpt":{"rendered":"<p>Fazer um curso de franc\u00eas com certifica\u00e7\u00e3o DELF \u00e9 uma estrat\u00e9gia direta para validar seu n\u00edvel de profici\u00eancia no idioma [&hellip;]<\/p>\n","protected":false},"author":2,"featured_media":634,"comment_status":"open","ping_status":"open","sticky":false,"template":"","format":"standard","meta":{"_crdt_document":"","site-sidebar-layout":"default","site-content-layout":"","ast-site-content-layout":"default","site-content-style":"default","site-sidebar-style":"default","ast-global-header-display":"","ast-banner-title-visibility":"","ast-main-header-display":"","ast-hfb-above-header-display":"","ast-hfb-below-header-display":"","ast-hfb-mobile-header-display":"","site-post-title":"","ast-breadcrumbs-content":"","ast-featured-img":"","footer-sml-layout":"","ast-disable-related-posts":"","theme-transparent-header-meta":"","adv-header-id-meta":"","stick-header-meta":"","header-above-stick-meta":"","header-main-stick-meta":"","header-below-stick-meta":"","astra-migrate-meta-layouts":"default","ast-page-background-enabled":"default","ast-page-background-meta":{"desktop":{"background-color":"var(--ast-global-color-5)","background-image":"","background-repeat":"repeat","background-position":"center center","background-size":"auto","background-attachment":"scroll","background-type":"","background-media":"","overlay-type":"","overlay-color":"","overlay-opacity":"","overlay-gradient":""},"tablet":{"background-color":"","background-image":"","background-repeat":"repeat","background-position":"center center","background-size":"auto","background-attachment":"scroll","background-type":"","background-media":"","overlay-type":"","overlay-color":"","overlay-opacity":"","overlay-gradient":""},"mobile":{"background-color":"","background-image":"","background-repeat":"repeat","background-position":"center center","background-size":"auto","background-attachment":"scroll","background-type":"","background-media":"","overlay-type":"","overlay-color":"","overlay-opacity":"","overlay-gradient":""}},"ast-content-background-meta":{"desktop":{"background-color":"var(--ast-global-color-4)","background-image":"","background-repeat":"repeat","background-position":"center center","background-size":"auto","background-attachment":"scroll","background-type":"","background-media":"","overlay-type":"","overlay-color":"","overlay-opacity":"","overlay-gradient":""},"tablet":{"background-color":"var(--ast-global-color-4)","background-image":"","background-repeat":"repeat","background-position":"center center","background-size":"auto","background-attachment":"scroll","background-type":"","background-media":"","overlay-type":"","overlay-color":"","overlay-opacity":"","overlay-gradient":""},"mobile":{"background-color":"var(--ast-global-color-4)","background-image":"","background-repeat":"repeat","background-position":"center center","background-size":"auto","background-attachment":"scroll","background-type":"","background-media":"","overlay-type":"","overlay-color":"","overlay-opacity":"","overlay-gradient":""}},"footnotes":""},"categories":[693],"tags":[739,745,6553,6556,6559],"class_list":["post-2502","post","type-post","status-publish","format-standard","has-post-thumbnail","hentry","category-non-classe-pt","tag-aprenda-frances-pt","tag-aulas-de-frances-pt","tag-certificacao-francesa-pt","tag-delfo-pt","tag-exame-delf-pt"],"_links":{"self":[{"href":"https:\/\/www.fle.re\/blog\/wp-json\/wp\/v2\/posts\/2502","targetHints":{"allow":["GET"]}}],"collection":[{"href":"https:\/\/www.fle.re\/blog\/wp-json\/wp\/v2\/posts"}],"about":[{"href":"https:\/\/www.fle.re\/blog\/wp-json\/wp\/v2\/types\/post"}],"author":[{"embeddable":true,"href":"https:\/\/www.fle.re\/blog\/wp-json\/wp\/v2\/users\/2"}],"replies":[{"embeddable":true,"href":"https:\/\/www.fle.re\/blog\/wp-json\/wp\/v2\/comments?post=2502"}],"version-history":[{"count":1,"href":"https:\/\/www.fle.re\/blog\/wp-json\/wp\/v2\/posts\/2502\/revisions"}],"predecessor-version":[{"id":2503,"href":"https:\/\/www.fle.re\/blog\/wp-json\/wp\/v2\/posts\/2502\/revisions\/2503"}],"wp:featuredmedia":[{"embeddable":true,"href":"https:\/\/www.fle.re\/blog\/wp-json\/wp\/v2\/media\/634"}],"wp:attachment":[{"href":"https:\/\/www.fle.re\/blog\/wp-json\/wp\/v2\/media?parent=2502"}],"wp:term":[{"taxonomy":"category","embeddable":true,"href":"https:\/\/www.fle.re\/blog\/wp-json\/wp\/v2\/categories?post=2502"},{"taxonomy":"post_tag","embeddable":true,"href":"https:\/\/www.fle.re\/blog\/wp-json\/wp\/v2\/tags?post=2502"}],"curies":[{"name":"wp","href":"https:\/\/api.w.org\/{rel}","templated":true}]}}