{"id":2553,"date":"2026-02-03T18:44:50","date_gmt":"2026-02-03T18:44:50","guid":{"rendered":"https:\/\/www.fle.re\/blog\/?p=2553"},"modified":"2026-02-03T18:44:54","modified_gmt":"2026-02-03T18:44:54","slug":"frances-profissional-vocabulario-util","status":"publish","type":"post","link":"https:\/\/www.fle.re\/blog\/pt\/frances-profissional-vocabulario-util\/","title":{"rendered":"Franc\u00eas profissional: Vocabul\u00e1rio \u00fatil"},"content":{"rendered":"<p class=\"wp-block-paragraph\">\nDominar o vocabul\u00e1rio profissional franc\u00eas preciso \u00e9 essencial para prosperar em uma empresa franc\u00f3fona. No escrit\u00f3rio, a linguagem muda: voc\u00ea precisa ser capaz de transitar da conversa informal para formula\u00e7\u00f5es mais estruturadas, especialmente durante reuni\u00f5es ou ao escrever e-mails. Nada \u00e9 mais frustrante do que se sentir limitado ao expressar uma ideia ou defender um projeto. Francamente, quem nunca perdeu o fio da meada por causa de um simples deslize? Com \u200b\u200ba plataforma fle.re, aprender express\u00f5es-chave no ambiente de trabalho torna-se acess\u00edvel a todos. A diferen\u00e7a est\u00e1 em algumas frases bem escolhidas ou no termo certo em uma apresenta\u00e7\u00e3o. O objetivo? Falar com mais facilidade e causar uma boa impress\u00e3o sempre que falar em p\u00fablico, durante uma conversa formal ou em suas mensagens profissionais. Ser capaz de explicar um ponto de vista com precis\u00e3o, clareza e naturalidade realmente faz toda a diferen\u00e7a! Quais palavras e verbos voc\u00ea deve usar para ser cred\u00edvel no ambiente de trabalho? <strong>Ter um vocabul\u00e1rio profissional adequado realmente faz a diferen\u00e7a nas intera\u00e7\u00f5es no escrit\u00f3rio, durante reuni\u00f5es ou em trocas de e-mails. Usar sempre os mesmos verbos pode dar um tom um tanto acad\u00eamico, enquanto adotar termos variados e precisos aumenta imediatamente o impacto e a naturalidade da sua fala. Verbos como<\/strong> delegar (confiar uma tarefa a algu\u00e9m), <strong>relatar (fazer uma avalia\u00e7\u00e3o ou relatar o andamento de um projeto) ou<\/strong> ponderar (avaliar cuidadosamente) s\u00e3o usados \u200b\u200bcom frequ\u00eancia em discuss\u00f5es profissionais. Basta prestar aten\u00e7\u00e3o em uma reuni\u00e3o para perceber como essas palavras adicionam profundidade e precis\u00e3o ao que voc\u00ea diz. Outro exemplo: <i>disruptar (transformar), que significa perturbar a organiza\u00e7\u00e3o, ou<\/i>abordar\n<\/p>\n\n<p class=\"wp-block-paragraph\">\nPara descrever a prospec\u00e7\u00e3o de novos clientes, o uso desses verbos naturalmente lhe render\u00e1 pontos com colegas ou superiores, garantido! <strong><\/strong> Se voc\u00ea deseja aprender ainda mais para se sentir confort\u00e1vel com o franc\u00eas profissional e aumentar sua confian\u00e7a tanto na fala quanto na escrita, n\u00e3o hesite em complementar seu vocabul\u00e1rio com recursos espec\u00edficos e praticar durante simula\u00e7\u00f5es ou conversas informais. Voc\u00ea progredir\u00e1 rapidamente e ganhar\u00e1 confian\u00e7a; \u00e9 realmente gratificante ouvir um colega dizer: \u00ab\u00a0A maneira como voc\u00ea explica as coisas \u00e9 clara e concisa\u00a0\u00bb. Uma pequena dica: comece a usar esses verbos em seus e-mails; voc\u00ea ver\u00e1 o efeito imediatamente. <i><\/i> Quais express\u00f5es facilitam a comunica\u00e7\u00e3o durante reuni\u00f5es e entrevistas?\n<\/p>\n\n\n\n<h2 class=\"wp-block-heading\"><\/h2>\n\n<p class=\"wp-block-paragraph\">\nAs express\u00f5es usadas em reuni\u00f5es ou entrevistas geralmente refletem um dom\u00ednio das conven\u00e7\u00f5es da l\u00edngua francesa profissional. Para estruturar sua fala, existem frases t\u00edpicas como \u00ab\u00a0Vamos revisar isso\u00a0\u00bb, \u00ab\u00a0Vamos passar para a pauta\u00a0\u00bb ou \u00ab\u00a0Na mesma linha de racioc\u00ednio, eu acho que&#8230;\u00a0\u00bb. Essas formula\u00e7\u00f5es permitem que voc\u00ea conduza a conversa, ofere\u00e7a sua opini\u00e3o ou reinicie um debate, tudo isso mantendo-se profissional e cort\u00eas. Quando precisar concordar ou expressar uma ressalva, frases como \u201cCompartilho dessa opini\u00e3o\u201d ou \u201cTenho algumas ressalvas\u201d s\u00e3o muito valorizadas. Para agilizar discuss\u00f5es ou incentivar rea\u00e7\u00f5es, usar \u201cSinta-se \u00e0 vontade para comentar\u201d ou \u201cConvido voc\u00ea a acrescentar algo mais, se necess\u00e1rio\u201d \u00e9 bastante eficaz. Em reuni\u00f5es, \u00e9 melhor evitar interromper ou falar sem ser convidado, especialmente em empresas francesas, onde hierarquia e etiqueta s\u00e3o fundamentais. <strong>Mantenha-se firme em sua posi\u00e7\u00e3o. Em vez disso, opte por frases como: \u201cPosso acrescentar algo?\u201d ou \u201cPara complementar o que foi dito\u2026\u201d. Isso n\u00e3o apenas demonstra respeito pelos outros participantes, mas tamb\u00e9m refor\u00e7a sua imagem como um membro da equipe que valoriza a escuta ativa.<\/strong>  <strong>Estruturando sua contribui\u00e7\u00e3o:<\/strong>  <strong>\u201cCome\u00e7arei abordando\u2026\u201d, \u201cEm conclus\u00e3o, eu diria\u2026\u201d<\/strong> Expressando discord\u00e2ncia: <strong><\/strong> \u201cEntendo seu ponto de vista, por\u00e9m\u2026\u201d <strong>Retomando a discuss\u00e3o:<\/strong> <strong>\u201cO que voc\u00ea acha desta alternativa?\u201d<\/strong>\n<\/p>\n\n<p class=\"wp-block-paragraph\">\nReformulando: <strong><\/strong> \u201cEm outras palavras, voc\u00ea est\u00e1 sugerindo que\u2026\u201d\n<\/p>\n\n<div id=\"ez-toc-container\" class=\"ez-toc-v2_0_82_2 ez-toc-wrap-center counter-hierarchy ez-toc-counter ez-toc-transparent ez-toc-container-direction\">\n<div class=\"ez-toc-title-container\">\n<p class=\"ez-toc-title\" style=\"cursor:inherit\">Sommaire<\/p>\n<span class=\"ez-toc-title-toggle\"><a href=\"#\" class=\"ez-toc-pull-right ez-toc-btn ez-toc-btn-xs ez-toc-btn-default ez-toc-toggle\" aria-label=\"Toggle Table of Content\"><span class=\"ez-toc-js-icon-con\"><span class=\"\"><span class=\"eztoc-hide\" style=\"display:none;\">Toggle<\/span><span class=\"ez-toc-icon-toggle-span\"><svg style=\"fill: #999;color:#999\" xmlns=\"http:\/\/www.w3.org\/2000\/svg\" class=\"list-377408\" width=\"20px\" height=\"20px\" viewBox=\"0 0 24 24\" fill=\"none\"><path d=\"M6 6H4v2h2V6zm14 0H8v2h12V6zM4 11h2v2H4v-2zm16 0H8v2h12v-2zM4 16h2v2H4v-2zm16 0H8v2h12v-2z\" fill=\"currentColor\"><\/path><\/svg><svg style=\"fill: #999;color:#999\" class=\"arrow-unsorted-368013\" xmlns=\"http:\/\/www.w3.org\/2000\/svg\" width=\"10px\" height=\"10px\" viewBox=\"0 0 24 24\" version=\"1.2\" baseProfile=\"tiny\"><path d=\"M18.2 9.3l-6.2-6.3-6.2 6.3c-.2.2-.3.4-.3.7s.1.5.3.7c.2.2.4.3.7.3h11c.3 0 .5-.1.7-.3.2-.2.3-.5.3-.7s-.1-.5-.3-.7zM5.8 14.7l6.2 6.3 6.2-6.3c.2-.2.3-.5.3-.7s-.1-.5-.3-.7c-.2-.2-.4-.3-.7-.3h-11c-.3 0-.5.1-.7.3-.2.2-.3.5-.3.7s.1.5.3.7z\"\/><\/svg><\/span><\/span><\/span><\/a><\/span><\/div>\n<nav><ul class='ez-toc-list ez-toc-list-level-1 eztoc-toggle-hide-by-default' ><li class='ez-toc-page-1 ez-toc-heading-level-2'><a class=\"ez-toc-link ez-toc-heading-1\" href=\"https:\/\/www.fle.re\/blog\/pt\/frances-profissional-vocabulario-util\/#Quais_sao_os_termos_especificos_para_cada_departamento_ou_setor\" >Quais s\u00e3o os termos espec\u00edficos para cada departamento ou setor?<\/a><\/li><li class='ez-toc-page-1 ez-toc-heading-level-2'><a class=\"ez-toc-link ez-toc-heading-2\" href=\"https:\/\/www.fle.re\/blog\/pt\/frances-profissional-vocabulario-util\/#Transicoes\" >Transi\u00e7\u00f5es:<\/a><\/li><li class='ez-toc-page-1 ez-toc-heading-level-2'><a class=\"ez-toc-link ez-toc-heading-3\" href=\"https:\/\/www.fle.re\/blog\/pt\/frances-profissional-vocabulario-util\/#%C2%AB_Avoir_un_meeting_%C2%BB\" >\u00ab\u00a0Avoir un meeting\u00a0\u00bb<\/a><\/li><li class='ez-toc-page-1 ez-toc-heading-level-2'><a class=\"ez-toc-link ez-toc-heading-4\" href=\"https:\/\/www.fle.re\/blog\/pt\/frances-profissional-vocabulario-util\/#A_principal_armadilha_do_vocabulario_util_em_frances_profissional_e_o_uso_de_anglicismos_quando_existem_equivalentes_reconhecidos_em_frances_principalmente_em_contextos_formais_Alem_disso_evite_falsos_cognatos_e_nao_superestime_o_impacto_de_expressoes_informais_que_podem_ser_consideradas_inadequadas_em_um_contexto_formal_Usar_uma_linguagem_adaptada_ao_destinatario_superiores_colegas_clientes_garante_uma_comunicacao_clara_e_respeitosa_Tambem_e_importante_nao_generalizar_termos_tecnicos_para_outras_areas_sem_verificar_sua_relevancia\" >A principal armadilha do vocabul\u00e1rio \u00fatil em franc\u00eas profissional \u00e9 o uso de anglicismos quando existem equivalentes reconhecidos em franc\u00eas, principalmente em contextos formais. Al\u00e9m disso, evite falsos cognatos e n\u00e3o superestime o impacto de express\u00f5es informais que podem ser consideradas inadequadas em um contexto formal. Usar uma linguagem adaptada ao destinat\u00e1rio (superiores, colegas, clientes) garante uma comunica\u00e7\u00e3o clara e respeitosa. Tamb\u00e9m \u00e9 importante n\u00e3o generalizar termos t\u00e9cnicos para outras \u00e1reas sem verificar sua relev\u00e2ncia.<\/a><\/li><\/ul><\/nav><\/div>\n<h2 class=\"wp-block-heading\"><span class=\"ez-toc-section\" id=\"Quais_sao_os_termos_especificos_para_cada_departamento_ou_setor\"><\/span>Quais s\u00e3o os termos espec\u00edficos para cada departamento ou setor?<span class=\"ez-toc-section-end\"><\/span><\/h2>\n\n<p class=\"wp-block-paragraph\">\n <strong>Quais s\u00e3o os termos espec\u00edficos para cada departamento ou setor?<\/strong><strong>Recursos Humanos, Finan\u00e7as e Marketing: Termos-chave<\/strong>Cada departamento tem seu pr\u00f3prio jarg\u00e3o e express\u00f5es profissionais, o que pode ser surpreendente ao transitar entre departamentos ou setores. Em<strong>Recursos Humanos,<\/strong><i>termos como \u201cmobilidade interna\u201d (mudan\u00e7a de fun\u00e7\u00e3o), \u201cavalia\u00e7\u00e3o anual de desempenho\u201d e \u201cper\u00edodo de experi\u00eancia\u201d s\u00e3o comumente usados. Em finan\u00e7as,<\/i><i>termos como \u201cfluxo de caixa\u201d, \u201clucro\u201d, \u201cprevis\u00e3o or\u00e7ament\u00e1ria\u201d e \u201cinvestimento\u201d s\u00e3o frequentes em discuss\u00f5es. Em marketing,<\/i>\n<\/p>\n\n<p class=\"wp-block-paragraph\">\n\u00e9 importante diferenciar os conceitos de \u201cp\u00fablico-alvo\u201d, \u201cposicionamento\u201d, \u201ccampanha publicit\u00e1ria\u201d e \u201cretorno sobre o investimento\u201d. <strong><\/strong> Adaptar o vocabul\u00e1rio a cada contexto tamb\u00e9m \u00e9 um forte indicador de profissionalismo. Um profissional de marketing falar\u00e1 sobre \u201clan\u00e7amento de produto\u201d e \u201cpesquisa de mercado\u201d, enquanto um gerente de RH discutir\u00e1 \u201crecrutamento\u201d e \u201centrevista de emprego\u201d. Essas palavras-chave realmente enriquecem as discuss\u00f5es e evitam mal-entendidos. Para simplificar, considere manter uma lista curta de vocabul\u00e1rio especializado para cada reuni\u00e3o ou e-mail.\n<\/p>\n\n<ul class=\"wp-block-list\"><li><strong>Como escrever e-mails profissionais claros e adequados?<\/strong> Os e-mails s\u00e3o a espinha dorsal da comunica\u00e7\u00e3o profissional na Fran\u00e7a. Usar vocabul\u00e1rio preciso e f\u00f3rmulas de cortesia apropriadas demonstra rigor e respeito pelos seus contatos. Para iniciar um e-mail, existem frases como \u201cAp\u00f3s nossa conversa telef\u00f4nica\u201d ou \u201cConforme combinado, estou encaminhando\u2026\u201d. Essas frases enfatizam a continuidade da troca de mensagens e sinalizam seu envolvimento. Para o encerramento, \u00e9 apropriado usar \u201cEstou \u00e0 sua disposi\u00e7\u00e3o\u201d, \u201cSinta-se \u00e0 vontade para entrar em contato comigo\u201d ou um cordial \u201cAtenciosamente\u201d, dependendo do seu n\u00edvel de intimidade com o destinat\u00e1rio.<\/li><li><strong><\/strong> \u00c9 claro que usar consistentemente o tratamento formal \u201cvous\u201d (voc\u00ea) com superiores ou desconhecidos continua sendo uma boa pr\u00e1tica. E para evitar constrangimentos, \u00e9 melhor evitar anglicismos como \u201cmeeting\u201d (reuni\u00e3o) ou \u201cfeedback\u201d (feedback), que podem incomodar alguns colegas. Sempre substitua-os por \u201cr\u00e9union\u201d (reuni\u00e3o) e \u201cretour\u201d (feedback). Se voc\u00ea tiver d\u00favidas sobre uma frase ou registro, sinta-se \u00e0 vontade para fazer um teste gratuito para avaliar seu n\u00edvel de franc\u00eas profissional e identificar \u00e1reas que precisam ser aprimoradas, por exemplo, por meio desta ferramenta online.<\/li><li><strong><\/strong> Frases de abertura:<\/li><li><strong><\/strong> \u201cEm refer\u00eancia \u00e0 sua solicita\u00e7\u00e3o\u201d, \u201cGostaria de lhe pedir que\u2026\u201d<\/li><\/ul>\n\n<h2 class=\"wp-block-heading\"><span class=\"ez-toc-section\" id=\"Transicoes\"><\/span>Transi\u00e7\u00f5es:<span class=\"ez-toc-section-end\"><\/span><\/h2>\n        \n         \n        <figure class=\"wp-block-image size-full\">\n          <img decoding=\"async\" src=\"https:\/\/www.fle.re\/blog\/wp-content\/uploads\/2025\/12\/Quels-sont-les-termes-spcifiques.jpeg\" alt=\"\">\n        <\/figure>\n        \n          \n\n<h3 class=\"wp-block-heading\">\u201cAl\u00e9m disso\u201d, \u201cEm rela\u00e7\u00e3o \u00e0 sua pergunta anterior\u2026\u201d<\/h3>\n\n<p class=\"wp-block-paragraph\">\nFrases de encerramento: <strong><\/strong> \u201cAtenciosamente\u201d, \u201cAguardo sua resposta\u201d <strong>Como evitar gafes e erros culturais no franc\u00eas para neg\u00f3cios?<\/strong> <strong>Adotar um franc\u00eas profissional natural n\u00e3o se resume a memorizar listas de palavras-chave; trata-se tamb\u00e9m de cultivar a consci\u00eancia das nuances culturais. Algumas express\u00f5es ou frases podem parecer inofensivas, mas, em um contexto empresarial franc\u00eas, est\u00e3o longe de ser neutras! Por exemplo, o uso de \u201ctu\u201d (o \u201cvoc\u00ea\u201d informal).<\/strong>\u00ab\u00a0Um superior que demonstra familiaridade excessiva desde o primeiro contato pode dar a impress\u00e3o de intimidade demasiadamente. Ou, usar um anglicismo como \u00ab\u00a0brainstorming\u00a0\u00bb em vez de \u00ab\u00a0remue-m\u00e9ninges\u00a0\u00bb pode ofender os puristas apegados \u00e0 l\u00edngua francesa. Gest\u00e3o do tempo, pontualidade e at\u00e9 mesmo a maneira de falar \u2014 esperar a sua vez, n\u00e3o interromper \u2014 est\u00e3o entre as pr\u00e1ticas que \u00e0s vezes s\u00e3o aprendidas no trabalho&#8230; ou observando os colegas. <strong>Erro Comum<\/strong>Express\u00e3o Correta\n<\/p>\n\n<p class=\"wp-block-paragraph\">\nEfeito na Conversa\n<\/p>\n\n<h2 class=\"wp-block-heading\"><span class=\"ez-toc-section\" id=\"%C2%AB_Avoir_un_meeting_%C2%BB\"><\/span>\u00ab\u00a0Avoir un meeting\u00a0\u00bb<span class=\"ez-toc-section-end\"><\/span><\/h2>\n\n<p class=\"wp-block-paragraph\">\n\u00ab\u00a0Avoir une r\u00e9union\u00a0\u00bb <strong>Mais profissional, reconhecido por todos<\/strong> \u00ab\u00a0Deadline\u00a0\u00bb <i>\u00ab\u00a0Date limite\u00a0\u00bb<\/i> Evita mal-entendidos, mant\u00e9m a formalidade<strong>\u00ab\u00a0Feedback\u00a0\u00bb<\/strong>\u00ab\u00a0Retour\u00a0\u00bb<strong>Clareza: todos entendem<\/strong>Conclus\u00e3o\n<\/p>\n\n<p class=\"wp-block-paragraph\">\nConclus\u00e3o <strong>Adotar um vocabul\u00e1rio profissional adequado em franc\u00eas realmente faz a diferen\u00e7a no dia a dia da empresa. Usar verbos precisos ou express\u00f5es espec\u00edficas n\u00e3o s\u00f3 permite maior clareza nas intera\u00e7\u00f5es, como tamb\u00e9m facilita a compreens\u00e3o durante as conversas. Reuni\u00f5es, e-mails ou apresenta\u00e7\u00f5es. Voc\u00ea sente imediatamente que a comunica\u00e7\u00e3o se torna mais eficaz.<\/strong> Ao integrar gradualmente os c\u00f3digos lingu\u00edsticos do ambiente de trabalho, falar se torna mais natural. Isso tamb\u00e9m o incentiva a desenvolver sua confian\u00e7a, tanto oralmente quanto por escrito. N\u00e3o hesite em praticar regularmente: cada situa\u00e7\u00e3o profissional permitir\u00e1 que voc\u00ea fortale\u00e7a sua flu\u00eancia e confian\u00e7a no dom\u00ednio do franc\u00eas profissional. No final das contas, todos percebem que um vocabul\u00e1rio enriquecido acaba transformando a forma como voc\u00ea \u00e9 percebido. <a href=\"https:\/\/www.fle.re\/blog\/test-niveau-francais-gratuit\/\" target=\"_blank\"><\/a>Como enriquecer seu vocabul\u00e1rio \u00fatil em franc\u00eas profissional?\n<\/p>\n\n<ul class=\"wp-block-list\"><li><strong><\/strong> Enriquecendo seu vocabul\u00e1rio em franc\u00eas profissional<\/li><li><strong>Isso envolve praticar regularmente em diferentes situa\u00e7\u00f5es de trabalho: reuni\u00f5es, conversas informais e reda\u00e7\u00e3o de e-mails e documentos t\u00e9cnicos. \u00c9 aconselh\u00e1vel manter um caderno de vocabul\u00e1rio, ler artigos especializados e praticar a reformula\u00e7\u00e3o de frases comuns com sin\u00f4nimos precisos. Participar de workshops de idiomas ou trocar ideias com colegas nativos tamb\u00e9m permite adquirir rapidamente termos e express\u00f5es adaptados ao contexto profissional. Por fim, analisar documentos aut\u00eanticos (relat\u00f3rios, procedimentos, editais de licita\u00e7\u00e3o) ajuda a observar o uso de verbos e express\u00f5es espec\u00edficos de cada \u00e1rea.<\/strong> <\/li><li><strong>Quais s\u00e3o as armadilhas a evitar com um vocabul\u00e1rio profissional \u00fatil?<\/strong> <\/li><\/ul>\n\n<h2 class=\"wp-block-heading\"><span class=\"ez-toc-section\" id=\"A_principal_armadilha_do_vocabulario_util_em_frances_profissional_e_o_uso_de_anglicismos_quando_existem_equivalentes_reconhecidos_em_frances_principalmente_em_contextos_formais_Alem_disso_evite_falsos_cognatos_e_nao_superestime_o_impacto_de_expressoes_informais_que_podem_ser_consideradas_inadequadas_em_um_contexto_formal_Usar_uma_linguagem_adaptada_ao_destinatario_superiores_colegas_clientes_garante_uma_comunicacao_clara_e_respeitosa_Tambem_e_importante_nao_generalizar_termos_tecnicos_para_outras_areas_sem_verificar_sua_relevancia\"><\/span>A principal armadilha do vocabul\u00e1rio \u00fatil em franc\u00eas profissional \u00e9 o uso de anglicismos quando existem equivalentes reconhecidos em franc\u00eas, principalmente em contextos formais. Al\u00e9m disso, evite falsos cognatos e n\u00e3o superestime o impacto de express\u00f5es informais que podem ser consideradas inadequadas em um contexto formal. Usar uma linguagem adaptada ao destinat\u00e1rio (superiores, colegas, clientes) garante uma comunica\u00e7\u00e3o clara e respeitosa. Tamb\u00e9m \u00e9 importante n\u00e3o generalizar termos t\u00e9cnicos para outras \u00e1reas sem verificar sua relev\u00e2ncia.<span class=\"ez-toc-section-end\"><\/span><\/h2>\n\n<p class=\"wp-block-paragraph\">\n <strong>Que recursos podem ser utilizados para aprimorar o franc\u00eas profissional?<\/strong><i>Fontes:<\/i>Minist\u00e9rio do Trabalho, Pleno Emprego e Integra\u00e7\u00e3o. \u201cVocabul\u00e1rio do Local de Trabalho\u201d. travail-emploi.gouv.fr, 20\/04\/2022. Acesso em 24\/06\/2024.\n<\/p>\n\n<figure class=\"wp-block-table\"><table>\n<tr>\n<th><\/th>\n<th>Ver tamb\u00e9m:<\/th>\n<th>France \u00c9ducation international. \u201cFranc\u00eas Profissional \u2013 L\u00edngua Francesa e Integra\u00e7\u00e3o Profissional\u201d. france-education-international.fr, 12\/07\/2023. Acesso em 24\/06\/2024.<\/th>\n<\/tr>\n<tr>\n<td><\/td>\n<td>Ver tamb\u00e9m:<\/td>\n<td>Escrit\u00f3rio queb\u00e9cois de la langue fran\u00e7aise. \u201cGloss\u00e1rio de Vocabul\u00e1rio Empresarial.\u201d oqlf.gouv.qc.ca, 2 de novembro de 2022. Acessado em 24 de junho de 2024.<\/td>\n<\/tr>\n<tr>\n<td><\/td>\n<td>Visualizar<\/td>\n<td><\/td>\n<\/tr>\n<tr>\n<td><\/td>\n<td><\/td>\n<td><\/td>\n<\/tr>\n<\/table><\/figure>\n\n<h2 class=\"wp-block-heading\"><\/h2>\n        \n         \n        <figure class=\"wp-block-image size-full\">\n          <img decoding=\"async\" src=\"https:\/\/www.fle.re\/blog\/wp-content\/uploads\/2025\/12\/Conclusion-56.jpeg\" alt=\"\">\n        <\/figure>\n        \n          \n\n<p class=\"wp-block-paragraph\">\n <strong><\/strong>  <strong><\/strong>  <strong><\/strong> \n<\/p>\n\n<p class=\"wp-block-paragraph\">\n <strong><\/strong> <strong><\/strong>\n<\/p>\n\n<p class=\"wp-block-paragraph\"><section class=\"faq\">\n<div>\n<h2><\/h2>\n<div>\n<p><strong><\/strong>  <strong><\/strong> <\/p>\n<\/div>\n<\/div>\n<div>\n<h2><\/h2>\n<div>\n<p> <strong><\/strong> <\/p>\n<\/div>\n<\/div>\n<div>\n<h2><\/h2>\n        \n         \n        <figure class=\"wp-block-image size-full\">\n          <img decoding=\"async\" src=\"https:\/\/www.fle.re\/blog\/wp-content\/uploads\/2025\/12\/Quelles-ressources-utiliser-pour-amliorer.jpeg\" alt=\"\">\n        <\/figure>\n        \n          \n         \n        <figure class=\"wp-block-image size-full\">\n          <img decoding=\"async\" src=\"https:\/\/www.fle.re\/blog\/wp-content\/uploads\/2025\/12\/Sources-16.jpeg\" alt=\"\">\n        <\/figure>\n        \n          \n\n<ol class=\"wp-block-list\"><li> <a href=\"https:\/\/travail-emploi.gouv.fr\/ministere\/acteurs\/vocabulaire-du-mondu-travail\" rel=\"nofollow noopener noreferrer\" target=\"_blank\"><\/a><\/li><li> <a href=\"https:\/\/www.france-education-international.fr\/article\/francais-professionnel-langue-francaise-et-insertion-professionnelle\" rel=\"nofollow noopener noreferrer\" target=\"_blank\"><\/a><\/li><li> <a href=\"https:\/\/www.oqlf.gouv.qc.ca\/ressources\/bibliotheque\/lexiques\/affaires\/index.html\" rel=\"nofollow noopener noreferrer\" target=\"_blank\"><\/a><\/li><\/ol>\n\n<\/div><\/section><\/p>\n","protected":false},"excerpt":{"rendered":"<p>Dominar o vocabul\u00e1rio profissional franc\u00eas preciso \u00e9 essencial para prosperar em uma empresa franc\u00f3fona. No escrit\u00f3rio, a linguagem muda: voc\u00ea [&hellip;]<\/p>\n","protected":false},"author":2,"featured_media":646,"comment_status":"open","ping_status":"open","sticky":false,"template":"","format":"standard","meta":{"_crdt_document":"","site-sidebar-layout":"default","site-content-layout":"","ast-site-content-layout":"default","site-content-style":"default","site-sidebar-style":"default","ast-global-header-display":"","ast-banner-title-visibility":"","ast-main-header-display":"","ast-hfb-above-header-display":"","ast-hfb-below-header-display":"","ast-hfb-mobile-header-display":"","site-post-title":"","ast-breadcrumbs-content":"","ast-featured-img":"","footer-sml-layout":"","ast-disable-related-posts":"","theme-transparent-header-meta":"","adv-header-id-meta":"","stick-header-meta":"","header-above-stick-meta":"","header-main-stick-meta":"","header-below-stick-meta":"","astra-migrate-meta-layouts":"default","ast-page-background-enabled":"default","ast-page-background-meta":{"desktop":{"background-color":"var(--ast-global-color-5)","background-image":"","background-repeat":"repeat","background-position":"center center","background-size":"auto","background-attachment":"scroll","background-type":"","background-media":"","overlay-type":"","overlay-color":"","overlay-opacity":"","overlay-gradient":""},"tablet":{"background-color":"","background-image":"","background-repeat":"repeat","background-position":"center center","background-size":"auto","background-attachment":"scroll","background-type":"","background-media":"","overlay-type":"","overlay-color":"","overlay-opacity":"","overlay-gradient":""},"mobile":{"background-color":"","background-image":"","background-repeat":"repeat","background-position":"center center","background-size":"auto","background-attachment":"scroll","background-type":"","background-media":"","overlay-type":"","overlay-color":"","overlay-opacity":"","overlay-gradient":""}},"ast-content-background-meta":{"desktop":{"background-color":"var(--ast-global-color-4)","background-image":"","background-repeat":"repeat","background-position":"center center","background-size":"auto","background-attachment":"scroll","background-type":"","background-media":"","overlay-type":"","overlay-color":"","overlay-opacity":"","overlay-gradient":""},"tablet":{"background-color":"var(--ast-global-color-4)","background-image":"","background-repeat":"repeat","background-position":"center center","background-size":"auto","background-attachment":"scroll","background-type":"","background-media":"","overlay-type":"","overlay-color":"","overlay-opacity":"","overlay-gradient":""},"mobile":{"background-color":"var(--ast-global-color-4)","background-image":"","background-repeat":"repeat","background-position":"center center","background-size":"auto","background-attachment":"scroll","background-type":"","background-media":"","overlay-type":"","overlay-color":"","overlay-opacity":"","overlay-gradient":""}},"footnotes":""},"categories":[693],"tags":[6760,3766,4921,857,6763],"class_list":["post-2553","post","type-post","status-publish","format-standard","has-post-thumbnail","hentry","category-non-classe-pt","tag-comunicacao-profissional-pt","tag-expressao-oral-pt","tag-frances-profissional-pt","tag-lingua-francesa-pt","tag-vocabulario-profissional-pt"],"_links":{"self":[{"href":"https:\/\/www.fle.re\/blog\/wp-json\/wp\/v2\/posts\/2553","targetHints":{"allow":["GET"]}}],"collection":[{"href":"https:\/\/www.fle.re\/blog\/wp-json\/wp\/v2\/posts"}],"about":[{"href":"https:\/\/www.fle.re\/blog\/wp-json\/wp\/v2\/types\/post"}],"author":[{"embeddable":true,"href":"https:\/\/www.fle.re\/blog\/wp-json\/wp\/v2\/users\/2"}],"replies":[{"embeddable":true,"href":"https:\/\/www.fle.re\/blog\/wp-json\/wp\/v2\/comments?post=2553"}],"version-history":[{"count":1,"href":"https:\/\/www.fle.re\/blog\/wp-json\/wp\/v2\/posts\/2553\/revisions"}],"predecessor-version":[{"id":2554,"href":"https:\/\/www.fle.re\/blog\/wp-json\/wp\/v2\/posts\/2553\/revisions\/2554"}],"wp:featuredmedia":[{"embeddable":true,"href":"https:\/\/www.fle.re\/blog\/wp-json\/wp\/v2\/media\/646"}],"wp:attachment":[{"href":"https:\/\/www.fle.re\/blog\/wp-json\/wp\/v2\/media?parent=2553"}],"wp:term":[{"taxonomy":"category","embeddable":true,"href":"https:\/\/www.fle.re\/blog\/wp-json\/wp\/v2\/categories?post=2553"},{"taxonomy":"post_tag","embeddable":true,"href":"https:\/\/www.fle.re\/blog\/wp-json\/wp\/v2\/tags?post=2553"}],"curies":[{"name":"wp","href":"https:\/\/api.w.org\/{rel}","templated":true}]}}