{"id":2559,"date":"2026-02-03T18:45:03","date_gmt":"2026-02-03T18:45:03","guid":{"rendered":"https:\/\/www.fle.re\/blog\/?p=2559"},"modified":"2026-02-03T18:45:07","modified_gmt":"2026-02-03T18:45:07","slug":"profesyonel-fransizca-faydali-kelimeler","status":"publish","type":"post","link":"https:\/\/www.fle.re\/blog\/tr\/profesyonel-fransizca-faydali-kelimeler\/","title":{"rendered":"Profesyonel Frans\u0131zca: Faydal\u0131 Kelimeler"},"content":{"rendered":"<p class=\"wp-block-paragraph\">\nFrans\u0131zca konu\u015fulan bir \u015firkette ba\u015far\u0131l\u0131 olmak i\u00e7in, do\u011fru ve profesyonel Frans\u0131zca kelime bilgisine hakim olmak \u015fartt\u0131r. Ofiste dil de\u011fi\u015fir: \u00f6zellikle toplant\u0131lar s\u0131ras\u0131nda veya e-posta yazarken, gayri resmi konu\u015fmalardan daha yap\u0131land\u0131r\u0131lm\u0131\u015f ifadelere ge\u00e7ebilmeniz gerekir. Bir fikri ifade ederken veya bir projeyi savunurken kendinizi k\u0131s\u0131tlanm\u0131\u015f hissetmekten daha sinir bozucu bir \u015fey yoktur. A\u00e7\u0131k\u00e7as\u0131, tek bir dil s\u00fcr\u00e7mesi y\u00fcz\u00fcnden d\u00fc\u015f\u00fcnce ak\u0131\u015f\u0131n\u0131 kaybetmeyen kimse yoktur herhalde? fle.re platformu ile, i\u015f yerinde \u00f6nemli ifadeleri \u00f6\u011frenmek herkes i\u00e7in eri\u015filebilir hale geliyor. Fark, birka\u00e7 iyi se\u00e7ilmi\u015f ifadede veya bir sunumda do\u011fru terimde yat\u0131yor. Ama\u00e7? Daha rahat konu\u015fmak ve her zaman halka a\u00e7\u0131k konu\u015fmalarda, resmi bir g\u00f6r\u00fc\u015fmede veya profesyonel mesajlar\u0131n\u0131zda iyi bir izlenim b\u0131rakmak. Bir bak\u0131\u015f a\u00e7\u0131s\u0131n\u0131 do\u011fru, net ve do\u011fal bir \u015fekilde a\u00e7\u0131klayabilmek ger\u00e7ekten b\u00fcy\u00fck fark yarat\u0131yor! \u0130\u015f yerinde g\u00fcvenilir olmak i\u00e7in hangi kelimeleri ve fiilleri kullanmal\u0131s\u0131n\u0131z? <strong>Uygun bir profesyonel kelime bilgisine sahip olmak, ofiste, toplant\u0131larda veya e-posta yaz\u0131\u015fmalar\u0131nda etkile\u015fimlerde ger\u00e7ekten fark yarat\u0131r. S\u00fcrekli ayn\u0131 fiilleri kullanmak sizi biraz akademik g\u00f6sterebilirken, \u00e7e\u015fitli ve hassas terimler kullanmak etkinizi ve do\u011fall\u0131\u011f\u0131n\u0131z\u0131 an\u0131nda art\u0131r\u0131r. \u00d6rne\u011fin,<\/strong> delegasyon (bir g\u00f6revi birine emanet etmek), <strong>rapor (bir projenin durumu hakk\u0131nda de\u011ferlendirme veya rapor vermek) veya<\/strong> tartmak (dikkatlice de\u011ferlendirmek) gibi fiiller profesyonel tart\u0131\u015fmalarda d\u00fczenli olarak kullan\u0131l\u0131r. Bir toplant\u0131 s\u0131ras\u0131nda dikkatlice dinleyin; bu kelimelerin s\u00f6ylediklerinize derinlik ve hassasiyet katt\u0131\u011f\u0131n\u0131 fark edeceksiniz. Ba\u015fka bir \u00f6rnek: <i>bozmak (sarsmak), yani organizasyonu alt \u00fcst etmek veya<\/i>yakla\u015fmak\n<\/p>\n\n<p class=\"wp-block-paragraph\">\nYeni m\u00fc\u015fteriler bulma eylemini tan\u0131mlamak i\u00e7in bu fiilleri do\u011fal bir \u015fekilde kullanmak, meslekta\u015flar\u0131n\u0131z veya \u00fcstleriniz nezdinde kesinlikle puan kazand\u0131racakt\u0131r! <strong><\/strong> Profesyonel Frans\u0131zca konusunda daha da rahat olmak ve hem konu\u015fma hem de yazma becerilerinizde \u00f6zg\u00fcveninizi art\u0131rmak istiyorsan\u0131z, kelime da\u011farc\u0131\u011f\u0131n\u0131z\u0131 belirli kaynaklarla desteklemekten ve sim\u00fclasyonlar veya gayri resmi tart\u0131\u015fmalar s\u0131ras\u0131nda pratik yapmaktan \u00e7ekinmeyin. H\u0131zl\u0131 bir \u015fekilde ilerleyecek ve \u00f6zg\u00fcven kazanacaks\u0131n\u0131z; bir meslekta\u015f\u0131n\u0131z\u0131n \u00ab\u00a0A\u00e7\u0131klamalar\u0131n\u0131z net ve \u00f6zl\u00fc\u00a0\u00bb demesi ger\u00e7ekten \u00f6d\u00fcllendirici. Aram\u0131zda k\u00fc\u00e7\u00fck bir ipucu: Bu fiilleri e-postalar\u0131n\u0131zda kullanmaya ba\u015flay\u0131n; etkisini hemen g\u00f6receksiniz. <i><\/i> Toplant\u0131lar ve g\u00f6r\u00fc\u015fmeler s\u0131ras\u0131nda ileti\u015fimi kolayla\u015ft\u0131ran ifadeler nelerdir?\n<\/p>\n\n\n\n<h2 class=\"wp-block-heading\"><\/h2>\n\n<p class=\"wp-block-paragraph\">\nToplant\u0131larda veya g\u00f6r\u00fc\u015fmelerde kullan\u0131lan ifadeler genellikle profesyonel Frans\u0131zca dil kurallar\u0131na hakimiyeti yans\u0131t\u0131r. Konu\u015fman\u0131z\u0131 yap\u0131land\u0131rmak i\u00e7in, \u00ab\u00a0Bunu g\u00f6zden ge\u00e7irelim\u00a0\u00bb, \u00ab\u00a0G\u00fcndeme ge\u00e7elim\u00a0\u00bb veya \u00ab\u00a0Ayn\u0131 do\u011frultuda, bence&#8230;\u00a0\u00bb gibi tipik ifadeler vard\u0131r. Bu ifadeler, profesyonel ve nazik kal\u0131rken konu\u015fmay\u0131 y\u00f6nlendirmenize, fikrinizi sunman\u0131za veya bir tart\u0131\u015fmay\u0131 yeniden ba\u015flatman\u0131za olanak tan\u0131r. Bir g\u00f6r\u00fc\u015fe kat\u0131lman\u0131z veya bir \u00e7ekincenizi belirtmeniz gerekti\u011finde, \u00ab\u00a0Bu g\u00f6r\u00fc\u015f\u00fc payla\u015f\u0131yorum\u00a0\u00bb veya \u00ab\u00a0Baz\u0131 \u00e7ekincelerim var\u00a0\u00bb gibi ifadeler \u00e7ok de\u011ferlidir. Tart\u0131\u015fmalar\u0131 h\u0131zland\u0131rmak veya tepkileri te\u015fvik etmek i\u00e7in, \u00ab\u00a0L\u00fctfen yorum yapmaktan \u00e7ekinmeyin\u00a0\u00bb veya \u00ab\u00a0Gerekirse daha fazla \u015fey eklemenizi rica ediyorum\u00a0\u00bb ifadeleri \u00e7ok etkilidir. Toplant\u0131larda, \u00f6zellikle hiyerar\u015fi ve g\u00f6rg\u00fc kurallar\u0131n\u0131n \u00e7ok \u00f6nemli oldu\u011fu Frans\u0131z \u015firketlerinde, s\u00f6z kesmekten veya davet edilmeden konu\u015fmaktan ka\u00e7\u0131nmak en iyisidir. <strong>Yerinizde saymaya devam edin. Bunun yerine, \u201cBir \u015fey ekleyebilir miyim?\u201d veya \u201cAz \u00f6nce s\u00f6ylenenlere ek olarak\u2026\u201d gibi ifadeleri tercih edin. Bu, di\u011fer kat\u0131l\u0131mc\u0131lara sayg\u0131 g\u00f6stermenin yan\u0131 s\u0131ra, aktif dinlemeye de\u011fer veren bir tak\u0131m oyuncusu olarak imaj\u0131n\u0131z\u0131 da g\u00fc\u00e7lendirir.<\/strong>  <strong>Katk\u0131n\u0131z\u0131 yap\u0131land\u0131rma:<\/strong>  <strong>\u201c\u00d6ncelikle \u015funlara de\u011finece\u011fim\u2026\u201d, \u201cSonu\u00e7 olarak, \u015funu s\u00f6yleyebilirim ki\u2026\u201d<\/strong> Kat\u0131lmama ifadesi: <strong><\/strong> \u201cBak\u0131\u015f a\u00e7\u0131n\u0131z\u0131 anl\u0131yorum, ancak\u2026\u201d <strong>Tart\u0131\u015fmay\u0131 yeniden ba\u015flatma:<\/strong> <strong>\u201cBu alternatife ne diyorsunuz?\u201d<\/strong>\n<\/p>\n\n<p class=\"wp-block-paragraph\">\nYeniden ifade etme: <strong><\/strong> \u201cBa\u015fka bir deyi\u015fle, \u015funu \u00f6neriyorsunuz ki\u2026\u201d\n<\/p>\n\n<div id=\"ez-toc-container\" class=\"ez-toc-v2_0_82_2 ez-toc-wrap-center counter-hierarchy ez-toc-counter ez-toc-transparent ez-toc-container-direction\">\n<div class=\"ez-toc-title-container\">\n<p class=\"ez-toc-title\" style=\"cursor:inherit\">Sommaire<\/p>\n<span class=\"ez-toc-title-toggle\"><a href=\"#\" class=\"ez-toc-pull-right ez-toc-btn ez-toc-btn-xs ez-toc-btn-default ez-toc-toggle\" aria-label=\"Toggle Table of Content\"><span class=\"ez-toc-js-icon-con\"><span class=\"\"><span class=\"eztoc-hide\" style=\"display:none;\">Toggle<\/span><span class=\"ez-toc-icon-toggle-span\"><svg style=\"fill: #999;color:#999\" xmlns=\"http:\/\/www.w3.org\/2000\/svg\" class=\"list-377408\" width=\"20px\" height=\"20px\" viewBox=\"0 0 24 24\" fill=\"none\"><path d=\"M6 6H4v2h2V6zm14 0H8v2h12V6zM4 11h2v2H4v-2zm16 0H8v2h12v-2zM4 16h2v2H4v-2zm16 0H8v2h12v-2z\" fill=\"currentColor\"><\/path><\/svg><svg style=\"fill: #999;color:#999\" class=\"arrow-unsorted-368013\" xmlns=\"http:\/\/www.w3.org\/2000\/svg\" width=\"10px\" height=\"10px\" viewBox=\"0 0 24 24\" version=\"1.2\" baseProfile=\"tiny\"><path d=\"M18.2 9.3l-6.2-6.3-6.2 6.3c-.2.2-.3.4-.3.7s.1.5.3.7c.2.2.4.3.7.3h11c.3 0 .5-.1.7-.3.2-.2.3-.5.3-.7s-.1-.5-.3-.7zM5.8 14.7l6.2 6.3 6.2-6.3c.2-.2.3-.5.3-.7s-.1-.5-.3-.7c-.2-.2-.4-.3-.7-.3h-11c-.3 0-.5.1-.7.3-.2.2-.3.5-.3.7s.1.5.3.7z\"\/><\/svg><\/span><\/span><\/span><\/a><\/span><\/div>\n<nav><ul class='ez-toc-list ez-toc-list-level-1 eztoc-toggle-hide-by-default' ><li class='ez-toc-page-1 ez-toc-heading-level-2'><a class=\"ez-toc-link ez-toc-heading-1\" href=\"https:\/\/www.fle.re\/blog\/tr\/profesyonel-fransizca-faydali-kelimeler\/#Her_departman_veya_sektor_icin_ozel_terimler_nelerdir\" >Her departman veya sekt\u00f6r i\u00e7in \u00f6zel terimler nelerdir?<\/a><\/li><li class='ez-toc-page-1 ez-toc-heading-level-2'><a class=\"ez-toc-link ez-toc-heading-2\" href=\"https:\/\/www.fle.re\/blog\/tr\/profesyonel-fransizca-faydali-kelimeler\/#Gecis_ifadeleri\" >Ge\u00e7i\u015f ifadeleri:<\/a><\/li><li class='ez-toc-page-1 ez-toc-heading-level-2'><a class=\"ez-toc-link ez-toc-heading-3\" href=\"https:\/\/www.fle.re\/blog\/tr\/profesyonel-fransizca-faydali-kelimeler\/#%C2%AB_Avoir_un_meeting_%C2%BB\" >\u00ab\u00a0Avoir un meeting\u00a0\u00bb<\/a><\/li><li class='ez-toc-page-1 ez-toc-heading-level-2'><a class=\"ez-toc-link ez-toc-heading-4\" href=\"https:\/\/www.fle.re\/blog\/tr\/profesyonel-fransizca-faydali-kelimeler\/#Profesyonel_Fransizcayi_gelistirmek_icin_hangi_kaynaklar_kullanilabilir\" >Profesyonel Frans\u0131zcay\u0131 geli\u015ftirmek i\u00e7in hangi kaynaklar kullan\u0131labilir?<\/a><\/li><\/ul><\/nav><\/div>\n<h2 class=\"wp-block-heading\"><span class=\"ez-toc-section\" id=\"Her_departman_veya_sektor_icin_ozel_terimler_nelerdir\"><\/span>Her departman veya sekt\u00f6r i\u00e7in \u00f6zel terimler nelerdir?<span class=\"ez-toc-section-end\"><\/span><\/h2>\n\n<p class=\"wp-block-paragraph\">\n <strong>Her departman veya sekt\u00f6r i\u00e7in \u00f6zel terimler nelerdir?<\/strong><strong>\u0130nsan Kaynaklar\u0131, Finans ve Pazarlama: Anahtar Terimler<\/strong>Her departman\u0131n kendine \u00f6zg\u00fc profesyonel jargon ve ifadeleri vard\u0131r ve bu, departmanlar veya sekt\u00f6rler aras\u0131nda ge\u00e7i\u015f yaparken \u015fa\u015f\u0131rt\u0131c\u0131 olabilir. \u0130nsan kaynaklar\u0131nda<strong><\/strong>\u201c\u0130\u00e7 hareketlilik\u201d (i\u015f de\u011fi\u015fikli\u011fi), \u201cy\u0131ll\u0131k performans de\u011ferlendirmesi\u201d ve \u201cdeneme s\u00fcresi\u201d gibi terimler yayg\u0131n olarak kullan\u0131l\u0131r. Finansta<i><\/i>\u201cNakit ak\u0131\u015f\u0131\u201d, \u201ckar\u201d, \u201cb\u00fct\u00e7e tahmini\u201d ve \u201cyat\u0131r\u0131m\u201d gibi kelimeler tart\u0131\u015fmalarda s\u0131k\u00e7a kar\u015f\u0131m\u0131za \u00e7\u0131kar. Pazarlamada<i><\/i>\u201cHedef kitle\u201d, \u201ckonumland\u0131rma\u201d, \u201creklam kampanyas\u0131\u201d ve \u201cyat\u0131r\u0131m getirisi\u201d kavramlar\u0131 aras\u0131nda ayr\u0131m yapmaya dikkat edin.\n<\/p>\n\n<p class=\"wp-block-paragraph\">\nKelime da\u011farc\u0131\u011f\u0131n\u0131z\u0131 her ba\u011flama uyarlamak da profesyonelli\u011fin g\u00fc\u00e7l\u00fc bir g\u00f6stergesidir. Bir pazarlamac\u0131 \u201c\u00fcr\u00fcn lansman\u0131\u201d ve \u201cpazar ara\u015ft\u0131rmas\u0131\u201dndan bahsederken, bir \u0130K y\u00f6neticisi \u201ci\u015fe al\u0131m\u201d ve \u201ci\u015f g\u00f6r\u00fc\u015fmesi\u201dnden bahsedecektir. Bu anahtar kelimeler tart\u0131\u015fmalar\u0131 ger\u00e7ekten zenginle\u015ftirir ve yanl\u0131\u015f anla\u015f\u0131lmalar\u0131 \u00f6nler. \u0130\u015fleri basitle\u015ftirmek i\u00e7in, her toplant\u0131 veya e-posta i\u00e7in k\u0131sa bir \u00f6zel kelime listesi tutmay\u0131 d\u00fc\u015f\u00fcn\u00fcn. <strong>A\u00e7\u0131k ve uygun profesyonel e-postalar nas\u0131l yaz\u0131l\u0131r?<\/strong> \n<\/p>\n\n<ul class=\"wp-block-list\"><li><strong>E-postalar, Fransa&rsquo;da profesyonel ileti\u015fimin omurgas\u0131n\u0131 olu\u015fturur. Hassas kelime da\u011farc\u0131\u011f\u0131 ve uygun kibar ifadeler kullanmak, muhataplar\u0131n\u0131za kar\u015f\u0131 titizli\u011fi ve sayg\u0131y\u0131 g\u00f6sterir. Bir e-postaya ba\u015flarken, \u00ab\u00a0Telefon g\u00f6r\u00fc\u015fmemizin ard\u0131ndan\u00a0\u00bb veya \u00ab\u00a0Anla\u015ft\u0131\u011f\u0131m\u0131z gibi, iletiyorum\u2026\u00a0\u00bb gibi ifadeler kullan\u0131l\u0131r. Bu ifadeler, ileti\u015fimin devaml\u0131l\u0131\u011f\u0131n\u0131 vurgular ve sizin kat\u0131l\u0131m\u0131n\u0131z\u0131 g\u00f6sterir. Kapan\u0131\u015f i\u00e7in, al\u0131c\u0131yla olan samimiyet seviyenize ba\u011fl\u0131 olarak, \u00ab\u00a0Hizmetinizdeyim\u00a0\u00bb, \u00ab\u00a0L\u00fctfen benimle ileti\u015fime ge\u00e7mekten \u00e7ekinmeyin\u00a0\u00bb veya samimi bir \u00ab\u00a0Sayg\u0131lar\u0131mla\u00a0\u00bb kullanmak uygundur.<\/strong> <\/li><li><strong>Elbette, \u00fcstlerinizle veya tan\u0131mad\u0131\u011f\u0131n\u0131z ki\u015filerle s\u00fcrekli olarak resmi \u00ab\u00a0vous\u00a0\u00bb (siz) kullanmak iyi bir uygulamad\u0131r. Ve garip durumlar\u0131 \u00f6nlemek i\u00e7in, baz\u0131 meslekta\u015flar\u0131 rahats\u0131z edebilecek \u00ab\u00a0meeting\u00a0\u00bb veya \u00ab\u00a0feedback\u00a0\u00bb gibi \u0130ngilizce kelimelerden ka\u00e7\u0131nmak en iyisidir. Bunlar\u0131n yerine her zaman \u00ab\u00a0r\u00e9union\u00a0\u00bb (toplant\u0131) ve \u00ab\u00a0retour\u00a0\u00bb (geri bildirim) kullan\u0131n. Bir ifade veya \u00fcslup konusunda emin de\u011filseniz, profesyonel Frans\u0131zca seviyenizi de\u011ferlendirmek ve iyile\u015ftirme alanlar\u0131n\u0131 belirlemek i\u00e7in \u00fccretsiz bir teste kat\u0131lmaktan \u00e7ekinmeyin, \u00f6rne\u011fin,<\/strong> bu \u00e7evrimi\u00e7i ara\u00e7 arac\u0131l\u0131\u011f\u0131yla.<\/li><li><strong><\/strong> A\u00e7\u0131l\u0131\u015f ifadeleri:<\/li><li><strong><\/strong> \u201c\u0130ste\u011finize istinaden,\u201d \u201cSizden rica etmek istiyorum\u2026\u201d<\/li><\/ul>\n\n<h2 class=\"wp-block-heading\"><span class=\"ez-toc-section\" id=\"Gecis_ifadeleri\"><\/span>Ge\u00e7i\u015f ifadeleri:<span class=\"ez-toc-section-end\"><\/span><\/h2>\n        \n         \n        <figure class=\"wp-block-image size-full\">\n          <img decoding=\"async\" src=\"https:\/\/www.fle.re\/blog\/wp-content\/uploads\/2025\/12\/Quels-sont-les-termes-spcifiques.jpeg\" alt=\"\">\n        <\/figure>\n        \n          \n\n<h3 class=\"wp-block-heading\">\u201cAyr\u0131ca,\u201d \u201c\u00d6nceki sorunuza ili\u015fkin olarak\u2026\u201d<\/h3>\n\n<p class=\"wp-block-paragraph\">\nKapan\u0131\u015f ifadeleri: <strong><\/strong> \u201cSayg\u0131lar\u0131mla,\u201d \u201cCevab\u0131n\u0131z\u0131 bekliyorum\u201d <strong>\u0130\u015f Frans\u0131zcas\u0131nda k\u00fclt\u00fcrel tuzaklardan ve hatalardan nas\u0131l ka\u00e7\u0131n\u0131l\u0131r?<\/strong> <strong>Do\u011fal profesyonel Frans\u0131zca benimsemek sadece anahtar kelime listelerini ezberlemekle ilgili de\u011fildir; ayn\u0131 zamanda k\u00fclt\u00fcrel n\u00fcanslar\u0131n fark\u0131ndal\u0131\u011f\u0131n\u0131 geli\u015ftirmekle de ilgilidir. Baz\u0131 ifadeler veya deyimler zarars\u0131z g\u00f6r\u00fcnebilir, ancak Frans\u0131z i\u015f ba\u011flam\u0131nda, tarafs\u0131z olmaktan \u00e7ok uzakt\u0131rlar! \u00d6rne\u011fin, \u201ctu\u201d (gayri resmi \u201csen\u201d) kullan\u0131m\u0131.<\/strong>\u00ab\u00a0\u00dcst d\u00fczey bir yetkilinin ilk temastan itibaren a\u015f\u0131r\u0131 samimi davranmas\u0131, a\u015f\u0131r\u0131 samimiyet izlenimi verebilir. Ya da \u00ab\u00a0remue-m\u00e9ninges\u00a0\u00bb yerine \u00ab\u00a0brainstorming\u00a0\u00bb gibi \u0130ngilizce bir kelime kullanmak, Frans\u0131z diline ba\u011fl\u0131 puristleri rahats\u0131z edebilir. Zaman y\u00f6netimi, dakiklik ve hatta konu\u015fma bi\u00e7imi -s\u0131ran\u0131z\u0131 beklemek, s\u00f6z kesmemek- bazen i\u015fte \u00f6\u011frenilen veya meslekta\u015flar\u0131n\u0131z\u0131 g\u00f6zlemleyerek edinilen uygulamalar aras\u0131ndad\u0131r. <strong>Yayg\u0131n Hata<\/strong>Do\u011fru \u0130fade\n<\/p>\n\n<p class=\"wp-block-paragraph\">\nKonu\u015fma \u00dczerindeki Etki\n<\/p>\n\n<h2 class=\"wp-block-heading\"><span class=\"ez-toc-section\" id=\"%C2%AB_Avoir_un_meeting_%C2%BB\"><\/span>\u00ab\u00a0Avoir un meeting\u00a0\u00bb<span class=\"ez-toc-section-end\"><\/span><\/h2>\n\n<p class=\"wp-block-paragraph\">\n\u00ab\u00a0Avoir une r\u00e9union\u00a0\u00bb <strong>Daha profesyonel, herkes taraf\u0131ndan anla\u015f\u0131l\u0131r<\/strong> \u00ab\u00a0Deadline\u00a0\u00bb <i>\u00ab\u00a0Date limite\u00a0\u00bb<\/i> Yanl\u0131\u015f anla\u015f\u0131lmalar\u0131 \u00f6nler, resmi kal\u0131r<strong>\u00ab\u00a0Feedback\u00a0\u00bb<\/strong>\u00ab\u00a0Retour\u00a0\u00bb<strong>Netlik: herkes anlar<\/strong>Sonu\u00e7\n<\/p>\n\n<p class=\"wp-block-paragraph\">\nSonu\u00e7 <strong>Frans\u0131zcada uygun profesyonel kelime da\u011farc\u0131\u011f\u0131n\u0131 benimsemek, \u015firketin g\u00fcnl\u00fck operasyonlar\u0131nda ger\u00e7ekten fark yarat\u0131r. Kesin fiiller veya \u00f6zel ifadeler kullanmak, yaln\u0131zca ileti\u015fiminizde daha net olman\u0131z\u0131 sa\u011flamakla kalmaz, ayn\u0131 zamanda Ancak bu, toplant\u0131lar, e-postalar veya sunumlar s\u0131ras\u0131nda daha iyi anla\u015f\u0131lman\u0131z\u0131 da sa\u011flar. \u0130leti\u015fimin daha etkili hale geldi\u011fini hemen hissedersiniz.<\/strong> \u0130\u015f yerinin dil kodlar\u0131n\u0131 kademeli olarak entegre etti\u011finizde, konu\u015fma daha do\u011fal hale gelir. Bu ayn\u0131 zamanda hem s\u00f6zl\u00fc hem de yaz\u0131l\u0131 olarak \u00f6zg\u00fcveninizi geli\u015ftirmenizi te\u015fvik eder. D\u00fczenli olarak pratik yapmaktan \u00e7ekinmeyin: her profesyonel durum, profesyonel Frans\u0131zca&rsquo;da ak\u0131c\u0131l\u0131\u011f\u0131n\u0131z\u0131 ve \u00f6zg\u00fcveninizi g\u00fc\u00e7lendirmenize olanak tan\u0131yacakt\u0131r. Sonu\u00e7 olarak, zenginle\u015ftirilmi\u015f bir kelime da\u011farc\u0131\u011f\u0131n\u0131n alg\u0131lanma \u015feklinizi d\u00f6n\u00fc\u015ft\u00fcrd\u00fc\u011f\u00fcn\u00fc herkes fark eder. <a href=\"https:\/\/www.fle.re\/blog\/test-niveau-francais-gratuit\/\" target=\"_blank\">Profesyonel Frans\u0131zca&rsquo;da faydal\u0131 kelime da\u011farc\u0131\u011f\u0131n\u0131z\u0131 nas\u0131l zenginle\u015ftirebilirsiniz?<\/a>\n<\/p>\n\n<ul class=\"wp-block-list\"><li><strong>Profesyonel Frans\u0131zca kelime da\u011farc\u0131\u011f\u0131n\u0131z\u0131 zenginle\u015ftirme<\/strong> Bu, farkl\u0131 i\u015f ortamlar\u0131nda d\u00fczenli olarak pratik yapmay\u0131 i\u00e7erir: toplant\u0131lar, gayri resmi g\u00f6r\u00fc\u015fmeler ve e-posta ve teknik dok\u00fcmanlar yazmak. Yeni kelimelerin bir defterini tutmak, uzmanl\u0131k makaleleri okumak ve yayg\u0131n c\u00fcmleleri kesin e\u015f anlaml\u0131larla yeniden form\u00fcle etme prati\u011fi yapmak tavsiye edilir. Dil at\u00f6lyelerine kat\u0131lmak veya anadili Frans\u0131zca olan meslekta\u015flarla fikir al\u0131\u015fveri\u015finde bulunmak da profesyonel ba\u011flama uyarlanm\u0131\u015f terim ve ifadeleri h\u0131zla edinmenizi sa\u011flar. Son olarak, ger\u00e7ek belgeleri (raporlar, prosed\u00fcrler, ihale \u00e7a\u011fr\u0131lar\u0131) analiz etmek, her sekt\u00f6re \u00f6zg\u00fc fiillerin ve ifadelerin kullan\u0131m\u0131n\u0131 g\u00f6zlemlemeye yard\u0131mc\u0131 olur.<\/li><li><strong><\/strong> Faydal\u0131 profesyonel kelime da\u011farc\u0131\u011f\u0131nda ka\u00e7\u0131n\u0131lmas\u0131 gereken tuzaklar nelerdir?<\/li><li><strong>Profesyonel Frans\u0131zcada faydal\u0131 kelime da\u011farc\u0131\u011f\u0131n\u0131n en b\u00fcy\u00fck tuza\u011f\u0131, \u00f6zellikle resmi sekt\u00f6rlerde, tan\u0131nm\u0131\u015f Frans\u0131zca kar\u015f\u0131l\u0131klar\u0131 varken \u0130ngilizce kelimeler kullanmakt\u0131r. Ayr\u0131ca, yanl\u0131\u015f e\u015f anlaml\u0131 kelimelerden ka\u00e7\u0131n\u0131n ve resmi bir ba\u011flamda uygunsuz kabul edilebilecek gayri resmi ifadelerin etkisini abartmay\u0131n. Al\u0131c\u0131ya (\u00fcstler, meslekta\u015flar, m\u00fc\u015fteriler) g\u00f6re uyarlanm\u0131\u015f bir dil kullanmak, a\u00e7\u0131k ve sayg\u0131l\u0131 ileti\u015fimi sa\u011flar. Ayr\u0131ca, teknik terimlerin uygunlu\u011funu do\u011frulamadan di\u011fer alanlara genelle\u015ftirilmemesi de \u00f6nemlidir.<\/strong> <\/li><\/ul>\n\n<h2 class=\"wp-block-heading\"><span class=\"ez-toc-section\" id=\"Profesyonel_Fransizcayi_gelistirmek_icin_hangi_kaynaklar_kullanilabilir\"><\/span>Profesyonel Frans\u0131zcay\u0131 geli\u015ftirmek i\u00e7in hangi kaynaklar kullan\u0131labilir?<span class=\"ez-toc-section-end\"><\/span><\/h2>\n\n<p class=\"wp-block-paragraph\">\n <strong>Kaynaklar<\/strong>\u00c7al\u0131\u015fma, Tam \u0130stihdam ve Entegrasyon Bakanl\u0131\u011f\u0131. \u201c\u0130\u015f Yeri S\u00f6zl\u00fc\u011f\u00fc.\u201d travail-emploi.gouv.fr, 2022-04-20. Eri\u015fim tarihi: 2024-06-24.<i><\/i>Ayr\u0131ca bak\u0131n\u0131z\n<\/p>\n\n<figure class=\"wp-block-table\"><table>\n<tr>\n<th>France \u00c9ducation international. \u201cProfesyonel Frans\u0131zca \u2013 Frans\u0131z Dili ve Mesleki Entegrasyon.\u201d france-education-international.fr, 2023-07-12. Eri\u015fim tarihi: 2024-06-24.<\/th>\n<th><\/th>\n<th>Ayr\u0131ca bak\u0131n\u0131z<\/th>\n<\/tr>\n<tr>\n<td>Office qu\u00e9b\u00e9cois de la langue fran\u00e7aise. \u201c\u0130\u015fletme Kelime S\u00f6zl\u00fc\u011f\u00fc.\u201d oqlf.gouv.qc.ca, 2 Kas\u0131m 2022. Eri\u015fim tarihi: 24 Haziran 2024.<\/td>\n<td><\/td>\n<td>G\u00f6r\u00fc\u015f<\/td>\n<\/tr>\n<tr>\n<td><\/td>\n<td><\/td>\n<td><\/td>\n<\/tr>\n<tr>\n<td><\/td>\n<td><\/td>\n<td><\/td>\n<\/tr>\n<\/table><\/figure>\n\n<h2 class=\"wp-block-heading\"><\/h2>\n        \n         \n        <figure class=\"wp-block-image size-full\">\n          <img decoding=\"async\" src=\"https:\/\/www.fle.re\/blog\/wp-content\/uploads\/2025\/12\/Conclusion-56.jpeg\" alt=\"\">\n        <\/figure>\n        \n          \n\n<p class=\"wp-block-paragraph\">\n <strong><\/strong>  <strong><\/strong>  <strong><\/strong> \n<\/p>\n\n<p class=\"wp-block-paragraph\">\n <strong><\/strong> <strong><\/strong>\n<\/p>\n\n<p class=\"wp-block-paragraph\"><section class=\"faq\">\n<div>\n<h2><\/h2>\n<div>\n<p><strong><\/strong>  <strong><\/strong> <\/p>\n<\/div>\n<\/div>\n<div>\n<h2><\/h2>\n<div>\n<p> <strong><\/strong> <\/p>\n<\/div>\n<\/div>\n<div>\n<h2><\/h2>\n        \n         \n        <figure class=\"wp-block-image size-full\">\n          <img decoding=\"async\" src=\"https:\/\/www.fle.re\/blog\/wp-content\/uploads\/2025\/12\/Quelles-ressources-utiliser-pour-amliorer.jpeg\" alt=\"\">\n        <\/figure>\n        \n          \n         \n        <figure class=\"wp-block-image size-full\">\n          <img decoding=\"async\" src=\"https:\/\/www.fle.re\/blog\/wp-content\/uploads\/2025\/12\/Sources-16.jpeg\" alt=\"\">\n        <\/figure>\n        \n          \n\n<ol class=\"wp-block-list\"><li> <a href=\"https:\/\/travail-emploi.gouv.fr\/ministere\/acteurs\/vocabulaire-du-mondu-travail\" rel=\"nofollow noopener noreferrer\" target=\"_blank\"><\/a><\/li><li> <a href=\"https:\/\/www.france-education-international.fr\/article\/francais-professionnel-langue-francaise-et-insertion-professionnelle\" rel=\"nofollow noopener noreferrer\" target=\"_blank\"><\/a><\/li><li> <a href=\"https:\/\/www.oqlf.gouv.qc.ca\/ressources\/bibliotheque\/lexiques\/affaires\/index.html\" rel=\"nofollow noopener noreferrer\" target=\"_blank\"><\/a><\/li><\/ol>\n\n<\/div><\/section><\/p>\n","protected":false},"excerpt":{"rendered":"<p>Frans\u0131zca konu\u015fulan bir \u015firkette ba\u015far\u0131l\u0131 olmak i\u00e7in, do\u011fru ve profesyonel Frans\u0131zca kelime bilgisine hakim olmak \u015fartt\u0131r. Ofiste dil de\u011fi\u015fir: \u00f6zellikle [&hellip;]<\/p>\n","protected":false},"author":2,"featured_media":646,"comment_status":"open","ping_status":"open","sticky":false,"template":"","format":"standard","meta":{"_crdt_document":"","site-sidebar-layout":"default","site-content-layout":"","ast-site-content-layout":"default","site-content-style":"default","site-sidebar-style":"default","ast-global-header-display":"","ast-banner-title-visibility":"","ast-main-header-display":"","ast-hfb-above-header-display":"","ast-hfb-below-header-display":"","ast-hfb-mobile-header-display":"","site-post-title":"","ast-breadcrumbs-content":"","ast-featured-img":"","footer-sml-layout":"","ast-disable-related-posts":"","theme-transparent-header-meta":"","adv-header-id-meta":"","stick-header-meta":"","header-above-stick-meta":"","header-main-stick-meta":"","header-below-stick-meta":"","astra-migrate-meta-layouts":"default","ast-page-background-enabled":"default","ast-page-background-meta":{"desktop":{"background-color":"var(--ast-global-color-5)","background-image":"","background-repeat":"repeat","background-position":"center center","background-size":"auto","background-attachment":"scroll","background-type":"","background-media":"","overlay-type":"","overlay-color":"","overlay-opacity":"","overlay-gradient":""},"tablet":{"background-color":"","background-image":"","background-repeat":"repeat","background-position":"center center","background-size":"auto","background-attachment":"scroll","background-type":"","background-media":"","overlay-type":"","overlay-color":"","overlay-opacity":"","overlay-gradient":""},"mobile":{"background-color":"","background-image":"","background-repeat":"repeat","background-position":"center center","background-size":"auto","background-attachment":"scroll","background-type":"","background-media":"","overlay-type":"","overlay-color":"","overlay-opacity":"","overlay-gradient":""}},"ast-content-background-meta":{"desktop":{"background-color":"var(--ast-global-color-4)","background-image":"","background-repeat":"repeat","background-position":"center center","background-size":"auto","background-attachment":"scroll","background-type":"","background-media":"","overlay-type":"","overlay-color":"","overlay-opacity":"","overlay-gradient":""},"tablet":{"background-color":"var(--ast-global-color-4)","background-image":"","background-repeat":"repeat","background-position":"center center","background-size":"auto","background-attachment":"scroll","background-type":"","background-media":"","overlay-type":"","overlay-color":"","overlay-opacity":"","overlay-gradient":""},"mobile":{"background-color":"var(--ast-global-color-4)","background-image":"","background-repeat":"repeat","background-position":"center center","background-size":"auto","background-attachment":"scroll","background-type":"","background-media":"","overlay-type":"","overlay-color":"","overlay-opacity":"","overlay-gradient":""}},"footnotes":""},"categories":[708],"tags":[884,4957,6778,6781,3802],"class_list":["post-2559","post","type-post","status-publish","format-standard","has-post-thumbnail","hentry","category-non-classe-tr","tag-langue-turkce-tr","tag-profesyonel-fransizca-tr","tag-profesyonel-iletisim-tr","tag-profesyonel-kelime-bilgisi-tr","tag-sozlu-ifade-tr"],"_links":{"self":[{"href":"https:\/\/www.fle.re\/blog\/wp-json\/wp\/v2\/posts\/2559","targetHints":{"allow":["GET"]}}],"collection":[{"href":"https:\/\/www.fle.re\/blog\/wp-json\/wp\/v2\/posts"}],"about":[{"href":"https:\/\/www.fle.re\/blog\/wp-json\/wp\/v2\/types\/post"}],"author":[{"embeddable":true,"href":"https:\/\/www.fle.re\/blog\/wp-json\/wp\/v2\/users\/2"}],"replies":[{"embeddable":true,"href":"https:\/\/www.fle.re\/blog\/wp-json\/wp\/v2\/comments?post=2559"}],"version-history":[{"count":1,"href":"https:\/\/www.fle.re\/blog\/wp-json\/wp\/v2\/posts\/2559\/revisions"}],"predecessor-version":[{"id":2560,"href":"https:\/\/www.fle.re\/blog\/wp-json\/wp\/v2\/posts\/2559\/revisions\/2560"}],"wp:featuredmedia":[{"embeddable":true,"href":"https:\/\/www.fle.re\/blog\/wp-json\/wp\/v2\/media\/646"}],"wp:attachment":[{"href":"https:\/\/www.fle.re\/blog\/wp-json\/wp\/v2\/media?parent=2559"}],"wp:term":[{"taxonomy":"category","embeddable":true,"href":"https:\/\/www.fle.re\/blog\/wp-json\/wp\/v2\/categories?post=2559"},{"taxonomy":"post_tag","embeddable":true,"href":"https:\/\/www.fle.re\/blog\/wp-json\/wp\/v2\/tags?post=2559"}],"curies":[{"name":"wp","href":"https:\/\/api.w.org\/{rel}","templated":true}]}}