{"id":2593,"date":"2026-02-05T18:25:17","date_gmt":"2026-02-05T18:25:17","guid":{"rendered":"https:\/\/www.fle.re\/blog\/?p=2593"},"modified":"2026-02-05T18:25:20","modified_gmt":"2026-02-05T18:25:20","slug":"ucretsiz-fransizca-ogrenin","status":"publish","type":"post","link":"https:\/\/www.fle.re\/blog\/tr\/ucretsiz-fransizca-ogrenin\/","title":{"rendered":"\u00dccretsiz Frans\u0131zca \u00f6\u011frenin"},"content":{"rendered":"<p class=\"wp-block-paragraph\">\n\u00dccretsiz \u00e7evrimi\u00e7i Frans\u0131zca kurslar\u0131na eri\u015fim art\u0131k herkesin ula\u015fabilece\u011fi bir \u015fey. Her g\u00fcn, hayat\u0131n her kesiminden insanlar Frans\u0131zcay\u0131 kolayca \u00f6\u011frenmek i\u00e7in g\u00fcvenilir ve ki\u015fiselle\u015ftirilmi\u015f kaynaklar ar\u0131yor. fle.re platformu ile herkes, zaman k\u0131s\u0131tlamas\u0131 veya seyahat etme zorunlulu\u011fu olmadan, kendi h\u0131z\u0131nda ilerleyebilir, okuma, yazma, dinleme ve konu\u015fma prati\u011fi yapabilir. \u00c7evrimi\u00e7i \u00f6\u011frenme ayn\u0131 zamanda profesyonellerden ki\u015fiselle\u015ftirilmi\u015f destek almak ve s\u0131n\u0131rs\u0131z bir e\u011fitim kaynaklar\u0131 k\u00fct\u00fcphanesine eri\u015fim sa\u011flamak anlam\u0131na da gelir. Kelime da\u011farc\u0131\u011f\u0131n\u0131z\u0131 zenginle\u015ftirmek, Frans\u0131zca gramerini daha iyi anlamak veya telaffuzunuzu d\u00fczeltmek istiyorsan\u0131z, somut \u00e7\u00f6z\u00fcmler mevcuttur. Dahas\u0131, do\u011fru ara\u00e7larla ilerlemenin \u00e7ok daha keyifli hale geldi\u011fini \u00e7abucak fark edersiniz. Bazen, ilgili bir ipucu veya etkile\u015fimli bir al\u0131\u015ft\u0131rma, bir sonraki seviyeye ula\u015fmak i\u00e7in yeterlidir. <strong><\/strong> https:\/\/www.youtube.com\/watch?v=A6e1oWi37po <strong>Evden \u00fccretsiz Frans\u0131zca nas\u0131l \u00f6\u011frenilir? Dijital geli\u015fmeler sayesinde, \u00fccretsiz \u00e7evrimi\u00e7i Frans\u0131zca \u00f6\u011freniminden yararlanmak art\u0131k herkes i\u00e7in eri\u015filebilir bir f\u0131rsat. Platformlar, \u00e7e\u015fitli \u00fccretsiz e-\u00f6\u011frenme kaynaklar\u0131 sunmaktad\u0131r: gramer mod\u00fclleri, e\u011flenceli al\u0131\u015ft\u0131rmalar, podcast&rsquo;ler, videolar ve hatta seviye belirleme testleri. G\u00fcnl\u00fck olarak, sadece on dakika bile olsa, giri\u015f yapmay\u0131 al\u0131\u015fkanl\u0131k haline getirmek, zaman k\u0131s\u0131tlamalar\u0131 veya seyahat olmadan kendi h\u0131z\u0131n\u0131zda ilerlemenizi sa\u011flar. \u015eahsen, motivasyonlar\u0131n\u0131 korumak i\u00e7in yeni ba\u015flayanlara genellikle \u00e7e\u015fitli materyaller kullanmalar\u0131n\u0131 tavsiye ederim \u2013 sabah k\u0131sa bir ses kayd\u0131 dinlemek, ak\u015fam birka\u00e7 c\u00fcmle okumak ve ba\u015fka bir g\u00fcn yaz\u0131l\u0131 bir al\u0131\u015ft\u0131rmay\u0131 tekrar yapmak gibi.<\/strong>\n<\/p>\n\n<p class=\"wp-block-paragraph\">\n\u00d6rne\u011fin, fle.re web sitesinde \u00fccretsiz Frans\u0131zca yabanc\u0131 dil kurslar\u0131 bulabilirsiniz. <i>Esnek \u00f6\u011frenme i\u00e7in \u00f6zel olarak tasarlanm\u0131\u015f olan, \u00e7evrimi\u00e7i \u00f6\u011frenme kaynaklar\u0131na s\u0131n\u0131rs\u0131z eri\u015fim, herkesin profiline veya beceri seviyesine g\u00f6re konular\u0131n\u0131 ve zorluk seviyelerini se\u00e7mesine olanak tan\u0131r. Bu, geleneksel y\u00f6ntemlere k\u0131yasla oyunun kurallar\u0131n\u0131 tamamen de\u011fi\u015ftiriyor. Ek bir avantaj olarak, FLE.RE gibi baz\u0131 siteler, egzersizlere ba\u015flamadan \u00f6nce tam olarak nerede \u00e7al\u0131\u015fman\u0131z gerekti\u011fini belirlemek i\u00e7in h\u0131zl\u0131 ve \u00fccretsiz bir ba\u015flang\u0131\u00e7 \u200b\u200bseviye belirleme testi bile sunuyor. Sonu\u00e7 olarak, evde \u00fccretsiz Frans\u0131zca \u00f6\u011frenmek, stres ve d\u0131\u015f bask\u0131dan uzak, ger\u00e7ekten ki\u015fiselle\u015ftirilmi\u015f bir deneyim haline geliyor.<\/i>  <strong>Hangi siteler ve platformlar ba\u011f\u0131ms\u0131z olarak ilerlemenize olanak tan\u0131yor?<\/strong>\u0130nternet sayesinde, ba\u011f\u0131ms\u0131z olarak \u00fccretsiz Frans\u0131zca \u00f6\u011frenmek inan\u0131lmaz derecede eri\u015filebilir hale geldi. Kendi kendini d\u00fczelten egzersizler, e\u011fitim videolar\u0131, konu\u015fma podcast&rsquo;leri ve kelime listeleri sunan say\u0131s\u0131z \u00f6zel web sitesi var. \u00d6rne\u011fin, FLE.RE platformunda okuma ve dinleme anlama aras\u0131nda ge\u00e7i\u015f yapabilir, kelime da\u011farc\u0131\u011f\u0131n\u0131z\u0131 geni\u015fletebilir ve fiil \u00e7ekim kurallar\u0131n\u0131 g\u00f6zden ge\u00e7irebilirsiniz. Bu sitelerin birka\u00e7\u0131n\u0131 test ettim: ger\u00e7ekten pratik olan y\u00f6n\u00fc, mevcut ihtiya\u00e7lar\u0131n\u0131za g\u00f6re istedi\u011finiz yerde ve istedi\u011finiz zaman \u00f6\u011frenme olana\u011f\u0131d\u0131r.\n<\/p>\n\n<figure class=\"is-provider-youtube is-type-video wp-block-embed wp-block-embed-youtube wp-embed-aspect-16-9 wp-has-aspect-ratio\"><div class=\"wp-block-embed__wrapper\">\n\n<\/div><\/figure>\n\n<div id=\"ez-toc-container\" class=\"ez-toc-v2_0_82_2 ez-toc-wrap-center counter-hierarchy ez-toc-counter ez-toc-transparent ez-toc-container-direction\">\n<div class=\"ez-toc-title-container\">\n<p class=\"ez-toc-title\" style=\"cursor:inherit\">Sommaire<\/p>\n<span class=\"ez-toc-title-toggle\"><a href=\"#\" class=\"ez-toc-pull-right ez-toc-btn ez-toc-btn-xs ez-toc-btn-default ez-toc-toggle\" aria-label=\"Toggle Table of Content\"><span class=\"ez-toc-js-icon-con\"><span class=\"\"><span class=\"eztoc-hide\" style=\"display:none;\">Toggle<\/span><span class=\"ez-toc-icon-toggle-span\"><svg style=\"fill: #999;color:#999\" xmlns=\"http:\/\/www.w3.org\/2000\/svg\" class=\"list-377408\" width=\"20px\" height=\"20px\" viewBox=\"0 0 24 24\" fill=\"none\"><path d=\"M6 6H4v2h2V6zm14 0H8v2h12V6zM4 11h2v2H4v-2zm16 0H8v2h12v-2zM4 16h2v2H4v-2zm16 0H8v2h12v-2z\" fill=\"currentColor\"><\/path><\/svg><svg style=\"fill: #999;color:#999\" class=\"arrow-unsorted-368013\" xmlns=\"http:\/\/www.w3.org\/2000\/svg\" width=\"10px\" height=\"10px\" viewBox=\"0 0 24 24\" version=\"1.2\" baseProfile=\"tiny\"><path d=\"M18.2 9.3l-6.2-6.3-6.2 6.3c-.2.2-.3.4-.3.7s.1.5.3.7c.2.2.4.3.7.3h11c.3 0 .5-.1.7-.3.2-.2.3-.5.3-.7s-.1-.5-.3-.7zM5.8 14.7l6.2 6.3 6.2-6.3c.2-.2.3-.5.3-.7s-.1-.5-.3-.7c-.2-.2-.4-.3-.7-.3h-11c-.3 0-.5.1-.7.3-.2.2-.3.5-.3.7s.1.5.3.7z\"\/><\/svg><\/span><\/span><\/span><\/a><\/span><\/div>\n<nav><ul class='ez-toc-list ez-toc-list-level-1 eztoc-toggle-hide-by-default' ><li class='ez-toc-page-1 ez-toc-heading-level-2'><a class=\"ez-toc-link ez-toc-heading-1\" href=\"https:\/\/www.fle.re\/blog\/tr\/ucretsiz-fransizca-ogrenin\/#Cesitli_e-ogrenme_alanina_erisin_dil_bilgisi_kelime_bilgisi_fiil_cekimi_dinlemeokuma_anlama\" >\u00c7e\u015fitli e-\u00f6\u011frenme alan\u0131na eri\u015fin: dil bilgisi, kelime bilgisi, fiil \u00e7ekimi, dinleme\/okuma anlama.<\/a><\/li><li class='ez-toc-page-1 ez-toc-heading-level-2'><a class=\"ez-toc-link ez-toc-heading-2\" href=\"https:\/\/www.fle.re\/blog\/tr\/ucretsiz-fransizca-ogrenin\/#Ortalama_sure\" >Ortalama s\u00fcre<\/a><\/li><li class='ez-toc-page-1 ez-toc-heading-level-2'><a class=\"ez-toc-link ez-toc-heading-3\" href=\"https:\/\/www.fle.re\/blog\/tr\/ucretsiz-fransizca-ogrenin\/#Bu\" >Bu<\/a><\/li><li class='ez-toc-page-1 ez-toc-heading-level-2'><a class=\"ez-toc-link ez-toc-heading-4\" href=\"https:\/\/www.fle.re\/blog\/tr\/ucretsiz-fransizca-ogrenin\/#Gelismis_kaynaklarla_Fransizcayi_ucretsiz_olarak_nasil_ogrenebilirsiniz\" >Geli\u015fmi\u015f kaynaklarla Frans\u0131zcay\u0131 \u00fccretsiz olarak nas\u0131l \u00f6\u011frenebilirsiniz?<\/a><\/li><\/ul><\/nav><\/div>\n<h2 class=\"wp-block-heading\"><span class=\"ez-toc-section\" id=\"Cesitli_e-ogrenme_alanina_erisin_dil_bilgisi_kelime_bilgisi_fiil_cekimi_dinlemeokuma_anlama\"><\/span>\u00c7e\u015fitli e-\u00f6\u011frenme alan\u0131na eri\u015fin: dil bilgisi, kelime bilgisi, fiil \u00e7ekimi, dinleme\/okuma anlama.<span class=\"ez-toc-section-end\"><\/span><\/h2>\n\n<p class=\"wp-block-paragraph\">\nKavramlar\u0131 daha iyi anlaman\u0131z i\u00e7in etkile\u015fimli al\u0131\u015ft\u0131rmalara kat\u0131l\u0131n. <strong>Dinleme anlama becerilerinizi geli\u015ftirmek i\u00e7in podcast&rsquo;ler ve rehberli dikte \u00e7al\u0131\u015fmalar\u0131yla d\u00fczenli olarak tekrar yap\u0131n.<\/strong>G\u00fcnl\u00fck durumlarda pratik yapmak i\u00e7in testler veya rol yapma oyunlar\u0131 gibi e\u011flenceli \u00f6zelliklerden yararlan\u0131n. <i>\u00d6zerklik, hedefli deste\u011fe eri\u015fimi engellemez: baz\u0131 platformlar, kar\u015f\u0131la\u015ft\u0131\u011f\u0131n\u0131z zorluklara ra\u011fmen organize kalman\u0131za veya ilerlemeye devam etmenize yard\u0131mc\u0131 olmak i\u00e7in pedagojik tavsiyeler i\u00e7eren bir b\u00f6l\u00fcm bile sunar. Daha derinlemesine incelemek i\u00e7in, Frans\u0131zcay\u0131 Yabanc\u0131 Dil Olarak \u00d6\u011frenen (FLE) birinin bask\u0131y\u0131 nas\u0131l y\u00f6netece\u011fine dair kapsaml\u0131 bir makale a\u00e7\u0131klanmaktad\u0131r; bu, motivasyonunu korumak isteyenler i\u00e7in idealdir.<\/i> \n<\/p>\n\n<p class=\"wp-block-paragraph\">\nNeden ki\u015fiselle\u015ftirilmi\u015f \u00e7evrimi\u00e7i e\u011fitim se\u00e7melisiniz? <strong><\/strong>Da\u011f\u0131n\u0131k kaynaklara g\u00fcvenmek yerine, ki\u015fiselle\u015ftirilmi\u015f \u00e7evrimi\u00e7i Frans\u0131zca e\u011fitimi se\u00e7mek ilerlemeyi h\u0131zland\u0131rabilir ve \u00f6\u011frenmeyi daha keyifli hale getirebilir. Herkesin kendi zorluklar\u0131 vard\u0131r: baz\u0131lar\u0131 konu\u015fmada, baz\u0131lar\u0131 dilbilgisinde veya okudu\u011funu anlamada zorlan\u0131r. \u00d6\u011frencinin profiline ve h\u0131z\u0131na uyarlanm\u0131\u015f \u00f6zel e\u011fitim, ilk de\u011ferlendirme yoluyla iyile\u015ftirme alanlar\u0131n\u0131 hassas bir \u015fekilde hedeflemeyi sa\u011flar. En b\u00fcy\u00fck avantajlardan biri, dil engellerini anlayan ve uygun \u00e7\u00f6z\u00fcmler sunan sertifikal\u0131 bir profesyonel e\u011fitmenin deste\u011fidir. <i><\/i> fle.re&rsquo;de, haftal\u0131k olarak ilerlemeyi izleyen, yaz\u0131l\u0131 \u00e7al\u0131\u015fmalar\u0131 d\u00fczelten ve metodoloji konusunda tavsiyelerde bulunan \u00f6zel bir \u00f6\u011frenme ko\u00e7una eri\u015fim ger\u00e7ekten fark yarat\u0131r. Bir\u00e7ok kullan\u0131c\u0131, zorluklar\u0131yla kar\u015f\u0131 kar\u015f\u0131ya kald\u0131klar\u0131nda asla yaln\u0131z olmad\u0131klar\u0131 i\u00e7in daha motive hissediyor. Bu, \u00f6zellikle s\u0131nava, seyahate veya i\u015f ba\u015fvurusuna haz\u0131rlananlar i\u00e7in olduk\u00e7a g\u00fcven verici. Son olarak, programlar\u0131 ayarlama ve a\u015famal\u0131 bir \u00f6\u011frenme yolundan yararlanma yetene\u011fi, bu t\u00fcr e\u011fitimi hem konu\u015fma hem de yazma konusunda \u00f6zg\u00fcven kazanmak i\u00e7in g\u00fcvenilir ve esnek bir \u00e7\u00f6z\u00fcm haline getiriyor.\n<\/p>\n\n<h2 class=\"wp-block-heading\"><\/h2>\n\n<p class=\"wp-block-paragraph\">\nS\u00f6zl\u00fc ifadeyi geli\u015ftirebilecek \u00fccretsiz y\u00f6ntemler nelerdir? <strong>Bir dil \u00f6\u011frenirken as\u0131l sorulardan biri de konu\u015fmaya cesaret etmektir.<\/strong> Frans\u0131zcay\u0131 \u00fccretsiz konu\u015fmak <strong><\/strong>yerinde bir konu\u015fmac\u0131 olmadan veya geleneksel bir \u00f6\u011frenme ortam\u0131n\u0131n bask\u0131s\u0131 olmadan karma\u015f\u0131k g\u00f6r\u00fcnebilir. Ancak, son derece etkili birka\u00e7 \u00e7\u00f6z\u00fcm mevcuttur: Frans\u0131z radyosu dinlemek, filmleri veya dizileri orijinal versiyonlar\u0131nda izlemek, y\u00fcksek sesle tekrar etmek, yak\u0131ndan okuma prati\u011fi yapmak veya \u00f6zel forumlar arac\u0131l\u0131\u011f\u0131yla dil de\u011fi\u015fim ortaklar\u0131yla sohbet etmek.\n<\/p>\n\n<ul class=\"wp-block-list\"><li> <strong>Deneyimlerime g\u00f6re, konu\u015fma becerilerinizi h\u0131zla geli\u015ftirmenin anahtar\u0131, Frans\u0131zcay\u0131 g\u00fcnl\u00fck hayat\u0131n\u0131za entegre etmektir: ne yapt\u0131\u011f\u0131n\u0131z\u0131 y\u00fcksek sesle anlatmak, g\u00fcn\u00fcn\u00fcz hakk\u0131nda bir g\u00fcnl\u00fck tutmak veya hatta kendinizi konu\u015furken kaydetmek ve ard\u0131ndan telaffuzunuzu d\u00fczeltmek i\u00e7in tekrar dinlemek.<\/strong> FLE.RE&rsquo;de<\/li><li> <strong>bu prati\u011fi \u00e7ok daha do\u011fal ve kendili\u011finden hale getirmek i\u00e7in \u00e7ok \u00e7e\u015fitli \u00fccretsiz konu\u015fma al\u0131\u015ft\u0131rmalar\u0131, etkile\u015fimli diyaloglar ve ses kaynaklar\u0131 mevcuttur. Ve kolayca ba\u015flamak i\u00e7in somut ipu\u00e7lar\u0131 ar\u0131yorsan\u0131z, i\u015fte bir ba\u015flang\u0131\u00e7 \u200b\u200bnoktas\u0131: k\u0131sa podcast&rsquo;leri dinleyerek ba\u015flay\u0131n, sorular\u0131 y\u00fcksek sesle cevaplay\u0131n ve ard\u0131ndan duydu\u011funuz c\u00fcmleleri yeniden \u00fcretmeye \u00e7al\u0131\u015f\u0131n. Bu g\u00fcnl\u00fck uygulama, sadece birka\u00e7 dakika s\u00fcrse bile, Frans\u0131zcan\u0131n m\u00fczikalitesine kulak vermenize, yeni kelimeleri \u00f6z\u00fcmsemenize ve konu\u015fma ak\u0131c\u0131l\u0131\u011f\u0131n\u0131z\u0131 geli\u015ftirmenize yard\u0131mc\u0131 olur. Ayr\u0131ca, gruplarda s\u0131k\u00e7a hissedilen yarg\u0131lama veya \u00e7ekingenlik olmadan \u00f6zg\u00fcven olu\u015fturman\u0131n bir yoludur.<\/strong> <\/li><li>Frans\u0131zca seviyenizi \u00e7evrimi\u00e7i olarak \u00fccretsiz nas\u0131l test edebilirsiniz? <i><\/i> \u00dccretsiz \u00e7evrimi\u00e7i Frans\u0131zca seviye testi yap\u0131n<\/li><li>Beceri de\u011ferlendirmesi i\u00e7in neredeyse olmazsa olmaz bir ad\u0131m haline geldi. H\u0131zl\u0131, anonim ve ba\u011f\u0131ms\u0131z olarak tamamlanan \u00e7e\u015fitli al\u0131\u015ft\u0131rmalarla kaydedilen ilerlemeyi \u00f6l\u00e7meye yard\u0131mc\u0131 oluyor. Bazen, \u00f6zellikle dil bilgisi veya okudu\u011funu anlama konusunda, her \u015feyi objektif bir anketle ortaya koyana kadar kendi ba\u015far\u0131lar\u0131m\u0131z\u0131n fark\u0131na varm\u0131yoruz.<\/li><\/ul>\n\n<p class=\"wp-block-paragraph\">\n <a href=\"https:\/\/www.fle.re\/blog\/aider-eleve-fle-pression\/\">Web Sitesi \/ Platform<\/a>Sunulan test t\u00fcr\u00fc\n<\/p>\n\n<h2 class=\"wp-block-heading\"><span class=\"ez-toc-section\" id=\"Ortalama_sure\"><\/span>Ortalama s\u00fcre<span class=\"ez-toc-section-end\"><\/span><\/h2>\n        \n         \n        <figure class=\"wp-block-image size-full\">\n          <img decoding=\"async\" src=\"https:\/\/www.fle.re\/blog\/wp-content\/uploads\/2025\/12\/Pourquoi-opter-pour-une-formation.jpeg\" alt=\"fle.re\">\n        <\/figure>\n        \n          \n\n<p class=\"wp-block-paragraph\">\nEtkile\u015fimli seviye belirleme testi <strong>3 ila 5 dk<\/strong> Parlez-vous Fran\u00e7ais\n<\/p>\n\n<p class=\"wp-block-paragraph\">\nSeviyeye uyarlanm\u0131\u015f tematik testler <strong>4 dk<\/strong>PodcastFrancaisFacile <i>Dinleme anlama de\u011ferlendirmesi<\/i> 6 dk\n<\/p>\n\n<h2 class=\"wp-block-heading\"><span class=\"ez-toc-section\" id=\"Bu\"><\/span>Bu<span class=\"ez-toc-section-end\"><\/span><\/h2>\n\n<p class=\"wp-block-paragraph\">\n\u00e7evrimi\u00e7i testlerin sonu\u00e7lar\u0131 <strong>y\u00f6nteminizi ayarlaman\u0131za yard\u0131mc\u0131 olur: gerekirse fiil \u00e7ekimini peki\u015ftirin (ba\u015flang\u0131\u00e7 \u200b\u200bseviyesindeki Frans\u0131zca dil bilgisi hakk\u0131ndaki makalemizde de\u011ferli bir yard\u0131m<\/strong> ), g\u00fcnl\u00fck kelime da\u011farc\u0131\u011f\u0131na veya telaffuza odaklan\u0131n. \u00c7al\u0131\u015fma \u00f6nceliklerini belirlemenin basit bir yoludur. \u0130deal olarak, deneyim zaman zaman tekrarlanmal\u0131d\u0131r, b\u00f6ylece durgunla\u015fmaz ve kar\u015f\u0131la\u015f\u0131lan soru t\u00fcrleri \u00e7e\u015fitlenir. Sonu\u00e7\n<\/p>\n\n<p class=\"wp-block-paragraph\">\n\u00dccretsiz \u00e7evrimi\u00e7i Frans\u0131zca \u00f6\u011frenmek, <strong>kendi h\u0131z\u0131n\u0131zda, her yerden sa\u011flam bir dil temeli edinmenizi sa\u011flar.<\/strong>\u00c7e\u015fitli \u00f6\u011frenme kaynaklar\u0131na eri\u015fim (kelime egzersizleri, dil bilgisi, fiil \u00e7ekimi veya sesli materyaller), her bireyin ihtiya\u00e7lar\u0131na uyarlanm\u0131\u015f ilerleyici bir \u00f6\u011frenmenin kap\u0131s\u0131n\u0131 a\u00e7ar. Zaman ve i\u00e7erik y\u00f6netiminde \u00f6zerklik, deneyimi ger\u00e7ekten herkes i\u00e7in eri\u015filebilir k\u0131lar.\n<\/p>\n\n<p class=\"wp-block-paragraph\">\nDijital teknolojinin y\u00fckseli\u015fiyle birlikte, \u00e7ok say\u0131da \u00fccretsiz platform sayesinde Frans\u0131zcada etkili bir \u015fekilde ilerlemek kolayla\u015ft\u0131. \u0130ster yaz\u0131l\u0131 ifade becerilerinizi g\u00fc\u00e7lendirmek, ister dinleme anlama becerilerinizi geli\u015ftirmek isteyin, herkes mevcut ihtiya\u00e7lar\u0131n\u0131 kar\u015f\u0131layan ara\u00e7lar bulabilir. D\u00fcr\u00fcst olmak gerekirse, sadece internet ba\u011flant\u0131s\u0131 ve kaliteli i\u00e7erikle ne kadar ilerleme kaydedebilece\u011finizi g\u00f6rmek olduk\u00e7a motive edici.\n<\/p>\n\n<h2 class=\"wp-block-heading\"><span class=\"ez-toc-section\" id=\"Gelismis_kaynaklarla_Fransizcayi_ucretsiz_olarak_nasil_ogrenebilirsiniz\"><\/span>Geli\u015fmi\u015f kaynaklarla Frans\u0131zcay\u0131 \u00fccretsiz olarak nas\u0131l \u00f6\u011frenebilirsiniz?<span class=\"ez-toc-section-end\"><\/span><\/h2>\n\n<p class=\"wp-block-paragraph\">\nFrans\u0131zcay\u0131 \u00fccretsiz olarak <strong>ileri seviyede \u00f6\u011frenmek, yap\u0131land\u0131r\u0131lm\u0131\u015f kurslar, etkile\u015fimli al\u0131\u015ft\u0131rmalar ve multimedya kaynaklar\u0131 sunan platformlar sayesinde m\u00fcmk\u00fcnd\u00fcr. PodcastFrancaisFacile gibi siteler, dinleme ve okuma anlama becerilerinizi geli\u015ftirmek i\u00e7in diyaloglar, ses dosyalar\u0131 ve testler sunmaktad\u0131r. Ayr\u0131ca, temaya g\u00f6re uzmanla\u015fm\u0131\u015f geli\u015fmi\u015f kelime da\u011farc\u0131\u011f\u0131 veritabanlar\u0131n\u0131 kullan\u0131n ve seviye testleriyle kendinizi s\u0131nay\u0131n. Baz\u0131 siteler Frans\u0131zca fiil \u00e7ekimi, dil bilgisi, kelime bilgisi ve yazma al\u0131\u015ft\u0131rmalar\u0131 sunmaktad\u0131r. Bu \u00f6\u011frenmeyi Frans\u0131zca gazeteler okuyarak, radyo dinleyerek ve serbest ifade prati\u011fi yapmak i\u00e7in tart\u0131\u015fma forumlar\u0131na kat\u0131larak destekleyin.<\/strong> Frans\u0131zcay\u0131 ba\u011f\u0131ms\u0131z olarak \u00f6\u011frenmek i\u00e7in hangi \u00fccretsiz siteler \u00f6nerilir?\n<\/p>\n\n<figure class=\"wp-block-table\"><table>\n<tr>\n<th>Frans\u0131zcay\u0131 ba\u011f\u0131ms\u0131z olarak \u00fccretsiz \u00f6\u011frenmek i\u00e7in, mant\u0131kl\u0131 ilerleme, d\u00fczeltilmi\u015f al\u0131\u015ft\u0131rmalar ve her seviyeye uyarlanm\u0131\u015f materyaller sunan sitelere \u00f6ncelik verin. Parlez-vous Fran\u00e7ais ve PodcastFrancaisFacile, \u00fccretli kay\u0131t olmadan eri\u015filebilen dersler, kelime listeleri, videolar ve seviye testleri sunmaktad\u0131r. Ayr\u0131ca, dinleme anlama, okuma ve dil bilgisi \u00fczerinde \u00e7al\u0131\u015fman\u0131za olanak tan\u0131yan etkile\u015fimli al\u0131\u015ft\u0131rmalar sunan platformlar da bulacaks\u0131n\u0131z; \u00f6rne\u011fin,<\/th>\n<th>etkile\u015fimli Yabanc\u0131 Dil Olarak Frans\u0131zca (FLE) al\u0131\u015ft\u0131rmalar\u0131<\/th>\n<th>. \u00c7e\u015fitli kaynaklar\u0131n her zaman \u00fccretsiz olarak eri\u015filebilir olmas\u0131 sayesinde \u00f6zerklik g\u00fc\u00e7lenir.<\/th>\n<\/tr>\n<tr>\n<td><\/td>\n<td>Frans\u0131zcay\u0131 \u00fccretsiz \u00f6\u011frenerek konu\u015fma becerinizi nas\u0131l geli\u015ftirebilirsiniz?<\/td>\n<td><\/td>\n<\/tr>\n<tr>\n<td>Frans\u0131zcay\u0131 \u00fccretsiz \u00f6\u011frenerek konu\u015fma becerinizi nas\u0131l geli\u015ftirebilirsiniz?<\/td>\n<td><\/td>\n<td>Kaynaklar<\/td>\n<\/tr>\n<tr>\n<td>Uluslararas\u0131 Frankofoni \u00d6rg\u00fct\u00fc. \u00ab\u00a0D\u00fcnyada Frans\u0131z Dili 2018.\u00a0\u00bb Gallimard Yay\u0131nc\u0131l\u0131k, 2018. Eri\u015fim tarihi: 10 Haziran 2024.<\/td>\n<td><\/td>\n<td>G\u00f6r\u00fcnt\u00fcle<\/td>\n<\/tr>\n<\/table><\/figure>\n\n<p class=\"wp-block-paragraph\">\nFransa E\u011fitim Enstit\u00fcs\u00fc. \u201cYabanc\u0131 Dil Olarak Frans\u0131zca \u00d6\u011frenimi.\u201d Fransa E\u011fitim Enstit\u00fcs\u00fc, tarih belirtilmemi\u015f. Eri\u015fim tarihi: 10 Haziran 2024. <i><\/i> Ayr\u0131ca bak\u0131n\u0131z: \u00c7al\u0131\u015fma, Tam \u0130stihdam ve Entegrasyon Bakanl\u0131\u011f\u0131. \u201cKi\u015fisel E\u011fitim Hesab\u0131 (CPF).\u201d travail-emploi.gouv.fr, 21 Mart 2024. Eri\u015fim tarihi: 10 Haziran 2024. <a href=\"https:\/\/www.fle.re\/blog\/grammaire-francaise-debutants\/\"><\/a>Ayr\u0131ca bak\u0131n\u0131z:\n<\/p>\n\n<h2 class=\"wp-block-heading\"><\/h2>\n        \n         \n        <figure class=\"wp-block-image size-full\">\n          <img decoding=\"async\" src=\"https:\/\/www.fle.re\/blog\/wp-content\/uploads\/2025\/12\/Conclusion-58.jpeg\" alt=\"\">\n        <\/figure>\n        \n          \n\n<p class=\"wp-block-paragraph\">\n<strong><\/strong>  <strong><\/strong> \n<\/p>\n\n<p class=\"wp-block-paragraph\">\n <strong><\/strong>  <strong><\/strong> \n<\/p>\n\n<p class=\"wp-block-paragraph\"><section class=\"faq\">\n<div>\n<h2><\/h2>\n<div>\n<p><strong><\/strong>  <a href=\"https:\/\/www.fle.re\/blog\/conjugaison-francaise-exercices\/\"><\/a><\/p>\n<\/div>\n<\/div>\n<div>\n<h2><\/h2>\n<div>\n<p> <strong><\/strong>  <a href=\"https:\/\/www.fle.re\/blog\/exercices-fle-interactifs\/\"><\/a><\/p>\n<\/div>\n<\/div>\n<div>\n<h2><\/h2>\n        \n         \n        <figure class=\"wp-block-image size-full\">\n          <img decoding=\"async\" src=\"https:\/\/www.fle.re\/blog\/wp-content\/uploads\/2025\/12\/Comment-progresser-loral-en.jpeg\" alt=\"\">\n        <\/figure>\n        \n          \n         \n        <figure class=\"wp-block-image size-full\">\n          <img decoding=\"async\" src=\"https:\/\/www.fle.re\/blog\/wp-content\/uploads\/2025\/12\/Sources-18.jpeg\" alt=\"\">\n        <\/figure>\n        \n          \n\n<ol class=\"wp-block-list\"><li> <a href=\"https:\/\/www.francophonie.org\/la-langue-francaise-dans-le-monde-2018-304\" rel=\"nofollow noopener noreferrer\" target=\"_blank\"><\/a><\/li><li> <a href=\"https:\/\/www.france-education-international.fr\/expertises\/langue-francaise\/fle\/etudier-francais-langue-etrangere\" rel=\"nofollow noopener noreferrer\" target=\"_blank\"><\/a><\/li><li> <a href=\"https:\/\/travail-emploi.gouv.fr\/formation-professionnelle\/droit-a-la-formation\/le-compte-personnel-de-formation-cpf\/\" rel=\"nofollow noopener noreferrer\" target=\"_blank\"><\/a><\/li><\/ol>\n\n<\/div><\/section><\/p>\n","protected":false},"excerpt":{"rendered":"<p>\u00dccretsiz \u00e7evrimi\u00e7i Frans\u0131zca kurslar\u0131na eri\u015fim art\u0131k herkesin ula\u015fabilece\u011fi bir \u015fey. Her g\u00fcn, hayat\u0131n her kesiminden insanlar Frans\u0131zcay\u0131 kolayca \u00f6\u011frenmek i\u00e7in [&hellip;]<\/p>\n","protected":false},"author":2,"featured_media":660,"comment_status":"open","ping_status":"open","sticky":false,"template":"","format":"standard","meta":{"_crdt_document":"","site-sidebar-layout":"default","site-content-layout":"","ast-site-content-layout":"default","site-content-style":"default","site-sidebar-style":"default","ast-global-header-display":"","ast-banner-title-visibility":"","ast-main-header-display":"","ast-hfb-above-header-display":"","ast-hfb-below-header-display":"","ast-hfb-mobile-header-display":"","site-post-title":"","ast-breadcrumbs-content":"","ast-featured-img":"","footer-sml-layout":"","ast-disable-related-posts":"","theme-transparent-header-meta":"","adv-header-id-meta":"","stick-header-meta":"","header-above-stick-meta":"","header-main-stick-meta":"","header-below-stick-meta":"","astra-migrate-meta-layouts":"default","ast-page-background-enabled":"default","ast-page-background-meta":{"desktop":{"background-color":"var(--ast-global-color-5)","background-image":"","background-repeat":"repeat","background-position":"center center","background-size":"auto","background-attachment":"scroll","background-type":"","background-media":"","overlay-type":"","overlay-color":"","overlay-opacity":"","overlay-gradient":""},"tablet":{"background-color":"","background-image":"","background-repeat":"repeat","background-position":"center center","background-size":"auto","background-attachment":"scroll","background-type":"","background-media":"","overlay-type":"","overlay-color":"","overlay-opacity":"","overlay-gradient":""},"mobile":{"background-color":"","background-image":"","background-repeat":"repeat","background-position":"center center","background-size":"auto","background-attachment":"scroll","background-type":"","background-media":"","overlay-type":"","overlay-color":"","overlay-opacity":"","overlay-gradient":""}},"ast-content-background-meta":{"desktop":{"background-color":"var(--ast-global-color-4)","background-image":"","background-repeat":"repeat","background-position":"center center","background-size":"auto","background-attachment":"scroll","background-type":"","background-media":"","overlay-type":"","overlay-color":"","overlay-opacity":"","overlay-gradient":""},"tablet":{"background-color":"var(--ast-global-color-4)","background-image":"","background-repeat":"repeat","background-position":"center center","background-size":"auto","background-attachment":"scroll","background-type":"","background-media":"","overlay-type":"","overlay-color":"","overlay-opacity":"","overlay-gradient":""},"mobile":{"background-color":"var(--ast-global-color-4)","background-image":"","background-repeat":"repeat","background-position":"center center","background-size":"auto","background-attachment":"scroll","background-type":"","background-media":"","overlay-type":"","overlay-color":"","overlay-opacity":"","overlay-gradient":""}},"footnotes":""},"categories":[708],"tags":[784,884,6873,6876,5912],"class_list":["post-2593","post","type-post","status-publish","format-standard","has-post-thumbnail","hentry","category-non-classe-tr","tag-fransizca-ogren-tr","tag-langue-turkce-tr","tag-ucretsiz-fransizca-dersleri-tr","tag-ucretsiz-ogrenme-yontemleri-tr","tag-yeni-baslayanlar-icin-fransizca-tr"],"_links":{"self":[{"href":"https:\/\/www.fle.re\/blog\/wp-json\/wp\/v2\/posts\/2593","targetHints":{"allow":["GET"]}}],"collection":[{"href":"https:\/\/www.fle.re\/blog\/wp-json\/wp\/v2\/posts"}],"about":[{"href":"https:\/\/www.fle.re\/blog\/wp-json\/wp\/v2\/types\/post"}],"author":[{"embeddable":true,"href":"https:\/\/www.fle.re\/blog\/wp-json\/wp\/v2\/users\/2"}],"replies":[{"embeddable":true,"href":"https:\/\/www.fle.re\/blog\/wp-json\/wp\/v2\/comments?post=2593"}],"version-history":[{"count":1,"href":"https:\/\/www.fle.re\/blog\/wp-json\/wp\/v2\/posts\/2593\/revisions"}],"predecessor-version":[{"id":2594,"href":"https:\/\/www.fle.re\/blog\/wp-json\/wp\/v2\/posts\/2593\/revisions\/2594"}],"wp:featuredmedia":[{"embeddable":true,"href":"https:\/\/www.fle.re\/blog\/wp-json\/wp\/v2\/media\/660"}],"wp:attachment":[{"href":"https:\/\/www.fle.re\/blog\/wp-json\/wp\/v2\/media?parent=2593"}],"wp:term":[{"taxonomy":"category","embeddable":true,"href":"https:\/\/www.fle.re\/blog\/wp-json\/wp\/v2\/categories?post=2593"},{"taxonomy":"post_tag","embeddable":true,"href":"https:\/\/www.fle.re\/blog\/wp-json\/wp\/v2\/tags?post=2593"}],"curies":[{"name":"wp","href":"https:\/\/api.w.org\/{rel}","templated":true}]}}