{"id":2627,"date":"2026-02-07T18:41:24","date_gmt":"2026-02-07T18:41:24","guid":{"rendered":"https:\/\/www.fle.re\/blog\/?p=2627"},"modified":"2026-02-07T18:41:27","modified_gmt":"2026-02-07T18:41:27","slug":"yabancilar-icin-fransizca-kurslari","status":"publish","type":"post","link":"https:\/\/www.fle.re\/blog\/tr\/yabancilar-icin-fransizca-kurslari\/","title":{"rendered":"Yabanc\u0131lar i\u00e7in Frans\u0131zca kurslar\u0131"},"content":{"rendered":"<p class=\"wp-block-paragraph\">Frans\u0131zca konu\u015fulan bir \u00fclkede ya\u015famak baz\u0131 uyum gerektirir ve bunlar aras\u0131nda etkili ileti\u015fim kurmay\u0131 \u00f6\u011frenmek b\u00fcy\u00fck fark yarat\u0131r. <strong>Yurtd\u0131\u015f\u0131nda ya\u015fayanlar i\u00e7in Frans\u0131zca kurslar\u0131<\/strong> ister idari i\u015fler, ister i\u015f, ister g\u00fcnl\u00fck ya\u015fam olsun, kendinizi h\u0131zla rahat hissetmenize yard\u0131mc\u0131 olur. Bir konu\u015fmay\u0131 anlamak veya bir formu doldurmak i\u00e7in neden bekleyesiniz ki? <strong>fle.re<\/strong>\u00e7evrimi\u00e7i platformu ile, kendi ihtiya\u00e7lar\u0131n\u0131za g\u00f6re ad\u0131m ad\u0131m, somut bir \u015fekilde ilerlersiniz: dil bilgisi, telaffuz veya hedefli kelime da\u011farc\u0131\u011f\u0131. Beklenmedik durumlar\u0131n stresiyle vedala\u015f\u0131n; kendi h\u0131z\u0131n\u0131zda ilerlersiniz. <\/p>\n\n<p class=\"wp-block-paragraph\">Her oturumdan \u00f6nce <strong>ki\u015fiselle\u015ftirilmi\u015f materyaller al\u0131rs\u0131n\u0131z<\/strong>ve seviyenize uygun <i>pratik egzersizlerle ayr\u0131l\u0131rs\u0131n\u0131z. Ki\u015fisel olmayan bir s\u0131n\u0131fta kaybolmu\u015f hissetmenize gerek yok: destek bireyseldir ve her ki\u015finin<\/i> profesyonel veya ki\u015fisel hedeflerini dikkate al\u0131r. Frans\u0131zca \u00f6\u011frenmek, yurtd\u0131\u015f\u0131nda ya\u015faman\u0131n her ad\u0131m\u0131n\u0131 kolayla\u015ft\u0131rman\u0131n ve toplulu\u011funuzla ba\u011flar\u0131n\u0131z\u0131 g\u00fc\u00e7lendirmenin ger\u00e7ek bir anahtar\u0131 haline gelir. Sihir yok, sadece sahadaki ger\u00e7ekleri ve beklentilerinizi dikkate alan etkili bir y\u00f6ntem. https:\/\/www.youtube.com\/watch?v=vRe8vg4QlCI <i>Yurtd\u0131\u015f\u0131na ta\u015f\u0131nd\u0131\u011f\u0131n\u0131zda do\u011fru Frans\u0131zca kursunu nas\u0131l se\u00e7ersiniz?<\/i> <\/p>\n\n<figure class=\"is-provider-youtube is-type-video wp-block-embed wp-block-embed-youtube wp-embed-aspect-16-9 wp-has-aspect-ratio\"><div class=\"wp-block-embed__wrapper\">\nYurtd\u0131\u015f\u0131nda ya\u015fayanlar i\u00e7in Frans\u0131zca kursu bulmak\n<\/div><\/figure>\n\n<div id=\"ez-toc-container\" class=\"ez-toc-v2_0_82_2 ez-toc-wrap-center counter-hierarchy ez-toc-counter ez-toc-transparent ez-toc-container-direction\">\n<div class=\"ez-toc-title-container\">\n<p class=\"ez-toc-title\" style=\"cursor:inherit\">Sommaire<\/p>\n<span class=\"ez-toc-title-toggle\"><a href=\"#\" class=\"ez-toc-pull-right ez-toc-btn ez-toc-btn-xs ez-toc-btn-default ez-toc-toggle\" aria-label=\"Toggle Table of Content\"><span class=\"ez-toc-js-icon-con\"><span class=\"\"><span class=\"eztoc-hide\" style=\"display:none;\">Toggle<\/span><span class=\"ez-toc-icon-toggle-span\"><svg style=\"fill: #999;color:#999\" xmlns=\"http:\/\/www.w3.org\/2000\/svg\" class=\"list-377408\" width=\"20px\" height=\"20px\" viewBox=\"0 0 24 24\" fill=\"none\"><path d=\"M6 6H4v2h2V6zm14 0H8v2h12V6zM4 11h2v2H4v-2zm16 0H8v2h12v-2zM4 16h2v2H4v-2zm16 0H8v2h12v-2z\" fill=\"currentColor\"><\/path><\/svg><svg style=\"fill: #999;color:#999\" class=\"arrow-unsorted-368013\" xmlns=\"http:\/\/www.w3.org\/2000\/svg\" width=\"10px\" height=\"10px\" viewBox=\"0 0 24 24\" version=\"1.2\" baseProfile=\"tiny\"><path d=\"M18.2 9.3l-6.2-6.3-6.2 6.3c-.2.2-.3.4-.3.7s.1.5.3.7c.2.2.4.3.7.3h11c.3 0 .5-.1.7-.3.2-.2.3-.5.3-.7s-.1-.5-.3-.7zM5.8 14.7l6.2 6.3 6.2-6.3c.2-.2.3-.5.3-.7s-.1-.5-.3-.7c-.2-.2-.4-.3-.7-.3h-11c-.3 0-.5.1-.7.3-.2.2-.3.5-.3.7s.1.5.3.7z\"\/><\/svg><\/span><\/span><\/span><\/a><\/span><\/div>\n<nav><ul class='ez-toc-list ez-toc-list-level-1 eztoc-toggle-hide-by-default' ><li class='ez-toc-page-1 ez-toc-heading-level-2'><a class=\"ez-toc-link ez-toc-heading-1\" href=\"https:\/\/www.fle.re\/blog\/tr\/yabancilar-icin-fransizca-kurslari\/#ozellikle_her_seyin_sizin_icin_yeni_oldugu_yeni_bir_ulkeye_vardiginizda_hizla_bas_agrisi_haline_gelebilir_Her_ogrencinin_ozel_ihtiyaclari_vardir_bazilari_isverenlerine_guvenle_yazabilmek_icin\" >\u00f6zellikle her \u015feyin sizin i\u00e7in yeni oldu\u011fu yeni bir \u00fclkeye vard\u0131\u011f\u0131n\u0131zda h\u0131zla ba\u015f a\u011fr\u0131s\u0131 haline gelebilir. Her \u00f6\u011frencinin \u00f6zel ihtiya\u00e7lar\u0131 vard\u0131r: baz\u0131lar\u0131 i\u015fverenlerine g\u00fcvenle yazabilmek i\u00e7in<\/a><\/li><li class='ez-toc-page-1 ez-toc-heading-level-2'><a class=\"ez-toc-link ez-toc-heading-2\" href=\"https:\/\/www.fle.re\/blog\/tr\/yabancilar-icin-fransizca-kurslari\/#Cimade\" >Cimade:<\/a><\/li><li class='ez-toc-page-1 ez-toc-heading-level-2'><a class=\"ez-toc-link ez-toc-heading-3\" href=\"https:\/\/www.fle.re\/blog\/tr\/yabancilar-icin-fransizca-kurslari\/#Kayit_olmak_icin_resmi_bir_merkezle_iletisime_gecin\" >Kay\u0131t olmak i\u00e7in resmi bir merkezle ileti\u015fime ge\u00e7in<\/a><\/li><li class='ez-toc-page-1 ez-toc-heading-level-2'><a class=\"ez-toc-link ez-toc-heading-4\" href=\"https:\/\/www.fle.re\/blog\/tr\/yabancilar-icin-fransizca-kurslari\/#Alistirmalar_iceren_videolar_ve_haberler\" >Al\u0131\u015ft\u0131rmalar i\u00e7eren videolar ve haberler<\/a><\/li><li class='ez-toc-page-1 ez-toc-heading-level-2'><a class=\"ez-toc-link ez-toc-heading-5\" href=\"https:\/\/www.fle.re\/blog\/tr\/yabancilar-icin-fransizca-kurslari\/#Yaklasiminizi_uyarlamak_icin_hedeflerinizi_degerlendirin_gunluk_yasam_icin_Fransizca_konusmanizi_gelistirmek_bir_sinava_hazirlanmak_veya_mesleki_kelime_dagarciginizi_guclendirmek_Sosyolinguistik_atolyeler_veya_uzmanlasmis_okullar_gibi_kisisellestirilmis_ve_moduler_programlara_oncelik_verin_Bircok_cevrimici_kurs_ozellestirilmis_materyaller_ve_her_oturumdan_sonra_takip_hizmeti_sunmaktadir_La_Cimade_gibi_kar_amaci_gutmeyen_kuruluslar_ihtiyaclariniza_gore_bireysel_destek_ve_tematik_atolyeler_sunarak_dil_profilinize_ve_ozel_beklentilerinize_gore_kendi_hizinizda_ilerlemenizi_saglar\" >Yakla\u015f\u0131m\u0131n\u0131z\u0131 uyarlamak i\u00e7in hedeflerinizi de\u011ferlendirin: g\u00fcnl\u00fck ya\u015fam i\u00e7in Frans\u0131zca konu\u015fman\u0131z\u0131 geli\u015ftirmek, bir s\u0131nava haz\u0131rlanmak veya mesleki kelime da\u011farc\u0131\u011f\u0131n\u0131z\u0131 g\u00fc\u00e7lendirmek. Sosyolinguistik at\u00f6lyeler veya uzmanla\u015fm\u0131\u015f okullar gibi ki\u015fiselle\u015ftirilmi\u015f ve mod\u00fcler programlara \u00f6ncelik verin. Bir\u00e7ok \u00e7evrimi\u00e7i kurs, \u00f6zelle\u015ftirilmi\u015f materyaller ve her oturumdan sonra takip hizmeti sunmaktad\u0131r. La Cimade gibi kar amac\u0131 g\u00fctmeyen kurulu\u015flar, ihtiya\u00e7lar\u0131n\u0131za g\u00f6re bireysel destek ve tematik at\u00f6lyeler sunarak, dil profilinize ve \u00f6zel beklentilerinize g\u00f6re kendi h\u0131z\u0131n\u0131zda ilerlemenizi sa\u011flar.<\/a><\/li><\/ul><\/nav><\/div>\n<h2 class=\"wp-block-heading\"><span class=\"ez-toc-section\" id=\"ozellikle_her_seyin_sizin_icin_yeni_oldugu_yeni_bir_ulkeye_vardiginizda_hizla_bas_agrisi_haline_gelebilir_Her_ogrencinin_ozel_ihtiyaclari_vardir_bazilari_isverenlerine_guvenle_yazabilmek_icin\"><\/span>\u00f6zellikle her \u015feyin sizin i\u00e7in yeni oldu\u011fu yeni bir \u00fclkeye vard\u0131\u011f\u0131n\u0131zda h\u0131zla ba\u015f a\u011fr\u0131s\u0131 haline gelebilir. Her \u00f6\u011frencinin \u00f6zel ihtiya\u00e7lar\u0131 vard\u0131r: baz\u0131lar\u0131 i\u015fverenlerine g\u00fcvenle yazabilmek i\u00e7in<span class=\"ez-toc-section-end\"><\/span><\/h2>\n\n<p class=\"wp-block-paragraph\">\nFrans\u0131zca dilbilgisini \u00f6\u011frenmek isterken, di\u011ferleri rahat konu\u015fabilmek i\u00e7in telaffuzlar\u0131n\u0131 geli\u015ftirmek ister, <strong>hatta daha kolay entegre olmak i\u00e7in<\/strong> g\u00fcnl\u00fck Frans\u0131zca kelime da\u011farc\u0131klar\u0131n\u0131 zenginle\u015ftirmek isterler. F\u0131r\u0131na ilk gidi\u015fimde ya\u015fad\u0131\u011f\u0131m stresi hat\u0131rl\u0131yorum; \u00ab\u00a0une tradition bien cuit\u00a0\u00bb (iyi pi\u015fmi\u015f geleneksel bir ekmek) demeyi \u00fc\u00e7 denemede ba\u015farm\u0131\u015ft\u0131m\u2026 \u0130\u015fte burada ki\u015fiye \u00f6zel yakla\u015f\u0131m devreye giriyor. <strong>Her \u015fey mant\u0131kl\u0131: Her ders, ister i\u015f, ister g\u00fcnl\u00fck ya\u015fam, isterse de belirli durumlarla (i\u015f sunumlar\u0131, t\u0131bbi randevular vb.) ilgili olsun, hedeflerinizle uyumlu olmal\u0131d\u0131r. fle.re gibi bir platformda, her dersten \u00f6nce ki\u015fiselle\u015ftirilmi\u015f destek materyallerinden, ayr\u0131ca \u00f6\u011frendiklerinizi peki\u015ftirmek i\u00e7in ders sonras\u0131nda \u00f6zetlerden ve hedefli al\u0131\u015ft\u0131rmalardan yararlanabilirsiniz. Bu, kendi h\u0131z\u0131n\u0131zda ilerlemenizi ve somut sonu\u00e7lar\u0131 h\u0131zla g\u00f6rmenizi sa\u011flar, \u00e7\u00fcnk\u00fc bireysel destek entegrasyonunuzda ve g\u00fcnl\u00fck \u00f6zg\u00fcveninizde ger\u00e7ekten fark yarat\u0131r.<\/strong> <i>Hangi kurulu\u015flar veya dernekler yabanc\u0131lar i\u00e7in \u00fccretsiz kurslar sunuyor?<\/i>B\u00fct\u00e7eler k\u0131s\u0131tl\u0131 oldu\u011funda veya \u00f6zel okullara eri\u015fim m\u00fcmk\u00fcn olmad\u0131\u011f\u0131nda, Fransa&rsquo;da yabanc\u0131lar i\u00e7in \u00fccretsiz Frans\u0131zca kurslar\u0131 almak i\u00e7in \u00e7e\u015fitli se\u00e7enekler mevcuttur. <strong><\/strong> En aktif dernekler aras\u0131nda La Cimade, Frans\u0131zca \u00f6\u011frenmek isteyen herkese s\u0131cak ve samimi bir ortam sunmaktad\u0131r. Lyon&rsquo;daki at\u00f6lyelerinden birine kat\u0131lma f\u0131rsat\u0131m oldu: burada hi\u00e7bir bask\u0131 yok, sadece nezaket ve ger\u00e7ek bir payla\u015f\u0131m ruhu var. E\u011fitimli g\u00f6n\u00fcll\u00fcler taraf\u0131ndan y\u00f6netilen bu at\u00f6lyeler, ger\u00e7ek hayattan konulara odaklan\u0131yor: doktoru anlamak, kom\u015fularla sohbet etmek veya hatta bir daire aramak gibi. Baz\u0131 kurulu\u015flar, pratik yapmaya devam etmek i\u00e7in konu\u015fma gruplar\u0131 veya s\u0131f\u0131rdan ba\u015flayanlar i\u00e7in yazma at\u00f6lyeleri sunuyor. <strong><\/strong> Ayr\u0131ca, durumlar\u0131 ne olursa olsun, okul \u00e7a\u011f\u0131ndaki \u00e7ocuklar\u0131 olan herkes i\u00e7in m\u00fckemmel olan \u00ab\u00a0\u00c7ocuklar\u0131n Ba\u015far\u0131s\u0131 \u0130\u00e7in Okullar\u0131 Ebeveynlere A\u00e7ma\u00a0\u00bb program\u0131 da var: bu \u00fccretsiz dersler, okullarda profesyoneller taraf\u0131ndan veriliyor. Ve Fransa Travail (eski ad\u0131yla P\u00f4le Emploi) taraf\u0131ndan finanse edilen ve tam kapsaml\u0131 dil e\u011fitimi kurslar\u0131 sunan se\u00e7enekleri de unutmayal\u0131m. <strong>\u0130\u015f arayanlar i\u00e7in. Bulundu\u011funuz yere ba\u011fl\u0131 olarak, OFII (Frans\u0131z G\u00f6\u00e7 ve Entegrasyon Ofisi), Cumhuriyet Entegrasyon S\u00f6zle\u015fmesi imzaland\u0131ktan sonra \u00fccretsiz e\u011fitim kurslar\u0131 \u00f6nerebilir. Ba\u011f\u0131ms\u0131z olarak \u00f6\u011frenmeyi tercih edenler i\u00e7in ise Karibu veya TV5 Monde gibi \u00fccretsiz uygulamalar, evde pratik yapman\u0131za yard\u0131mc\u0131 olur; bu da d\u00fczensiz saatleriniz oldu\u011funda veya kendi ba\u015f\u0131n\u0131za \u00f6\u011frenmeyi tercih etti\u011finizde inan\u0131lmaz derecede kullan\u0131\u015fl\u0131d\u0131r.<\/strong> \n<\/p>\n\n<h2 class=\"wp-block-heading\"><span class=\"ez-toc-section\" id=\"Cimade\"><\/span>Cimade:<span class=\"ez-toc-section-end\"><\/span><\/h2>\n\n<p class=\"wp-block-paragraph\">\nS\u00f6zl\u00fc ifade ve g\u00fcnl\u00fck ihtiya\u00e7lara odaklanan at\u00f6lyeler <strong>OEPRE:<\/strong>Ebeveynler i\u00e7in okullarda \u00fccretsiz kurslar\n<\/p>\n\n<p class=\"wp-block-paragraph\">\nFrance Travail: <strong>\u0130\u015f arayanlar i\u00e7in dil e\u011fitimi<\/strong> OFII: <i>CIR imzaland\u0131ktan sonra \u00f6nerilen e\u011fitim kurslar\u0131<\/i> Mobil uygulamalar:\n<\/p>\n\n<ul class=\"wp-block-list\"><li><strong>Kendi h\u0131z\u0131n\u0131zda ilerlemek i\u00e7in ba\u011f\u0131ms\u0131zl\u0131k ve esneklik<\/strong> Yurtd\u0131\u015f\u0131nda Frans\u0131zcan\u0131z\u0131 h\u0131zla geli\u015ftirmek i\u00e7in hangi program\u0131 se\u00e7melisiniz?<\/li><li><strong><\/strong> Yurtd\u0131\u015f\u0131nda Frans\u0131zcan\u0131z\u0131 h\u0131zla geli\u015ftirmek i\u00e7in hangi program\u0131 se\u00e7melisiniz?<\/li><li><strong><\/strong> Etkili bir \u015fekilde ilerlemek i\u00e7in, ihtiya\u00e7lar\u0131n\u0131z\u0131 tam olarak hedefleyen ki\u015fiselle\u015ftirilmi\u015f bir y\u00f6ntemin yerini hi\u00e7bir \u015fey tutamaz. H\u0131zl\u0131 bir \u015fekilde entegre olmak isteyen bir yabanc\u0131, her seans\u0131n ba\u015flang\u0131\u00e7taki hedeflerine g\u00f6re uyarland\u0131\u011f\u0131<\/li><li><strong>bireysel Frans\u0131zca derslerini se\u00e7mekten b\u00fcy\u00fck fayda sa\u011flayacakt\u0131r: yakla\u015fan bir i\u015f toplant\u0131s\u0131, idari i\u015flemler veya okulda ebeveynlerle etkile\u015fimler. Uygun materyalleri \u00f6nceden haz\u0131rlayan \u00f6\u011fretmenler ilerlemeyi b\u00fcy\u00fck \u00f6l\u00e7\u00fcde kolayla\u015ft\u0131r\u0131r. Her dersten sonra, d\u00fczeltmeler ve ki\u015fiselle\u015ftirilmi\u015f al\u0131\u015ft\u0131rmalar i\u00e7eren bir \u00f6zet almak, \u00f6\u011frenmeyi en \u00fcst d\u00fczeye \u00e7\u0131kar\u0131r, \u00e7\u00fcnk\u00fc yeni \u00f6\u011frendiklerinizi peki\u015ftirebilir ve ayn\u0131 hatalar\u0131 tekrarlamaktan ka\u00e7\u0131nabilirsiniz.<\/strong> fle.re gibi bir\u00e7ok \u00e7evrimi\u00e7i platform, tam olarak bu \u00f6zelle\u015ftirilmi\u015f yakla\u015f\u0131m\u0131 sunmaktad\u0131r. Anadili Frans\u0131zca olan \u00f6\u011fretmenlerden ki\u015fiselle\u015ftirilmi\u015f destek.<\/li><li><strong>E\u011fitimli profesyoneller veya e\u011fitmenler, ilerlemenize g\u00f6re y\u00f6ntemi ayarlaman\u0131za ve yanl\u0131\u015f anlamalar\u0131 h\u0131zla \u00e7\u00f6zmenize olanak tan\u0131r. Bu esneklik her \u015feyi de\u011fi\u015ftirir: Kendi h\u0131z\u0131n\u0131zda ilerleyebilir, yarg\u0131lanma hissi duymadan belirli noktalara tekrar d\u00f6nebilir ve her \u015feyden \u00f6nemlisi, motivasyonunuzu korumak i\u00e7in s\u00fcrekli destekten yararlanabilirsiniz. Ger\u00e7ek hayattaki durumlara odaklanan birka\u00e7 konu\u015fma seans\u0131\u2014market al\u0131\u015fveri\u015fi, idari bir sorunu \u00e7\u00f6zme, doktor randevusu alma\u2014ilk birka\u00e7 hafta boyunca \u00f6zg\u00fcveniniz i\u00e7in harikalar yarat\u0131r. Daha da ileri gitmek mi istiyorsunuz? Etkile\u015fimli kaynaklar ve pratik al\u0131\u015ft\u0131rmalar, \u00f6rne\u011fin<\/strong> bu makalede sunulanlar gibi, hem evde hem de d\u0131\u015far\u0131da ba\u011f\u0131ms\u0131z olarak ilerlemenize ve ivmeyi koruman\u0131za yard\u0131mc\u0131 olur.<\/li><\/ul>\n\n<h2 class=\"wp-block-heading\"><\/h2>\n        \n         \n        <figure class=\"wp-block-image size-full\">\n          <img decoding=\"async\" src=\"https:\/\/www.fle.re\/blog\/wp-content\/uploads\/2025\/12\/Quel-programme-choisir-pour-progresser.jpeg\" alt=\"Frans\u0131zca seviyenizi do\u011frulamak i\u00e7in bir Frans\u0131zca sertifikas\u0131na nas\u0131l haz\u0131rlan\u0131rs\u0131n\u0131z?\">\n        <\/figure>\n        \n          \n\n<p class=\"wp-block-paragraph\">\nOturma izni, uzun s\u00fcreli ikamet kart\u0131 veya Frans\u0131z vatanda\u015fl\u0131\u011f\u0131 almak genellikle resmi bir Frans\u0131zca sertifikas\u0131 sunmay\u0131 gerektirir. DELF, DALF, DILF, TCF, TEF veya DCL gibi bu sertifikalar, Avrupa Ortak Dil Referans \u00c7er\u00e7evesi&rsquo;nin (CEFR, A1&rsquo;den B2&rsquo;ye, hatta C1&rsquo;e kadar) iyi tan\u0131mlanm\u0131\u015f seviyelerine kar\u015f\u0131l\u0131k gelir. \u0130dari i\u015flemler i\u00e7in (duruma ba\u011fl\u0131 olarak) bazen meslek diplomas\u0131 (CAP, BEP) yoluyla elde edilen A2 veya B1 seviyesinde konu\u015fma ve yazma Frans\u0131zcas\u0131 becerisi g\u00f6stermeniz istenecektir. Ba\u015flang\u0131\u00e7ta \u00e7ok y\u00fcksek hedefler koyman\u0131n bir anlam\u0131 yok: ama\u00e7, g\u00fcnl\u00fck hayatta Frans\u0131zca&rsquo;y\u0131 anlama ve kendinizi ifade etme yetene\u011finizi g\u00f6stermektir. Neyse ki, bu sertifikalar\u0131 veren bir\u00e7ok devlet onayl\u0131 kurulu\u015f var ve hedefledi\u011finiz her diploma i\u00e7in g\u00fcncel listelere bakabilirsiniz. Pratik yapmak i\u00e7in, Frans\u0131zca s\u0131navlar\u0131na haz\u0131rlanmak i\u00e7in bu al\u0131\u015ft\u0131rmalar gibi \u00fccretsiz ve etkile\u015fimli kaynaklar\u0131 kullanabilirsiniz. <strong>S\u0131nav format\u0131na al\u0131\u015fmak ve zay\u0131f y\u00f6nlerinizi belirlemek ger\u00e7ekten fark yarat\u0131r. Stresi y\u00f6netmek ve \u00f6zg\u00fcveninizi art\u0131rmak i\u00e7in genellikle \u015fu \u00f6nerilerde bulunulur:<\/strong>  <i>Yabanc\u0131 Dil Olarak Frans\u0131zca (FLE) s\u0131navlar\u0131 s\u0131ras\u0131nda bask\u0131y\u0131 azaltmaya y\u00f6nelik ipu\u00e7lar\u0131n\u0131 okuyun.<\/i> \n<\/p>\n\n<p class=\"wp-block-paragraph\">\nB\u00fcy\u00fck g\u00fcnden \u00f6nce inan\u0131lmaz derecede rahatlat\u0131c\u0131d\u0131r. <strong><\/strong> DELF\/DALF\/TCF\/TEF: <a href=\"https:\/\/www.fle.re\/blog\/exercices-fle-interactifs\/\" target=\"_blank\">Gereksinimlere g\u00f6re dil seviyenizi belgelemek i\u00e7in<\/a>Akredite merkez:\n<\/p>\n\n<h2 class=\"wp-block-heading\"><span class=\"ez-toc-section\" id=\"Kayit_olmak_icin_resmi_bir_merkezle_iletisime_gecin\"><\/span>Kay\u0131t olmak i\u00e7in resmi bir merkezle ileti\u015fime ge\u00e7in<span class=\"ez-toc-section-end\"><\/span><\/h2>\n\n<p class=\"wp-block-paragraph\">\nEtkile\u015fimli kaynaklar: <strong>Etkili bir \u015fekilde haz\u0131rlanmak i\u00e7in s\u0131nav sim\u00fclasyonlar\u0131<\/strong>Stres y\u00f6netimi ipu\u00e7lar\u0131:\n<\/p>\n\n<p class=\"wp-block-paragraph\">\nS\u0131nava sakin bir \u015fekilde yakla\u015fma teknikleri <a href=\"https:\/\/www.fle.re\/blog\/exercices-fle-interactifs\/\" target=\"_blank\">Frans\u0131zca pratik yapmak i\u00e7in g\u00fcvenilir ve etkile\u015fimli kaynaklar\u0131 nerede bulabilirsiniz?<\/a>Yurtd\u0131\u015f\u0131nda Frans\u0131zca \u00f6\u011frenmeye ba\u015flamak, etkili bir \u015fekilde ilerlemek i\u00e7in ger\u00e7ekten g\u00fcvenilir ve \u00e7e\u015fitli ara\u00e7lara sahip olmay\u0131 gerektirir. Etkile\u015fimli kaynaklar idealdir: \u0130ster evde kendi ba\u015f\u0131n\u0131za ister bir kursu desteklemek i\u00e7in olsun, dile kendinizi kapt\u0131rman\u0131za, al\u0131\u015ft\u0131rmalar\u0131 \u00e7e\u015fitlendirmenize ve kendi h\u0131z\u0131n\u0131zda \u00f6\u011frenmenize olanak tan\u0131r. \u0130\u015fte bir\u00e7ok yabanc\u0131 ve \u00f6\u011frenci taraf\u0131ndan test edilmi\u015f ve onaylanm\u0131\u015f, \u00f6nerilen baz\u0131 kaynaklar\u0131n \u00f6zet tablosu: <a href=\"https:\/\/www.fle.re\/blog\/aider-eleve-fle-pression\/\" target=\"_blank\">Kaynak<\/a>\u00d6\u011frenme T\u00fcr\u00fc\n<\/p>\n\n<ul class=\"wp-block-list\"><li><strong>Ana Avantaj<\/strong> Etkile\u015fimli Yabanc\u0131 Dil Olarak Frans\u0131zca (FLE) Al\u0131\u015ft\u0131rmalar\u0131 (fle.re)<\/li><li><strong>Dilbilgisi, dinleme\/okuma anlama<\/strong> Seviyeye uygun ve \u00e7evrimi\u00e7i eri\u015filebilir<\/li><li><strong>Karibu<\/strong> Ak\u0131ll\u0131 telefonlarda ger\u00e7ek hayattan senaryolar<\/li><li><strong>\u00c7ok dilli aray\u00fcz (Arap\u00e7a, Pe\u015ftuca, Ukraynaca)<\/strong> TV5 Monde<\/li><\/ul>\n\n<h2 class=\"wp-block-heading\"><span class=\"ez-toc-section\" id=\"Alistirmalar_iceren_videolar_ve_haberler\"><\/span>Al\u0131\u015ft\u0131rmalar i\u00e7eren videolar ve haberler<span class=\"ez-toc-section-end\"><\/span><\/h2>\n\n<p class=\"wp-block-paragraph\">\nOrijinal i\u00e7erikle ilerlemek i\u00e7in ideal\n<\/p>\n\n<figure class=\"wp-block-table\"><table>\n<thead>\n<tr>\n<th>Bu kaynaklardan en iyi \u015fekilde yararlanmak i\u00e7in, formatlar\u0131 (s\u0131navlar, videolar, sesli konu\u015fmalar) \u00e7e\u015fitlendirmeyi unutmay\u0131n ve e\u011fitmeninize veya arkada\u015flar\u0131n\u0131za hangi web sitelerini veya uygulamalar\u0131 kulland\u0131klar\u0131n\u0131 sormaktan \u00e7ekinmeyin. Deneyimlerimize g\u00f6re, her ak\u015fam bir al\u0131\u015ft\u0131rma se\u00e7mek veya her g\u00fcn 10 dakikal\u0131k bir video izlemek, seviyenizi k\u0131sa s\u00fcrede h\u0131zla geli\u015ftirebilir!<\/th>\n<th><\/th>\n<th>Sonu\u00e7<\/th>\n<\/tr>\n<\/thead>\n<tbody>\n<tr>\n<td><a href=\"https:\/\/www.fle.re\/blog\/exercices-fle-interactifs\/\" target=\"_blank\"><strong>Yabanc\u0131lar i\u00e7in Frans\u0131zca kurslar\u0131<\/strong><\/a><\/td>\n<td>Bu beceriler, ev sahibi \u00fclkedeki hayata daha sorunsuz bir ge\u00e7i\u015f sa\u011flar. \u0130leti\u015fim kurabilmek g\u00fcnl\u00fck hayat\u0131 kolayla\u015ft\u0131r\u0131r, ba\u011flant\u0131lar kurar ve ki\u015finin toplumun bir par\u00e7as\u0131 gibi hissetmesine yard\u0131mc\u0131 olur. Bu s\u00fcre\u00e7 ba\u011f\u0131ms\u0131zl\u0131\u011f\u0131 g\u00fc\u00e7lendirir, \u00f6zg\u00fcveni art\u0131r\u0131r ve \u00fclkenin k\u00fclt\u00fcrel ve idari \u00f6zelliklerinin daha iyi anla\u015f\u0131lmas\u0131n\u0131 sa\u011flar.<\/td>\n<td>Ki\u015fiselle\u015ftirilmi\u015f kurslara kat\u0131lmak, \u00f6zel kaynaklara eri\u015fmek ve bireysel destek almak \u00f6\u011frenmeyi h\u0131zland\u0131r\u0131r. Herkes kendi h\u0131z\u0131nda, bask\u0131 olmadan, destekleyici bir ortamda ilerler. A\u00e7\u0131k\u00e7as\u0131, bu at\u00f6lye \u00e7al\u0131\u015fmalar\u0131 ve oturumlar\u0131n sa\u011flad\u0131\u011f\u0131 insani ba\u011f\u0131n yerini hi\u00e7bir \u015fey tutamaz; ister kar\u015f\u0131l\u0131kl\u0131 etkile\u015fimler, ister payla\u015f\u0131lan hatalar, isterse k\u00fc\u00e7\u00fck g\u00fcnl\u00fck iyile\u015ftirmeler olsun.<\/td>\n<\/tr>\n<tr>\n<td><strong><\/strong><\/td>\n<td><i>Son olarak, gurbet\u00e7i ba\u011flam\u0131nda Frans\u0131zca \u00f6\u011frenmenin bir\u00e7ok f\u0131rsat\u0131n kap\u0131s\u0131n\u0131 a\u00e7abilece\u011fini unutmayal\u0131m: i\u015fe, k\u00fclt\u00fcre ve olduk\u00e7a basit bir \u015fekilde aktif ve sayg\u0131n bir sivil hayata eri\u015fim.<\/i><\/td>\n<td>Yeti\u015fkin gurbet\u00e7iler i\u00e7in hangi kamu destek programlar\u0131 mevcuttur? Gurbet\u00e7iler i\u00e7in Frans\u0131zca kurslar\u0131na kat\u0131lmak i\u00e7in kamu se\u00e7enekleri aras\u0131nda France Travail, OFPRA (Frans\u0131z M\u00fclteci ve Vatans\u0131z Ki\u015fileri Koruma Dairesi) ve \u00e7e\u015fitli di\u011fer h\u00fck\u00fcmet giri\u015fimleri taraf\u0131ndan finanse edilen e\u011fitim programlar\u0131 yer almaktad\u0131r. Bu programlar, her bireyin seviyesine ve durumuna g\u00f6re uyarlanm\u0131\u015f kurslar sunmaktad\u0131r. Ayr\u0131ca, \u00ab\u00a0Ebeveynlere A\u00e7\u0131k Okullar\u00a0\u00bb program\u0131, okul \u00e7a\u011f\u0131ndaki \u00e7ocuklar\u0131n ebeveynlerinin \u00fccretsiz derslere eri\u015fmesine olanak tan\u0131r. Sunulan hizmetler \u015fehre g\u00f6re de\u011fi\u015fti\u011fi i\u00e7in yerel olarak kontrol edin. Baz\u0131 okullar ve dernekler ayr\u0131ca, g\u00fcnl\u00fck ya\u015fam, idari i\u015flemler, istihdam veya k\u00fclt\u00fcr gibi \u00e7e\u015fitli ihtiya\u00e7lara y\u00f6nelik, profesyoneller veya g\u00f6n\u00fcll\u00fcler taraf\u0131ndan y\u00f6netilen \u00fccretsiz at\u00f6lye \u00e7al\u0131\u015fmalar\u0131 da sunmaktad\u0131r.<\/td>\n<\/tr>\n<tr>\n<td><\/td>\n<td>Yabanc\u0131 bir ki\u015fi olarak profilime uygun bir Frans\u0131zca kursunu nas\u0131l se\u00e7ebilirim?<\/td>\n<td><\/td>\n<\/tr>\n<\/tbody>\n<\/table><\/figure>\n\n<p class=\"wp-block-paragraph\">\nYabanc\u0131lar i\u00e7in Frans\u0131zca kursu bulmak i\u00e7in\n<\/p>\n\n<h2 class=\"wp-block-heading\"><span class=\"ez-toc-section\" id=\"Yaklasiminizi_uyarlamak_icin_hedeflerinizi_degerlendirin_gunluk_yasam_icin_Fransizca_konusmanizi_gelistirmek_bir_sinava_hazirlanmak_veya_mesleki_kelime_dagarciginizi_guclendirmek_Sosyolinguistik_atolyeler_veya_uzmanlasmis_okullar_gibi_kisisellestirilmis_ve_moduler_programlara_oncelik_verin_Bircok_cevrimici_kurs_ozellestirilmis_materyaller_ve_her_oturumdan_sonra_takip_hizmeti_sunmaktadir_La_Cimade_gibi_kar_amaci_gutmeyen_kuruluslar_ihtiyaclariniza_gore_bireysel_destek_ve_tematik_atolyeler_sunarak_dil_profilinize_ve_ozel_beklentilerinize_gore_kendi_hizinizda_ilerlemenizi_saglar\"><\/span>Yakla\u015f\u0131m\u0131n\u0131z\u0131 uyarlamak i\u00e7in hedeflerinizi de\u011ferlendirin: g\u00fcnl\u00fck ya\u015fam i\u00e7in Frans\u0131zca konu\u015fman\u0131z\u0131 geli\u015ftirmek, bir s\u0131nava haz\u0131rlanmak veya mesleki kelime da\u011farc\u0131\u011f\u0131n\u0131z\u0131 g\u00fc\u00e7lendirmek. Sosyolinguistik at\u00f6lyeler veya uzmanla\u015fm\u0131\u015f okullar gibi ki\u015fiselle\u015ftirilmi\u015f ve mod\u00fcler programlara \u00f6ncelik verin. Bir\u00e7ok \u00e7evrimi\u00e7i kurs, \u00f6zelle\u015ftirilmi\u015f materyaller ve her oturumdan sonra takip hizmeti sunmaktad\u0131r. La Cimade gibi kar amac\u0131 g\u00fctmeyen kurulu\u015flar, ihtiya\u00e7lar\u0131n\u0131za g\u00f6re bireysel destek ve tematik at\u00f6lyeler sunarak, dil profilinize ve \u00f6zel beklentilerinize g\u00f6re kendi h\u0131z\u0131n\u0131zda ilerlemenizi sa\u011flar.<span class=\"ez-toc-section-end\"><\/span><\/h2>\n        \n         \n        <figure class=\"wp-block-image size-full\">\n          <img decoding=\"async\" src=\"https:\/\/www.fle.re\/blog\/wp-content\/uploads\/2025\/12\/Conclusion-59.jpeg\" alt=\"\">\n        <\/figure>\n        \n          \n\n<p class=\"wp-block-paragraph\">\nFrans\u0131zcada h\u0131zl\u0131 ilerleme kaydetmek i\u00e7in hangi y\u00f6ntemleri kullanabilirsiniz? <strong><\/strong> Kaynaklar\n<\/p>\n\n<p class=\"wp-block-paragraph\">\nLa Cimade. \u201cYabanc\u0131 yeti\u015fkinler i\u00e7in Frans\u0131zca kurslar\u0131.\u201d La Cimade, 8 Nisan 2024. Eri\u015fim tarihi: 15 Haziran 2024. <strong><\/strong>Ayr\u0131ca bak\u0131n\u0131z\n<\/p>\n\n<p class=\"wp-block-paragraph\">\nMilli E\u011fitim ve Gen\u00e7lik Bakanl\u0131\u011f\u0131. \u201c\u00c7ocuklar\u0131n ba\u015far\u0131s\u0131 i\u00e7in okullar\u0131n ebeveynlere a\u00e7\u0131lmas\u0131 (OEPRE).\u201d education.gouv.fr, 12 Ekim 2023. Eri\u015fim tarihi: 15 Haziran 2024. <strong><\/strong> Ayr\u0131ca bak\u0131n\u0131z: Frans\u0131z G\u00f6\u00e7 ve Entegrasyon Ofisi (OFII). \u201cCumhuriyet Entegrasyon S\u00f6zle\u015fmesi kapsam\u0131nda \u00f6ng\u00f6r\u00fclen dil e\u011fitimi.\u201d OFII, tarih belirtilmemi\u015f. Eri\u015fim tarihi: 15 Haziran 2024.\n<\/p>\n\n<p class=\"wp-block-paragraph\"><section class=\"faq\">\n<div>\n<h2><\/h2>\n<div>\n<p>Ayr\u0131ca bak\u0131n\u0131z: Frans\u0131zca Dil \u00c7al\u0131\u015fmalar\u0131 Diplomas\u0131 (DELF), \u0130leri D\u00fczey Frans\u0131zca Dil Diplomas\u0131 (DALF), Frans\u0131zca Bilgi Testi (TCF). \u201cYabanc\u0131lar i\u00e7in Frans\u0131zca Yabanc\u0131 Dil (FLE) sertifikalar\u0131.\u201d France \u00c9ducation international, 10 Ocak 2024. Eri\u015fim tarihi: 15 Haziran 2024. <strong><\/strong>Ayr\u0131ca bak\u0131n\u0131z: France Travail. \u201cFrans\u0131zca E\u011fitimi.\u201d France Travail, 3 May\u0131s 2024. Eri\u015fim tarihi: 15 Haziran 2024.<\/p>\n<\/div>\n<\/div>\n<div>\n<h2><\/h2>\n<div>\n<p>Ayr\u0131ca bak\u0131n\u0131z: <strong><\/strong> <\/p>\n<\/div>\n<\/div>\n<div>\n<h2><\/h2>\n        \n         \n        <figure class=\"wp-block-image size-full\">\n          <img decoding=\"async\" src=\"https:\/\/www.fle.re\/blog\/wp-content\/uploads\/2025\/12\/Quelles-mthodes-utiliser-pour-progresser.jpeg\" alt=\"\">\n        <\/figure>\n        \n          \n         \n        <figure class=\"wp-block-image size-full\">\n          <img decoding=\"async\" src=\"https:\/\/www.fle.re\/blog\/wp-content\/uploads\/2025\/12\/Sources-19.jpeg\" alt=\"\">\n        <\/figure>\n        \n          \n\n<ol class=\"wp-block-list\"><li> <a href=\"https:\/\/www.lacimade.org\/agir\/aider\/accompagner-les-personnes-etrangeres-sur-leur-acces-aux-droits\/les-cours-de-francais-pour-adulte-etranger\/\" rel=\"nofollow noopener noreferrer\" target=\"_blank\"><\/a><\/li><li> <a href=\"https:\/\/www.education.gouv.fr\/ouvrir-l-ecole-aux-parents-pour-la-reussite-des-enfants-oepre-3915\" rel=\"nofollow noopener noreferrer\" target=\"_blank\"><\/a><\/li><li> <a href=\"https:\/\/www.ofii.fr\/venir-et-sejourner-en-france\/la-formation-linguistique-prescrite-dans-le-cadre-du-contrat-dintegration-republicain\/\" rel=\"nofollow noopener noreferrer\" target=\"_blank\"><\/a><\/li><li> <a href=\"https:\/\/www.france-education-international.fr\/francais\/certifications-francais-langue-etrangere-fle-pour-les-etrangers\" rel=\"nofollow noopener noreferrer\" target=\"_blank\"><\/a><\/li><li> <a href=\"https:\/\/entreprise.francetravail.fr\/decouvrir-nos-solutions\/former-vos-collaborateurs\/se-former-en-francais.html\" rel=\"nofollow noopener noreferrer\" target=\"_blank\"><\/a><\/li><\/ol>\n\n<\/div><\/section><\/p>\n","protected":false},"excerpt":{"rendered":"<p>Frans\u0131zca konu\u015fulan bir \u00fclkede ya\u015famak baz\u0131 uyum gerektirir ve bunlar aras\u0131nda etkili ileti\u015fim kurmay\u0131 \u00f6\u011frenmek b\u00fcy\u00fck fark yarat\u0131r. Yurtd\u0131\u015f\u0131nda ya\u015fayanlar [&hellip;]<\/p>\n","protected":false},"author":2,"featured_media":674,"comment_status":"open","ping_status":"open","sticky":false,"template":"","format":"standard","meta":{"_crdt_document":"","site-sidebar-layout":"default","site-content-layout":"","ast-site-content-layout":"default","site-content-style":"default","site-sidebar-style":"default","ast-global-header-display":"","ast-banner-title-visibility":"","ast-main-header-display":"","ast-hfb-above-header-display":"","ast-hfb-below-header-display":"","ast-hfb-mobile-header-display":"","site-post-title":"","ast-breadcrumbs-content":"","ast-featured-img":"","footer-sml-layout":"","ast-disable-related-posts":"","theme-transparent-header-meta":"","adv-header-id-meta":"","stick-header-meta":"","header-above-stick-meta":"","header-main-stick-meta":"","header-below-stick-meta":"","astra-migrate-meta-layouts":"default","ast-page-background-enabled":"default","ast-page-background-meta":{"desktop":{"background-color":"var(--ast-global-color-5)","background-image":"","background-repeat":"repeat","background-position":"center center","background-size":"auto","background-attachment":"scroll","background-type":"","background-media":"","overlay-type":"","overlay-color":"","overlay-opacity":"","overlay-gradient":""},"tablet":{"background-color":"","background-image":"","background-repeat":"repeat","background-position":"center center","background-size":"auto","background-attachment":"scroll","background-type":"","background-media":"","overlay-type":"","overlay-color":"","overlay-opacity":"","overlay-gradient":""},"mobile":{"background-color":"","background-image":"","background-repeat":"repeat","background-position":"center center","background-size":"auto","background-attachment":"scroll","background-type":"","background-media":"","overlay-type":"","overlay-color":"","overlay-opacity":"","overlay-gradient":""}},"ast-content-background-meta":{"desktop":{"background-color":"var(--ast-global-color-4)","background-image":"","background-repeat":"repeat","background-position":"center center","background-size":"auto","background-attachment":"scroll","background-type":"","background-media":"","overlay-type":"","overlay-color":"","overlay-opacity":"","overlay-gradient":""},"tablet":{"background-color":"var(--ast-global-color-4)","background-image":"","background-repeat":"repeat","background-position":"center center","background-size":"auto","background-attachment":"scroll","background-type":"","background-media":"","overlay-type":"","overlay-color":"","overlay-opacity":"","overlay-gradient":""},"mobile":{"background-color":"var(--ast-global-color-4)","background-image":"","background-repeat":"repeat","background-position":"center center","background-size":"auto","background-attachment":"scroll","background-type":"","background-media":"","overlay-type":"","overlay-color":"","overlay-opacity":"","overlay-gradient":""}},"footnotes":""},"categories":[708],"tags":[790,784,884,7043,7046],"class_list":["post-2627","post","type-post","status-publish","format-standard","has-post-thumbnail","hentry","category-non-classe-tr","tag-fransizca-dersleri-tr","tag-fransizca-ogren-tr","tag-langue-turkce-tr","tag-surgun-tr","tag-yabancilar-icin-fransizca-tr"],"_links":{"self":[{"href":"https:\/\/www.fle.re\/blog\/wp-json\/wp\/v2\/posts\/2627","targetHints":{"allow":["GET"]}}],"collection":[{"href":"https:\/\/www.fle.re\/blog\/wp-json\/wp\/v2\/posts"}],"about":[{"href":"https:\/\/www.fle.re\/blog\/wp-json\/wp\/v2\/types\/post"}],"author":[{"embeddable":true,"href":"https:\/\/www.fle.re\/blog\/wp-json\/wp\/v2\/users\/2"}],"replies":[{"embeddable":true,"href":"https:\/\/www.fle.re\/blog\/wp-json\/wp\/v2\/comments?post=2627"}],"version-history":[{"count":1,"href":"https:\/\/www.fle.re\/blog\/wp-json\/wp\/v2\/posts\/2627\/revisions"}],"predecessor-version":[{"id":2628,"href":"https:\/\/www.fle.re\/blog\/wp-json\/wp\/v2\/posts\/2627\/revisions\/2628"}],"wp:featuredmedia":[{"embeddable":true,"href":"https:\/\/www.fle.re\/blog\/wp-json\/wp\/v2\/media\/674"}],"wp:attachment":[{"href":"https:\/\/www.fle.re\/blog\/wp-json\/wp\/v2\/media?parent=2627"}],"wp:term":[{"taxonomy":"category","embeddable":true,"href":"https:\/\/www.fle.re\/blog\/wp-json\/wp\/v2\/categories?post=2627"},{"taxonomy":"post_tag","embeddable":true,"href":"https:\/\/www.fle.re\/blog\/wp-json\/wp\/v2\/tags?post=2627"}],"curies":[{"name":"wp","href":"https:\/\/api.w.org\/{rel}","templated":true}]}}