{"id":2690,"date":"2026-02-11T18:50:20","date_gmt":"2026-02-11T18:50:20","guid":{"rendered":"https:\/\/www.fle.re\/blog\/?p=2690"},"modified":"2026-02-11T18:50:23","modified_gmt":"2026-02-11T18:50:23","slug":"gramatica-francesa-avancada-pontos-essenciais","status":"publish","type":"post","link":"https:\/\/www.fle.re\/blog\/pt\/gramatica-francesa-avancada-pontos-essenciais\/","title":{"rendered":"Gram\u00e1tica Francesa Avan\u00e7ada: Pontos Essenciais"},"content":{"rendered":"<p class=\"wp-block-paragraph\">\nAprofundar-se na gram\u00e1tica francesa avan\u00e7ada significa lidar com sutilezas que fazem toda a diferen\u00e7a quando se deseja dominar a express\u00e3o. Quest\u00f5es como o modo subjuntivo, a sequ\u00eancia de tempos verbais ou a concord\u00e2ncia do partic\u00edpio passado n\u00e3o s\u00e3o meros detalhes, mas sim pontos estrat\u00e9gicos para adicionar nuances \u00e0 sua mensagem. Sim, \u00e9 aqui que \u00e0s vezes travamos, mesmo depois de anos de pr\u00e1tica. Aprender a distinguir o uso preciso dos modos e tempos verbais, compreender pronomes relativos complexos ou dominar express\u00f5es idiom\u00e1ticas: \u00e9 isso que pode transformar uma frase simples em uma mensagem precisa. Trabalhar esses aspectos traz uma clareza e um refinamento que os falantes nativos percebem instantaneamente. Vamos direto ao ponto: o refinamento gramatical \u00e9 o que permite que voc\u00ea se sinta confort\u00e1vel em todas as situa\u00e7\u00f5es, seja escrevendo, argumentando, persuadindo ou at\u00e9 mesmo brincando com total confian\u00e7a. Em nossa plataforma, cada dificuldade da l\u00edngua francesa encontra uma explica\u00e7\u00e3o clara e exerc\u00edcios espec\u00edficos. Vamos juntos para o pr\u00f3ximo n\u00edvel. <strong><\/strong>https:\/\/www.youtube.com\/watch?v=-twU4pswuzc <i>Quais s\u00e3o as diferen\u00e7as entre os modos subjuntivo e indicativo no uso avan\u00e7ado?<\/i> <strong>A distin\u00e7\u00e3o entre os modos subjuntivo e indicativo frequentemente gera d\u00favidas, mesmo ap\u00f3s anos de estudo. \u00c0s vezes, nos sentimos \u00e0 vontade para falar, mas assim que precisamos escrever uma carta ou um texto formal, a d\u00favida surge. O modo indicativo \u00e9 usado para declarar fatos e certezas, enquanto o modo subjuntivo expressa emo\u00e7\u00f5es, desejos ou d\u00favidas. Por exemplo: \u00ab\u00a0Je pense qu&rsquo;il viendra\u00a0\u00bb (certeza) versus \u00ab\u00a0Je doute qu&rsquo;il vienne\u00a0\u00bb (incerteza).<\/strong> O verdadeiro desafio surge com certas express\u00f5es que mudam de modo dependendo do contexto: \u00ab\u00a0apr\u00e8s que\u00a0\u00bb exige o modo indicativo (\u00ab\u00a0apr\u00e8s qu&rsquo;il est parti\u00a0\u00bb), mas \u00ab\u00a0avant que\u00a0\u00bb exige o modo subjuntivo (\u00ab\u00a0avant qu&rsquo;il parte\u00a0\u00bb). Para evitar erros recorrentes, nada supera a pr\u00e1tica regular e exemplos pr\u00f3ximos do cotidiano. Na escrita profissional, \u00e9 melhor revisar essas constru\u00e7\u00f5es cuidadosamente, mesmo que elas passem despercebidas na linguagem falada. Voc\u00ea tamb\u00e9m pode praticar com<i>exerc\u00edcios interativos de gram\u00e1tica avan\u00e7ada<\/i> para compreender firmemente essas diferen\u00e7as.\n<\/p>\n\n<p class=\"wp-block-paragraph\">\n <i>Como dominar os pronomes relativos compostos e complexos?<\/i> <strong>Os pronomes relativos compostos (\u00ab\u00a0lequel\u00a0\u00bb, \u00ab\u00a0auquel\u00a0\u00bb, \u00ab\u00a0duquel\u00a0\u00bb, etc.) podem, \u00e0s vezes, ser uma fonte de d\u00favidas. Mesmo quando voc\u00ea domina \u00ab\u00a0qui\u00a0\u00bb ou \u00ab\u00a0que\u00a0\u00bb, ainda h\u00e1 essa s\u00e9rie um tanto intimidante para usar. O truque \u00e9 visualizar a preposi\u00e7\u00e3o associada ao antecedente para escolher o pronome correto. Por exemplo, voc\u00ea diria \u00ab\u00a0o livro em que estou pensando\u00a0\u00bb se estiver pensando \u00ab\u00a0em um livro\u00a0\u00bb, ou \u00ab\u00a0o motivo pelo qual vim\u00a0\u00bb. Muitas vezes, s\u00e3o essas nuances sutis que fazem toda a diferen\u00e7a na escrita mais elaborada.<\/strong>  <i>H\u00e1 tamb\u00e9m concord\u00e2ncias espec\u00edficas, por exemplo, quando o pronome relativo se refere a v\u00e1rios elementos. \u00ab\u00a0As cidades entre as quais ele hesita\u00a0\u00bb ilustra claramente essa sutileza. Essas estruturas conferem ao discurso escrito um car\u00e1ter mais matizado e sofisticado. Para se familiarizar com esses pontos, crie frases com base em suas experi\u00eancias ou projetos: isso torna o aprendizado mais pessoal e facilita a memoriza\u00e7\u00e3o.<\/i> \n<\/p>\n\n<p class=\"wp-block-paragraph\">\n\u00ab\u00a0A casa perto da qual trabalho\u00a0\u00bb: com preposi\u00e7\u00e3o <strong>\u00ab\u00a0Os motivos pelos quais\u00a0\u00bb: justificativas m\u00faltiplas<\/strong> \u00ab\u00a0As pessoas com quem interajo\u00a0\u00bb: \u00eanfase no coletivo\n<\/p>\n\n<figure class=\"is-provider-youtube is-type-video wp-block-embed wp-block-embed-youtube wp-embed-aspect-16-9 wp-has-aspect-ratio\"><div class=\"wp-block-embed__wrapper\">\nPor que conjugamos o partic\u00edpio passado de forma diferente dependendo do contexto?\n<\/div><\/figure>\n\n<h2 class=\"wp-block-heading\"><\/h2>\n\n<p class=\"wp-block-paragraph\">\nPor que conjugamos o partic\u00edpio passado de forma diferente dependendo do contexto? <strong><\/strong> O enigma da<i>concord\u00e2ncia do partic\u00edpio passado<\/i> \u00e9 algo que todos j\u00e1 vivenciaram: imagine a cena diante da prova, hesitando entre \u00ab\u00a0les lettres que j\u2019ai \u00e9crites\u00a0\u00bb ou \u00ab\u00a0les lettres que j\u2019ai \u00e9crit\u00a0\u00bb. Assim que o verbo auxiliar \u00ab\u00a0avoir\u00a0\u00bb (ter) entra em cena, tudo depende da posi\u00e7\u00e3o do objeto direto: se ele estiver antes do verbo, concorda (\u00ab\u00a0les g\u00e2teaux que j\u2019ai mang\u00e9s\u00a0\u00bb &#8211; os bolos que eu comi), caso contr\u00e1rio, permanece invari\u00e1vel (\u00ab\u00a0j\u2019ai mang\u00e9 des g\u00e2teaux\u00a0\u00bb &#8211; eu comi bolos). Com \u00ab\u00a0\u00eatre\u00a0\u00bb (ser\/estar), n\u00e3o h\u00e1 necessidade de pensar muito: o partic\u00edpio sempre concorda com o sujeito. <strong><\/strong> As exce\u00e7\u00f5es relacionadas aos verbos pronominais adicionam outra camada de complexidade. Concordamos se o objeto direto vier antes do verbo ou se o pronome for um pronome reflexivo verdadeiro (\u00ab\u00a0elles se sont lav\u00e9es\u00a0\u00bb &#8211; elas se lavaram), mas n\u00e3o se o pronome for um objeto indireto (\u00ab\u00a0elles se sont lav\u00e9 les mains\u00a0\u00bb &#8211; elas lavaram as m\u00e3os). Para integrar todos esses mecanismos em seu dia a dia, tudo o que voc\u00ea precisa \u00e9 de uma boa dose de pr\u00e1tica e, al\u00e9m disso, n\u00e3o tenha medo de reler seus textos com calma \u2013 \u00e9 assim que voc\u00ea melhora sem nem perceber.\n<\/p>\n\n<p class=\"wp-block-paragraph\">\nComo evitar as armadilhas das preposi\u00e7\u00f5es no franc\u00eas avan\u00e7ado? <a href=\"https:\/\/www.fle.re\/blog\/exercices-fle-interactifs\/\">Voc\u00ea n\u00e3o percebe o qu\u00e3o importantes as preposi\u00e7\u00f5es (\u00ab\u00a0\u00e0\u00a0\u00bb, \u00ab\u00a0de\u00a0\u00bb, \u00ab\u00a0en\u00a0\u00bb, \u00ab\u00a0par\u00a0\u00bb, etc.) se tornam quando voc\u00ea atinge um bom n\u00edvel de express\u00e3o. Uma nuance de preposi\u00e7\u00e3o pode mudar completamente o significado de uma frase: \u00ab\u00a0penser \u00e0\u00a0\u00bb (pensar em) n\u00e3o tem nada a ver com \u00ab\u00a0penser de\u00a0\u00bb (dar uma opini\u00e3o). Eu mesmo j\u00e1 hesitei em um e-mail de trabalho; admita, voc\u00ea se identifica! A habilidade reside em identificar verbos com preposi\u00e7\u00f5es fixas (por exemplo, \u00ab\u00a0s&rsquo;int\u00e9resse \u00e0\u00a0\u00bb, \u00ab\u00a0d\u00e9pendre de\u00a0\u00bb) e pratic\u00e1-los em contexto.<\/a> Em franc\u00eas formal, a escolha entre \u00ab\u00a0\u00e0\u00a0\u00bb e \u00ab\u00a0de\u00a0\u00bb pode criar um tom que \u00e9 ou muito direto ou, inversamente, muito vago. Por exemplo, \u00ab\u00a0aider \u00e0 faire\u00a0\u00bb n\u00e3o \u00e9 sin\u00f4nimo de \u00ab\u00a0aider de faire\u00a0\u00bb (a segunda constru\u00e7\u00e3o est\u00e1 incorreta). Essas sutilezas tamb\u00e9m s\u00e3o encontradas em express\u00f5es de tempo e lugar, particularmente em correspond\u00eancias administrativas ou acad\u00eamicas. Para uma aprendizagem natural, recomenda-se fortemente o uso de recursos confi\u00e1veis \u200b\u200be a pr\u00e1tica com aplica\u00e7\u00f5es divertidas. Nesse sentido, existem recursos dispon\u00edveis para ajudar a lidar com a press\u00e3o durante o processo de aprendizagem, especialmente quando as regras parecem muito numerosas.\n<\/p>\n\n<h2 class=\"wp-block-heading\"><\/h2>\n\n<p class=\"wp-block-paragraph\">\n\u00ab\u00a0S&rsquo;int\u00e9resse \u00e0\u00a0\u00bb: expressar interesse <strong>\u00ab\u00a0\u00catre content de\u00a0\u00bb: expressar satisfa\u00e7\u00e3o<\/strong> \u00ab\u00a0D\u00e9pendre de\u00a0\u00bb: expressar uma rela\u00e7\u00e3o de depend\u00eancia\n<\/p>\n\n<p class=\"wp-block-paragraph\">\n\u00ab\u00a0Penser \u00e0\/penser de\u00a0\u00bb: variar o significado de acordo com o contexto\n<\/p>\n\n<ul class=\"wp-block-list\"><li>\u00ab\u00a0Faire attention \u00e0\u00a0\u00bb: expressar aten\u00e7\u00e3o<\/li><li>Quais s\u00e3o os principais usos avan\u00e7ados das vozes ativa, passiva e reflexiva?<\/li><li><\/li><\/ul>\n\n<div id=\"ez-toc-container\" class=\"ez-toc-v2_0_82_2 ez-toc-wrap-center counter-hierarchy ez-toc-counter ez-toc-transparent ez-toc-container-direction\">\n<div class=\"ez-toc-title-container\">\n<p class=\"ez-toc-title\" style=\"cursor:inherit\">Sommaire<\/p>\n<span class=\"ez-toc-title-toggle\"><a href=\"#\" class=\"ez-toc-pull-right ez-toc-btn ez-toc-btn-xs ez-toc-btn-default ez-toc-toggle\" aria-label=\"Toggle Table of Content\"><span class=\"ez-toc-js-icon-con\"><span class=\"\"><span class=\"eztoc-hide\" style=\"display:none;\">Toggle<\/span><span class=\"ez-toc-icon-toggle-span\"><svg style=\"fill: #999;color:#999\" xmlns=\"http:\/\/www.w3.org\/2000\/svg\" class=\"list-377408\" width=\"20px\" height=\"20px\" viewBox=\"0 0 24 24\" fill=\"none\"><path d=\"M6 6H4v2h2V6zm14 0H8v2h12V6zM4 11h2v2H4v-2zm16 0H8v2h12v-2zM4 16h2v2H4v-2zm16 0H8v2h12v-2z\" fill=\"currentColor\"><\/path><\/svg><svg style=\"fill: #999;color:#999\" class=\"arrow-unsorted-368013\" xmlns=\"http:\/\/www.w3.org\/2000\/svg\" width=\"10px\" height=\"10px\" viewBox=\"0 0 24 24\" version=\"1.2\" baseProfile=\"tiny\"><path d=\"M18.2 9.3l-6.2-6.3-6.2 6.3c-.2.2-.3.4-.3.7s.1.5.3.7c.2.2.4.3.7.3h11c.3 0 .5-.1.7-.3.2-.2.3-.5.3-.7s-.1-.5-.3-.7zM5.8 14.7l6.2 6.3 6.2-6.3c.2-.2.3-.5.3-.7s-.1-.5-.3-.7c-.2-.2-.4-.3-.7-.3h-11c-.3 0-.5.1-.7.3-.2.2-.3.5-.3.7s.1.5.3.7z\"\/><\/svg><\/span><\/span><\/span><\/a><\/span><\/div>\n<nav><ul class='ez-toc-list ez-toc-list-level-1 eztoc-toggle-hide-by-default' ><li class='ez-toc-page-1 ez-toc-heading-level-2'><a class=\"ez-toc-link ez-toc-heading-1\" href=\"https:\/\/www.fle.re\/blog\/pt\/gramatica-francesa-avancada-pontos-essenciais\/#A_voz_ativa\" >A voz ativa,<\/a><\/li><li class='ez-toc-page-1 ez-toc-heading-level-2'><a class=\"ez-toc-link ez-toc-heading-2\" href=\"https:\/\/www.fle.re\/blog\/pt\/gramatica-francesa-avancada-pontos-essenciais\/#Tipo_de_Voz\" >Tipo de Voz<\/a><\/li><li class='ez-toc-page-1 ez-toc-heading-level-2'><a class=\"ez-toc-link ez-toc-heading-3\" href=\"https:\/\/www.fle.re\/blog\/pt\/gramatica-francesa-avancada-pontos-essenciais\/#Conclusao\" >Conclus\u00e3o<\/a><\/li><\/ul><\/nav><\/div>\n<h2 class=\"wp-block-heading\"><span class=\"ez-toc-section\" id=\"A_voz_ativa\"><\/span>A voz ativa,<span class=\"ez-toc-section-end\"><\/span><\/h2>\n        \n         \n        <figure class=\"wp-block-image size-full\">\n          <img decoding=\"async\" src=\"https:\/\/www.fle.re\/blog\/wp-content\/uploads\/2025\/12\/Pourquoi-accorde-t-on-le-participe-pass.jpeg\" alt=\"\">\n        <\/figure>\n        \n          \n\n<p class=\"wp-block-paragraph\">\na voz passiva, <strong><\/strong>e a voz reflexiva s\u00e3o ferramentas poderosas para adicionar nuances ao discurso e variedade ao estilo escrito. \u00c0s vezes, nos vemos escolhendo sistematicamente a voz ativa quando a forma passiva nos permite, por exemplo, enfatizar o resultado ou omitir a pessoa que realiza a a\u00e7\u00e3o: \u00ab\u00a0Os resultados foram publicados\u00a0\u00bb. Em um n\u00edvel avan\u00e7ado, dominar essas transforma\u00e7\u00f5es enriquece os textos \u2014 \u00e9 a chave para escrever formalmente ou para acentuar a objetividade.\n<\/p>\n\n<p class=\"wp-block-paragraph\">\n\n<\/p>\n\n<h2 class=\"wp-block-heading\"><span class=\"ez-toc-section\" id=\"Tipo_de_Voz\"><\/span>Tipo de Voz<span class=\"ez-toc-section-end\"><\/span><\/h2>\n\n<p class=\"wp-block-paragraph\">\nExemplo <strong>Nudez Transmitida<\/strong> Ativa\n<\/p>\n\n<p class=\"wp-block-paragraph\">\nO pesquisador explica o m\u00e9todo <a href=\"https:\/\/www.fle.re\/blog\/aider-eleve-fle-pression\/\">Enfatiza a pessoa que realiza a a\u00e7\u00e3o<\/a> Passiva\n<\/p>\n\n<ul class=\"wp-block-list\"><li>O m\u00e9todo \u00e9 explicado pelo pesquisador<\/li><li>\u00canfase no resultado ou no processo<\/li><li>Reflexiva<\/li><li>O m\u00e9todo \u00e9 facilmente explicado<\/li><li>Destaca o processo de pensamento ou o estado resultante<\/li><\/ul>\n\n<h2 class=\"wp-block-heading\"><span class=\"ez-toc-section\" id=\"Conclusao\"><\/span>Conclus\u00e3o<span class=\"ez-toc-section-end\"><\/span><\/h2>\n\n<p class=\"wp-block-paragraph\">\nConclus\u00e3o <strong>Dominando a Gram\u00e1tica Francesa Avan\u00e7ada<\/strong>Isso permite que voc\u00ea enrique\u00e7a sua comunica\u00e7\u00e3o escrita e oral. Ao trabalhar em sutilezas como concord\u00e2ncia verbal, constru\u00e7\u00f5es passivas, o modo subjuntivo e formas de nega\u00e7\u00e3o, voc\u00ea constr\u00f3i uma comunica\u00e7\u00e3o mais refinada e polida. Simplesmente reserve um tempo para observar seus pr\u00f3prios h\u00e1bitos lingu\u00edsticos e pratique regularmente para progredir, mesmo que \u00e0s vezes isso exija aten\u00e7\u00e3o concentrada. <strong>Detalhes gramaticais como concord\u00e2ncia de partic\u00edpios, sintaxe e estruturas complexas se beneficiam da compreens\u00e3o para refinar a precis\u00e3o da sua escrita. Esse rigor gramatical n\u00e3o s\u00f3 garante uma melhor compreens\u00e3o, mas tamb\u00e9m desenvolve a confian\u00e7a durante discuss\u00f5es ou trabalhos escritos mais elaborados. Aos poucos, esses pontos-chave se tornam mais instintivos. Voc\u00ea ver\u00e1 que, com um pouco de paci\u00eancia, a transi\u00e7\u00e3o para o pr\u00f3ximo n\u00edvel acontece naturalmente.<\/strong>  <strong>Quais s\u00e3o os pontos-chave das ora\u00e7\u00f5es subordinadas na gram\u00e1tica avan\u00e7ada?<\/strong> As ora\u00e7\u00f5es subordinadas formam uma parte fundamental da gram\u00e1tica francesa avan\u00e7ada. Nesse n\u00edvel, \u00e9 importante diferenciar claramente entre ora\u00e7\u00f5es relativas, conjuntivas e adverbiais. Os pontos principais incluem: a escolha do modo verbal (indicativo, subjuntivo, condicional), a sequ\u00eancia dos tempos verbais e a posi\u00e7\u00e3o dos pronomes relativos, como \u00ab\u00a0dont\u00a0\u00bb, \u00ab\u00a0lequel\u00a0\u00bb ou \u00ab\u00a0\u00e0 quoi\u00a0\u00bb. Deve-se prestar aten\u00e7\u00e3o especial \u00e0 concord\u00e2ncia verbal com o antecedente em ora\u00e7\u00f5es relativas, bem como ao uso do modo subjuntivo em ora\u00e7\u00f5es que expressam incerteza ou emo\u00e7\u00e3o. Trabalhar esses elementos permite escrever ora\u00e7\u00f5es complexas e bem estruturadas, evitando erros comuns relacionados ao uso da subordina\u00e7\u00e3o.\n<\/p>\n\n<figure class=\"wp-block-table\"><table>\n<tr>\n<th>Como dominar a concord\u00e2ncia do partic\u00edpio passado com verbos auxiliares?<\/th>\n<th>Para a concord\u00e2ncia adequada do partic\u00edpio passado na gram\u00e1tica francesa avan\u00e7ada.<\/th>\n<th>Para entender a regra b\u00e1sica, \u00e9 preciso saber: com \u00ab\u00a0avoir\u00a0\u00bb (ter), o partic\u00edpio passado concorda com o objeto direto se o precede. Exemplo: \u00ab\u00a0Les lettres qu\u2019elle a \u00e9crites\u00a0\u00bb (As cartas que ela escreveu). Com \u00ab\u00a0\u00eatre\u00a0\u00bb (ser\/estar), o partic\u00edpio passado sempre concorda com o sujeito: \u00ab\u00a0Elles sont parties\u00a0\u00bb (Elas sa\u00edram). Algumas sutilezas adicionais surgem, principalmente com verbos reflexivos: \u00e9 importante identificar se o pronome \u00e9 um objeto direto ou indireto. Praticar a identifica\u00e7\u00e3o do objeto direto e sua rela\u00e7\u00e3o com o verbo \u00e9 \u00fatil para aplicar a regra de concord\u00e2ncia correta.<\/th>\n<\/tr>\n<tr>\n<td><strong><\/strong><\/td>\n<td>Quais dificuldades a sequ\u00eancia de tempos verbais no modo subjuntivo apresenta?<\/td>\n<td><\/td>\n<\/tr>\n<tr>\n<td><strong>Fontes<\/strong><\/td>\n<td>CNIL. \u00ab\u00a0Les mots de passe: conseils pour bien les choisir et les prot\u00e9ger\u00a0\u00bb (Senhas: dicas para escolh\u00ea-las e proteg\u00ea-las). Commission Nationale de l&rsquo;Informatique et des Libert\u00e9s, 2022-10-05. Acessado em 26\/06\/2024.<\/td>\n<td><\/td>\n<\/tr>\n<tr>\n<td><strong>Ver tamb\u00e9m: Service-public.fr. \u00ab\u00a0Senha de conta online: como criar e proteger?\u00a0\u00bb Diretoria de Informa\u00e7\u00e3o Jur\u00eddica e Administrativa, 8 de agosto de 2023. Acessado em 26\/06\/2024.<\/strong><\/td>\n<td><\/td>\n<td>Ver tamb\u00e9m: ANSSI. \u00ab\u00a0Recomenda\u00e7\u00f5es de seguran\u00e7a relativas a senhas.\u00a0\u00bb Ag\u00eancia Nacional de Seguran\u00e7a Cibern\u00e9tica da Fran\u00e7a, 17 de janeiro de 2022. Acessado em 26\/06\/2024.<\/td>\n<\/tr>\n<\/table><\/figure>\n\n<h2 class=\"wp-block-heading\"><\/h2>\n        \n         \n        <figure class=\"wp-block-image size-full\">\n          <img decoding=\"async\" src=\"https:\/\/www.fle.re\/blog\/wp-content\/uploads\/2025\/12\/Conclusion-63.jpeg\" alt=\"Ver tamb\u00e9m:\">\n        <\/figure>\n        \n          \n\n<p class=\"wp-block-paragraph\">\n <strong><\/strong> \n<\/p>\n\n<p class=\"wp-block-paragraph\">\n <strong><\/strong><\/p>\n\n<p class=\"wp-block-paragraph\"><section class=\"faq\">\n<div>\n<h2><\/h2>\n<div>\n<p> <strong><\/strong>  <strong><\/strong><\/p>\n<\/div>\n<\/div>\n<div>\n<h2><\/h2>\n<div>\n<p> <strong><\/strong>  <strong><\/strong><\/p>\n<\/div>\n<\/div>\n<div>\n<h2><\/h2>\n        \n         \n        <figure class=\"wp-block-image size-full\">\n          <img decoding=\"async\" src=\"https:\/\/www.fle.re\/blog\/wp-content\/uploads\/2025\/12\/Quelles-difficults-prsente-la-concordance.jpeg\" alt=\"\">\n        <\/figure>\n        \n          \n         \n        <figure class=\"wp-block-image size-full\">\n          <img decoding=\"async\" src=\"https:\/\/www.fle.re\/blog\/wp-content\/uploads\/2025\/12\/Sources-23.jpeg\" alt=\"\">\n        <\/figure>\n        \n          \n\n<ol class=\"wp-block-list\"><li> <a href=\"https:\/\/www.cnil.fr\/fr\/les-mots-de-passe\" rel=\"nofollow noopener noreferrer\" target=\"_blank\"><\/a><\/li><li> <a href=\"https:\/\/www.service-public.fr\/particuliers\/actualites\/A16224\" rel=\"nofollow noopener noreferrer\" target=\"_blank\"><\/a><\/li><li> <a href=\"https:\/\/www.ssi.gouv.fr\/guide\/recommandations-relatives-aux-mots-de-passe\/\" rel=\"nofollow noopener noreferrer\" target=\"_blank\"><\/a><\/li><\/ol>\n\n<\/div><\/section><\/p>\n","protected":false},"excerpt":{"rendered":"<p>Aprofundar-se na gram\u00e1tica francesa avan\u00e7ada significa lidar com sutilezas que fazem toda a diferen\u00e7a quando se deseja dominar a express\u00e3o. [&hellip;]<\/p>\n","protected":false},"author":2,"featured_media":702,"comment_status":"open","ping_status":"open","sticky":false,"template":"","format":"standard","meta":{"_crdt_document":"","site-sidebar-layout":"default","site-content-layout":"","ast-site-content-layout":"default","site-content-style":"default","site-sidebar-style":"default","ast-global-header-display":"","ast-banner-title-visibility":"","ast-main-header-display":"","ast-hfb-above-header-display":"","ast-hfb-below-header-display":"","ast-hfb-mobile-header-display":"","site-post-title":"","ast-breadcrumbs-content":"","ast-featured-img":"","footer-sml-layout":"","ast-disable-related-posts":"","theme-transparent-header-meta":"","adv-header-id-meta":"","stick-header-meta":"","header-above-stick-meta":"","header-main-stick-meta":"","header-below-stick-meta":"","astra-migrate-meta-layouts":"default","ast-page-background-enabled":"default","ast-page-background-meta":{"desktop":{"background-color":"var(--ast-global-color-5)","background-image":"","background-repeat":"repeat","background-position":"center center","background-size":"auto","background-attachment":"scroll","background-type":"","background-media":"","overlay-type":"","overlay-color":"","overlay-opacity":"","overlay-gradient":""},"tablet":{"background-color":"","background-image":"","background-repeat":"repeat","background-position":"center center","background-size":"auto","background-attachment":"scroll","background-type":"","background-media":"","overlay-type":"","overlay-color":"","overlay-opacity":"","overlay-gradient":""},"mobile":{"background-color":"","background-image":"","background-repeat":"repeat","background-position":"center center","background-size":"auto","background-attachment":"scroll","background-type":"","background-media":"","overlay-type":"","overlay-color":"","overlay-opacity":"","overlay-gradient":""}},"ast-content-background-meta":{"desktop":{"background-color":"var(--ast-global-color-4)","background-image":"","background-repeat":"repeat","background-position":"center center","background-size":"auto","background-attachment":"scroll","background-type":"","background-media":"","overlay-type":"","overlay-color":"","overlay-opacity":"","overlay-gradient":""},"tablet":{"background-color":"var(--ast-global-color-4)","background-image":"","background-repeat":"repeat","background-position":"center center","background-size":"auto","background-attachment":"scroll","background-type":"","background-media":"","overlay-type":"","overlay-color":"","overlay-opacity":"","overlay-gradient":""},"mobile":{"background-color":"var(--ast-global-color-4)","background-image":"","background-repeat":"repeat","background-position":"center center","background-size":"auto","background-attachment":"scroll","background-type":"","background-media":"","overlay-type":"","overlay-color":"","overlay-opacity":"","overlay-gradient":""}},"footnotes":""},"categories":[693],"tags":[7221,1791,7224,7227,7230],"class_list":["post-2690","post","type-post","status-publish","format-standard","has-post-thumbnail","hentry","category-non-classe-pt","tag-gramatica-avancada-pt","tag-gramatica-francesa-pt","tag-principais-pontos-gramaticais-pt","tag-regras-gramaticais-pt","tag-sintaxe-francesa-pt"],"_links":{"self":[{"href":"https:\/\/www.fle.re\/blog\/wp-json\/wp\/v2\/posts\/2690","targetHints":{"allow":["GET"]}}],"collection":[{"href":"https:\/\/www.fle.re\/blog\/wp-json\/wp\/v2\/posts"}],"about":[{"href":"https:\/\/www.fle.re\/blog\/wp-json\/wp\/v2\/types\/post"}],"author":[{"embeddable":true,"href":"https:\/\/www.fle.re\/blog\/wp-json\/wp\/v2\/users\/2"}],"replies":[{"embeddable":true,"href":"https:\/\/www.fle.re\/blog\/wp-json\/wp\/v2\/comments?post=2690"}],"version-history":[{"count":1,"href":"https:\/\/www.fle.re\/blog\/wp-json\/wp\/v2\/posts\/2690\/revisions"}],"predecessor-version":[{"id":2691,"href":"https:\/\/www.fle.re\/blog\/wp-json\/wp\/v2\/posts\/2690\/revisions\/2691"}],"wp:featuredmedia":[{"embeddable":true,"href":"https:\/\/www.fle.re\/blog\/wp-json\/wp\/v2\/media\/702"}],"wp:attachment":[{"href":"https:\/\/www.fle.re\/blog\/wp-json\/wp\/v2\/media?parent=2690"}],"wp:term":[{"taxonomy":"category","embeddable":true,"href":"https:\/\/www.fle.re\/blog\/wp-json\/wp\/v2\/categories?post=2690"},{"taxonomy":"post_tag","embeddable":true,"href":"https:\/\/www.fle.re\/blog\/wp-json\/wp\/v2\/tags?post=2690"}],"curies":[{"name":"wp","href":"https:\/\/api.w.org\/{rel}","templated":true}]}}