{"id":2696,"date":"2026-02-11T18:50:34","date_gmt":"2026-02-11T18:50:34","guid":{"rendered":"https:\/\/www.fle.re\/blog\/?p=2696"},"modified":"2026-02-11T18:50:37","modified_gmt":"2026-02-11T18:50:37","slug":"ileri-duzey-fransizca-dilbilgisi-temel-noktalar","status":"publish","type":"post","link":"https:\/\/www.fle.re\/blog\/tr\/ileri-duzey-fransizca-dilbilgisi-temel-noktalar\/","title":{"rendered":"\u0130leri D\u00fczey Frans\u0131zca Dilbilgisi: Temel Noktalar"},"content":{"rendered":"<p class=\"wp-block-paragraph\">\n\u0130leri d\u00fczey Frans\u0131zca dilbilgisine dalmak, ifadeyi ustaca kullanmak istedi\u011finizde t\u00fcm fark\u0131 yaratan inceliklerle m\u00fccadele etmek anlam\u0131na gelir. Dilek kipi, zaman s\u0131ralamas\u0131 veya ge\u00e7mi\u015f zaman ortac\u0131n\u0131n uyumu gibi konular sadece ayr\u0131nt\u0131lar de\u011fil, mesaj\u0131n\u0131za n\u00fcans katmak i\u00e7in stratejik noktalard\u0131r. Evet, y\u0131llarca pratik yapt\u0131ktan sonra bile bazen burada tak\u0131l\u0131p kal\u0131yoruz. Kiplerin ve zamanlar\u0131n kesin kullan\u0131m\u0131n\u0131 ay\u0131rt etmeyi \u00f6\u011frenmek, karma\u015f\u0131k ba\u011f\u0131nt\u0131l\u0131 zamirleri anlamak veya deyimsel ifadelerde ustala\u015fmak: basit bir c\u00fcmleyi kesin bir mesaja d\u00f6n\u00fc\u015ft\u00fcrebilecek olan \u015fey budur. Bu y\u00f6nler \u00fczerinde \u00e7al\u0131\u015fmak, ana dili Frans\u0131zca olanlar\u0131n an\u0131nda fark etti\u011fi bir a\u00e7\u0131kl\u0131k ve incelik kazand\u0131r\u0131r. Do\u011frudan konuya girelim: dilbilgisel incelik, ister yazarken, ister tart\u0131\u015f\u0131rken, ister ikna ederken, hatta \u015faka yaparken olsun, her durumda tam bir g\u00fcvenle rahat hissetmenizi sa\u011flar. Platformumuzda, Frans\u0131z dilinin her zorlu\u011fu i\u00e7in net bir a\u00e7\u0131klama ve hedefli al\u0131\u015ft\u0131rmalar bulunmaktad\u0131r. Gelin birlikte bir \u00fcst seviyeye \u00e7\u0131kal\u0131m. <strong><\/strong>https:\/\/www.youtube.com\/watch?v=-twU4pswuzc <i>\u0130leri d\u00fczey kullan\u0131mda dilek kipi ve bildirme kipi aras\u0131ndaki farklar nelerdir?<\/i>Dilek kipi ve bildirme kipi aras\u0131ndaki ayr\u0131m, y\u0131llarca s\u00fcren \u00e7al\u0131\u015fmalardan sonra bile s\u0131kl\u0131kla sorular\u0131 g\u00fcndeme getirir. Bazen konu\u015furken kendimizi rahat hissederiz, ancak bir mektup veya resmi bir metin yazmam\u0131z gerekti\u011finde \u015f\u00fcpheler ortaya \u00e7\u0131kar. Bildirme kipi ger\u00e7ekleri ve kesinlikleri belirtmek i\u00e7in kullan\u0131l\u0131rken, dilek kipi duygular\u0131, istekleri veya \u015f\u00fcpheleri ifade eder. \u00d6rne\u011fin: \u00ab\u00a0Je pense qu&rsquo;il viendra\u00a0\u00bb (kesinlik) ile \u00ab\u00a0Je doute qu&rsquo;il vienne\u00a0\u00bb (belirsizlik). <strong>As\u0131l zorluk, ba\u011flama g\u00f6re kip de\u011fi\u015ftiren baz\u0131 ifadelerde ortaya \u00e7\u0131kar: \u00ab\u00a0apr\u00e8s que\u00a0\u00bb bildirme kipini (\u00ab\u00a0apr\u00e8s qu&rsquo;il est parti\u00a0\u00bb) al\u0131rken, \u00ab\u00a0avant que\u00a0\u00bb dilek kipini (\u00ab\u00a0avant qu&rsquo;il parte\u00a0\u00bb) gerektirir. Tekrarlayan hatalardan ka\u00e7\u0131nmak i\u00e7in, d\u00fczenli pratik ve g\u00fcnl\u00fck hayata yak\u0131n \u00f6rneklerden daha iyisi yoktur. Profesyonel yaz\u0131larda, konu\u015fma dilinde genellikle fark edilmeseler bile, bu yap\u0131lar\u0131 dikkatlice kontrol etmek en iyisidir. Bu farkl\u0131l\u0131klar\u0131 iyice kavramak i\u00e7in<\/strong> etkile\u015fimli ileri d\u00fczey dilbilgisi al\u0131\u015ft\u0131rmalar\u0131yla da pratik yapabilirsiniz.<i><\/i> Bile\u015fik ve karma\u015f\u0131k ba\u011f\u0131nt\u0131l\u0131 zamirlerde nas\u0131l ustala\u015f\u0131l\u0131r?\n<\/p>\n\n<p class=\"wp-block-paragraph\">\n <i>Bile\u015fik ba\u011f\u0131nt\u0131l\u0131 zamirler (\u00ab\u00a0lequel,\u00a0\u00bb \u00ab\u00a0auquel,\u00a0\u00bb \u00ab\u00a0duquel,\u00a0\u00bb vb.) bazen kafa kar\u0131\u015ft\u0131r\u0131c\u0131 olabilir. \u00ab\u00a0Qui\u00a0\u00bb veya \u00ab\u00a0que\u00a0\u00bbyi \u00f6\u011frenmi\u015f olsan\u0131z bile, kullanman\u0131z gereken bu biraz g\u00f6z korkutucu dizi hala mevcuttur. \u0130\u015fin p\u00fcf noktas\u0131, do\u011fru zamiri se\u00e7mek i\u00e7in \u00f6nc\u00fcl ile ili\u015fkili edat\u0131 g\u00f6rselle\u015ftirmektir. \u00d6rne\u011fin, \u00ab\u00a0bir kitap hakk\u0131nda d\u00fc\u015f\u00fcn\u00fcyorum\u00a0\u00bb veya \u00ab\u00a0gelme nedenim\u00a0\u00bb diyorsan\u0131z \u00ab\u00a0d\u00fc\u015f\u00fcnd\u00fc\u011f\u00fcm kitap\u00a0\u00bb dersiniz. Genellikle, ileri d\u00fczey yaz\u0131larda t\u00fcm fark\u0131 yaratan bu ince n\u00fcanslard\u0131r.<\/i> <strong>Ayr\u0131ca, \u00f6rne\u011fin, g\u00f6receli zamir birden fazla \u00f6\u011feye at\u0131fta bulundu\u011funda oldu\u011fu gibi, belirli uyumlar da vard\u0131r. \u00ab\u00a0Teredd\u00fct etti\u011fi \u015fehirler\u00a0\u00bb bu inceli\u011fi a\u00e7\u0131k\u00e7a g\u00f6stermektedir. Bu yap\u0131lar, yaz\u0131l\u0131 s\u00f6yleme daha incelikli ve sofistike bir karakter kazand\u0131r\u0131r. Bu noktalarda daha rahat olmak i\u00e7in, deneyimlerinize veya projelerinize dayal\u0131 c\u00fcmleler kurun: bu, \u00f6\u011frenmeyi daha ki\u015fisel hale getirir ve ezberlemeyi kolayla\u015ft\u0131r\u0131r.<\/strong>  <i>\u00ab\u00a0\u00c7al\u0131\u015ft\u0131\u011f\u0131m evin yak\u0131n\u0131nda\u00a0\u00bb: edatla<\/i> \u00ab\u00a0Nedenleri\u00a0\u00bb: birden fazla gerek\u00e7e\n<\/p>\n\n<p class=\"wp-block-paragraph\">\n\u00ab\u00a0Etkile\u015fimde bulundu\u011fum insanlar\u00a0\u00bb: kolektifi vurgular <strong>Neden ge\u00e7mi\u015f zaman ortac\u0131n\u0131 ba\u011flama g\u00f6re farkl\u0131 \u015fekilde \u00e7ekiyoruz?<\/strong> \n<\/p>\n\n<figure class=\"is-provider-youtube is-type-video wp-block-embed wp-block-embed-youtube wp-embed-aspect-16-9 wp-has-aspect-ratio\"><div class=\"wp-block-embed__wrapper\">\nNeden ge\u00e7mi\u015f zaman ortac\u0131n\u0131 ba\u011flama g\u00f6re farkl\u0131 \u015fekilde \u00e7ekiyoruz?\n<\/div><\/figure>\n\n<h2 class=\"wp-block-heading\"><\/h2>\n\n<p class=\"wp-block-paragraph\">\nGe\u00e7mi\u015f zaman ortac\u0131n\u0131n uyumu bilmecesi herkesin ya\u015fad\u0131\u011f\u0131 bir \u015feydir: S\u0131nav ka\u011f\u0131d\u0131n\u0131n \u00f6n\u00fcnde \u00ab\u00a0les lettres que j\u2019ai \u00e9crites\u00a0\u00bb veya \u00ab\u00a0les lettres que j\u2019ai \u00e9crit\u00a0\u00bb aras\u0131nda teredd\u00fct etti\u011finizi hayal edin. Yard\u0131mc\u0131 fiil \u00ab\u00a0avoir\u00a0\u00bb (sahip olmak) devreye girdi\u011finde, her \u015fey do\u011frudan nesnenin konumuna ba\u011fl\u0131d\u0131r: fiilden \u00f6nce yerle\u015ftirilirse uyum sa\u011flar (\u00ab\u00a0les g\u00e2teaux que j\u2019ai mang\u00e9s\u00a0\u00bb &#8211; yedi\u011fim kekler), aksi takdirde de\u011fi\u015fmez kal\u0131r (\u00ab\u00a0j\u2019ai mang\u00e9 des g\u00e2teaux\u00a0\u00bb &#8211; kek yedim). \u00ab\u00a0\u00eatre\u00a0\u00bb (olmak) fiiliyle ise fazla d\u00fc\u015f\u00fcnmeye gerek yoktur: orta\u00e7 her zaman \u00f6zneyle uyum sa\u011flar. <strong><\/strong> Zamirsel fiillerle ilgili istisnalar, karma\u015f\u0131kl\u0131\u011f\u0131 bir katman daha art\u0131r\u0131r. Do\u011frudan nesne fiilden \u00f6nce geliyorsa veya zamir ger\u00e7ek bir d\u00f6n\u00fc\u015fl\u00fc zamir ise (\u00ab\u00a0elles se sont lav\u00e9es\u00a0\u00bb &#8211; kendilerini y\u0131kad\u0131lar) ayn\u0131 fikirdeyiz, ancak zamir dolayl\u0131 nesne ise (\u00ab\u00a0elles se sont lav\u00e9 les mains\u00a0\u00bb &#8211; ellerini y\u0131kad\u0131lar) ayn\u0131 fikirde de\u011filiz. T\u00fcm bu mekanizmalar\u0131 g\u00fcnl\u00fck hayat\u0131n\u0131za entegre etmek i\u00e7in ihtiyac\u0131n\u0131z olan tek \u015fey iyi bir doz pratik ve ayr\u0131ca yaz\u0131n\u0131z\u0131 sakin bir \u015fekilde tekrar okumaktan korkmamak; bu \u015fekilde fark\u0131nda bile olmadan geli\u015firsiniz.<i><\/i> \u0130leri d\u00fczey Frans\u0131zcada edatlar\u0131n tuzaklar\u0131ndan nas\u0131l ka\u00e7\u0131n\u0131l\u0131r? <strong>\u0130yi bir ifade seviyesine ula\u015ft\u0131\u011f\u0131n\u0131zda edatlar\u0131n (\u00ab\u00a0\u00e0,\u00a0\u00bb \u00ab\u00a0de,\u00a0\u00bb \u00ab\u00a0en,\u00a0\u00bb \u00ab\u00a0par,\u00a0\u00bb vb.) ne kadar \u00f6nemli hale geldi\u011fini fark etmiyorsunuz. Edat\u0131n bir n\u00fcans\u0131 bir c\u00fcmlenin anlam\u0131n\u0131 tamamen de\u011fi\u015ftirebilir: \u00ab\u00a0penser \u00e0\u00a0\u00bb (d\u00fc\u015f\u00fcnmek) \u00ab\u00a0penser de\u00a0\u00bb (fikir vermek) ile hi\u00e7bir ilgisi yoktur. Ben bile bir i\u015f e-postas\u0131nda teredd\u00fct ettim; itiraf edin, anlayabilirsiniz! Buradaki beceri, sabit edatlarla (\u00f6rne\u011fin, \u00ab\u00a0s&rsquo;int\u00e9resse \u00e0,\u00a0\u00bb \u00ab\u00a0d\u00e9pendre de\u00a0\u00bb) birlikte kullan\u0131lan fiilleri belirlemek ve bunlar\u0131 ba\u011flam i\u00e7inde uygulamakt\u0131r.<\/strong> Resmi Frans\u0131zcada, \u00ab\u00a0\u00e0\u00a0\u00bb ve \u00ab\u00a0de\u00a0\u00bb aras\u0131ndaki se\u00e7im, ya \u00e7ok do\u011frudan ya da tam tersine \u00e7ok belirsiz bir ton yaratabilir. \u00d6rne\u011fin, \u00ab\u00a0aider \u00e0 faire\u00a0\u00bb ile \u00ab\u00a0aider de faire\u00a0\u00bb e\u015f anlaml\u0131 de\u011fildir (ikinci yap\u0131 yanl\u0131\u015ft\u0131r). Bu incelikler, \u00f6zellikle idari veya akademik yaz\u0131\u015fmalarda zaman ve yer ifadelerinde de bulunur. Do\u011fal \u00f6\u011frenme i\u00e7in, g\u00fcvenilir kaynaklar kullanmak ve e\u011flenceli uygulamalarla pratik yapmak \u015fiddetle tavsiye edilir. Bu ba\u011flamda, \u00f6zellikle kurallar \u00e7ok fazla g\u00f6r\u00fcnd\u00fc\u011f\u00fcnde, \u00f6\u011frenme s\u00fcrecinde bask\u0131y\u0131 y\u00f6netmeye yard\u0131mc\u0131 olacak kaynaklar mevcuttur.\n<\/p>\n\n<p class=\"wp-block-paragraph\">\n <a href=\"https:\/\/www.fle.re\/blog\/exercices-fle-interactifs\/\">\u00ab\u00a0S&rsquo;int\u00e9resse \u00e0\u00a0\u00bb: ilgi ifade etmek<\/a> \u00ab\u00a0\u00catre content de\u00a0\u00bb: memnuniyet ifade etmek\n<\/p>\n\n<div id=\"ez-toc-container\" class=\"ez-toc-v2_0_82_2 ez-toc-wrap-center counter-hierarchy ez-toc-counter ez-toc-transparent ez-toc-container-direction\">\n<div class=\"ez-toc-title-container\">\n<p class=\"ez-toc-title\" style=\"cursor:inherit\">Sommaire<\/p>\n<span class=\"ez-toc-title-toggle\"><a href=\"#\" class=\"ez-toc-pull-right ez-toc-btn ez-toc-btn-xs ez-toc-btn-default ez-toc-toggle\" aria-label=\"Toggle Table of Content\"><span class=\"ez-toc-js-icon-con\"><span class=\"\"><span class=\"eztoc-hide\" style=\"display:none;\">Toggle<\/span><span class=\"ez-toc-icon-toggle-span\"><svg style=\"fill: #999;color:#999\" xmlns=\"http:\/\/www.w3.org\/2000\/svg\" class=\"list-377408\" width=\"20px\" height=\"20px\" viewBox=\"0 0 24 24\" fill=\"none\"><path d=\"M6 6H4v2h2V6zm14 0H8v2h12V6zM4 11h2v2H4v-2zm16 0H8v2h12v-2zM4 16h2v2H4v-2zm16 0H8v2h12v-2z\" fill=\"currentColor\"><\/path><\/svg><svg style=\"fill: #999;color:#999\" class=\"arrow-unsorted-368013\" xmlns=\"http:\/\/www.w3.org\/2000\/svg\" width=\"10px\" height=\"10px\" viewBox=\"0 0 24 24\" version=\"1.2\" baseProfile=\"tiny\"><path d=\"M18.2 9.3l-6.2-6.3-6.2 6.3c-.2.2-.3.4-.3.7s.1.5.3.7c.2.2.4.3.7.3h11c.3 0 .5-.1.7-.3.2-.2.3-.5.3-.7s-.1-.5-.3-.7zM5.8 14.7l6.2 6.3 6.2-6.3c.2-.2.3-.5.3-.7s-.1-.5-.3-.7c-.2-.2-.4-.3-.7-.3h-11c-.3 0-.5.1-.7.3-.2.2-.3.5-.3.7s.1.5.3.7z\"\/><\/svg><\/span><\/span><\/span><\/a><\/span><\/div>\n<nav><ul class='ez-toc-list ez-toc-list-level-1 eztoc-toggle-hide-by-default' ><li class='ez-toc-page-1 ez-toc-heading-level-2'><a class=\"ez-toc-link ez-toc-heading-1\" href=\"https:\/\/www.fle.re\/blog\/tr\/ileri-duzey-fransizca-dilbilgisi-temel-noktalar\/#%C2%AB_Dependre_de_%C2%BB_bagimlilik_iliskisi_ifade_etmek\" >\u00ab\u00a0D\u00e9pendre de\u00a0\u00bb: ba\u011f\u0131ml\u0131l\u0131k ili\u015fkisi ifade etmek<\/a><\/li><li class='ez-toc-page-1 ez-toc-heading-level-2'><a class=\"ez-toc-link ez-toc-heading-2\" href=\"https:\/\/www.fle.re\/blog\/tr\/ileri-duzey-fransizca-dilbilgisi-temel-noktalar\/#edilgen_ses\" >edilgen ses<\/a><\/li><li class='ez-toc-page-1 ez-toc-heading-level-2'><a class=\"ez-toc-link ez-toc-heading-3\" href=\"https:\/\/www.fle.re\/blog\/tr\/ileri-duzey-fransizca-dilbilgisi-temel-noktalar\/#Iletilen_Nuans\" >\u0130letilen N\u00fcans<\/a><\/li><li class='ez-toc-page-1 ez-toc-heading-level-2'><a class=\"ez-toc-link ez-toc-heading-4\" href=\"https:\/\/www.fle.re\/blog\/tr\/ileri-duzey-fransizca-dilbilgisi-temel-noktalar\/#Ileri_Duzey_Fransizca_Dilbilgisine_Hakim_Olmak\" >\u0130leri D\u00fczey Frans\u0131zca Dilbilgisine Hakim Olmak<\/a><\/li><\/ul><\/nav><\/div>\n<h2 class=\"wp-block-heading\"><span class=\"ez-toc-section\" id=\"%C2%AB_Dependre_de_%C2%BB_bagimlilik_iliskisi_ifade_etmek\"><\/span>\u00ab\u00a0D\u00e9pendre de\u00a0\u00bb: ba\u011f\u0131ml\u0131l\u0131k ili\u015fkisi ifade etmek<span class=\"ez-toc-section-end\"><\/span><\/h2>\n\n<p class=\"wp-block-paragraph\">\n\u00ab\u00a0Penser \u00e0\/penser de\u00a0\u00bb: anlam\u0131 ba\u011flama g\u00f6re de\u011fi\u015ftirmek <strong>\u00ab\u00a0Faire attention \u00e0\u00a0\u00bb: dikkat ifade etmek<\/strong> Aktif, pasif ve d\u00f6n\u00fc\u015fl\u00fc fiil \u00e7ekimlerinin ba\u015fl\u0131ca ileri d\u00fczey kullan\u0131mlar\u0131 nelerdir?\n<\/p>\n\n<p class=\"wp-block-paragraph\">\n\n<\/p>\n\n<ul class=\"wp-block-list\"><li><\/li><li>Etkin ses,<\/li><li><\/li><\/ul>\n\n<h2 class=\"wp-block-heading\"><span class=\"ez-toc-section\" id=\"edilgen_ses\"><\/span>edilgen ses<span class=\"ez-toc-section-end\"><\/span><\/h2>\n        \n         \n        <figure class=\"wp-block-image size-full\">\n          <img decoding=\"async\" src=\"https:\/\/www.fle.re\/blog\/wp-content\/uploads\/2025\/12\/Pourquoi-accorde-t-on-le-participe-pass.jpeg\" alt=\"\">\n        <\/figure>\n        \n          \n\n<p class=\"wp-block-paragraph\">\nve d\u00f6n\u00fc\u015fl\u00fc ses, s\u00f6yleminize n\u00fcans katmak ve yaz\u0131l\u0131 \u00fcsluba \u00e7e\u015fitlilik getirmek i\u00e7in g\u00fc\u00e7l\u00fc ara\u00e7lard\u0131r. Bazen, \u00f6rne\u011fin sonucu vurgulamak veya eylemi ger\u00e7ekle\u015ftiren ki\u015fiyi atlamak i\u00e7in edilgen formun bize izin verdi\u011fi durumlarda sistematik olarak etkin sesi se\u00e7ti\u011fimizi g\u00f6r\u00fcyoruz: \u00ab\u00a0Sonu\u00e7lar yay\u0131nland\u0131.\u00a0\u00bb \u0130leri d\u00fczeyde, bu d\u00f6n\u00fc\u015f\u00fcmlere hakim olmak metinleri zenginle\u015ftirir; resmi yazman\u0131n veya nesnelli\u011fi vurgulaman\u0131n anahtar\u0131d\u0131r. <strong><\/strong>Ses T\u00fcr\u00fc\n<\/p>\n\n<p class=\"wp-block-paragraph\">\n\u00d6rnek\n<\/p>\n\n<h2 class=\"wp-block-heading\"><span class=\"ez-toc-section\" id=\"Iletilen_Nuans\"><\/span>\u0130letilen N\u00fcans<span class=\"ez-toc-section-end\"><\/span><\/h2>\n\n<p class=\"wp-block-paragraph\">\nEtkin <strong>Ara\u015ft\u0131rmac\u0131 y\u00f6ntemi a\u00e7\u0131kl\u0131yor<\/strong> Eylemi ger\u00e7ekle\u015ftiren ki\u015fiyi vurgular\n<\/p>\n\n<p class=\"wp-block-paragraph\">\nEdilgen <a href=\"https:\/\/www.fle.re\/blog\/aider-eleve-fle-pression\/\">Y\u00f6ntem ara\u015ft\u0131rmac\u0131 taraf\u0131ndan a\u00e7\u0131klan\u0131r<\/a> Sonuca veya s\u00fcrece vurgu yap\u0131l\u0131r\n<\/p>\n\n<ul class=\"wp-block-list\"><li>D\u00f6n\u00fc\u015fl\u00fc<\/li><li>Y\u00f6ntem kolayca a\u00e7\u0131klan\u0131r<\/li><li>D\u00fc\u015f\u00fcnme s\u00fcrecini veya ortaya \u00e7\u0131kan durumu vurgular<\/li><li>Sonu\u00e7<\/li><li>Sonu\u00e7<\/li><\/ul>\n\n<h2 class=\"wp-block-heading\"><span class=\"ez-toc-section\" id=\"Ileri_Duzey_Fransizca_Dilbilgisine_Hakim_Olmak\"><\/span>\u0130leri D\u00fczey Frans\u0131zca Dilbilgisine Hakim Olmak<span class=\"ez-toc-section-end\"><\/span><\/h2>\n\n<p class=\"wp-block-paragraph\">\nBu, yaz\u0131l\u0131 ve s\u00f6zl\u00fc ileti\u015fim becerilerinizi zenginle\u015ftirmenizi sa\u011flar. Fiil zaman\u0131 uyumu, edilgen yap\u0131lar, dilek kipi ve olumsuzlama bi\u00e7imleri gibi incelikler \u00fczerinde \u00e7al\u0131\u015farak, n\u00fcansl\u0131 ve cilal\u0131 bir ileti\u015fim kurars\u0131n\u0131z. Bazen odaklanm\u0131\u015f dikkat gerektirse bile, kendi dil al\u0131\u015fkanl\u0131klar\u0131n\u0131z\u0131 g\u00f6zlemlemek ve d\u00fczenli olarak pratik yapmak i\u00e7in zaman ay\u0131r\u0131n. <strong>Fiilimsilerin uyumu, s\u00f6zdizimi ve karma\u015f\u0131k yap\u0131lar gibi dilbilgisel ayr\u0131nt\u0131lar, yaz\u0131n\u0131z\u0131n hassasiyetini art\u0131rmak i\u00e7in anla\u015f\u0131lmal\u0131d\u0131r. Bu dilbilgisel titizlik, yaln\u0131zca daha iyi anlamay\u0131 garanti etmekle kalmaz, ayn\u0131 zamanda tart\u0131\u015fmalar veya daha ayr\u0131nt\u0131l\u0131 yaz\u0131l\u0131 \u00e7al\u0131\u015fmalar s\u0131ras\u0131nda \u00f6zg\u00fcven geli\u015ftirir. Yava\u015f yava\u015f, bu temel noktalar daha i\u00e7g\u00fcd\u00fcsel hale gelir. Biraz sab\u0131rla, bir sonraki seviyeye ge\u00e7i\u015fin do\u011fal olarak ger\u00e7ekle\u015fti\u011fini g\u00f6receksiniz.<\/strong> <strong>\u0130leri d\u00fczey dilbilgisinde yan c\u00fcmlelerin temel noktalar\u0131 nelerdir?<\/strong> Yan c\u00fcmleler, ileri d\u00fczey Frans\u0131zca dilbilgisinin temel bir par\u00e7as\u0131n\u0131 olu\u015fturur. Bu seviyede, ba\u011f\u0131nt\u0131l\u0131, ba\u011flay\u0131c\u0131 ve zarf t\u00fcmle\u00e7leri aras\u0131nda net bir ayr\u0131m yapmak \u00f6nemlidir. \u00d6nemli noktalar \u015funlard\u0131r: fiil kipinin se\u00e7imi (bildirim kipi, dilek kipi, \u015fart kipi), zamanlar\u0131n s\u0131ralamas\u0131 ve \u00ab\u00a0yapma,\u00a0\u00bb \u00ab\u00a0lequel\u00a0\u00bb veya \u00ab\u00a0\u00e0 quoi\u00a0\u00bb gibi ilgi zamirlerinin konumu. \u00d6zellikle, ba\u011f\u0131nt\u0131l\u0131 c\u00fcmlelerde fiilin \u00f6nc\u00fcl ile uyumuna ve belirsizlik veya duygu ifade eden c\u00fcmlelerde dilek kipinin kullan\u0131m\u0131na dikkat edilmelidir. Bu unsurlar \u00fczerinde \u00e7al\u0131\u015fmak, alt c\u00fcmle kullan\u0131m\u0131yla ilgili yayg\u0131n hatalardan ka\u00e7\u0131n\u0131rken iyi yap\u0131land\u0131r\u0131lm\u0131\u015f, karma\u015f\u0131k c\u00fcmleler yazman\u0131za olanak tan\u0131r. <strong>Yard\u0131mc\u0131 fiillerle ge\u00e7mi\u015f zaman ortac\u0131 uyumunu nas\u0131l \u00f6\u011frenirsiniz?<\/strong> \u0130leri d\u00fczey Frans\u0131zca dilbilgisinde do\u011fru ge\u00e7mi\u015f zaman ortac\u0131 uyumu i\u00e7in\n<\/p>\n\n<figure class=\"wp-block-table\"><table>\n<tr>\n<th>Temel kural\u0131 anlamak i\u00e7in \u015funlar\u0131 bilmeniz gerekir: \u00ab\u00a0Avoir\u00a0\u00bb (sahip olmak) fiiliyle, ge\u00e7mi\u015f zaman ortac\u0131, do\u011frudan nesneden \u00f6nce geliyorsa onunla uyum sa\u011flar. \u00d6rnek: \u00ab\u00a0Les lettres qu\u2019elle a \u00e9crites\u00a0\u00bb (Yazd\u0131\u011f\u0131 mektuplar). \u00ab\u00a0\u00eatre\u00a0\u00bb (olmak) fiiliyle, ge\u00e7mi\u015f zaman ortac\u0131 her zaman \u00f6zneyle uyum sa\u011flar: \u00ab\u00a0Elles sont parties\u00a0\u00bb (Ayr\u0131ld\u0131lar). \u00d6zellikle d\u00f6n\u00fc\u015fl\u00fc fiillerde baz\u0131 ek incelikler ortaya \u00e7\u0131kar: Zamirin do\u011frudan m\u0131 yoksa dolayl\u0131 nesne mi oldu\u011funu belirlemek \u00f6nemlidir. Do\u011frudan nesneyi ve fiille olan ili\u015fkisini belirleme prati\u011fi, do\u011fru uyum kural\u0131n\u0131 uygulamada yard\u0131mc\u0131 olur.<\/th>\n<th><\/th>\n<th>Peki, dilek kipinde zamanlar\u0131n s\u0131ralamas\u0131 hangi zorluklar\u0131 ortaya \u00e7\u0131kar\u0131r?<\/th>\n<\/tr>\n<tr>\n<td><strong><\/strong><\/td>\n<td>Kaynaklar<\/td>\n<td>CNIL. \u00ab\u00a0Les mots de passe: conseils pour bien les choisir et les prot\u00e9ger\u00a0\u00bb (\u015eifreler: onlar\u0131 se\u00e7mek ve korumak i\u00e7in ipu\u00e7lar\u0131). Ulusal Bilgi \u0130\u015flem ve \u00d6zg\u00fcrl\u00fckler Komisyonu, 05.10.2022. Eri\u015fim tarihi: 26.06.2024.<\/td>\n<\/tr>\n<tr>\n<td><strong><\/strong><\/td>\n<td>Ayr\u0131ca bak\u0131n\u0131z: Service-public.fr. \u00ab\u00a0\u00c7evrimi\u00e7i Hesap \u015eifresi: Nas\u0131l Olu\u015fturulur ve Korunur?\u00a0\u00bb Hukuk ve \u0130dari Bilgi M\u00fcd\u00fcrl\u00fc\u011f\u00fc, 8 A\u011fustos 2023. Eri\u015fim tarihi: 26 Haziran 2024.<\/td>\n<td><\/td>\n<\/tr>\n<tr>\n<td><strong>Ayr\u0131ca bak\u0131n\u0131z: ANSSI. \u00ab\u00a0\u015eifrelerle \u0130lgili G\u00fcvenlik \u00d6nerileri.\u00a0\u00bb Fransa Ulusal Siber G\u00fcvenlik Ajans\u0131, 17 Ocak 2022. Eri\u015fim tarihi: 26 Haziran 2024.<\/strong><\/td>\n<td><\/td>\n<td>Ayr\u0131ca bak\u0131n\u0131z:<\/td>\n<\/tr>\n<\/table><\/figure>\n\n<h2 class=\"wp-block-heading\"><\/h2>\n        \n         \n        <figure class=\"wp-block-image size-full\">\n          <img decoding=\"async\" src=\"https:\/\/www.fle.re\/blog\/wp-content\/uploads\/2025\/12\/Conclusion-63.jpeg\" alt=\"\">\n        <\/figure>\n        \n          \n\n<p class=\"wp-block-paragraph\">\n <strong><\/strong> \n<\/p>\n\n<p class=\"wp-block-paragraph\">\n <strong><\/strong><\/p>\n\n<p class=\"wp-block-paragraph\"><section class=\"faq\">\n<div>\n<h2><\/h2>\n<div>\n<p> <strong><\/strong>  <strong><\/strong><\/p>\n<\/div>\n<\/div>\n<div>\n<h2><\/h2>\n<div>\n<p> <strong><\/strong>  <strong><\/strong><\/p>\n<\/div>\n<\/div>\n<div>\n<h2><\/h2>\n        \n         \n        <figure class=\"wp-block-image size-full\">\n          <img decoding=\"async\" src=\"https:\/\/www.fle.re\/blog\/wp-content\/uploads\/2025\/12\/Quelles-difficults-prsente-la-concordance.jpeg\" alt=\"\">\n        <\/figure>\n        \n          \n         \n        <figure class=\"wp-block-image size-full\">\n          <img decoding=\"async\" src=\"https:\/\/www.fle.re\/blog\/wp-content\/uploads\/2025\/12\/Sources-23.jpeg\" alt=\"\">\n        <\/figure>\n        \n          \n\n<ol class=\"wp-block-list\"><li> <a href=\"https:\/\/www.cnil.fr\/fr\/les-mots-de-passe\" rel=\"nofollow noopener noreferrer\" target=\"_blank\"><\/a><\/li><li> <a href=\"https:\/\/www.service-public.fr\/particuliers\/actualites\/A16224\" rel=\"nofollow noopener noreferrer\" target=\"_blank\"><\/a><\/li><li> <a href=\"https:\/\/www.ssi.gouv.fr\/guide\/recommandations-relatives-aux-mots-de-passe\/\" rel=\"nofollow noopener noreferrer\" target=\"_blank\"><\/a><\/li><\/ol>\n\n<\/div><\/section><\/p>\n","protected":false},"excerpt":{"rendered":"<p>\u0130leri d\u00fczey Frans\u0131zca dilbilgisine dalmak, ifadeyi ustaca kullanmak istedi\u011finizde t\u00fcm fark\u0131 yaratan inceliklerle m\u00fccadele etmek anlam\u0131na gelir. Dilek kipi, zaman [&hellip;]<\/p>\n","protected":false},"author":2,"featured_media":702,"comment_status":"open","ping_status":"open","sticky":false,"template":"","format":"standard","meta":{"_crdt_document":"","site-sidebar-layout":"default","site-content-layout":"","ast-site-content-layout":"default","site-content-style":"default","site-sidebar-style":"default","ast-global-header-display":"","ast-banner-title-visibility":"","ast-main-header-display":"","ast-hfb-above-header-display":"","ast-hfb-below-header-display":"","ast-hfb-mobile-header-display":"","site-post-title":"","ast-breadcrumbs-content":"","ast-featured-img":"","footer-sml-layout":"","ast-disable-related-posts":"","theme-transparent-header-meta":"","adv-header-id-meta":"","stick-header-meta":"","header-above-stick-meta":"","header-main-stick-meta":"","header-below-stick-meta":"","astra-migrate-meta-layouts":"default","ast-page-background-enabled":"default","ast-page-background-meta":{"desktop":{"background-color":"var(--ast-global-color-5)","background-image":"","background-repeat":"repeat","background-position":"center center","background-size":"auto","background-attachment":"scroll","background-type":"","background-media":"","overlay-type":"","overlay-color":"","overlay-opacity":"","overlay-gradient":""},"tablet":{"background-color":"","background-image":"","background-repeat":"repeat","background-position":"center center","background-size":"auto","background-attachment":"scroll","background-type":"","background-media":"","overlay-type":"","overlay-color":"","overlay-opacity":"","overlay-gradient":""},"mobile":{"background-color":"","background-image":"","background-repeat":"repeat","background-position":"center center","background-size":"auto","background-attachment":"scroll","background-type":"","background-media":"","overlay-type":"","overlay-color":"","overlay-opacity":"","overlay-gradient":""}},"ast-content-background-meta":{"desktop":{"background-color":"var(--ast-global-color-4)","background-image":"","background-repeat":"repeat","background-position":"center center","background-size":"auto","background-attachment":"scroll","background-type":"","background-media":"","overlay-type":"","overlay-color":"","overlay-opacity":"","overlay-gradient":""},"tablet":{"background-color":"var(--ast-global-color-4)","background-image":"","background-repeat":"repeat","background-position":"center center","background-size":"auto","background-attachment":"scroll","background-type":"","background-media":"","overlay-type":"","overlay-color":"","overlay-opacity":"","overlay-gradient":""},"mobile":{"background-color":"var(--ast-global-color-4)","background-image":"","background-repeat":"repeat","background-position":"center center","background-size":"auto","background-attachment":"scroll","background-type":"","background-media":"","overlay-type":"","overlay-color":"","overlay-opacity":"","overlay-gradient":""}},"footnotes":""},"categories":[708],"tags":[7263,1827,7266,7257,7260],"class_list":["post-2696","post","type-post","status-publish","format-standard","has-post-thumbnail","hentry","category-non-classe-tr","tag-dilbilgisi-kurallari-tr","tag-fransizca-dilbilgisi-tr","tag-fransizca-sozdizimi-tr","tag-ileri-dilbilgisi-tr","tag-temel-gramer-noktalari-tr"],"_links":{"self":[{"href":"https:\/\/www.fle.re\/blog\/wp-json\/wp\/v2\/posts\/2696","targetHints":{"allow":["GET"]}}],"collection":[{"href":"https:\/\/www.fle.re\/blog\/wp-json\/wp\/v2\/posts"}],"about":[{"href":"https:\/\/www.fle.re\/blog\/wp-json\/wp\/v2\/types\/post"}],"author":[{"embeddable":true,"href":"https:\/\/www.fle.re\/blog\/wp-json\/wp\/v2\/users\/2"}],"replies":[{"embeddable":true,"href":"https:\/\/www.fle.re\/blog\/wp-json\/wp\/v2\/comments?post=2696"}],"version-history":[{"count":1,"href":"https:\/\/www.fle.re\/blog\/wp-json\/wp\/v2\/posts\/2696\/revisions"}],"predecessor-version":[{"id":2697,"href":"https:\/\/www.fle.re\/blog\/wp-json\/wp\/v2\/posts\/2696\/revisions\/2697"}],"wp:featuredmedia":[{"embeddable":true,"href":"https:\/\/www.fle.re\/blog\/wp-json\/wp\/v2\/media\/702"}],"wp:attachment":[{"href":"https:\/\/www.fle.re\/blog\/wp-json\/wp\/v2\/media?parent=2696"}],"wp:term":[{"taxonomy":"category","embeddable":true,"href":"https:\/\/www.fle.re\/blog\/wp-json\/wp\/v2\/categories?post=2696"},{"taxonomy":"post_tag","embeddable":true,"href":"https:\/\/www.fle.re\/blog\/wp-json\/wp\/v2\/tags?post=2696"}],"curies":[{"name":"wp","href":"https:\/\/api.w.org\/{rel}","templated":true}]}}