{"id":2702,"date":"2026-02-11T18:50:46","date_gmt":"2026-02-11T18:50:46","guid":{"rendered":"https:\/\/www.fle.re\/blog\/?p=2702"},"modified":"2026-02-11T18:50:49","modified_gmt":"2026-02-11T18:50:49","slug":"gramatica-francesa-avanzada-puntos-clave","status":"publish","type":"post","link":"https:\/\/www.fle.re\/blog\/es\/gramatica-francesa-avanzada-puntos-clave\/","title":{"rendered":"Gram\u00e1tica francesa avanzada: puntos clave"},"content":{"rendered":"<p class=\"wp-block-paragraph\">\nProfundizar en la gram\u00e1tica francesa avanzada implica abordar sutilezas que marcan la diferencia cuando se busca dominar la expresi\u00f3n. Cuestiones como el modo subjuntivo, la secuencia de tiempos verbales o la concordancia del participio pasado no son meros detalles, sino puntos estrat\u00e9gicos para matizar el mensaje. S\u00ed, aqu\u00ed es donde a veces nos atascamos, incluso despu\u00e9s de a\u00f1os de pr\u00e1ctica. Aprender a distinguir entre el uso preciso de los modos y tiempos verbales, comprender pronombres relativos complejos o dominar expresiones idiom\u00e1ticas: esto es lo que puede transformar una simple oraci\u00f3n en un mensaje preciso. Trabajar en estos aspectos aporta una claridad y una delicadeza que los hablantes nativos perciben al instante. Vayamos directo al grano: la delicadeza gramatical es lo que te permite sentirte c\u00f3modo en cualquier situaci\u00f3n, ya sea escribiendo, argumentando, persuadiendo o incluso bromeando con total confianza. En nuestra plataforma, cada dificultad del franc\u00e9s encuentra una explicaci\u00f3n clara y ejercicios espec\u00edficos. \u00a1Llev\u00e9moslo al siguiente nivel juntos! <strong><\/strong>https:\/\/www.youtube.com\/watch?v=-twU4pswuzc <i>\u00bfCu\u00e1les son las diferencias entre el subjuntivo y el indicativo en el uso avanzado?<\/i>La distinci\u00f3n entre el subjuntivo y el indicativo suele suscitar preguntas, incluso despu\u00e9s de a\u00f1os de estudio. A veces nos sentimos c\u00f3modos hablando, pero en cuanto tenemos que escribir una carta o un texto formal, nos asaltan las dudas. El indicativo se utiliza para expresar hechos y certezas, mientras que el subjuntivo expresa emociones, deseos o dudas. Por ejemplo: \u00ab\u00a0Je pense qu&rsquo;il viendra\u00a0\u00bb (certeza) frente a \u00ab\u00a0Je doute qu&rsquo;il vienne\u00a0\u00bb (incertidumbre). <strong>El verdadero desaf\u00edo surge con ciertas expresiones que cambian de modo seg\u00fan el contexto: \u00ab\u00a0apr\u00e8s que\u00a0\u00bb adopta el modo indicativo (\u00ab\u00a0apr\u00e8s qu&rsquo;il est parti\u00a0\u00bb), pero \u00ab\u00a0avant que\u00a0\u00bb requiere el modo subjuntivo (\u00ab\u00a0avant qu&rsquo;il parte\u00a0\u00bb). Para evitar errores recurrentes, nada supera la pr\u00e1ctica regular y ejemplos pr\u00e1cticos. En la escritura profesional, es mejor revisar estas construcciones cuidadosamente, incluso si a menudo pasan desapercibidas en el lenguaje hablado. Tambi\u00e9n puedes practicar con ejercicios interactivos de gram\u00e1tica avanzada para comprender bien estas diferencias.<\/strong> <i>\u00bfC\u00f3mo dominar los pronombres relativos compuestos y complejos?<\/i> \n<\/p>\n\n<p class=\"wp-block-paragraph\">\nLos pronombres relativos compuestos (como \u00ab\u00a0lequel\u00a0\u00bb, \u00ab\u00a0auquel\u00a0\u00bb, \u00ab\u00a0duquel\u00a0\u00bb, etc.) a veces pueden ser una fuente de confusi\u00f3n. Incluso cuando domines \u00ab\u00a0qui\u00a0\u00bb o \u00ab\u00a0que\u00a0\u00bb, sigue habiendo esta serie algo intimidante. El truco est\u00e1 en visualizar la preposici\u00f3n asociada al antecedente para elegir el pronombre correcto. Por ejemplo, dir\u00edas \u00ab\u00a0el libro en el que estoy pensando\u00a0\u00bb si est\u00e1s pensando \u00ab\u00a0en un libro\u00a0\u00bb o \u00ab\u00a0la raz\u00f3n por la que vine\u00a0\u00bb. A menudo, son estos sutiles matices los que marcan la diferencia en la escritura avanzada. <i><\/i>Tambi\u00e9n existen concordancias espec\u00edficas, por ejemplo, cuando el pronombre relativo se refiere a varios elementos. \u00ab\u00a0Las ciudades entre las que duda\u00a0\u00bb ilustra claramente esta sutileza. Estas estructuras confieren al discurso escrito un car\u00e1cter m\u00e1s matizado y sofisticado. Para familiarizarte con estos puntos, crea oraciones basadas en tus experiencias o proyectos: esto hace que el aprendizaje sea m\u00e1s personal y facilita la memorizaci\u00f3n. <strong><\/strong> \u00ab\u00a0La casa cerca de la cual trabajo\u00a0\u00bb: con una preposici\u00f3n <i>\u00ab\u00a0Las razones por las que\u00a0\u00bb: m\u00faltiples justificaciones<\/i> \u00ab\u00a0Las personas con las que interact\u00fao\u00a0\u00bb: enfatiza lo colectivo\n<\/p>\n\n<p class=\"wp-block-paragraph\">\n\u00bfPor qu\u00e9 conjugamos el participio pasado de forma diferente seg\u00fan el contexto? <strong><\/strong> \u00bfPor qu\u00e9 conjugamos el participio pasado de forma diferente seg\u00fan el contexto?\n<\/p>\n\n<figure class=\"is-provider-youtube is-type-video wp-block-embed wp-block-embed-youtube wp-embed-aspect-16-9 wp-has-aspect-ratio\"><div class=\"wp-block-embed__wrapper\">\n\n<\/div><\/figure>\n\n<div id=\"ez-toc-container\" class=\"ez-toc-v2_0_82_2 ez-toc-wrap-center counter-hierarchy ez-toc-counter ez-toc-transparent ez-toc-container-direction\">\n<div class=\"ez-toc-title-container\">\n<p class=\"ez-toc-title\" style=\"cursor:inherit\">Sommaire<\/p>\n<span class=\"ez-toc-title-toggle\"><a href=\"#\" class=\"ez-toc-pull-right ez-toc-btn ez-toc-btn-xs ez-toc-btn-default ez-toc-toggle\" aria-label=\"Toggle Table of Content\"><span class=\"ez-toc-js-icon-con\"><span class=\"\"><span class=\"eztoc-hide\" style=\"display:none;\">Toggle<\/span><span class=\"ez-toc-icon-toggle-span\"><svg style=\"fill: #999;color:#999\" xmlns=\"http:\/\/www.w3.org\/2000\/svg\" class=\"list-377408\" width=\"20px\" height=\"20px\" viewBox=\"0 0 24 24\" fill=\"none\"><path d=\"M6 6H4v2h2V6zm14 0H8v2h12V6zM4 11h2v2H4v-2zm16 0H8v2h12v-2zM4 16h2v2H4v-2zm16 0H8v2h12v-2z\" fill=\"currentColor\"><\/path><\/svg><svg style=\"fill: #999;color:#999\" class=\"arrow-unsorted-368013\" xmlns=\"http:\/\/www.w3.org\/2000\/svg\" width=\"10px\" height=\"10px\" viewBox=\"0 0 24 24\" version=\"1.2\" baseProfile=\"tiny\"><path d=\"M18.2 9.3l-6.2-6.3-6.2 6.3c-.2.2-.3.4-.3.7s.1.5.3.7c.2.2.4.3.7.3h11c.3 0 .5-.1.7-.3.2-.2.3-.5.3-.7s-.1-.5-.3-.7zM5.8 14.7l6.2 6.3 6.2-6.3c.2-.2.3-.5.3-.7s-.1-.5-.3-.7c-.2-.2-.4-.3-.7-.3h-11c-.3 0-.5.1-.7.3-.2.2-.3.5-.3.7s.1.5.3.7z\"\/><\/svg><\/span><\/span><\/span><\/a><\/span><\/div>\n<nav><ul class='ez-toc-list ez-toc-list-level-1 eztoc-toggle-hide-by-default' ><li class='ez-toc-page-1 ez-toc-heading-level-2'><a class=\"ez-toc-link ez-toc-heading-1\" href=\"https:\/\/www.fle.re\/blog\/es\/gramatica-francesa-avanzada-puntos-clave\/#El_dilema_de_la_concordancia_del_participio_pasado_es_algo_que_todos_hemos_experimentado_imagina_la_escena_frente_a_la_hoja_de_examen_dudando_entre_%C2%AB_les_lettres_que_jai_ecrites_%C2%BB_o_%C2%AB_les_lettres_que_jai_ecrit_%C2%BB_En_cuanto_entra_en_juego_el_verbo_auxiliar_%C2%AB_avoir_%C2%BB_tener_todo_depende_de_la_posicion_del_objeto_directo_si_se_coloca_antes_del_verbo_concuerda_%C2%AB_les_gateaux_que_jai_manges_%C2%BB_%E2%80%93_los_pasteles_que_comi_de_lo_contrario_permanece_invariable_%C2%AB_jai_mange_des_gateaux_%C2%BB_%E2%80%93_comi_pasteles_Con_%C2%AB_etre_%C2%BB_ser_no_hay_que_darle_muchas_vueltas_el_participio_siempre_concuerda_con_el_sujeto\" >El dilema de la concordancia del participio pasado es algo que todos hemos experimentado: imagina la escena frente a la hoja de examen, dudando entre \u00ab\u00a0les lettres que j\u2019ai \u00e9crites\u00a0\u00bb o \u00ab\u00a0les lettres que j\u2019ai \u00e9crit\u00a0\u00bb. En cuanto entra en juego el verbo auxiliar \u00ab\u00a0avoir\u00a0\u00bb (tener), todo depende de la posici\u00f3n del objeto directo: si se coloca antes del verbo, concuerda (\u00ab\u00a0les g\u00e2teaux que j\u2019ai mang\u00e9s\u00a0\u00bb &#8211; los pasteles que com\u00ed); de lo contrario, permanece invariable (\u00ab\u00a0j\u2019ai mang\u00e9 des g\u00e2teaux\u00a0\u00bb &#8211; com\u00ed pasteles). Con \u00ab\u00a0\u00eatre\u00a0\u00bb (ser), no hay que darle muchas vueltas: el participio siempre concuerda con el sujeto.<\/a><\/li><li class='ez-toc-page-1 ez-toc-heading-level-2'><a class=\"ez-toc-link ez-toc-heading-2\" href=\"https:\/\/www.fle.re\/blog\/es\/gramatica-francesa-avanzada-puntos-clave\/#%C2%AB_Penser_apenser_de_%C2%BB_para_variar_el_significado_segun_el_contexto\" >\u00ab\u00a0Penser \u00e0\/penser de\u00a0\u00bb: para variar el significado seg\u00fan el contexto<\/a><\/li><li class='ez-toc-page-1 ez-toc-heading-level-2'><a class=\"ez-toc-link ez-toc-heading-3\" href=\"https:\/\/www.fle.re\/blog\/es\/gramatica-francesa-avanzada-puntos-clave\/#Ejemplo\" >Ejemplo<\/a><\/li><li class='ez-toc-page-1 ez-toc-heading-level-2'><a class=\"ez-toc-link ez-toc-heading-4\" href=\"https:\/\/www.fle.re\/blog\/es\/gramatica-francesa-avanzada-puntos-clave\/#El_investigador_explica_el_metodo\" >El investigador explica el m\u00e9todo<\/a><\/li><\/ul><\/nav><\/div>\n<h2 class=\"wp-block-heading\"><span class=\"ez-toc-section\" id=\"El_dilema_de_la_concordancia_del_participio_pasado_es_algo_que_todos_hemos_experimentado_imagina_la_escena_frente_a_la_hoja_de_examen_dudando_entre_%C2%AB_les_lettres_que_jai_ecrites_%C2%BB_o_%C2%AB_les_lettres_que_jai_ecrit_%C2%BB_En_cuanto_entra_en_juego_el_verbo_auxiliar_%C2%AB_avoir_%C2%BB_tener_todo_depende_de_la_posicion_del_objeto_directo_si_se_coloca_antes_del_verbo_concuerda_%C2%AB_les_gateaux_que_jai_manges_%C2%BB_%E2%80%93_los_pasteles_que_comi_de_lo_contrario_permanece_invariable_%C2%AB_jai_mange_des_gateaux_%C2%BB_%E2%80%93_comi_pasteles_Con_%C2%AB_etre_%C2%BB_ser_no_hay_que_darle_muchas_vueltas_el_participio_siempre_concuerda_con_el_sujeto\"><\/span>El dilema de la concordancia del participio pasado es algo que todos hemos experimentado: imagina la escena frente a la hoja de examen, dudando entre \u00ab\u00a0les lettres que j\u2019ai \u00e9crites\u00a0\u00bb o \u00ab\u00a0les lettres que j\u2019ai \u00e9crit\u00a0\u00bb. En cuanto entra en juego el verbo auxiliar \u00ab\u00a0avoir\u00a0\u00bb (tener), todo depende de la posici\u00f3n del objeto directo: si se coloca antes del verbo, concuerda (\u00ab\u00a0les g\u00e2teaux que j\u2019ai mang\u00e9s\u00a0\u00bb &#8211; los pasteles que com\u00ed); de lo contrario, permanece invariable (\u00ab\u00a0j\u2019ai mang\u00e9 des g\u00e2teaux\u00a0\u00bb &#8211; com\u00ed pasteles). Con \u00ab\u00a0\u00eatre\u00a0\u00bb (ser), no hay que darle muchas vueltas: el participio siempre concuerda con el sujeto.<span class=\"ez-toc-section-end\"><\/span><\/h2>\n\n<p class=\"wp-block-paragraph\">\nLas excepciones relacionadas con los verbos pronominales a\u00f1aden otra capa de complejidad. Estamos de acuerdo si el objeto directo precede al verbo o si el pronombre es un pronombre reflexivo (\u00ab\u00a0elles se sont lav\u00e9es\u00a0\u00bb &#8211; se lavaron), pero no si el pronombre es un objeto indirecto (\u00ab\u00a0elles se sont lav\u00e9 les mains\u00a0\u00bb &#8211; se lavaron las manos). Para integrar todos estos mecanismos en tu vida diaria, solo necesitas una buena dosis de pr\u00e1ctica, y adem\u00e1s, no tengas miedo de releer lo que escribes con calma; as\u00ed es como mejoras sin darte cuenta. <strong><\/strong> \u00bfC\u00f3mo evitar los inconvenientes de las preposiciones en franc\u00e9s avanzado?<i><\/i> No te das cuenta de lo importantes que se vuelven las preposiciones (\u00ab\u00a0\u00e0\u00a0\u00bb, \u00ab\u00a0de\u00a0\u00bb, \u00ab\u00a0en\u00a0\u00bb, \u00ab\u00a0par\u00a0\u00bb, etc.) una vez que alcanzas un buen nivel de expresi\u00f3n. Un matiz de preposici\u00f3n puede cambiar por completo el significado de una oraci\u00f3n: \u00ab\u00a0penser \u00e0\u00a0\u00bb (pensar en) no tiene nada que ver con \u00ab\u00a0penser de\u00a0\u00bb (opinar). Incluso he dudado en un correo electr\u00f3nico del trabajo; \u00a1adm\u00edtelo, te identificas! La habilidad consiste en identificar verbos con preposiciones fijas (por ejemplo, \u00ab\u00a0s&rsquo;int\u00e9resse \u00e0\u00a0\u00bb, \u00ab\u00a0d\u00e9pendre de\u00a0\u00bb) y practicarlos en contexto. <strong>En franc\u00e9s formal, la elecci\u00f3n entre \u00ab\u00a0\u00e0\u00a0\u00bb y \u00ab\u00a0de\u00a0\u00bb puede crear un tono demasiado directo o, por el contrario, demasiado vago. Por ejemplo, \u00ab\u00a0aider \u00e0 faire\u00a0\u00bb no es sin\u00f3nimo de \u00ab\u00a0aider de faire\u00a0\u00bb (la segunda construcci\u00f3n es incorrecta). Estas sutilezas tambi\u00e9n se encuentran en expresiones de tiempo y lugar, especialmente en la correspondencia administrativa o acad\u00e9mica. Para un aprendizaje natural, se recomienda encarecidamente utilizar recursos fiables y practicar con aplicaciones divertidas. En este sentido, existen recursos disponibles para ayudar a gestionar la presi\u00f3n durante el proceso de aprendizaje, especialmente cuando las reglas parecen excesivas.<\/strong> \n<\/p>\n\n<p class=\"wp-block-paragraph\">\n\u00ab\u00a0S&rsquo;int\u00e9resse \u00e0\u00a0\u00bb: para expresar inter\u00e9s <a href=\"https:\/\/www.fle.re\/blog\/exercices-fle-interactifs\/\">\u00ab\u00a0\u00catre content de\u00a0\u00bb: para expresar satisfacci\u00f3n<\/a> \u00ab\u00a0D\u00e9pendre de\u00a0\u00bb: para expresar una relaci\u00f3n de dependencia\n<\/p>\n\n<h2 class=\"wp-block-heading\"><span class=\"ez-toc-section\" id=\"%C2%AB_Penser_apenser_de_%C2%BB_para_variar_el_significado_segun_el_contexto\"><\/span>\u00ab\u00a0Penser \u00e0\/penser de\u00a0\u00bb: para variar el significado seg\u00fan el contexto<span class=\"ez-toc-section-end\"><\/span><\/h2>\n\n<p class=\"wp-block-paragraph\">\n\u00ab\u00a0Faire attention \u00e0\u00a0\u00bb: para expresar vigilancia <strong><\/strong> \u00bfCu\u00e1les son los principales usos avanzados de las voces activa, pasiva y reflexiva?\n<\/p>\n\n<p class=\"wp-block-paragraph\">\n\n<\/p>\n\n<ul class=\"wp-block-list\"><li>La voz activa, la voz pasiva y la voz reflexiva son herramientas poderosas para a\u00f1adir matices al discurso y variedad al estilo escrito. A veces, optamos sistem\u00e1ticamente por la voz activa cuando la pasiva nos permite, por ejemplo, enfatizar el resultado u omitir a la persona que realiza la acci\u00f3n: \u00ab\u00a0Los resultados fueron publicados\u00a0\u00bb. En un nivel avanzado, dominar estas transformaciones enriquece los textos; es la clave para escribir formalmente o para acentuar la objetividad.<\/li><li><\/li><li>Tipo de voz<\/li><\/ul>\n\n<h2 class=\"wp-block-heading\"><span class=\"ez-toc-section\" id=\"Ejemplo\"><\/span>Ejemplo<span class=\"ez-toc-section-end\"><\/span><\/h2>\n        \n         \n        <figure class=\"wp-block-image size-full\">\n          <img decoding=\"async\" src=\"https:\/\/www.fle.re\/blog\/wp-content\/uploads\/2025\/12\/Pourquoi-accorde-t-on-le-participe-pass.jpeg\" alt=\"Matices transmitidos\">\n        <\/figure>\n        \n          \n\n<p class=\"wp-block-paragraph\">\nActiva <strong>El investigador explica el m\u00e9todo<\/strong>Enfatiza a la persona que realiza la acci\u00f3n\n<\/p>\n\n<p class=\"wp-block-paragraph\">\nPasiva\n<\/p>\n\n<h2 class=\"wp-block-heading\"><span class=\"ez-toc-section\" id=\"El_investigador_explica_el_metodo\"><\/span>El investigador explica el m\u00e9todo<span class=\"ez-toc-section-end\"><\/span><\/h2>\n\n<p class=\"wp-block-paragraph\">\n\u00c9nfasis en el resultado o el proceso <strong>Reflexiva<\/strong> El m\u00e9todo se explica f\u00e1cilmente\n<\/p>\n\n<p class=\"wp-block-paragraph\">\nDestaca el proceso de pensamiento o el estado resultante <a href=\"https:\/\/www.fle.re\/blog\/aider-eleve-fle-pression\/\">Conclusi\u00f3n<\/a> Conclusi\u00f3n\n<\/p>\n\n<ul class=\"wp-block-list\"><li>Dominio de la gram\u00e1tica francesa avanzada<\/li><li>Esto te permite enriquecer tu comunicaci\u00f3n escrita y oral. Al trabajar en sutilezas como la concordancia verbal, las construcciones pasivas, el modo subjuntivo y las formas de negaci\u00f3n, construyes una comunicaci\u00f3n matizada y pulida. Simplemente t\u00f3mate el tiempo para observar tus propios h\u00e1bitos ling\u00fc\u00edsticos y practica con regularidad para progresar, incluso si a veces requiere atenci\u00f3n concentrada.<\/li><li>Los detalles gramaticales como la concordancia entre participios, la sintaxis y las estructuras complejas se benefician al ser comprendidos para refinar la precisi\u00f3n de tu escritura. Este rigor gramatical no solo garantiza una mejor comprensi\u00f3n, sino que tambi\u00e9n desarrolla confianza durante las discusiones o trabajos escritos m\u00e1s elaborados. Poco a poco, estos puntos clave se vuelven m\u00e1s instintivos. Ver\u00e1s, con un poco de paciencia, que la transici\u00f3n al siguiente nivel se produce de forma natural.<\/li><li>\u00bfCu\u00e1les son los puntos clave de las oraciones subordinadas en la gram\u00e1tica avanzada?<\/li><li>Las oraciones subordinadas forman parte fundamental de la gram\u00e1tica francesa avanzada. En este nivel, es importante diferenciar claramente entre oraciones relativas, conjuntivas y adverbiales. Los puntos clave incluyen: la elecci\u00f3n del modo verbal (indicativo, subjuntivo, condicional), la secuencia de tiempos verbales y la posici\u00f3n de los pronombres relativos como \u00ab\u00a0dont\u00a0\u00bb, \u00ab\u00a0lequel\u00a0\u00bb o \u00ab\u00a0\u00e0 quoi\u00a0\u00bb. Se debe prestar especial atenci\u00f3n a la concordancia verbal con el antecedente en las cl\u00e1usulas relativas, as\u00ed como al uso del modo subjuntivo en cl\u00e1usulas que expresan incertidumbre o emoci\u00f3n. Trabajar estos elementos permite escribir cl\u00e1usulas complejas y bien estructuradas, evitando errores comunes relacionados con el uso de la subordinaci\u00f3n.<\/li><\/ul>\n\n<h2 class=\"wp-block-heading\"><\/h2>\n\n<p class=\"wp-block-paragraph\">\n\u00bfC\u00f3mo dominar la concordancia del participio pasado con los verbos auxiliares? <strong><\/strong>Para una correcta concordancia del participio pasado en la gram\u00e1tica francesa avanzada. <strong>Para comprender la regla b\u00e1sica, es necesario saber que, con \u00ab\u00a0avoir\u00a0\u00bb (haber), el participio pasado concuerda con el objeto directo si lo precede. Ejemplo: \u00ab\u00a0Les lettres qu\u2019elle a \u00e9crites\u00a0\u00bb (Las cartas que ella escribi\u00f3). Con \u00ab\u00a0\u00eatre\u00a0\u00bb (ser), el participio pasado siempre concuerda con el sujeto: \u00ab\u00a0Elles sont parties\u00a0\u00bb (Se fueron). Surgen algunas sutilezas adicionales, sobre todo con los verbos reflexivos: es importante identificar si el pronombre es un objeto directo o indirecto. Practicar la identificaci\u00f3n del objeto directo y su relaci\u00f3n con el verbo es \u00fatil para aplicar la regla de concordancia correcta.<\/strong>  <strong>\u00bfQu\u00e9 dificultades presenta la secuencia de tiempos verbales en el modo subjuntivo?<\/strong> \n<\/p>\n\n<figure class=\"wp-block-table\"><table>\n<tr>\n<th>Fuentes<\/th>\n<th>CNIL. \u00ab\u00a0Les mots de passe: conseils pour bien les choisir et les prot\u00e9ger\u00a0\u00bb (Contrase\u00f1as: consejos para elegirlas y protegerlas). Comisi\u00f3n Nacional de Inform\u00e1tica y Libertades, 5 de octubre de 2022. Consultado el 26 de junio de 2024.<\/th>\n<th><\/th>\n<\/tr>\n<tr>\n<td><strong>V\u00e9ase tambi\u00e9n: Service-public.fr. \u00abContrase\u00f1a de cuenta en l\u00ednea: \u00bfC\u00f3mo crearla y protegerla?\u00bb. Direcci\u00f3n de Informaci\u00f3n Jur\u00eddica y Administrativa, 8 de agosto de 2023. Consultado el 26 de junio de 2024.<\/strong><\/td>\n<td><\/td>\n<td>V\u00e9ase tambi\u00e9n: ANSSI. \u00abRecomendaciones de seguridad sobre contrase\u00f1as\u00bb. Agencia Nacional de Ciberseguridad de Francia, 17 de enero de 2022. Consultado el 26 de junio de 2024.<\/td>\n<\/tr>\n<tr>\n<td><strong><\/strong><\/td>\n<td>V\u00e9ase tambi\u00e9n:<\/td>\n<td><\/td>\n<\/tr>\n<tr>\n<td><strong><\/strong><\/td>\n<td><\/td>\n<td><\/td>\n<\/tr>\n<\/table><\/figure>\n\n<h2 class=\"wp-block-heading\"><\/h2>\n        \n         \n        <figure class=\"wp-block-image size-full\">\n          <img decoding=\"async\" src=\"https:\/\/www.fle.re\/blog\/wp-content\/uploads\/2025\/12\/Conclusion-63.jpeg\" alt=\"\">\n        <\/figure>\n        \n          \n\n<p class=\"wp-block-paragraph\">\n <strong><\/strong> \n<\/p>\n\n<p class=\"wp-block-paragraph\">\n <strong><\/strong><\/p>\n\n<p class=\"wp-block-paragraph\"><section class=\"faq\">\n<div>\n<h2><\/h2>\n<div>\n<p> <strong><\/strong>  <strong><\/strong><\/p>\n<\/div>\n<\/div>\n<div>\n<h2><\/h2>\n<div>\n<p> <strong><\/strong>  <strong><\/strong><\/p>\n<\/div>\n<\/div>\n<div>\n<h2><\/h2>\n        \n         \n        <figure class=\"wp-block-image size-full\">\n          <img decoding=\"async\" src=\"https:\/\/www.fle.re\/blog\/wp-content\/uploads\/2025\/12\/Quelles-difficults-prsente-la-concordance.jpeg\" alt=\"\">\n        <\/figure>\n        \n          \n         \n        <figure class=\"wp-block-image size-full\">\n          <img decoding=\"async\" src=\"https:\/\/www.fle.re\/blog\/wp-content\/uploads\/2025\/12\/Sources-23.jpeg\" alt=\"\">\n        <\/figure>\n        \n          \n\n<ol class=\"wp-block-list\"><li> <a href=\"https:\/\/www.cnil.fr\/fr\/les-mots-de-passe\" rel=\"nofollow noopener noreferrer\" target=\"_blank\"><\/a><\/li><li> <a href=\"https:\/\/www.service-public.fr\/particuliers\/actualites\/A16224\" rel=\"nofollow noopener noreferrer\" target=\"_blank\"><\/a><\/li><li> <a href=\"https:\/\/www.ssi.gouv.fr\/guide\/recommandations-relatives-aux-mots-de-passe\/\" rel=\"nofollow noopener noreferrer\" target=\"_blank\"><\/a><\/li><\/ol>\n\n<\/div><\/section><\/p>\n","protected":false},"excerpt":{"rendered":"<p>Profundizar en la gram\u00e1tica francesa avanzada implica abordar sutilezas que marcan la diferencia cuando se busca dominar la expresi\u00f3n. Cuestiones [&hellip;]<\/p>\n","protected":false},"author":2,"featured_media":702,"comment_status":"open","ping_status":"open","sticky":false,"template":"","format":"standard","meta":{"_crdt_document":"","site-sidebar-layout":"default","site-content-layout":"","ast-site-content-layout":"default","site-content-style":"default","site-sidebar-style":"default","ast-global-header-display":"","ast-banner-title-visibility":"","ast-main-header-display":"","ast-hfb-above-header-display":"","ast-hfb-below-header-display":"","ast-hfb-mobile-header-display":"","site-post-title":"","ast-breadcrumbs-content":"","ast-featured-img":"","footer-sml-layout":"","ast-disable-related-posts":"","theme-transparent-header-meta":"","adv-header-id-meta":"","stick-header-meta":"","header-above-stick-meta":"","header-main-stick-meta":"","header-below-stick-meta":"","astra-migrate-meta-layouts":"default","ast-page-background-enabled":"default","ast-page-background-meta":{"desktop":{"background-color":"var(--ast-global-color-5)","background-image":"","background-repeat":"repeat","background-position":"center center","background-size":"auto","background-attachment":"scroll","background-type":"","background-media":"","overlay-type":"","overlay-color":"","overlay-opacity":"","overlay-gradient":""},"tablet":{"background-color":"","background-image":"","background-repeat":"repeat","background-position":"center center","background-size":"auto","background-attachment":"scroll","background-type":"","background-media":"","overlay-type":"","overlay-color":"","overlay-opacity":"","overlay-gradient":""},"mobile":{"background-color":"","background-image":"","background-repeat":"repeat","background-position":"center center","background-size":"auto","background-attachment":"scroll","background-type":"","background-media":"","overlay-type":"","overlay-color":"","overlay-opacity":"","overlay-gradient":""}},"ast-content-background-meta":{"desktop":{"background-color":"var(--ast-global-color-4)","background-image":"","background-repeat":"repeat","background-position":"center center","background-size":"auto","background-attachment":"scroll","background-type":"","background-media":"","overlay-type":"","overlay-color":"","overlay-opacity":"","overlay-gradient":""},"tablet":{"background-color":"var(--ast-global-color-4)","background-image":"","background-repeat":"repeat","background-position":"center center","background-size":"auto","background-attachment":"scroll","background-type":"","background-media":"","overlay-type":"","overlay-color":"","overlay-opacity":"","overlay-gradient":""},"mobile":{"background-color":"var(--ast-global-color-4)","background-image":"","background-repeat":"repeat","background-position":"center center","background-size":"auto","background-attachment":"scroll","background-type":"","background-media":"","overlay-type":"","overlay-color":"","overlay-opacity":"","overlay-gradient":""}},"footnotes":""},"categories":[718],"tags":[7293,1851,7296,7299,7302],"class_list":["post-2702","post","type-post","status-publish","format-standard","has-post-thumbnail","hentry","category-non-classe-es","tag-gramatica-avanzada-es","tag-gramatica-francesa-es","tag-puntos-gramaticales-clave-es","tag-reglas-gramaticales-es","tag-sintaxis-francesa-es"],"_links":{"self":[{"href":"https:\/\/www.fle.re\/blog\/wp-json\/wp\/v2\/posts\/2702","targetHints":{"allow":["GET"]}}],"collection":[{"href":"https:\/\/www.fle.re\/blog\/wp-json\/wp\/v2\/posts"}],"about":[{"href":"https:\/\/www.fle.re\/blog\/wp-json\/wp\/v2\/types\/post"}],"author":[{"embeddable":true,"href":"https:\/\/www.fle.re\/blog\/wp-json\/wp\/v2\/users\/2"}],"replies":[{"embeddable":true,"href":"https:\/\/www.fle.re\/blog\/wp-json\/wp\/v2\/comments?post=2702"}],"version-history":[{"count":1,"href":"https:\/\/www.fle.re\/blog\/wp-json\/wp\/v2\/posts\/2702\/revisions"}],"predecessor-version":[{"id":2703,"href":"https:\/\/www.fle.re\/blog\/wp-json\/wp\/v2\/posts\/2702\/revisions\/2703"}],"wp:featuredmedia":[{"embeddable":true,"href":"https:\/\/www.fle.re\/blog\/wp-json\/wp\/v2\/media\/702"}],"wp:attachment":[{"href":"https:\/\/www.fle.re\/blog\/wp-json\/wp\/v2\/media?parent=2702"}],"wp:term":[{"taxonomy":"category","embeddable":true,"href":"https:\/\/www.fle.re\/blog\/wp-json\/wp\/v2\/categories?post=2702"},{"taxonomy":"post_tag","embeddable":true,"href":"https:\/\/www.fle.re\/blog\/wp-json\/wp\/v2\/tags?post=2702"}],"curies":[{"name":"wp","href":"https:\/\/api.w.org\/{rel}","templated":true}]}}