{"id":271,"date":"2026-02-11T18:43:50","date_gmt":"2026-02-11T18:43:50","guid":{"rendered":"https:\/\/www.fle.re\/blog\/?p=271"},"modified":"2026-02-10T01:44:38","modified_gmt":"2026-02-10T01:44:38","slug":"grammaire-francaise-avancee","status":"publish","type":"post","link":"https:\/\/www.fle.re\/blog\/grammaire-francaise-avancee\/","title":{"rendered":"Grammaire fran\u00e7aise avanc\u00e9e : points cl\u00e9s"},"content":{"rendered":"<p class=\"wp-block-paragraph\">\nPlonger dans la <strong>grammaire fran\u00e7aise avanc\u00e9e<\/strong>, c\u2019est s\u2019attaquer \u00e0 des subtilit\u00e9s qui font toute la diff\u00e9rence lorsque l\u2019on souhaite <i>ma\u00eetriser l\u2019expression<\/i>. Les questions de <strong>subjonctif, concordance des temps<\/strong> ou d\u2019<i>accord du participe pass\u00e9<\/i> ne sont pas des d\u00e9tails, mais bien des points strat\u00e9giques pour nuancer son propos. Oui, c\u2019est parfois l\u00e0 que l\u2019on bloque, m\u00eame apr\u00e8s des ann\u00e9es de pratique.\n<\/p>\n\n<p class=\"wp-block-paragraph\">\nApprendre \u00e0 faire la distinction entre <i>l\u2019utilisation pr\u00e9cise des modes et des temps<\/i>, se rep\u00e9rer entre les <strong>pronoms relatifs complexes<\/strong> ou jongler avec les <i>expressions idiomatiques<\/i> : voil\u00e0 ce qui peut transformer une phrase banale en message pr\u00e9cis. Travailler ces aspects apporte une clart\u00e9 et une finesse que les locuteurs natifs remarquent instantan\u00e9ment.\n<\/p>\n\n<p class=\"wp-block-paragraph\">\nOn va droit au but : la finesse grammaticale, c\u2019est ce qui vous permet de vous sentir \u00e0 l\u2019aise dans toutes les situations, pour \u00e9crire, argumenter, convaincre, ou m\u00eame plaisanter en toute confiance. Sur notre plateforme, chaque difficult\u00e9 de la <strong>langue fran\u00e7aise<\/strong> trouve une explication limpide et des exercices cibl\u00e9s. Passons ensemble \u00e0 la vitesse sup\u00e9rieure.\n<\/p>\n\n<figure class=\"is-provider-youtube is-type-video wp-block-embed wp-block-embed-youtube wp-embed-aspect-16-9 wp-has-aspect-ratio\"><div class=\"wp-block-embed__wrapper\">\n<iframe loading=\"lazy\" title=\"&quot;Quiz De Conjugaison Franc\u0327aise : Le Futur Simple&quot;\" width=\"500\" height=\"281\" src=\"https:\/\/www.youtube.com\/embed\/-twU4pswuzc?feature=oembed\" frameborder=\"0\" allow=\"accelerometer; autoplay; clipboard-write; encrypted-media; gyroscope; picture-in-picture; web-share\" referrerpolicy=\"strict-origin-when-cross-origin\" allowfullscreen><\/iframe>\n<\/div><\/figure>\n\n<div id=\"ez-toc-container\" class=\"ez-toc-v2_0_82_2 ez-toc-wrap-center counter-hierarchy ez-toc-counter ez-toc-transparent ez-toc-container-direction\">\n<div class=\"ez-toc-title-container\">\n<p class=\"ez-toc-title\" style=\"cursor:inherit\">Sommaire<\/p>\n<span class=\"ez-toc-title-toggle\"><a href=\"#\" class=\"ez-toc-pull-right ez-toc-btn ez-toc-btn-xs ez-toc-btn-default ez-toc-toggle\" aria-label=\"Toggle Table of Content\"><span class=\"ez-toc-js-icon-con\"><span class=\"\"><span class=\"eztoc-hide\" style=\"display:none;\">Toggle<\/span><span class=\"ez-toc-icon-toggle-span\"><svg style=\"fill: #999;color:#999\" xmlns=\"http:\/\/www.w3.org\/2000\/svg\" class=\"list-377408\" width=\"20px\" height=\"20px\" viewBox=\"0 0 24 24\" fill=\"none\"><path d=\"M6 6H4v2h2V6zm14 0H8v2h12V6zM4 11h2v2H4v-2zm16 0H8v2h12v-2zM4 16h2v2H4v-2zm16 0H8v2h12v-2z\" fill=\"currentColor\"><\/path><\/svg><svg style=\"fill: #999;color:#999\" class=\"arrow-unsorted-368013\" xmlns=\"http:\/\/www.w3.org\/2000\/svg\" width=\"10px\" height=\"10px\" viewBox=\"0 0 24 24\" version=\"1.2\" baseProfile=\"tiny\"><path d=\"M18.2 9.3l-6.2-6.3-6.2 6.3c-.2.2-.3.4-.3.7s.1.5.3.7c.2.2.4.3.7.3h11c.3 0 .5-.1.7-.3.2-.2.3-.5.3-.7s-.1-.5-.3-.7zM5.8 14.7l6.2 6.3 6.2-6.3c.2-.2.3-.5.3-.7s-.1-.5-.3-.7c-.2-.2-.4-.3-.7-.3h-11c-.3 0-.5.1-.7.3-.2.2-.3.5-.3.7s.1.5.3.7z\"\/><\/svg><\/span><\/span><\/span><\/a><\/span><\/div>\n<nav><ul class='ez-toc-list ez-toc-list-level-1 eztoc-toggle-hide-by-default' ><li class='ez-toc-page-1 ez-toc-heading-level-2'><a class=\"ez-toc-link ez-toc-heading-1\" href=\"https:\/\/www.fle.re\/blog\/grammaire-francaise-avancee\/#Quelles_differences_entre_le_subjonctif_et_lindicatif_dans_lusage_avance%E2%80%AF\" >Quelles diff\u00e9rences entre le subjonctif et l\u2019indicatif dans l\u2019usage avanc\u00e9\u202f?<\/a><\/li><li class='ez-toc-page-1 ez-toc-heading-level-2'><a class=\"ez-toc-link ez-toc-heading-2\" href=\"https:\/\/www.fle.re\/blog\/grammaire-francaise-avancee\/#Comment_maitriser_les_pronoms_relatifs_composes_et_complexes\" >Comment ma\u00eetriser les pronoms relatifs compos\u00e9s et complexes ?<\/a><\/li><li class='ez-toc-page-1 ez-toc-heading-level-2'><a class=\"ez-toc-link ez-toc-heading-3\" href=\"https:\/\/www.fle.re\/blog\/grammaire-francaise-avancee\/#Pourquoi_accorde-t-on_le_participe_passe_differemment_selon_les_contextes%E2%80%AF\" >Pourquoi accorde-t-on le participe pass\u00e9 diff\u00e9remment selon les contextes\u202f?<\/a><\/li><li class='ez-toc-page-1 ez-toc-heading-level-2'><a class=\"ez-toc-link ez-toc-heading-4\" href=\"https:\/\/www.fle.re\/blog\/grammaire-francaise-avancee\/#Comment_eviter_les_pieges_des_prepositions_en_francais_avance%E2%80%AF\" >Comment \u00e9viter les pi\u00e8ges des pr\u00e9positions en fran\u00e7ais avanc\u00e9\u202f?<\/a><\/li><li class='ez-toc-page-1 ez-toc-heading-level-2'><a class=\"ez-toc-link ez-toc-heading-5\" href=\"https:\/\/www.fle.re\/blog\/grammaire-francaise-avancee\/#Quels_sont_les_principaux_emplois_avances_des_voix_active_passive_et_pronominale%E2%80%AF\" >Quels sont les principaux emplois avanc\u00e9s des voix active, passive et pronominale\u202f?<\/a><\/li><li class='ez-toc-page-1 ez-toc-heading-level-2'><a class=\"ez-toc-link ez-toc-heading-6\" href=\"https:\/\/www.fle.re\/blog\/grammaire-francaise-avancee\/#Conclusion\" >Conclusion<\/a><\/li><li class='ez-toc-page-1 ez-toc-heading-level-2'><a class=\"ez-toc-link ez-toc-heading-7\" href=\"https:\/\/www.fle.re\/blog\/grammaire-francaise-avancee\/#Quels_sont_les_points_cles_des_subordonnees_en_grammaire_avancee\" >Quels sont les points cl\u00e9s des subordonn\u00e9es en grammaire avanc\u00e9e\u00a0?<\/a><\/li><li class='ez-toc-page-1 ez-toc-heading-level-2'><a class=\"ez-toc-link ez-toc-heading-8\" href=\"https:\/\/www.fle.re\/blog\/grammaire-francaise-avancee\/#Comment_maitriser_laccord_du_participe_passe_avec_les_auxiliaires\" >Comment ma\u00eetriser l\u2019accord du participe pass\u00e9 avec les auxiliaires\u00a0?<\/a><\/li><li class='ez-toc-page-1 ez-toc-heading-level-2'><a class=\"ez-toc-link ez-toc-heading-9\" href=\"https:\/\/www.fle.re\/blog\/grammaire-francaise-avancee\/#Quelles_difficultes_presente_la_concordance_des_temps_au_subjonctif\" >Quelles difficult\u00e9s pr\u00e9sente la concordance des temps au subjonctif\u00a0?<\/a><\/li><\/ul><\/nav><\/div>\n<h2 class=\"wp-block-heading\"><span class=\"ez-toc-section\" id=\"Quelles_differences_entre_le_subjonctif_et_lindicatif_dans_lusage_avance%E2%80%AF\"><\/span>Quelles diff\u00e9rences entre le subjonctif et l\u2019indicatif dans l\u2019usage avanc\u00e9\u202f?<span class=\"ez-toc-section-end\"><\/span><\/h2>\n\n<p class=\"wp-block-paragraph\">\nLa distinction <strong>subjonctif vs indicatif<\/strong> pose souvent question m\u00eame apr\u00e8s des ann\u00e9es d\u2019apprentissage. On se sent parfois \u00e0 l\u2019aise \u00e0 l\u2019oral mais d\u00e8s qu\u2019il faut \u00e9crire une lettre ou un texte formel, le doute s\u2019installe. L\u2019<i>indicatif<\/i> sert \u00e0 \u00e9noncer des faits, des certitudes, alors que le <strong>subjonctif<\/strong> exprime plut\u00f4t des \u00e9motions, des souhaits ou des doutes. Par exemple\u202f: \u00ab\u202fJe pense qu\u2019il viendra\u202f\u00bb (certitude) contre \u00ab\u202fJe doute qu\u2019il vienne\u202f\u00bb (incertitude).\n<\/p>\n\n<p class=\"wp-block-paragraph\">\nLe vrai d\u00e9fi appara\u00eet avec certaines expressions qui changent de mode selon le contexte\u202f: \u00ab\u202fapr\u00e8s que\u202f\u00bb prend l\u2019indicatif (\u00ab\u202fapr\u00e8s qu\u2019il est parti\u202f\u00bb) mais \u00ab\u202favant que\u202f\u00bb appelle le subjonctif (\u00ab\u202favant qu\u2019il parte\u202f\u00bb). Pour \u00e9viter les fautes r\u00e9currentes, rien ne vaut la pratique r\u00e9guli\u00e8re et des exemples proches du quotidien. \u00c0 l\u2019\u00e9crit professionnel, il vaut mieux relire avec attention ces tournures, m\u00eame si, \u00e0 l\u2019oral, elles passent souvent inaper\u00e7ues. Tu peux aussi t\u2019entra\u00eener avec des <a href=\"https:\/\/www.fle.re\/blog\/exercices-fle-interactifs\/\">exercices interactifs de grammaire avanc\u00e9e<\/a> pour bien ancrer ces diff\u00e9rences.\n<\/p>\n\n<h2 class=\"wp-block-heading\"><span class=\"ez-toc-section\" id=\"Comment_maitriser_les_pronoms_relatifs_composes_et_complexes\"><\/span>Comment ma\u00eetriser les pronoms relatifs compos\u00e9s et complexes ?<span class=\"ez-toc-section-end\"><\/span><\/h2>\n\n<p class=\"wp-block-paragraph\">\nLes <strong>pronoms relatifs compos\u00e9s<\/strong> (\u00ab\u202flequel\u202f\u00bb, \u00ab\u202fauquel\u202f\u00bb, \u00ab\u202fduquel\u202f\u00bb, etc.) sont parfois source de casse-t\u00eate. Quand on ma\u00eetrise \u00ab\u202fqui\u202f\u00bb ou \u00ab\u202fque\u202f\u00bb, il reste encore cette s\u00e9rie un peu intimidante \u00e0 utiliser. L\u2019astuce consiste \u00e0 visualiser la pr\u00e9position associ\u00e9e \u00e0 l\u2019ant\u00e9c\u00e9dent pour choisir le bon pronom. Par exemple, on dira\u202f: \u00ab\u202fle livre auquel je pense\u202f\u00bb si l\u2019on pense \u00ab\u202f\u00e0 un livre\u202f\u00bb, ou\u202f: \u00ab\u202fla raison pour laquelle je suis venu\u202f\u00bb. Souvent, ce sont des nuances subtiles qui, dans un texte de niveau avanc\u00e9, font la diff\u00e9rence.\n<\/p>\n\n<p class=\"wp-block-paragraph\">\nIl existe aussi des accords particuliers, par exemple quand le pronom relatif renvoie \u00e0 plusieurs \u00e9l\u00e9ments. \u00ab\u202fLes villes entre lesquelles il h\u00e9site\u202f\u00bb montre bien cette subtilit\u00e9. Ces structures donnent au discours \u00e9crit un caract\u00e8re plus nuanc\u00e9 et soutenu. Pour devenir plus \u00e0 l\u2019aise avec ces points, cr\u00e9e des phrases \u00e0 partir de tes exp\u00e9riences ou de tes projets\u00a0: cela rend l\u2019apprentissage plus personnel et facilite la m\u00e9morisation.\n<\/p>\n\n<ul class=\"wp-block-list\"><li>\u00ab\u202fLa maison pr\u00e8s de laquelle je travaille\u202f\u00bb : avec une pr\u00e9position<\/li><li>\u00ab\u202fLes raisons pour lesquelles\u202f\u00bb : justification multiple<\/li><li>\u00ab\u202fLes personnes avec lesquelles j\u2019\u00e9change\u202f\u00bb : insister sur le collectif<\/li><\/ul>\n\n<h2 class=\"wp-block-heading\"><span class=\"ez-toc-section\" id=\"Pourquoi_accorde-t-on_le_participe_passe_differemment_selon_les_contextes%E2%80%AF\"><\/span>Pourquoi accorde-t-on le participe pass\u00e9 diff\u00e9remment selon les contextes\u202f?<span class=\"ez-toc-section-end\"><\/span><\/h2>\n        \n         \n        <figure class=\"wp-block-image size-full\">\n          <img decoding=\"async\" src=\"https:\/\/www.fle.re\/blog\/wp-content\/uploads\/2025\/12\/Pourquoi-accorde-t-on-le-participe-pass.jpeg\" alt=\"Pourquoi accorde-t-on le participe pass\u00e9 diff\u00e9remment selon les contextes\u202f?\">\n        <\/figure>\n        \n          \n\n<p class=\"wp-block-paragraph\">\nLe casse-t\u00eate de <strong>l\u2019accord du participe pass\u00e9<\/strong>, tout le monde l\u2019a connu\u202f: tu imagines la sc\u00e8ne devant la copie, h\u00e9sitant entre \u00ab\u202fles lettres que j\u2019ai \u00e9crites\u202f\u00bb ou \u00ab\u202fles lettres que j\u2019ai \u00e9crit\u202f\u00bb. D\u00e8s que l\u2019auxiliaire \u00ab\u202favoir\u202f\u00bb entre en jeu, tout d\u00e9pend de la position du COD\u202f: s\u2019il est plac\u00e9 avant le verbe, on accorde (\u00ab\u202fles g\u00e2teaux que j\u2019ai mang\u00e9s\u202f\u00bb), sinon il reste invariable (\u00ab\u202fj\u2019ai mang\u00e9 des g\u00e2teaux\u202f\u00bb). Avec \u00ab\u202f\u00eatre\u202f\u00bb, pas de prise de t\u00eate\u202f: le participe s\u2019accorde toujours avec le sujet.\n<\/p>\n\n<p class=\"wp-block-paragraph\">\nLes exceptions li\u00e9es aux verbes pronominaux ajoutent une \u00e9paisseur suppl\u00e9mentaire. On accorde si le COD est avant le verbe ou si le pronom est un vrai pronom r\u00e9fl\u00e9chi (\u00ab\u202felles se sont lav\u00e9es\u202f\u00bb), mais pas si le pronom est un COI (\u00ab\u202felles se sont lav\u00e9 les mains\u202f\u00bb). Pour int\u00e9grer tous ces m\u00e9canismes dans son quotidien, il suffit d\u2019une bonne dose de pratique, et aussi, ne pas avoir peur de relire ses \u00e9crits calmement \u2013 c\u2019est comme \u00e7a qu\u2019on s\u2019am\u00e9liore sans m\u00eame s\u2019en rendre compte.\n<\/p>\n\n<h2 class=\"wp-block-heading\"><span class=\"ez-toc-section\" id=\"Comment_eviter_les_pieges_des_prepositions_en_francais_avance%E2%80%AF\"><\/span>Comment \u00e9viter les pi\u00e8ges des pr\u00e9positions en fran\u00e7ais avanc\u00e9\u202f?<span class=\"ez-toc-section-end\"><\/span><\/h2>\n\n<p class=\"wp-block-paragraph\">\nOn ne soup\u00e7onne pas la place que prennent les <strong>pr\u00e9positions<\/strong> (\u00ab\u202f\u00e0\u202f\u00bb, \u00ab\u202fde\u202f\u00bb, \u00ab\u202fen\u202f\u00bb, \u00ab\u202fpar\u202f\u00bb, etc.) d\u00e8s qu\u2019on atteint un bon niveau d\u2019expression. Une nuance de pr\u00e9position peut totalement changer le sens d\u2019une phrase\u202f: \u00ab\u202fpenser \u00e0\u202f\u00bb (avoir une pens\u00e9e) n\u2019a rien \u00e0 voir avec \u00ab\u202fpenser de\u202f\u00bb (donner un avis). \u00c7a m\u2019est encore arriv\u00e9 d\u2019h\u00e9siter lors d\u2019un mail pro, avouez-le, \u00e7a vous parle aussi ! L\u2019habilet\u00e9 consiste \u00e0 rep\u00e9rer les verbes \u00e0 pr\u00e9positions fixes (ex. : \u00ab\u202fs\u2019int\u00e9resser \u00e0\u202f\u00bb, \u00ab\u202fd\u00e9pendre de\u202f\u00bb) et \u00e0 s\u2019entra\u00eener en contexte.\n<\/p>\n\n<p class=\"wp-block-paragraph\">\nEn fran\u00e7ais formel, le choix entre \u00ab\u202f\u00e0\u202f\u00bb et \u00ab\u202fde\u202f\u00bb peut donner un ton trop direct ou, au contraire, trop flou. Par exemple, \u00ab\u202faider \u00e0 faire\u202f\u00bb n\u2019est pas synonyme de \u00ab\u202faider de faire\u202f\u00bb (la seconde construction est fautive). Les subtilit\u00e9s se retrouvent aussi dans les expressions de temps ou de lieu, notamment dans les courriers administratifs ou acad\u00e9miques. Pour un apprentissage naturel, il est vivement conseill\u00e9 d\u2019utiliser des ressources fiables et de s\u2019exercer avec des applications ludiques. \u00c0 ce propos, il existe des ressources pour <a href=\"https:\/\/www.fle.re\/blog\/aider-eleve-fle-pression\/\">g\u00e9rer la pression<\/a> lors de l\u2019apprentissage, notamment quand les r\u00e8gles paraissent trop nombreuses.\n<\/p>\n\n<ul class=\"wp-block-list\"><li>\u00ab\u202fS\u2019int\u00e9resser \u00e0\u202f\u00bb : exprimer un attrait<\/li><li>\u00ab\u202f\u00catre content de\u202f\u00bb : exprimer la satisfaction<\/li><li>\u00ab\u202fD\u00e9pendre de\u202f\u00bb : exprimer une relation de d\u00e9pendance<\/li><li>\u00ab\u202fPenser \u00e0\/penser de\u202f\u00bb : varier le sens selon le contexte<\/li><li>\u00ab\u202fFaire attention \u00e0\u202f\u00bb : exprimer la vigilance<\/li><\/ul>\n\n<h2 class=\"wp-block-heading\"><span class=\"ez-toc-section\" id=\"Quels_sont_les_principaux_emplois_avances_des_voix_active_passive_et_pronominale%E2%80%AF\"><\/span>Quels sont les principaux emplois avanc\u00e9s des voix active, passive et pronominale\u202f?<span class=\"ez-toc-section-end\"><\/span><\/h2>\n\n<p class=\"wp-block-paragraph\">\nLa <strong>voix active<\/strong>, la <strong>voix passive<\/strong> et la <strong>voix pronominale<\/strong> sont des outils puissants pour nuancer son discours et donner de la vari\u00e9t\u00e9 au style \u00e9crit. On se surprend parfois \u00e0 choisir syst\u00e9matiquement l\u2019actif alors que la forme passive permet, par exemple, de mettre en avant le r\u00e9sultat ou d\u2019occulter l\u2019auteur d\u2019une action : \u00ab\u202fLes r\u00e9sultats ont \u00e9t\u00e9 publi\u00e9s\u202f\u00bb. \u00c0 un niveau avanc\u00e9, ma\u00eetriser ces transformations enrichit les textes \u2014 c\u2019est la cl\u00e9 pour r\u00e9diger formellement ou pour accentuer l\u2019objectivit\u00e9.\n<\/p>\n\n<figure class=\"wp-block-table\"><table>\n<tr>\n<th>Type de voix<\/th>\n<th>Exemple<\/th>\n<th>Nuance transmise<\/th>\n<\/tr>\n<tr>\n<td><strong>Active<\/strong><\/td>\n<td>Le chercheur explique la m\u00e9thode<\/td>\n<td>Insiste sur l\u2019acteur de l\u2019action<\/td>\n<\/tr>\n<tr>\n<td><strong>Passive<\/strong><\/td>\n<td>La m\u00e9thode est expliqu\u00e9e par le chercheur<\/td>\n<td>Accent sur le r\u00e9sultat ou sur le processus<\/td>\n<\/tr>\n<tr>\n<td><strong>Pronominale<\/strong><\/td>\n<td>La m\u00e9thode s\u2019explique facilement<\/td>\n<td>Met en avant la r\u00e9flexion ou l\u2019\u00e9tat r\u00e9sultant<\/td>\n<\/tr>\n<\/table><\/figure>\n\n<h2 class=\"wp-block-heading\"><span class=\"ez-toc-section\" id=\"Conclusion\"><\/span>Conclusion<span class=\"ez-toc-section-end\"><\/span><\/h2>\n        \n         \n        <figure class=\"wp-block-image size-full\">\n          <img decoding=\"async\" src=\"https:\/\/www.fle.re\/blog\/wp-content\/uploads\/2025\/12\/Conclusion-63.jpeg\" alt=\"Conclusion\">\n        <\/figure>\n        \n          \n\n<p class=\"wp-block-paragraph\">\nMa\u00eetriser la <strong>grammaire fran\u00e7aise avanc\u00e9e<\/strong> permet d\u2019enrichir vos \u00e9changes \u00e9crits et oraux. En travaillant les subtilit\u00e9s comme la concordance des temps, les tournures passives, le subjonctif ou les modes de n\u00e9gation, vous construisez une communication nuanc\u00e9e et soign\u00e9e. Il suffit de prendre le temps d\u2019observer ses propres habitudes linguistiques et de s\u2019exercer r\u00e9guli\u00e8rement pour progresser, m\u00eame si cela demande parfois un effort d\u2019attention.\n<\/p>\n\n<p class=\"wp-block-paragraph\">\nLes d\u00e9tails grammaticaux tels que <strong>l\u2019accord des participes<\/strong>, la syntaxe ou les structures complexes gagnent \u00e0 \u00eatre compris pour affiner la pr\u00e9cision de vos textes. Cette rigueur grammaticale garantit non seulement une meilleure compr\u00e9hension, mais d\u00e9veloppe aussi la confiance lors des discussions ou des \u00e9crits plus \u00e9labor\u00e9s. Peu \u00e0 peu, ces points cl\u00e9s deviennent plus instinctifs. Vous verrez, avec un peu de patience, le passage au niveau sup\u00e9rieur se fait naturellement.<\/p>\n\n<p class=\"wp-block-paragraph\"><section class=\"faq\">\n<div>\n<h2><span class=\"ez-toc-section\" id=\"Quels_sont_les_points_cles_des_subordonnees_en_grammaire_avancee\"><\/span>Quels sont les points cl\u00e9s des subordonn\u00e9es en grammaire avanc\u00e9e\u00a0?<span class=\"ez-toc-section-end\"><\/span><\/h2>\n<div>\n<p>Les <strong>subordonn\u00e9es<\/strong> forment une partie fondamentale de la <strong>grammaire fran\u00e7aise avanc\u00e9e<\/strong>. \u00c0 ce niveau, il convient de diff\u00e9rencier clairement les subordonn\u00e9es relatives, conjonctives et circonstancielles. Les points cl\u00e9s incluent\u00a0: le choix du mode verbal (indicatif, subjonctif, conditionnel), la concordance des temps et la position des pronoms relatifs comme \u00ab\u00a0dont\u00a0\u00bb, \u00ab\u00a0lequel\u00a0\u00bb, ou \u00ab\u00a0\u00e0 quoi\u00a0\u00bb. Un soin particulier doit \u00eatre accord\u00e9 \u00e0 l\u2019accord du verbe avec l\u2019ant\u00e9c\u00e9dent dans la proposition relative, ainsi qu\u2019\u00e0 l\u2019utilisation du subjonctif dans les propositions \u00e0 nuance d\u2019incertitude ou d\u2019\u00e9motion. Travailler ces \u00e9l\u00e9ments permet de r\u00e9diger des propositions complexes correctement structur\u00e9es, tout en \u00e9vitant les fautes fr\u00e9quentes li\u00e9es \u00e0 l\u2019usage de la subordination.<\/p>\n<\/div>\n<\/div>\n<div>\n<h2><span class=\"ez-toc-section\" id=\"Comment_maitriser_laccord_du_participe_passe_avec_les_auxiliaires\"><\/span>Comment ma\u00eetriser l\u2019accord du participe pass\u00e9 avec les auxiliaires\u00a0?<span class=\"ez-toc-section-end\"><\/span><\/h2>\n<div>\n<p>Pour bien accorder le <strong>participe pass\u00e9<\/strong> en <strong>grammaire fran\u00e7aise avanc\u00e9e<\/strong>, il faut conna\u00eetre la r\u00e8gle de base\u00a0: avec \u00ab\u00a0avoir\u00a0\u00bb, le participe pass\u00e9 s\u2019accorde avec le compl\u00e9ment d\u2019objet direct s\u2019il le pr\u00e9c\u00e8de. Exemple\u00a0: \u00ab\u00a0Les lettres qu\u2019elle a \u00e9crites\u00a0\u00bb. Avec \u00ab\u00a0\u00eatre\u00a0\u00bb, l\u2019accord se fait toujours avec le sujet\u00a0: \u00ab\u00a0Elles sont parties\u00a0\u00bb. Certaines subtilit\u00e9s s\u2019ajoutent, notamment avec les verbes pronominaux\u00a0: il convient d\u2019identifier si le pronom est compl\u00e9ment d\u2019objet direct ou indirect. Il est utile de s\u2019entra\u00eener \u00e0 rep\u00e9rer le COD et son lien avec le verbe pour appliquer la bonne r\u00e8gle d\u2019accord.<\/p>\n<\/div>\n<\/div>\n<div>\n<h2><span class=\"ez-toc-section\" id=\"Quelles_difficultes_presente_la_concordance_des_temps_au_subjonctif\"><\/span>Quelles difficult\u00e9s pr\u00e9sente la concordance des temps au subjonctif\u00a0?<span class=\"ez-toc-section-end\"><\/span><\/h2>\n        \n         \n        <figure class=\"wp-block-image size-full\">\n          <img decoding=\"async\" src=\"https:\/\/www.fle.re\/blog\/wp-content\/uploads\/2025\/12\/Quelles-difficults-prsente-la-concordance.jpeg\" alt=\"Quelles difficult\u00e9s pr\u00e9sente la concordance des temps au subjonctif\u00a0?\">\n        <\/figure>\n        \n          \n         \n        <figure class=\"wp-block-image size-full\">\n          <img decoding=\"async\" src=\"https:\/\/www.fle.re\/blog\/wp-content\/uploads\/2025\/12\/Sources-23.jpeg\" alt=\"Sources\">\n        <\/figure>\n        \n          \n\n<ol class=\"wp-block-list\"><li>CNIL. \u00ab Les mots de passe\u202f: conseils pour bien les choisir et les prot\u00e9ger \u00bb. Commission Nationale de l&rsquo;Informatique et des Libert\u00e9s, 2022-10-05. Consult\u00e9 le 2024-06-26. <a href=\"https:\/\/www.cnil.fr\/fr\/les-mots-de-passe\" rel=\"nofollow noopener noreferrer\" target=\"_blank\">Consulter<\/a><\/li><li>Service-public.fr. \u00ab Mot de passe d\u2019un compte en ligne\u202f: comment l\u2019inventer et le prot\u00e9ger\u202f? \u00bb. Direction de l&rsquo;information l\u00e9gale et administrative, 2023-08-08. Consult\u00e9 le 2024-06-26. <a href=\"https:\/\/www.service-public.fr\/particuliers\/actualites\/A16224\" rel=\"nofollow noopener noreferrer\" target=\"_blank\">Consulter<\/a><\/li><li>ANSSI. \u00ab Recommandations de s\u00e9curit\u00e9 relatives aux mots de passe \u00bb. Agence nationale de la s\u00e9curit\u00e9 des syst\u00e8mes d&rsquo;information, 2022-01-17. Consult\u00e9 le 2024-06-26. <a href=\"https:\/\/www.ssi.gouv.fr\/guide\/recommandations-relatives-aux-mots-de-passe\/\" rel=\"nofollow noopener noreferrer\" target=\"_blank\">Consulter<\/a><\/li><\/ol>\n\n","protected":false},"excerpt":{"rendered":"<p>Plonger dans la grammaire fran\u00e7aise avanc\u00e9e, c\u2019est s\u2019attaquer \u00e0 des subtilit\u00e9s qui font toute la diff\u00e9rence lorsque l\u2019on souhaite ma\u00eetriser [&hellip;]<\/p>\n","protected":false},"author":2,"featured_media":702,"comment_status":"open","ping_status":"open","sticky":false,"template":"","format":"standard","meta":{"_crdt_document":"","site-sidebar-layout":"default","site-content-layout":"","ast-site-content-layout":"default","site-content-style":"default","site-sidebar-style":"default","ast-global-header-display":"","ast-banner-title-visibility":"","ast-main-header-display":"","ast-hfb-above-header-display":"","ast-hfb-below-header-display":"","ast-hfb-mobile-header-display":"","site-post-title":"","ast-breadcrumbs-content":"","ast-featured-img":"","footer-sml-layout":"","ast-disable-related-posts":"","theme-transparent-header-meta":"","adv-header-id-meta":"","stick-header-meta":"","header-above-stick-meta":"","header-main-stick-meta":"","header-below-stick-meta":"","astra-migrate-meta-layouts":"default","ast-page-background-enabled":"default","ast-page-background-meta":{"desktop":{"background-color":"var(--ast-global-color-5)","background-image":"","background-repeat":"repeat","background-position":"center center","background-size":"auto","background-attachment":"scroll","background-type":"","background-media":"","overlay-type":"","overlay-color":"","overlay-opacity":"","overlay-gradient":""},"tablet":{"background-color":"","background-image":"","background-repeat":"repeat","background-position":"center center","background-size":"auto","background-attachment":"scroll","background-type":"","background-media":"","overlay-type":"","overlay-color":"","overlay-opacity":"","overlay-gradient":""},"mobile":{"background-color":"","background-image":"","background-repeat":"repeat","background-position":"center center","background-size":"auto","background-attachment":"scroll","background-type":"","background-media":"","overlay-type":"","overlay-color":"","overlay-opacity":"","overlay-gradient":""}},"ast-content-background-meta":{"desktop":{"background-color":"var(--ast-global-color-4)","background-image":"","background-repeat":"repeat","background-position":"center center","background-size":"auto","background-attachment":"scroll","background-type":"","background-media":"","overlay-type":"","overlay-color":"","overlay-opacity":"","overlay-gradient":""},"tablet":{"background-color":"var(--ast-global-color-4)","background-image":"","background-repeat":"repeat","background-position":"center center","background-size":"auto","background-attachment":"scroll","background-type":"","background-media":"","overlay-type":"","overlay-color":"","overlay-opacity":"","overlay-gradient":""},"mobile":{"background-color":"var(--ast-global-color-4)","background-image":"","background-repeat":"repeat","background-position":"center center","background-size":"auto","background-attachment":"scroll","background-type":"","background-media":"","overlay-type":"","overlay-color":"","overlay-opacity":"","overlay-gradient":""}},"footnotes":""},"categories":[10],"tags":[227,123,229,231,233],"class_list":["post-271","post","type-post","status-publish","format-standard","has-post-thumbnail","hentry","category-apprendre-le-francais","tag-grammaire-avancee","tag-grammaire-francaise","tag-points-cles-grammaire","tag-regles-de-grammaire","tag-syntaxe-francaise"],"_links":{"self":[{"href":"https:\/\/www.fle.re\/blog\/wp-json\/wp\/v2\/posts\/271","targetHints":{"allow":["GET"]}}],"collection":[{"href":"https:\/\/www.fle.re\/blog\/wp-json\/wp\/v2\/posts"}],"about":[{"href":"https:\/\/www.fle.re\/blog\/wp-json\/wp\/v2\/types\/post"}],"author":[{"embeddable":true,"href":"https:\/\/www.fle.re\/blog\/wp-json\/wp\/v2\/users\/2"}],"replies":[{"embeddable":true,"href":"https:\/\/www.fle.re\/blog\/wp-json\/wp\/v2\/comments?post=271"}],"version-history":[{"count":3,"href":"https:\/\/www.fle.re\/blog\/wp-json\/wp\/v2\/posts\/271\/revisions"}],"predecessor-version":[{"id":2669,"href":"https:\/\/www.fle.re\/blog\/wp-json\/wp\/v2\/posts\/271\/revisions\/2669"}],"wp:featuredmedia":[{"embeddable":true,"href":"https:\/\/www.fle.re\/blog\/wp-json\/wp\/v2\/media\/702"}],"wp:attachment":[{"href":"https:\/\/www.fle.re\/blog\/wp-json\/wp\/v2\/media?parent=271"}],"wp:term":[{"taxonomy":"category","embeddable":true,"href":"https:\/\/www.fle.re\/blog\/wp-json\/wp\/v2\/categories?post=271"},{"taxonomy":"post_tag","embeddable":true,"href":"https:\/\/www.fle.re\/blog\/wp-json\/wp\/v2\/tags?post=271"}],"curies":[{"name":"wp","href":"https:\/\/api.w.org\/{rel}","templated":true}]}}