{"id":283,"date":"2026-02-03T18:40:59","date_gmt":"2026-02-03T18:40:59","guid":{"rendered":"https:\/\/www.fle.re\/blog\/?p=283"},"modified":"2026-02-02T01:44:51","modified_gmt":"2026-02-02T01:44:51","slug":"francais-professionnel-vocabulaire","status":"publish","type":"post","link":"https:\/\/www.fle.re\/blog\/francais-professionnel-vocabulaire\/","title":{"rendered":"Fran\u00e7ais professionnel : vocabulaire utile"},"content":{"rendered":"<p class=\"wp-block-paragraph\">\nMa\u00eetriser un <strong>vocabulaire fran\u00e7ais professionnel<\/strong> pr\u00e9cis est indispensable pour \u00e9voluer sereinement au sein d\u2019une entreprise francophone. Au bureau, le langage change : il faut savoir passer de l\u2019oral informel \u00e0 des formulations plus structur\u00e9es, notamment lors des <strong>r\u00e9unions<\/strong> ou quand il s\u2019agit de <i>r\u00e9diger des emails<\/i>. Rien de plus frustrant que de ressentir une limite au moment d\u2019exprimer une id\u00e9e ou de d\u00e9fendre un projet. Franchement, qui n\u2019a jamais perdu le fil de son discours \u00e0 cause d\u2019un mot qui \u00e9chappe\u202f?\n<\/p>\n\n<p class=\"wp-block-paragraph\">\nAvec la plateforme fle.re, apprendre les <strong>expressions cl\u00e9s<\/strong> du monde du travail devient accessible \u00e0 tous. La diff\u00e9rence se joue sur quelques phrases bien choisies ou un <i>terme adapt\u00e9<\/i> dans une pr\u00e9sentation. L\u2019objectif ? Parler avec plus d\u2019aisance et faire bonne impression \u00e0 chaque prise de parole en public, lors d\u2019un \u00e9change formel ou dans vos messages professionnels. \u00c7a change vraiment tout de pouvoir expliquer un point de vue de mani\u00e8re pr\u00e9cise, claire, et naturelle !\n<\/p>\n\n\n\n<div id=\"ez-toc-container\" class=\"ez-toc-v2_0_82_2 ez-toc-wrap-center counter-hierarchy ez-toc-counter ez-toc-transparent ez-toc-container-direction\">\n<div class=\"ez-toc-title-container\">\n<p class=\"ez-toc-title\" style=\"cursor:inherit\">Sommaire<\/p>\n<span class=\"ez-toc-title-toggle\"><a href=\"#\" class=\"ez-toc-pull-right ez-toc-btn ez-toc-btn-xs ez-toc-btn-default ez-toc-toggle\" aria-label=\"Toggle Table of Content\"><span class=\"ez-toc-js-icon-con\"><span class=\"\"><span class=\"eztoc-hide\" style=\"display:none;\">Toggle<\/span><span class=\"ez-toc-icon-toggle-span\"><svg style=\"fill: #999;color:#999\" xmlns=\"http:\/\/www.w3.org\/2000\/svg\" class=\"list-377408\" width=\"20px\" height=\"20px\" viewBox=\"0 0 24 24\" fill=\"none\"><path d=\"M6 6H4v2h2V6zm14 0H8v2h12V6zM4 11h2v2H4v-2zm16 0H8v2h12v-2zM4 16h2v2H4v-2zm16 0H8v2h12v-2z\" fill=\"currentColor\"><\/path><\/svg><svg style=\"fill: #999;color:#999\" class=\"arrow-unsorted-368013\" xmlns=\"http:\/\/www.w3.org\/2000\/svg\" width=\"10px\" height=\"10px\" viewBox=\"0 0 24 24\" version=\"1.2\" baseProfile=\"tiny\"><path d=\"M18.2 9.3l-6.2-6.3-6.2 6.3c-.2.2-.3.4-.3.7s.1.5.3.7c.2.2.4.3.7.3h11c.3 0 .5-.1.7-.3.2-.2.3-.5.3-.7s-.1-.5-.3-.7zM5.8 14.7l6.2 6.3 6.2-6.3c.2-.2.3-.5.3-.7s-.1-.5-.3-.7c-.2-.2-.4-.3-.7-.3h-11c-.3 0-.5.1-.7.3-.2.2-.3.5-.3.7s.1.5.3.7z\"\/><\/svg><\/span><\/span><\/span><\/a><\/span><\/div>\n<nav><ul class='ez-toc-list ez-toc-list-level-1 eztoc-toggle-hide-by-default' ><li class='ez-toc-page-1 ez-toc-heading-level-2'><a class=\"ez-toc-link ez-toc-heading-1\" href=\"https:\/\/www.fle.re\/blog\/francais-professionnel-vocabulaire\/#Quels_sont_les_mots_et_verbes_a_utiliser_pour_etre_credible_en_entreprise\" >Quels sont les mots et verbes \u00e0 utiliser pour \u00eatre cr\u00e9dible en entreprise ?<\/a><\/li><li class='ez-toc-page-1 ez-toc-heading-level-2'><a class=\"ez-toc-link ez-toc-heading-2\" href=\"https:\/\/www.fle.re\/blog\/francais-professionnel-vocabulaire\/#Quelles_expressions_facilitent_les_echanges_lors_des_reunions_et_entretiens\" >Quelles expressions facilitent les \u00e9changes lors des r\u00e9unions et entretiens ?<\/a><\/li><li class='ez-toc-page-1 ez-toc-heading-level-2'><a class=\"ez-toc-link ez-toc-heading-3\" href=\"https:\/\/www.fle.re\/blog\/francais-professionnel-vocabulaire\/#Quels_sont_les_termes_specifiques_a_chaque_service_ou_secteur\" >Quels sont les termes sp\u00e9cifiques \u00e0 chaque service ou secteur ?<\/a><\/li><li class='ez-toc-page-1 ez-toc-heading-level-2'><a class=\"ez-toc-link ez-toc-heading-4\" href=\"https:\/\/www.fle.re\/blog\/francais-professionnel-vocabulaire\/#Comment_ecrire_des_emails_professionnels_clairs_et_adaptes\" >Comment \u00e9crire des emails professionnels clairs et adapt\u00e9s ?<\/a><\/li><li class='ez-toc-page-1 ez-toc-heading-level-2'><a class=\"ez-toc-link ez-toc-heading-5\" href=\"https:\/\/www.fle.re\/blog\/francais-professionnel-vocabulaire\/#Comment_eviter_les_pieges_et_fautes_culturelles_du_francais_en_entreprise\" >Comment \u00e9viter les pi\u00e8ges et fautes culturelles du fran\u00e7ais en entreprise ?<\/a><\/li><li class='ez-toc-page-1 ez-toc-heading-level-2'><a class=\"ez-toc-link ez-toc-heading-6\" href=\"https:\/\/www.fle.re\/blog\/francais-professionnel-vocabulaire\/#Conclusion\" >Conclusion<\/a><\/li><li class='ez-toc-page-1 ez-toc-heading-level-2'><a class=\"ez-toc-link ez-toc-heading-7\" href=\"https:\/\/www.fle.re\/blog\/francais-professionnel-vocabulaire\/#Comment_enrichir_son_vocabulaire_utile_en_francais_professionnel\" >Comment enrichir son vocabulaire utile en fran\u00e7ais professionnel ?<\/a><\/li><li class='ez-toc-page-1 ez-toc-heading-level-2'><a class=\"ez-toc-link ez-toc-heading-8\" href=\"https:\/\/www.fle.re\/blog\/francais-professionnel-vocabulaire\/#Quels_sont_les_pieges_a_eviter_avec_le_vocabulaire_professionnel_utile\" >Quels sont les pi\u00e8ges \u00e0 \u00e9viter avec le vocabulaire professionnel utile ?<\/a><\/li><li class='ez-toc-page-1 ez-toc-heading-level-2'><a class=\"ez-toc-link ez-toc-heading-9\" href=\"https:\/\/www.fle.re\/blog\/francais-professionnel-vocabulaire\/#Quelles_ressources_utiliser_pour_ameliorer_son_francais_professionnel\" >Quelles ressources utiliser pour am\u00e9liorer son fran\u00e7ais professionnel ?<\/a><\/li><\/ul><\/nav><\/div>\n<h2 class=\"wp-block-heading\"><span class=\"ez-toc-section\" id=\"Quels_sont_les_mots_et_verbes_a_utiliser_pour_etre_credible_en_entreprise\"><\/span>Quels sont les mots et verbes \u00e0 utiliser pour \u00eatre cr\u00e9dible en entreprise ?<span class=\"ez-toc-section-end\"><\/span><\/h2>\n\n<p class=\"wp-block-paragraph\">\nAvoir <strong>un vocabulaire professionnel adapt\u00e9<\/strong> fait vraiment la diff\u00e9rence lors d\u2019interactions au bureau, lors de r\u00e9unions ou dans les \u00e9changes par mail. Si on utilise toujours les m\u00eames verbes, on finit par donner une image un peu scolaire, alors qu\u2019en adoptant des termes vari\u00e9s et pr\u00e9cis, on gagne imm\u00e9diatement en impact et en naturel. Les verbes comme <strong>d\u00e9l\u00e9guer<\/strong> (confier une t\u00e2che \u00e0 quelqu\u2019un), <strong>rendre compte<\/strong> (faire un bilan ou un rapport sur l\u2019\u00e9tat d\u2019un projet) ou <strong>pond\u00e9rer<\/strong> (\u00e9valuer avec soin) sont r\u00e9guli\u00e8rement employ\u00e9s lors de discussions professionnelles. Il suffit de pr\u00eater l\u2019oreille lors d\u2019une r\u00e9union pour s\u2019apercevoir que ces mots donnent de la profondeur et de la pr\u00e9cision \u00e0 nos propos. Autre exemple : <strong>bousculer<\/strong>, qui signifie perturber l\u2019organisation, ou <strong>d\u00e9marcher<\/strong>, pour d\u00e9signer le fait de prospecter de nouveaux clients. Les utiliser de fa\u00e7on naturelle va marquer des points aupr\u00e8s des coll\u00e8gues ou sup\u00e9rieurs, c\u2019est garanti !\n<\/p>\n\n<p class=\"wp-block-paragraph\">\nSi vous cherchez \u00e0 en apprendre encore plus pour \u00eatre \u00e0 l\u2019aise avec le <strong>fran\u00e7ais professionnel<\/strong> et booster votre confiance \u00e0 l\u2019oral comme \u00e0 l\u2019\u00e9crit, n\u2019h\u00e9sitez pas \u00e0 compl\u00e9ter votre vocabulaire avec des ressources sp\u00e9cifiques et \u00e0 pratiquer lors de simulations ou de discussions informelles. Vous progresserez vite et gagnerez en assurance, c\u2019est vraiment gratifiant d\u2019entendre un coll\u00e8gue dire \u201cTa fa\u00e7on d\u2019expliquer, c\u2019est clair et pr\u00e9cis.\u201d Petit conseil entre nous : commencez \u00e0 placer ces verbes dans vos mails, vous verrez l\u2019effet imm\u00e9diatement.\n<\/p>\n\n<h2 class=\"wp-block-heading\"><span class=\"ez-toc-section\" id=\"Quelles_expressions_facilitent_les_echanges_lors_des_reunions_et_entretiens\"><\/span>Quelles expressions facilitent les \u00e9changes lors des r\u00e9unions et entretiens ?<span class=\"ez-toc-section-end\"><\/span><\/h2>\n\n<p class=\"wp-block-paragraph\">\nLes expressions employ\u00e9es en r\u00e9union ou lors d\u2019un entretien refl\u00e8tent souvent la ma\u00eetrise des <strong>codes linguistiques professionnels fran\u00e7ais<\/strong>. Pour structurer son discours, il existe des tournures typiques telles que \u201c<strong>Faisons un point sur<\/strong>\u201d, \u201c<strong>Passons \u00e0 l\u2019ordre du jour<\/strong>\u201d, ou encore \u201c<i>Dans la m\u00eame veine<\/i>, je pense que\u2026\u201d. Ces formulations permettent de guider la conversation, d\u2019apporter son avis ou de relancer un d\u00e9bat, tout en restant professionnel et courtois. Quand il faut donner son accord ou exprimer une r\u00e9serve, les phrases \u201cJe partage ce point de vue\u201d ou \u201cJ\u2019\u00e9mets quelques r\u00e9serves\u201d sont tr\u00e8s appr\u00e9ci\u00e9es. Pour aller plus vite dans les \u00e9changes ou susciter des r\u00e9actions, l\u2019utilisation de \u201c<i>N\u2019h\u00e9sitez pas \u00e0 r\u00e9agir<\/i>\u201d, ou de \u201cJe vous invite \u00e0 compl\u00e9ter si besoin\u201d fait tout son effet.\n<\/p>\n\n<p class=\"wp-block-paragraph\">\nEn r\u00e9union, il vaut mieux \u00e9viter de couper la parole ou d\u2019intervenir sans y \u00eatre invit\u00e9, surtout en entreprise fran\u00e7aise o\u00f9 la <strong>hi\u00e9rarchie et les codes de politesse<\/strong> restent solidement ancr\u00e9s. On privil\u00e9gie alors : \u201cPuis-je me permettre d\u2019ajouter un point ?\u201d, ou \u201cPour rebondir sur ce qui vient d\u2019\u00eatre dit\u2026\u201d. Non seulement cela montre le respect des autres intervenants, mais cela renforce aussi votre image de collaborateur soucieux de l\u2019esprit d\u2019\u00e9quipe et de l\u2019\u00e9coute active.\n<\/p>\n\n<ul class=\"wp-block-list\"><li><strong>Structurer l\u2019intervention :<\/strong> \u201cJe vais commencer par aborder\u2026\u201d, \u201cPour conclure, je dirais\u2026\u201d<\/li><li><strong>Exprimer un d\u00e9saccord :<\/strong> \u201cJe comprends votre point de vue, cependant\u2026\u201d<\/li><li><strong>Relancer le d\u00e9bat :<\/strong> \u201cQue pensez-vous de cette alternative ?\u201d<\/li><li><strong>Reformuler :<\/strong> \u201cEn d\u2019autres termes, vous sugg\u00e9rez que\u2026\u201d<\/li><\/ul>\n\n<h2 class=\"wp-block-heading\"><span class=\"ez-toc-section\" id=\"Quels_sont_les_termes_specifiques_a_chaque_service_ou_secteur\"><\/span>Quels sont les termes sp\u00e9cifiques \u00e0 chaque service ou secteur ?<span class=\"ez-toc-section-end\"><\/span><\/h2>\n        \n         \n        <figure class=\"wp-block-image size-full\">\n          <img decoding=\"async\" src=\"https:\/\/www.fle.re\/blog\/wp-content\/uploads\/2025\/12\/Quels-sont-les-termes-spcifiques.jpeg\" alt=\"Quels sont les termes sp\u00e9cifiques \u00e0 chaque service ou secteur ?\">\n        <\/figure>\n        \n          \n\n<h3 class=\"wp-block-heading\">Ressources humaines, finance et marketing\u00a0: les mots \u00e0 retenir<\/h3>\n\n<p class=\"wp-block-paragraph\">\nChaque service poss\u00e8de <strong>son jargon professionnel<\/strong> et ses expressions propres, ce qui peut surprendre d\u00e8s qu\u2019on change de p\u00f4le ou de secteur. En <strong>ressources humaines<\/strong>, on retrouve des termes comme \u201cmobilit\u00e9 interne\u201d (changement de poste), \u201c\u00e9valuation annuelle\u201d, ou encore \u201cp\u00e9riode d\u2019essai\u201d. En <strong>finance<\/strong>, des mots tels que \u201ctr\u00e9sorerie\u201d, \u201cb\u00e9n\u00e9fice\u201d, \u201cbudget pr\u00e9visionnel\u201d ou \u201cinvestissement\u201d reviennent constamment dans les discussions. Pour le <strong>marketing<\/strong>, attention \u00e0 bien diff\u00e9rencier les notions de \u201ccible\u201d, \u201cpositionnement\u201d, \u201ccampagne publicitaire\u201d ou \u201cretour sur investissement\u201d.\n<\/p>\n\n<p class=\"wp-block-paragraph\">\nL\u2019adaptation du vocabulaire \u00e0 chaque contexte est aussi un signal fort de professionnalisme. Un marketeur va parler de \u201clancement de produit\u201d et \u201c\u00e9tude de march\u00e9\u201d, alors qu\u2019un responsable RH discutera plut\u00f4t de \u201crecrutement\u201d et \u201centretien d\u2019embauche\u201d. Ces mots-cl\u00e9s enrichissent r\u00e9ellement les \u00e9changes et \u00e9vitent les malentendus. Pour vous y retrouver facilement, n\u2019h\u00e9sitez pas \u00e0 tenir une petite liste de vocabulaire sp\u00e9cialis\u00e9 selon les r\u00e9unions ou les mails envoy\u00e9s.\n<\/p>\n\n<h2 class=\"wp-block-heading\"><span class=\"ez-toc-section\" id=\"Comment_ecrire_des_emails_professionnels_clairs_et_adaptes\"><\/span>Comment \u00e9crire des emails professionnels clairs et adapt\u00e9s ?<span class=\"ez-toc-section-end\"><\/span><\/h2>\n\n<p class=\"wp-block-paragraph\">\nLes emails sont la colonne vert\u00e9brale de la communication professionnelle en France. Employer un <strong>vocabulaire pr\u00e9cis<\/strong> et des <i>formules de politesse adapt\u00e9es<\/i> d\u00e9montre rigueur et respect pour ses interlocuteurs. Pour d\u00e9buter un courriel, il existe des tournures comme \u201c<strong>Suite \u00e0 notre entretien t\u00e9l\u00e9phonique<\/strong>\u201d, ou \u201c<strong>Comme convenu<\/strong>, je vous transmets\u2026\u201d. Ces phrases marquent la continuit\u00e9 des \u00e9changes et signalent votre implication. C\u00f4t\u00e9 cl\u00f4ture, il convient d\u2019utiliser \u201cJe reste \u00e0 votre disposition\u2026\u201d, \u201cN\u2019h\u00e9sitez pas \u00e0 me contacter\u2026\u201d, ou un cordial \u201cBien \u00e0 vous\u201d selon votre degr\u00e9 de familiarit\u00e9 avec le destinataire.\n<\/p>\n\n<p class=\"wp-block-paragraph\">\nBien s\u00fbr, l\u2019usage syst\u00e9matis\u00e9 du <strong>vouvoiement<\/strong> avec les sup\u00e9rieurs ou des inconnus reste un r\u00e9flexe. Et pour \u00e9viter les maladresses, il vaut mieux bannir les anglicismes comme \u201cmeeting\u201d ou \u201cfeedback\u201d, qui pourraient agacer certains coll\u00e8gues. Remplacez-les syst\u00e9matiquement par \u201cr\u00e9union\u201d et \u201cretour\u201d. Si vous h\u00e9sitez sur une tournure ou un registre, n\u2019h\u00e9sitez pas \u00e0 passer par un test gratuit pour \u00e9valuer votre niveau de fran\u00e7ais professionnel et cibler les points \u00e0 am\u00e9liorer, par exemple via <a href=\"https:\/\/www.fle.re\/blog\/test-niveau-francais-gratuit\/\" target=\"_blank\">cet outil en ligne<\/a>.\n<\/p>\n\n<ul class=\"wp-block-list\"><li><strong>Formules d\u2019ouverture :<\/strong> \u201cEn r\u00e9f\u00e9rence \u00e0 votre demande\u201d, \u201cJe me permets de vous solliciter pour\u2026\u201d<\/li><li><strong>Transitions :<\/strong> \u201cPar ailleurs\u201d, \u201cConcernant votre pr\u00e9c\u00e9dente question\u2026\u201d<\/li><li><strong>Formules de fin :<\/strong> \u201cCordialement\u201d, \u201cDans l\u2019attente de votre retour\u201d<\/li><\/ul>\n\n<h2 class=\"wp-block-heading\"><span class=\"ez-toc-section\" id=\"Comment_eviter_les_pieges_et_fautes_culturelles_du_francais_en_entreprise\"><\/span>Comment \u00e9viter les pi\u00e8ges et fautes culturelles du fran\u00e7ais en entreprise ?<span class=\"ez-toc-section-end\"><\/span><\/h2>\n\n<p class=\"wp-block-paragraph\">\nAdopter un <strong>fran\u00e7ais professionnel naturel<\/strong>, ce n\u2019est pas juste enregistrer des listes de mots-cl\u00e9s, c\u2019est aussi cultiver une sensibilit\u00e9 aux subtilit\u00e9s culturelles. Certaines expressions ou formulations peuvent sembler anodines mais, en contexte d\u2019entreprise fran\u00e7aise, elles sont loin d\u2019\u00eatre neutres ! Par exemple, utiliser \u201c<i>tutoyer<\/i>\u201d un sup\u00e9rieur d\u00e8s le premier contact peut donner une impression de familiarit\u00e9 excessive. Ou bien, glisser un anglicisme comme \u201cbrainstorming\u201d \u00e0 la place de \u201cremue-m\u00e9ninges\u201d peut froisser les puristes attach\u00e9s \u00e0 la langue fran\u00e7aise. La gestion du temps, la ponctualit\u00e9 et m\u00eame la fa\u00e7on de prendre la parole \u2013 attendre que son tour vienne, ne pas interrompre \u2013 font partie de ces pratiques qu\u2019on apprend parfois sur le tas\u2026 ou en observant ses coll\u00e8gues.\n<\/p>\n\n<figure class=\"wp-block-table\"><table>\n<tr>\n<th>Erreur fr\u00e9quente<\/th>\n<th>Expression correcte<\/th>\n<th>Effet sur la conversation<\/th>\n<\/tr>\n<tr>\n<td>\u201cAvoir un meeting\u201d<\/td>\n<td>\u201cAvoir une r\u00e9union\u201d<\/td>\n<td>Plus professionnel, reconnu de tous<\/td>\n<\/tr>\n<tr>\n<td>\u201cDeadline\u201d<\/td>\n<td>\u201cDate limite\u201d<\/td>\n<td>\u00c9vite les incompr\u00e9hensions, reste formel<\/td>\n<\/tr>\n<tr>\n<td>\u201cFeedback\u201d<\/td>\n<td>\u201cRetour\u201d<\/td>\n<td>Clart\u00e9 : tout le monde comprend<\/td>\n<\/tr>\n<\/table><\/figure>\n\n<h2 class=\"wp-block-heading\"><span class=\"ez-toc-section\" id=\"Conclusion\"><\/span>Conclusion<span class=\"ez-toc-section-end\"><\/span><\/h2>\n        \n         \n        <figure class=\"wp-block-image size-full\">\n          <img decoding=\"async\" src=\"https:\/\/www.fle.re\/blog\/wp-content\/uploads\/2025\/12\/Conclusion-56.jpeg\" alt=\"Conclusion\">\n        <\/figure>\n        \n          \n\n<p class=\"wp-block-paragraph\">\nAdopter un <strong>vocabulaire professionnel adapt\u00e9<\/strong> en fran\u00e7ais fait r\u00e9ellement la diff\u00e9rence dans le quotidien de l\u2019entreprise. Utiliser des <strong>verbes pr\u00e9cis<\/strong> ou des <strong>expressions sp\u00e9cifiques<\/strong> permet non seulement d\u2019\u00eatre plus clair dans les \u00e9changes, mais aussi de mieux se faire comprendre lors des r\u00e9unions, des e-mails ou des pr\u00e9sentations. On sent tout de suite que la communication gagne en efficacit\u00e9.\n<\/p>\n\n<p class=\"wp-block-paragraph\">\nQuand on int\u00e8gre progressivement <strong>les codes linguistiques du travail<\/strong>, la prise de parole devient plus naturelle. Cela encourage aussi \u00e0 d\u00e9velopper son assurance \u00e0 l\u2019oral comme \u00e0 l\u2019\u00e9crit. N\u2019h\u00e9sitez pas \u00e0 pratiquer r\u00e9guli\u00e8rement : chaque situation professionnelle vous permettra de renforcer votre aisance et votre confiance dans la ma\u00eetrise du <strong>fran\u00e7ais professionnel<\/strong>. Finalement, tout le monde le remarque, le lexique enrichi finit par transformer la mani\u00e8re dont on est per\u00e7u.\n<\/p>\n\n<p class=\"wp-block-paragraph\"><section class=\"faq\">\n<div>\n<h2><span class=\"ez-toc-section\" id=\"Comment_enrichir_son_vocabulaire_utile_en_francais_professionnel\"><\/span>Comment enrichir son vocabulaire utile en fran\u00e7ais professionnel ?<span class=\"ez-toc-section-end\"><\/span><\/h2>\n<div>\n<p><strong>Enrichir son vocabulaire fran\u00e7ais professionnel<\/strong> passe par la pratique r\u00e9guli\u00e8re de diff\u00e9rentes situations de travail : r\u00e9unions, \u00e9changes informels, r\u00e9daction d\u2019e-mails et documents techniques. Il est conseill\u00e9 de tenir un carnet de mots nouveaux, de lire des articles sp\u00e9cialis\u00e9s et de s\u2019exercer \u00e0 reformuler des phrases courantes avec des synonymes pr\u00e9cis. Participer \u00e0 des ateliers linguistiques ou \u00e9changer avec des coll\u00e8gues natifs permet \u00e9galement d\u2019acqu\u00e9rir rapidement des termes et expressions adapt\u00e9s au contexte professionnel. Enfin, l\u2019analyse de documents authentiques (rapports, proc\u00e9dures, appels d\u2019offres) aide \u00e0 observer l&#8217;emploi des <strong>verbes et expressions sp\u00e9cifiques<\/strong> \u00e0 chaque secteur.<\/p>\n<\/div>\n<\/div>\n<div>\n<h2><span class=\"ez-toc-section\" id=\"Quels_sont_les_pieges_a_eviter_avec_le_vocabulaire_professionnel_utile\"><\/span>Quels sont les pi\u00e8ges \u00e0 \u00e9viter avec le vocabulaire professionnel utile ?<span class=\"ez-toc-section-end\"><\/span><\/h2>\n<div>\n<p>Le principal pi\u00e8ge du <strong>vocabulaire utile en fran\u00e7ais professionnel<\/strong> est d&rsquo;utiliser des anglicismes alors qu&rsquo;il existe des \u00e9quivalents fran\u00e7ais reconnus, notamment dans les secteurs formels. \u00c9vitez aussi les faux amis et ne surestimez pas la port\u00e9e d\u2019expressions informelles qui peuvent \u00eatre jug\u00e9es inadapt\u00e9es dans un contexte formel. Prendre soin d\u2019utiliser une formulation adapt\u00e9e au destinataire (hi\u00e9rarchie, coll\u00e8gues, clients) garantit une communication claire et respectueuse. Il convient aussi de ne pas g\u00e9n\u00e9raliser les termes techniques \u00e0 d\u2019autres domaines sans v\u00e9rifier leur pertinence.<\/p>\n<\/div>\n<\/div>\n<div>\n<h2><span class=\"ez-toc-section\" id=\"Quelles_ressources_utiliser_pour_ameliorer_son_francais_professionnel\"><\/span>Quelles ressources utiliser pour am\u00e9liorer son fran\u00e7ais professionnel ?<span class=\"ez-toc-section-end\"><\/span><\/h2>\n        \n         \n        <figure class=\"wp-block-image size-full\">\n          <img decoding=\"async\" src=\"https:\/\/www.fle.re\/blog\/wp-content\/uploads\/2025\/12\/Quelles-ressources-utiliser-pour-amliorer.jpeg\" alt=\"Quelles ressources utiliser pour am\u00e9liorer son fran\u00e7ais professionnel ?\">\n        <\/figure>\n        \n          \n         \n        <figure class=\"wp-block-image size-full\">\n          <img decoding=\"async\" src=\"https:\/\/www.fle.re\/blog\/wp-content\/uploads\/2025\/12\/Sources-16.jpeg\" alt=\"Sources\">\n        <\/figure>\n        \n          \n\n<ol class=\"wp-block-list\"><li>Minist\u00e8re du Travail, du Plein emploi et de l\u2019Insertion. \u00ab Le vocabulaire du monde du travail \u00bb. travail-emploi.gouv.fr, 2022-04-20. Consult\u00e9 le 2024-06-24. <a href=\"https:\/\/travail-emploi.gouv.fr\/ministere\/acteurs\/vocabulaire-du-mondu-travail\" rel=\"nofollow noopener noreferrer\" target=\"_blank\">Consulter<\/a><\/li><li>France \u00c9ducation international. \u00ab Fran\u00e7ais professionnel \u2013 Langue fran\u00e7aise et insertion professionnelle \u00bb. france-education-international.fr, 2023-07-12. Consult\u00e9 le 2024-06-24. <a href=\"https:\/\/www.france-education-international.fr\/article\/francais-professionnel-langue-francaise-et-insertion-professionnelle\" rel=\"nofollow noopener noreferrer\" target=\"_blank\">Consulter<\/a><\/li><li>Office qu\u00e9b\u00e9cois de la langue fran\u00e7aise. \u00ab Lexique du vocabulaire des affaires \u00bb. oqlf.gouv.qc.ca, 2022-11-02. Consult\u00e9 le 2024-06-24. <a href=\"https:\/\/www.oqlf.gouv.qc.ca\/ressources\/bibliotheque\/lexiques\/affaires\/index.html\" rel=\"nofollow noopener noreferrer\" target=\"_blank\">Consulter<\/a><\/li><\/ol>\n\n","protected":false},"excerpt":{"rendered":"<p>Ma\u00eetriser un vocabulaire fran\u00e7ais professionnel pr\u00e9cis est indispensable pour \u00e9voluer sereinement au sein d\u2019une entreprise francophone. Au bureau, le langage [&hellip;]<\/p>\n","protected":false},"author":2,"featured_media":646,"comment_status":"open","ping_status":"open","sticky":false,"template":"","format":"standard","meta":{"_crdt_document":"","site-sidebar-layout":"default","site-content-layout":"","ast-site-content-layout":"default","site-content-style":"default","site-sidebar-style":"default","ast-global-header-display":"","ast-banner-title-visibility":"","ast-main-header-display":"","ast-hfb-above-header-display":"","ast-hfb-below-header-display":"","ast-hfb-mobile-header-display":"","site-post-title":"","ast-breadcrumbs-content":"","ast-featured-img":"","footer-sml-layout":"","ast-disable-related-posts":"","theme-transparent-header-meta":"","adv-header-id-meta":"","stick-header-meta":"","header-above-stick-meta":"","header-main-stick-meta":"","header-below-stick-meta":"","astra-migrate-meta-layouts":"default","ast-page-background-enabled":"default","ast-page-background-meta":{"desktop":{"background-color":"var(--ast-global-color-5)","background-image":"","background-repeat":"repeat","background-position":"center center","background-size":"auto","background-attachment":"scroll","background-type":"","background-media":"","overlay-type":"","overlay-color":"","overlay-opacity":"","overlay-gradient":""},"tablet":{"background-color":"","background-image":"","background-repeat":"repeat","background-position":"center center","background-size":"auto","background-attachment":"scroll","background-type":"","background-media":"","overlay-type":"","overlay-color":"","overlay-opacity":"","overlay-gradient":""},"mobile":{"background-color":"","background-image":"","background-repeat":"repeat","background-position":"center center","background-size":"auto","background-attachment":"scroll","background-type":"","background-media":"","overlay-type":"","overlay-color":"","overlay-opacity":"","overlay-gradient":""}},"ast-content-background-meta":{"desktop":{"background-color":"var(--ast-global-color-4)","background-image":"","background-repeat":"repeat","background-position":"center center","background-size":"auto","background-attachment":"scroll","background-type":"","background-media":"","overlay-type":"","overlay-color":"","overlay-opacity":"","overlay-gradient":""},"tablet":{"background-color":"var(--ast-global-color-4)","background-image":"","background-repeat":"repeat","background-position":"center center","background-size":"auto","background-attachment":"scroll","background-type":"","background-media":"","overlay-type":"","overlay-color":"","overlay-opacity":"","overlay-gradient":""},"mobile":{"background-color":"var(--ast-global-color-4)","background-image":"","background-repeat":"repeat","background-position":"center center","background-size":"auto","background-attachment":"scroll","background-type":"","background-media":"","overlay-type":"","overlay-color":"","overlay-opacity":"","overlay-gradient":""}},"footnotes":""},"categories":[10],"tags":[201,255,279,177,193],"class_list":["post-283","post","type-post","status-publish","format-standard","has-post-thumbnail","hentry","category-apprendre-le-francais","tag-communication-professionnelle","tag-expression-orale","tag-francais-professionnel","tag-langue-francaise","tag-vocabulaire-professionnel"],"_links":{"self":[{"href":"https:\/\/www.fle.re\/blog\/wp-json\/wp\/v2\/posts\/283","targetHints":{"allow":["GET"]}}],"collection":[{"href":"https:\/\/www.fle.re\/blog\/wp-json\/wp\/v2\/posts"}],"about":[{"href":"https:\/\/www.fle.re\/blog\/wp-json\/wp\/v2\/types\/post"}],"author":[{"embeddable":true,"href":"https:\/\/www.fle.re\/blog\/wp-json\/wp\/v2\/users\/2"}],"replies":[{"embeddable":true,"href":"https:\/\/www.fle.re\/blog\/wp-json\/wp\/v2\/comments?post=283"}],"version-history":[{"count":3,"href":"https:\/\/www.fle.re\/blog\/wp-json\/wp\/v2\/posts\/283\/revisions"}],"predecessor-version":[{"id":2533,"href":"https:\/\/www.fle.re\/blog\/wp-json\/wp\/v2\/posts\/283\/revisions\/2533"}],"wp:featuredmedia":[{"embeddable":true,"href":"https:\/\/www.fle.re\/blog\/wp-json\/wp\/v2\/media\/646"}],"wp:attachment":[{"href":"https:\/\/www.fle.re\/blog\/wp-json\/wp\/v2\/media?parent=283"}],"wp:term":[{"taxonomy":"category","embeddable":true,"href":"https:\/\/www.fle.re\/blog\/wp-json\/wp\/v2\/categories?post=283"},{"taxonomy":"post_tag","embeddable":true,"href":"https:\/\/www.fle.re\/blog\/wp-json\/wp\/v2\/tags?post=283"}],"curies":[{"name":"wp","href":"https:\/\/api.w.org\/{rel}","templated":true}]}}