{"id":2889,"date":"2026-02-22T18:38:23","date_gmt":"2026-02-22T18:38:23","guid":{"rendered":"https:\/\/www.fle.re\/blog\/?p=2889"},"modified":"2026-02-22T18:38:24","modified_gmt":"2026-02-22T18:38:24","slug":"prononciation-francaise-conseils-pratiques-8","status":"publish","type":"post","link":"https:\/\/www.fle.re\/blog\/es\/prononciation-francaise-conseils-pratiques-8\/","title":{"rendered":"Prononciation fran\u00e7aise : conseils pratiques"},"content":{"rendered":"<p class=\"wp-block-paragraph\">La <strong>prononciation fran\u00e7aise<\/strong> demande de l\u2019entra\u00eenement cibl\u00e9. Ma\u00eetriser les <strong>sons nasaux<\/strong>, articuler le fameux <strong>\u201cr\u201d guttural<\/strong> ou comprendre les subtilit\u00e9s des <i>liaisons<\/i> font toute la diff\u00e9rence quand on veut <strong>se faire comprendre en fran\u00e7ais<\/strong>. Il ne s\u2019agit pas juste de r\u00e9p\u00e9ter des mots, mais de capter ce qui donne \u00e0 la langue sa saveur et sa musicalit\u00e9. Oui, ces petits d\u00e9tails font parfois transpirer\u2026 mais avoir un <strong>accent naturel<\/strong> et une <strong>articulation claire<\/strong> se construit pas \u00e0 pas.<\/p>\n\n<p class=\"wp-block-paragraph\">Sur fle.re, on croise chaque jour des apprenants qui veulent <strong>am\u00e9liorer leur accent<\/strong> ou r\u00e9duire certaines difficult\u00e9s propres \u00e0 leur langue maternelle. Certains sons vous semblent impossibles\u2009? Rassurez-vous, presque tout le monde passe par l\u00e0. Avec quelques astuces techniques et un zeste de pratique, la prononciation fran\u00e7aise devient nettement plus accessible. Et avouez-le, qui n\u2019a jamais eu peur de dire \u201crue rouge\u201d devant un natif\u2009?<\/p>\n\n<figure class=\"is-provider-youtube is-type-video wp-block-embed wp-block-embed-youtube wp-embed-aspect-16-9 wp-has-aspect-ratio\"><div class=\"wp-block-embed__wrapper\">\n<iframe loading=\"lazy\" title=\"3 conseils pour am\u00e9liorer votre prononciation\" width=\"500\" height=\"281\" src=\"https:\/\/www.youtube.com\/embed\/rf06FqI6trU?feature=oembed\" frameborder=\"0\" allow=\"accelerometer; autoplay; clipboard-write; encrypted-media; gyroscope; picture-in-picture; web-share\" referrerpolicy=\"strict-origin-when-cross-origin\" allowfullscreen><\/iframe>\n<\/div><\/figure>\n\n<div id=\"ez-toc-container\" class=\"ez-toc-v2_0_82_2 ez-toc-wrap-center counter-hierarchy ez-toc-counter ez-toc-transparent ez-toc-container-direction\">\n<div class=\"ez-toc-title-container\">\n<p class=\"ez-toc-title\" style=\"cursor:inherit\">Sommaire<\/p>\n<span class=\"ez-toc-title-toggle\"><a href=\"#\" class=\"ez-toc-pull-right ez-toc-btn ez-toc-btn-xs ez-toc-btn-default ez-toc-toggle\" aria-label=\"Toggle Table of Content\"><span class=\"ez-toc-js-icon-con\"><span class=\"\"><span class=\"eztoc-hide\" style=\"display:none;\">Toggle<\/span><span class=\"ez-toc-icon-toggle-span\"><svg style=\"fill: #999;color:#999\" xmlns=\"http:\/\/www.w3.org\/2000\/svg\" class=\"list-377408\" width=\"20px\" height=\"20px\" viewBox=\"0 0 24 24\" fill=\"none\"><path d=\"M6 6H4v2h2V6zm14 0H8v2h12V6zM4 11h2v2H4v-2zm16 0H8v2h12v-2zM4 16h2v2H4v-2zm16 0H8v2h12v-2z\" fill=\"currentColor\"><\/path><\/svg><svg style=\"fill: #999;color:#999\" class=\"arrow-unsorted-368013\" xmlns=\"http:\/\/www.w3.org\/2000\/svg\" width=\"10px\" height=\"10px\" viewBox=\"0 0 24 24\" version=\"1.2\" baseProfile=\"tiny\"><path d=\"M18.2 9.3l-6.2-6.3-6.2 6.3c-.2.2-.3.4-.3.7s.1.5.3.7c.2.2.4.3.7.3h11c.3 0 .5-.1.7-.3.2-.2.3-.5.3-.7s-.1-.5-.3-.7zM5.8 14.7l6.2 6.3 6.2-6.3c.2-.2.3-.5.3-.7s-.1-.5-.3-.7c-.2-.2-.4-.3-.7-.3h-11c-.3 0-.5.1-.7.3-.2.2-.3.5-.3.7s.1.5.3.7z\"\/><\/svg><\/span><\/span><\/span><\/a><\/span><\/div>\n<nav><ul class='ez-toc-list ez-toc-list-level-1 eztoc-toggle-hide-by-default' ><li class='ez-toc-page-1 ez-toc-heading-level-2'><a class=\"ez-toc-link ez-toc-heading-1\" href=\"https:\/\/www.fle.re\/blog\/es\/prononciation-francaise-conseils-pratiques-8\/#Comment_bien_prononcer_les_sons_specifiques_du_francais\" >Comment bien prononcer les sons sp\u00e9cifiques du fran\u00e7ais ?<\/a><\/li><li class='ez-toc-page-1 ez-toc-heading-level-2'><a class=\"ez-toc-link ez-toc-heading-2\" href=\"https:\/\/www.fle.re\/blog\/es\/prononciation-francaise-conseils-pratiques-8\/#Quelles_methodes_utiliser_pour_ameliorer_rapidement_son_accent_francais\" >Quelles m\u00e9thodes utiliser pour am\u00e9liorer rapidement son accent fran\u00e7ais ?<\/a><\/li><li class='ez-toc-page-1 ez-toc-heading-level-2'><a class=\"ez-toc-link ez-toc-heading-3\" href=\"https:\/\/www.fle.re\/blog\/es\/prononciation-francaise-conseils-pratiques-8\/#Pourquoi_les_liaisons_et_elisions_compliquent_la_prononciation\" >Pourquoi les liaisons et \u00e9lisions compliquent la prononciation ?<\/a><\/li><li class='ez-toc-page-1 ez-toc-heading-level-2'><a class=\"ez-toc-link ez-toc-heading-4\" href=\"https:\/\/www.fle.re\/blog\/es\/prononciation-francaise-conseils-pratiques-8\/#Comment_articuler_et_placer_sa_langue_pour_mieux_etre_compris\" >Comment articuler et placer sa langue pour mieux \u00eatre compris ?<\/a><\/li><li class='ez-toc-page-1 ez-toc-heading-level-2'><a class=\"ez-toc-link ez-toc-heading-5\" href=\"https:\/\/www.fle.re\/blog\/es\/prononciation-francaise-conseils-pratiques-8\/#Faut-il_absolument_gommer_son_accent_dorigine_en_francais\" >Faut-il absolument gommer son accent d\u2019origine en fran\u00e7ais ?<\/a><\/li><li class='ez-toc-page-1 ez-toc-heading-level-2'><a class=\"ez-toc-link ez-toc-heading-6\" href=\"https:\/\/www.fle.re\/blog\/es\/prononciation-francaise-conseils-pratiques-8\/#Conclusion\" >Conclusion<\/a><\/li><li class='ez-toc-page-1 ez-toc-heading-level-2'><a class=\"ez-toc-link ez-toc-heading-7\" href=\"https:\/\/www.fle.re\/blog\/es\/prononciation-francaise-conseils-pratiques-8\/#Comment_progresser_sur_les_sons_nasaux_en_francais\" >Comment progresser sur les sons nasaux en fran\u00e7ais ?<\/a><\/li><li class='ez-toc-page-1 ez-toc-heading-level-2'><a class=\"ez-toc-link ez-toc-heading-8\" href=\"https:\/\/www.fle.re\/blog\/es\/prononciation-francaise-conseils-pratiques-8\/#Faut-il_imiter_les_natifs_pour_ameliorer_sa_prononciation\" >Faut-il imiter les natifs pour am\u00e9liorer sa prononciation ?<\/a><\/li><li class='ez-toc-page-1 ez-toc-heading-level-2'><a class=\"ez-toc-link ez-toc-heading-9\" href=\"https:\/\/www.fle.re\/blog\/es\/prononciation-francaise-conseils-pratiques-8\/#La_methode_verbo-tonale_est-elle_adaptee_a_tous_niveaux\" >La m\u00e9thode verbo-tonale est-elle adapt\u00e9e \u00e0 tous niveaux ?<\/a><\/li><\/ul><\/nav><\/div>\n<h2 class=\"wp-block-heading\"><span class=\"ez-toc-section\" id=\"Comment_bien_prononcer_les_sons_specifiques_du_francais\"><\/span>Comment bien prononcer les sons sp\u00e9cifiques du fran\u00e7ais ?<span class=\"ez-toc-section-end\"><\/span><\/h2>\n\n<p class=\"wp-block-paragraph\">\nLa <strong>prononciation fran\u00e7aise<\/strong> peut d\u00e9router lorsqu\u2019on d\u00e9bute ou qu\u2019on a l\u2019habitude d\u2019entendre d&rsquo;autres langues au quotidien. Les fameux <strong>sons nasaux<\/strong>, par exemple, sont souvent un vrai casse-t\u00eate pour beaucoup d\u2019apprenants. Pour produire le son <i>an\/en<\/i> (\u00ab pain \u00bb, \u00ab vent \u00bb), imaginez que l\u2019air ne sort pas seulement par la bouche, mais traverse aussi le nez. D\u2019un point de vue corporel, ce n\u2019est pas si naturel quand on parle une langue qui ne fait pas appel \u00e0 ce type de sonorit\u00e9s, alors entra\u00eenez-vous r\u00e9guli\u00e8rement sur des mots comme \u00ab blanc \u00bb, \u00ab matin \u00bb ou \u00ab enfant \u00bb.\n<\/p>\n\n<p class=\"wp-block-paragraph\">\nLe c\u00e9l\u00e8bre <strong>\u00ab R \u00bb guttural<\/strong> est parfois la b\u00eate noire de ceux qui apprennent le fran\u00e7ais et il suscite souvent des sourires en classe. Ce <strong>\u00ab R \u00bb fran\u00e7ais<\/strong>, prononc\u00e9 bien au fond de la gorge, demande d\u2019effectuer un son qui pourrait rappeler le bruit d\u2019un l\u00e9ger raclement ou d\u2019un gargouillement timide, mais sans forcer ni faire de grimace. Pour progresser, entra\u00eenez-vous sur \u00ab rue \u00bb, \u00ab rare \u00bb, ou \u00ab rouge \u00bb, en tentant de rester d\u00e9tendu.\n<\/p>\n\n<p class=\"wp-block-paragraph\">\nPour voir vos progr\u00e8s, n\u2019h\u00e9sitez pas \u00e0 vous enregistrer avec votre t\u00e9l\u00e9phone. En jouant vos propres enregistrements, vous entendrez vite ce qui sonne juste ou moins naturel. C\u2019est le genre de petit truc maison qu\u2019on conseille souvent aux apprenants de <a href=\"https:\/\/www.fle.re\/blog\/cours-francais-en-ligne-a1\/\" target=\"_blank\">cours de fran\u00e7ais en ligne<\/a>, parce que c\u2019est facile et diablement efficace pour progresser sur les <strong>sons typiquement fran\u00e7ais<\/strong>.\n<\/p>\n\n<h2 class=\"wp-block-heading\"><span class=\"ez-toc-section\" id=\"Quelles_methodes_utiliser_pour_ameliorer_rapidement_son_accent_francais\"><\/span>Quelles m\u00e9thodes utiliser pour am\u00e9liorer rapidement son accent fran\u00e7ais ?<span class=\"ez-toc-section-end\"><\/span><\/h2>\n\n<p class=\"wp-block-paragraph\">\nAm\u00e9liorer sa prononciation en fran\u00e7ais, \u00e7a ne passe pas uniquement par la r\u00e9p\u00e9tition. Bien au contraire, certaines m\u00e9thodes rendent la t\u00e2che bien plus vivante et dynamique. Par exemple, l\u2019\u00e9coute active reste la base : se mettre en immersion r\u00e9guli\u00e8re dans des <strong>podcasts fran\u00e7ais<\/strong>, des vid\u00e9os ou des dialogues authentiques permet de s\u2019habituer naturellement aux <strong>rythmes et intonations<\/strong>. \u00c9couter, c\u2019est d\u00e9j\u00e0 s\u2019impr\u00e9gner sans m\u00eame s\u2019en rendre compte du <i>rythme propre au fran\u00e7ais<\/i>.\n<\/p>\n\n<p class=\"wp-block-paragraph\">\nLa technique du \u00ab shadowing \u00bb m\u00e9rite aussi le d\u00e9tour. Elle consiste \u00e0 r\u00e9p\u00e9ter \u00e0 voix haute, imm\u00e9diatement apr\u00e8s avoir entendu une phrase. Cela peut surprendre ou sembler \u00e9trange au d\u00e9but, surtout seul \u00e0 la maison face \u00e0 son \u00e9cran, mais cet exercice am\u00e9liore la fluidit\u00e9 et connecte la perception auditive \u00e0 l\u2019action de parler. Pour certains, combiner cette technique avec le support \u00e9crit aide \u00e0 m\u00e9moriser la forme orthographique et la prononciation correcte, ce qui booste la confiance lors des conversations r\u00e9elles.\n<\/p>\n\n<ul class=\"wp-block-list\"><li><strong>Shadowing :<\/strong> R\u00e9p\u00e9tez \u00e0 voix haute apr\u00e8s un locuteur natif.<\/li><li><strong>\u00c9coute r\u00e9guli\u00e8re :<\/strong> Multipliez les situations d\u2019\u00e9coute active (podcasts, films, s\u00e9ries).<\/li><li><strong>Observation des mouvements de bouche :<\/strong> Regardez les vid\u00e9os \u00e9ducatives pour rep\u00e9rer la position des l\u00e8vres et de la langue.<\/li><li><strong>Enregistrement :<\/strong> R\u00e9\u00e9coutez-vous pour identifier vos axes de progr\u00e8s.<\/li><li><strong>Correction en temps r\u00e9el :<\/strong> Demandez un retour \u00e0 un professeur ou \u00e0 un partenaire linguistique.<\/li><\/ul>\n\n<h2 class=\"wp-block-heading\"><span class=\"ez-toc-section\" id=\"Pourquoi_les_liaisons_et_elisions_compliquent_la_prononciation\"><\/span>Pourquoi les liaisons et \u00e9lisions compliquent la prononciation ?<span class=\"ez-toc-section-end\"><\/span><\/h2>\n        \n         \n        <figure class=\"wp-block-image size-full\">\n          <img decoding=\"async\" src=\"https:\/\/www.fle.re\/blog\/wp-content\/uploads\/2025\/12\/Pourquoi-les-liaisons-et-lisions.jpeg\" alt=\"Pourquoi les liaisons et \u00e9lisions compliquent la prononciation ?\">\n        <\/figure>\n        \n          \n\n<p class=\"wp-block-paragraph\">\nLes fameuses <strong>liaisons<\/strong> et <strong>\u00e9lisions<\/strong> fran\u00e7aises font partie du charme de la langue, mais elles d\u00e9stabilisent les apprenants d\u00e8s qu\u2019il s\u2019agit de parler vite. On se retrouve parfois \u00e0 h\u00e9siter : faut-il dire \u00ab les amis \u00bb ou \u00ab l\u00e9-z-amis \u00bb ? Eh oui, en fran\u00e7ais, certains mots s\u2019encha\u00eenent automatiquement gr\u00e2ce \u00e0 ces r\u00e8gles. Ce n\u2019est pas si \u00e9vident \u00e0 l\u2019oreille, surtout pour ceux qui sont habitu\u00e9s \u00e0 des langues o\u00f9 chaque mot est isol\u00e9.\n<\/p>\n\n<p class=\"wp-block-paragraph\">\nLes liaisons consistent \u00e0 faire \u00ab coller \u00bb certaines consonnes finales \u00e0 la voyelle qui suit, rendant la parole plus fluide. Par exemple, dans \u00ab un grand homme \u00bb, le \u00ab d \u00bb final de \u00ab grand \u00bb se prononce comme un \u00ab t \u00bb, ce qui donne \u00ab gran-tomme \u00bb. L\u2019\u00e9lision, quant \u00e0 elle, c\u2019est quand une voyelle finale tombe pour \u00e9viter le \u00ab hiatus \u00bb dans la phrases : on ne dira pas \u00ab le ami \u00bb mais \u00ab l\u2019ami \u00bb. Travailler ce genre de subtilit\u00e9s demande des exercices r\u00e9p\u00e9t\u00e9s, mais, \u00e0 force, on se surprend \u00e0 faire ces encha\u00eenements automatiquement et \u00e0 gagner en naturel lors des \u00e9changes.\n<\/p>\n\n<h2 class=\"wp-block-heading\"><span class=\"ez-toc-section\" id=\"Comment_articuler_et_placer_sa_langue_pour_mieux_etre_compris\"><\/span>Comment articuler et placer sa langue pour mieux \u00eatre compris ?<span class=\"ez-toc-section-end\"><\/span><\/h2>\n\n<p class=\"wp-block-paragraph\">\nLe placement des l\u00e8vres, la position de la langue, l\u2019ouverture de la bouche et la gestion du souffle : tout cela entre en jeu pour rendre la <strong>prononciation claire<\/strong>. Un exercice que je conseille souvent consiste \u00e0 parler devant un miroir, afin d\u2019observer si la bouche se positionne correctement comme le font les francophones natifs. On constate alors qu\u2019une voyelle comme *u* (\u00ab lune \u00bb) demande de bien arrondir les l\u00e8vres, alors que *ou* (\u00ab fou \u00bb) demande l\u2019avant de la bouche bien pouss\u00e9.\n<\/p>\n\n<p class=\"wp-block-paragraph\">\nUtiliser un objet (par exemple un crayon) pour s\u2019entra\u00eener \u00e0 articuler peut sembler scolaire, mais cet outil tout simple renforce l\u2019ensemble de l\u2019appareil articulatoire. Les exercices d\u2019exag\u00e9ration, o\u00f9 l\u2019on accentue volontairement chaque syllabe, aident \u00e0 *prendre conscience des micro-mouvements*. Ce sont des astuces simples, mais franchement, faites l\u2019essai devant un miroir pendant quelques minutes chaque jour, l\u2019am\u00e9lioration est r\u00e9elle.\n<\/p>\n\n<h2 class=\"wp-block-heading\"><span class=\"ez-toc-section\" id=\"Faut-il_absolument_gommer_son_accent_dorigine_en_francais\"><\/span>Faut-il absolument gommer son accent d\u2019origine en fran\u00e7ais ?<span class=\"ez-toc-section-end\"><\/span><\/h2>\n\n<p class=\"wp-block-paragraph\">\nBeaucoup de gens se demandent s\u2019il faut effacer compl\u00e8tement leur *accent \u00e9tranger* pour parler le fran\u00e7ais. En r\u00e9alit\u00e9, avoir une trace d\u2019accent peut tout \u00e0 fait s\u2019av\u00e9rer *charmant* dans de nombreux contextes ! Ce qui compte, c\u2019est d\u2019\u00eatre compris avec clart\u00e9 et sans g\u00eaner l\u2019\u00e9change. Garder son accent, ce n\u2019est pas un handicap ; \u00e7a refl\u00e8te une identit\u00e9 et un parcours linguistique.\n<\/p>\n\n<figure class=\"wp-block-table\"><table>\n<tr>\n<th>Mythe<\/th>\n<th>R\u00e9alit\u00e9<\/th>\n<th>Conseil<\/th>\n<\/tr>\n<tr>\n<td>Un accent emp\u00eache d\u2019\u00eatre compris<\/td>\n<td>L\u2019articulation compte bien plus que l\u2019origine de l\u2019accent<\/td>\n<td>Misez sur la clart\u00e9, pas sur la perfection<\/td>\n<\/tr>\n<tr>\n<td>L\u2019accent est source de moqueries<\/td>\n<td>Le plus souvent, il suscite curiosit\u00e9 et respect<\/td>\n<td>Soyez \u00e0 l\u2019aise : parlez avec assurance<\/td>\n<\/tr>\n<tr>\n<td>On ne peut pas progresser apr\u00e8s l\u2019enfance<\/td>\n<td>Tout adulte peut am\u00e9liorer son accent avec du travail<\/td>\n<td>Pratiquez r\u00e9guli\u00e8rement des exercices cibl\u00e9s<\/td>\n<\/tr>\n<\/table><\/figure>\n\n<h2 class=\"wp-block-heading\"><span class=\"ez-toc-section\" id=\"Conclusion\"><\/span>Conclusion<span class=\"ez-toc-section-end\"><\/span><\/h2>\n        \n         \n        <figure class=\"wp-block-image size-full\">\n          <img decoding=\"async\" src=\"https:\/\/www.fle.re\/blog\/wp-content\/uploads\/2025\/12\/Conclusion-75.jpeg\" alt=\"Conclusion\">\n        <\/figure>\n        \n          \n\n<p class=\"wp-block-paragraph\">\nTravailler sur sa <strong>prononciation en fran\u00e7ais<\/strong> peut transformer sa mani\u00e8re de communiquer et faciliter les \u00e9changes quotidiens. Les exercices sur les <strong>sons nasaux<\/strong>, le fameux \u00ab R \u00bb ou encore l\u2019attention \u00e0 la <strong>liaison et \u00e0 l\u2019\u00e9lision<\/strong> apportent bien plus qu\u2019un simple accent\u2009: ils aident \u00e0 mieux se faire comprendre et \u00e0 d\u00e9velopper une vraie aisance \u00e0 l\u2019oral.\n<\/p>\n\n<p class=\"wp-block-paragraph\">\nUtiliser des techniques comme le <strong>shadowing<\/strong>, faire attention au rythme de la langue ou encore s\u2019entra\u00eener \u00e0 articuler devant un miroir favorisent une progression tangible, m\u00eame pour ceux qui doutent d\u2019eux-m\u00eames. Et on ne va pas se mentir, accepter son <strong>accent \u00e9tranger<\/strong> permet aussi d\u2019oser parler sans blocage, tout simplement.\n<\/p>\n\n<p class=\"wp-block-paragraph\">\nEn variant les m\u00e9thodes, en pratiquant de fa\u00e7on r\u00e9guli\u00e8re, chacun peut faire \u00e9voluer sa <strong>prononciation fran\u00e7aise<\/strong> et gagner en confiance. L\u2019essentiel reste surtout de ne jamais perdre le plaisir de s\u2019exprimer \u2014 m\u00eame si tout n\u2019est pas parfait d\u00e8s la premi\u00e8re tentative.\n<\/p>\n\n<p class=\"wp-block-paragraph\"><section class=\"faq\">\n<div>\n<h2><span class=\"ez-toc-section\" id=\"Comment_progresser_sur_les_sons_nasaux_en_francais\"><\/span>Comment progresser sur les sons nasaux en fran\u00e7ais ?<span class=\"ez-toc-section-end\"><\/span><\/h2>\n<div>\n<p>\n        Les <strong>sons nasaux<\/strong> posent souvent probl\u00e8me \u00e0 l\u2019oral. Pour progresser, entra\u00eenez-vous avec des mots et phrases contenant les voyelles nasales comme \u00ab an \u00bb, \u00ab on \u00bb, \u00ab in \u00bb. Utilisez un miroir pour observer le mouvement de votre bouche, et placez une main pr\u00e8s du nez pour sentir l\u2019air : quand l\u2019air sort par le nez, le son est nasal. R\u00e9p\u00e9tez lentement des phrases comme \u00ab Un bon vin blanc \u00bb ou \u00ab Le pain est dans le bain \u00bb. Enregistrez-vous pour comparer \u00e0 la prononciation de locuteurs natifs. Il est \u00e9galement utile d\u2019\u00e9couter attentivement des podcasts ou des vid\u00e9os en fran\u00e7ais, en faisant du <strong>shadowing<\/strong> pour ajuster progressivement votre production des nasales. Enfin, travaillez en contexte : pratiquer les sons dans des phrases compl\u00e8tes aide \u00e0 automatiser le bon geste phon\u00e9tique rapidement.\n<\/p>\n<\/div>\n<\/div>\n<div>\n<h2><span class=\"ez-toc-section\" id=\"Faut-il_imiter_les_natifs_pour_ameliorer_sa_prononciation\"><\/span>Faut-il imiter les natifs pour am\u00e9liorer sa prononciation ?<span class=\"ez-toc-section-end\"><\/span><\/h2>\n<div>\n<p>\n        Oui, l\u2019imitation est efficace pour progresser sur la <strong>prononciation fran\u00e7aise<\/strong>. En r\u00e9p\u00e9tant directement apr\u00e8s des mod\u00e8les natifs (le \u00ab shadowing \u00bb), vous absorbez leur rythme, intonation et articulation. Commencez par passer de courts extraits audio, r\u00e9p\u00e9tez plusieurs fois, puis augmentez la longueur des phrases. Accompagnez l\u2019\u00e9coute d\u2019une observation visuelle si possible (regardez les l\u00e8vres, la bouche et la m\u00e2choire). Associez cet exercice \u00e0 la lecture de la transcription pour lier l\u2019oral \u00e0 l\u2019\u00e9crit. N\u00e9anmoins, gardez en t\u00eate que le but n\u2019est pas de se d\u00e9barrasser totalement de son accent, mais de se rendre compr\u00e9hensible : certains \u00e9l\u00e9ments de votre accent d\u2019origine peuvent persister et cela n\u2019emp\u00eache pas une communication fluide. Privil\u00e9giez toujours une prononciation claire \u00e0 une imitation exag\u00e9r\u00e9e.\n<\/p>\n<\/div>\n<\/div>\n<div>\n<h2><span class=\"ez-toc-section\" id=\"La_methode_verbo-tonale_est-elle_adaptee_a_tous_niveaux\"><\/span>La m\u00e9thode verbo-tonale est-elle adapt\u00e9e \u00e0 tous niveaux ?<span class=\"ez-toc-section-end\"><\/span><\/h2>\n        \n         \n        <figure class=\"wp-block-image size-full\">\n          <img decoding=\"async\" src=\"https:\/\/www.fle.re\/blog\/wp-content\/uploads\/2025\/12\/La-mthode-verbo-tonale-est-elle-adapte.jpeg\" alt=\"La m\u00e9thode verbo-tonale est-elle adapt\u00e9e \u00e0 tous niveaux ?\">\n        <\/figure>\n        \n          \n         \n        <figure class=\"wp-block-image size-full\">\n          <img decoding=\"async\" src=\"https:\/\/www.fle.re\/blog\/wp-content\/uploads\/2025\/12\/Sources-25.jpeg\" alt=\"Sources\">\n        <\/figure>\n        \n          \n\n<ol class=\"wp-block-list\"><li>Universit\u00e9 de Lausanne. \u00ab Le shadowing, une technique efficace pour travailler la prononciation \u00bb. Ressources FLE \u2013 UNIL, 2023-04-05. Consult\u00e9 le 2024-06-14. <a href=\"https:\/\/www.unil.ch\/ressources-fle\/home\/menuinst\/outils-dapprentissage\/fiches-pedagogiques-adultes\/shadowing-technique-efficace.html\" rel=\"nofollow noopener noreferrer\" target=\"_blank\">Consulter<\/a><\/li><li>Universit\u00e9 de Lorraine. \u00ab Enseigner la prononciation en FLE : m\u00e9thodes et perspectives \u00bb. Revue Alsic, 2019-01-15. Consult\u00e9 le 2024-06-14. <a href=\"https:\/\/journals.openedition.org\/alsic\/3457\" rel=\"nofollow noopener noreferrer\" target=\"_blank\">Consulter<\/a><\/li><li>Berthommier, Fr\u00e9d\u00e9ric. \u00ab La m\u00e9thode verbo-tonale d\u2019int\u00e9gration phon\u00e9tique du fran\u00e7ais : principes et r\u00e9sultats \u00bb. Universit\u00e9 de Lyon, 2015-11-24. Consult\u00e9 le 2024-06-14. <a href=\"https:\/\/hal.science\/hal-01235942\" rel=\"nofollow noopener noreferrer\" target=\"_blank\">Consulter<\/a><\/li><li>CIEP France \u00c9ducation international. \u00ab Am\u00e9liorer la prononciation en fran\u00e7ais langue \u00e9trang\u00e8re \u00bb. France \u00c9ducation international, s.d. Consult\u00e9 le 2024-06-14. <a href=\"https:\/\/www.france-education-international.fr\/ressources\/fle-prononciation\" rel=\"nofollow noopener noreferrer\" target=\"_blank\">Consulter<\/a><\/li><\/ol>\n\n<\/div><\/section><\/p>\n","protected":false},"excerpt":{"rendered":"<p>La prononciation fran\u00e7aise demande de l\u2019entra\u00eenement cibl\u00e9. Ma\u00eetriser les sons nasaux, articuler le fameux \u201cr\u201d guttural ou comprendre les subtilit\u00e9s [&hellip;]<\/p>\n","protected":false},"author":2,"featured_media":765,"comment_status":"open","ping_status":"open","sticky":false,"template":"","format":"standard","meta":{"_crdt_document":"","site-sidebar-layout":"default","site-content-layout":"","ast-site-content-layout":"default","site-content-style":"default","site-sidebar-style":"default","ast-global-header-display":"","ast-banner-title-visibility":"","ast-main-header-display":"","ast-hfb-above-header-display":"","ast-hfb-below-header-display":"","ast-hfb-mobile-header-display":"","site-post-title":"","ast-breadcrumbs-content":"","ast-featured-img":"","footer-sml-layout":"","ast-disable-related-posts":"","theme-transparent-header-meta":"","adv-header-id-meta":"","stick-header-meta":"","header-above-stick-meta":"","header-main-stick-meta":"","header-below-stick-meta":"","astra-migrate-meta-layouts":"default","ast-page-background-enabled":"default","ast-page-background-meta":{"desktop":{"background-color":"var(--ast-global-color-5)","background-image":"","background-repeat":"repeat","background-position":"center center","background-size":"auto","background-attachment":"scroll","background-type":"","background-media":"","overlay-type":"","overlay-color":"","overlay-opacity":"","overlay-gradient":""},"tablet":{"background-color":"","background-image":"","background-repeat":"repeat","background-position":"center center","background-size":"auto","background-attachment":"scroll","background-type":"","background-media":"","overlay-type":"","overlay-color":"","overlay-opacity":"","overlay-gradient":""},"mobile":{"background-color":"","background-image":"","background-repeat":"repeat","background-position":"center center","background-size":"auto","background-attachment":"scroll","background-type":"","background-media":"","overlay-type":"","overlay-color":"","overlay-opacity":"","overlay-gradient":""}},"ast-content-background-meta":{"desktop":{"background-color":"var(--ast-global-color-4)","background-image":"","background-repeat":"repeat","background-position":"center center","background-size":"auto","background-attachment":"scroll","background-type":"","background-media":"","overlay-type":"","overlay-color":"","overlay-opacity":"","overlay-gradient":""},"tablet":{"background-color":"var(--ast-global-color-4)","background-image":"","background-repeat":"repeat","background-position":"center center","background-size":"auto","background-attachment":"scroll","background-type":"","background-media":"","overlay-type":"","overlay-color":"","overlay-opacity":"","overlay-gradient":""},"mobile":{"background-color":"var(--ast-global-color-4)","background-image":"","background-repeat":"repeat","background-position":"center center","background-size":"auto","background-attachment":"scroll","background-type":"","background-media":"","overlay-type":"","overlay-color":"","overlay-opacity":"","overlay-gradient":""}},"footnotes":""},"categories":[718],"tags":[7937,7940,1751,6845,3067],"class_list":["post-2889","post","type-post","status-publish","format-standard","has-post-thumbnail","hentry","category-non-classe-es","tag-apprendre-a-prononcer-es","tag-conseils-pratiques-es","tag-frances-facil-es","tag-mejora-tu-pronunciacion-es","tag-pronunciacion-francesa-es"],"_links":{"self":[{"href":"https:\/\/www.fle.re\/blog\/wp-json\/wp\/v2\/posts\/2889","targetHints":{"allow":["GET"]}}],"collection":[{"href":"https:\/\/www.fle.re\/blog\/wp-json\/wp\/v2\/posts"}],"about":[{"href":"https:\/\/www.fle.re\/blog\/wp-json\/wp\/v2\/types\/post"}],"author":[{"embeddable":true,"href":"https:\/\/www.fle.re\/blog\/wp-json\/wp\/v2\/users\/2"}],"replies":[{"embeddable":true,"href":"https:\/\/www.fle.re\/blog\/wp-json\/wp\/v2\/comments?post=2889"}],"version-history":[{"count":1,"href":"https:\/\/www.fle.re\/blog\/wp-json\/wp\/v2\/posts\/2889\/revisions"}],"predecessor-version":[{"id":2890,"href":"https:\/\/www.fle.re\/blog\/wp-json\/wp\/v2\/posts\/2889\/revisions\/2890"}],"wp:featuredmedia":[{"embeddable":true,"href":"https:\/\/www.fle.re\/blog\/wp-json\/wp\/v2\/media\/765"}],"wp:attachment":[{"href":"https:\/\/www.fle.re\/blog\/wp-json\/wp\/v2\/media?parent=2889"}],"wp:term":[{"taxonomy":"category","embeddable":true,"href":"https:\/\/www.fle.re\/blog\/wp-json\/wp\/v2\/categories?post=2889"},{"taxonomy":"post_tag","embeddable":true,"href":"https:\/\/www.fle.re\/blog\/wp-json\/wp\/v2\/tags?post=2889"}],"curies":[{"name":"wp","href":"https:\/\/api.w.org\/{rel}","templated":true}]}}