{"id":2904,"date":"2026-02-23T18:15:27","date_gmt":"2026-02-23T18:15:27","guid":{"rendered":"https:\/\/www.fle.re\/blog\/?p=2904"},"modified":"2026-02-23T18:15:28","modified_gmt":"2026-02-23T18:15:28","slug":"conjuguer-au-present-pour-debutants-7","status":"publish","type":"post","link":"https:\/\/www.fle.re\/blog\/hi\/conjuguer-au-present-pour-debutants-7\/","title":{"rendered":"Conjuguer au pr\u00e9sent pour d\u00e9butants"},"content":{"rendered":"<p class=\"wp-block-paragraph\">\nApprendre \u00e0 <strong>conjuguer au pr\u00e9sent<\/strong>, c\u2019est la premi\u00e8re \u00e9tape pour parler et comprendre le <i>fran\u00e7ais du quotidien<\/i>. D\u00e8s les premiers cours, on d\u00e9couvre que ce temps est utilis\u00e9 dans la plupart des conversations. Imaginez un instant : vous souhaitez dire ce que vous faites, ce que vous aimez ou bien expliquer votre routine. Sans la ma\u00eetrise du pr\u00e9sent, ces \u00e9changes resteraient bloqu\u00e9s. Sur la plateforme fle.re, vous trouverez des <strong>explications simples<\/strong> et des exemples concrets pour vous guider.\n<\/p>\n\n<p class=\"wp-block-paragraph\">\nAu d\u00e9but, la conjugaison peut sembler difficile, mais avec la bonne m\u00e9thode, tout devient plus clair. Une astuce : pratiquer avec des phrases courtes et des situations de la vie de tous les jours. Vous verrez, on se trompe, on corrige, et puis, \u00e0 force, la logique s\u2019installe. Les verbes du <strong>premier groupe<\/strong> en -er, les verbes en -ir ou les <i>verbes irr\u00e9guliers<\/i>, tout finit par s\u2019assembler. C\u2019est la cl\u00e9 pour progresser sereinement et oser prendre la parole. Allez, on s\u2019y met ensemble !\n<\/p>\n\n<figure class=\"is-provider-youtube is-type-video wp-block-embed wp-block-embed-youtube wp-embed-aspect-16-9 wp-has-aspect-ratio\"><div class=\"wp-block-embed__wrapper\">\n<iframe loading=\"lazy\" title=\"La conjugaison des verbes \u00eatre et avoir CE1 - CE2 - Cycle 2 - Fran\u00e7ais\" width=\"500\" height=\"281\" src=\"https:\/\/www.youtube.com\/embed\/Ca2zBTr3caw?feature=oembed\" frameborder=\"0\" allow=\"accelerometer; autoplay; clipboard-write; encrypted-media; gyroscope; picture-in-picture; web-share\" referrerpolicy=\"strict-origin-when-cross-origin\" allowfullscreen><\/iframe>\n<\/div><\/figure>\n\n<div id=\"ez-toc-container\" class=\"ez-toc-v2_0_82_2 ez-toc-wrap-center counter-hierarchy ez-toc-counter ez-toc-transparent ez-toc-container-direction\">\n<div class=\"ez-toc-title-container\">\n<p class=\"ez-toc-title\" style=\"cursor:inherit\">Sommaire<\/p>\n<span class=\"ez-toc-title-toggle\"><a href=\"#\" class=\"ez-toc-pull-right ez-toc-btn ez-toc-btn-xs ez-toc-btn-default ez-toc-toggle\" aria-label=\"Toggle Table of Content\"><span class=\"ez-toc-js-icon-con\"><span class=\"\"><span class=\"eztoc-hide\" style=\"display:none;\">Toggle<\/span><span class=\"ez-toc-icon-toggle-span\"><svg style=\"fill: #999;color:#999\" xmlns=\"http:\/\/www.w3.org\/2000\/svg\" class=\"list-377408\" width=\"20px\" height=\"20px\" viewBox=\"0 0 24 24\" fill=\"none\"><path d=\"M6 6H4v2h2V6zm14 0H8v2h12V6zM4 11h2v2H4v-2zm16 0H8v2h12v-2zM4 16h2v2H4v-2zm16 0H8v2h12v-2z\" fill=\"currentColor\"><\/path><\/svg><svg style=\"fill: #999;color:#999\" class=\"arrow-unsorted-368013\" xmlns=\"http:\/\/www.w3.org\/2000\/svg\" width=\"10px\" height=\"10px\" viewBox=\"0 0 24 24\" version=\"1.2\" baseProfile=\"tiny\"><path d=\"M18.2 9.3l-6.2-6.3-6.2 6.3c-.2.2-.3.4-.3.7s.1.5.3.7c.2.2.4.3.7.3h11c.3 0 .5-.1.7-.3.2-.2.3-.5.3-.7s-.1-.5-.3-.7zM5.8 14.7l6.2 6.3 6.2-6.3c.2-.2.3-.5.3-.7s-.1-.5-.3-.7c-.2-.2-.4-.3-.7-.3h-11c-.3 0-.5.1-.7.3-.2.2-.3.5-.3.7s.1.5.3.7z\"\/><\/svg><\/span><\/span><\/span><\/a><\/span><\/div>\n<nav><ul class='ez-toc-list ez-toc-list-level-1 eztoc-toggle-hide-by-default' ><li class='ez-toc-page-1 ez-toc-heading-level-2'><a class=\"ez-toc-link ez-toc-heading-1\" href=\"https:\/\/www.fle.re\/blog\/hi\/conjuguer-au-present-pour-debutants-7\/#Comment_savoir_quand_utiliser_le_present_en_francais\" >Comment savoir quand utiliser le pr\u00e9sent en fran\u00e7ais ?<\/a><\/li><li class='ez-toc-page-1 ez-toc-heading-level-2'><a class=\"ez-toc-link ez-toc-heading-2\" href=\"https:\/\/www.fle.re\/blog\/hi\/conjuguer-au-present-pour-debutants-7\/#Quelles_sont_les_terminaisons_des_verbes_selon_leur_groupe_au_present\" >Quelles sont les terminaisons des verbes selon leur groupe au pr\u00e9sent ?<\/a><\/li><li class='ez-toc-page-1 ez-toc-heading-level-2'><a class=\"ez-toc-link ez-toc-heading-3\" href=\"https:\/\/www.fle.re\/blog\/hi\/conjuguer-au-present-pour-debutants-7\/#Comment_reconnaitre_les_irregularites_et_exceptions_courantes_au_present%E2%80%AF\" >Comment reconna\u00eetre les irr\u00e9gularit\u00e9s et exceptions courantes au pr\u00e9sent\u202f?<\/a><\/li><li class='ez-toc-page-1 ez-toc-heading-level-2'><a class=\"ez-toc-link ez-toc-heading-4\" href=\"https:\/\/www.fle.re\/blog\/hi\/conjuguer-au-present-pour-debutants-7\/#Pourquoi_la_negation_au_present_pose-t-elle_probleme_et_comment_la_reussir%E2%80%AF\" >Pourquoi la n\u00e9gation au pr\u00e9sent pose-t-elle probl\u00e8me et comment la r\u00e9ussir\u202f?<\/a><\/li><li class='ez-toc-page-1 ez-toc-heading-level-2'><a class=\"ez-toc-link ez-toc-heading-5\" href=\"https:\/\/www.fle.re\/blog\/hi\/conjuguer-au-present-pour-debutants-7\/#Quels_outils_et_exercices_pratiques_favorisent_lapprentissage_du_present%E2%80%AF\" >Quels outils et exercices pratiques favorisent l\u2019apprentissage du pr\u00e9sent\u202f?<\/a><\/li><li class='ez-toc-page-1 ez-toc-heading-level-2'><a class=\"ez-toc-link ez-toc-heading-6\" href=\"https:\/\/www.fle.re\/blog\/hi\/conjuguer-au-present-pour-debutants-7\/#Conclusion\" >Conclusion<\/a><\/li><li class='ez-toc-page-1 ez-toc-heading-level-2'><a class=\"ez-toc-link ez-toc-heading-7\" href=\"https:\/\/www.fle.re\/blog\/hi\/conjuguer-au-present-pour-debutants-7\/#Conjuguer_au_present_pour_debutants_quelles_erreurs_frequentes\" >Conjuguer au pr\u00e9sent pour d\u00e9butants : quelles erreurs fr\u00e9quentes ?<\/a><\/li><li class='ez-toc-page-1 ez-toc-heading-level-2'><a class=\"ez-toc-link ez-toc-heading-8\" href=\"https:\/\/www.fle.re\/blog\/hi\/conjuguer-au-present-pour-debutants-7\/#Comment_distinguer_les_trois_groupes_pour_conjuguer_au_present\" >Comment distinguer les trois groupes pour conjuguer au pr\u00e9sent ?<\/a><\/li><li class='ez-toc-page-1 ez-toc-heading-level-2'><a class=\"ez-toc-link ez-toc-heading-9\" href=\"https:\/\/www.fle.re\/blog\/hi\/conjuguer-au-present-pour-debutants-7\/#Quels_verbes_irreguliers_faut-il_apprendre_en_priorite_au_present\" >Quels verbes irr\u00e9guliers faut-il apprendre en priorit\u00e9 au pr\u00e9sent ?<\/a><\/li><\/ul><\/nav><\/div>\n<h2 class=\"wp-block-heading\"><span class=\"ez-toc-section\" id=\"Comment_savoir_quand_utiliser_le_present_en_francais\"><\/span>Comment savoir quand utiliser le pr\u00e9sent en fran\u00e7ais ?<span class=\"ez-toc-section-end\"><\/span><\/h2>\n\n<p class=\"wp-block-paragraph\">\nS\u2019approprier <strong>le pr\u00e9sent en fran\u00e7ais<\/strong> demande surtout de comprendre quand ce temps verbal s\u2019emploie dans la vie quotidienne. Ce temps s\u2019utilise pour parler d\u2019un fait qui se d\u00e9roule en ce moment. Par exemple, si je d\u00e9cris mon activit\u00e9 du moment : <span style=\"font-style: italic\">Je lis un livre<\/span>. Ce n\u2019est pas r\u00e9serv\u00e9 aux livres de grammaire : dans une discussion, dire \u00ab <span style=\"font-style: italic\">Je regarde la t\u00e9l\u00e9vision<\/span> \u00bb injecte tout de suite de l\u2019authenticit\u00e9 \u00e0 l\u2019\u00e9change. On s\u2019en sert aussi pour indiquer des habitudes ou des actions qui se r\u00e9p\u00e8tent : \u00ab\u00a0<span style=\"font-style: italic\">Tous les matins, je bois un caf\u00e9.<\/span>\u00a0\u00bb Le pr\u00e9sent fait \u00e9galement office de pont pour exprimer une action qui dure depuis un certain temps (\u00ab <span style=\"font-style: italic\">Je travaille ici depuis trois ans<\/span> \u00bb) ou m\u00eame un futur programm\u00e9, \u00e0 condition d\u2019ajouter une indication temporelle claire, par exemple : \u00ab <span style=\"font-style: italic\">Demain, \u00e0 9h, je passe un examen.<\/span> \u00bb\n<\/p>\n\n<p class=\"wp-block-paragraph\">\nFaire le lien entre ces diff\u00e9rentes utilisations facilite l&rsquo;apprentissage du <strong>pr\u00e9sent de l\u2019indicatif<\/strong>. Les manuels et plateformes proposent un tas d\u2019exemples, mais, rien de tel que de pr\u00eater l\u2019oreille \u00e0 des conversations dans la rue ou dans les transports. Vous serez \u00e9tonn\u00e9 de voir \u00e0 quel point <span style=\"font-style: italic\">le pr\u00e9sent<\/span> structure la grande majorit\u00e9 des discussions, que ce soit pour raconter le quotidien, s\u2019exprimer sur un ressenti ou effectuer une promesse (\u00ab\u00a0Je t\u2019appelle dans la soir\u00e9e\u00a0\u00bb). Pour appr\u00e9hender ce temps plus naturellement, n&rsquo;h\u00e9sitez pas \u00e0 pratiquer \u00e0 voix haute, \u00e0 lire des dialogues simples, voire \u00e0 faire des exercices interactifs comme ceux disponibles sur <a href=\"https:\/\/www.fle.re\/blog\/test-niveau-francais-gratuit\/\">fle.re<\/a>.\n<\/p>\n\n<h2 class=\"wp-block-heading\"><span class=\"ez-toc-section\" id=\"Quelles_sont_les_terminaisons_des_verbes_selon_leur_groupe_au_present\"><\/span>Quelles sont les terminaisons des verbes selon leur groupe au pr\u00e9sent ?<span class=\"ez-toc-section-end\"><\/span><\/h2>\n\n<p class=\"wp-block-paragraph\">\nLa conjugaison au <strong>pr\u00e9sent<\/strong> varie selon le groupe verbal. Les verbes du premier groupe, qui se terminent par <span style=\"font-style: italic\">-er<\/span> \u00e0 l\u2019infinitif (comme \u201cparler\u201d, \u201caimer\u201d, \u201cjouer\u201d), sont les plus simples \u00e0 apprendre, et suivent tous le m\u00eame mod\u00e8le. On remplace la terminaison de l\u2019infinitif comme suit : -e, -es, -e, -ons, -ez, -ent. Cela donne par exemple : <span style=\"font-style: italic\">Je parle, tu parles, il parle, nous parlons, vous parlez, ils parlent<\/span>. Facile \u00e0 m\u00e9moriser, et surtout tr\u00e8s fr\u00e9quent dans la langue courante !\n<\/p>\n\n<p class=\"wp-block-paragraph\">\nLe deuxi\u00e8me groupe correspond \u00e0 une s\u00e9lection de verbes en <span style=\"font-style: italic\">-ir<\/span> dont le participe pr\u00e9sent s\u2019ach\u00e8ve par <span style=\"font-style: italic\">-issant<\/span> (par exemple : finir, choisir, r\u00e9ussir). La terminaison diff\u00e8re l\u00e9g\u00e8rement au pluriel : -is, -is, -it, -issons, -issez, -issent. Un exemple pour illustrer : \u201cfinir\u201d donne : <span style=\"font-style: italic\">Je finis, tu finis, il finit, nous finissons, vous finissez, ils finissent<\/span>. C\u2019est le fameux allongement du radical \u201c-iss\u201d que beaucoup de d\u00e9butants oublient aux formes plurielles.\n<\/p>\n\n<ul class=\"wp-block-list\"><li>Le premier groupe : -e, -es, -e, -ons, -ez, -ent<\/li><li>Le deuxi\u00e8me groupe : -is, -is, -it, -issons, -issez, -issent<\/li><li>Le troisi\u00e8me groupe (mod\u00e8les vari\u00e9s et souvent irr\u00e9guliers : -s, -s, -t, -ons, -ez, -ent entre autres)<\/li><\/ul>\n\n<h2 class=\"wp-block-heading\"><span class=\"ez-toc-section\" id=\"Comment_reconnaitre_les_irregularites_et_exceptions_courantes_au_present%E2%80%AF\"><\/span>Comment reconna\u00eetre les irr\u00e9gularit\u00e9s et exceptions courantes au pr\u00e9sent\u202f?<span class=\"ez-toc-section-end\"><\/span><\/h2>\n        \n         \n        <figure class=\"wp-block-image size-full\">\n          <img decoding=\"async\" src=\"https:\/\/www.fle.re\/blog\/wp-content\/uploads\/2025\/12\/Comment-reconnatre-les-irrgularits-et.jpeg\" alt=\"Comment reconna\u00eetre les irr\u00e9gularit\u00e9s et exceptions courantes au pr\u00e9sent\u202f?\">\n        <\/figure>\n        \n          \n\n<p class=\"wp-block-paragraph\">\nAborder <strong>les verbes irr\u00e9guliers fran\u00e7ais<\/strong> peut para\u00eet compliqu\u00e9, mais on s\u2019y habitue vite avec un peu de pratique ! Les verbes du troisi\u00e8me groupe et m\u00eame quelques-uns du premier sont c\u00e9l\u00e8bres pour leurs particularit\u00e9s, surtout \u00e0 la premi\u00e8re personne du pluriel (nous) ou \u00e0 la troisi\u00e8me personne. Prenons par exemple ces cas : le verbe \u201cmanger\u201d prend un \u201ce\u201d suppl\u00e9mentaire (nous mangeons) pour garder le son du \u00ab\u00a0g\u00a0\u00bb doux. Pareil pour \u00ab\u00a0lancer\u00a0\u00bb : le \u201cc\u201d se transforme en \u201c\u00e7\u201d devant \u201cons\u201d pour adoucir la prononciation (nous lan\u00e7ons).\n<\/p>\n\n<p class=\"wp-block-paragraph\">\nLes verbes en <span style=\"font-style: italic\">-yer<\/span> voient leur \u201cy\u201d se changer en \u201ci\u201d \u00e0 la troisi\u00e8me personnes du singulier et du pluriel (j\u2019envoie, ils envoient), tandis que certains verbes en <span style=\"font-style: italic\">-eler<\/span> doublent le \u201cl\u201d au singulier et \u00e0 la 3e personne du pluriel : \u201cil appelle\u201d. Parmi les plus utilis\u00e9s, attention \u00e0 \u201c\u00eatre\u201d, \u201cavoir\u201d, \u201cfaire\u201d, \u201caller\u201d, qui changent souvent compl\u00e8tement de radical et de terminaisons (\u00ab je vais, nous sommes, ils font \u00bb). S\u2019entra\u00eener avec des fiches ou des exercices r\u00e9guliers, en particulier sur <strong>les formes irr\u00e9guli\u00e8res du pr\u00e9sent<\/strong>, permet de progresser sans stress et d\u2019automatiser ces formes.\n<\/p>\n\n<p class=\"wp-block-paragraph\">\nPour finir, une astuce simple : les verbes du troisi\u00e8me groupe comme \u00ab\u00a0prendre\u00a0\u00bb, \u00ab\u00a0mettre\u00a0\u00bb, \u00ab\u00a0venir\u00a0\u00bb ou encore \u00ab\u00a0voir\u00a0\u00bb n\u00e9cessitent une m\u00e9morisation directe, mais, rassurez-vous, leur fr\u00e9quence dans la langue fait qu\u2019on finit par les assimiler \u00e0 force de les voir, de les entendre ou de les utiliser en contexte r\u00e9el. Prendre l\u2019habitude de conjuguer \u00e0 voix haute, ou de remplacer ces verbes par des synonymes connus au d\u00e9but, est aussi une mani\u00e8re moins scolaire, plus vivante et intuitive de s\u2019y frotter sans blocage.\n<\/p>\n\n<h2 class=\"wp-block-heading\"><span class=\"ez-toc-section\" id=\"Pourquoi_la_negation_au_present_pose-t-elle_probleme_et_comment_la_reussir%E2%80%AF\"><\/span>Pourquoi la n\u00e9gation au pr\u00e9sent pose-t-elle probl\u00e8me et comment la r\u00e9ussir\u202f?<span class=\"ez-toc-section-end\"><\/span><\/h2>\n\n<p class=\"wp-block-paragraph\">\nL\u2019un des d\u00e9fis fr\u00e9quents rencontr\u00e9s lorsqu\u2019on apprend <strong>la conjugaison fran\u00e7aise au pr\u00e9sent<\/strong> concerne la transformation d\u2019une phrase affirmative en phrase n\u00e9gative. Le principe g\u00e9n\u00e9ral est de placer \u201cne\u201d devant le verbe conjugu\u00e9 et \u201cpas\u201d, \u201cjamais\u201d ou \u201cplus\u201d apr\u00e8s. Mais selon le type de verbe, la place de la n\u00e9gation exige de l\u2019attention, en particulier avec les verbes pronominaux comme \u201cse r\u00e9veiller\u201d, o\u00f9 on obtient : \u201cJe ne me r\u00e9veille pas t\u00f4t le lundi\u201d.\n<\/p>\n\n<p class=\"wp-block-paragraph\">\nAu fil des exercices, beaucoup se trompent en oubliant le \u201cne\u201d ou en le pla\u00e7ant au mauvais endroit. Or, bien structurer sa phrase n\u00e9gative apporte clart\u00e9 \u00e0 son message et cr\u00e9dibilit\u00e9 \u00e0 l\u2019oral. On peut entra\u00eener son oreille en lisant des dialogues ou des textes \u00e0 voix haute, puis en transformant les phrases en leur version n\u00e9gative : \u201cJe rigole souvent.\u201d devient \u201cJe ne rigole pas souvent.\u201d Cette gymnastique aide \u00e0 int\u00e9grer le rythme naturel du fran\u00e7ais sans h\u00e9sitation. Pour les cas particuliers, rien ne vaut l\u2019utilisation d\u2019exemples vari\u00e9s et des corrections interactives, disponibles par exemple sur les plateformes comme <strong>fle.re<\/strong> qui proposent des retours personnalis\u00e9s.\n<\/p>\n\n<h2 class=\"wp-block-heading\"><span class=\"ez-toc-section\" id=\"Quels_outils_et_exercices_pratiques_favorisent_lapprentissage_du_present%E2%80%AF\"><\/span>Quels outils et exercices pratiques favorisent l\u2019apprentissage du pr\u00e9sent\u202f?<span class=\"ez-toc-section-end\"><\/span><\/h2>\n\n<p class=\"wp-block-paragraph\">Les d\u00e9butants cherchant \u00e0 <strong>conjuguer au pr\u00e9sent<\/strong> peuvent progresser plus vite gr\u00e2ce \u00e0 des outils d\u2019entra\u00eenement ludiques et interactifs. Les plateformes en ligne facilitent un apprentissage vari\u00e9, accessible \u00e0 tout moment. Faire des exercices interactifs o\u00f9 l\u2019on doit compl\u00e9ter des phrases, conjuguer des verbes \u00e0 la vol\u00e9e ou transformer des phrases vers la forme n\u00e9gative, permet de se corriger en temps r\u00e9el et de m\u00e9moriser sans pression. L\u2019id\u00e9al, c\u2019est de combiner l\u2019entra\u00eenement \u00e9crit \u00e0 la pratique orale avec un partenaire, un professeur ou m\u00eame en lisant des dialogues \u00e0 voix haute.\n<\/p>\n\n<figure class=\"wp-block-table\"><table>\n<thead>\n<tr>\n<th>Outil d&rsquo;apprentissage<\/th>\n<th>B\u00e9n\u00e9fice principal<\/th>\n<th>Exemple concr\u00eat<\/th>\n<\/tr>\n<\/thead>\n<tbody>\n<tr>\n<td><a href=\"https:\/\/www.fle.re\/blog\/test-niveau-francais-gratuit\/\">Test de niveau fran\u00e7ais gratuit<\/a><\/td>\n<td>Identifier son niveau et cibler sa progression<\/td>\n<td>Conna\u00eetre ses points forts\/faibles avant de r\u00e9viser<\/td>\n<\/tr>\n<tr>\n<td>Fiches de conjugaison en ligne<\/td>\n<td>Acc\u00e8s rapide aux mod\u00e8les et exceptions<\/td>\n<td>Visualiser les tableaux des verbes r\u00e9guliers et irr\u00e9guliers<\/td>\n<\/tr>\n<tr>\n<td>Exercices auto-corrig\u00e9s<\/td>\n<td>R\u00e9vision active et feedback imm\u00e9diat<\/td>\n<td>S\u2019entra\u00eener sur des phrases concr\u00e8tes, recevoir des explications<\/td>\n<\/tr>\n<\/tbody>\n<\/table><\/figure>\n\n<h2 class=\"wp-block-heading\"><span class=\"ez-toc-section\" id=\"Conclusion\"><\/span>Conclusion<span class=\"ez-toc-section-end\"><\/span><\/h2>\n        \n         \n        <figure class=\"wp-block-image size-full\">\n          <img decoding=\"async\" src=\"https:\/\/www.fle.re\/blog\/wp-content\/uploads\/2025\/12\/Conclusion-76.jpeg\" alt=\"Conclusion\">\n        <\/figure>\n        \n          \n\n<p class=\"wp-block-paragraph\">\nConjuguer au <strong>pr\u00e9sent de l\u2019indicatif<\/strong> semble parfois intimidant, surtout quand on d\u00e9bute. Avec quelques astuces et une bonne dose de pratique, tout devient plus clair. Les <strong>terminaisons sp\u00e9cifiques selon le groupe du verbe<\/strong> sont \u00e0 retenir, ainsi que quelques particularit\u00e9s pour certains verbes comme \u201cmanger\u201d, \u201cenvoyer\u201d ou \u201cprendre\u201d. Pas \u00e0 pas, les automatismes se d\u00e9veloppent naturellement.\n<\/p>\n\n<p class=\"wp-block-paragraph\">\nUn conseil simple : n\u2019h\u00e9sitez pas \u00e0 vous exercer chaque jour sur des phrases courtes et \u00e0 lire \u00e0 voix haute. Petit \u00e0 petit, vous assimilerez les types de <strong>verbes r\u00e9guliers et irr\u00e9guliers<\/strong>, ce qui rendra la communication bien plus fluide. Pour aller plus loin, essayez aussi les <a href=\"https:\/\/www.fle.re\/blog\/dictees-audio-francaises\/\">dict\u00e9es audio<\/a>, qui sont tr\u00e8s utiles pour am\u00e9liorer la ma\u00eetrise du pr\u00e9sent au quotidien. Allez-y, pratiquez chaque jour, et vous sentirez les progr\u00e8s rapidement\u202f!\n<\/p>\n\n<p class=\"wp-block-paragraph\"><section class=\"faq\">\n<div>\n<h2><span class=\"ez-toc-section\" id=\"Conjuguer_au_present_pour_debutants_quelles_erreurs_frequentes\"><\/span>Conjuguer au pr\u00e9sent pour d\u00e9butants : quelles erreurs fr\u00e9quentes ?<span class=\"ez-toc-section-end\"><\/span><\/h2>\n<div>\n<p>Pour <strong>conjuguer au pr\u00e9sent pour d\u00e9butants<\/strong>, les erreurs souvent rencontr\u00e9es concernent le choix des terminaisons selon le groupe du verbe. Par exemple, beaucoup \u00e9crivent \u00ab nous mangons \u00bb au lieu de \u00ab nous mangeons \u00bb, oubliant l\u2019ajout du \u201ce\u201d pour conserver le son doux. De plus, les terminaisons du deuxi\u00e8me groupe (-issons, -issez, -issent) sont parfois confondues avec celles du premier (-ons, -ez, -ent). Les verbes irr\u00e9guliers comme \u00ab aller \u00bb ou \u00ab avoir \u00bb posent aussi probl\u00e8me. Pour \u00e9viter ces erreurs, il est utile de bien m\u00e9moriser les trois groupes et de pratiquer r\u00e9guli\u00e8rement avec des exercices sp\u00e9cifiques adapt\u00e9s aux d\u00e9butants. Un autre pi\u00e8ge : oublier l&rsquo;accord du sujet, par exemple confondre \u00ab je \u00bb et \u00ab tu \u00bb. Pour progresser, privil\u00e9giez une r\u00e9vision r\u00e9guli\u00e8re avec des exemples vari\u00e9s (voir https:\/\/www.fle.re\/blog\/grammaire-francaise-debutants\/).<\/p>\n<\/div>\n<\/div>\n<div>\n<h2><span class=\"ez-toc-section\" id=\"Comment_distinguer_les_trois_groupes_pour_conjuguer_au_present\"><\/span>Comment distinguer les trois groupes pour conjuguer au pr\u00e9sent ?<span class=\"ez-toc-section-end\"><\/span><\/h2>\n<div>\n<p>Pour <strong>conjuguer au pr\u00e9sent pour d\u00e9butants<\/strong>, il faut apprendre \u00e0 rep\u00e9rer les trois groupes. Les verbes du premier groupe se terminent en -er (sauf \u00ab aller \u00bb), ceux du deuxi\u00e8me en -ir avec un radical -iss au pluriel (ex. : finir : nous finissons), et le troisi\u00e8me groupe regroupe les autres verbes, dont la conjugaison est souvent irr\u00e9guli\u00e8re : -dre, -oir, -re, certains -ir (comme partir). Quelques astuces : si le participe pr\u00e9sent se termine par -issant, c\u2019est du deuxi\u00e8me groupe. V\u00e9rifiez la terminaison et le radical : en cas de doute, consultez une liste des verbes du troisi\u00e8me groupe car ils ont beaucoup d\u2019exceptions. Ces distinctions aident \u00e0 appliquer la bonne terminaison \u00e0 chaque personne du singulier ou du pluriel.<\/p>\n<\/div>\n<\/div>\n<div>\n<h2><span class=\"ez-toc-section\" id=\"Quels_verbes_irreguliers_faut-il_apprendre_en_priorite_au_present\"><\/span>Quels verbes irr\u00e9guliers faut-il apprendre en priorit\u00e9 au pr\u00e9sent ?<span class=\"ez-toc-section-end\"><\/span><\/h2>\n        \n         \n        <figure class=\"wp-block-image size-full\">\n          <img decoding=\"async\" src=\"https:\/\/www.fle.re\/blog\/wp-content\/uploads\/2025\/12\/Quels-verbes-irrguliers-faut-il-apprendre.jpeg\" alt=\"Quels verbes irr\u00e9guliers faut-il apprendre en priorit\u00e9 au pr\u00e9sent ?\">\n        <\/figure>\n        \n          \n         \n        <figure class=\"wp-block-image size-full\">\n          <img decoding=\"async\" src=\"https:\/\/www.fle.re\/blog\/wp-content\/uploads\/2025\/12\/Sources-26.jpeg\" alt=\"Sources\">\n        <\/figure>\n        \n          \n\n<ol class=\"wp-block-list\"><li>Le Projet Voltaire. \u00ab Le pr\u00e9sent de l\u2019indicatif : emploi et conjugaison \u00bb. Projet Voltaire, 2023-10-30. Consult\u00e9 le 2024-06-15. <a href=\"https:\/\/www.projet-voltaire.fr\/regles-orthographe\/le-present-de-lindicatif-emploi-et-conjugaison\/\" rel=\"nofollow noopener noreferrer\" target=\"_blank\">Consulter<\/a><\/li><li>Centre National de Ressources Textuelles et Lexicales (CNRTL). \u00ab Pr\u00e9sent de l\u2019indicatif \u00bb. CNRTL, s.d. Consult\u00e9 le 2024-06-15. <a href=\"https:\/\/www.cnrtl.fr\/lexiques\/grammaire\/present\" rel=\"nofollow noopener noreferrer\" target=\"_blank\">Consulter<\/a><\/li><li>\u00c9duscol \u2013 Minist\u00e8re de l\u2019\u00c9ducation Nationale. \u00ab Rep\u00e8res annuels de progression \u2013 Pr\u00e9sent de l\u2019indicatif \u00bb. \u00c9duscol, 2022-09-01. Consult\u00e9 le 2024-06-15. <a href=\"https:\/\/eduscol.education.fr\/odysseum\/ressources\/repere-de-progression-temps-du-present-ecrire\" rel=\"nofollow noopener noreferrer\" target=\"_blank\">Consulter<\/a><\/li><\/ol>\n\n<\/div><\/section><\/p>\n","protected":false},"excerpt":{"rendered":"<p>Apprendre \u00e0 conjuguer au pr\u00e9sent, c\u2019est la premi\u00e8re \u00e9tape pour parler et comprendre le fran\u00e7ais du quotidien. D\u00e8s les premiers [&hellip;]<\/p>\n","protected":false},"author":2,"featured_media":777,"comment_status":"open","ping_status":"open","sticky":false,"template":"","format":"standard","meta":{"_crdt_document":"","site-sidebar-layout":"default","site-content-layout":"","ast-site-content-layout":"default","site-content-style":"default","site-sidebar-style":"default","ast-global-header-display":"","ast-banner-title-visibility":"","ast-main-header-display":"","ast-hfb-above-header-display":"","ast-hfb-below-header-display":"","ast-hfb-mobile-header-display":"","site-post-title":"","ast-breadcrumbs-content":"","ast-featured-img":"","footer-sml-layout":"","ast-disable-related-posts":"","theme-transparent-header-meta":"","adv-header-id-meta":"","stick-header-meta":"","header-above-stick-meta":"","header-main-stick-meta":"","header-below-stick-meta":"","astra-migrate-meta-layouts":"default","ast-page-background-enabled":"default","ast-page-background-meta":{"desktop":{"background-color":"var(--ast-global-color-5)","background-image":"","background-repeat":"repeat","background-position":"center center","background-size":"auto","background-attachment":"scroll","background-type":"","background-media":"","overlay-type":"","overlay-color":"","overlay-opacity":"","overlay-gradient":""},"tablet":{"background-color":"","background-image":"","background-repeat":"repeat","background-position":"center center","background-size":"auto","background-attachment":"scroll","background-type":"","background-media":"","overlay-type":"","overlay-color":"","overlay-opacity":"","overlay-gradient":""},"mobile":{"background-color":"","background-image":"","background-repeat":"repeat","background-position":"center center","background-size":"auto","background-attachment":"scroll","background-type":"","background-media":"","overlay-type":"","overlay-color":"","overlay-opacity":"","overlay-gradient":""}},"ast-content-background-meta":{"desktop":{"background-color":"var(--ast-global-color-4)","background-image":"","background-repeat":"repeat","background-position":"center center","background-size":"auto","background-attachment":"scroll","background-type":"","background-media":"","overlay-type":"","overlay-color":"","overlay-opacity":"","overlay-gradient":""},"tablet":{"background-color":"var(--ast-global-color-4)","background-image":"","background-repeat":"repeat","background-position":"center center","background-size":"auto","background-attachment":"scroll","background-type":"","background-media":"","overlay-type":"","overlay-color":"","overlay-opacity":"","overlay-gradient":""},"mobile":{"background-color":"var(--ast-global-color-4)","background-image":"","background-repeat":"repeat","background-position":"center center","background-size":"auto","background-attachment":"scroll","background-type":"","background-media":"","overlay-type":"","overlay-color":"","overlay-opacity":"","overlay-gradient":""}},"footnotes":""},"categories":[723],"tags":[8016,8019,8022,8025,1860],"class_list":["post-2904","post","type-post","status-publish","format-standard","has-post-thumbnail","hentry","category-non-classe-hi","tag-apprendre-le-present-hi","tag-conjuguer-hi","tag-present-hi","tag-verbes-au-present-hi","tag--hi"],"_links":{"self":[{"href":"https:\/\/www.fle.re\/blog\/wp-json\/wp\/v2\/posts\/2904","targetHints":{"allow":["GET"]}}],"collection":[{"href":"https:\/\/www.fle.re\/blog\/wp-json\/wp\/v2\/posts"}],"about":[{"href":"https:\/\/www.fle.re\/blog\/wp-json\/wp\/v2\/types\/post"}],"author":[{"embeddable":true,"href":"https:\/\/www.fle.re\/blog\/wp-json\/wp\/v2\/users\/2"}],"replies":[{"embeddable":true,"href":"https:\/\/www.fle.re\/blog\/wp-json\/wp\/v2\/comments?post=2904"}],"version-history":[{"count":1,"href":"https:\/\/www.fle.re\/blog\/wp-json\/wp\/v2\/posts\/2904\/revisions"}],"predecessor-version":[{"id":2905,"href":"https:\/\/www.fle.re\/blog\/wp-json\/wp\/v2\/posts\/2904\/revisions\/2905"}],"wp:featuredmedia":[{"embeddable":true,"href":"https:\/\/www.fle.re\/blog\/wp-json\/wp\/v2\/media\/777"}],"wp:attachment":[{"href":"https:\/\/www.fle.re\/blog\/wp-json\/wp\/v2\/media?parent=2904"}],"wp:term":[{"taxonomy":"category","embeddable":true,"href":"https:\/\/www.fle.re\/blog\/wp-json\/wp\/v2\/categories?post=2904"},{"taxonomy":"post_tag","embeddable":true,"href":"https:\/\/www.fle.re\/blog\/wp-json\/wp\/v2\/tags?post=2904"}],"curies":[{"name":"wp","href":"https:\/\/api.w.org\/{rel}","templated":true}]}}