{"id":2970,"date":"2026-02-27T18:38:18","date_gmt":"2026-02-27T18:38:18","guid":{"rendered":"https:\/\/www.fle.re\/blog\/?p=2970"},"modified":"2026-02-27T18:38:19","modified_gmt":"2026-02-27T18:38:19","slug":"francais-niveau-b2-sexprimer-aisement-6","status":"publish","type":"post","link":"https:\/\/www.fle.re\/blog\/vi\/francais-niveau-b2-sexprimer-aisement-6\/","title":{"rendered":"Fran\u00e7ais niveau B2 : s\u2019exprimer ais\u00e9ment"},"content":{"rendered":"<p class=\"wp-block-paragraph\">\nAtteindre le <strong>niveau B2 en fran\u00e7ais<\/strong>, c\u2019est s\u2019offrir la capacit\u00e9 de prendre la parole sans h\u00e9sitation et d\u2019aller droit au but, m\u00eame face \u00e0 des sujets complexes. Ce palier permet de d\u00e9fendre une opinion, exprimer des id\u00e9es pr\u00e9cises et r\u00e9agir spontan\u00e9ment dans des <i>interactions du quotidien<\/i> ou des situations professionnelles. Imaginez discuter avec des coll\u00e8gues, donner votre avis lors d\u2019une r\u00e9union ou tenir une conversation sur un sujet d\u2019actualit\u00e9 \u2013 le tout sans chercher vos mots \u00e0 chaque phrase. Voil\u00e0 l\u2019impact d\u2019une <strong>expression orale fluide<\/strong> et d\u2019un <strong>vocabulaire vari\u00e9<\/strong>. <\/p>\n\n<p class=\"wp-block-paragraph\"> Sur fle.re, chaque outil d\u00e9velopp\u00e9 vise \u00e0 avancer concr\u00e8tement vers plus d\u2019aisance et de spontan\u00e9it\u00e9 lors de la prise de parole en fran\u00e7ais. Se sentir \u00e0 l\u2019aise \u00e0 l\u2019oral, \u00e7a change tout\u202f! Vous n\u2019\u00eates plus spectateur, mais bel et bien acteur dans chaque \u00e9change. Avec des ressources adapt\u00e9es, un suivi personnalis\u00e9 et des <i>m\u00e9thodes interactives<\/i>, progresser vers le B2 prend tout son sens et devient accessible \u00e0 tous. Oubliez la peur de l\u2019erreur\u202f: il s\u2019agit de s\u2019exprimer vraiment, avec naturel et confiance. <\/p>\n\n<figure class=\"is-provider-youtube is-type-video wp-block-embed wp-block-embed-youtube wp-embed-aspect-16-9 wp-has-aspect-ratio\"><div class=\"wp-block-embed__wrapper\">\n<iframe loading=\"lazy\" title=\"Vocabulaire Avanc\u00e9 en 60 minutes (Les mots pr\u00e9cis que vous devez conna\u00eetre !)\" width=\"500\" height=\"281\" src=\"https:\/\/www.youtube.com\/embed\/HL-_7mrv40E?feature=oembed\" frameborder=\"0\" allow=\"accelerometer; autoplay; clipboard-write; encrypted-media; gyroscope; picture-in-picture; web-share\" referrerpolicy=\"strict-origin-when-cross-origin\" allowfullscreen><\/iframe>\n<\/div><\/figure>\n\n<div id=\"ez-toc-container\" class=\"ez-toc-v2_0_82_2 ez-toc-wrap-center counter-hierarchy ez-toc-counter ez-toc-transparent ez-toc-container-direction\">\n<div class=\"ez-toc-title-container\">\n<p class=\"ez-toc-title\" style=\"cursor:inherit\">Sommaire<\/p>\n<span class=\"ez-toc-title-toggle\"><a href=\"#\" class=\"ez-toc-pull-right ez-toc-btn ez-toc-btn-xs ez-toc-btn-default ez-toc-toggle\" aria-label=\"Toggle Table of Content\"><span class=\"ez-toc-js-icon-con\"><span class=\"\"><span class=\"eztoc-hide\" style=\"display:none;\">Toggle<\/span><span class=\"ez-toc-icon-toggle-span\"><svg style=\"fill: #999;color:#999\" xmlns=\"http:\/\/www.w3.org\/2000\/svg\" class=\"list-377408\" width=\"20px\" height=\"20px\" viewBox=\"0 0 24 24\" fill=\"none\"><path d=\"M6 6H4v2h2V6zm14 0H8v2h12V6zM4 11h2v2H4v-2zm16 0H8v2h12v-2zM4 16h2v2H4v-2zm16 0H8v2h12v-2z\" fill=\"currentColor\"><\/path><\/svg><svg style=\"fill: #999;color:#999\" class=\"arrow-unsorted-368013\" xmlns=\"http:\/\/www.w3.org\/2000\/svg\" width=\"10px\" height=\"10px\" viewBox=\"0 0 24 24\" version=\"1.2\" baseProfile=\"tiny\"><path d=\"M18.2 9.3l-6.2-6.3-6.2 6.3c-.2.2-.3.4-.3.7s.1.5.3.7c.2.2.4.3.7.3h11c.3 0 .5-.1.7-.3.2-.2.3-.5.3-.7s-.1-.5-.3-.7zM5.8 14.7l6.2 6.3 6.2-6.3c.2-.2.3-.5.3-.7s-.1-.5-.3-.7c-.2-.2-.4-.3-.7-.3h-11c-.3 0-.5.1-.7.3-.2.2-.3.5-.3.7s.1.5.3.7z\"\/><\/svg><\/span><\/span><\/span><\/a><\/span><\/div>\n<nav><ul class='ez-toc-list ez-toc-list-level-1 eztoc-toggle-hide-by-default' ><li class='ez-toc-page-1 ez-toc-heading-level-2'><a class=\"ez-toc-link ez-toc-heading-1\" href=\"https:\/\/www.fle.re\/blog\/vi\/francais-niveau-b2-sexprimer-aisement-6\/#Quelles_competences_orales_vise-t-on_en_francais_niveau_B2\" >Quelles comp\u00e9tences orales vise-t-on en fran\u00e7ais niveau B2 ?<\/a><\/li><li class='ez-toc-page-1 ez-toc-heading-level-2'><a class=\"ez-toc-link ez-toc-heading-2\" href=\"https:\/\/www.fle.re\/blog\/vi\/francais-niveau-b2-sexprimer-aisement-6\/#Comment_enrichir_son_vocabulaire_pour_sexprimer_facilement_a_loral\" >Comment enrichir son vocabulaire pour s\u2019exprimer facilement \u00e0 l\u2019oral ?<\/a><\/li><li class='ez-toc-page-1 ez-toc-heading-level-2'><a class=\"ez-toc-link ez-toc-heading-3\" href=\"https:\/\/www.fle.re\/blog\/vi\/francais-niveau-b2-sexprimer-aisement-6\/#Quels_exercices_pratiques_favorisent_la_maitrise_de_lexpression_orale_B2\" >Quels exercices pratiques favorisent la ma\u00eetrise de l\u2019expression orale B2 ?<\/a><\/li><li class='ez-toc-page-1 ez-toc-heading-level-2'><a class=\"ez-toc-link ez-toc-heading-4\" href=\"https:\/\/www.fle.re\/blog\/vi\/francais-niveau-b2-sexprimer-aisement-6\/#Quelles_astuces_pour_gerer_le_stress_lors_dune_prise_de_parole_B2\" >Quelles astuces pour g\u00e9rer le stress lors d\u2019une prise de parole B2 ?<\/a><\/li><li class='ez-toc-page-1 ez-toc-heading-level-2'><a class=\"ez-toc-link ez-toc-heading-5\" href=\"https:\/\/www.fle.re\/blog\/vi\/francais-niveau-b2-sexprimer-aisement-6\/#Quels_outils_numeriques_utiliser_pour_progresser_a_loral_au_niveau_B2\" >Quels outils num\u00e9riques utiliser pour progresser \u00e0 l\u2019oral au niveau B2 ?<\/a><\/li><li class='ez-toc-page-1 ez-toc-heading-level-2'><a class=\"ez-toc-link ez-toc-heading-6\" href=\"https:\/\/www.fle.re\/blog\/vi\/francais-niveau-b2-sexprimer-aisement-6\/#Conclusion\" >Conclusion<\/a><\/li><li class='ez-toc-page-1 ez-toc-heading-level-2'><a class=\"ez-toc-link ez-toc-heading-7\" href=\"https:\/\/www.fle.re\/blog\/vi\/francais-niveau-b2-sexprimer-aisement-6\/#Comment_ameliorer_la_fluidite_a_loral_en_francais_niveau_B2\" >Comment am\u00e9liorer la fluidit\u00e9 \u00e0 l\u2019oral en fran\u00e7ais niveau B2 ?<\/a><\/li><li class='ez-toc-page-1 ez-toc-heading-level-2'><a class=\"ez-toc-link ez-toc-heading-8\" href=\"https:\/\/www.fle.re\/blog\/vi\/francais-niveau-b2-sexprimer-aisement-6\/#Quels_exercices_specifiques_recommandes_pour_sexprimer_aisement\" >Quels exercices sp\u00e9cifiques recommand\u00e9s pour s\u2019exprimer ais\u00e9ment ?<\/a><\/li><li class='ez-toc-page-1 ez-toc-heading-level-2'><a class=\"ez-toc-link ez-toc-heading-9\" href=\"https:\/\/www.fle.re\/blog\/vi\/francais-niveau-b2-sexprimer-aisement-6\/#Comment_enrichir_son_vocabulaire_au_niveau_B2_pour_loral\" >Comment enrichir son vocabulaire au niveau B2 pour l\u2019oral ?<\/a><\/li><\/ul><\/nav><\/div>\n<h2 class=\"wp-block-heading\"><span class=\"ez-toc-section\" id=\"Quelles_competences_orales_vise-t-on_en_francais_niveau_B2\"><\/span>Quelles comp\u00e9tences orales vise-t-on en fran\u00e7ais niveau B2 ?<span class=\"ez-toc-section-end\"><\/span><\/h2>\n\n<p class=\"wp-block-paragraph\">\n\u00c0 ce stade du parcours linguistique, l\u2019apprenant capable d\u2019atteindre le <strong>fran\u00e7ais niveau B2<\/strong> dispose d\u00e9j\u00e0 d\u2019une solide base. Il s\u2019agit maintenant de pouvoir s\u2019exprimer avec une aisance assur\u00e9e, en tenant des discours d\u00e9taill\u00e9s dans une grande vari\u00e9t\u00e9 de contextes. Les \u00e9changes avec des <strong>locuteurs natifs<\/strong> deviennent naturels, sans effort excessif de compr\u00e9hension de part et d\u2019autre. Insistons dessus : le niveau B2 signifie prendre la parole de fa\u00e7on fluide sur des sujets vari\u00e9s (actualit\u00e9s, exp\u00e9riences personnelles, opinions, analyses\u2026). On n\u2019h\u00e9site plus \u00e0 d\u00e9fendre son point de vue, \u00e0 demander des pr\u00e9cisions, \u00e0 reformuler si besoin. Savoir nuancer ses propos devient naturel, tout en s\u2019adaptant \u00e0 la tonalit\u00e9 et au registre attendus selon l\u2019interlocuteur.\n<\/p>\n\n<p class=\"wp-block-paragraph\">\nLes attentes concernent aussi bien la <strong>structure du discours<\/strong> que la vari\u00e9t\u00e9 du vocabulaire, en int\u00e9grant par exemple des <i>expressions idiomatiques<\/i> ou des connecteurs logiques : non seulement on expose, mais on argumente et on rebondit sur les r\u00e9actions de l\u2019auditoire. J\u2019ai souvent remarqu\u00e9 que ceux qui parviennent \u00e0 ce palier n\u2019ont plus peur de l\u2019erreur : chaque prise de parole devient un terrain de jeu pour progresser gr\u00e2ce \u00e0 la correction et \u00e0 la reformulation. Pour mesurer ces progr\u00e8s et bien s\u2019auto\u00e9valuer, il existe des certifications reconnues comme le <strong>DELF B2<\/strong> ou le <i>TCF<\/i> \u2013 d\u2019ailleurs, pour mieux comprendre leurs attentes, je recommande de consulter <a href=\"https:\/\/www.fle.re\/blog\/preparation-delf-dalf\/\">cet article d\u00e9di\u00e9 \u00e0 la pr\u00e9paration du DELF\/DALF<\/a>.\n<\/p>\n\n<h2 class=\"wp-block-heading\"><span class=\"ez-toc-section\" id=\"Comment_enrichir_son_vocabulaire_pour_sexprimer_facilement_a_loral\"><\/span>Comment enrichir son vocabulaire pour s\u2019exprimer facilement \u00e0 l\u2019oral ?<span class=\"ez-toc-section-end\"><\/span><\/h2>\n\n<p class=\"wp-block-paragraph\">\nLe vocabulaire, c\u2019est la bo\u00eete \u00e0 outils du communicant. Et pour le niveau B2, il faut qu\u2019elle soit fournie ! On doit pouvoir exprimer une id\u00e9e en plusieurs mots, nuancer, d\u00e9crire une situation finement ou encore faire passer une \u00e9motion pr\u00e9cise. La routine lecture\/\u00e9coute reste une m\u00e9thode efficace. Articles de presse, \u00e9missions de radio, podcasts th\u00e9matiques, vid\u00e9os YouTube en <strong>fran\u00e7ais contemporain<\/strong> : toutes ces ressources offrent des mots nouveaux et des tournures utiles.\n<\/p>\n\n<p class=\"wp-block-paragraph\">\nAu fil du temps, je conseille de constituer son propre glossaire, avec non seulement la d\u00e9finition mais aussi des exemples concrets pour chaque mot ou expression. Disons-le franchement : pour progresser, il n\u2019y a rien de tel qu\u2019int\u00e9grer ces nouveaut\u00e9s dans ses discussions, m\u00eame si cela demande un brin de courage au d\u00e9but ! Utilisez des applications mobiles, faites des listes de synonymes, testez-vous entre amis. Et d\u00e8s qu\u2019un mot revient souvent dans les conversations de natifs (ex. \u00ab en fait \u00bb, \u00ab je pense que \u00bb, \u00ab c\u2019est-\u00e0-dire \u00bb), essayez de l\u2019incorporer sans attendre dans vos propres interventions.\n<\/p>\n\n<ul class=\"wp-block-list\"><li>Cr\u00e9er un glossaire personnalis\u00e9 \u00e0 partir d\u2019articles et d\u2019enregistrements audio<\/li><li>Utiliser des applications interactives (Quizlet, Anki) pour la r\u00e9vision quotidienne<\/li><li>Adopter des carnets de vocabulaire th\u00e9matiques (travail, loisirs, soci\u00e9t\u00e9, etc.)<\/li><li>S\u2019entra\u00eener \u00e0 replacer des mots nouveaux dans de vraies conversations, ou lors d\u2019\u00e9changes via une plateforme comme <strong>Talkpal<\/strong><\/li><\/ul>\n\n<h2 class=\"wp-block-heading\"><span class=\"ez-toc-section\" id=\"Quels_exercices_pratiques_favorisent_la_maitrise_de_lexpression_orale_B2\"><\/span>Quels exercices pratiques favorisent la ma\u00eetrise de l\u2019expression orale B2 ?<span class=\"ez-toc-section-end\"><\/span><\/h2>\n        \n         \n        <figure class=\"wp-block-image size-full\">\n          <img decoding=\"async\" src=\"https:\/\/www.fle.re\/blog\/wp-content\/uploads\/2025\/12\/Quels-exercices-pratiques-favorisent-la.jpeg\" alt=\"Quels exercices pratiques favorisent la ma\u00eetrise de l\u2019expression orale B2 ?\">\n        <\/figure>\n        \n          \n\n<p class=\"wp-block-paragraph\">\n\u00c0 ce niveau, multiplier les mises en situation concr\u00e8tes est la cl\u00e9 pour se sentir \u00e0 l\u2019aise, m\u00eame sans avoir tout anticip\u00e9. Les d\u00e9bats sont super efficaces : on s\u2019habitue \u00e0 argumenter, \u00e0 rebondir sur des opinions diff\u00e9rentes, \u00e0 improviser parfois. J\u2019aime beaucoup proposer \u00e0 mes \u00e9l\u00e8ves de raconter une anecdote personnelle, de d\u00e9crire un \u00e9v\u00e9nement marquant ou d\u2019expliquer une nouvelle tir\u00e9e d\u2019un journal francophone. Cela d\u00e9veloppe la spontan\u00e9it\u00e9 et permet de s\u2019approprier de nouveaux registres.\n<\/p>\n\n<p class=\"wp-block-paragraph\">\nLes jeux de r\u00f4le sont aussi tr\u00e8s utiles : simuler une r\u00e9union de travail, un entretien avec son propri\u00e9taire, le r\u00e9cit d\u2019un malentendu dr\u00f4le\u2026 On apprend \u00e0 s\u2019adapter au contexte, parfois \u00e0 la contrainte de temps ou de langage \u2013 comme \u00e7a peut arriver lors d\u2019une \u00e9preuve DELF B2. Quant aux <strong>pr\u00e9sentations orales<\/strong>, elles servent \u00e0 pr\u00e9parer un expos\u00e9 structur\u00e9, avec introduction, d\u00e9veloppement, conclusion, et \u00e0 anticiper les questions de l\u2019auditoire. Pour intensifier l\u2019entra\u00eenement, n\u2019h\u00e9sitez pas \u00e0 enregistrer vos prestations et \u00e0 les analyser ensuite : la prise de conscience des automatismes ou fautes r\u00e9currentes acc\u00e9l\u00e8re vraiment la progression.\n<\/p>\n\n<ul class=\"wp-block-list\"><li>Participer r\u00e9guli\u00e8rement \u00e0 des d\u00e9bats sur l\u2019actualit\u00e9 ou la soci\u00e9t\u00e9<\/li><li>Pratiquer des jeux de r\u00f4le vari\u00e9s, adapt\u00e9s aux situations du quotidien<\/li><li>Pr\u00e9parer et pr\u00e9senter de courts expos\u00e9s sur des th\u00e8mes choisis<\/li><li>Enregistrer ses interventions puis effectuer une analyse critique<\/li><li>Utiliser des outils d\u2019intelligence artificielle comme <strong>Talkpal<\/strong> pour interagir en direct<\/li><\/ul>\n\n<h2 class=\"wp-block-heading\"><span class=\"ez-toc-section\" id=\"Quelles_astuces_pour_gerer_le_stress_lors_dune_prise_de_parole_B2\"><\/span>Quelles astuces pour g\u00e9rer le stress lors d\u2019une prise de parole B2 ?<span class=\"ez-toc-section-end\"><\/span><\/h2>\n\n<p class=\"wp-block-paragraph\">\nRien de plus courant que la nervosit\u00e9 \u00e0 l\u2019oral, m\u00eame apr\u00e8s des mois d\u2019apprentissage. Pour le niveau B2, cette appr\u00e9hension se dissipe souvent gr\u00e2ce \u00e0 quelques strat\u00e9gies \u00e9prouv\u00e9es. D\u00e9j\u00e0, il faut accepter de ne pas forc\u00e9ment atteindre la perfection : l\u2019authenticit\u00e9 pla\u00eet presque toujours davantage aux interlocuteurs que la rigidit\u00e9. Pr\u00e9parer des <strong>phrases de secours<\/strong> telles que \u00ab attendez, je reformule \u00bb ou \u00ab je n\u2019ai pas le mot exact, mais\u2026 \u00bb \u00e9vite les blancs g\u00eanants et redonne du rythme \u00e0 l\u2019\u00e9change.\n<\/p>\n\n<p class=\"wp-block-paragraph\">\nTravailler la respiration (expirer calmement avant de parler, poser la voix) aide aussi \u00e0 se relaxer. Personnellement, j\u2019ai constat\u00e9 que le fait de visualiser les \u00e9changes \u00e0 venir (comme r\u00e9p\u00e9ter mentalement ses introductions ou imaginer des r\u00e9ponses \u00e0 des questions probables) rassure \u00e9norm\u00e9ment. Autre point : il ne faut pas h\u00e9siter \u00e0 demander un feedback bienveillant apr\u00e8s une prise de parole, aupr\u00e8s d\u2019un natif, d\u2019un formateur ou via une plateforme sp\u00e9cialis\u00e9e. Pour approfondir, n\u2019h\u00e9sitez pas \u00e0 lire <a href=\"https:\/\/www.fle.re\/blog\/aider-eleve-fle-pression\/\">cet article efficace pour r\u00e9duire la pression lors des \u00e9preuves orales<\/a>.\n<\/p>\n\n<figure class=\"wp-block-table\"><table>\n<tr>\n<th>Astuce anti-stress<\/th>\n<th>Efficacit\u00e9<\/th>\n<th>Quand l\u2019utiliser<\/th>\n<\/tr>\n<tr>\n<td>Pr\u00e9parer des phrases de transition<\/td>\n<td><strong>Tr\u00e8s utile<\/strong><\/td>\n<td>En cas d\u2019h\u00e9sitation ou de trou de m\u00e9moire<\/td>\n<\/tr>\n<tr>\n<td>Respiration guid\u00e9e<\/td>\n<td><strong>Efficace<\/strong><\/td>\n<td>Avant et pendant la prise de parole<\/td>\n<\/tr>\n<tr>\n<td>Visualisation mentale<\/td>\n<td><strong>Bonne<\/strong><\/td>\n<td>La veille de l\u2019oral ou avant un entretien important<\/td>\n<\/tr>\n<\/table><\/figure>\n\n<h2 class=\"wp-block-heading\"><span class=\"ez-toc-section\" id=\"Quels_outils_numeriques_utiliser_pour_progresser_a_loral_au_niveau_B2\"><\/span>Quels outils num\u00e9riques utiliser pour progresser \u00e0 l\u2019oral au niveau B2 ?<span class=\"ez-toc-section-end\"><\/span><\/h2>\n\n<p class=\"wp-block-paragraph\">\nLe num\u00e9rique offre aujourd\u2019hui une nouvelle dynamique pour progresser efficacement \u00e0 l\u2019oral. Plateformes sp\u00e9cialis\u00e9es, applications mobiles interactives ou outils d\u2019intelligence artificielle proposent des entra\u00eenements adapt\u00e9s \u00e0 chaque profil. Parmi celles qui font la diff\u00e9rence \u00e0 mes yeux, <strong>Talkpal<\/strong> se d\u00e9marque gr\u00e2ce \u00e0 ses conversations interactives : vous discutez en temps r\u00e9el, recevez des feedbacks personnalis\u00e9s et adaptez le niveau de difficult\u00e9 selon vos objectifs. Les simulateurs d\u2019entretien, podcasts d\u00e9di\u00e9s et groupes d\u2019\u00e9change \u00e0 distance (<i>tandem linguistique<\/i>) sont aussi pl\u00e9biscit\u00e9s par les apprenants cherchant \u00e0 diversifier leurs contextes d\u2019expression orale.<\/p>\n\n<p class=\"wp-block-paragraph\">\nPour booster les progr\u00e8s, il peut \u00eatre int\u00e9ressant d\u2019alterner sessions courtes et entra\u00eenements plus intenses, afin de travailler chaque aspect : fluidit\u00e9, argumentation, spontan\u00e9it\u00e9, prononciation. On n\u2019h\u00e9site pas \u00e0 coupler ces outils num\u00e9riques \u00e0 des ressources traditionnelles \u2013 par exemple, une pr\u00e9sentation pr\u00e9par\u00e9e en cours pourra \u00eatre r\u00e9p\u00e9t\u00e9e puis retravaill\u00e9e via une conversation sur Talkpal ou un podcast. Ce m\u00e9lange des genres, entre humain et technologie, offre un \u00e9quilibre pr\u00e9cieux pour que la <strong>production orale niveau B2<\/strong> reste plaisante et r\u00e9ellement efficace sur la dur\u00e9e.<\/p>\n\n<h2 class=\"wp-block-heading\"><span class=\"ez-toc-section\" id=\"Conclusion\"><\/span>Conclusion<span class=\"ez-toc-section-end\"><\/span><\/h2>\n        \n         \n        <figure class=\"wp-block-image size-full\">\n          <img decoding=\"async\" src=\"https:\/\/www.fle.re\/blog\/wp-content\/uploads\/2025\/12\/Conclusion-81.jpeg\" alt=\"Conclusion\">\n        <\/figure>\n        \n          \n\n<p class=\"wp-block-paragraph\">\nAtteindre le <strong>niveau B2 en fran\u00e7ais<\/strong> permet de s\u2019exprimer avec aisance et naturel dans une grande vari\u00e9t\u00e9 de situations. Cette capacit\u00e9 \u00e0 <strong>structurer ses id\u00e9es<\/strong> et nuancer ses propos ouvre la porte \u00e0 des \u00e9changes plus riches, que ce soit dans le milieu professionnel, lors d\u2019\u00e9tudes, ou dans la vie quotidienne. Il devient alors possible de <strong>d\u00e9fendre une opinion, argumenter sur des sujets<\/strong> actuels ou encore partager des exp\u00e9riences personnelles avec plus de confiance.\n<\/p>\n\n<p class=\"wp-block-paragraph\">\nLa progression vers ce niveau repose sur une <strong>pratique orale r\u00e9guli\u00e8re<\/strong>, l\u2019\u00e9largissement de son <strong>vocabulaire<\/strong> et une attention particuli\u00e8re \u00e0 la <strong>prononciation<\/strong> et \u00e0 l\u2019intonation. L\u2019utilisation d\u2019outils interactifs, comme Talkpal, facilite v\u00e9ritablement cette mont\u00e9e en comp\u00e9tences. N\u2019h\u00e9sitez pas \u00e0 int\u00e9grer des ressources vari\u00e9es et \u00e0 multiplier les occasions de parler pour progresser avec plaisir sur cette belle route de l\u2019apprentissage.\n<\/p>\n\n<p class=\"wp-block-paragraph\"><section class=\"faq\">\n<div>\n<h2><span class=\"ez-toc-section\" id=\"Comment_ameliorer_la_fluidite_a_loral_en_francais_niveau_B2\"><\/span>Comment am\u00e9liorer la fluidit\u00e9 \u00e0 l\u2019oral en fran\u00e7ais niveau B2 ?<span class=\"ez-toc-section-end\"><\/span><\/h2>\n<div>\n<p>\n        Pour renforcer la <strong>fluidit\u00e9 \u00e0 l\u2019oral en fran\u00e7ais niveau B2<\/strong>, il est conseill\u00e9 de pratiquer r\u00e9guli\u00e8rement avec des locuteurs natifs ou via des plateformes interactives. Variez les sujets abord\u00e9s, utilisez des ressources telles que <a href=\"https:\/\/www.fle.re\/blog\/test-niveau-francais-gratuit\/\">tests de niveau<\/a> et \u00e9coutez des podcasts vari\u00e9s. Travaillez la r\u00e9p\u00e9tition de phrases et de dialogues, et enregistrez-vous pour auto-corriger votre prononciation. Participer \u00e0 des d\u00e9bats et raconter des exp\u00e9riences personnelles vous aidera \u00e0 structurer votre discours et \u00e0 gagner en assurance. Enfin, relisez \u00e0 voix haute des articles ou dialogues pour renforcer l\u2019aisance et rep\u00e9rer les points \u00e0 am\u00e9liorer.\n<\/p>\n<\/div>\n<\/div>\n<div>\n<h2><span class=\"ez-toc-section\" id=\"Quels_exercices_specifiques_recommandes_pour_sexprimer_aisement\"><\/span>Quels exercices sp\u00e9cifiques recommand\u00e9s pour s\u2019exprimer ais\u00e9ment ?<span class=\"ez-toc-section-end\"><\/span><\/h2>\n<div>\n<p>\n        Pour <strong>s\u2019exprimer ais\u00e9ment en fran\u00e7ais niveau B2<\/strong>, privil\u00e9giez des exercices comme les d\u00e9bats sur des th\u00e8mes d\u2019actualit\u00e9, la simulation d\u2019entretiens professionnels ou de situations administratives, et les r\u00e9cits personnels. Pr\u00e9parez des pr\u00e9sentations courtes, enrichissez votre vocabulaire avec des listes th\u00e9matiques, et r\u00e9p\u00e9tez \u00e0 haute voix des textes en variant intonation et rythme. Les jeux de r\u00f4le en bin\u00f4me et les \u00e9changes sur des plateformes comme Talkpal sont aussi tr\u00e8s efficaces. Pensez \u00e0 revoir ensuite chaque intervention pour l\u2019am\u00e9liorer, en vous concentrant sur la clart\u00e9 et la pr\u00e9cision.\n<\/p>\n<\/div>\n<\/div>\n<div>\n<h2><span class=\"ez-toc-section\" id=\"Comment_enrichir_son_vocabulaire_au_niveau_B2_pour_loral\"><\/span>Comment enrichir son vocabulaire au niveau B2 pour l\u2019oral ?<span class=\"ez-toc-section-end\"><\/span><\/h2>\n        \n         \n        <figure class=\"wp-block-image size-full\">\n          <img decoding=\"async\" src=\"https:\/\/www.fle.re\/blog\/wp-content\/uploads\/2025\/12\/Comment-enrichir-son-vocabulaire-au.jpeg\" alt=\"Comment enrichir son vocabulaire au niveau B2 pour l\u2019oral ?\">\n        <\/figure>\n        \n          \n         \n        <figure class=\"wp-block-image size-full\">\n          <img decoding=\"async\" src=\"https:\/\/www.fle.re\/blog\/wp-content\/uploads\/2025\/12\/Sources-31.jpeg\" alt=\"Sources\">\n        <\/figure>\n        \n          \n\n<ol class=\"wp-block-list\"><li>Conseil de l\u2019Europe. \u00ab Cadre europ\u00e9en commun de r\u00e9f\u00e9rence pour les langues : apprendre, enseigner, \u00e9valuer (CECRL) \u00bb. Conseil de l\u2019Europe, 2020-02-07. Consult\u00e9 le 2024-06-21. <a href=\"https:\/\/www.coe.int\/fr\/web\/common-european-framework-reference-languages\/\" rel=\"nofollow noopener noreferrer\" target=\"_blank\">Consulter<\/a><\/li><li>France \u00c9ducation international. \u00ab Dipl\u00f4mes et tests de langue fran\u00e7aise (DELF, DALF, TCF) \u00bb. France \u00c9ducation international, 2023-11-16. Consult\u00e9 le 2024-06-21. <a href=\"https:\/\/www.france-education-international.fr\/test-et-certification\/langue-francaise\" rel=\"nofollow noopener noreferrer\" target=\"_blank\">Consulter<\/a><\/li><li>Minist\u00e8re de l\u2019\u00c9ducation nationale et de la Jeunesse. \u00ab Ma\u00eetriser l\u2019oral en fran\u00e7ais \u2013 Ressources pour le cycle terminal \u00bb. \u00c9duscol, 2022-03-30. Consult\u00e9 le 2024-06-21. <a href=\"https:\/\/eduscol.education.fr\/odysseum\/maitriser-l-oral-en-francais-ressources-pour-le-cycle-terminal\" rel=\"nofollow noopener noreferrer\" target=\"_blank\">Consulter<\/a><\/li><li>Commission nationale de l\u2019informatique et des libert\u00e9s (CNIL). \u00ab Bonnes pratiques pour les outils d\u2019apprentissage en ligne \u00bb. CNIL, 2023-06-12. Consult\u00e9 le 2024-06-21. <a href=\"https:\/\/www.cnil.fr\/fr\/bonnes-pratiques-outils-apprentissage-ligne\" rel=\"nofollow noopener noreferrer\" target=\"_blank\">Consulter<\/a><\/li><\/ol>\n\n<\/div><\/section><\/p>\n","protected":false},"excerpt":{"rendered":"<p>Atteindre le niveau B2 en fran\u00e7ais, c\u2019est s\u2019offrir la capacit\u00e9 de prendre la parole sans h\u00e9sitation et d\u2019aller droit au [&hellip;]<\/p>\n","protected":false},"author":2,"featured_media":806,"comment_status":"open","ping_status":"open","sticky":false,"template":"","format":"standard","meta":{"_crdt_document":"","site-sidebar-layout":"default","site-content-layout":"","ast-site-content-layout":"default","site-content-style":"default","site-sidebar-style":"default","ast-global-header-display":"","ast-banner-title-visibility":"","ast-main-header-display":"","ast-hfb-above-header-display":"","ast-hfb-below-header-display":"","ast-hfb-mobile-header-display":"","site-post-title":"","ast-breadcrumbs-content":"","ast-featured-img":"","footer-sml-layout":"","ast-disable-related-posts":"","theme-transparent-header-meta":"","adv-header-id-meta":"","stick-header-meta":"","header-above-stick-meta":"","header-main-stick-meta":"","header-below-stick-meta":"","astra-migrate-meta-layouts":"default","ast-page-background-enabled":"default","ast-page-background-meta":{"desktop":{"background-color":"var(--ast-global-color-5)","background-image":"","background-repeat":"repeat","background-position":"center center","background-size":"auto","background-attachment":"scroll","background-type":"","background-media":"","overlay-type":"","overlay-color":"","overlay-opacity":"","overlay-gradient":""},"tablet":{"background-color":"","background-image":"","background-repeat":"repeat","background-position":"center center","background-size":"auto","background-attachment":"scroll","background-type":"","background-media":"","overlay-type":"","overlay-color":"","overlay-opacity":"","overlay-gradient":""},"mobile":{"background-color":"","background-image":"","background-repeat":"repeat","background-position":"center center","background-size":"auto","background-attachment":"scroll","background-type":"","background-media":"","overlay-type":"","overlay-color":"","overlay-opacity":"","overlay-gradient":""}},"ast-content-background-meta":{"desktop":{"background-color":"var(--ast-global-color-4)","background-image":"","background-repeat":"repeat","background-position":"center center","background-size":"auto","background-attachment":"scroll","background-type":"","background-media":"","overlay-type":"","overlay-color":"","overlay-opacity":"","overlay-gradient":""},"tablet":{"background-color":"var(--ast-global-color-4)","background-image":"","background-repeat":"repeat","background-position":"center center","background-size":"auto","background-attachment":"scroll","background-type":"","background-media":"","overlay-type":"","overlay-color":"","overlay-opacity":"","overlay-gradient":""},"mobile":{"background-color":"var(--ast-global-color-4)","background-image":"","background-repeat":"repeat","background-position":"center center","background-size":"auto","background-attachment":"scroll","background-type":"","background-media":"","overlay-type":"","overlay-color":"","overlay-opacity":"","overlay-gradient":""}},"footnotes":""},"categories":[713],"tags":[8263,8266,8269,8272,8275],"class_list":["post-2970","post","type-post","status-publish","format-standard","has-post-thumbnail","hentry","category-non-classe-vi","tag-apprentissage-francais-b2-vi","tag-competences-linguistiques-b2-vi","tag-expression-orale-b2-vi","tag-francais-niveau-b2-vi","tag-sexprimer-aisement-en-francais-vi"],"_links":{"self":[{"href":"https:\/\/www.fle.re\/blog\/wp-json\/wp\/v2\/posts\/2970","targetHints":{"allow":["GET"]}}],"collection":[{"href":"https:\/\/www.fle.re\/blog\/wp-json\/wp\/v2\/posts"}],"about":[{"href":"https:\/\/www.fle.re\/blog\/wp-json\/wp\/v2\/types\/post"}],"author":[{"embeddable":true,"href":"https:\/\/www.fle.re\/blog\/wp-json\/wp\/v2\/users\/2"}],"replies":[{"embeddable":true,"href":"https:\/\/www.fle.re\/blog\/wp-json\/wp\/v2\/comments?post=2970"}],"version-history":[{"count":1,"href":"https:\/\/www.fle.re\/blog\/wp-json\/wp\/v2\/posts\/2970\/revisions"}],"predecessor-version":[{"id":2971,"href":"https:\/\/www.fle.re\/blog\/wp-json\/wp\/v2\/posts\/2970\/revisions\/2971"}],"wp:featuredmedia":[{"embeddable":true,"href":"https:\/\/www.fle.re\/blog\/wp-json\/wp\/v2\/media\/806"}],"wp:attachment":[{"href":"https:\/\/www.fle.re\/blog\/wp-json\/wp\/v2\/media?parent=2970"}],"wp:term":[{"taxonomy":"category","embeddable":true,"href":"https:\/\/www.fle.re\/blog\/wp-json\/wp\/v2\/categories?post=2970"},{"taxonomy":"post_tag","embeddable":true,"href":"https:\/\/www.fle.re\/blog\/wp-json\/wp\/v2\/tags?post=2970"}],"curies":[{"name":"wp","href":"https:\/\/api.w.org\/{rel}","templated":true}]}}