{"id":311,"date":"2026-01-06T18:19:10","date_gmt":"2026-01-06T18:19:10","guid":{"rendered":"https:\/\/www.fle.re\/blog\/?p=311"},"modified":"2026-01-13T15:58:33","modified_gmt":"2026-01-13T15:58:33","slug":"grammaire-adjectifs","status":"publish","type":"post","link":"https:\/\/www.fle.re\/blog\/grammaire-adjectifs\/","title":{"rendered":"Grammaire fran\u00e7aise : ma\u00eetriser les adjectifs"},"content":{"rendered":"\n<p class=\"wp-block-paragraph\">Ma\u00eetriser les <strong>adjectifs qualificatifs<\/strong> en <strong>grammaire fran\u00e7aise<\/strong> apporte une vraie aisance pour comprendre et s\u2019exprimer pr\u00e9cis\u00e9ment. D\u00e8s qu\u2019on veut d\u00e9crire <strong>une personne, un objet ou une situation<\/strong>, impossible d\u2019\u00e9viter ces petits mots qui donnent tout leur relief \u00e0 nos phrases. Les adjectifs accompagnent nos exp\u00e9riences quotidiennes : \u00ab Ces films sont ennuyeux \u00bb, \u00ab Hassan est brillant \u00bb, ou encore \u00ab des lunettes noires \u00bb. On le sent vite, savoir <i>accorder les adjectifs<\/i> selon le genre et le nombre rend la communication imm\u00e9diate et fluide.<\/p>\n\n\n\n<p class=\"wp-block-paragraph\">Ce n\u2019est pas toujours instinctif de placer un adjectif au bon endroit ou de le choisir correctement. La logique fran\u00e7aise est parfois surprenante, comme pour la position de certain adjectifs ou l\u2019accord des adjectifs de couleur. Pensez par exemple \u00e0 la diff\u00e9rence entre \u00ab de vieux amis \u00bb et \u00ab des amis vieux \u00bb. Alors, pour comprendre toutes ces nuances, pas besoin de th\u00e9ories complexes, il suffit de s\u2019armer des <strong>r\u00e8gles de base<\/strong> et de quelques astuces pratiques. C\u2019est la garantie de r\u00e9diger et parler avec clart\u00e9, naturel et confiance en soi gr\u00e2ce \u00e0 <i>la plateforme FLE.RE<\/i>.<\/p>\n\n\n\n<figure class=\"wp-block-embed is-type-video is-provider-youtube wp-block-embed-youtube wp-embed-aspect-16-9 wp-has-aspect-ratio\"><div class=\"wp-block-embed__wrapper\">\n<iframe loading=\"lazy\" title=\"\ud83d\ude04\ud83d\udcac 50 MOTS fran\u00e7ais pour la conversation | ADJECTIFS pour qualifier et d\u00e9crire en fran\u00e7ais\" width=\"500\" height=\"281\" src=\"https:\/\/www.youtube.com\/embed\/-9sE87EJkq0?feature=oembed\" frameborder=\"0\" allow=\"accelerometer; autoplay; clipboard-write; encrypted-media; gyroscope; picture-in-picture; web-share\" referrerpolicy=\"strict-origin-when-cross-origin\" allowfullscreen><\/iframe>\n<\/div><\/figure>\n\n\n\n<div id=\"ez-toc-container\" class=\"ez-toc-v2_0_82_2 ez-toc-wrap-center counter-hierarchy ez-toc-counter ez-toc-transparent ez-toc-container-direction\">\n<div class=\"ez-toc-title-container\">\n<p class=\"ez-toc-title\" style=\"cursor:inherit\">Sommaire<\/p>\n<span class=\"ez-toc-title-toggle\"><a href=\"#\" class=\"ez-toc-pull-right ez-toc-btn ez-toc-btn-xs ez-toc-btn-default ez-toc-toggle\" aria-label=\"Toggle Table of Content\"><span class=\"ez-toc-js-icon-con\"><span class=\"\"><span class=\"eztoc-hide\" style=\"display:none;\">Toggle<\/span><span class=\"ez-toc-icon-toggle-span\"><svg style=\"fill: #999;color:#999\" xmlns=\"http:\/\/www.w3.org\/2000\/svg\" class=\"list-377408\" width=\"20px\" height=\"20px\" viewBox=\"0 0 24 24\" fill=\"none\"><path d=\"M6 6H4v2h2V6zm14 0H8v2h12V6zM4 11h2v2H4v-2zm16 0H8v2h12v-2zM4 16h2v2H4v-2zm16 0H8v2h12v-2z\" fill=\"currentColor\"><\/path><\/svg><svg style=\"fill: #999;color:#999\" class=\"arrow-unsorted-368013\" xmlns=\"http:\/\/www.w3.org\/2000\/svg\" width=\"10px\" height=\"10px\" viewBox=\"0 0 24 24\" version=\"1.2\" baseProfile=\"tiny\"><path d=\"M18.2 9.3l-6.2-6.3-6.2 6.3c-.2.2-.3.4-.3.7s.1.5.3.7c.2.2.4.3.7.3h11c.3 0 .5-.1.7-.3.2-.2.3-.5.3-.7s-.1-.5-.3-.7zM5.8 14.7l6.2 6.3 6.2-6.3c.2-.2.3-.5.3-.7s-.1-.5-.3-.7c-.2-.2-.4-.3-.7-.3h-11c-.3 0-.5.1-.7.3-.2.2-.3.5-.3.7s.1.5.3.7z\"\/><\/svg><\/span><\/span><\/span><\/a><\/span><\/div>\n<nav><ul class='ez-toc-list ez-toc-list-level-1 eztoc-toggle-hide-by-default' ><li class='ez-toc-page-1 ez-toc-heading-level-2'><a class=\"ez-toc-link ez-toc-heading-1\" href=\"https:\/\/www.fle.re\/blog\/grammaire-adjectifs\/#Comment_reconnaitre_un_adjectif_qualificatif_en_francais\" >Comment reconna\u00eetre un adjectif qualificatif en fran\u00e7ais&nbsp;?<\/a><\/li><li class='ez-toc-page-1 ez-toc-heading-level-2'><a class=\"ez-toc-link ez-toc-heading-2\" href=\"https:\/\/www.fle.re\/blog\/grammaire-adjectifs\/#Quel_est_laccord_correct_des_adjectifs_qualificatifs\" >Quel est l\u2019accord correct des adjectifs qualificatifs ?<\/a><\/li><li class='ez-toc-page-1 ez-toc-heading-level-2'><a class=\"ez-toc-link ez-toc-heading-3\" href=\"https:\/\/www.fle.re\/blog\/grammaire-adjectifs\/#Ou_placer_ladjectif_qualificatif_dans_la_phrase\" >O\u00f9 placer l\u2019adjectif qualificatif dans la phrase &nbsp;?<\/a><\/li><li class='ez-toc-page-1 ez-toc-heading-level-2'><a class=\"ez-toc-link ez-toc-heading-4\" href=\"https:\/\/www.fle.re\/blog\/grammaire-adjectifs\/#Quelles_sont_les_specificites_dans_laccord_des_adjectifs_de_couleur\" >Quelles sont les sp\u00e9cificit\u00e9s dans l\u2019accord des adjectifs de couleur ?<\/a><\/li><li class='ez-toc-page-1 ez-toc-heading-level-2'><a class=\"ez-toc-link ez-toc-heading-5\" href=\"https:\/\/www.fle.re\/blog\/grammaire-adjectifs\/#Quels_sont_les_cas_particuliers_a_connaitre_pour_bien_utiliser_les_adjectifs\" >Quels sont les cas particuliers \u00e0 conna\u00eetre pour bien utiliser les adjectifs&nbsp;?<\/a><\/li><li class='ez-toc-page-1 ez-toc-heading-level-2'><a class=\"ez-toc-link ez-toc-heading-6\" href=\"https:\/\/www.fle.re\/blog\/grammaire-adjectifs\/#Conclusion\" >Conclusion<\/a><\/li><li class='ez-toc-page-1 ez-toc-heading-level-2'><a class=\"ez-toc-link ez-toc-heading-7\" href=\"https:\/\/www.fle.re\/blog\/grammaire-adjectifs\/#Grammaire_francaise_maitriser_les_adjectifs_de_couleur\" >Grammaire fran\u00e7aise : ma\u00eetriser les adjectifs de couleur<\/a><\/li><li class='ez-toc-page-1 ez-toc-heading-level-2'><a class=\"ez-toc-link ez-toc-heading-8\" href=\"https:\/\/www.fle.re\/blog\/grammaire-adjectifs\/#Comment_reconnaitre_un_adjectif_epithete_ou_attribut_en_grammaire\" >Comment reconna\u00eetre un adjectif \u00e9pith\u00e8te ou attribut en grammaire ?<\/a><\/li><li class='ez-toc-page-1 ez-toc-heading-level-2'><a class=\"ez-toc-link ez-toc-heading-9\" href=\"https:\/\/www.fle.re\/blog\/grammaire-adjectifs\/#Quelles_sont_les_principales_exceptions_daccord_des_adjectifs\" >Quelles sont les principales exceptions d\u2019accord des adjectifs ?<\/a><\/li><li class='ez-toc-page-1 ez-toc-heading-level-2'><a class=\"ez-toc-link ez-toc-heading-10\" href=\"https:\/\/www.fle.re\/blog\/grammaire-adjectifs\/#Ou_placer_ladjectif_dans_la_phrase_pour_une_maitrise_avancee\" >O\u00f9 placer l\u2019adjectif dans la phrase pour une ma\u00eetrise avanc\u00e9e ?<\/a><\/li><li class='ez-toc-page-1 ez-toc-heading-level-2'><a class=\"ez-toc-link ez-toc-heading-11\" href=\"https:\/\/www.fle.re\/blog\/grammaire-adjectifs\/#Comment_former_le_comparatif_et_le_superlatif_des_adjectifs%E2%80%89\" >Comment former le comparatif et le superlatif des adjectifs\u2009?<\/a><\/li><li class='ez-toc-page-1 ez-toc-heading-level-2'><a class=\"ez-toc-link ez-toc-heading-12\" href=\"https:\/\/www.fle.re\/blog\/grammaire-adjectifs\/#Sources\" >Sources<\/a><\/li><\/ul><\/nav><\/div>\n<h2 class=\"wp-block-heading\"><span class=\"ez-toc-section\" id=\"Comment_reconnaitre_un_adjectif_qualificatif_en_francais\"><\/span>Comment reconna\u00eetre un adjectif qualificatif en fran\u00e7ais&nbsp;?<span class=\"ez-toc-section-end\"><\/span><\/h2>\n\n\n\n<p class=\"wp-block-paragraph\">\nUn adjectif qualificatif permet de donner des pr\u00e9cisions sur un nom ou un pronom, en fournissant des informations pr\u00e9cieuses comme la couleur, la taille, le caract\u00e8re ou tout autre aspect. En gros, il sert \u00e0 embellir ou pr\u00e9ciser le propos. Pour l\u2019identifier, rien de sorcier&nbsp;: il accompagne toujours un nom (commun ou propre) ou parfois un pronom, et il s\u2019accorde en <strong>genre et en nombre<\/strong> avec ce qu\u2019il qualifie. Par exemple&nbsp;: \u00ab&nbsp;Zo\u00e9 est une girafe <strong>belle<\/strong>&nbsp;\u00bb, l\u2019adjectif <strong>belle<\/strong> est au f\u00e9minin singulier parce qu\u2019il qualifie \u00ab&nbsp;girafe&nbsp;\u00bb qui est f\u00e9minin singulier. Si tu modifies le nombre ou le genre du nom, l\u2019adjectif suit&nbsp;: \u00ab&nbsp;deux chiens <strong>bruns<\/strong>&nbsp;\u00bb, \u00ab&nbsp;cette femme <strong>courageuse<\/strong>&nbsp;\u00bb.\n<\/p>\n\n\n\n<p class=\"wp-block-paragraph\">\nOn distingue deux types d\u2019adjectifs qualificatifs. L\u2019<strong>adjectif \u00e9pith\u00e8te<\/strong> est accol\u00e9 directement au nom dans le groupe nominal. Par exemple&nbsp;: \u00ab&nbsp;<i>un petit chat<\/i>&nbsp;\u00bb. L\u2019<strong>adjectif attribut<\/strong> se relie au nom par un verbe d\u2019\u00e9tat comme \u00eatre, para\u00eetre ou sembler&nbsp;: \u00ab&nbsp;<i>Les \u00e9l\u00e8ves sont silencieux<\/i>&nbsp;\u00bb. Cette nuance peut sembler subtile, mais elle est utile, surtout lorsqu\u2019on travaille l\u2019expression ou la r\u00e9daction. Sur la plateforme <a href=\"https:\/\/www.fle.re\/blog\/grammaire-francaise-debutants\/\">fle.re<\/a>, tu peux approfondir ce point et t\u2019entra\u00eener facilement.\n<\/p>\n\n\n\n<p class=\"wp-block-paragraph\">\nOn rep\u00e8re g\u00e9n\u00e9ralement un adjectif qualificatif par ses terminaisons qui varient selon le nom qu\u2019il accompagne. Il changera pour s\u2019accorder, ce qui est une belle gymnastique pour la m\u00e9moire. Un dernier rep\u00e8re&nbsp;: certains adjectifs courts et fr\u00e9quents comme <strong>grand<\/strong>, <strong>petit<\/strong>, <strong>bon<\/strong> ou <strong>mauvais<\/strong> se placent plus souvent <span style=\"font-style: italic\">avant<\/span> le nom. Mais bien entendu, il y a des exceptions et des subtilit\u00e9s\u2026 Bref, l\u2019adjectif, c\u2019est la touche perso du fran\u00e7ais.\n<\/p>\n\n\n\n<h2 class=\"wp-block-heading\"><span class=\"ez-toc-section\" id=\"Quel_est_laccord_correct_des_adjectifs_qualificatifs\"><\/span>Quel est l\u2019accord correct des adjectifs qualificatifs ?<span class=\"ez-toc-section-end\"><\/span><\/h2>\n\n\n\n<p class=\"wp-block-paragraph\">\nAccorder un <strong>adjectif qualificatif<\/strong> en fran\u00e7ais, c\u2019est respecter le genre (masculin ou f\u00e9minin) et le nombre (singulier ou pluriel) du nom qu\u2019il qualifie. En g\u00e9n\u00e9ral, tu ajoutes un \u00ab e \u00bb \u00e0 l\u2019adjectif pour un nom f\u00e9minin, un \u00ab s \u00bb pour un pluriel, et un \u00ab es \u00bb si le nom est f\u00e9minin pluriel. Des exemples&nbsp;? Facile[[petit devient petite, petits, petites]]. Mais attention, certains adjectifs comme <strong>heureux<\/strong> font <strong>heureuse<\/strong> au f\u00e9minin. D\u2019autres changent radicalement, par exemple \u00ab&nbsp;blanc&nbsp;\u00bb (masculin) devient \u00ab&nbsp;blanche&nbsp;\u00bb (f\u00e9minin). Il y a vraiment des variantes qui m\u00e9ritent un regard attentif pour ne pas se faire surprendre.\n<\/p>\n\n\n\n<ul class=\"wp-block-list\">\n<li>fort \u2192 forte (fem. sing.), forts (masc. plur.), fortes (f\u00e9m. plur.)<\/li>\n\n\n\n<li>nouveau \u2192 nouvelle, nouveaux, nouvelles<\/li>\n\n\n\n<li>bref \u2192 br\u00e8ve, brefs, br\u00e8ves<\/li>\n\n\n\n<li>vif \u2192 vive, vifs, vives<\/li>\n\n\n\n<li>long \u2192 longue, longs, longues<\/li>\n<\/ul>\n\n\n\n<h2 class=\"wp-block-heading\"><span class=\"ez-toc-section\" id=\"Ou_placer_ladjectif_qualificatif_dans_la_phrase\"><\/span>O\u00f9 placer l\u2019adjectif qualificatif dans la phrase &nbsp;?<span class=\"ez-toc-section-end\"><\/span><\/h2>\n\n\n\n<p class=\"wp-block-paragraph\">\nLa place de l\u2019adjectif qualificatif, \u00e7a fait parfois d\u00e9bat\u2026 En fran\u00e7ais, beaucoup se placent apr\u00e8s le nom, surtout ceux qui pr\u00e9cisent une relation comme la nationalit\u00e9, la cat\u00e9gorie ou la couleur. Par exemple&nbsp;: <strong>des lunettes noires<\/strong>, <strong>la danse moderne<\/strong>, <i>les familles juives<\/i>. Les adjectifs de couleur suivent toujours le nom, sauf \u00ab&nbsp;quelques rares exceptions&nbsp;\u00bb (rose, mauve\u2026 qui s\u2019accordent). Mais avec certains adjectifs courts ou tr\u00e8s utilis\u00e9s comme <strong>petit<\/strong>, <strong>grand<\/strong>, <strong>joli<\/strong>, c\u2019est avant le nom&nbsp;: \u00ab&nbsp;un <strong>beau<\/strong> livre&nbsp;\u00bb, \u00ab&nbsp;une <strong>petite<\/strong> maison&nbsp;\u00bb.\n<\/p>\n\n\n\n<p class=\"wp-block-paragraph\">\nParfois, selon la position de l\u2019adjectif, le sens change franchement. Disons, avec \u00ab&nbsp;<strong>seuls<\/strong> les \u00e9l\u00e8ves motiv\u00e9s&nbsp;\u00bb (pas d\u2019autres \u00e9l\u00e8ves), et \u00ab&nbsp;des \u00e9l\u00e8ves seuls&nbsp;\u00bb (ils sont sans compagnie). Il faut aussi veiller pour les phrases un peu litt\u00e9raires ou recherch\u00e9es&nbsp;: l\u2019adjectif se mettra fr\u00e9quemment avant le nom, pour l\u2019effet. Anecdote, on entend souvent \u00ab&nbsp;J\u2019ai trouv\u00e9 de magnifiques rideaux&nbsp;\u00bb en magasin. Enfin, si deux adjectifs doivent normalement se placer avant le nom, on les coordonne, comme dans \u00ab&nbsp;un grand et beau parc&nbsp;\u00bb.\n<\/p>\n\n\n\n<p class=\"wp-block-paragraph\">\nAutre subtilit\u00e9&nbsp;: avec un adjectif avant ET apr\u00e8s le nom, on peut nuancer la description&nbsp;: \u00ab&nbsp;un adorable lapin blanc&nbsp;\u00bb. Ce placement donne une coloration bien diff\u00e9rente \u00e0 la phrase et, pour quelqu\u2019un qui apprend, \u00e7a peut faire toute la diff\u00e9rence \u00e0 la compr\u00e9hension. L\u2019usage varie aussi entre le langage quotidien et plus soutenu. Pour aller plus loin, <a href=\"https:\/\/www.fle.re\/blog\/grammaire-francaise-debutants\/\">fle.re<\/a> propose des exercices pratiques pour te familiariser avec ces variantes.\n<\/p>\n\n\n\n<h2 class=\"wp-block-heading\"><span class=\"ez-toc-section\" id=\"Quelles_sont_les_specificites_dans_laccord_des_adjectifs_de_couleur\"><\/span>Quelles sont les sp\u00e9cificit\u00e9s dans l\u2019accord des adjectifs de couleur ?<span class=\"ez-toc-section-end\"><\/span><\/h2>\n\n\n\n<p class=\"wp-block-paragraph\">\nLes <strong>adjectifs de couleur<\/strong> pr\u00e9sentent quelques subtilit\u00e9s qui d\u00e9concertent parfois m\u00eame les francophones&nbsp;! Lorsqu\u2019il s\u2019agit d\u2019une couleur simple, l\u2019accord se fait selon la r\u00e8gle classique&nbsp;: genre et nombre comme le nom. Exemple&nbsp;: \u00ab&nbsp;des chemises blanches&nbsp;\u00bb, \u00ab&nbsp;les verres bleus&nbsp;\u00bb. Mais si la couleur est issue d\u2019un nom de fruit, de min\u00e9ral ou autre, elle reste souvent *invariable*. On dira&nbsp;: \u00ab&nbsp;des foulards orange&nbsp;\u00bb, \u00ab&nbsp;des robes marron&nbsp;\u00bb. Quelques exceptions \u00e0 retenir&nbsp;: *rose*, *mauve*, *\u00e9carlate*, *pourpre*, *vermeil*, *incarnat*, et *fauve* qui s\u2019accordent tout de m\u00eame.\n<\/p>\n\n\n\n<figure class=\"wp-block-table\"><table>\n<tr>\n<th>Adjectif de couleur<\/th>\n<th>Accord classique<\/th>\n<th>Exception (invariable)<\/th>\n<\/tr>\n<tr>\n<td>bleu<\/td>\n<td>des chemises bleues<\/td>\n<td>&#8211;<\/td>\n<\/tr>\n<tr>\n<td>orange<\/td>\n<td>&#8211;<\/td>\n<td>des housses orange<\/td>\n<\/tr>\n<tr>\n<td>rose<\/td>\n<td>des plafonds roses<\/td>\n<td>&#8211;<\/td>\n<\/tr>\n<\/table><\/figure>\n\n\n\n<p class=\"wp-block-paragraph\">\nD\u00e8s qu\u2019il s\u2019agit d\u2019un adjectif <strong>compos\u00e9<\/strong> (par exemple&nbsp;: \u00ab&nbsp;vert fonc\u00e9&nbsp;\u00bb, \u00ab&nbsp;brun-rouge&nbsp;\u00bb), l\u2019expression reste *invariable* et les adjectifs sont reli\u00e9s par un trait d\u2019union si ce sont deux couleurs, sans trait d\u2019union si c\u2019est une nuance. \u00c7a a surpris plus d\u2019un apprenant&nbsp;! Un coup d\u2019\u0153il aux r\u00e8gles et des exemples concrets sur <a href=\"https:\/\/www.fle.re\/blog\/grammaire-francaise-debutants\/\">fle.re<\/a> aident \u00e0 \u00e9viter de s\u2019emm\u00ealer.\n<\/p>\n\n\n\n<h2 class=\"wp-block-heading\"><span class=\"ez-toc-section\" id=\"Quels_sont_les_cas_particuliers_a_connaitre_pour_bien_utiliser_les_adjectifs\"><\/span>Quels sont les cas particuliers \u00e0 conna\u00eetre pour bien utiliser les adjectifs&nbsp;?<span class=\"ez-toc-section-end\"><\/span><\/h2>\n\n\n\n<p class=\"wp-block-paragraph\">\nM\u00eame les <strong>bons \u00e9l\u00e8ves<\/strong> du fran\u00e7ais tr\u00e9buchent parfois sur certains termes particuliers. Prenons <strong>demi<\/strong>&nbsp;: il reste *invariable* devant le nom (exemple&nbsp;: \u00ab&nbsp;une demi-heure&nbsp;\u00bb), mais s\u2019accorde au f\u00e9minin derri\u00e8re (exemple&nbsp;: \u00ab&nbsp;trois heures et demie&nbsp;\u00bb). Idem pour <strong>plein<\/strong> qui ne varie pas devant un nom pr\u00e9c\u00e9d\u00e9 d\u2019un article&nbsp;: \u00ab&nbsp;plein de soucis&nbsp;\u00bb. Certains adjectifs prennent la forme <span style=\"font-style: italic\">d\u2019un adverbe<\/span>, comme <strong>fort<\/strong> ou <strong>juste<\/strong>&nbsp;: \u00ab&nbsp;elles parlent fort&nbsp;\u00bb, pas besoin d\u2019accord ici. C\u2019est simple, mais il faut y penser.\n<\/p>\n\n\n\n<p class=\"wp-block-paragraph\">\nUn autre cas surprenant&nbsp;: <strong>feu<\/strong> (utilis\u00e9 pour \u00ab&nbsp;d\u00e9funt&nbsp;\u00bb) s\u2019accorde s\u2019il est plac\u00e9 entre le d\u00e9terminant et le nom (\u00ab&nbsp;la feue reine&nbsp;\u00bb), mais pas s\u2019il pr\u00e9c\u00e8de l\u2019article (\u00ab&nbsp;feu la reine&nbsp;\u00bb). Pour <strong>nu<\/strong>, s\u2019il est devant et reli\u00e9 par un trait d\u2019union (\u00ab&nbsp;nu-pieds&nbsp;\u00bb) il reste invariable. Derri\u00e8re, il s\u2019accorde normalement&nbsp;: \u00ab&nbsp;les t\u00eates nues&nbsp;\u00bb. Et puis, avec d\u2019autres expressions fig\u00e9es comme <em>la nue-propri\u00e9t\u00e9<\/em>, il y a des usages juridiques qui d\u00e9rogent \u00e0 la r\u00e8gle.\n<\/p>\n\n\n\n<p class=\"wp-block-paragraph\">\nSi tu veux progresser, garde en t\u00eate que certains adjectifs sont invariables avec \u00ab&nbsp;le plus&nbsp;\u00bb, comme dans \u00ab&nbsp;le plus de raisons possible&nbsp;\u00bb. Un peu technique, mais en contexte, \u00e7a s\u2019apprend vite. Ces subtilit\u00e9s font vraiment la saveur du fran\u00e7ais, et pour s\u2019exercer, rien de tel que des quiz interactifs sur fle.re pour te challenger et apprendre en t\u2019amusant.\n<\/p>\n\n\n\n<h2 class=\"wp-block-heading\"><span class=\"ez-toc-section\" id=\"Conclusion\"><\/span>Conclusion<span class=\"ez-toc-section-end\"><\/span><\/h2>\n\n\n\n<p class=\"wp-block-paragraph\">\nMa\u00eetriser les <strong>adjectifs qualificatifs en fran\u00e7ais<\/strong> permet d\u2019apporter des pr\u00e9cisions subtiles, de rendre son discours plus expressif et nuanc\u00e9. Les r\u00e8gles d\u2019<strong>accord en genre et en nombre<\/strong> donnent tout leur sens aux descriptions, qu\u2019il s\u2019agisse de parler d\u2019un objet, d\u2019une personne ou d\u2019un sentiment. La richesse des <strong>terminaisons et des exceptions<\/strong> demande une r\u00e9elle attention, mais, \u00e0 force de pratique, on prend vite l\u2019habitude d\u2019accorder ses adjectifs naturellement.\n<\/p>\n\n\n\n<p class=\"wp-block-paragraph\">\nN\u2019h\u00e9sitez pas \u00e0 relire quelques phrases, \u00e0 pratiquer sur des quiz ou \u00e0 demander un retour sur vos r\u00e9dactions, car c\u2019est r\u00e9ellement par l\u2019usage quotidien que la ma\u00eetrise des <strong>r\u00e8gles des adjectifs<\/strong> se consolide. Int\u00e9grer progressivement ces subtilit\u00e9s orales et \u00e9crites, c\u2019est aussi ouvrir la voie \u00e0 une langue plus vivante et personnelle. Croyez-moi, \u00e0 force d\u2019y revenir, tout finit par s\u2019ancrer.\n<\/p>\n\n\n\n<p class=\"wp-block-paragraph\"><section class=\"faq\">\n<div>\n<h2><span class=\"ez-toc-section\" id=\"Grammaire_francaise_maitriser_les_adjectifs_de_couleur\"><\/span>Grammaire fran\u00e7aise : ma\u00eetriser les adjectifs de couleur<span class=\"ez-toc-section-end\"><\/span><\/h2>\n<div>\n<p>\n        Pour bien appliquer la <strong>grammaire fran\u00e7aise : ma\u00eetriser les adjectifs<\/strong> de couleur, il faut distinguer leur origine. Les adjectifs simples (bleu, noir, vert) s\u2019accordent en genre et en nombre avec le nom. Cependant, ceux issus d\u2019un nom (abricot, caf\u00e9, orange) restent g\u00e9n\u00e9ralement invariables, sauf sept exceptions comme \u00ab rose \u00bb, \u00ab mauve \u00bb ou \u00ab pourpre \u00bb qui varient. Quand la couleur est compos\u00e9e de deux adjectifs, ils sont invariables et reli\u00e9s par un trait d\u2019union (ex : des tissus bleu-vert). Les r\u00e8gles varient donc en fonction de la structure et de l\u2019origine de l\u2019adjectif de couleur.\n      <\/p>\n<\/div>\n<\/div>\n<div>\n<h2><span class=\"ez-toc-section\" id=\"Comment_reconnaitre_un_adjectif_epithete_ou_attribut_en_grammaire\"><\/span>Comment reconna\u00eetre un adjectif \u00e9pith\u00e8te ou attribut en grammaire ?<span class=\"ez-toc-section-end\"><\/span><\/h2>\n<div>\n<p>\n        En <strong>grammaire fran\u00e7aise : ma\u00eetriser les adjectifs<\/strong> implique de diff\u00e9rencier l\u2019adjectif \u00e9pith\u00e8te de l\u2019attribut. L\u2019\u00e9pith\u00e8te accompagne directement le nom et s\u2019ins\u00e8re dans le groupe nominal (ex : une robe rouge). L\u2019attribut, lui, compl\u00e8te le sujet par un verbe d\u2019\u00e9tat (\u00eatre, sembler), s\u00e9par\u00e9 du nom, et fait partie du groupe verbal (ex : la robe est rouge). R\u00e9ussir cette identification aide \u00e0 bien accorder et positionner l\u2019adjectif dans la phrase.\n      <\/p>\n<\/div>\n<\/div>\n<div>\n<h2><span class=\"ez-toc-section\" id=\"Quelles_sont_les_principales_exceptions_daccord_des_adjectifs\"><\/span>Quelles sont les principales exceptions d\u2019accord des adjectifs ?<span class=\"ez-toc-section-end\"><\/span><\/h2>\n<div>\n<p>\n        Plusieurs cas particuliers existent pour l\u2019accord des adjectifs en <strong>grammaire fran\u00e7aise : ma\u00eetriser les adjectifs<\/strong> requiert de bien rep\u00e9rer : <\/p>\n<ul>\n<li>\u00ab demi \u00bb est invariable devant le nom (une demi-heure)<\/li>\n<li>Certains adjectifs utilis\u00e9s comme adverbes sont invariables (ils parlent fort)<\/li>\n<li>\u00ab possible \u00bb ne varie pas apr\u00e8s \u00ab le plus \u00bb ou \u00ab le moins \u00bb (le plus de temps possible)<\/li>\n<li>\u00ab feu \u00bb s\u2019accorde seulement plac\u00e9 entre le d\u00e9terminant et le nom (la feue reine)<\/li>\n<li>Adjectifs de couleur compos\u00e9s ou tir\u00e9s de noms restent majoritairement invariables.<\/li>\n<\/ul><\/div>\n<\/div>\n<div>\n<h2><span class=\"ez-toc-section\" id=\"Ou_placer_ladjectif_dans_la_phrase_pour_une_maitrise_avancee\"><\/span>O\u00f9 placer l\u2019adjectif dans la phrase pour une ma\u00eetrise avanc\u00e9e ?<span class=\"ez-toc-section-end\"><\/span><\/h2>\n<div>\n<p>\n        En <strong>grammaire fran\u00e7aise : ma\u00eetriser les adjectifs<\/strong> suppose de conna\u00eetre leurs r\u00e8gles de placement. Les adjectifs courts et fr\u00e9quents (petit, beau, bon) pr\u00e9c\u00e8dent le nom, tandis que les adjectifs plus longs ou descriptifs suivent le nom (la robe bleue, une console moderne). Toutefois, placer un adjectif avant ou apr\u00e8s le nom peut modifier le sens, et un style litt\u00e9raire peut privil\u00e9gier les adjectifs avant le nom pour valoriser la description. Enfin, deux adjectifs s\u2019accordent ainsi : l\u2019un avant, l\u2019autre apr\u00e8s, selon leur nature et leur longueur.\n      <\/p>\n<\/div>\n<\/div>\n<div>\n<h2><span class=\"ez-toc-section\" id=\"Comment_former_le_comparatif_et_le_superlatif_des_adjectifs%E2%80%89\"><\/span>Comment former le comparatif et le superlatif des adjectifs\u2009?<span class=\"ez-toc-section-end\"><\/span><\/h2>\n<div>\n<p>\n        Le comparatif exprime une comparaison : \u00ab plus\/moins\/aussi \u00bb + adjectif + \u00ab que \u00bb (ex : plus rapide que). Le superlatif, lui, exprime le degr\u00e9 maximal avec \u00ab le\/la\/les plus \u00bb ou \u00ab le\/la\/les moins \u00bb + adjectif (ex : le plus grand, la moins ch\u00e8re). Les adjectifs s\u2019accordent toujours en genre et en nombre. Pour la <strong>grammaire fran\u00e7aise : ma\u00eetriser les adjectifs<\/strong>, l\u2019accord reste une priorit\u00e9 m\u00eame au comparatif ou au superlatif : \u00ab les \u00e9l\u00e8ves les plus silencieux \u00bb.\n      <\/p>\n<\/div>\n<\/div>\n<\/section><\/p>\n\n\n\n<h2 class=\"wp-block-heading\"><span class=\"ez-toc-section\" id=\"Sources\"><\/span>Sources<span class=\"ez-toc-section-end\"><\/span><\/h2>\n\n\n\n<ol class=\"wp-block-list\">\n<li>Acad\u00e9mie fran\u00e7aise. \u00ab Accord de l\u2019adjectif qualificatif \u00bb. Acad\u00e9mie fran\u00e7aise, s.d. Consult\u00e9 le 2024-06-10. <a href=\"https:\/\/www.academie-francaise.fr\/questions-de-langue#accord-de-ladjectif\" rel=\"nofollow noopener noreferrer\" target=\"_blank\">Consulter<\/a><\/li>\n\n\n\n<li>Office qu\u00e9b\u00e9cois de la langue fran\u00e7aise. \u00ab Accord des adjectifs de couleur \u00bb. Grand dictionnaire terminologique, s.d. Consult\u00e9 le 2024-06-10. <a href=\"https:\/\/gdt.oqlf.gouv.qc.ca\/ficheOqlf.aspx?Id_Fiche=17088775\" rel=\"nofollow noopener noreferrer\" target=\"_blank\">Consulter<\/a><\/li>\n\n\n\n<li>Centre National de Ressources Textuelles et Lexicales (CNRTL). \u00ab Adjectif qualificatif \u00bb. CNRTL, s.d. Consult\u00e9 le 2024-06-10. <a href=\"https:\/\/www.cnrtl.fr\/definition\/adjectif%20qualificatif\" rel=\"nofollow noopener noreferrer\" target=\"_blank\">Consulter<\/a><\/li>\n\n\n\n<li>Minist\u00e8re de l&rsquo;\u00c9ducation nationale et de la Jeunesse. \u00ab Les adjectifs qualificatifs : accords et emplois \u00bb. Minist\u00e8re de l&rsquo;\u00c9ducation nationale, 2022-08-05. Consult\u00e9 le 2024-06-10. <a href=\"https:\/\/eduscol.education.fr\/odysseum\/ressource\/accord-des-adjectifs-qualificatifs\" rel=\"nofollow noopener noreferrer\" target=\"_blank\">Consulter<\/a><\/li>\n<\/ol>\n","protected":false},"excerpt":{"rendered":"<p>Ma\u00eetriser les adjectifs qualificatifs en grammaire fran\u00e7aise apporte une vraie aisance pour comprendre et s\u2019exprimer pr\u00e9cis\u00e9ment. D\u00e8s qu\u2019on veut d\u00e9crire [&hellip;]<\/p>\n","protected":false},"author":2,"featured_media":514,"comment_status":"open","ping_status":"open","sticky":false,"template":"","format":"standard","meta":{"_crdt_document":"","site-sidebar-layout":"default","site-content-layout":"","ast-site-content-layout":"default","site-content-style":"default","site-sidebar-style":"default","ast-global-header-display":"","ast-banner-title-visibility":"","ast-main-header-display":"","ast-hfb-above-header-display":"","ast-hfb-below-header-display":"","ast-hfb-mobile-header-display":"","site-post-title":"","ast-breadcrumbs-content":"","ast-featured-img":"","footer-sml-layout":"","ast-disable-related-posts":"","theme-transparent-header-meta":"","adv-header-id-meta":"","stick-header-meta":"","header-above-stick-meta":"","header-main-stick-meta":"","header-below-stick-meta":"","astra-migrate-meta-layouts":"default","ast-page-background-enabled":"default","ast-page-background-meta":{"desktop":{"background-color":"var(--ast-global-color-5)","background-image":"","background-repeat":"repeat","background-position":"center center","background-size":"auto","background-attachment":"scroll","background-type":"","background-media":"","overlay-type":"","overlay-color":"","overlay-opacity":"","overlay-gradient":""},"tablet":{"background-color":"","background-image":"","background-repeat":"repeat","background-position":"center center","background-size":"auto","background-attachment":"scroll","background-type":"","background-media":"","overlay-type":"","overlay-color":"","overlay-opacity":"","overlay-gradient":""},"mobile":{"background-color":"","background-image":"","background-repeat":"repeat","background-position":"center center","background-size":"auto","background-attachment":"scroll","background-type":"","background-media":"","overlay-type":"","overlay-color":"","overlay-opacity":"","overlay-gradient":""}},"ast-content-background-meta":{"desktop":{"background-color":"var(--ast-global-color-4)","background-image":"","background-repeat":"repeat","background-position":"center center","background-size":"auto","background-attachment":"scroll","background-type":"","background-media":"","overlay-type":"","overlay-color":"","overlay-opacity":"","overlay-gradient":""},"tablet":{"background-color":"var(--ast-global-color-4)","background-image":"","background-repeat":"repeat","background-position":"center center","background-size":"auto","background-attachment":"scroll","background-type":"","background-media":"","overlay-type":"","overlay-color":"","overlay-opacity":"","overlay-gradient":""},"mobile":{"background-color":"var(--ast-global-color-4)","background-image":"","background-repeat":"repeat","background-position":"center center","background-size":"auto","background-attachment":"scroll","background-type":"","background-media":"","overlay-type":"","overlay-color":"","overlay-opacity":"","overlay-gradient":""}},"footnotes":""},"categories":[10],"tags":[451,455,453,123,449],"class_list":["post-311","post","type-post","status-publish","format-standard","has-post-thumbnail","hentry","category-apprendre-le-francais","tag-adjectifs-en-francais","tag-apprentissage-des-adjectifs","tag-cours-de-grammaire","tag-grammaire-francaise","tag-maitriser-les-adjectifs"],"_links":{"self":[{"href":"https:\/\/www.fle.re\/blog\/wp-json\/wp\/v2\/posts\/311","targetHints":{"allow":["GET"]}}],"collection":[{"href":"https:\/\/www.fle.re\/blog\/wp-json\/wp\/v2\/posts"}],"about":[{"href":"https:\/\/www.fle.re\/blog\/wp-json\/wp\/v2\/types\/post"}],"author":[{"embeddable":true,"href":"https:\/\/www.fle.re\/blog\/wp-json\/wp\/v2\/users\/2"}],"replies":[{"embeddable":true,"href":"https:\/\/www.fle.re\/blog\/wp-json\/wp\/v2\/comments?post=311"}],"version-history":[{"count":3,"href":"https:\/\/www.fle.re\/blog\/wp-json\/wp\/v2\/posts\/311\/revisions"}],"predecessor-version":[{"id":1960,"href":"https:\/\/www.fle.re\/blog\/wp-json\/wp\/v2\/posts\/311\/revisions\/1960"}],"wp:featuredmedia":[{"embeddable":true,"href":"https:\/\/www.fle.re\/blog\/wp-json\/wp\/v2\/media\/514"}],"wp:attachment":[{"href":"https:\/\/www.fle.re\/blog\/wp-json\/wp\/v2\/media?parent=311"}],"wp:term":[{"taxonomy":"category","embeddable":true,"href":"https:\/\/www.fle.re\/blog\/wp-json\/wp\/v2\/categories?post=311"},{"taxonomy":"post_tag","embeddable":true,"href":"https:\/\/www.fle.re\/blog\/wp-json\/wp\/v2\/tags?post=311"}],"curies":[{"name":"wp","href":"https:\/\/api.w.org\/{rel}","templated":true}]}}