{"id":878,"date":"2025-12-09T04:43:20","date_gmt":"2025-12-09T04:43:20","guid":{"rendered":"https:\/\/www.fle.re\/blog\/?p=878"},"modified":"2025-12-09T04:44:42","modified_gmt":"2025-12-09T04:44:42","slug":"cours-de-francais-pour-sejour-en-france","status":"publish","type":"post","link":"https:\/\/www.fle.re\/blog\/tr\/cours-de-francais-pour-sejour-en-france\/","title":{"rendered":"Cours de fran\u00e7ais pour s\u00e9jour en France"},"content":{"rendered":"\n<p class=\"wp-block-paragraph\">\nFransa&rsquo;y\u0131 ke\u015ffetmek ve dili \u00f6\u011frenmek mi istiyorsunuz? <strong>Fransa&rsquo;da kalmak i\u00e7in Frans\u0131zca kurslar\u0131<\/strong>, sokakta ya da pazarda ilk konu\u015fmadan itibaren tam bir dal\u0131\u015f yapman\u0131z\u0131 sa\u011flar. Hen\u00fcz geldi\u011finizde, her al\u0131\u015fveri\u015f, seviyenizi geli\u015ftirmek i\u00e7in somut bir f\u0131rsata d\u00f6n\u00fc\u015f\u00fcr, \u00f6dev yap\u0131yormu\u015f hissine kap\u0131lmadan. \u00dclkenin ritmiyle ya\u015famak, alt yaz\u0131s\u0131z bir filmi anlamak, bir baget sipari\u015fi vermek i\u00e7in teredd\u00fct etmemek&#8230; \u0130\u015fte bu, bu kadar \u00e7ok \u00f6\u011frenciyi <i>Fransa&rsquo;da dil kurslar\u0131na<\/i> kat\u0131lmaya motive eden \u015feydir.\n<\/p>\n\n\n\n<p class=\"wp-block-paragraph\">\n<strong>Frans\u0131zca \u00f6\u011frenmeye y\u00f6nelik \u00f6zel bir \u00e7evrimi\u00e7i platform<\/strong> sayesinde, seyahatinizi haz\u0131rlamak hem basit hem de etkili hale gelir. Valizlerinizi toplamadan \u00f6nce ger\u00e7ek durumlar hakk\u0131nda ileti\u015fim kurma becerinizi geli\u015ftirin &#8211; bir oda rezervasyonu yapmak, bilgi istemek, kom\u015fular\u0131n\u0131zla sohbet etmek gibi. H\u0131zl\u0131 bir \u015fekilde <strong>konu\u015fma ve yazma becerileri<\/strong> kazanmak, orada bulundu\u011funuzda g\u00fcnl\u00fck ya\u015fam\u0131 anlamay\u0131 kolayla\u015ft\u0131r\u0131r. Deneyiminizi ki\u015fiselle\u015ftirmekten \u00e7ekinmeyin: ister \u00e7al\u0131\u015fmak, ister k\u00fclt\u00fcrel bir etkinlikte de\u011fi\u015fim yapmak i\u00e7in olsun, her mod\u00fcl ihtiya\u00e7lar\u0131n\u0131za uyacak \u015fekilde yap\u0131lm\u0131\u015ft\u0131r. Fransa&rsquo;da ya\u015farken ilerlemeyi seveceksiniz.\n<\/p>\n\n\n\n<figure class=\"wp-block-embed is-type-video is-provider-youtube wp-block-embed-youtube wp-embed-aspect-16-9 wp-has-aspect-ratio\"><div class=\"wp-block-embed__wrapper\">\n<iframe loading=\"lazy\" title=\"A\u0300 l&#039;hotel: conversation en fran\u00e7ais \/ At the hotel: French conversation\" width=\"500\" height=\"281\" src=\"https:\/\/www.youtube.com\/embed\/geyHn8Ai6NM?feature=oembed\" frameborder=\"0\" allow=\"accelerometer; autoplay; clipboard-write; encrypted-media; gyroscope; picture-in-picture; web-share\" referrerpolicy=\"strict-origin-when-cross-origin\" allowfullscreen><\/iframe>\n<\/div><\/figure>\n\n\n\n<div id=\"ez-toc-container\" class=\"ez-toc-v2_0_82_2 ez-toc-wrap-center counter-hierarchy ez-toc-counter ez-toc-transparent ez-toc-container-direction\">\n<div class=\"ez-toc-title-container\">\n<p class=\"ez-toc-title\" style=\"cursor:inherit\">Sommaire<\/p>\n<span class=\"ez-toc-title-toggle\"><a href=\"#\" class=\"ez-toc-pull-right ez-toc-btn ez-toc-btn-xs ez-toc-btn-default ez-toc-toggle\" aria-label=\"Toggle Table of Content\"><span class=\"ez-toc-js-icon-con\"><span class=\"\"><span class=\"eztoc-hide\" style=\"display:none;\">Toggle<\/span><span class=\"ez-toc-icon-toggle-span\"><svg style=\"fill: #999;color:#999\" xmlns=\"http:\/\/www.w3.org\/2000\/svg\" class=\"list-377408\" width=\"20px\" height=\"20px\" viewBox=\"0 0 24 24\" fill=\"none\"><path d=\"M6 6H4v2h2V6zm14 0H8v2h12V6zM4 11h2v2H4v-2zm16 0H8v2h12v-2zM4 16h2v2H4v-2zm16 0H8v2h12v-2z\" fill=\"currentColor\"><\/path><\/svg><svg style=\"fill: #999;color:#999\" class=\"arrow-unsorted-368013\" xmlns=\"http:\/\/www.w3.org\/2000\/svg\" width=\"10px\" height=\"10px\" viewBox=\"0 0 24 24\" version=\"1.2\" baseProfile=\"tiny\"><path d=\"M18.2 9.3l-6.2-6.3-6.2 6.3c-.2.2-.3.4-.3.7s.1.5.3.7c.2.2.4.3.7.3h11c.3 0 .5-.1.7-.3.2-.2.3-.5.3-.7s-.1-.5-.3-.7zM5.8 14.7l6.2 6.3 6.2-6.3c.2-.2.3-.5.3-.7s-.1-.5-.3-.7c-.2-.2-.4-.3-.7-.3h-11c-.3 0-.5.1-.7.3-.2.2-.3.5-.3.7s.1.5.3.7z\"\/><\/svg><\/span><\/span><\/span><\/a><\/span><\/div>\n<nav><ul class='ez-toc-list ez-toc-list-level-1 eztoc-toggle-hide-by-default' ><li class='ez-toc-page-1 ez-toc-heading-level-2'><a class=\"ez-toc-link ez-toc-heading-1\" href=\"https:\/\/www.fle.re\/blog\/tr\/cours-de-francais-pour-sejour-en-france\/#Fransada_bir_seyahatten_once_Fransizca_kurslarini_nasil_organize_edebilirim\" >Fransa&rsquo;da bir seyahatten \u00f6nce Frans\u0131zca kurslar\u0131n\u0131 nas\u0131l organize edebilirim?<\/a><\/li><li class='ez-toc-page-1 ez-toc-heading-level-2'><a class=\"ez-toc-link ez-toc-heading-2\" href=\"https:\/\/www.fle.re\/blog\/tr\/cours-de-francais-pour-sejour-en-france\/#Fransada_yerinde_Fransizca_kursu_secenekleri_nelerdir\" >Fransa&rsquo;da yerinde Frans\u0131zca kursu se\u00e7enekleri nelerdir?<\/a><\/li><li class='ez-toc-page-1 ez-toc-heading-level-2'><a class=\"ez-toc-link ez-toc-heading-3\" href=\"https:\/\/www.fle.re\/blog\/tr\/cours-de-francais-pour-sejour-en-france\/#Gelismek_icin_dogru_kurum_veya_okulu_nasil_secebilirim\" >Geli\u015fmek i\u00e7in do\u011fru kurum veya okulu nas\u0131l se\u00e7ebilirim?<\/a><\/li><li class='ez-toc-page-1 ez-toc-heading-level-2'><a class=\"ez-toc-link ez-toc-heading-4\" href=\"https:\/\/www.fle.re\/blog\/tr\/cours-de-francais-pour-sejour-en-france\/#Fransada_bir_seyahat_sirasinda_Fransizca_kurslari_icin_hangi_fiyatlari_dusunmeliyim\" >Fransa&rsquo;da bir seyahat s\u0131ras\u0131nda Frans\u0131zca kurslar\u0131 i\u00e7in hangi fiyatlar\u0131 d\u00fc\u015f\u00fcnmeliyim?<\/a><\/li><li class='ez-toc-page-1 ez-toc-heading-level-2'><a class=\"ez-toc-link ez-toc-heading-5\" href=\"https:\/\/www.fle.re\/blog\/tr\/cours-de-francais-pour-sejour-en-france\/#Fransizca_ogrenimini_nasil_daha_eglenceli_ve_kisisel_hale_getirebilirim\" >Frans\u0131zca \u00f6\u011frenimini nas\u0131l daha e\u011flenceli ve ki\u015fisel hale getirebilirim?<\/a><\/li><li class='ez-toc-page-1 ez-toc-heading-level-2'><a class=\"ez-toc-link ez-toc-heading-6\" href=\"https:\/\/www.fle.re\/blog\/tr\/cours-de-francais-pour-sejour-en-france\/#Sonuc\" >Sonu\u00e7<\/a><\/li><li class='ez-toc-page-1 ez-toc-heading-level-2'><a class=\"ez-toc-link ez-toc-heading-7\" href=\"https:\/\/www.fle.re\/blog\/tr\/cours-de-francais-pour-sejour-en-france\/#Fransadaki_bir_Fransizca_kursundan_sonra_hangi_diplomalari_tanimaliyim\" >Fransa&rsquo;daki bir Frans\u0131zca kursundan sonra hangi diplomalar\u0131 tan\u0131mal\u0131y\u0131m?<\/a><\/li><li class='ez-toc-page-1 ez-toc-heading-level-2'><a class=\"ez-toc-link ez-toc-heading-8\" href=\"https:\/\/www.fle.re\/blog\/tr\/cours-de-francais-pour-sejour-en-france\/#Fransada_kalmak_icin_Fransizca_kurslari_sunan_dogru_merkezi_nasil_secerim\" >Fransa&rsquo;da kalmak i\u00e7in Frans\u0131zca kurslar\u0131 sunan do\u011fru merkezi nas\u0131l se\u00e7erim?<\/a><\/li><li class='ez-toc-page-1 ez-toc-heading-level-2'><a class=\"ez-toc-link ez-toc-heading-9\" href=\"https:\/\/www.fle.re\/blog\/tr\/cours-de-francais-pour-sejour-en-france\/#Fransadaki_bir_Fransizca_kursunun_ideal_suresi_nedir\" >Fransa&rsquo;daki bir Frans\u0131zca kursunun ideal s\u00fcresi nedir?<\/a><\/li><li class='ez-toc-page-1 ez-toc-heading-level-2'><a class=\"ez-toc-link ez-toc-heading-10\" href=\"https:\/\/www.fle.re\/blog\/tr\/cours-de-francais-pour-sejour-en-france\/#Fransadaki_Fransizca_kurslarina_hangi_konaklama_turleri_eslik_eder\" >Fransa&rsquo;daki Frans\u0131zca kurslar\u0131na hangi konaklama t\u00fcrleri e\u015flik eder?<\/a><\/li><li class='ez-toc-page-1 ez-toc-heading-level-2'><a class=\"ez-toc-link ez-toc-heading-11\" href=\"https:\/\/www.fle.re\/blog\/tr\/cours-de-francais-pour-sejour-en-france\/#Fransadaki_Fransizca_kurslari_kulturel_etkinlikler_iceriyor_mu\" >Fransa&rsquo;daki Frans\u0131zca kurslar\u0131 k\u00fclt\u00fcrel etkinlikler i\u00e7eriyor mu?<\/a><\/li><li class='ez-toc-page-1 ez-toc-heading-level-2'><a class=\"ez-toc-link ez-toc-heading-12\" href=\"https:\/\/www.fle.re\/blog\/tr\/cours-de-francais-pour-sejour-en-france\/#Kaynaklar\" >Kaynaklar<\/a><\/li><\/ul><\/nav><\/div>\n<h2 class=\"wp-block-heading\"><span class=\"ez-toc-section\" id=\"Fransada_bir_seyahatten_once_Fransizca_kurslarini_nasil_organize_edebilirim\"><\/span>Fransa&rsquo;da bir seyahatten \u00f6nce Frans\u0131zca kurslar\u0131n\u0131 nas\u0131l organize edebilirim?<span class=\"ez-toc-section-end\"><\/span><\/h2>\n\n\n\n<p class=\"wp-block-paragraph\">\nYola \u00e7\u0131kmadan \u00f6nce \u00e7evrimi\u00e7i haz\u0131rl\u0131k yapmak, orada bulundu\u011funuzda ger\u00e7ekten zaman kazand\u0131r\u0131r. <strong>Fransa&rsquo;da kalmak i\u00e7in Frans\u0131zca kurslar\u0131<\/strong> sayesinde tan\u0131d\u0131k bir ortamda, dilde gelmek, ilk uyum sa\u011flama haftalar\u0131nda her \u015feyi de\u011fi\u015ftirir. <i>Frans\u0131zca e-\u00f6\u011frenme platformlar\u0131<\/i> ile dilbilgisi temellerini edinmeye, kelime da\u011farc\u0131\u011f\u0131n\u0131z\u0131 zenginle\u015ftirmeye ve sokakta veya pazarda duyaca\u011f\u0131n\u0131z k\u00fc\u00e7\u00fck ifadelerle tan\u0131\u015fmaya ba\u015flayabilirsiniz. <strong>fle.re<\/strong> adresinde, Frans\u0131zca \u00f6\u011frenmeye ba\u015flamak ya da derinle\u015ftirmek i\u00e7in bir dizi kaynak her zaman mevcuttur. Evden \u00e7\u0131kmadan <strong>acemi seviyede Frans\u0131z dilbilgisi<\/strong> konusunda kolayca takip edilebilecek derslerle \u00e7al\u0131\u015fabilirsiniz <a href=\"https:\/\/www.fle.re\/blog\/grammaire-francaise-debutants\/\">burada<\/a>. \u00d6nceden \u00e7al\u0131\u015fma, yola \u00e7\u0131karken bir\u00e7ok stresi ortadan kald\u0131r\u0131r, \u00e7\u00fcnk\u00fc temel bilgileri anlamak, ilk g\u00fcnlerde y\u00f6n bulmay\u0131, basit tabelalar\u0131 okumay\u0131 ve Frans\u0131z ev sahiplerinizden bir g\u00fcl\u00fcmseme almak i\u00e7in yard\u0131mc\u0131 olur. Bir kom\u015fu veya esnafla kar\u015f\u0131la\u015ft\u0131\u011f\u0131n\u0131zda, \u00e7evirimici \u00f6\u011frendi\u011finiz k\u00fc\u00e7\u00fck bir c\u00fcmleyi s\u00f6ylemek hemen daha rahat hissetmenizi sa\u011flar!\n<\/p>\n\n\n\n<h2 class=\"wp-block-heading\"><span class=\"ez-toc-section\" id=\"Fransada_yerinde_Fransizca_kursu_secenekleri_nelerdir\"><\/span>Fransa&rsquo;da yerinde Frans\u0131zca kursu se\u00e7enekleri nelerdir?<span class=\"ez-toc-section-end\"><\/span><\/h2>\n\n\n\n<p class=\"wp-block-paragraph\">\n<i>Fransa&rsquo;da dil e\u011fitimi<\/i> denildi\u011finde, se\u00e7enekler olduk\u00e7a geni\u015ftir. <strong>Frans\u0131zca Yabanc\u0131 Dil<\/strong> &#8211; FLE merakl\u0131lar\u0131 i\u00e7in, yo\u011fun kurslar, grup veya bireysel dersler ve hatta seviyenize veya \u00f6zel ihtiya\u00e7lar\u0131n\u0131za g\u00f6re belirli mod\u00fcller sunan okullar vard\u0131r. Pek \u00e7ok ki\u015fi, Paris, Lyon, Toulouse veya Montpellier gibi b\u00fcy\u00fck \u015fehirlerde tamamen dald\u0131rmay\u0131 se\u00e7erken, \u00f6\u011frenmeyi ve yerel ya\u015fam\u0131 ke\u015ffetmek amac\u0131yla, daha sakin \u015fehirlerde de okullar mevcuttur.\n<\/p>\n\n\n\n<p class=\"wp-block-paragraph\">\nBaz\u0131lar\u0131, kal\u0131\u015flar\u0131n\u0131 bir <i>spor veya k\u00fclt\u00fcrel etkinlik<\/i> etraf\u0131nda organize etmeyi tercih eder. Okullar bazen Frans\u0131zca yemek veya tiyatro at\u00f6lyeleri veya geziler sunar &#8211; klasik bir s\u0131n\u0131f ortam\u0131 d\u0131\u015f\u0131nda dil prati\u011fi yaparken ba\u011flant\u0131lar kurmak i\u00e7in m\u00fckemmeldir. Frans\u0131z \u00fcniversiteleri, yabanc\u0131 \u00f6\u011frencilere \u00f6zel teklifler de sunmaktad\u0131r. \u00d6\u011frenci yurtlar\u0131nda konaklama se\u00e7enekleri genellikle sa\u011flan\u0131r, bu da s\u00fcrekli pratik yapma imkan\u0131 sa\u011flar!\n<\/p>\n\n\n\n<ul class=\"wp-block-list\">\n<li>Tan\u0131nm\u0131\u015f e\u011fitime sahip FLE sertifikal\u0131 okullar<\/li>\n\n\n\n<li>S\u0131navlara haz\u0131rl\u0131k i\u00e7in yo\u011fun kurslar (DELF, DALF, DILF)<\/li>\n\n\n\n<li>Dili uygulamak i\u00e7in k\u00fclt\u00fcrel ve sanatsal at\u00f6lyeler<\/li>\n\n\n\n<li>Konaklama + kurs paketleri ile kal\u0131\u015f\u0131n\u0131z\u0131 kolayla\u015ft\u0131rmak<\/li>\n\n\n\n<li>Ba\u015flang\u0131\u00e7tan ileri seviyeye kadar seviyelere g\u00f6re gruplar<\/li>\n<\/ul>\n\n\n\n<h2 class=\"wp-block-heading\"><span class=\"ez-toc-section\" id=\"Gelismek_icin_dogru_kurum_veya_okulu_nasil_secebilirim\"><\/span>Geli\u015fmek i\u00e7in do\u011fru kurum veya okulu nas\u0131l se\u00e7ebilirim?<span class=\"ez-toc-section-end\"><\/span><\/h2>\n\n\n\n<p class=\"wp-block-paragraph\">\nUyumlu bir yap\u0131 bulmak genellikle birka\u00e7 basit, ancak etkili kritere dayan\u0131r. \u00d6\u011frenimin kalitesini garanti alt\u0131na almak isteyenler, Frans\u0131z otoriteleri taraf\u0131ndan verilen <strong>FLE Kalite Sertifikas\u0131<\/strong> olan bir merkezi tercih ederler &#8211; bu sertifika, e\u011fitim ekibinin ciddiyetini, ders i\u00e7eriklerini ve yabanc\u0131 \u00f6\u011frencilere sunulan hizmetleri onaylar. \u00d6nceki kat\u0131l\u0131mc\u0131larla konu\u015farak ya da \u00e7evrimi\u00e7i yorumlar\u0131 inceleyerek, \u00e7o\u011fu zaman reassuring anekdotlar ve s\u0131n\u0131f\u0131n atmosferi veya dinami\u011fi hakk\u0131nda geri d\u00f6n\u00fc\u015f alabilirsiniz. Ve tabii ki, \u015fehrinizi se\u00e7mek e\u015fsiz bir ad\u0131md\u0131r: baz\u0131lar\u0131 Paris&rsquo;in canl\u0131l\u0131\u011f\u0131n\u0131 ve k\u00fclt\u00fcrel \u00e7e\u015fitlili\u011fini sevmekte, di\u011ferleri ise Toulouse&rsquo;un huzurlu ya\u015fam\u0131 veya Nice&rsquo;\u0131n Akdeniz \u00e7ekicili\u011fi ile etkilenmektedir.\n<\/p>\n\n\n\n<p class=\"wp-block-paragraph\">\nE\u011fer okulun, \u00f6zellikle Avrupa Birli\u011fi d\u0131\u015f\u0131ndaysan\u0131z ve \u00fc\u00e7 aydan fazla kalmay\u0131 planl\u0131yorsan\u0131z, y\u00f6netimsel destek sundu\u011funu kontrol etmek iyi bir fikir olabilir. Baz\u0131 yap\u0131lar, \u00f6\u011frencilerine \u201c\u00f6\u011frenci\u201d olarak oturum izni almakta yard\u0131mc\u0131 olabilir. \u00d6\u011frenme tarz\u0131n\u0131z\u0131 d\u00fc\u015f\u00fcn\u00fcn: yo\u011fun, d\u00fczenli ya da pratik at\u00f6lyelere y\u00f6nelik mi? Son olarak, <i>Campus France<\/i> gibi baz\u0131 siteler veya FLE gruplar\u0131, g\u00fcvenilir adreslerin derlendi\u011fi yerler sunar ve k\u00f6t\u00fc s\u00fcrprizlerden ka\u00e7\u0131n\u0131r.\n<\/p>\n\n\n\n<h2 class=\"wp-block-heading\"><span class=\"ez-toc-section\" id=\"Fransada_bir_seyahat_sirasinda_Fransizca_kurslari_icin_hangi_fiyatlari_dusunmeliyim\"><\/span>Fransa&rsquo;da bir seyahat s\u0131ras\u0131nda Frans\u0131zca kurslar\u0131 i\u00e7in hangi fiyatlar\u0131 d\u00fc\u015f\u00fcnmeliyim?<span class=\"ez-toc-section-end\"><\/span><\/h2>\n\n\n\n<p class=\"wp-block-paragraph\">\nB\u00fct\u00e7e ile ilgili sorular, Fransa&rsquo;da birka\u00e7 hafta veya ay kalmay\u0131 planlarken \u00e7ok h\u0131zl\u0131 bir \u015fekilde ortaya \u00e7\u0131kar. <strong>Yeti\u015fkinler i\u00e7in Frans\u0131zca kurslar\u0131<\/strong>, b\u00f6lgeye, okul tipine ve program\u0131n s\u00fcresine ba\u011fl\u0131 olarak de\u011fi\u015fiklik g\u00f6stermektedir. Bilgi vermek gerekirse, Lyon veya Normandiya&rsquo;da geleneksel bir e\u011fitim haftada yakla\u015f\u0131k 190 euro iken, Paris&rsquo;te bu maliyet 335 eurodan ba\u015flar. Bu fiyatlar genellikle konaklama veya ek aktiviteleri i\u00e7ermez, ancak baz\u0131 paketler her \u015feyi kapsar ve g\u00f6r\u00fcnd\u00fc\u011f\u00fcnden daha ekonomik olabilir.\n<\/p>\n\n\n\n<figure class=\"wp-block-table\"><table>\n<tr>\n<th>\u015eehir<\/th>\n<th>Haftada Fiyat (kurs)<\/th>\n<th>\u00d6zellikler\/konum<\/th>\n<\/tr>\n<tr>\n<td>Paris<\/td>\n<td>335\u20ac civar\u0131<\/td>\n<td>K\u00fcresel bir atmosfer, zengin k\u00fclt\u00fcrel ya\u015fam<\/td>\n<\/tr>\n<tr>\n<td>Lyon<\/td>\n<td>190\u20ac civar\u0131<\/td>\n<td>\u00dcniversite gelene\u011fi, dinamik bir \u015fehir<\/td>\n<\/tr>\n<tr>\n<td>Normandiya<\/td>\n<td>190\u20ac civar\u0131<\/td>\n<td>Huzurlu bir ortam, do\u011fa ve miras ziyaretleri<\/td>\n<\/tr>\n<\/table><\/figure>\n\n\n\n<h2 class=\"wp-block-heading\"><span class=\"ez-toc-section\" id=\"Fransizca_ogrenimini_nasil_daha_eglenceli_ve_kisisel_hale_getirebilirim\"><\/span>Frans\u0131zca \u00f6\u011frenimini nas\u0131l daha e\u011flenceli ve ki\u015fisel hale getirebilirim?<span class=\"ez-toc-section-end\"><\/span><\/h2>\n\n\n\n<p class=\"wp-block-paragraph\">\nYeni bir dil konu\u015fmak sadece fiil \u00e7ekimleri \u00f6\u011frenmek de\u011fil &#8211; ayn\u0131 zamanda e\u011flenmektir! <strong>Fransa&rsquo;da kalmak i\u00e7in ki\u015fiselle\u015ftirilmi\u015f Frans\u0131zca kurslar\u0131<\/strong> arac\u0131l\u0131\u011f\u0131yla \u00f6zel bir program olu\u015fturmak fle.re taraf\u0131ndan sunulmakta ve yenilik\u00e7i ve \u00e7e\u015fitli kaynaklar ile m\u00fcmk\u00fcnd\u00fcr. \u00d6\u011fretmenler ve dan\u0131\u015fmanlar\u0131n deste\u011fiyle ihtiya\u00e7lar\u0131n\u0131z\u0131 hedefleyebilir ve Fransa&rsquo;daki bir staj i\u00e7in h\u0131zl\u0131ca \u00e7are aramak isteyebilirsiniz. Ger\u00e7ekte en iyi olan \u015fey, yakla\u015f\u0131m \u00e7e\u015fitlendirmektir: baz\u0131 video mod\u00fclleri takip etmek, <a href=\"https:\/\/www.fle.re\/blog\/exercices-fle-interactifs\/\">etkile\u015fimli FLE al\u0131\u015ft\u0131rmalar\u0131<\/a> ile ilerlemek, sanal yemek at\u00f6lyesine kat\u0131lmak veya kula\u011f\u0131 geli\u015ftirmek i\u00e7in podcast bulmak.\n<\/p>\n\n\n\n<p class=\"wp-block-paragraph\">\nE\u011fer klasik format size \u00e7ekici gelmiyorsa, kurumsal \u00f6\u011frenim ile ger\u00e7ek ko\u015fullarda uygulama (yerel pazarlar, k\u00fclt\u00fcrel geziler, yerel halkla uygulama) aras\u0131nda ge\u00e7i\u015f yapmak h\u0131zl\u0131 sonu\u00e7lar verirken motivasyonu da korur. Belirli hedefler koymak &#8211; \u00f6rne\u011fin \u201cbir kafede sohbet etmek\u201d gibi &#8211; ve kurs boyunca \u00f6\u011fretmeninizle bunlar\u0131 ayarlamak, s\u00fcreci canl\u0131, etkile\u015fimli ve klasik bir ders kadar s\u0131k\u0131c\u0131 olmaktan \u00e7\u0131kar\u0131r. Anahtar, sonunda bir g\u00fcl\u00fcmseme ile birka\u00e7 hata yapsan\u0131z bile cesaretle konu\u015fmakt\u0131r. Ayr\u0131ca, \u00f6\u011frenim s\u00fcrecinizi zenginle\u015ftirmek i\u00e7in k\u00fclt\u00fcr, mutfak, mizah ve yerel rit\u00fceller ile ilgili tetikte olmay\u0131 unutmamal\u0131s\u0131n\u0131z&#8230; \u0130\u015fte bunlar, Frans\u0131zca \u00f6\u011freniminin ger\u00e7ekten anlam kazanmas\u0131n\u0131 sa\u011flar!\n<\/p>\n\n\n\n<h2 class=\"wp-block-heading\"><span class=\"ez-toc-section\" id=\"Sonuc\"><\/span>Sonu\u00e7<span class=\"ez-toc-section-end\"><\/span><\/h2>\n\n\n\n<p class=\"wp-block-paragraph\">\n<strong>Fransa&rsquo;da bir seyahat i\u00e7in Frans\u0131zca kurslar\u0131<\/strong> se\u00e7mek, dilde h\u0131zl\u0131 bir ilerleme sa\u011flar, g\u00fcnl\u00fck pratik ile ger\u00e7ek etkile\u015fim sayesinde. Bu deneyimi yerlilerle ya\u015famak, yerel gelenekleri anlamay\u0131 ve uyum sa\u011flamay\u0131 kolayla\u015ft\u0131r\u0131r. Ger\u00e7ekten, pazarda sohbet etmek veya d\u00fcnyan\u0131n d\u00f6rt bir yan\u0131ndan gelen \u00f6\u011frencilere bir kahve payla\u015fmak kadar hi\u00e7 bir \u015fey yerini tutamaz.\n<\/p>\n\n\n\n<p class=\"wp-block-paragraph\">\n<strong>Sertifikal\u0131 FLE merkezleri<\/strong> ve \u00fcniversiteler, yo\u011fun derslerden k\u00fclt\u00fcrel at\u00f6lyelere kadar her bireyin \u00f6zel ihtiya\u00e7lar\u0131na uygun \u00e7\u00f6z\u00fcmler sunar. Fiyatlar \u015fehirler ve programlar aras\u0131nda de\u011fi\u015fiklik g\u00f6stermektedir, bu da herkesin b\u00fct\u00e7esine uygun bir se\u00e7enek bulmas\u0131n\u0131 sa\u011flar. Hangi formun veya destinasyonun sizin i\u00e7in en uygun oldu\u011funu merak ediyorsan\u0131z, dan\u0131\u015fmaktan \u00e7ekinmeyin, \u00e7\u00fcnk\u00fc ki\u015fisel destek ger\u00e7ekten fark yarat\u0131r.<\/p>\n\n\n\n<p class=\"wp-block-paragraph\">\nSon olarak, ki\u015fiselle\u015ftirilmi\u015f bir programda yer almak, dil becerilerinizi geli\u015ftirme f\u0131rsat\u0131n\u0131 sunar. <strong>dil becerilerinizi<\/strong> geli\u015ftirirken Frans\u0131z k\u00fclt\u00fcr\u00fcn\u00fcn ve g\u00fcnl\u00fck ya\u015fam\u0131n tad\u0131n\u0131 \u00e7\u0131kar\u0131n. Dal\u0131\u015f yapmak, do\u011fal olarak ilerlemek ve g\u00fcndelik ya\u015famda rahat hissetmek i\u00e7in her \u015feyi de\u011fi\u015ftirir.\n<\/p>\n\n\n\n<p class=\"wp-block-paragraph\"><section class=\"faq\">\n<div>\n<h2><span class=\"ez-toc-section\" id=\"Fransadaki_bir_Fransizca_kursundan_sonra_hangi_diplomalari_tanimaliyim\"><\/span>Fransa&rsquo;daki bir Frans\u0131zca kursundan sonra hangi diplomalar\u0131 tan\u0131mal\u0131y\u0131m?<span class=\"ez-toc-section-end\"><\/span><\/h2>\n<div>\n<p>\n      <strong>Fransa&rsquo;da kalmak i\u00e7in Frans\u0131zca kursu<\/strong> ald\u0131ktan sonra, \u00f6\u011frenciler <strong>DILF<\/strong> (Frans\u0131zca Ba\u015flang\u0131\u00e7 Diplomas\u0131), <strong>DELF<\/strong> (Frans\u0131zca E\u011fitim Diplomas\u0131) ve <strong>DALF<\/strong> (Geli\u015fmi\u015f Frans\u0131zca Diplomas\u0131) gibi bir\u00e7ok sertifika hedefleyebilirler. Bu diplomalar, Frans\u0131z E\u011fitim Bakanl\u0131\u011f\u0131 taraf\u0131ndan verilmektedir ve hem akademik hem de profesyonel ihtiya\u00e7lar i\u00e7in geni\u015f \u00e7apta tan\u0131nmaktad\u0131r. Bir\u00e7ok FLE kurumu bu s\u0131navlara \u00f6zel bir haz\u0131rl\u0131k sunmakta ve s\u00fcrecin sonunda Avrupa Dil Kriterleri \u00c7er\u00e7evesi&rsquo;ne (CEFR) uygun bir kat\u0131l\u0131m belgesi veya yeterlilik sertifikas\u0131 vermektedir. Sertifikalar\u0131n tan\u0131nmas\u0131n\u0131, hedefinize (\u00e7al\u0131\u015fmak, g\u00f6\u00e7, vb.) g\u00f6re kontrol etmek \u00f6nerilir.\n    <\/p>\n<\/div>\n<\/div>\n<div>\n<h2><span class=\"ez-toc-section\" id=\"Fransada_kalmak_icin_Fransizca_kurslari_sunan_dogru_merkezi_nasil_secerim\"><\/span>Fransa&rsquo;da kalmak i\u00e7in Frans\u0131zca kurslar\u0131 sunan do\u011fru merkezi nas\u0131l se\u00e7erim?<span class=\"ez-toc-section-end\"><\/span><\/h2>\n<div>\n<p>\n      <strong>Fransa&rsquo;da kalmak i\u00e7in Frans\u0131zca kurslar\u0131<\/strong> se\u00e7erken, titiz bir e\u011fitim ve uygun altyap\u0131lar\u0131 garanti eden <strong>FLE Kalite Sertifikas\u0131<\/strong> olan merkezleri tercih ediniz. Sunulan program\u0131, gruplar\u0131n b\u00fcy\u00fckl\u00fc\u011f\u00fcn\u00fc, \u00f6\u011fretmenlerin niteliklerini ve var\u0131\u015fta d\u00fczey testi yap\u0131l\u0131p yap\u0131lmad\u0131\u011f\u0131n\u0131 kontrol edin. K\u00fclt\u00fcrel etkinliklerin, gezilerin ve konaklama se\u00e7eneklerinin beklentilerinizle uyumlu olup olmad\u0131\u011f\u0131ndan emin olun. \u00c7evrimi\u00e7i yorumlar\u0131 takip edin ve merkezin tan\u0131nm\u0131\u015f bir sertifika veya diploma verip vermedi\u011fini sorun. Y\u00f6netimsel destek (vize, konaklama, entegrasyon) de, Avrupa Birli\u011fi d\u0131\u015f\u0131ndaki \u00f6\u011frenciler i\u00e7in \u00f6zellikle \u00f6nemli bir kriterdir.\n    <\/p>\n<\/div>\n<\/div>\n<div>\n<h2><span class=\"ez-toc-section\" id=\"Fransadaki_bir_Fransizca_kursunun_ideal_suresi_nedir\"><\/span>Fransa&rsquo;daki bir Frans\u0131zca kursunun ideal s\u00fcresi nedir?<span class=\"ez-toc-section-end\"><\/span><\/h2>\n<div>\n<p>\n      <strong>Fransa&rsquo;da kalmak i\u00e7in Frans\u0131zca kursu<\/strong> s\u00fcresi, ba\u015flang\u0131\u00e7 seviyesi ve hedeflere ba\u011fl\u0131d\u0131r. 2 ila 4 hafta s\u00fcren yo\u011fun bir deneyim, dilsel ve k\u00fclt\u00fcrel dal\u0131\u015f ile \u00f6nemli ilerlemeler sa\u011flamaktad\u0131r. \u00dcniversitede veya i\u015fte uygulanabilecek bir yeterlik seviyesine ula\u015fmak i\u00e7in 3 ila 6 ay s\u00fcrelendirmek mant\u0131kl\u0131d\u0131r. Baz\u0131 programlar k\u0131sa s\u00fcreli konaklamalar i\u00e7in (h\u0131zl\u0131 bir ba\u015flang\u0131\u00e7 i\u00e7in bir hafta gibi) tasarlanm\u0131\u015ft\u0131r, di\u011ferleri ise y\u0131ll\u0131k stratejiler sunmaktad\u0131r. Ders s\u00fcresini ilgin\u00e7 uygulama etkinlikleri (geziler, at\u00f6lyeler) ile birle\u015ftirmeyi \u00f6neririz.\n    <\/p>\n<\/div>\n<\/div>\n<div>\n<h2><span class=\"ez-toc-section\" id=\"Fransadaki_Fransizca_kurslarina_hangi_konaklama_turleri_eslik_eder\"><\/span>Fransa&rsquo;daki Frans\u0131zca kurslar\u0131na hangi konaklama t\u00fcrleri e\u015flik eder?<span class=\"ez-toc-section-end\"><\/span><\/h2>\n<div>\n<p>\n      <strong>Fransa&rsquo;da kalmak i\u00e7in Frans\u0131zca kursu<\/strong> al\u0131rken, genellikle bir\u00e7ok konaklama se\u00e7ene\u011fi sunulmaktad\u0131r: aile yan\u0131nda konaklama (her g\u00fcn Frans\u0131zca prati\u011fi i\u00e7in ideal), \u00f6\u011frenci\/\u00fcniversite yurtlar\u0131 (sosyal ya\u015fam ve ba\u011f\u0131ms\u0131zl\u0131k), oda arkada\u015fl\u0131\u011f\u0131 veya ba\u011f\u0131ms\u0131z daire (daha fazla \u00f6zg\u00fcrl\u00fck) veya k\u0131sa s\u00fcreli b\u00fct\u00e7e dostu konaklama i\u00e7in gen\u00e7lik yurtlar\u0131. Baz\u0131 FLE merkezlerinin kendi konaklama tesisleri vard\u0131r, di\u011ferleri g\u00fcvenilir ortaklarla i\u015f birli\u011fi yapmaktad\u0131r. Se\u00e7im, beklentilerinize ba\u011fl\u0131d\u0131r: tamamen dal\u0131\u015f, b\u00fct\u00e7e, ba\u011f\u0131ms\u0131zl\u0131k veya k\u00fclt\u00fcrel bulu\u015fmalar. \u00d6\u011f\u00fcnler, temizlik ve okul konumuna g\u00f6re bilgilere ula\u015f\u0131n.\n    <\/p>\n<\/div>\n<\/div>\n<div>\n<h2><span class=\"ez-toc-section\" id=\"Fransadaki_Fransizca_kurslari_kulturel_etkinlikler_iceriyor_mu\"><\/span>Fransa&rsquo;daki Frans\u0131zca kurslar\u0131 k\u00fclt\u00fcrel etkinlikler i\u00e7eriyor mu?<span class=\"ez-toc-section-end\"><\/span><\/h2>\n<div>\n<p>\n      Evet, \u00e7o\u011fu <strong>Fransa&rsquo;da kalmak i\u00e7in Frans\u0131zca kurslar\u0131<\/strong>, m\u00fcze ziyaretleri, yemek at\u00f6lyeleri, \u015fehir ve k\u0131rsal geziler, yerel sanat\u00e7\u0131lar veya derneklerle bulu\u015fmalar gibi \u00e7ok \u00e7e\u015fitli k\u00fclt\u00fcrel etkinlikler i\u00e7ermektedir. Ama\u00e7, ger\u00e7ek bir dal\u0131\u015f sunmak ve dil \u00f6\u011frenimini zenginle\u015ftirmektir. Baz\u0131 okullar ayr\u0131ca (gastronomi, tarih, tiyatro) temal\u0131 mod\u00fcller sunmaktad\u0131r. Bu deneyimler, ger\u00e7ek hayatta Frans\u0131zca prati\u011fi yapmay\u0131 kolayla\u015ft\u0131r\u0131r ve \u00f6\u011frenciler aras\u0131nda yard\u0131mla\u015fmay\u0131 te\u015fvik eder. Kay\u0131t \u00f6ncesinde kesin program\u0131 kontrol etmekten \u00e7ekinmeyin, \u00e7\u00fcnk\u00fc teklifler merkezden merkeze farkl\u0131l\u0131k g\u00f6stermektedir.\n    <\/p>\n<\/div>\n<\/div>\n<\/section><\/p>\n\n\n\n<h2 class=\"wp-block-heading\"><span class=\"ez-toc-section\" id=\"Kaynaklar\"><\/span>Kaynaklar<span class=\"ez-toc-section-end\"><\/span><\/h2>\n\n\n\n<ol class=\"wp-block-list\">\n<li>France \u00c9ducation International. \u00ab Kalite FLE Sertifikas\u0131 \u00bb. France \u00c9ducation International, s.d. Eri\u015fim tarihi 2024-06-13. <a href=\"https:\/\/www.france-education-international.fr\/label-qualite-fle\" rel=\"nofollow noopener noreferrer\" target=\"_blank\">\u0130ncele<\/a><\/li>\n\n\n\n<li>Campus France. \u00ab Frans\u0131zca \u00d6\u011frenmek \u00bb. Campus France, 2024-02-05. Eri\u015fim tarihi 2024-06-13. <a href=\"https:\/\/www.campusfrance.org\/fr\/apprendre-le-francais-en-france\" rel=\"nofollow noopener noreferrer\" target=\"_blank\">\u0130ncele<\/a><\/li>\n\n\n\n<li>Avrupa ve D\u0131\u015fi\u015fleri Bakanl\u0131\u011f\u0131. \u00ab Dald\u0131rma Fransa: dil e\u011fitiminizi organize etmek i\u00e7in uygulama \u00bb. France Diplomatie, 2024-01-10. Eri\u015fim tarihi 2024-06-13. <a href=\"https:\/\/www.diplomatie.gouv.fr\/fr\/venir-en-france\/etudier-en-france\/actualites\/article\/immersion-france-l-application-pour-organiser-votre-sejour-linguistique\" rel=\"nofollow noopener noreferrer\" target=\"_blank\">\u0130ncele<\/a><\/li>\n\n\n\n<li>Alliance Fran\u00e7aise. \u00ab Alliance Fran\u00e7aise&rsquo;i Ke\u015ffedin \u00bb. Alliance Fran\u00e7aise, s.d. Eri\u015fim tarihi 2024-06-13. <a href=\"https:\/\/www.alliancefr.org\/fr\" rel=\"nofollow noopener noreferrer\" target=\"_blank\">\u0130ncele<\/a><\/li>\n<\/ol>\n","protected":false},"excerpt":{"rendered":"<p>Fransa&rsquo;y\u0131 ke\u015ffetmek ve dili \u00f6\u011frenmek mi istiyorsunuz? Fransa&rsquo;da kalmak i\u00e7in Frans\u0131zca kurslar\u0131, sokakta ya da pazarda ilk konu\u015fmadan itibaren tam [&hellip;]<\/p>\n","protected":false},"author":2,"featured_media":361,"comment_status":"open","ping_status":"open","sticky":false,"template":"","format":"standard","meta":{"_crdt_document":"","site-sidebar-layout":"default","site-content-layout":"","ast-site-content-layout":"default","site-content-style":"default","site-sidebar-style":"default","ast-global-header-display":"","ast-banner-title-visibility":"","ast-main-header-display":"","ast-hfb-above-header-display":"","ast-hfb-below-header-display":"","ast-hfb-mobile-header-display":"","site-post-title":"","ast-breadcrumbs-content":"","ast-featured-img":"","footer-sml-layout":"","ast-disable-related-posts":"","theme-transparent-header-meta":"","adv-header-id-meta":"","stick-header-meta":"","header-above-stick-meta":"","header-main-stick-meta":"","header-below-stick-meta":"","astra-migrate-meta-layouts":"default","ast-page-background-enabled":"default","ast-page-background-meta":{"desktop":{"background-color":"var(--ast-global-color-5)","background-image":"","background-repeat":"repeat","background-position":"center center","background-size":"auto","background-attachment":"scroll","background-type":"","background-media":"","overlay-type":"","overlay-color":"","overlay-opacity":"","overlay-gradient":""},"tablet":{"background-color":"","background-image":"","background-repeat":"repeat","background-position":"center center","background-size":"auto","background-attachment":"scroll","background-type":"","background-media":"","overlay-type":"","overlay-color":"","overlay-opacity":"","overlay-gradient":""},"mobile":{"background-color":"","background-image":"","background-repeat":"repeat","background-position":"center center","background-size":"auto","background-attachment":"scroll","background-type":"","background-media":"","overlay-type":"","overlay-color":"","overlay-opacity":"","overlay-gradient":""}},"ast-content-background-meta":{"desktop":{"background-color":"var(--ast-global-color-4)","background-image":"","background-repeat":"repeat","background-position":"center center","background-size":"auto","background-attachment":"scroll","background-type":"","background-media":"","overlay-type":"","overlay-color":"","overlay-opacity":"","overlay-gradient":""},"tablet":{"background-color":"var(--ast-global-color-4)","background-image":"","background-repeat":"repeat","background-position":"center center","background-size":"auto","background-attachment":"scroll","background-type":"","background-media":"","overlay-type":"","overlay-color":"","overlay-opacity":"","overlay-gradient":""},"mobile":{"background-color":"var(--ast-global-color-4)","background-image":"","background-repeat":"repeat","background-position":"center center","background-size":"auto","background-attachment":"scroll","background-type":"","background-media":"","overlay-type":"","overlay-color":"","overlay-opacity":"","overlay-gradient":""}},"footnotes":""},"categories":[708],"tags":[881,790,784,884,887],"class_list":["post-878","post","type-post","status-publish","format-standard","has-post-thumbnail","hentry","category-non-classe-tr","tag-formasyon-dili","tag-fransizca-dersleri-tr","tag-fransizca-ogren-tr","tag-langue-turkce-tr","tag-seyahat-fransada-tr"],"_links":{"self":[{"href":"https:\/\/www.fle.re\/blog\/wp-json\/wp\/v2\/posts\/878","targetHints":{"allow":["GET"]}}],"collection":[{"href":"https:\/\/www.fle.re\/blog\/wp-json\/wp\/v2\/posts"}],"about":[{"href":"https:\/\/www.fle.re\/blog\/wp-json\/wp\/v2\/types\/post"}],"author":[{"embeddable":true,"href":"https:\/\/www.fle.re\/blog\/wp-json\/wp\/v2\/users\/2"}],"replies":[{"embeddable":true,"href":"https:\/\/www.fle.re\/blog\/wp-json\/wp\/v2\/comments?post=878"}],"version-history":[{"count":1,"href":"https:\/\/www.fle.re\/blog\/wp-json\/wp\/v2\/posts\/878\/revisions"}],"predecessor-version":[{"id":880,"href":"https:\/\/www.fle.re\/blog\/wp-json\/wp\/v2\/posts\/878\/revisions\/880"}],"wp:featuredmedia":[{"embeddable":true,"href":"https:\/\/www.fle.re\/blog\/wp-json\/wp\/v2\/media\/361"}],"wp:attachment":[{"href":"https:\/\/www.fle.re\/blog\/wp-json\/wp\/v2\/media?parent=878"}],"wp:term":[{"taxonomy":"category","embeddable":true,"href":"https:\/\/www.fle.re\/blog\/wp-json\/wp\/v2\/categories?post=878"},{"taxonomy":"post_tag","embeddable":true,"href":"https:\/\/www.fle.re\/blog\/wp-json\/wp\/v2\/tags?post=878"}],"curies":[{"name":"wp","href":"https:\/\/api.w.org\/{rel}","templated":true}]}}