{"id":896,"date":"2025-12-09T04:47:49","date_gmt":"2025-12-09T04:47:49","guid":{"rendered":"https:\/\/www.fle.re\/blog\/?p=896"},"modified":"2025-12-09T04:47:53","modified_gmt":"2025-12-09T04:47:53","slug":"cevrimici-fransizca-kurslari-uygun-fiyatlar","status":"publish","type":"post","link":"https:\/\/www.fle.re\/blog\/tr\/cevrimici-fransizca-kurslari-uygun-fiyatlar\/","title":{"rendered":"\u00c7evrimi\u00e7i Frans\u0131zca kurslar\u0131: uygun fiyatlar"},"content":{"rendered":"\n<p class=\"wp-block-paragraph\">\nDo\u011fru \u00e7evrimi\u00e7i Frans\u0131zca kursunu bulmak g\u00f6r\u00fcnd\u00fc\u011f\u00fc kadar karma\u015f\u0131k de\u011fil. \u00c7ok \u00e7e\u015fitli se\u00e7enekler mevcut ve fiyatlar, \u00f6zel ders veya k\u00fc\u00e7\u00fck gruplar gibi se\u00e7ilen formata ba\u011fl\u0131 olarak de\u011fi\u015fiyor. \u0130nsanlar\u0131 genellikle \u015fa\u015f\u0131rtan \u015fey fiyat de\u011fil, nitelikli bir e\u011fitimden faydaland\u0131\u011f\u0131n\u0131zda kat etti\u011finiz ilerleme h\u0131z\u0131d\u0131r. Kar\u015f\u0131la\u015ft\u0131rma yapmak i\u00e7in bir dakikan\u0131z\u0131 ay\u0131r\u0131n; fiyat\u0131n yaln\u0131zca bir saatlik dersten \u00e7ok daha fazlas\u0131n\u0131 kapsad\u0131\u011f\u0131n\u0131 g\u00f6receksiniz: etkili \u00f6\u011fretim y\u00f6ntemleri, seviyenize uyum ve hatta planlamada esneklik. Fle.re&rsquo;de, \u00f6\u011fretim kalitesinin ne kadar fark yaratt\u0131\u011f\u0131n\u0131 g\u00f6rebilirsiniz. Yaln\u0131zca ba\u015flang\u0131\u00e7 \u200b\u200bmaliyetine odaklanmay\u0131n. G\u00f6sterilen fiyatlar hem \u00f6\u011fretmenin zaman\u0131n\u0131 hem de ki\u015fiselle\u015ftirilmi\u015f \u00f6\u011frenme materyallerini i\u00e7erir. Yakla\u015f\u0131k altm\u0131\u015f ki\u015fiselle\u015ftirilmi\u015f dersle tam bir CEFR seviyesini tamamlayabilece\u011finiz bir d\u00f6nemde neden 200 saatlik bir akademik y\u0131la ba\u011fl\u0131 kal\u0131yorsunuz? Evet, \u00f6zel bir ders i\u00e7in fiyatlar daha y\u00fcksek g\u00f6r\u00fcnebilir, ancak tasarruf edilen zaman ve h\u0131zl\u0131 ilerleme onu mant\u0131kl\u0131 bir se\u00e7im haline getiriyor. \u00c7evrimi\u00e7i platformun as\u0131l avantaj\u0131, nerede olursan\u0131z olun kendi h\u0131z\u0131n\u0131zda planlama ve \u00f6\u011frenme esnekli\u011fidir. https:\/\/www.youtube.com\/watch?v=ep2ZoyuwVIQ <strong>\u00c7evrimi\u00e7i Frans\u0131zca kursunun ortalama fiyatlar\u0131 nedir?<\/strong> \u00c7evrimi\u00e7i Frans\u0131zca kursu fiyatlar\u0131, se\u00e7ilen formata ba\u011fl\u0131 olarak de\u011fi\u015fir. Ki\u015fiselle\u015ftirme ve ki\u015fiselle\u015ftirmeye \u00f6ncelik verirseniz, seans ba\u015f\u0131na 30 ila 40 avro aras\u0131nda harcama yapmay\u0131 bekleyebilirsiniz. <i>FLE.RE&rsquo;de sunulan, deneyimli bir anadili \u0130ngilizce olan ki\u015fiyle 50 dakikal\u0131k seanslar. Bir\u00e7ok ki\u015fi kaliteli e\u011fitime yat\u0131r\u0131m yapman\u0131n pahal\u0131 oldu\u011funu d\u00fc\u015f\u00fcn\u00fcr, ancak ilerleme a\u00e7\u0131s\u0131ndan d\u00fc\u015f\u00fcnmek daha \u00f6nemlidir. \u00d6zel derslerde, \u00f6\u011fretmen i\u00e7eri\u011fi ihtiya\u00e7lar\u0131n\u0131za g\u00f6re uyarlad\u0131\u011f\u0131 i\u00e7in \u00e7ok daha h\u0131zl\u0131 ilerlersiniz. Genel dil okullar\u0131 genellikle CEFR seviyesini tamamlamak i\u00e7in b\u00fcy\u00fck gruplar halinde 120 ila 200 saatlik paketler satarken, motive edici bir ko\u00e7la yakla\u015f\u0131k altm\u0131\u015f hedefli ders yeterlidir. K\u00fc\u00e7\u00fck gruplarda, bir saatlik e\u011fitim i\u00e7in maliyet genellikle \u00f6\u011frenci ba\u015f\u0131na 20 ila 25 \u20ac civar\u0131ndad\u0131r. Bu, kaliteli e\u011fitim al\u0131rken maliyeti payla\u015fmak isteyenler i\u00e7in caziptir. Elbette, \u00e7evrimi\u00e7i kursunuza entegre at\u00f6lyeler veya geziler arac\u0131l\u0131\u011f\u0131yla tamamen kendinizi kapt\u0131rmak istiyorsan\u0131z, baz\u0131 kurulu\u015flar bunlar\u0131 ayr\u0131 \u00fccretlerle ek se\u00e7enekler olarak sunmaktad\u0131r. Bu nedenle \u00e7evrimi\u00e7i konu\u015fma dersleri almak, geleneksel y\u00fcz y\u00fcze e\u011fitimden genellikle daha ucuzdur; zamandan ve seyahat masraflar\u0131ndan tasarruf etmekten bahsetmeye bile gerek yok. Kar\u015f\u0131la\u015ft\u0131rma yapmay\u0131 sevenler i\u00e7in, FLE.RE gibi kaliteli \u00e7evrimi\u00e7i genel Frans\u0131zca platformlar\u0131 \u015funlar\u0131 sunar:<\/i> Bireysel \u00e7evrimi\u00e7i dersler: 50 dakikal\u0131k seans ba\u015f\u0131na 35 \u20ac\n<\/p>\n\n\n\n<p class=\"wp-block-paragraph\">\nK\u00fc\u00e7\u00fck grup dersleri: 50 dakikal\u0131k seans ba\u015f\u0131na 25 \u20ac <strong>\u0130stek \u00fczerine at\u00f6lye \u00e7al\u0131\u015fmalar\u0131 veya etkinlikler mevcuttur, fiyatlar de\u011fi\u015fiklik g\u00f6sterir<\/strong> Fiyatlar kurs format\u0131na ba\u011fl\u0131 olarak nas\u0131l de\u011fi\u015fir? <i>\u00c7evrimi\u00e7i Frans\u0131zca kursunuzu se\u00e7erken, fiyat fark\u0131 genellikle \u00f6\u011frenci say\u0131s\u0131ndan ve program\u0131n esnekli\u011finden kaynaklan\u0131r. Bireysel derslerde, ki\u015fiselle\u015ftirilmi\u015f ilgiden yararlan\u0131rs\u0131n\u0131z: \u00f6\u011fretmeniniz her dakikay\u0131 seviyenize, hedeflerinize ve program\u0131n\u0131za g\u00f6re ayarlar. Bunun bir bedeli vard\u0131r, \u00e7\u00fcnk\u00fc bireysel bir ders<\/i>Do\u011fal olarak bir grup kursundan daha pahal\u0131d\u0131r. Ancak, \u00f6zel ilgi daha h\u0131zl\u0131 ilerleme ve dolay\u0131s\u0131yla hedefinize ula\u015fmak i\u00e7in daha az seans anlam\u0131na gelir. Baz\u0131 \u00f6\u011frenciler t\u00fcm seviyeyi 60 seansta tamamlar; bu da herkesin daha yava\u015f \u00f6\u011frenenlerin h\u0131z\u0131nda ilerledi\u011fi b\u00fcy\u00fck bir gruptan \u00fc\u00e7 ila d\u00f6rt kat daha azd\u0131r. K\u00fc\u00e7\u00fck bir grupta (en fazla 2 veya 3 kat\u0131l\u0131mc\u0131), dinamik bir etkile\u015fimi payla\u015f\u0131rken deneyim olduk\u00e7a ki\u015fiselle\u015ftirilmi\u015f kal\u0131r. \u00dccret, grup \u00fcyeleri aras\u0131nda b\u00f6l\u00fcn\u00fcr ve bu da kaliteden \u00f6d\u00fcn vermeden daha uygun fiyatl\u0131 olmas\u0131n\u0131 sa\u011flar. Bir meslekta\u015f\u0131n\u0131zla, arkada\u015f\u0131n\u0131zla veya hatta benzer seviyedeki di\u011fer \u00f6\u011frencilerle \u00e7al\u0131\u015fmak ister misiniz? Ortak hedefleri olan ki\u015filerle ba\u011flant\u0131 kurman\u0131za yard\u0131mc\u0131 olabiliriz: platform, yeni ve homojen bir grup olu\u015fturmak i\u00e7in sizi bekleme listesine bile alabilir. Frans\u0131zcan\u0131z\u0131 geli\u015ftirmede samimi, motive edici ve maliyetleri d\u00fc\u015f\u00fck tutmada olduk\u00e7a etkilidir. <strong>Seviyeler ve kurs s\u00fcreleri aras\u0131nda fiyat farkl\u0131l\u0131klar\u0131 var m\u0131?<\/strong> \n<\/p>\n\n\n\n<figure class=\"wp-block-embed is-type-video is-provider-youtube wp-block-embed-youtube wp-embed-aspect-16-9 wp-has-aspect-ratio\"><div class=\"wp-block-embed__wrapper\">\n\u00c7evrimi\u00e7i bir Frans\u0131zca kursunun fiyat\u0131, se\u00e7ilen pakete (hafta veya saat say\u0131s\u0131) ve \u00f6\u011frenme yo\u011funlu\u011funa ba\u011fl\u0131 olarak da de\u011fi\u015fir. Esnek paketler, dersleri bireysel olarak rezerve etmenize olanak tan\u0131r: uzun vadeli bir taahh\u00fctte bulunmadan, seans ba\u015f\u0131na \u00f6deme yapars\u0131n\u0131z. Yo\u011fun bir program\u0131n\u0131z varsa ve kendi h\u0131z\u0131n\u0131zda ilerlemek istiyorsan\u0131z bu idealdir. Kaliteli okullar, yar\u0131 yo\u011fun veya yo\u011fun kurslar i\u00e7in genellikle birka\u00e7 haftaya yay\u0131lm\u0131\u015f kay\u0131tlara uygun indirimli fiyatlar sunar. \u00d6rne\u011fin, haftada 20 saatlik yo\u011fun bir paketin saat ba\u015f\u0131na maliyeti, bireysel olarak al\u0131nan tek bir dersten daha d\u00fc\u015f\u00fck olacakt\u0131r.\n<\/div><\/figure>\n\n\n\n<div id=\"ez-toc-container\" class=\"ez-toc-v2_0_82_2 ez-toc-wrap-center counter-hierarchy ez-toc-counter ez-toc-transparent ez-toc-container-direction\">\n<div class=\"ez-toc-title-container\">\n<p class=\"ez-toc-title\" style=\"cursor:inherit\">Sommaire<\/p>\n<span class=\"ez-toc-title-toggle\"><a href=\"#\" class=\"ez-toc-pull-right ez-toc-btn ez-toc-btn-xs ez-toc-btn-default ez-toc-toggle\" aria-label=\"Toggle Table of Content\"><span class=\"ez-toc-js-icon-con\"><span class=\"\"><span class=\"eztoc-hide\" style=\"display:none;\">Toggle<\/span><span class=\"ez-toc-icon-toggle-span\"><svg style=\"fill: #999;color:#999\" xmlns=\"http:\/\/www.w3.org\/2000\/svg\" class=\"list-377408\" width=\"20px\" height=\"20px\" viewBox=\"0 0 24 24\" fill=\"none\"><path d=\"M6 6H4v2h2V6zm14 0H8v2h12V6zM4 11h2v2H4v-2zm16 0H8v2h12v-2zM4 16h2v2H4v-2zm16 0H8v2h12v-2z\" fill=\"currentColor\"><\/path><\/svg><svg style=\"fill: #999;color:#999\" class=\"arrow-unsorted-368013\" xmlns=\"http:\/\/www.w3.org\/2000\/svg\" width=\"10px\" height=\"10px\" viewBox=\"0 0 24 24\" version=\"1.2\" baseProfile=\"tiny\"><path d=\"M18.2 9.3l-6.2-6.3-6.2 6.3c-.2.2-.3.4-.3.7s.1.5.3.7c.2.2.4.3.7.3h11c.3 0 .5-.1.7-.3.2-.2.3-.5.3-.7s-.1-.5-.3-.7zM5.8 14.7l6.2 6.3 6.2-6.3c.2-.2.3-.5.3-.7s-.1-.5-.3-.7c-.2-.2-.4-.3-.7-.3h-11c-.3 0-.5.1-.7.3-.2.2-.3.5-.3.7s.1.5.3.7z\"\/><\/svg><\/span><\/span><\/span><\/a><\/span><\/div>\n<nav><ul class='ez-toc-list ez-toc-list-level-1 eztoc-toggle-hide-by-default' ><li class='ez-toc-page-1 ez-toc-heading-level-2'><a class=\"ez-toc-link ez-toc-heading-1\" href=\"https:\/\/www.fle.re\/blog\/tr\/cevrimici-fransizca-kurslari-uygun-fiyatlar\/#Dikkat_edilmesi_gereken_bir_diger_nokta_Resmi_sinavlara_hazirlik_veya_belirli_mesleki_ihtiyaclar_konusunda_uzmanlasmis_bazi_ogretmenler_belirli_bir_fiyatlandirma_yapisi_uygular_Yetiskin_baslangic_%E2%80%8B%E2%80%8Bseviyesindeki_kurslar_son_derece_kisisellestirilmis_bir_egitim_arayisinda_olmadiginiz_surece_genellikle_diger_seviyelerdeki_kurslarla_aynidir_Belirli_aktiviteler_atolyeler_veya_dil_koclugu_eklediginizde_de_fiyatlar_ayarlanir_Merak_edenler_icin_ortalama_fiyatlara_bir_ornek\" >Dikkat edilmesi gereken bir di\u011fer nokta: Resmi s\u0131navlara haz\u0131rl\u0131k veya belirli mesleki ihtiya\u00e7lar konusunda uzmanla\u015fm\u0131\u015f baz\u0131 \u00f6\u011fretmenler, belirli bir fiyatland\u0131rma yap\u0131s\u0131 uygular. Yeti\u015fkin ba\u015flang\u0131\u00e7 \u200b\u200bseviyesindeki kurslar, son derece ki\u015fiselle\u015ftirilmi\u015f bir e\u011fitim aray\u0131\u015f\u0131nda olmad\u0131\u011f\u0131n\u0131z s\u00fcrece genellikle di\u011fer seviyelerdeki kurslarla ayn\u0131d\u0131r. Belirli aktiviteler, at\u00f6lyeler veya dil ko\u00e7lu\u011fu ekledi\u011finizde de fiyatlar ayarlan\u0131r. Merak edenler i\u00e7in, ortalama fiyatlara bir \u00f6rnek:<\/a><\/li><li class='ez-toc-page-1 ez-toc-heading-level-2'><a class=\"ez-toc-link ez-toc-heading-2\" href=\"https:\/\/www.fle.re\/blog\/tr\/cevrimici-fransizca-kurslari-uygun-fiyatlar\/#Gozden_kacirilmamasi_gereken_bir_diger_nokta_ise_pedagojik_destektir_Bireysel_veya_kucuk_grup_kocluguna_yatirim_yapan_kurumlar_kisisellestirilmis_geri_bildirim_duzenli_takip_ve_bazen_de_konusma_ozguveninizi_artirmak_icin_atolyeler_sunar_Son_olarak_yenilikci_platformlarda_kayit_materyaller_ve_basvuru_ucretleri_genellikle_ucretsizdir_yalnizca_kullandiginiz_kadar_odersiniz_Kisacasi_cevrimici_bir_Fransizca_kursunun_maliyeti\" >G\u00f6zden ka\u00e7\u0131r\u0131lmamas\u0131 gereken bir di\u011fer nokta ise pedagojik destektir. Bireysel veya k\u00fc\u00e7\u00fck grup ko\u00e7lu\u011funa yat\u0131r\u0131m yapan kurumlar, ki\u015fiselle\u015ftirilmi\u015f geri bildirim, d\u00fczenli takip ve bazen de konu\u015fma \u00f6zg\u00fcveninizi art\u0131rmak i\u00e7in at\u00f6lyeler sunar. Son olarak, yenilik\u00e7i platformlarda kay\u0131t, materyaller ve ba\u015fvuru \u00fccretleri genellikle \u00fccretsizdir; yaln\u0131zca kulland\u0131\u011f\u0131n\u0131z kadar \u00f6dersiniz. K\u0131sacas\u0131, \u00e7evrimi\u00e7i bir Frans\u0131zca kursunun maliyeti<\/a><\/li><li class='ez-toc-page-1 ez-toc-heading-level-2'><a class=\"ez-toc-link ez-toc-heading-3\" href=\"https:\/\/www.fle.re\/blog\/tr\/cevrimici-fransizca-kurslari-uygun-fiyatlar\/#esnek_bir_teklif\" >esnek bir teklif<\/a><\/li><li class='ez-toc-page-1 ez-toc-heading-level-2'><a class=\"ez-toc-link ez-toc-heading-4\" href=\"https:\/\/www.fle.re\/blog\/tr\/cevrimici-fransizca-kurslari-uygun-fiyatlar\/#Fiyatlara_ogrenme_materyalleri_dahil_mi\" >Fiyatlara \u00f6\u011frenme materyalleri dahil mi?<\/a><\/li><\/ul><\/nav><\/div>\n<h2 class=\"wp-block-heading\"><span class=\"ez-toc-section\" id=\"Dikkat_edilmesi_gereken_bir_diger_nokta_Resmi_sinavlara_hazirlik_veya_belirli_mesleki_ihtiyaclar_konusunda_uzmanlasmis_bazi_ogretmenler_belirli_bir_fiyatlandirma_yapisi_uygular_Yetiskin_baslangic_%E2%80%8B%E2%80%8Bseviyesindeki_kurslar_son_derece_kisisellestirilmis_bir_egitim_arayisinda_olmadiginiz_surece_genellikle_diger_seviyelerdeki_kurslarla_aynidir_Belirli_aktiviteler_atolyeler_veya_dil_koclugu_eklediginizde_de_fiyatlar_ayarlanir_Merak_edenler_icin_ortalama_fiyatlara_bir_ornek\"><\/span>Dikkat edilmesi gereken bir di\u011fer nokta: Resmi s\u0131navlara haz\u0131rl\u0131k veya belirli mesleki ihtiya\u00e7lar konusunda uzmanla\u015fm\u0131\u015f baz\u0131 \u00f6\u011fretmenler, belirli bir fiyatland\u0131rma yap\u0131s\u0131 uygular. Yeti\u015fkin ba\u015flang\u0131\u00e7 \u200b\u200bseviyesindeki kurslar, son derece ki\u015fiselle\u015ftirilmi\u015f bir e\u011fitim aray\u0131\u015f\u0131nda olmad\u0131\u011f\u0131n\u0131z s\u00fcrece genellikle di\u011fer seviyelerdeki kurslarla ayn\u0131d\u0131r. Belirli aktiviteler, at\u00f6lyeler veya dil ko\u00e7lu\u011fu ekledi\u011finizde de fiyatlar ayarlan\u0131r. Merak edenler i\u00e7in, ortalama fiyatlara bir \u00f6rnek:<span class=\"ez-toc-section-end\"><\/span><\/h2>\n\n\n\n<p class=\"wp-block-paragraph\">\nKurs T\u00fcr\u00fc <strong>Saat\/Hafta<\/strong> Haftal\u0131k Fiyat <strong>Esnek Bireysel Kurs<\/strong> 1\n<\/p>\n\n\n\n<p class=\"wp-block-paragraph\">\n35 \u20ac <strong>Yar\u0131 Yo\u011fun Grup Kursu (maks. 3 ki\u015fi)<\/strong> 15 <i>375 \u20ac<\/i> Yo\u011fun Grup Kursu (maks. 3 ki\u015fi)\n<\/p>\n\n\n\n<p class=\"wp-block-paragraph\">\n20\n<\/p>\n\n\n\n<ul class=\"wp-block-list\">\n<li><strong>500 \u20ac<\/strong><\/li>\n\n\n\n<li><strong>Kurslar\u0131m\u0131 finanse etmek i\u00e7in hangi \u00f6deme se\u00e7enekleri mevcut?<\/strong><\/li>\n\n\n\n<li><strong>\u00c7evrimi\u00e7i Frans\u0131zca kursu fiyatlar\u0131ndan bahsederken, ayn\u0131 zamanda uzun vadeli b\u00fct\u00e7eyi ve rahat bir \u015fekilde nas\u0131l \u00f6deme yapaca\u011f\u0131n\u0131z\u0131 da g\u00f6z \u00f6n\u00fcnde bulundurman\u0131z gerekir. \u00c7o\u011fu sayg\u0131n platformda esneklik \u00e7ok \u00f6nemlidir. Genellikle yerinizi ay\u0131rtmak i\u00e7in bir depozito (%30) ile ba\u015flayabilir, kalan\u0131n\u0131 taksitler halinde \u00f6deyebilirsiniz. Fle.re&rsquo;de, baz\u0131 okullarda oldu\u011fu gibi, b\u00fcy\u00fck bankalarla yap\u0131lan ortakl\u0131klar sayesinde %0 faizli \u00f6deme se\u00e7enekleri mevcuttur. Bu, uzun veya yo\u011fun bir programa kaydolmay\u0131 planl\u0131yorsan\u0131z finansal y\u00fck\u00fcn\u00fcz\u00fc hafifletir.<\/strong><\/li>\n<\/ul>\n\n\n\n<h2 class=\"wp-block-heading\"><\/h2>\n\n\n\n<p class=\"wp-block-paragraph\">\nBanka havalesi (h\u0131zl\u0131 ve g\u00fcvenli, uzaktan her zaman m\u00fcmk\u00fcn) <strong>Kredi kart\u0131 (gizli \u00fccret yok, an\u0131nda ve g\u00fcvenli \u00f6deme)<\/strong>Nakit \u00f6deme (\u00e7o\u011funlukla y\u00fcz y\u00fcze veya merkez tabanl\u0131 kurslar i\u00e7in ayr\u0131lm\u0131\u015f olsa da, dijital \u00e7a\u011fda giderek daha az yayg\u0131nla\u015fmaktad\u0131r) <strong>Taksitli \u00f6deme (baz\u0131 sa\u011flay\u0131c\u0131larda 3, 6 veya 9 ayl\u0131k ayl\u0131k \u00f6demeler)<\/strong> Esneklik zamana da yans\u0131yor: Platformlar, gereksiz yere ders \u00fccreti \u00f6dememek i\u00e7in saat 15:00&rsquo;ten \u00f6nce bildirmeniz ko\u015fuluyla, dersten bir g\u00fcn \u00f6ncesine kadar derslerinizi \u00fccretsiz olarak iptal etmenize veya yeniden planlaman\u0131za olanak tan\u0131yor. Genellikle, program\u0131n\u0131z\u0131 d\u00fczenlemek i\u00e7in aray\u00fcz \u00fczerinden basit bir arama veya mesaj yeterli oluyor; ders program\u0131n\u0131z son dakikada de\u011fi\u015fti\u011finde \u00e7ok kullan\u0131\u015fl\u0131. <i>G\u00f6sterilen fiyat\u0131 hangi hizmetler veya bonuslar etkileyebilir?<\/i> Kaliteli bir \u00e7evrimi\u00e7i Frans\u0131zca kursunun as\u0131l avantaj\u0131: Ba\u011flant\u0131l\u0131 ara\u00e7lar ve modern kaynaklarla zenginle\u015ftirilmi\u015f ki\u015fiselle\u015ftirilmi\u015f bir deneyim. fle.re&rsquo;de, etkile\u015fimli beyaz tahta, HD ses\/g\u00f6r\u00fcnt\u00fc ve belgeleri canl\u0131 olarak payla\u015fma veya not ekleme olana\u011f\u0131yla ultra sezgisel bir sanal s\u0131n\u0131ftan yararlan\u0131rs\u0131n\u0131z; dil bilgisi \u00e7al\u0131\u015f\u0131rken veya g\u00fcnl\u00fck konular\u0131 tart\u0131\u015f\u0131rken bu b\u00fcy\u00fck fark yarat\u0131r! Ayr\u0131ca, ilerlemenizi ger\u00e7ekten h\u0131zland\u0131ran, tek bir t\u0131klamayla geli\u015fen \u00f6\u011frenme materyallerine eri\u015febilirsiniz. \u00c7evrimi\u00e7i kurslar, al\u0131\u015ft\u0131rmalar\u0131 ki\u015fiselle\u015ftirmek i\u00e7in dil \u00f6\u011frenimine uygulanan yapay zeka veya yeni ba\u015flayanlar i\u00e7in her an eri\u015filebilen Frans\u0131zca dil bilgisi mod\u00fclleri gibi yeniliklere giderek daha fazla g\u00fcveniyor (\u00f6rnek burada).\n<\/p>\n\n\n\n<p class=\"wp-block-paragraph\">\n\n<\/p>\n\n\n\n<h2 class=\"wp-block-heading\"><span class=\"ez-toc-section\" id=\"Gozden_kacirilmamasi_gereken_bir_diger_nokta_ise_pedagojik_destektir_Bireysel_veya_kucuk_grup_kocluguna_yatirim_yapan_kurumlar_kisisellestirilmis_geri_bildirim_duzenli_takip_ve_bazen_de_konusma_ozguveninizi_artirmak_icin_atolyeler_sunar_Son_olarak_yenilikci_platformlarda_kayit_materyaller_ve_basvuru_ucretleri_genellikle_ucretsizdir_yalnizca_kullandiginiz_kadar_odersiniz_Kisacasi_cevrimici_bir_Fransizca_kursunun_maliyeti\"><\/span>G\u00f6zden ka\u00e7\u0131r\u0131lmamas\u0131 gereken bir di\u011fer nokta ise pedagojik destektir. Bireysel veya k\u00fc\u00e7\u00fck grup ko\u00e7lu\u011funa yat\u0131r\u0131m yapan kurumlar, ki\u015fiselle\u015ftirilmi\u015f geri bildirim, d\u00fczenli takip ve bazen de konu\u015fma \u00f6zg\u00fcveninizi art\u0131rmak i\u00e7in at\u00f6lyeler sunar. Son olarak, yenilik\u00e7i platformlarda kay\u0131t, materyaller ve ba\u015fvuru \u00fccretleri genellikle \u00fccretsizdir; yaln\u0131zca kulland\u0131\u011f\u0131n\u0131z kadar \u00f6dersiniz. K\u0131sacas\u0131, \u00e7evrimi\u00e7i bir Frans\u0131zca kursunun maliyeti<span class=\"ez-toc-section-end\"><\/span><\/h2>\n\n\n\n<p class=\"wp-block-paragraph\">\n\u00d6\u011fretmenle ge\u00e7irilen zamandan \u00e7ok daha fazlas\u0131n\u0131 i\u00e7erir: \u0130ster yeni ba\u015flayan ister ileri d\u00fczeyde olun, \u00f6\u011frenmenizi motive edici, h\u0131zl\u0131 ve etkili hale getirecek teknolojiyi, \u00f6zel kaynaklar\u0131 ve esnekli\u011fi kapsar. <strong><\/strong> Sonu\u00e7\n<\/p>\n\n\n\n<p class=\"wp-block-paragraph\">\n\u0130htiya\u00e7lar\u0131n\u0131za g\u00f6re uyarlanm\u0131\u015f \u00e7evrimi\u00e7i Frans\u0131zca kurslar\u0131 se\u00e7mek, \u00f6zellikle ki\u015fiselle\u015ftirilmi\u015f formatlarda veya k\u00fc\u00e7\u00fck gruplar halinde daha etkili \u00f6\u011frenmenizi sa\u011flar. Fiyatlar, yo\u011funlu\u011fa, s\u00fcreye ve ki\u015fiselle\u015ftirmeye ba\u011fl\u0131 olarak de\u011fi\u015fir ve esnek kurslar i\u00e7in genellikle seans ba\u015f\u0131na 25 ila 35 \u20ac aras\u0131ndad\u0131r. H\u0131z ve esnekli\u011fe \u00f6ncelik veriyorsan\u0131z, \u00f6zel derslere yat\u0131r\u0131m yapmak uzun vadede hem zamandan hem de paradan tasarruf etmenizi sa\u011flayabilir.\n<\/p>\n\n\n\n<figure class=\"wp-block-table\"><table>\n<tr>\n<th>\u00d6te yandan, k\u00fc\u00e7\u00fck grup se\u00e7enekleri y\u00fcksek kaliteli e\u011fitim deste\u011fi sa\u011flarken daha cazip fiyatlar sunar. %0 ayl\u0131k \u00f6deme se\u00e7enekleri b\u00fct\u00e7elemeyi kolayla\u015ft\u0131r\u0131r ve bu ger\u00e7ekten g\u00fcven vericidir. Ba\u015flamadan \u00f6nce, size uygun kursu se\u00e7mek i\u00e7in \u00fccretsiz seviye tespit s\u0131nav\u0131ndan yararlanabilirsiniz:<\/th>\n<th>S\u0131nav\u0131 buradan ke\u015ffedin<\/th>\n<th><\/th>\n<\/tr>\n<tr>\n<td>Bir deneme dersi talep etmeyi d\u00fc\u015f\u00fcn\u00fcn; bu, yakla\u015f\u0131m\u0131n size uygun olup olmad\u0131\u011f\u0131n\u0131 kolayca g\u00f6rmenizi sa\u011flar. \u00c7evrimi\u00e7i Frans\u0131zca kursunun ortalama fiyatlar\u0131 nelerdir?<\/td>\n<td>\u00c7evrimi\u00e7i Frans\u0131zca kursu fiyatlar\u0131<\/td>\n<td>Fiyatlar, istenen formata ve kaliteye g\u00f6re de\u011fi\u015fiklik g\u00f6sterir. Video konferans yoluyla \u00f6zel dersler i\u00e7in fiyat, 50 dakikal\u0131k seans ba\u015f\u0131na yakla\u015f\u0131k 35 \u20ac&rsquo;dur. K\u00fc\u00e7\u00fck gruplarda (maksimum 3 kat\u0131l\u0131mc\u0131), fiyat genellikle bir saatlik seans ba\u015f\u0131na 25 \u20ac&rsquo;ya d\u00fc\u015fer. Haftada 15 ila 20 saati kapsayan yo\u011fun programlar, yo\u011funluk seviyesine ve \u00f6zelle\u015ftirmeye ba\u011fl\u0131 olarak 375 \u20ac ila 700 \u20ac aras\u0131nda de\u011fi\u015febilir. Ayr\u0131ca, baz\u0131 kurulu\u015flar\u0131n birka\u00e7 saatlik rezervasyonlar i\u00e7in indirimli fiyatlar sundu\u011funu unutmay\u0131n. A\u00e7\u0131k ve \u015feffaf fiyatland\u0131rmaya sahip okullarda genellikle ek kay\u0131t \u00fccreti yoktur. Bu nedenle yat\u0131r\u0131m, ihtiya\u00e7lar\u0131n\u0131za, se\u00e7ti\u011finiz h\u0131za ve formata (bireysel veya grup) ba\u011fl\u0131d\u0131r.<\/td>\n<\/tr>\n<tr>\n<td>B\u00fct\u00e7eme en uygun program\u0131 nas\u0131l se\u00e7erim?<\/td>\n<td>B\u00fct\u00e7enizi optimize etmek i\u00e7in \u00f6nce formatlar\u0131 kar\u015f\u0131la\u015ft\u0131r\u0131n:<\/td>\n<td>ki\u015fiselle\u015ftirilmi\u015f \u00f6\u011frenme i\u00e7in<\/td>\n<\/tr>\n<tr>\n<td>bireysel dersler,<\/td>\n<td>daha uygun bir fiyat i\u00e7in<\/td>\n<td>grup dersleri. Program\u0131n\u0131z de\u011fi\u015fkense<\/td>\n<\/tr>\n<\/table><\/figure>\n\n\n\n<h2 class=\"wp-block-heading\"><span class=\"ez-toc-section\" id=\"esnek_bir_teklif\"><\/span>esnek bir teklif<span class=\"ez-toc-section-end\"><\/span><\/h2>\n\n\n\n<p class=\"wp-block-paragraph\">\nveya h\u0131zl\u0131 ilerlemek istiyorsan\u0131z yo\u011fun bir paket se\u00e7in. Sunulan oturumlar\u0131n s\u00fcresini, yeniden planlama veya iptal etme olas\u0131l\u0131\u011f\u0131n\u0131 ve \u00f6\u011frenme materyallerinin dahil edilip edilmedi\u011fini g\u00f6z \u00f6n\u00fcnde bulundurun. Son olarak, \u00f6deme se\u00e7eneklerini inceleyin: taksitli \u00f6demeler, faizsiz teklifler veya ara s\u0131ra yap\u0131lan promosyonlar maliyeti d\u00fc\u015f\u00fcrebilir. Fiyat ve kalite aras\u0131nda iyi bir denge, zaman i\u00e7inde ilerlemenizi ger\u00e7ekten h\u0131zland\u0131r\u0131r. <strong>Kurslar i\u00e7in taksitli \u00f6deme se\u00e7enekleri var m\u0131?<\/strong>\n<\/p>\n\n\n\n<ul class=\"wp-block-list\">\n<li>Evet, bir\u00e7ok platform taksitli \u00f6deme se\u00e7ene\u011fi sunuyor.<\/li>\n\n\n\n<li>\u00d6demenizi 3, 6 veya 9 ayl\u0131k taksitler halinde yapabilirsiniz; i\u015flem onayl\u0131 bir bankac\u0131l\u0131k orta\u011f\u0131 arac\u0131l\u0131\u011f\u0131yla ger\u00e7ekle\u015ftirilirse genellikle %0 faiz oran\u0131 uygulan\u0131r. Bu se\u00e7enek, daha uzun s\u00fcreli kurslara veya kapsaml\u0131 paketlere eri\u015fimi kolayla\u015ft\u0131r\u0131r. Baz\u0131 okullar, ek \u00fccret \u00f6demeden banka havalesi, kredi kart\u0131 veya nakit \u00f6demeleri de kabul eder. Kay\u0131t yapt\u0131rmadan \u00f6nce kay\u0131t prosed\u00fcr\u00fcn\u00fc kontrol edin: Yerinizi ay\u0131rtmak i\u00e7in genellikle %30 depozito gereklidir. Bu, esneklikten \u00f6d\u00fcn vermeden kaliteli \u00f6\u011frenme programlar\u0131na finansal olarak eri\u015filebilirlik sa\u011flar.<\/li>\n\n\n\n<li>Grup dersi, \u00f6zel dersten daha m\u0131 ekonomiktir?<\/li>\n\n\n\n<li><\/li>\n<\/ul>\n\n\n\n<p class=\"wp-block-paragraph\">\nGrup dersi genellikle \u00f6zel dersten daha ucuzdur: \u00f6rne\u011fin, k\u00fc\u00e7\u00fck bir grupta bir saatlik dersin \u00fccreti yakla\u015f\u0131k 25 \u20ac iken, bireysel bir dersin \u00fccreti yakla\u015f\u0131k 35 \u20ac&rsquo;dur. Grup derslerinde, belirli bir seviyeye ula\u015fmak i\u00e7in gereken saat say\u0131s\u0131 daha y\u00fcksektir (genellikle bireysel derslerde 60 saate k\u0131yasla 180-220 ders), bu nedenle ilerleme daha yava\u015f olabilir. Uzun vadede, h\u0131zl\u0131 ilerlemek istiyorsan\u0131z veya \u00e7ok \u00f6zel ihtiya\u00e7lar\u0131n\u0131z varsa, \u00f6zel dersler bazen daha uygun maliyetli olabilir. Sonu\u00e7 olarak, se\u00e7im hedeflerinize ve \u00f6\u011frenme h\u0131z\u0131n\u0131za ba\u011fl\u0131d\u0131r.\n<\/p>\n\n\n\n<h2 class=\"wp-block-heading\"><span class=\"ez-toc-section\" id=\"Fiyatlara_ogrenme_materyalleri_dahil_mi\"><\/span>Fiyatlara \u00f6\u011frenme materyalleri dahil mi?<span class=\"ez-toc-section-end\"><\/span><\/h2>\n\n\n\n<p class=\"wp-block-paragraph\">\n <strong>Genellikle,<\/strong> <a href=\"https:\/\/www.fle.re\/blog\/intelligence-artificielle-francais\/\">\u00e7evrimi\u00e7i Frans\u0131zca kurslar\u0131n\u0131n fiyat\u0131na<\/a> temel \u00f6\u011frenme materyalleri, \u00f6zellikle de platform \u00fczerinden eri\u015filebilen dijital ders materyalleri dahildir. Kay\u0131t veya temel kaynaklara eri\u015fim i\u00e7in ek \u00fccret al\u0131nmaz. Ancak, belirli etkinlikler veya ek materyaller (k\u00fclt\u00fcrel at\u00f6lyeler veya geziler) i\u00e7in ek \u00fccret al\u0131nabilir ve bunlar her zaman fiyat tekliflerinde a\u00e7\u0131k\u00e7a belirtilir. Frans\u0131zca sesli dikte gibi ek etkinliklerin se\u00e7ilen pakete dahil olup olmad\u0131\u011f\u0131n\u0131 veya \u00fccretli bir se\u00e7enek olarak sunulup sunulmad\u0131\u011f\u0131n\u0131 kontrol etmeyi unutmay\u0131n.<a href=\"https:\/\/www.fle.re\/blog\/grammaire-francaise-debutants\/\"><\/a>Kaynaklar\n<\/p>\n\n\n\n<p class=\"wp-block-paragraph\">\nAvrupa Konseyi. \u00ab\u00a0Diller i\u00e7in Ortak Avrupa Referans \u00c7er\u00e7evesi (CEFR)\u00a0\u00bb. Avrupa Konseyi, tarihsiz. Eri\u015fim tarihi: 18 Haziran 2024. <i><\/i> Ayr\u0131ca bkz.: France \u00c9ducation international. \u00ab\u00a0Frans\u0131zca \u00d6\u011frenmek\u00a0\u00bb. France \u00c9ducation international, 19 \u015eubat 2024. Eri\u015fim tarihi: 18 Haziran 2024.\n<\/p>\n\n\n\n<h2 class=\"wp-block-heading\"><\/h2>\n\n\n\n<p class=\"wp-block-paragraph\">\nAyr\u0131ca bkz.: Milli E\u011fitim ve Gen\u00e7lik Bakanl\u0131\u011f\u0131. \u00ab\u00a0Modern Yabanc\u0131 Dilleri \u00d6\u011frenmek\u00a0\u00bb. Education.gouv.fr, 19 Eyl\u00fcl 2023. Eri\u015fim tarihi: 18 Haziran 2024. <strong><\/strong> Ayr\u0131ca bkz.: <strong><\/strong> \n<\/p>\n\n\n\n<p class=\"wp-block-paragraph\">\n <strong><\/strong>  <strong><\/strong>  <a href=\"https:\/\/www.fle.re\/blog\/test-niveau-francais-gratuit\/\" target=\"_blank\"><\/a>\n<\/p>\n\n\n\n<p class=\"wp-block-paragraph\"><section class=\"faq\">\n<div>\n<h2><\/h2>\n<div>\n<p><strong><\/strong> <\/p>\n<\/div>\n<\/div>\n<div>\n<h2><\/h2>\n<div>\n<p> <strong><\/strong>  <strong><\/strong>  <strong><\/strong> <\/p>\n<\/div>\n<\/div>\n<div>\n<h2><\/h2>\n<div>\n<p> <strong><\/strong> <\/p>\n<\/div>\n<\/div>\n<div>\n<h2><\/h2>\n<div>\n<p><strong><\/strong> <\/p>\n<\/div>\n<\/div>\n<div>\n<h2><\/h2>\n<div>\n<p> <strong><\/strong>  <a href=\"https:\/\/www.fle.re\/blog\/dictees-audio-francaises\/\"><\/a><\/p>\n<\/div>\n<\/div>\n<\/section><\/p>\n\n\n\n<h2 class=\"wp-block-heading\"><\/h2>\n\n\n\n<ol class=\"wp-block-list\">\n<li> <a href=\"https:\/\/www.coe.int\/fr\/web\/common-european-framework-reference-languages\/\" rel=\"nofollow noopener noreferrer\" target=\"_blank\"><\/a><\/li>\n\n\n\n<li> <a href=\"https:\/\/www.france-education-international.fr\/article\/apprendre-le-francais\" rel=\"nofollow noopener noreferrer\" target=\"_blank\"><\/a><\/li>\n\n\n\n<li> <a href=\"https:\/\/www.education.gouv.fr\/l-apprentissage-des-langues-vivantes-etrangeres-11486\" rel=\"nofollow noopener noreferrer\" target=\"_blank\"><\/a><\/li>\n<\/ol>\n\n","protected":false},"excerpt":{"rendered":"<p>Do\u011fru \u00e7evrimi\u00e7i Frans\u0131zca kursunu bulmak g\u00f6r\u00fcnd\u00fc\u011f\u00fc kadar karma\u015f\u0131k de\u011fil. \u00c7ok \u00e7e\u015fitli se\u00e7enekler mevcut ve fiyatlar, \u00f6zel ders veya k\u00fc\u00e7\u00fck gruplar [&hellip;]<\/p>\n","protected":false},"author":2,"featured_media":355,"comment_status":"open","ping_status":"open","sticky":false,"template":"","format":"standard","meta":{"_crdt_document":"","site-sidebar-layout":"default","site-content-layout":"","ast-site-content-layout":"default","site-content-style":"default","site-sidebar-style":"default","ast-global-header-display":"","ast-banner-title-visibility":"","ast-main-header-display":"","ast-hfb-above-header-display":"","ast-hfb-below-header-display":"","ast-hfb-mobile-header-display":"","site-post-title":"","ast-breadcrumbs-content":"","ast-featured-img":"","footer-sml-layout":"","ast-disable-related-posts":"","theme-transparent-header-meta":"","adv-header-id-meta":"","stick-header-meta":"","header-above-stick-meta":"","header-main-stick-meta":"","header-below-stick-meta":"","astra-migrate-meta-layouts":"default","ast-page-background-enabled":"default","ast-page-background-meta":{"desktop":{"background-color":"var(--ast-global-color-5)","background-image":"","background-repeat":"repeat","background-position":"center center","background-size":"auto","background-attachment":"scroll","background-type":"","background-media":"","overlay-type":"","overlay-color":"","overlay-opacity":"","overlay-gradient":""},"tablet":{"background-color":"","background-image":"","background-repeat":"repeat","background-position":"center center","background-size":"auto","background-attachment":"scroll","background-type":"","background-media":"","overlay-type":"","overlay-color":"","overlay-opacity":"","overlay-gradient":""},"mobile":{"background-color":"","background-image":"","background-repeat":"repeat","background-position":"center center","background-size":"auto","background-attachment":"scroll","background-type":"","background-media":"","overlay-type":"","overlay-color":"","overlay-opacity":"","overlay-gradient":""}},"ast-content-background-meta":{"desktop":{"background-color":"var(--ast-global-color-4)","background-image":"","background-repeat":"repeat","background-position":"center center","background-size":"auto","background-attachment":"scroll","background-type":"","background-media":"","overlay-type":"","overlay-color":"","overlay-opacity":"","overlay-gradient":""},"tablet":{"background-color":"var(--ast-global-color-4)","background-image":"","background-repeat":"repeat","background-position":"center center","background-size":"auto","background-attachment":"scroll","background-type":"","background-media":"","overlay-type":"","overlay-color":"","overlay-opacity":"","overlay-gradient":""},"mobile":{"background-color":"var(--ast-global-color-4)","background-image":"","background-repeat":"repeat","background-position":"center center","background-size":"auto","background-attachment":"scroll","background-type":"","background-media":"","overlay-type":"","overlay-color":"","overlay-opacity":"","overlay-gradient":""}},"footnotes":""},"categories":[708],"tags":[978,984,981,987,975],"class_list":["post-896","post","type-post","status-publish","format-standard","has-post-thumbnail","hentry","category-non-classe-tr","tag-cevrimici-fransizca-kurslari-tr","tag-cevrimici-fransizca-kursu-fiyatlari-tr","tag-fransizca-kursu-fiyati-tr","tag-fransizca-kursu-fiyatlari-tr","tag-fransizcayi-cevrimici-ogrenin-tr"],"_links":{"self":[{"href":"https:\/\/www.fle.re\/blog\/wp-json\/wp\/v2\/posts\/896","targetHints":{"allow":["GET"]}}],"collection":[{"href":"https:\/\/www.fle.re\/blog\/wp-json\/wp\/v2\/posts"}],"about":[{"href":"https:\/\/www.fle.re\/blog\/wp-json\/wp\/v2\/types\/post"}],"author":[{"embeddable":true,"href":"https:\/\/www.fle.re\/blog\/wp-json\/wp\/v2\/users\/2"}],"replies":[{"embeddable":true,"href":"https:\/\/www.fle.re\/blog\/wp-json\/wp\/v2\/comments?post=896"}],"version-history":[{"count":1,"href":"https:\/\/www.fle.re\/blog\/wp-json\/wp\/v2\/posts\/896\/revisions"}],"predecessor-version":[{"id":897,"href":"https:\/\/www.fle.re\/blog\/wp-json\/wp\/v2\/posts\/896\/revisions\/897"}],"wp:featuredmedia":[{"embeddable":true,"href":"https:\/\/www.fle.re\/blog\/wp-json\/wp\/v2\/media\/355"}],"wp:attachment":[{"href":"https:\/\/www.fle.re\/blog\/wp-json\/wp\/v2\/media?parent=896"}],"wp:term":[{"taxonomy":"category","embeddable":true,"href":"https:\/\/www.fle.re\/blog\/wp-json\/wp\/v2\/categories?post=896"},{"taxonomy":"post_tag","embeddable":true,"href":"https:\/\/www.fle.re\/blog\/wp-json\/wp\/v2\/tags?post=896"}],"curies":[{"name":"wp","href":"https:\/\/api.w.org\/{rel}","templated":true}]}}